{"id":10411,"date":"2026-03-14T13:33:43","date_gmt":"2026-03-14T16:33:43","guid":{"rendered":"https:\/\/sudoesteacontece.com.br\/?p=10411"},"modified":"2026-03-14T13:33:48","modified_gmt":"2026-03-14T16:33:48","slug":"policial-civil-aposentado-e-morto-a-tiros-durante-assalto-em-santo-estevao","status":"publish","type":"post","link":"https:\/\/sudoesteacontece.com.br\/?p=10411","title":{"rendered":"Policial civil aposentado \u00e9 morto a tiros durante assalto em Santo Est\u00eav\u00e3o"},"content":{"rendered":"<div class=\"wp-block-image\">\n<figure class=\"aligncenter size-full\"><img fetchpriority=\"high\" decoding=\"async\" width=\"900\" height=\"600\" src=\"http:\/\/sudoesteacontece.com.br\/wp-content\/uploads\/2026\/03\/Policial-civil-aposentado-e-morto-a-tiros-durante-assalto-em-Santo-Estevao.jpg\" alt=\"\" class=\"wp-image-10447\" srcset=\"https:\/\/sudoesteacontece.com.br\/wp-content\/uploads\/2026\/03\/Policial-civil-aposentado-e-morto-a-tiros-durante-assalto-em-Santo-Estevao.jpg 900w, https:\/\/sudoesteacontece.com.br\/wp-content\/uploads\/2026\/03\/Policial-civil-aposentado-e-morto-a-tiros-durante-assalto-em-Santo-Estevao-300x200.jpg 300w, https:\/\/sudoesteacontece.com.br\/wp-content\/uploads\/2026\/03\/Policial-civil-aposentado-e-morto-a-tiros-durante-assalto-em-Santo-Estevao-768x512.jpg 768w\" sizes=\"(max-width: 900px) 100vw, 900px\" \/><\/figure>\n<\/div>\n\n\n<p>Viol\u00eancia marcou a manh\u00e3 desta sexta-feira (13) na zona rural de Santo Est\u00eav\u00e3o. O policial civil aposentado Antenor dos Santos Evangelista, de 72 anos, foi morto a tiros durante um assalto na Fazenda V\u00e1rzea Nova, por volta das 7h30, na regi\u00e3o conhecida como \u201cdepois dos Teixeira\u201d, pr\u00f3xima a um parque de vaquejada.<\/p>\n\n\n\n<p>Segundo informa\u00e7\u00f5es iniciais das for\u00e7as de seguran\u00e7a, dois homens em uma motocicleta realizavam assaltos na \u00e1rea e haviam acabado de roubar duas mulheres nas proximidades. Durante a a\u00e7\u00e3o, efetuaram disparos contra Antenor, que estava dentro de um ve\u00edculo, levando-o \u00e0 morte antes da chegada de socorro m\u00e9dico.<\/p>\n\n\n\n<p>Pol\u00edcia Civil e Pol\u00edcia Militar iniciaram dilig\u00eancias imediatas para localizar a dupla de suspeitos, que fugiu ap\u00f3s os disparos. As equipes realizam buscas na regi\u00e3o, mas at\u00e9 o momento ningu\u00e9m foi preso.<\/p>\n\n\n\n<p>Corpo da v\u00edtima foi encaminhado ao Departamento de Pol\u00edcia T\u00e9cnica (DPT) da Bahia para per\u00edcia e procedimentos legais. Autoridades refor\u00e7am a import\u00e2ncia de den\u00fancias e colabora\u00e7\u00e3o da popula\u00e7\u00e3o para auxiliar na captura dos criminosos.<\/p>\n\n\n\n<p>Caso chamou aten\u00e7\u00e3o na cidade, que possui hist\u00f3rico de pequenos crimes rurais, mas raramente registra assassinatos de policiais aposentados. Investiga\u00e7\u00f5es seguem em andamento, com objetivo de identificar e responsabilizar os autores do crime.<\/p>\n","protected":false},"excerpt":{"rendered":"<p>Viol\u00eancia marcou a manh\u00e3 desta sexta-feira (13) na zona rural de Santo Est\u00eav\u00e3o. O policial civil aposentado Antenor dos Santos Evangelista, de 72 anos, foi morto a tiros durante um assalto na Fazenda V\u00e1rzea Nova, por volta das 7h30, na regi\u00e3o conhecida como \u201cdepois dos Teixeira\u201d, pr\u00f3xima a um parque de vaquejada. Segundo informa\u00e7\u00f5es iniciais das for\u00e7as de seguran\u00e7a, dois homens em uma motocicleta realizavam assaltos na \u00e1rea e haviam acabado de roubar duas mulheres nas proximidades. Durante a a\u00e7\u00e3o, efetuaram disparos contra Antenor, que estava dentro de um ve\u00edculo, levando-o \u00e0 morte antes da chegada de socorro m\u00e9dico. Pol\u00edcia Civil e Pol\u00edcia Militar iniciaram dilig\u00eancias imediatas para localizar a dupla de suspeitos, que fugiu ap\u00f3s os disparos. As equipes realizam buscas na regi\u00e3o, mas at\u00e9 o momento ningu\u00e9m foi preso. Corpo da v\u00edtima foi encaminhado ao Departamento de Pol\u00edcia T\u00e9cnica (DPT) da Bahia para per\u00edcia e procedimentos legais. Autoridades refor\u00e7am a import\u00e2ncia de den\u00fancias e colabora\u00e7\u00e3o da popula\u00e7\u00e3o para auxiliar na captura dos criminosos. Caso chamou aten\u00e7\u00e3o na cidade, que possui hist\u00f3rico de pequenos crimes rurais, mas raramente registra assassinatos de policiais aposentados. Investiga\u00e7\u00f5es seguem em andamento, com objetivo de identificar e responsabilizar os autores do crime.<\/p>\n","protected":false},"author":2,"featured_media":0,"comment_status":"open","ping_status":"open","sticky":false,"template":"","format":"standard","meta":{"footnotes":""},"categories":[7,3,6],"tags":[],"class_list":["post-10411","post","type-post","status-publish","format-standard","hentry","category-bahia","category-policia","category-politica"],"yoast_head":"<!-- This site is optimized with the Yoast SEO plugin v26.5 - https:\/\/yoast.com\/wordpress\/plugins\/seo\/ -->\n<title>Policial civil aposentado \u00e9 morto a tiros durante assalto em Santo Est\u00eav\u00e3o - Sudoesteacontece<\/title>\n<meta name=\"robots\" content=\"index, follow, max-snippet:-1, max-image-preview:large, max-video-preview:-1\" \/>\n<link rel=\"canonical\" href=\"http:\/\/sudoesteacontece.com.br\/?p=10411\" \/>\n<meta property=\"og:locale\" content=\"pt_BR\" \/>\n<meta property=\"og:type\" content=\"article\" \/>\n<meta property=\"og:title\" content=\"Policial civil aposentado \u00e9 morto a tiros durante assalto em Santo Est\u00eav\u00e3o - Sudoesteacontece\" \/>\n<meta property=\"og:description\" content=\"Viol\u00eancia marcou a manh\u00e3 desta sexta-feira (13) na zona rural de Santo Est\u00eav\u00e3o. O policial civil aposentado Antenor dos Santos Evangelista, de 72 anos, foi morto a tiros durante um assalto na Fazenda V\u00e1rzea Nova, por volta das 7h30, na regi\u00e3o conhecida como \u201cdepois dos Teixeira\u201d, pr\u00f3xima a um parque de vaquejada. Segundo informa\u00e7\u00f5es iniciais das for\u00e7as de seguran\u00e7a, dois homens em uma motocicleta realizavam assaltos na \u00e1rea e haviam acabado de roubar duas mulheres nas proximidades. Durante a a\u00e7\u00e3o, efetuaram disparos contra Antenor, que estava dentro de um ve\u00edculo, levando-o \u00e0 morte antes da chegada de socorro m\u00e9dico. Pol\u00edcia Civil e Pol\u00edcia Militar iniciaram dilig\u00eancias imediatas para localizar a dupla de suspeitos, que fugiu ap\u00f3s os disparos. As equipes realizam buscas na regi\u00e3o, mas at\u00e9 o momento ningu\u00e9m foi preso. Corpo da v\u00edtima foi encaminhado ao Departamento de Pol\u00edcia T\u00e9cnica (DPT) da Bahia para per\u00edcia e procedimentos legais. Autoridades refor\u00e7am a import\u00e2ncia de den\u00fancias e colabora\u00e7\u00e3o da popula\u00e7\u00e3o para auxiliar na captura dos criminosos. Caso chamou aten\u00e7\u00e3o na cidade, que possui hist\u00f3rico de pequenos crimes rurais, mas raramente registra assassinatos de policiais aposentados. Investiga\u00e7\u00f5es seguem em andamento, com objetivo de identificar e responsabilizar os autores do crime.\" \/>\n<meta property=\"og:url\" content=\"http:\/\/sudoesteacontece.com.br\/?p=10411\" \/>\n<meta property=\"og:site_name\" content=\"Sudoesteacontece\" \/>\n<meta property=\"article:publisher\" content=\"https:\/\/www.facebook.com\/sudoesteacontece\/?locale=pt_BR\" \/>\n<meta property=\"article:published_time\" content=\"2026-03-14T16:33:43+00:00\" \/>\n<meta property=\"article:modified_time\" content=\"2026-03-14T16:33:48+00:00\" \/>\n<meta property=\"og:image\" content=\"http:\/\/sudoesteacontece.com.br\/wp-content\/uploads\/2026\/03\/Policial-civil-aposentado-e-morto-a-tiros-durante-assalto-em-Santo-Estevao.jpg\" \/>\n<meta name=\"author\" content=\"Washington Tiago\" \/>\n<meta name=\"twitter:card\" content=\"summary_large_image\" \/>\n<meta name=\"twitter:label1\" content=\"Escrito por\" \/>\n\t<meta name=\"twitter:data1\" content=\"Washington Tiago\" \/>\n\t<meta name=\"twitter:label2\" content=\"Est. tempo de leitura\" \/>\n\t<meta name=\"twitter:data2\" content=\"2 minutos\" \/>\n<script type=\"application\/ld+json\" class=\"yoast-schema-graph\">{\"@context\":\"https:\/\/schema.org\",\"@graph\":[{\"@type\":\"Article\",\"@id\":\"http:\/\/sudoesteacontece.com.br\/?p=10411#article\",\"isPartOf\":{\"@id\":\"http:\/\/sudoesteacontece.com.br\/?p=10411\"},\"author\":{\"name\":\"Washington Tiago\",\"@id\":\"https:\/\/sudoesteacontece.com.br\/#\/schema\/person\/3cf2cf009926a9683ebc29d5379fa79c\"},\"headline\":\"Policial civil aposentado \u00e9 morto a tiros durante assalto em Santo Est\u00eav\u00e3o\",\"datePublished\":\"2026-03-14T16:33:43+00:00\",\"dateModified\":\"2026-03-14T16:33:48+00:00\",\"mainEntityOfPage\":{\"@id\":\"http:\/\/sudoesteacontece.com.br\/?p=10411\"},\"wordCount\":238,\"commentCount\":0,\"publisher\":{\"@id\":\"https:\/\/sudoesteacontece.com.br\/#organization\"},\"image\":{\"@id\":\"http:\/\/sudoesteacontece.com.br\/?p=10411#primaryimage\"},\"thumbnailUrl\":\"http:\/\/sudoesteacontece.com.br\/wp-content\/uploads\/2026\/03\/Policial-civil-aposentado-e-morto-a-tiros-durante-assalto-em-Santo-Estevao.jpg\",\"articleSection\":[\"Bahia\",\"Pol\u00edcia\",\"Pol\u00edtica\"],\"inLanguage\":\"pt-BR\",\"potentialAction\":[{\"@type\":\"CommentAction\",\"name\":\"Comment\",\"target\":[\"http:\/\/sudoesteacontece.com.br\/?p=10411#respond\"]}]},{\"@type\":\"WebPage\",\"@id\":\"http:\/\/sudoesteacontece.com.br\/?p=10411\",\"url\":\"http:\/\/sudoesteacontece.com.br\/?p=10411\",\"name\":\"Policial civil aposentado \u00e9 morto a tiros durante assalto em Santo Est\u00eav\u00e3o - Sudoesteacontece\",\"isPartOf\":{\"@id\":\"https:\/\/sudoesteacontece.com.br\/#website\"},\"primaryImageOfPage\":{\"@id\":\"http:\/\/sudoesteacontece.com.br\/?p=10411#primaryimage\"},\"image\":{\"@id\":\"http:\/\/sudoesteacontece.com.br\/?p=10411#primaryimage\"},\"thumbnailUrl\":\"http:\/\/sudoesteacontece.com.br\/wp-content\/uploads\/2026\/03\/Policial-civil-aposentado-e-morto-a-tiros-durante-assalto-em-Santo-Estevao.jpg\",\"datePublished\":\"2026-03-14T16:33:43+00:00\",\"dateModified\":\"2026-03-14T16:33:48+00:00\",\"breadcrumb\":{\"@id\":\"http:\/\/sudoesteacontece.com.br\/?p=10411#breadcrumb\"},\"inLanguage\":\"pt-BR\",\"potentialAction\":[{\"@type\":\"ReadAction\",\"target\":[\"http:\/\/sudoesteacontece.com.br\/?p=10411\"]}]},{\"@type\":\"ImageObject\",\"inLanguage\":\"pt-BR\",\"@id\":\"http:\/\/sudoesteacontece.com.br\/?p=10411#primaryimage\",\"url\":\"https:\/\/sudoesteacontece.com.br\/wp-content\/uploads\/2026\/03\/Policial-civil-aposentado-e-morto-a-tiros-durante-assalto-em-Santo-Estevao.jpg\",\"contentUrl\":\"https:\/\/sudoesteacontece.com.br\/wp-content\/uploads\/2026\/03\/Policial-civil-aposentado-e-morto-a-tiros-durante-assalto-em-Santo-Estevao.jpg\",\"width\":900,\"height\":600},{\"@type\":\"BreadcrumbList\",\"@id\":\"http:\/\/sudoesteacontece.com.br\/?p=10411#breadcrumb\",\"itemListElement\":[{\"@type\":\"ListItem\",\"position\":1,\"name\":\"In\u00edcio\",\"item\":\"https:\/\/sudoesteacontece.com.br\/\"},{\"@type\":\"ListItem\",\"position\":2,\"name\":\"Policial civil aposentado \u00e9 morto a tiros durante assalto em Santo Est\u00eav\u00e3o\"}]},{\"@type\":\"WebSite\",\"@id\":\"https:\/\/sudoesteacontece.com.br\/#website\",\"url\":\"https:\/\/sudoesteacontece.com.br\/\",\"name\":\"Sudoesteacontece\",\"description\":\"\",\"publisher\":{\"@id\":\"https:\/\/sudoesteacontece.com.br\/#organization\"},\"potentialAction\":[{\"@type\":\"SearchAction\",\"target\":{\"@type\":\"EntryPoint\",\"urlTemplate\":\"https:\/\/sudoesteacontece.com.br\/?s={search_term_string}\"},\"query-input\":{\"@type\":\"PropertyValueSpecification\",\"valueRequired\":true,\"valueName\":\"search_term_string\"}}],\"inLanguage\":\"pt-BR\"},{\"@type\":\"Organization\",\"@id\":\"https:\/\/sudoesteacontece.com.br\/#organization\",\"name\":\"Sudoesteacontece\",\"url\":\"https:\/\/sudoesteacontece.com.br\/\",\"logo\":{\"@type\":\"ImageObject\",\"inLanguage\":\"pt-BR\",\"@id\":\"https:\/\/sudoesteacontece.com.br\/#\/schema\/logo\/image\/\",\"url\":\"https:\/\/sudoesteacontece.com.br\/wp-content\/uploads\/2025\/12\/cropped-logo-2-180x180-1.png\",\"contentUrl\":\"https:\/\/sudoesteacontece.com.br\/wp-content\/uploads\/2025\/12\/cropped-logo-2-180x180-1.png\",\"width\":180,\"height\":180,\"caption\":\"Sudoesteacontece\"},\"image\":{\"@id\":\"https:\/\/sudoesteacontece.com.br\/#\/schema\/logo\/image\/\"},\"sameAs\":[\"https:\/\/www.facebook.com\/sudoesteacontece\/?locale=pt_BR\"]},{\"@type\":\"Person\",\"@id\":\"https:\/\/sudoesteacontece.com.br\/#\/schema\/person\/3cf2cf009926a9683ebc29d5379fa79c\",\"name\":\"Washington Tiago\",\"image\":{\"@type\":\"ImageObject\",\"inLanguage\":\"pt-BR\",\"@id\":\"https:\/\/sudoesteacontece.com.br\/#\/schema\/person\/image\/\",\"url\":\"https:\/\/secure.gravatar.com\/avatar\/33c43b8668157e040f9d1fe93c354bf087cbd8ba36270c1163198bd3ddcf2a56?s=96&d=mm&r=g\",\"contentUrl\":\"https:\/\/secure.gravatar.com\/avatar\/33c43b8668157e040f9d1fe93c354bf087cbd8ba36270c1163198bd3ddcf2a56?s=96&d=mm&r=g\",\"caption\":\"Washington Tiago\"},\"url\":\"https:\/\/sudoesteacontece.com.br\/?author=2\"}]}<\/script>\n<!-- \/ Yoast SEO plugin. -->","yoast_head_json":{"title":"Policial civil aposentado \u00e9 morto a tiros durante assalto em Santo Est\u00eav\u00e3o - Sudoesteacontece","robots":{"index":"index","follow":"follow","max-snippet":"max-snippet:-1","max-image-preview":"max-image-preview:large","max-video-preview":"max-video-preview:-1"},"canonical":"http:\/\/sudoesteacontece.com.br\/?p=10411","og_locale":"pt_BR","og_type":"article","og_title":"Policial civil aposentado \u00e9 morto a tiros durante assalto em Santo Est\u00eav\u00e3o - Sudoesteacontece","og_description":"Viol\u00eancia marcou a manh\u00e3 desta sexta-feira (13) na zona rural de Santo Est\u00eav\u00e3o. O policial civil aposentado Antenor dos Santos Evangelista, de 72 anos, foi morto a tiros durante um assalto na Fazenda V\u00e1rzea Nova, por volta das 7h30, na regi\u00e3o conhecida como \u201cdepois dos Teixeira\u201d, pr\u00f3xima a um parque de vaquejada. Segundo informa\u00e7\u00f5es iniciais das for\u00e7as de seguran\u00e7a, dois homens em uma motocicleta realizavam assaltos na \u00e1rea e haviam acabado de roubar duas mulheres nas proximidades. Durante a a\u00e7\u00e3o, efetuaram disparos contra Antenor, que estava dentro de um ve\u00edculo, levando-o \u00e0 morte antes da chegada de socorro m\u00e9dico. Pol\u00edcia Civil e Pol\u00edcia Militar iniciaram dilig\u00eancias imediatas para localizar a dupla de suspeitos, que fugiu ap\u00f3s os disparos. As equipes realizam buscas na regi\u00e3o, mas at\u00e9 o momento ningu\u00e9m foi preso. Corpo da v\u00edtima foi encaminhado ao Departamento de Pol\u00edcia T\u00e9cnica (DPT) da Bahia para per\u00edcia e procedimentos legais. Autoridades refor\u00e7am a import\u00e2ncia de den\u00fancias e colabora\u00e7\u00e3o da popula\u00e7\u00e3o para auxiliar na captura dos criminosos. Caso chamou aten\u00e7\u00e3o na cidade, que possui hist\u00f3rico de pequenos crimes rurais, mas raramente registra assassinatos de policiais aposentados. Investiga\u00e7\u00f5es seguem em andamento, com objetivo de identificar e responsabilizar os autores do crime.","og_url":"http:\/\/sudoesteacontece.com.br\/?p=10411","og_site_name":"Sudoesteacontece","article_publisher":"https:\/\/www.facebook.com\/sudoesteacontece\/?locale=pt_BR","article_published_time":"2026-03-14T16:33:43+00:00","article_modified_time":"2026-03-14T16:33:48+00:00","og_image":[{"url":"http:\/\/sudoesteacontece.com.br\/wp-content\/uploads\/2026\/03\/Policial-civil-aposentado-e-morto-a-tiros-durante-assalto-em-Santo-Estevao.jpg","type":"","width":"","height":""}],"author":"Washington Tiago","twitter_card":"summary_large_image","twitter_misc":{"Escrito por":"Washington Tiago","Est. tempo de leitura":"2 minutos"},"schema":{"@context":"https:\/\/schema.org","@graph":[{"@type":"Article","@id":"http:\/\/sudoesteacontece.com.br\/?p=10411#article","isPartOf":{"@id":"http:\/\/sudoesteacontece.com.br\/?p=10411"},"author":{"name":"Washington Tiago","@id":"https:\/\/sudoesteacontece.com.br\/#\/schema\/person\/3cf2cf009926a9683ebc29d5379fa79c"},"headline":"Policial civil aposentado \u00e9 morto a tiros durante assalto em Santo Est\u00eav\u00e3o","datePublished":"2026-03-14T16:33:43+00:00","dateModified":"2026-03-14T16:33:48+00:00","mainEntityOfPage":{"@id":"http:\/\/sudoesteacontece.com.br\/?p=10411"},"wordCount":238,"commentCount":0,"publisher":{"@id":"https:\/\/sudoesteacontece.com.br\/#organization"},"image":{"@id":"http:\/\/sudoesteacontece.com.br\/?p=10411#primaryimage"},"thumbnailUrl":"http:\/\/sudoesteacontece.com.br\/wp-content\/uploads\/2026\/03\/Policial-civil-aposentado-e-morto-a-tiros-durante-assalto-em-Santo-Estevao.jpg","articleSection":["Bahia","Pol\u00edcia","Pol\u00edtica"],"inLanguage":"pt-BR","potentialAction":[{"@type":"CommentAction","name":"Comment","target":["http:\/\/sudoesteacontece.com.br\/?p=10411#respond"]}]},{"@type":"WebPage","@id":"http:\/\/sudoesteacontece.com.br\/?p=10411","url":"http:\/\/sudoesteacontece.com.br\/?p=10411","name":"Policial civil aposentado \u00e9 morto a tiros durante assalto em Santo Est\u00eav\u00e3o - Sudoesteacontece","isPartOf":{"@id":"https:\/\/sudoesteacontece.com.br\/#website"},"primaryImageOfPage":{"@id":"http:\/\/sudoesteacontece.com.br\/?p=10411#primaryimage"},"image":{"@id":"http:\/\/sudoesteacontece.com.br\/?p=10411#primaryimage"},"thumbnailUrl":"http:\/\/sudoesteacontece.com.br\/wp-content\/uploads\/2026\/03\/Policial-civil-aposentado-e-morto-a-tiros-durante-assalto-em-Santo-Estevao.jpg","datePublished":"2026-03-14T16:33:43+00:00","dateModified":"2026-03-14T16:33:48+00:00","breadcrumb":{"@id":"http:\/\/sudoesteacontece.com.br\/?p=10411#breadcrumb"},"inLanguage":"pt-BR","potentialAction":[{"@type":"ReadAction","target":["http:\/\/sudoesteacontece.com.br\/?p=10411"]}]},{"@type":"ImageObject","inLanguage":"pt-BR","@id":"http:\/\/sudoesteacontece.com.br\/?p=10411#primaryimage","url":"https:\/\/sudoesteacontece.com.br\/wp-content\/uploads\/2026\/03\/Policial-civil-aposentado-e-morto-a-tiros-durante-assalto-em-Santo-Estevao.jpg","contentUrl":"https:\/\/sudoesteacontece.com.br\/wp-content\/uploads\/2026\/03\/Policial-civil-aposentado-e-morto-a-tiros-durante-assalto-em-Santo-Estevao.jpg","width":900,"height":600},{"@type":"BreadcrumbList","@id":"http:\/\/sudoesteacontece.com.br\/?p=10411#breadcrumb","itemListElement":[{"@type":"ListItem","position":1,"name":"In\u00edcio","item":"https:\/\/sudoesteacontece.com.br\/"},{"@type":"ListItem","position":2,"name":"Policial civil aposentado \u00e9 morto a tiros durante assalto em Santo Est\u00eav\u00e3o"}]},{"@type":"WebSite","@id":"https:\/\/sudoesteacontece.com.br\/#website","url":"https:\/\/sudoesteacontece.com.br\/","name":"Sudoesteacontece","description":"","publisher":{"@id":"https:\/\/sudoesteacontece.com.br\/#organization"},"potentialAction":[{"@type":"SearchAction","target":{"@type":"EntryPoint","urlTemplate":"https:\/\/sudoesteacontece.com.br\/?s={search_term_string}"},"query-input":{"@type":"PropertyValueSpecification","valueRequired":true,"valueName":"search_term_string"}}],"inLanguage":"pt-BR"},{"@type":"Organization","@id":"https:\/\/sudoesteacontece.com.br\/#organization","name":"Sudoesteacontece","url":"https:\/\/sudoesteacontece.com.br\/","logo":{"@type":"ImageObject","inLanguage":"pt-BR","@id":"https:\/\/sudoesteacontece.com.br\/#\/schema\/logo\/image\/","url":"https:\/\/sudoesteacontece.com.br\/wp-content\/uploads\/2025\/12\/cropped-logo-2-180x180-1.png","contentUrl":"https:\/\/sudoesteacontece.com.br\/wp-content\/uploads\/2025\/12\/cropped-logo-2-180x180-1.png","width":180,"height":180,"caption":"Sudoesteacontece"},"image":{"@id":"https:\/\/sudoesteacontece.com.br\/#\/schema\/logo\/image\/"},"sameAs":["https:\/\/www.facebook.com\/sudoesteacontece\/?locale=pt_BR"]},{"@type":"Person","@id":"https:\/\/sudoesteacontece.com.br\/#\/schema\/person\/3cf2cf009926a9683ebc29d5379fa79c","name":"Washington Tiago","image":{"@type":"ImageObject","inLanguage":"pt-BR","@id":"https:\/\/sudoesteacontece.com.br\/#\/schema\/person\/image\/","url":"https:\/\/secure.gravatar.com\/avatar\/33c43b8668157e040f9d1fe93c354bf087cbd8ba36270c1163198bd3ddcf2a56?s=96&d=mm&r=g","contentUrl":"https:\/\/secure.gravatar.com\/avatar\/33c43b8668157e040f9d1fe93c354bf087cbd8ba36270c1163198bd3ddcf2a56?s=96&d=mm&r=g","caption":"Washington Tiago"},"url":"https:\/\/sudoesteacontece.com.br\/?author=2"}]}},"_links":{"self":[{"href":"https:\/\/sudoesteacontece.com.br\/index.php?rest_route=\/wp\/v2\/posts\/10411","targetHints":{"allow":["GET"]}}],"collection":[{"href":"https:\/\/sudoesteacontece.com.br\/index.php?rest_route=\/wp\/v2\/posts"}],"about":[{"href":"https:\/\/sudoesteacontece.com.br\/index.php?rest_route=\/wp\/v2\/types\/post"}],"author":[{"embeddable":true,"href":"https:\/\/sudoesteacontece.com.br\/index.php?rest_route=\/wp\/v2\/users\/2"}],"replies":[{"embeddable":true,"href":"https:\/\/sudoesteacontece.com.br\/index.php?rest_route=%2Fwp%2Fv2%2Fcomments&post=10411"}],"version-history":[{"count":0,"href":"https:\/\/sudoesteacontece.com.br\/index.php?rest_route=\/wp\/v2\/posts\/10411\/revisions"}],"wp:attachment":[{"href":"https:\/\/sudoesteacontece.com.br\/index.php?rest_route=%2Fwp%2Fv2%2Fmedia&parent=10411"}],"wp:term":[{"taxonomy":"category","embeddable":true,"href":"https:\/\/sudoesteacontece.com.br\/index.php?rest_route=%2Fwp%2Fv2%2Fcategories&post=10411"},{"taxonomy":"post_tag","embeddable":true,"href":"https:\/\/sudoesteacontece.com.br\/index.php?rest_route=%2Fwp%2Fv2%2Ftags&post=10411"}],"curies":[{"name":"wp","href":"https:\/\/api.w.org\/{rel}","templated":true}]}}