{"id":10415,"date":"2026-03-14T13:42:01","date_gmt":"2026-03-14T16:42:01","guid":{"rendered":"https:\/\/sudoesteacontece.com.br\/?p=10415"},"modified":"2026-03-14T13:42:07","modified_gmt":"2026-03-14T16:42:07","slug":"aeroporto-de-guanambi-e-incluido-pelo-governo-federal-em-programa-de-desestatizacao","status":"publish","type":"post","link":"https:\/\/sudoesteacontece.com.br\/?p=10415","title":{"rendered":"Aeroporto de Guanambi \u00e9 inclu\u00eddo pelo Governo Federal em programa de desestatiza\u00e7\u00e3o"},"content":{"rendered":"<div class=\"wp-block-image\">\n<figure class=\"aligncenter size-full\"><img fetchpriority=\"high\" decoding=\"async\" width=\"900\" height=\"600\" src=\"http:\/\/sudoesteacontece.com.br\/wp-content\/uploads\/2026\/01\/Aeroporto-de-Guanambi-cresce-em-2025-supera-34-mil-passageiros-e-reforca-conexao-com-grandes-capitais-sudoeste-acontece.jpg\" alt=\"\" class=\"wp-image-7007\" srcset=\"https:\/\/sudoesteacontece.com.br\/wp-content\/uploads\/2026\/01\/Aeroporto-de-Guanambi-cresce-em-2025-supera-34-mil-passageiros-e-reforca-conexao-com-grandes-capitais-sudoeste-acontece.jpg 900w, https:\/\/sudoesteacontece.com.br\/wp-content\/uploads\/2026\/01\/Aeroporto-de-Guanambi-cresce-em-2025-supera-34-mil-passageiros-e-reforca-conexao-com-grandes-capitais-sudoeste-acontece-300x200.jpg 300w, https:\/\/sudoesteacontece.com.br\/wp-content\/uploads\/2026\/01\/Aeroporto-de-Guanambi-cresce-em-2025-supera-34-mil-passageiros-e-reforca-conexao-com-grandes-capitais-sudoeste-acontece-768x512.jpg 768w\" sizes=\"(max-width: 900px) 100vw, 900px\" \/><\/figure>\n<\/div>\n\n\n<p>O Governo Federal incluiu o Aeroporto de Guanambi no Programa Nacional de Desestatiza\u00e7\u00e3o (PND), aprovado pelo Conselho do Programa de Parcerias de Investimentos (CPPI). A medida tamb\u00e9m contempla os aeroportos de Hor\u00e1cio de Mattos e Paulo Afonso.<\/p>\n\n\n\n<p>Delibera\u00e7\u00e3o assinada pelo ministro da Casa Civil, Rui Costa, e pelo ministro de Portos e Aeroportos, Silvio Filho, ser\u00e1 submetida ao presidente Luiz In\u00e1cio Lula da Silva. O programa prev\u00ea concess\u00f5es individuais dos terminais por meio de processo competitivo simplificado dentro do Programa AmpliAR.<\/p>\n\n\n\n<p>Documenta\u00e7\u00e3o indica que, na aus\u00eancia de propostas v\u00e1lidas, podem ser adotados regimes de oferta permanente ou aloca\u00e7\u00e3o direta. A Ag\u00eancia Nacional de Avia\u00e7\u00e3o Civil (Anac) ser\u00e1 respons\u00e1vel pelo procedimento de incorpora\u00e7\u00e3o, enquanto a gest\u00e3o operacional dos aeroportos concedidos ficar\u00e1 a cargo da Concession\u00e1ria do Aeroporto Internacional de Guarulhos S.A.<\/p>\n\n\n\n<p>No caso do aeroporto de Guanambi, o terminal foi o \u00fanico da Bahia que n\u00e3o recebeu ofertas durante o processo. O Programa AmpliAR estima R$ 1,25 bilh\u00e3o em investimentos, destinados a melhorias estruturais e operacionais, impulsionando o desenvolvimento da avia\u00e7\u00e3o regional no Nordeste e na Amaz\u00f4nia Legal.<\/p>\n\n\n\n<p>Autoridades destacam que a iniciativa deve fortalecer a infraestrutura aeroportu\u00e1ria do estado, gerar empregos e atrair novos voos, promovendo maior conectividade e dinamizando a economia local das cidades beneficiadas.<\/p>\n","protected":false},"excerpt":{"rendered":"<p>O Governo Federal incluiu o Aeroporto de Guanambi no Programa Nacional de Desestatiza\u00e7\u00e3o (PND), aprovado pelo Conselho do Programa de Parcerias de Investimentos (CPPI). A medida tamb\u00e9m contempla os aeroportos de Hor\u00e1cio de Mattos e Paulo Afonso. Delibera\u00e7\u00e3o assinada pelo ministro da Casa Civil, Rui Costa, e pelo ministro de Portos e Aeroportos, Silvio Filho, ser\u00e1 submetida ao presidente Luiz In\u00e1cio Lula da Silva. O programa prev\u00ea concess\u00f5es individuais dos terminais por meio de processo competitivo simplificado dentro do Programa AmpliAR. Documenta\u00e7\u00e3o indica que, na aus\u00eancia de propostas v\u00e1lidas, podem ser adotados regimes de oferta permanente ou aloca\u00e7\u00e3o direta. A Ag\u00eancia Nacional de Avia\u00e7\u00e3o Civil (Anac) ser\u00e1 respons\u00e1vel pelo procedimento de incorpora\u00e7\u00e3o, enquanto a gest\u00e3o operacional dos aeroportos concedidos ficar\u00e1 a cargo da Concession\u00e1ria do Aeroporto Internacional de Guarulhos S.A. No caso do aeroporto de Guanambi, o terminal foi o \u00fanico da Bahia que n\u00e3o recebeu ofertas durante o processo. O Programa AmpliAR estima R$ 1,25 bilh\u00e3o em investimentos, destinados a melhorias estruturais e operacionais, impulsionando o desenvolvimento da avia\u00e7\u00e3o regional no Nordeste e na Amaz\u00f4nia Legal. Autoridades destacam que a iniciativa deve fortalecer a infraestrutura aeroportu\u00e1ria do estado, gerar empregos e atrair novos voos, promovendo maior conectividade e dinamizando a economia local das cidades beneficiadas.<\/p>\n","protected":false},"author":2,"featured_media":0,"comment_status":"open","ping_status":"open","sticky":false,"template":"","format":"standard","meta":{"footnotes":""},"categories":[4,17,6],"tags":[],"class_list":["post-10415","post","type-post","status-publish","format-standard","hentry","category-cidades","category-guanambi","category-politica"],"yoast_head":"<!-- This site is optimized with the Yoast SEO plugin v26.5 - https:\/\/yoast.com\/wordpress\/plugins\/seo\/ -->\n<title>Aeroporto de Guanambi \u00e9 inclu\u00eddo pelo Governo Federal em programa de desestatiza\u00e7\u00e3o - Sudoesteacontece<\/title>\n<meta name=\"robots\" content=\"index, follow, max-snippet:-1, max-image-preview:large, max-video-preview:-1\" \/>\n<link rel=\"canonical\" href=\"http:\/\/sudoesteacontece.com.br\/?p=10415\" \/>\n<meta property=\"og:locale\" content=\"pt_BR\" \/>\n<meta property=\"og:type\" content=\"article\" \/>\n<meta property=\"og:title\" content=\"Aeroporto de Guanambi \u00e9 inclu\u00eddo pelo Governo Federal em programa de desestatiza\u00e7\u00e3o - Sudoesteacontece\" \/>\n<meta property=\"og:description\" content=\"O Governo Federal incluiu o Aeroporto de Guanambi no Programa Nacional de Desestatiza\u00e7\u00e3o (PND), aprovado pelo Conselho do Programa de Parcerias de Investimentos (CPPI). A medida tamb\u00e9m contempla os aeroportos de Hor\u00e1cio de Mattos e Paulo Afonso. Delibera\u00e7\u00e3o assinada pelo ministro da Casa Civil, Rui Costa, e pelo ministro de Portos e Aeroportos, Silvio Filho, ser\u00e1 submetida ao presidente Luiz In\u00e1cio Lula da Silva. O programa prev\u00ea concess\u00f5es individuais dos terminais por meio de processo competitivo simplificado dentro do Programa AmpliAR. Documenta\u00e7\u00e3o indica que, na aus\u00eancia de propostas v\u00e1lidas, podem ser adotados regimes de oferta permanente ou aloca\u00e7\u00e3o direta. A Ag\u00eancia Nacional de Avia\u00e7\u00e3o Civil (Anac) ser\u00e1 respons\u00e1vel pelo procedimento de incorpora\u00e7\u00e3o, enquanto a gest\u00e3o operacional dos aeroportos concedidos ficar\u00e1 a cargo da Concession\u00e1ria do Aeroporto Internacional de Guarulhos S.A. No caso do aeroporto de Guanambi, o terminal foi o \u00fanico da Bahia que n\u00e3o recebeu ofertas durante o processo. O Programa AmpliAR estima R$ 1,25 bilh\u00e3o em investimentos, destinados a melhorias estruturais e operacionais, impulsionando o desenvolvimento da avia\u00e7\u00e3o regional no Nordeste e na Amaz\u00f4nia Legal. Autoridades destacam que a iniciativa deve fortalecer a infraestrutura aeroportu\u00e1ria do estado, gerar empregos e atrair novos voos, promovendo maior conectividade e dinamizando a economia local das cidades beneficiadas.\" \/>\n<meta property=\"og:url\" content=\"http:\/\/sudoesteacontece.com.br\/?p=10415\" \/>\n<meta property=\"og:site_name\" content=\"Sudoesteacontece\" \/>\n<meta property=\"article:publisher\" content=\"https:\/\/www.facebook.com\/sudoesteacontece\/?locale=pt_BR\" \/>\n<meta property=\"article:published_time\" content=\"2026-03-14T16:42:01+00:00\" \/>\n<meta property=\"article:modified_time\" content=\"2026-03-14T16:42:07+00:00\" \/>\n<meta property=\"og:image\" content=\"http:\/\/sudoesteacontece.com.br\/wp-content\/uploads\/2026\/01\/Aeroporto-de-Guanambi-cresce-em-2025-supera-34-mil-passageiros-e-reforca-conexao-com-grandes-capitais-sudoeste-acontece.jpg\" \/>\n<meta name=\"author\" content=\"Washington Tiago\" \/>\n<meta name=\"twitter:card\" content=\"summary_large_image\" \/>\n<meta name=\"twitter:label1\" content=\"Escrito por\" \/>\n\t<meta name=\"twitter:data1\" content=\"Washington Tiago\" \/>\n\t<meta name=\"twitter:label2\" content=\"Est. tempo de leitura\" \/>\n\t<meta name=\"twitter:data2\" content=\"2 minutos\" \/>\n<script type=\"application\/ld+json\" class=\"yoast-schema-graph\">{\"@context\":\"https:\/\/schema.org\",\"@graph\":[{\"@type\":\"Article\",\"@id\":\"http:\/\/sudoesteacontece.com.br\/?p=10415#article\",\"isPartOf\":{\"@id\":\"http:\/\/sudoesteacontece.com.br\/?p=10415\"},\"author\":{\"name\":\"Washington Tiago\",\"@id\":\"https:\/\/sudoesteacontece.com.br\/#\/schema\/person\/3cf2cf009926a9683ebc29d5379fa79c\"},\"headline\":\"Aeroporto de Guanambi \u00e9 inclu\u00eddo pelo Governo Federal em programa de desestatiza\u00e7\u00e3o\",\"datePublished\":\"2026-03-14T16:42:01+00:00\",\"dateModified\":\"2026-03-14T16:42:07+00:00\",\"mainEntityOfPage\":{\"@id\":\"http:\/\/sudoesteacontece.com.br\/?p=10415\"},\"wordCount\":240,\"commentCount\":0,\"publisher\":{\"@id\":\"https:\/\/sudoesteacontece.com.br\/#organization\"},\"image\":{\"@id\":\"http:\/\/sudoesteacontece.com.br\/?p=10415#primaryimage\"},\"thumbnailUrl\":\"http:\/\/sudoesteacontece.com.br\/wp-content\/uploads\/2026\/01\/Aeroporto-de-Guanambi-cresce-em-2025-supera-34-mil-passageiros-e-reforca-conexao-com-grandes-capitais-sudoeste-acontece.jpg\",\"articleSection\":[\"Cidades\",\"Guanambi\",\"Pol\u00edtica\"],\"inLanguage\":\"pt-BR\",\"potentialAction\":[{\"@type\":\"CommentAction\",\"name\":\"Comment\",\"target\":[\"http:\/\/sudoesteacontece.com.br\/?p=10415#respond\"]}]},{\"@type\":\"WebPage\",\"@id\":\"http:\/\/sudoesteacontece.com.br\/?p=10415\",\"url\":\"http:\/\/sudoesteacontece.com.br\/?p=10415\",\"name\":\"Aeroporto de Guanambi \u00e9 inclu\u00eddo pelo Governo Federal em programa de desestatiza\u00e7\u00e3o - Sudoesteacontece\",\"isPartOf\":{\"@id\":\"https:\/\/sudoesteacontece.com.br\/#website\"},\"primaryImageOfPage\":{\"@id\":\"http:\/\/sudoesteacontece.com.br\/?p=10415#primaryimage\"},\"image\":{\"@id\":\"http:\/\/sudoesteacontece.com.br\/?p=10415#primaryimage\"},\"thumbnailUrl\":\"http:\/\/sudoesteacontece.com.br\/wp-content\/uploads\/2026\/01\/Aeroporto-de-Guanambi-cresce-em-2025-supera-34-mil-passageiros-e-reforca-conexao-com-grandes-capitais-sudoeste-acontece.jpg\",\"datePublished\":\"2026-03-14T16:42:01+00:00\",\"dateModified\":\"2026-03-14T16:42:07+00:00\",\"breadcrumb\":{\"@id\":\"http:\/\/sudoesteacontece.com.br\/?p=10415#breadcrumb\"},\"inLanguage\":\"pt-BR\",\"potentialAction\":[{\"@type\":\"ReadAction\",\"target\":[\"http:\/\/sudoesteacontece.com.br\/?p=10415\"]}]},{\"@type\":\"ImageObject\",\"inLanguage\":\"pt-BR\",\"@id\":\"http:\/\/sudoesteacontece.com.br\/?p=10415#primaryimage\",\"url\":\"https:\/\/sudoesteacontece.com.br\/wp-content\/uploads\/2026\/01\/Aeroporto-de-Guanambi-cresce-em-2025-supera-34-mil-passageiros-e-reforca-conexao-com-grandes-capitais-sudoeste-acontece.jpg\",\"contentUrl\":\"https:\/\/sudoesteacontece.com.br\/wp-content\/uploads\/2026\/01\/Aeroporto-de-Guanambi-cresce-em-2025-supera-34-mil-passageiros-e-reforca-conexao-com-grandes-capitais-sudoeste-acontece.jpg\",\"width\":900,\"height\":600},{\"@type\":\"BreadcrumbList\",\"@id\":\"http:\/\/sudoesteacontece.com.br\/?p=10415#breadcrumb\",\"itemListElement\":[{\"@type\":\"ListItem\",\"position\":1,\"name\":\"In\u00edcio\",\"item\":\"https:\/\/sudoesteacontece.com.br\/\"},{\"@type\":\"ListItem\",\"position\":2,\"name\":\"Aeroporto de Guanambi \u00e9 inclu\u00eddo pelo Governo Federal em programa de desestatiza\u00e7\u00e3o\"}]},{\"@type\":\"WebSite\",\"@id\":\"https:\/\/sudoesteacontece.com.br\/#website\",\"url\":\"https:\/\/sudoesteacontece.com.br\/\",\"name\":\"Sudoesteacontece\",\"description\":\"\",\"publisher\":{\"@id\":\"https:\/\/sudoesteacontece.com.br\/#organization\"},\"potentialAction\":[{\"@type\":\"SearchAction\",\"target\":{\"@type\":\"EntryPoint\",\"urlTemplate\":\"https:\/\/sudoesteacontece.com.br\/?s={search_term_string}\"},\"query-input\":{\"@type\":\"PropertyValueSpecification\",\"valueRequired\":true,\"valueName\":\"search_term_string\"}}],\"inLanguage\":\"pt-BR\"},{\"@type\":\"Organization\",\"@id\":\"https:\/\/sudoesteacontece.com.br\/#organization\",\"name\":\"Sudoesteacontece\",\"url\":\"https:\/\/sudoesteacontece.com.br\/\",\"logo\":{\"@type\":\"ImageObject\",\"inLanguage\":\"pt-BR\",\"@id\":\"https:\/\/sudoesteacontece.com.br\/#\/schema\/logo\/image\/\",\"url\":\"https:\/\/sudoesteacontece.com.br\/wp-content\/uploads\/2025\/12\/cropped-logo-2-180x180-1.png\",\"contentUrl\":\"https:\/\/sudoesteacontece.com.br\/wp-content\/uploads\/2025\/12\/cropped-logo-2-180x180-1.png\",\"width\":180,\"height\":180,\"caption\":\"Sudoesteacontece\"},\"image\":{\"@id\":\"https:\/\/sudoesteacontece.com.br\/#\/schema\/logo\/image\/\"},\"sameAs\":[\"https:\/\/www.facebook.com\/sudoesteacontece\/?locale=pt_BR\"]},{\"@type\":\"Person\",\"@id\":\"https:\/\/sudoesteacontece.com.br\/#\/schema\/person\/3cf2cf009926a9683ebc29d5379fa79c\",\"name\":\"Washington Tiago\",\"image\":{\"@type\":\"ImageObject\",\"inLanguage\":\"pt-BR\",\"@id\":\"https:\/\/sudoesteacontece.com.br\/#\/schema\/person\/image\/\",\"url\":\"https:\/\/secure.gravatar.com\/avatar\/33c43b8668157e040f9d1fe93c354bf087cbd8ba36270c1163198bd3ddcf2a56?s=96&d=mm&r=g\",\"contentUrl\":\"https:\/\/secure.gravatar.com\/avatar\/33c43b8668157e040f9d1fe93c354bf087cbd8ba36270c1163198bd3ddcf2a56?s=96&d=mm&r=g\",\"caption\":\"Washington Tiago\"},\"url\":\"https:\/\/sudoesteacontece.com.br\/?author=2\"}]}<\/script>\n<!-- \/ Yoast SEO plugin. -->","yoast_head_json":{"title":"Aeroporto de Guanambi \u00e9 inclu\u00eddo pelo Governo Federal em programa de desestatiza\u00e7\u00e3o - Sudoesteacontece","robots":{"index":"index","follow":"follow","max-snippet":"max-snippet:-1","max-image-preview":"max-image-preview:large","max-video-preview":"max-video-preview:-1"},"canonical":"http:\/\/sudoesteacontece.com.br\/?p=10415","og_locale":"pt_BR","og_type":"article","og_title":"Aeroporto de Guanambi \u00e9 inclu\u00eddo pelo Governo Federal em programa de desestatiza\u00e7\u00e3o - Sudoesteacontece","og_description":"O Governo Federal incluiu o Aeroporto de Guanambi no Programa Nacional de Desestatiza\u00e7\u00e3o (PND), aprovado pelo Conselho do Programa de Parcerias de Investimentos (CPPI). A medida tamb\u00e9m contempla os aeroportos de Hor\u00e1cio de Mattos e Paulo Afonso. Delibera\u00e7\u00e3o assinada pelo ministro da Casa Civil, Rui Costa, e pelo ministro de Portos e Aeroportos, Silvio Filho, ser\u00e1 submetida ao presidente Luiz In\u00e1cio Lula da Silva. O programa prev\u00ea concess\u00f5es individuais dos terminais por meio de processo competitivo simplificado dentro do Programa AmpliAR. Documenta\u00e7\u00e3o indica que, na aus\u00eancia de propostas v\u00e1lidas, podem ser adotados regimes de oferta permanente ou aloca\u00e7\u00e3o direta. A Ag\u00eancia Nacional de Avia\u00e7\u00e3o Civil (Anac) ser\u00e1 respons\u00e1vel pelo procedimento de incorpora\u00e7\u00e3o, enquanto a gest\u00e3o operacional dos aeroportos concedidos ficar\u00e1 a cargo da Concession\u00e1ria do Aeroporto Internacional de Guarulhos S.A. No caso do aeroporto de Guanambi, o terminal foi o \u00fanico da Bahia que n\u00e3o recebeu ofertas durante o processo. O Programa AmpliAR estima R$ 1,25 bilh\u00e3o em investimentos, destinados a melhorias estruturais e operacionais, impulsionando o desenvolvimento da avia\u00e7\u00e3o regional no Nordeste e na Amaz\u00f4nia Legal. Autoridades destacam que a iniciativa deve fortalecer a infraestrutura aeroportu\u00e1ria do estado, gerar empregos e atrair novos voos, promovendo maior conectividade e dinamizando a economia local das cidades beneficiadas.","og_url":"http:\/\/sudoesteacontece.com.br\/?p=10415","og_site_name":"Sudoesteacontece","article_publisher":"https:\/\/www.facebook.com\/sudoesteacontece\/?locale=pt_BR","article_published_time":"2026-03-14T16:42:01+00:00","article_modified_time":"2026-03-14T16:42:07+00:00","og_image":[{"url":"http:\/\/sudoesteacontece.com.br\/wp-content\/uploads\/2026\/01\/Aeroporto-de-Guanambi-cresce-em-2025-supera-34-mil-passageiros-e-reforca-conexao-com-grandes-capitais-sudoeste-acontece.jpg","type":"","width":"","height":""}],"author":"Washington Tiago","twitter_card":"summary_large_image","twitter_misc":{"Escrito por":"Washington Tiago","Est. tempo de leitura":"2 minutos"},"schema":{"@context":"https:\/\/schema.org","@graph":[{"@type":"Article","@id":"http:\/\/sudoesteacontece.com.br\/?p=10415#article","isPartOf":{"@id":"http:\/\/sudoesteacontece.com.br\/?p=10415"},"author":{"name":"Washington Tiago","@id":"https:\/\/sudoesteacontece.com.br\/#\/schema\/person\/3cf2cf009926a9683ebc29d5379fa79c"},"headline":"Aeroporto de Guanambi \u00e9 inclu\u00eddo pelo Governo Federal em programa de desestatiza\u00e7\u00e3o","datePublished":"2026-03-14T16:42:01+00:00","dateModified":"2026-03-14T16:42:07+00:00","mainEntityOfPage":{"@id":"http:\/\/sudoesteacontece.com.br\/?p=10415"},"wordCount":240,"commentCount":0,"publisher":{"@id":"https:\/\/sudoesteacontece.com.br\/#organization"},"image":{"@id":"http:\/\/sudoesteacontece.com.br\/?p=10415#primaryimage"},"thumbnailUrl":"http:\/\/sudoesteacontece.com.br\/wp-content\/uploads\/2026\/01\/Aeroporto-de-Guanambi-cresce-em-2025-supera-34-mil-passageiros-e-reforca-conexao-com-grandes-capitais-sudoeste-acontece.jpg","articleSection":["Cidades","Guanambi","Pol\u00edtica"],"inLanguage":"pt-BR","potentialAction":[{"@type":"CommentAction","name":"Comment","target":["http:\/\/sudoesteacontece.com.br\/?p=10415#respond"]}]},{"@type":"WebPage","@id":"http:\/\/sudoesteacontece.com.br\/?p=10415","url":"http:\/\/sudoesteacontece.com.br\/?p=10415","name":"Aeroporto de Guanambi \u00e9 inclu\u00eddo pelo Governo Federal em programa de desestatiza\u00e7\u00e3o - Sudoesteacontece","isPartOf":{"@id":"https:\/\/sudoesteacontece.com.br\/#website"},"primaryImageOfPage":{"@id":"http:\/\/sudoesteacontece.com.br\/?p=10415#primaryimage"},"image":{"@id":"http:\/\/sudoesteacontece.com.br\/?p=10415#primaryimage"},"thumbnailUrl":"http:\/\/sudoesteacontece.com.br\/wp-content\/uploads\/2026\/01\/Aeroporto-de-Guanambi-cresce-em-2025-supera-34-mil-passageiros-e-reforca-conexao-com-grandes-capitais-sudoeste-acontece.jpg","datePublished":"2026-03-14T16:42:01+00:00","dateModified":"2026-03-14T16:42:07+00:00","breadcrumb":{"@id":"http:\/\/sudoesteacontece.com.br\/?p=10415#breadcrumb"},"inLanguage":"pt-BR","potentialAction":[{"@type":"ReadAction","target":["http:\/\/sudoesteacontece.com.br\/?p=10415"]}]},{"@type":"ImageObject","inLanguage":"pt-BR","@id":"http:\/\/sudoesteacontece.com.br\/?p=10415#primaryimage","url":"https:\/\/sudoesteacontece.com.br\/wp-content\/uploads\/2026\/01\/Aeroporto-de-Guanambi-cresce-em-2025-supera-34-mil-passageiros-e-reforca-conexao-com-grandes-capitais-sudoeste-acontece.jpg","contentUrl":"https:\/\/sudoesteacontece.com.br\/wp-content\/uploads\/2026\/01\/Aeroporto-de-Guanambi-cresce-em-2025-supera-34-mil-passageiros-e-reforca-conexao-com-grandes-capitais-sudoeste-acontece.jpg","width":900,"height":600},{"@type":"BreadcrumbList","@id":"http:\/\/sudoesteacontece.com.br\/?p=10415#breadcrumb","itemListElement":[{"@type":"ListItem","position":1,"name":"In\u00edcio","item":"https:\/\/sudoesteacontece.com.br\/"},{"@type":"ListItem","position":2,"name":"Aeroporto de Guanambi \u00e9 inclu\u00eddo pelo Governo Federal em programa de desestatiza\u00e7\u00e3o"}]},{"@type":"WebSite","@id":"https:\/\/sudoesteacontece.com.br\/#website","url":"https:\/\/sudoesteacontece.com.br\/","name":"Sudoesteacontece","description":"","publisher":{"@id":"https:\/\/sudoesteacontece.com.br\/#organization"},"potentialAction":[{"@type":"SearchAction","target":{"@type":"EntryPoint","urlTemplate":"https:\/\/sudoesteacontece.com.br\/?s={search_term_string}"},"query-input":{"@type":"PropertyValueSpecification","valueRequired":true,"valueName":"search_term_string"}}],"inLanguage":"pt-BR"},{"@type":"Organization","@id":"https:\/\/sudoesteacontece.com.br\/#organization","name":"Sudoesteacontece","url":"https:\/\/sudoesteacontece.com.br\/","logo":{"@type":"ImageObject","inLanguage":"pt-BR","@id":"https:\/\/sudoesteacontece.com.br\/#\/schema\/logo\/image\/","url":"https:\/\/sudoesteacontece.com.br\/wp-content\/uploads\/2025\/12\/cropped-logo-2-180x180-1.png","contentUrl":"https:\/\/sudoesteacontece.com.br\/wp-content\/uploads\/2025\/12\/cropped-logo-2-180x180-1.png","width":180,"height":180,"caption":"Sudoesteacontece"},"image":{"@id":"https:\/\/sudoesteacontece.com.br\/#\/schema\/logo\/image\/"},"sameAs":["https:\/\/www.facebook.com\/sudoesteacontece\/?locale=pt_BR"]},{"@type":"Person","@id":"https:\/\/sudoesteacontece.com.br\/#\/schema\/person\/3cf2cf009926a9683ebc29d5379fa79c","name":"Washington Tiago","image":{"@type":"ImageObject","inLanguage":"pt-BR","@id":"https:\/\/sudoesteacontece.com.br\/#\/schema\/person\/image\/","url":"https:\/\/secure.gravatar.com\/avatar\/33c43b8668157e040f9d1fe93c354bf087cbd8ba36270c1163198bd3ddcf2a56?s=96&d=mm&r=g","contentUrl":"https:\/\/secure.gravatar.com\/avatar\/33c43b8668157e040f9d1fe93c354bf087cbd8ba36270c1163198bd3ddcf2a56?s=96&d=mm&r=g","caption":"Washington Tiago"},"url":"https:\/\/sudoesteacontece.com.br\/?author=2"}]}},"_links":{"self":[{"href":"https:\/\/sudoesteacontece.com.br\/index.php?rest_route=\/wp\/v2\/posts\/10415","targetHints":{"allow":["GET"]}}],"collection":[{"href":"https:\/\/sudoesteacontece.com.br\/index.php?rest_route=\/wp\/v2\/posts"}],"about":[{"href":"https:\/\/sudoesteacontece.com.br\/index.php?rest_route=\/wp\/v2\/types\/post"}],"author":[{"embeddable":true,"href":"https:\/\/sudoesteacontece.com.br\/index.php?rest_route=\/wp\/v2\/users\/2"}],"replies":[{"embeddable":true,"href":"https:\/\/sudoesteacontece.com.br\/index.php?rest_route=%2Fwp%2Fv2%2Fcomments&post=10415"}],"version-history":[{"count":0,"href":"https:\/\/sudoesteacontece.com.br\/index.php?rest_route=\/wp\/v2\/posts\/10415\/revisions"}],"wp:attachment":[{"href":"https:\/\/sudoesteacontece.com.br\/index.php?rest_route=%2Fwp%2Fv2%2Fmedia&parent=10415"}],"wp:term":[{"taxonomy":"category","embeddable":true,"href":"https:\/\/sudoesteacontece.com.br\/index.php?rest_route=%2Fwp%2Fv2%2Fcategories&post=10415"},{"taxonomy":"post_tag","embeddable":true,"href":"https:\/\/sudoesteacontece.com.br\/index.php?rest_route=%2Fwp%2Fv2%2Ftags&post=10415"}],"curies":[{"name":"wp","href":"https:\/\/api.w.org\/{rel}","templated":true}]}}