{"id":10468,"date":"2026-03-14T19:46:16","date_gmt":"2026-03-14T22:46:16","guid":{"rendered":"https:\/\/sudoesteacontece.com.br\/?p=10468"},"modified":"2026-03-14T19:46:21","modified_gmt":"2026-03-14T22:46:21","slug":"bolsonaro-tem-piora-na-funcao-renal-e-segue-internado-na-uti-com-pneumonia","status":"publish","type":"post","link":"https:\/\/sudoesteacontece.com.br\/?p=10468","title":{"rendered":"Bolsonaro tem piora na fun\u00e7\u00e3o renal e segue internado na UTI com pneumonia"},"content":{"rendered":"<div class=\"wp-block-image\">\n<figure class=\"aligncenter size-full\"><img fetchpriority=\"high\" decoding=\"async\" width=\"900\" height=\"600\" src=\"http:\/\/sudoesteacontece.com.br\/wp-content\/uploads\/2026\/03\/bolsonaro.jpg\" alt=\"\" class=\"wp-image-10488\" srcset=\"https:\/\/sudoesteacontece.com.br\/wp-content\/uploads\/2026\/03\/bolsonaro.jpg 900w, https:\/\/sudoesteacontece.com.br\/wp-content\/uploads\/2026\/03\/bolsonaro-300x200.jpg 300w, https:\/\/sudoesteacontece.com.br\/wp-content\/uploads\/2026\/03\/bolsonaro-768x512.jpg 768w\" sizes=\"(max-width: 900px) 100vw, 900px\" \/><\/figure>\n<\/div>\n\n\n<p>Boletim m\u00e9dico divulgado neste s\u00e1bado (14) informou que o ex-presidente Jair Bolsonaro apresentou piora na fun\u00e7\u00e3o renal e aumento de marcadores inflamat\u00f3rios durante o per\u00edodo de interna\u00e7\u00e3o. Informa\u00e7\u00f5es divulgadas pelo Hospital DF Star indicam que, apesar das altera\u00e7\u00f5es detectadas nos exames recentes, o quadro cl\u00ednico do ex-presidente \u00e9 considerado est\u00e1vel pela equipe m\u00e9dica respons\u00e1vel.<\/p>\n\n\n\n<p>Tratamento ocorre na Unidade de Terapia Intensiva (UTI), onde Bolsonaro permanece sob monitoramento cont\u00ednuo enquanto recebe cuidados m\u00e9dicos para combater uma pneumonia bacteriana bilateral. Quadro pulmonar foi provocado por broncoaspira\u00e7\u00e3o, situa\u00e7\u00e3o que ocorre quando secre\u00e7\u00f5es ou conte\u00fados do est\u00f4mago acabam sendo aspirados para os pulm\u00f5es, causando inflama\u00e7\u00e3o e infec\u00e7\u00e3o.<\/p>\n\n\n\n<p>Acompanhamento m\u00e9dico segue sendo realizado com exames frequentes para avaliar a evolu\u00e7\u00e3o da infec\u00e7\u00e3o e da fun\u00e7\u00e3o renal. A equipe de sa\u00fade informou que o paciente permanece sob cuidados intensivos. Previs\u00e3o de alta ainda n\u00e3o foi divulgada. Segundo o hospital, a perman\u00eancia na UTI continua sendo necess\u00e1ria para garantir monitoramento constante e resposta r\u00e1pida a qualquer altera\u00e7\u00e3o no estado de sa\u00fade.<\/p>\n\n\n\n<p><\/p>\n","protected":false},"excerpt":{"rendered":"<p>Boletim m\u00e9dico divulgado neste s\u00e1bado (14) informou que o ex-presidente Jair Bolsonaro apresentou piora na fun\u00e7\u00e3o renal e aumento de marcadores inflamat\u00f3rios durante o per\u00edodo de interna\u00e7\u00e3o. Informa\u00e7\u00f5es divulgadas pelo Hospital DF Star indicam que, apesar das altera\u00e7\u00f5es detectadas nos exames recentes, o quadro cl\u00ednico do ex-presidente \u00e9 considerado est\u00e1vel pela equipe m\u00e9dica respons\u00e1vel. Tratamento ocorre na Unidade de Terapia Intensiva (UTI), onde Bolsonaro permanece sob monitoramento cont\u00ednuo enquanto recebe cuidados m\u00e9dicos para combater uma pneumonia bacteriana bilateral. Quadro pulmonar foi provocado por broncoaspira\u00e7\u00e3o, situa\u00e7\u00e3o que ocorre quando secre\u00e7\u00f5es ou conte\u00fados do est\u00f4mago acabam sendo aspirados para os pulm\u00f5es, causando inflama\u00e7\u00e3o e infec\u00e7\u00e3o. Acompanhamento m\u00e9dico segue sendo realizado com exames frequentes para avaliar a evolu\u00e7\u00e3o da infec\u00e7\u00e3o e da fun\u00e7\u00e3o renal. A equipe de sa\u00fade informou que o paciente permanece sob cuidados intensivos. Previs\u00e3o de alta ainda n\u00e3o foi divulgada. Segundo o hospital, a perman\u00eancia na UTI continua sendo necess\u00e1ria para garantir monitoramento constante e resposta r\u00e1pida a qualquer altera\u00e7\u00e3o no estado de sa\u00fade.<\/p>\n","protected":false},"author":2,"featured_media":0,"comment_status":"open","ping_status":"open","sticky":false,"template":"","format":"standard","meta":{"footnotes":""},"categories":[53,13,6,45],"tags":[],"class_list":["post-10468","post","type-post","status-publish","format-standard","hentry","category-brasil","category-justica","category-politica","category-saude"],"yoast_head":"<!-- This site is optimized with the Yoast SEO plugin v26.5 - https:\/\/yoast.com\/wordpress\/plugins\/seo\/ -->\n<title>Bolsonaro tem piora na fun\u00e7\u00e3o renal e segue internado na UTI com pneumonia - Sudoesteacontece<\/title>\n<meta name=\"robots\" content=\"index, follow, max-snippet:-1, max-image-preview:large, max-video-preview:-1\" \/>\n<link rel=\"canonical\" href=\"http:\/\/sudoesteacontece.com.br\/?p=10468\" \/>\n<meta property=\"og:locale\" content=\"pt_BR\" \/>\n<meta property=\"og:type\" content=\"article\" \/>\n<meta property=\"og:title\" content=\"Bolsonaro tem piora na fun\u00e7\u00e3o renal e segue internado na UTI com pneumonia - Sudoesteacontece\" \/>\n<meta property=\"og:description\" content=\"Boletim m\u00e9dico divulgado neste s\u00e1bado (14) informou que o ex-presidente Jair Bolsonaro apresentou piora na fun\u00e7\u00e3o renal e aumento de marcadores inflamat\u00f3rios durante o per\u00edodo de interna\u00e7\u00e3o. Informa\u00e7\u00f5es divulgadas pelo Hospital DF Star indicam que, apesar das altera\u00e7\u00f5es detectadas nos exames recentes, o quadro cl\u00ednico do ex-presidente \u00e9 considerado est\u00e1vel pela equipe m\u00e9dica respons\u00e1vel. Tratamento ocorre na Unidade de Terapia Intensiva (UTI), onde Bolsonaro permanece sob monitoramento cont\u00ednuo enquanto recebe cuidados m\u00e9dicos para combater uma pneumonia bacteriana bilateral. Quadro pulmonar foi provocado por broncoaspira\u00e7\u00e3o, situa\u00e7\u00e3o que ocorre quando secre\u00e7\u00f5es ou conte\u00fados do est\u00f4mago acabam sendo aspirados para os pulm\u00f5es, causando inflama\u00e7\u00e3o e infec\u00e7\u00e3o. Acompanhamento m\u00e9dico segue sendo realizado com exames frequentes para avaliar a evolu\u00e7\u00e3o da infec\u00e7\u00e3o e da fun\u00e7\u00e3o renal. A equipe de sa\u00fade informou que o paciente permanece sob cuidados intensivos. Previs\u00e3o de alta ainda n\u00e3o foi divulgada. Segundo o hospital, a perman\u00eancia na UTI continua sendo necess\u00e1ria para garantir monitoramento constante e resposta r\u00e1pida a qualquer altera\u00e7\u00e3o no estado de sa\u00fade.\" \/>\n<meta property=\"og:url\" content=\"http:\/\/sudoesteacontece.com.br\/?p=10468\" \/>\n<meta property=\"og:site_name\" content=\"Sudoesteacontece\" \/>\n<meta property=\"article:publisher\" content=\"https:\/\/www.facebook.com\/sudoesteacontece\/?locale=pt_BR\" \/>\n<meta property=\"article:published_time\" content=\"2026-03-14T22:46:16+00:00\" \/>\n<meta property=\"article:modified_time\" content=\"2026-03-14T22:46:21+00:00\" \/>\n<meta property=\"og:image\" content=\"http:\/\/sudoesteacontece.com.br\/wp-content\/uploads\/2026\/03\/bolsonaro.jpg\" \/>\n<meta name=\"author\" content=\"Washington Tiago\" \/>\n<meta name=\"twitter:card\" content=\"summary_large_image\" \/>\n<meta name=\"twitter:label1\" content=\"Escrito por\" \/>\n\t<meta name=\"twitter:data1\" content=\"Washington Tiago\" \/>\n\t<meta name=\"twitter:label2\" content=\"Est. tempo de leitura\" \/>\n\t<meta name=\"twitter:data2\" content=\"2 minutos\" \/>\n<script type=\"application\/ld+json\" class=\"yoast-schema-graph\">{\"@context\":\"https:\/\/schema.org\",\"@graph\":[{\"@type\":\"Article\",\"@id\":\"http:\/\/sudoesteacontece.com.br\/?p=10468#article\",\"isPartOf\":{\"@id\":\"http:\/\/sudoesteacontece.com.br\/?p=10468\"},\"author\":{\"name\":\"Washington Tiago\",\"@id\":\"https:\/\/sudoesteacontece.com.br\/#\/schema\/person\/3cf2cf009926a9683ebc29d5379fa79c\"},\"headline\":\"Bolsonaro tem piora na fun\u00e7\u00e3o renal e segue internado na UTI com pneumonia\",\"datePublished\":\"2026-03-14T22:46:16+00:00\",\"dateModified\":\"2026-03-14T22:46:21+00:00\",\"mainEntityOfPage\":{\"@id\":\"http:\/\/sudoesteacontece.com.br\/?p=10468\"},\"wordCount\":210,\"commentCount\":0,\"publisher\":{\"@id\":\"https:\/\/sudoesteacontece.com.br\/#organization\"},\"image\":{\"@id\":\"http:\/\/sudoesteacontece.com.br\/?p=10468#primaryimage\"},\"thumbnailUrl\":\"http:\/\/sudoesteacontece.com.br\/wp-content\/uploads\/2026\/03\/bolsonaro.jpg\",\"articleSection\":[\"Brasil\",\"Justi\u00e7a\",\"Pol\u00edtica\",\"Sa\u00fade\"],\"inLanguage\":\"pt-BR\",\"potentialAction\":[{\"@type\":\"CommentAction\",\"name\":\"Comment\",\"target\":[\"http:\/\/sudoesteacontece.com.br\/?p=10468#respond\"]}]},{\"@type\":\"WebPage\",\"@id\":\"http:\/\/sudoesteacontece.com.br\/?p=10468\",\"url\":\"http:\/\/sudoesteacontece.com.br\/?p=10468\",\"name\":\"Bolsonaro tem piora na fun\u00e7\u00e3o renal e segue internado na UTI com pneumonia - Sudoesteacontece\",\"isPartOf\":{\"@id\":\"https:\/\/sudoesteacontece.com.br\/#website\"},\"primaryImageOfPage\":{\"@id\":\"http:\/\/sudoesteacontece.com.br\/?p=10468#primaryimage\"},\"image\":{\"@id\":\"http:\/\/sudoesteacontece.com.br\/?p=10468#primaryimage\"},\"thumbnailUrl\":\"http:\/\/sudoesteacontece.com.br\/wp-content\/uploads\/2026\/03\/bolsonaro.jpg\",\"datePublished\":\"2026-03-14T22:46:16+00:00\",\"dateModified\":\"2026-03-14T22:46:21+00:00\",\"breadcrumb\":{\"@id\":\"http:\/\/sudoesteacontece.com.br\/?p=10468#breadcrumb\"},\"inLanguage\":\"pt-BR\",\"potentialAction\":[{\"@type\":\"ReadAction\",\"target\":[\"http:\/\/sudoesteacontece.com.br\/?p=10468\"]}]},{\"@type\":\"ImageObject\",\"inLanguage\":\"pt-BR\",\"@id\":\"http:\/\/sudoesteacontece.com.br\/?p=10468#primaryimage\",\"url\":\"https:\/\/sudoesteacontece.com.br\/wp-content\/uploads\/2026\/03\/bolsonaro.jpg\",\"contentUrl\":\"https:\/\/sudoesteacontece.com.br\/wp-content\/uploads\/2026\/03\/bolsonaro.jpg\",\"width\":900,\"height\":600},{\"@type\":\"BreadcrumbList\",\"@id\":\"http:\/\/sudoesteacontece.com.br\/?p=10468#breadcrumb\",\"itemListElement\":[{\"@type\":\"ListItem\",\"position\":1,\"name\":\"In\u00edcio\",\"item\":\"https:\/\/sudoesteacontece.com.br\/\"},{\"@type\":\"ListItem\",\"position\":2,\"name\":\"Bolsonaro tem piora na fun\u00e7\u00e3o renal e segue internado na UTI com pneumonia\"}]},{\"@type\":\"WebSite\",\"@id\":\"https:\/\/sudoesteacontece.com.br\/#website\",\"url\":\"https:\/\/sudoesteacontece.com.br\/\",\"name\":\"Sudoesteacontece\",\"description\":\"\",\"publisher\":{\"@id\":\"https:\/\/sudoesteacontece.com.br\/#organization\"},\"potentialAction\":[{\"@type\":\"SearchAction\",\"target\":{\"@type\":\"EntryPoint\",\"urlTemplate\":\"https:\/\/sudoesteacontece.com.br\/?s={search_term_string}\"},\"query-input\":{\"@type\":\"PropertyValueSpecification\",\"valueRequired\":true,\"valueName\":\"search_term_string\"}}],\"inLanguage\":\"pt-BR\"},{\"@type\":\"Organization\",\"@id\":\"https:\/\/sudoesteacontece.com.br\/#organization\",\"name\":\"Sudoesteacontece\",\"url\":\"https:\/\/sudoesteacontece.com.br\/\",\"logo\":{\"@type\":\"ImageObject\",\"inLanguage\":\"pt-BR\",\"@id\":\"https:\/\/sudoesteacontece.com.br\/#\/schema\/logo\/image\/\",\"url\":\"https:\/\/sudoesteacontece.com.br\/wp-content\/uploads\/2025\/12\/cropped-logo-2-180x180-1.png\",\"contentUrl\":\"https:\/\/sudoesteacontece.com.br\/wp-content\/uploads\/2025\/12\/cropped-logo-2-180x180-1.png\",\"width\":180,\"height\":180,\"caption\":\"Sudoesteacontece\"},\"image\":{\"@id\":\"https:\/\/sudoesteacontece.com.br\/#\/schema\/logo\/image\/\"},\"sameAs\":[\"https:\/\/www.facebook.com\/sudoesteacontece\/?locale=pt_BR\"]},{\"@type\":\"Person\",\"@id\":\"https:\/\/sudoesteacontece.com.br\/#\/schema\/person\/3cf2cf009926a9683ebc29d5379fa79c\",\"name\":\"Washington Tiago\",\"image\":{\"@type\":\"ImageObject\",\"inLanguage\":\"pt-BR\",\"@id\":\"https:\/\/sudoesteacontece.com.br\/#\/schema\/person\/image\/\",\"url\":\"https:\/\/secure.gravatar.com\/avatar\/33c43b8668157e040f9d1fe93c354bf087cbd8ba36270c1163198bd3ddcf2a56?s=96&d=mm&r=g\",\"contentUrl\":\"https:\/\/secure.gravatar.com\/avatar\/33c43b8668157e040f9d1fe93c354bf087cbd8ba36270c1163198bd3ddcf2a56?s=96&d=mm&r=g\",\"caption\":\"Washington Tiago\"},\"url\":\"https:\/\/sudoesteacontece.com.br\/?author=2\"}]}<\/script>\n<!-- \/ Yoast SEO plugin. -->","yoast_head_json":{"title":"Bolsonaro tem piora na fun\u00e7\u00e3o renal e segue internado na UTI com pneumonia - Sudoesteacontece","robots":{"index":"index","follow":"follow","max-snippet":"max-snippet:-1","max-image-preview":"max-image-preview:large","max-video-preview":"max-video-preview:-1"},"canonical":"http:\/\/sudoesteacontece.com.br\/?p=10468","og_locale":"pt_BR","og_type":"article","og_title":"Bolsonaro tem piora na fun\u00e7\u00e3o renal e segue internado na UTI com pneumonia - Sudoesteacontece","og_description":"Boletim m\u00e9dico divulgado neste s\u00e1bado (14) informou que o ex-presidente Jair Bolsonaro apresentou piora na fun\u00e7\u00e3o renal e aumento de marcadores inflamat\u00f3rios durante o per\u00edodo de interna\u00e7\u00e3o. Informa\u00e7\u00f5es divulgadas pelo Hospital DF Star indicam que, apesar das altera\u00e7\u00f5es detectadas nos exames recentes, o quadro cl\u00ednico do ex-presidente \u00e9 considerado est\u00e1vel pela equipe m\u00e9dica respons\u00e1vel. Tratamento ocorre na Unidade de Terapia Intensiva (UTI), onde Bolsonaro permanece sob monitoramento cont\u00ednuo enquanto recebe cuidados m\u00e9dicos para combater uma pneumonia bacteriana bilateral. Quadro pulmonar foi provocado por broncoaspira\u00e7\u00e3o, situa\u00e7\u00e3o que ocorre quando secre\u00e7\u00f5es ou conte\u00fados do est\u00f4mago acabam sendo aspirados para os pulm\u00f5es, causando inflama\u00e7\u00e3o e infec\u00e7\u00e3o. Acompanhamento m\u00e9dico segue sendo realizado com exames frequentes para avaliar a evolu\u00e7\u00e3o da infec\u00e7\u00e3o e da fun\u00e7\u00e3o renal. A equipe de sa\u00fade informou que o paciente permanece sob cuidados intensivos. Previs\u00e3o de alta ainda n\u00e3o foi divulgada. Segundo o hospital, a perman\u00eancia na UTI continua sendo necess\u00e1ria para garantir monitoramento constante e resposta r\u00e1pida a qualquer altera\u00e7\u00e3o no estado de sa\u00fade.","og_url":"http:\/\/sudoesteacontece.com.br\/?p=10468","og_site_name":"Sudoesteacontece","article_publisher":"https:\/\/www.facebook.com\/sudoesteacontece\/?locale=pt_BR","article_published_time":"2026-03-14T22:46:16+00:00","article_modified_time":"2026-03-14T22:46:21+00:00","og_image":[{"url":"http:\/\/sudoesteacontece.com.br\/wp-content\/uploads\/2026\/03\/bolsonaro.jpg","type":"","width":"","height":""}],"author":"Washington Tiago","twitter_card":"summary_large_image","twitter_misc":{"Escrito por":"Washington Tiago","Est. tempo de leitura":"2 minutos"},"schema":{"@context":"https:\/\/schema.org","@graph":[{"@type":"Article","@id":"http:\/\/sudoesteacontece.com.br\/?p=10468#article","isPartOf":{"@id":"http:\/\/sudoesteacontece.com.br\/?p=10468"},"author":{"name":"Washington Tiago","@id":"https:\/\/sudoesteacontece.com.br\/#\/schema\/person\/3cf2cf009926a9683ebc29d5379fa79c"},"headline":"Bolsonaro tem piora na fun\u00e7\u00e3o renal e segue internado na UTI com pneumonia","datePublished":"2026-03-14T22:46:16+00:00","dateModified":"2026-03-14T22:46:21+00:00","mainEntityOfPage":{"@id":"http:\/\/sudoesteacontece.com.br\/?p=10468"},"wordCount":210,"commentCount":0,"publisher":{"@id":"https:\/\/sudoesteacontece.com.br\/#organization"},"image":{"@id":"http:\/\/sudoesteacontece.com.br\/?p=10468#primaryimage"},"thumbnailUrl":"http:\/\/sudoesteacontece.com.br\/wp-content\/uploads\/2026\/03\/bolsonaro.jpg","articleSection":["Brasil","Justi\u00e7a","Pol\u00edtica","Sa\u00fade"],"inLanguage":"pt-BR","potentialAction":[{"@type":"CommentAction","name":"Comment","target":["http:\/\/sudoesteacontece.com.br\/?p=10468#respond"]}]},{"@type":"WebPage","@id":"http:\/\/sudoesteacontece.com.br\/?p=10468","url":"http:\/\/sudoesteacontece.com.br\/?p=10468","name":"Bolsonaro tem piora na fun\u00e7\u00e3o renal e segue internado na UTI com pneumonia - Sudoesteacontece","isPartOf":{"@id":"https:\/\/sudoesteacontece.com.br\/#website"},"primaryImageOfPage":{"@id":"http:\/\/sudoesteacontece.com.br\/?p=10468#primaryimage"},"image":{"@id":"http:\/\/sudoesteacontece.com.br\/?p=10468#primaryimage"},"thumbnailUrl":"http:\/\/sudoesteacontece.com.br\/wp-content\/uploads\/2026\/03\/bolsonaro.jpg","datePublished":"2026-03-14T22:46:16+00:00","dateModified":"2026-03-14T22:46:21+00:00","breadcrumb":{"@id":"http:\/\/sudoesteacontece.com.br\/?p=10468#breadcrumb"},"inLanguage":"pt-BR","potentialAction":[{"@type":"ReadAction","target":["http:\/\/sudoesteacontece.com.br\/?p=10468"]}]},{"@type":"ImageObject","inLanguage":"pt-BR","@id":"http:\/\/sudoesteacontece.com.br\/?p=10468#primaryimage","url":"https:\/\/sudoesteacontece.com.br\/wp-content\/uploads\/2026\/03\/bolsonaro.jpg","contentUrl":"https:\/\/sudoesteacontece.com.br\/wp-content\/uploads\/2026\/03\/bolsonaro.jpg","width":900,"height":600},{"@type":"BreadcrumbList","@id":"http:\/\/sudoesteacontece.com.br\/?p=10468#breadcrumb","itemListElement":[{"@type":"ListItem","position":1,"name":"In\u00edcio","item":"https:\/\/sudoesteacontece.com.br\/"},{"@type":"ListItem","position":2,"name":"Bolsonaro tem piora na fun\u00e7\u00e3o renal e segue internado na UTI com pneumonia"}]},{"@type":"WebSite","@id":"https:\/\/sudoesteacontece.com.br\/#website","url":"https:\/\/sudoesteacontece.com.br\/","name":"Sudoesteacontece","description":"","publisher":{"@id":"https:\/\/sudoesteacontece.com.br\/#organization"},"potentialAction":[{"@type":"SearchAction","target":{"@type":"EntryPoint","urlTemplate":"https:\/\/sudoesteacontece.com.br\/?s={search_term_string}"},"query-input":{"@type":"PropertyValueSpecification","valueRequired":true,"valueName":"search_term_string"}}],"inLanguage":"pt-BR"},{"@type":"Organization","@id":"https:\/\/sudoesteacontece.com.br\/#organization","name":"Sudoesteacontece","url":"https:\/\/sudoesteacontece.com.br\/","logo":{"@type":"ImageObject","inLanguage":"pt-BR","@id":"https:\/\/sudoesteacontece.com.br\/#\/schema\/logo\/image\/","url":"https:\/\/sudoesteacontece.com.br\/wp-content\/uploads\/2025\/12\/cropped-logo-2-180x180-1.png","contentUrl":"https:\/\/sudoesteacontece.com.br\/wp-content\/uploads\/2025\/12\/cropped-logo-2-180x180-1.png","width":180,"height":180,"caption":"Sudoesteacontece"},"image":{"@id":"https:\/\/sudoesteacontece.com.br\/#\/schema\/logo\/image\/"},"sameAs":["https:\/\/www.facebook.com\/sudoesteacontece\/?locale=pt_BR"]},{"@type":"Person","@id":"https:\/\/sudoesteacontece.com.br\/#\/schema\/person\/3cf2cf009926a9683ebc29d5379fa79c","name":"Washington Tiago","image":{"@type":"ImageObject","inLanguage":"pt-BR","@id":"https:\/\/sudoesteacontece.com.br\/#\/schema\/person\/image\/","url":"https:\/\/secure.gravatar.com\/avatar\/33c43b8668157e040f9d1fe93c354bf087cbd8ba36270c1163198bd3ddcf2a56?s=96&d=mm&r=g","contentUrl":"https:\/\/secure.gravatar.com\/avatar\/33c43b8668157e040f9d1fe93c354bf087cbd8ba36270c1163198bd3ddcf2a56?s=96&d=mm&r=g","caption":"Washington Tiago"},"url":"https:\/\/sudoesteacontece.com.br\/?author=2"}]}},"_links":{"self":[{"href":"https:\/\/sudoesteacontece.com.br\/index.php?rest_route=\/wp\/v2\/posts\/10468","targetHints":{"allow":["GET"]}}],"collection":[{"href":"https:\/\/sudoesteacontece.com.br\/index.php?rest_route=\/wp\/v2\/posts"}],"about":[{"href":"https:\/\/sudoesteacontece.com.br\/index.php?rest_route=\/wp\/v2\/types\/post"}],"author":[{"embeddable":true,"href":"https:\/\/sudoesteacontece.com.br\/index.php?rest_route=\/wp\/v2\/users\/2"}],"replies":[{"embeddable":true,"href":"https:\/\/sudoesteacontece.com.br\/index.php?rest_route=%2Fwp%2Fv2%2Fcomments&post=10468"}],"version-history":[{"count":0,"href":"https:\/\/sudoesteacontece.com.br\/index.php?rest_route=\/wp\/v2\/posts\/10468\/revisions"}],"wp:attachment":[{"href":"https:\/\/sudoesteacontece.com.br\/index.php?rest_route=%2Fwp%2Fv2%2Fmedia&parent=10468"}],"wp:term":[{"taxonomy":"category","embeddable":true,"href":"https:\/\/sudoesteacontece.com.br\/index.php?rest_route=%2Fwp%2Fv2%2Fcategories&post=10468"},{"taxonomy":"post_tag","embeddable":true,"href":"https:\/\/sudoesteacontece.com.br\/index.php?rest_route=%2Fwp%2Fv2%2Ftags&post=10468"}],"curies":[{"name":"wp","href":"https:\/\/api.w.org\/{rel}","templated":true}]}}