{"id":1083,"date":"2025-10-28T11:24:27","date_gmt":"2025-10-28T14:24:27","guid":{"rendered":"https:\/\/sudoesteacontece.com.br\/?p=1083"},"modified":"2025-10-28T11:24:28","modified_gmt":"2025-10-28T14:24:28","slug":"bom-jesus-da-lapa-e-incluida-na-rota-de-turismo-religioso-e-cultural-da-bahia","status":"publish","type":"post","link":"https:\/\/sudoesteacontece.com.br\/?p=1083","title":{"rendered":"Bom Jesus da Lapa \u00e9 inclu\u00edda na rota de turismo religioso e cultural da Bahia"},"content":{"rendered":"<div class=\"wp-block-image\">\n<figure class=\"aligncenter size-large\"><img fetchpriority=\"high\" decoding=\"async\" width=\"1024\" height=\"683\" src=\"http:\/\/sudoesteacontece.com.br\/wp-content\/uploads\/2025\/10\/Bom-Jesus-da-Lapa-e-incluida-na-rota-de-turismo-religioso-e-cultural-da-Bahia-sudoeste-acontece-1024x683.webp\" alt=\"\" class=\"wp-image-1117\" srcset=\"https:\/\/sudoesteacontece.com.br\/wp-content\/uploads\/2025\/10\/Bom-Jesus-da-Lapa-e-incluida-na-rota-de-turismo-religioso-e-cultural-da-Bahia-sudoeste-acontece-1024x683.webp 1024w, https:\/\/sudoesteacontece.com.br\/wp-content\/uploads\/2025\/10\/Bom-Jesus-da-Lapa-e-incluida-na-rota-de-turismo-religioso-e-cultural-da-Bahia-sudoeste-acontece-300x200.webp 300w, https:\/\/sudoesteacontece.com.br\/wp-content\/uploads\/2025\/10\/Bom-Jesus-da-Lapa-e-incluida-na-rota-de-turismo-religioso-e-cultural-da-Bahia-sudoeste-acontece-768x512.webp 768w, https:\/\/sudoesteacontece.com.br\/wp-content\/uploads\/2025\/10\/Bom-Jesus-da-Lapa-e-incluida-na-rota-de-turismo-religioso-e-cultural-da-Bahia-sudoeste-acontece.webp 1440w\" sizes=\"(max-width: 1024px) 100vw, 1024px\" \/><\/figure>\n<\/div>\n\n\n<p>Cidade de Bom Jesus da Lapa foi oficialmente inserida na nova rota do turismo da Bahia, lan\u00e7ada pela Secretaria de Turismo do Estado (Setur-BA). A inclus\u00e3o faz parte de uma atualiza\u00e7\u00e3o do mapa tur\u00edstico do estado, que agora abrange dez novos munic\u00edpios, refor\u00e7ando o reconhecimento de destinos com grande potencial cultural, natural e religioso.<\/p>\n\n\n\n<p>Com a reconfigura\u00e7\u00e3o, a Bahia passa a contar com 13 zonas tur\u00edsticas consolidadas. A iniciativa visa fortalecer a regionaliza\u00e7\u00e3o das pol\u00edticas p\u00fablicas e promover de forma integrada os destinos tur\u00edsticos do estado. O objetivo \u00e9 estimular o desenvolvimento local, gerar emprego e renda, e destacar a diversidade de experi\u00eancias tur\u00edsticas, que v\u00e3o do litoral ao sert\u00e3o.<\/p>\n\n\n\n<p>Bom Jesus da Lapa, j\u00e1 conhecida como a Capital Baiana da F\u00e9, ganha maior visibilidade ao integrar oficialmente as rotas de turismo religioso e cultural. A cidade, que recebe milh\u00f5es de romeiros todos os anos para o Santu\u00e1rio do Bom Jesus da Lapa, agora tem seu potencial tur\u00edstico ampliado com o apoio de a\u00e7\u00f5es de promo\u00e7\u00e3o e estrutura\u00e7\u00e3o da Setur.<\/p>\n\n\n\n<p>Al\u00e9m do turismo religioso, Bom Jesus da Lapa tamb\u00e9m atrai visitantes por seus atrativos naturais, como as grutas, o rio S\u00e3o Francisco e a gastronomia regional. A combina\u00e7\u00e3o de f\u00e9, natureza e hospitalidade torna a cidade um destino completo para turistas de diversos perfis.<\/p>\n\n\n\n<p>A Setur-BA destaca que a inclus\u00e3o dos novos munic\u00edpios visa fortalecer o planejamento regional do turismo, incentivar o empreendedorismo local e promover a sustentabilidade das atividades econ\u00f4micas ligadas ao setor.<\/p>\n","protected":false},"excerpt":{"rendered":"<p>Cidade de Bom Jesus da Lapa foi oficialmente inserida na nova rota do turismo da Bahia, lan\u00e7ada pela Secretaria de Turismo do Estado (Setur-BA). A inclus\u00e3o faz parte de uma atualiza\u00e7\u00e3o do mapa tur\u00edstico do estado, que agora abrange dez novos munic\u00edpios, refor\u00e7ando o reconhecimento de destinos com grande potencial cultural, natural e religioso. Com a reconfigura\u00e7\u00e3o, a Bahia passa a contar com 13 zonas tur\u00edsticas consolidadas. A iniciativa visa fortalecer a regionaliza\u00e7\u00e3o das pol\u00edticas p\u00fablicas e promover de forma integrada os destinos tur\u00edsticos do estado. O objetivo \u00e9 estimular o desenvolvimento local, gerar emprego e renda, e destacar a diversidade de experi\u00eancias tur\u00edsticas, que v\u00e3o do litoral ao sert\u00e3o. Bom Jesus da Lapa, j\u00e1 conhecida como a Capital Baiana da F\u00e9, ganha maior visibilidade ao integrar oficialmente as rotas de turismo religioso e cultural. A cidade, que recebe milh\u00f5es de romeiros todos os anos para o Santu\u00e1rio do Bom Jesus da Lapa, agora tem seu potencial tur\u00edstico ampliado com o apoio de a\u00e7\u00f5es de promo\u00e7\u00e3o e estrutura\u00e7\u00e3o da Setur. Al\u00e9m do turismo religioso, Bom Jesus da Lapa tamb\u00e9m atrai visitantes por seus atrativos naturais, como as grutas, o rio S\u00e3o Francisco e a gastronomia regional. A combina\u00e7\u00e3o de f\u00e9, natureza e hospitalidade torna a cidade um destino completo para turistas de diversos perfis. A Setur-BA destaca que a inclus\u00e3o dos novos munic\u00edpios visa fortalecer o planejamento regional do turismo, incentivar o empreendedorismo local e promover a sustentabilidade das atividades econ\u00f4micas ligadas ao setor.<\/p>\n","protected":false},"author":2,"featured_media":1117,"comment_status":"open","ping_status":"open","sticky":false,"template":"","format":"standard","meta":{"footnotes":""},"categories":[4],"tags":[],"class_list":["post-1083","post","type-post","status-publish","format-standard","has-post-thumbnail","hentry","category-cidades"],"yoast_head":"<!-- This site is optimized with the Yoast SEO plugin v26.5 - https:\/\/yoast.com\/wordpress\/plugins\/seo\/ -->\n<title>Bom Jesus da Lapa \u00e9 inclu\u00edda na rota de turismo religioso e cultural da Bahia - Sudoesteacontece<\/title>\n<meta name=\"robots\" content=\"index, follow, max-snippet:-1, max-image-preview:large, max-video-preview:-1\" \/>\n<link rel=\"canonical\" href=\"https:\/\/sudoesteacontece.com.br\/?p=1083\" \/>\n<meta property=\"og:locale\" content=\"pt_BR\" \/>\n<meta property=\"og:type\" content=\"article\" \/>\n<meta property=\"og:title\" content=\"Bom Jesus da Lapa \u00e9 inclu\u00edda na rota de turismo religioso e cultural da Bahia - Sudoesteacontece\" \/>\n<meta property=\"og:description\" content=\"Cidade de Bom Jesus da Lapa foi oficialmente inserida na nova rota do turismo da Bahia, lan\u00e7ada pela Secretaria de Turismo do Estado (Setur-BA). A inclus\u00e3o faz parte de uma atualiza\u00e7\u00e3o do mapa tur\u00edstico do estado, que agora abrange dez novos munic\u00edpios, refor\u00e7ando o reconhecimento de destinos com grande potencial cultural, natural e religioso. Com a reconfigura\u00e7\u00e3o, a Bahia passa a contar com 13 zonas tur\u00edsticas consolidadas. A iniciativa visa fortalecer a regionaliza\u00e7\u00e3o das pol\u00edticas p\u00fablicas e promover de forma integrada os destinos tur\u00edsticos do estado. O objetivo \u00e9 estimular o desenvolvimento local, gerar emprego e renda, e destacar a diversidade de experi\u00eancias tur\u00edsticas, que v\u00e3o do litoral ao sert\u00e3o. Bom Jesus da Lapa, j\u00e1 conhecida como a Capital Baiana da F\u00e9, ganha maior visibilidade ao integrar oficialmente as rotas de turismo religioso e cultural. A cidade, que recebe milh\u00f5es de romeiros todos os anos para o Santu\u00e1rio do Bom Jesus da Lapa, agora tem seu potencial tur\u00edstico ampliado com o apoio de a\u00e7\u00f5es de promo\u00e7\u00e3o e estrutura\u00e7\u00e3o da Setur. Al\u00e9m do turismo religioso, Bom Jesus da Lapa tamb\u00e9m atrai visitantes por seus atrativos naturais, como as grutas, o rio S\u00e3o Francisco e a gastronomia regional. A combina\u00e7\u00e3o de f\u00e9, natureza e hospitalidade torna a cidade um destino completo para turistas de diversos perfis. A Setur-BA destaca que a inclus\u00e3o dos novos munic\u00edpios visa fortalecer o planejamento regional do turismo, incentivar o empreendedorismo local e promover a sustentabilidade das atividades econ\u00f4micas ligadas ao setor.\" \/>\n<meta property=\"og:url\" content=\"https:\/\/sudoesteacontece.com.br\/?p=1083\" \/>\n<meta property=\"og:site_name\" content=\"Sudoesteacontece\" \/>\n<meta property=\"article:publisher\" content=\"https:\/\/www.facebook.com\/sudoesteacontece\/?locale=pt_BR\" \/>\n<meta property=\"article:published_time\" content=\"2025-10-28T14:24:27+00:00\" \/>\n<meta property=\"article:modified_time\" content=\"2025-10-28T14:24:28+00:00\" \/>\n<meta property=\"og:image\" content=\"https:\/\/sudoesteacontece.com.br\/wp-content\/uploads\/2025\/10\/Bom-Jesus-da-Lapa-e-incluida-na-rota-de-turismo-religioso-e-cultural-da-Bahia-sudoeste-acontece.webp\" \/>\n\t<meta property=\"og:image:width\" content=\"1440\" \/>\n\t<meta property=\"og:image:height\" content=\"960\" \/>\n\t<meta property=\"og:image:type\" content=\"image\/webp\" \/>\n<meta name=\"author\" content=\"Washington Tiago\" \/>\n<meta name=\"twitter:card\" content=\"summary_large_image\" \/>\n<meta name=\"twitter:label1\" content=\"Escrito por\" \/>\n\t<meta name=\"twitter:data1\" content=\"Washington Tiago\" \/>\n\t<meta name=\"twitter:label2\" content=\"Est. tempo de leitura\" \/>\n\t<meta name=\"twitter:data2\" content=\"1 minuto\" \/>\n<script type=\"application\/ld+json\" class=\"yoast-schema-graph\">{\"@context\":\"https:\/\/schema.org\",\"@graph\":[{\"@type\":\"Article\",\"@id\":\"https:\/\/sudoesteacontece.com.br\/?p=1083#article\",\"isPartOf\":{\"@id\":\"https:\/\/sudoesteacontece.com.br\/?p=1083\"},\"author\":{\"name\":\"Washington Tiago\",\"@id\":\"https:\/\/sudoesteacontece.com.br\/#\/schema\/person\/3cf2cf009926a9683ebc29d5379fa79c\"},\"headline\":\"Bom Jesus da Lapa \u00e9 inclu\u00edda na rota de turismo religioso e cultural da Bahia\",\"datePublished\":\"2025-10-28T14:24:27+00:00\",\"dateModified\":\"2025-10-28T14:24:28+00:00\",\"mainEntityOfPage\":{\"@id\":\"https:\/\/sudoesteacontece.com.br\/?p=1083\"},\"wordCount\":286,\"commentCount\":0,\"publisher\":{\"@id\":\"https:\/\/sudoesteacontece.com.br\/#organization\"},\"image\":{\"@id\":\"https:\/\/sudoesteacontece.com.br\/?p=1083#primaryimage\"},\"thumbnailUrl\":\"https:\/\/sudoesteacontece.com.br\/wp-content\/uploads\/2025\/10\/Bom-Jesus-da-Lapa-e-incluida-na-rota-de-turismo-religioso-e-cultural-da-Bahia-sudoeste-acontece.webp\",\"articleSection\":[\"Cidades\"],\"inLanguage\":\"pt-BR\",\"potentialAction\":[{\"@type\":\"CommentAction\",\"name\":\"Comment\",\"target\":[\"https:\/\/sudoesteacontece.com.br\/?p=1083#respond\"]}]},{\"@type\":\"WebPage\",\"@id\":\"https:\/\/sudoesteacontece.com.br\/?p=1083\",\"url\":\"https:\/\/sudoesteacontece.com.br\/?p=1083\",\"name\":\"Bom Jesus da Lapa \u00e9 inclu\u00edda na rota de turismo religioso e cultural da Bahia - Sudoesteacontece\",\"isPartOf\":{\"@id\":\"https:\/\/sudoesteacontece.com.br\/#website\"},\"primaryImageOfPage\":{\"@id\":\"https:\/\/sudoesteacontece.com.br\/?p=1083#primaryimage\"},\"image\":{\"@id\":\"https:\/\/sudoesteacontece.com.br\/?p=1083#primaryimage\"},\"thumbnailUrl\":\"https:\/\/sudoesteacontece.com.br\/wp-content\/uploads\/2025\/10\/Bom-Jesus-da-Lapa-e-incluida-na-rota-de-turismo-religioso-e-cultural-da-Bahia-sudoeste-acontece.webp\",\"datePublished\":\"2025-10-28T14:24:27+00:00\",\"dateModified\":\"2025-10-28T14:24:28+00:00\",\"breadcrumb\":{\"@id\":\"https:\/\/sudoesteacontece.com.br\/?p=1083#breadcrumb\"},\"inLanguage\":\"pt-BR\",\"potentialAction\":[{\"@type\":\"ReadAction\",\"target\":[\"https:\/\/sudoesteacontece.com.br\/?p=1083\"]}]},{\"@type\":\"ImageObject\",\"inLanguage\":\"pt-BR\",\"@id\":\"https:\/\/sudoesteacontece.com.br\/?p=1083#primaryimage\",\"url\":\"https:\/\/sudoesteacontece.com.br\/wp-content\/uploads\/2025\/10\/Bom-Jesus-da-Lapa-e-incluida-na-rota-de-turismo-religioso-e-cultural-da-Bahia-sudoeste-acontece.webp\",\"contentUrl\":\"https:\/\/sudoesteacontece.com.br\/wp-content\/uploads\/2025\/10\/Bom-Jesus-da-Lapa-e-incluida-na-rota-de-turismo-religioso-e-cultural-da-Bahia-sudoeste-acontece.webp\",\"width\":1440,\"height\":960},{\"@type\":\"BreadcrumbList\",\"@id\":\"https:\/\/sudoesteacontece.com.br\/?p=1083#breadcrumb\",\"itemListElement\":[{\"@type\":\"ListItem\",\"position\":1,\"name\":\"In\u00edcio\",\"item\":\"https:\/\/sudoesteacontece.com.br\/\"},{\"@type\":\"ListItem\",\"position\":2,\"name\":\"Bom Jesus da Lapa \u00e9 inclu\u00edda na rota de turismo religioso e cultural da Bahia\"}]},{\"@type\":\"WebSite\",\"@id\":\"https:\/\/sudoesteacontece.com.br\/#website\",\"url\":\"https:\/\/sudoesteacontece.com.br\/\",\"name\":\"Sudoesteacontece\",\"description\":\"\",\"publisher\":{\"@id\":\"https:\/\/sudoesteacontece.com.br\/#organization\"},\"potentialAction\":[{\"@type\":\"SearchAction\",\"target\":{\"@type\":\"EntryPoint\",\"urlTemplate\":\"https:\/\/sudoesteacontece.com.br\/?s={search_term_string}\"},\"query-input\":{\"@type\":\"PropertyValueSpecification\",\"valueRequired\":true,\"valueName\":\"search_term_string\"}}],\"inLanguage\":\"pt-BR\"},{\"@type\":\"Organization\",\"@id\":\"https:\/\/sudoesteacontece.com.br\/#organization\",\"name\":\"Sudoesteacontece\",\"url\":\"https:\/\/sudoesteacontece.com.br\/\",\"logo\":{\"@type\":\"ImageObject\",\"inLanguage\":\"pt-BR\",\"@id\":\"https:\/\/sudoesteacontece.com.br\/#\/schema\/logo\/image\/\",\"url\":\"https:\/\/sudoesteacontece.com.br\/wp-content\/uploads\/2025\/12\/cropped-logo-2-180x180-1.png\",\"contentUrl\":\"https:\/\/sudoesteacontece.com.br\/wp-content\/uploads\/2025\/12\/cropped-logo-2-180x180-1.png\",\"width\":180,\"height\":180,\"caption\":\"Sudoesteacontece\"},\"image\":{\"@id\":\"https:\/\/sudoesteacontece.com.br\/#\/schema\/logo\/image\/\"},\"sameAs\":[\"https:\/\/www.facebook.com\/sudoesteacontece\/?locale=pt_BR\"]},{\"@type\":\"Person\",\"@id\":\"https:\/\/sudoesteacontece.com.br\/#\/schema\/person\/3cf2cf009926a9683ebc29d5379fa79c\",\"name\":\"Washington Tiago\",\"image\":{\"@type\":\"ImageObject\",\"inLanguage\":\"pt-BR\",\"@id\":\"https:\/\/sudoesteacontece.com.br\/#\/schema\/person\/image\/\",\"url\":\"https:\/\/secure.gravatar.com\/avatar\/33c43b8668157e040f9d1fe93c354bf087cbd8ba36270c1163198bd3ddcf2a56?s=96&d=mm&r=g\",\"contentUrl\":\"https:\/\/secure.gravatar.com\/avatar\/33c43b8668157e040f9d1fe93c354bf087cbd8ba36270c1163198bd3ddcf2a56?s=96&d=mm&r=g\",\"caption\":\"Washington Tiago\"},\"url\":\"https:\/\/sudoesteacontece.com.br\/?author=2\"}]}<\/script>\n<!-- \/ Yoast SEO plugin. -->","yoast_head_json":{"title":"Bom Jesus da Lapa \u00e9 inclu\u00edda na rota de turismo religioso e cultural da Bahia - Sudoesteacontece","robots":{"index":"index","follow":"follow","max-snippet":"max-snippet:-1","max-image-preview":"max-image-preview:large","max-video-preview":"max-video-preview:-1"},"canonical":"https:\/\/sudoesteacontece.com.br\/?p=1083","og_locale":"pt_BR","og_type":"article","og_title":"Bom Jesus da Lapa \u00e9 inclu\u00edda na rota de turismo religioso e cultural da Bahia - Sudoesteacontece","og_description":"Cidade de Bom Jesus da Lapa foi oficialmente inserida na nova rota do turismo da Bahia, lan\u00e7ada pela Secretaria de Turismo do Estado (Setur-BA). A inclus\u00e3o faz parte de uma atualiza\u00e7\u00e3o do mapa tur\u00edstico do estado, que agora abrange dez novos munic\u00edpios, refor\u00e7ando o reconhecimento de destinos com grande potencial cultural, natural e religioso. Com a reconfigura\u00e7\u00e3o, a Bahia passa a contar com 13 zonas tur\u00edsticas consolidadas. A iniciativa visa fortalecer a regionaliza\u00e7\u00e3o das pol\u00edticas p\u00fablicas e promover de forma integrada os destinos tur\u00edsticos do estado. O objetivo \u00e9 estimular o desenvolvimento local, gerar emprego e renda, e destacar a diversidade de experi\u00eancias tur\u00edsticas, que v\u00e3o do litoral ao sert\u00e3o. Bom Jesus da Lapa, j\u00e1 conhecida como a Capital Baiana da F\u00e9, ganha maior visibilidade ao integrar oficialmente as rotas de turismo religioso e cultural. A cidade, que recebe milh\u00f5es de romeiros todos os anos para o Santu\u00e1rio do Bom Jesus da Lapa, agora tem seu potencial tur\u00edstico ampliado com o apoio de a\u00e7\u00f5es de promo\u00e7\u00e3o e estrutura\u00e7\u00e3o da Setur. Al\u00e9m do turismo religioso, Bom Jesus da Lapa tamb\u00e9m atrai visitantes por seus atrativos naturais, como as grutas, o rio S\u00e3o Francisco e a gastronomia regional. A combina\u00e7\u00e3o de f\u00e9, natureza e hospitalidade torna a cidade um destino completo para turistas de diversos perfis. A Setur-BA destaca que a inclus\u00e3o dos novos munic\u00edpios visa fortalecer o planejamento regional do turismo, incentivar o empreendedorismo local e promover a sustentabilidade das atividades econ\u00f4micas ligadas ao setor.","og_url":"https:\/\/sudoesteacontece.com.br\/?p=1083","og_site_name":"Sudoesteacontece","article_publisher":"https:\/\/www.facebook.com\/sudoesteacontece\/?locale=pt_BR","article_published_time":"2025-10-28T14:24:27+00:00","article_modified_time":"2025-10-28T14:24:28+00:00","og_image":[{"width":1440,"height":960,"url":"https:\/\/sudoesteacontece.com.br\/wp-content\/uploads\/2025\/10\/Bom-Jesus-da-Lapa-e-incluida-na-rota-de-turismo-religioso-e-cultural-da-Bahia-sudoeste-acontece.webp","type":"image\/webp"}],"author":"Washington Tiago","twitter_card":"summary_large_image","twitter_misc":{"Escrito por":"Washington Tiago","Est. tempo de leitura":"1 minuto"},"schema":{"@context":"https:\/\/schema.org","@graph":[{"@type":"Article","@id":"https:\/\/sudoesteacontece.com.br\/?p=1083#article","isPartOf":{"@id":"https:\/\/sudoesteacontece.com.br\/?p=1083"},"author":{"name":"Washington Tiago","@id":"https:\/\/sudoesteacontece.com.br\/#\/schema\/person\/3cf2cf009926a9683ebc29d5379fa79c"},"headline":"Bom Jesus da Lapa \u00e9 inclu\u00edda na rota de turismo religioso e cultural da Bahia","datePublished":"2025-10-28T14:24:27+00:00","dateModified":"2025-10-28T14:24:28+00:00","mainEntityOfPage":{"@id":"https:\/\/sudoesteacontece.com.br\/?p=1083"},"wordCount":286,"commentCount":0,"publisher":{"@id":"https:\/\/sudoesteacontece.com.br\/#organization"},"image":{"@id":"https:\/\/sudoesteacontece.com.br\/?p=1083#primaryimage"},"thumbnailUrl":"https:\/\/sudoesteacontece.com.br\/wp-content\/uploads\/2025\/10\/Bom-Jesus-da-Lapa-e-incluida-na-rota-de-turismo-religioso-e-cultural-da-Bahia-sudoeste-acontece.webp","articleSection":["Cidades"],"inLanguage":"pt-BR","potentialAction":[{"@type":"CommentAction","name":"Comment","target":["https:\/\/sudoesteacontece.com.br\/?p=1083#respond"]}]},{"@type":"WebPage","@id":"https:\/\/sudoesteacontece.com.br\/?p=1083","url":"https:\/\/sudoesteacontece.com.br\/?p=1083","name":"Bom Jesus da Lapa \u00e9 inclu\u00edda na rota de turismo religioso e cultural da Bahia - Sudoesteacontece","isPartOf":{"@id":"https:\/\/sudoesteacontece.com.br\/#website"},"primaryImageOfPage":{"@id":"https:\/\/sudoesteacontece.com.br\/?p=1083#primaryimage"},"image":{"@id":"https:\/\/sudoesteacontece.com.br\/?p=1083#primaryimage"},"thumbnailUrl":"https:\/\/sudoesteacontece.com.br\/wp-content\/uploads\/2025\/10\/Bom-Jesus-da-Lapa-e-incluida-na-rota-de-turismo-religioso-e-cultural-da-Bahia-sudoeste-acontece.webp","datePublished":"2025-10-28T14:24:27+00:00","dateModified":"2025-10-28T14:24:28+00:00","breadcrumb":{"@id":"https:\/\/sudoesteacontece.com.br\/?p=1083#breadcrumb"},"inLanguage":"pt-BR","potentialAction":[{"@type":"ReadAction","target":["https:\/\/sudoesteacontece.com.br\/?p=1083"]}]},{"@type":"ImageObject","inLanguage":"pt-BR","@id":"https:\/\/sudoesteacontece.com.br\/?p=1083#primaryimage","url":"https:\/\/sudoesteacontece.com.br\/wp-content\/uploads\/2025\/10\/Bom-Jesus-da-Lapa-e-incluida-na-rota-de-turismo-religioso-e-cultural-da-Bahia-sudoeste-acontece.webp","contentUrl":"https:\/\/sudoesteacontece.com.br\/wp-content\/uploads\/2025\/10\/Bom-Jesus-da-Lapa-e-incluida-na-rota-de-turismo-religioso-e-cultural-da-Bahia-sudoeste-acontece.webp","width":1440,"height":960},{"@type":"BreadcrumbList","@id":"https:\/\/sudoesteacontece.com.br\/?p=1083#breadcrumb","itemListElement":[{"@type":"ListItem","position":1,"name":"In\u00edcio","item":"https:\/\/sudoesteacontece.com.br\/"},{"@type":"ListItem","position":2,"name":"Bom Jesus da Lapa \u00e9 inclu\u00edda na rota de turismo religioso e cultural da Bahia"}]},{"@type":"WebSite","@id":"https:\/\/sudoesteacontece.com.br\/#website","url":"https:\/\/sudoesteacontece.com.br\/","name":"Sudoesteacontece","description":"","publisher":{"@id":"https:\/\/sudoesteacontece.com.br\/#organization"},"potentialAction":[{"@type":"SearchAction","target":{"@type":"EntryPoint","urlTemplate":"https:\/\/sudoesteacontece.com.br\/?s={search_term_string}"},"query-input":{"@type":"PropertyValueSpecification","valueRequired":true,"valueName":"search_term_string"}}],"inLanguage":"pt-BR"},{"@type":"Organization","@id":"https:\/\/sudoesteacontece.com.br\/#organization","name":"Sudoesteacontece","url":"https:\/\/sudoesteacontece.com.br\/","logo":{"@type":"ImageObject","inLanguage":"pt-BR","@id":"https:\/\/sudoesteacontece.com.br\/#\/schema\/logo\/image\/","url":"https:\/\/sudoesteacontece.com.br\/wp-content\/uploads\/2025\/12\/cropped-logo-2-180x180-1.png","contentUrl":"https:\/\/sudoesteacontece.com.br\/wp-content\/uploads\/2025\/12\/cropped-logo-2-180x180-1.png","width":180,"height":180,"caption":"Sudoesteacontece"},"image":{"@id":"https:\/\/sudoesteacontece.com.br\/#\/schema\/logo\/image\/"},"sameAs":["https:\/\/www.facebook.com\/sudoesteacontece\/?locale=pt_BR"]},{"@type":"Person","@id":"https:\/\/sudoesteacontece.com.br\/#\/schema\/person\/3cf2cf009926a9683ebc29d5379fa79c","name":"Washington Tiago","image":{"@type":"ImageObject","inLanguage":"pt-BR","@id":"https:\/\/sudoesteacontece.com.br\/#\/schema\/person\/image\/","url":"https:\/\/secure.gravatar.com\/avatar\/33c43b8668157e040f9d1fe93c354bf087cbd8ba36270c1163198bd3ddcf2a56?s=96&d=mm&r=g","contentUrl":"https:\/\/secure.gravatar.com\/avatar\/33c43b8668157e040f9d1fe93c354bf087cbd8ba36270c1163198bd3ddcf2a56?s=96&d=mm&r=g","caption":"Washington Tiago"},"url":"https:\/\/sudoesteacontece.com.br\/?author=2"}]}},"_links":{"self":[{"href":"https:\/\/sudoesteacontece.com.br\/index.php?rest_route=\/wp\/v2\/posts\/1083","targetHints":{"allow":["GET"]}}],"collection":[{"href":"https:\/\/sudoesteacontece.com.br\/index.php?rest_route=\/wp\/v2\/posts"}],"about":[{"href":"https:\/\/sudoesteacontece.com.br\/index.php?rest_route=\/wp\/v2\/types\/post"}],"author":[{"embeddable":true,"href":"https:\/\/sudoesteacontece.com.br\/index.php?rest_route=\/wp\/v2\/users\/2"}],"replies":[{"embeddable":true,"href":"https:\/\/sudoesteacontece.com.br\/index.php?rest_route=%2Fwp%2Fv2%2Fcomments&post=1083"}],"version-history":[{"count":0,"href":"https:\/\/sudoesteacontece.com.br\/index.php?rest_route=\/wp\/v2\/posts\/1083\/revisions"}],"wp:featuredmedia":[{"embeddable":true,"href":"https:\/\/sudoesteacontece.com.br\/index.php?rest_route=\/wp\/v2\/media\/1117"}],"wp:attachment":[{"href":"https:\/\/sudoesteacontece.com.br\/index.php?rest_route=%2Fwp%2Fv2%2Fmedia&parent=1083"}],"wp:term":[{"taxonomy":"category","embeddable":true,"href":"https:\/\/sudoesteacontece.com.br\/index.php?rest_route=%2Fwp%2Fv2%2Fcategories&post=1083"},{"taxonomy":"post_tag","embeddable":true,"href":"https:\/\/sudoesteacontece.com.br\/index.php?rest_route=%2Fwp%2Fv2%2Ftags&post=1083"}],"curies":[{"name":"wp","href":"https:\/\/api.w.org\/{rel}","templated":true}]}}