{"id":1086,"date":"2025-10-28T11:17:14","date_gmt":"2025-10-28T14:17:14","guid":{"rendered":"https:\/\/sudoesteacontece.com.br\/?p=1086"},"modified":"2025-10-28T11:17:15","modified_gmt":"2025-10-28T14:17:15","slug":"pai-geddel-preve-vitoria-de-jeronimo-no-primeiro-turno-em-2026-e-critica-possivel-candidatura-de-acm-neto","status":"publish","type":"post","link":"https:\/\/sudoesteacontece.com.br\/?p=1086","title":{"rendered":"Pai Geddel prev\u00ea vit\u00f3ria de Jer\u00f4nimo no primeiro turno em 2026 e critica poss\u00edvel candidatura de ACM Neto"},"content":{"rendered":"<div class=\"wp-block-image\">\n<figure class=\"aligncenter size-full\"><img fetchpriority=\"high\" decoding=\"async\" width=\"1024\" height=\"625\" src=\"http:\/\/sudoesteacontece.com.br\/wp-content\/uploads\/2025\/10\/Pai-Geddel-preve-vitoria-de-Jeronimo-no-primeiro-turno-em-2026-e-critica-possivel-candidatura-de-ACM-Neto-sudoeste-acontece.jpg\" alt=\"\" class=\"wp-image-1113\" srcset=\"https:\/\/sudoesteacontece.com.br\/wp-content\/uploads\/2025\/10\/Pai-Geddel-preve-vitoria-de-Jeronimo-no-primeiro-turno-em-2026-e-critica-possivel-candidatura-de-ACM-Neto-sudoeste-acontece.jpg 1024w, https:\/\/sudoesteacontece.com.br\/wp-content\/uploads\/2025\/10\/Pai-Geddel-preve-vitoria-de-Jeronimo-no-primeiro-turno-em-2026-e-critica-possivel-candidatura-de-ACM-Neto-sudoeste-acontece-300x183.jpg 300w, https:\/\/sudoesteacontece.com.br\/wp-content\/uploads\/2025\/10\/Pai-Geddel-preve-vitoria-de-Jeronimo-no-primeiro-turno-em-2026-e-critica-possivel-candidatura-de-ACM-Neto-sudoeste-acontece-768x469.jpg 768w\" sizes=\"(max-width: 1024px) 100vw, 1024px\" \/><\/figure>\n<\/div>\n\n\n<p>Ex-ministro e deputado federal Geddel Vieira Lima (MDB) afirmou, nesta segunda-feira (27), que acredita na vit\u00f3ria do governador Jer\u00f4nimo Rodrigues (PT) ainda no primeiro turno das elei\u00e7\u00f5es de 2026. Durante entrevista ao podcast <em>PolitiQuestion<\/em>, Geddel disse que o governo de Jer\u00f4nimo tem sido bem avaliado e que o pol\u00edtico tem se mostrado uma &#8220;surpresa agrad\u00e1vel&#8221; para a Bahia.<\/p>\n\n\n\n<p>&#8220;Elei\u00e7\u00e3o nunca \u00e9 f\u00e1cil, sempre h\u00e1 surpresas, mas essa \u00e9 minha avalia\u00e7\u00e3o. Jer\u00f4nimo \u00e9 um pol\u00edtico com humildade genu\u00edna, querido pelo povo baiano, que pede foto e abra\u00e7a. E, ao contr\u00e1rio do que dizem, para mim, ele est\u00e1 fazendo um bom governo&#8221;, declarou Geddel.<\/p>\n\n\n\n<p>O ex-ministro tamb\u00e9m se posicionou sobre a poss\u00edvel candidatura de ACM Neto (Uni\u00e3o Brasil) nas elei\u00e7\u00f5es de 2026. Para Geddel, o ex-prefeito de Salvador n\u00e3o deve disputar as pr\u00f3ximas elei\u00e7\u00f5es. &#8220;Isso n\u00e3o \u00e9 especula\u00e7\u00e3o. Neto \u00e9 um jovem pol\u00edtico e, se ficar marcado como perdedor, sair\u00e1 fragilizado de uma disputa e derrota&#8221;, avaliou Geddel.<\/p>\n\n\n\n<p>Al\u00e9m disso, Geddel apontou outros nomes que poderiam surgir como alternativas na oposi\u00e7\u00e3o, como Jo\u00e3o Roma, atual presidente do PL Bahia, e Bruno Reis, prefeito de Salvador pelo Uni\u00e3o Brasil. &#8220;Para mim, Jo\u00e3o Roma e Bruno Reis s\u00e3o duas pessoas que podem surgir na disputa. Na minha vis\u00e3o, inclusive, Bruno Reis \u00e9 um pol\u00edtico mais qualificado que o ex-prefeito [ACM Neto]&#8221;, completou.<\/p>\n\n\n\n<p>A avalia\u00e7\u00e3o de Geddel se soma a um cen\u00e1rio pol\u00edtico onde a oposi\u00e7\u00e3o come\u00e7a a se reorganizar em busca de alternativas para desafiar a lideran\u00e7a do governo Jer\u00f4nimo em 2026. Enquanto isso, o governador segue com apoio popular significativo, especialmente ap\u00f3s a gest\u00e3o em \u00e1reas de grande import\u00e2ncia social para a Bahia.<\/p>\n","protected":false},"excerpt":{"rendered":"<p>Ex-ministro e deputado federal Geddel Vieira Lima (MDB) afirmou, nesta segunda-feira (27), que acredita na vit\u00f3ria do governador Jer\u00f4nimo Rodrigues (PT) ainda no primeiro turno das elei\u00e7\u00f5es de 2026. Durante entrevista ao podcast PolitiQuestion, Geddel disse que o governo de Jer\u00f4nimo tem sido bem avaliado e que o pol\u00edtico tem se mostrado uma &#8220;surpresa agrad\u00e1vel&#8221; para a Bahia. &#8220;Elei\u00e7\u00e3o nunca \u00e9 f\u00e1cil, sempre h\u00e1 surpresas, mas essa \u00e9 minha avalia\u00e7\u00e3o. Jer\u00f4nimo \u00e9 um pol\u00edtico com humildade genu\u00edna, querido pelo povo baiano, que pede foto e abra\u00e7a. E, ao contr\u00e1rio do que dizem, para mim, ele est\u00e1 fazendo um bom governo&#8221;, declarou Geddel. O ex-ministro tamb\u00e9m se posicionou sobre a poss\u00edvel candidatura de ACM Neto (Uni\u00e3o Brasil) nas elei\u00e7\u00f5es de 2026. Para Geddel, o ex-prefeito de Salvador n\u00e3o deve disputar as pr\u00f3ximas elei\u00e7\u00f5es. &#8220;Isso n\u00e3o \u00e9 especula\u00e7\u00e3o. Neto \u00e9 um jovem pol\u00edtico e, se ficar marcado como perdedor, sair\u00e1 fragilizado de uma disputa e derrota&#8221;, avaliou Geddel. Al\u00e9m disso, Geddel apontou outros nomes que poderiam surgir como alternativas na oposi\u00e7\u00e3o, como Jo\u00e3o Roma, atual presidente do PL Bahia, e Bruno Reis, prefeito de Salvador pelo Uni\u00e3o Brasil. &#8220;Para mim, Jo\u00e3o Roma e Bruno Reis s\u00e3o duas pessoas que podem surgir na disputa. Na minha vis\u00e3o, inclusive, Bruno Reis \u00e9 um pol\u00edtico mais qualificado que o ex-prefeito [ACM Neto]&#8221;, completou. A avalia\u00e7\u00e3o de Geddel se soma a um cen\u00e1rio pol\u00edtico onde a oposi\u00e7\u00e3o come\u00e7a a se reorganizar em busca de alternativas para desafiar a lideran\u00e7a do governo Jer\u00f4nimo em 2026. Enquanto isso, o governador segue com apoio popular significativo, especialmente ap\u00f3s a gest\u00e3o em \u00e1reas de grande import\u00e2ncia social para a Bahia.<\/p>\n","protected":false},"author":2,"featured_media":1113,"comment_status":"open","ping_status":"open","sticky":false,"template":"","format":"standard","meta":{"footnotes":""},"categories":[7,58,6],"tags":[],"class_list":["post-1086","post","type-post","status-publish","format-standard","has-post-thumbnail","hentry","category-bahia","category-eleicoes-2026","category-politica"],"yoast_head":"<!-- This site is optimized with the Yoast SEO plugin v26.5 - https:\/\/yoast.com\/wordpress\/plugins\/seo\/ -->\n<title>Pai Geddel prev\u00ea vit\u00f3ria de Jer\u00f4nimo no primeiro turno em 2026 e critica poss\u00edvel candidatura de ACM Neto - Sudoesteacontece<\/title>\n<meta name=\"robots\" content=\"index, follow, max-snippet:-1, max-image-preview:large, max-video-preview:-1\" \/>\n<link rel=\"canonical\" href=\"https:\/\/sudoesteacontece.com.br\/?p=1086\" \/>\n<meta property=\"og:locale\" content=\"pt_BR\" \/>\n<meta property=\"og:type\" content=\"article\" \/>\n<meta property=\"og:title\" content=\"Pai Geddel prev\u00ea vit\u00f3ria de Jer\u00f4nimo no primeiro turno em 2026 e critica poss\u00edvel candidatura de ACM Neto - Sudoesteacontece\" \/>\n<meta property=\"og:description\" content=\"Ex-ministro e deputado federal Geddel Vieira Lima (MDB) afirmou, nesta segunda-feira (27), que acredita na vit\u00f3ria do governador Jer\u00f4nimo Rodrigues (PT) ainda no primeiro turno das elei\u00e7\u00f5es de 2026. Durante entrevista ao podcast PolitiQuestion, Geddel disse que o governo de Jer\u00f4nimo tem sido bem avaliado e que o pol\u00edtico tem se mostrado uma &#8220;surpresa agrad\u00e1vel&#8221; para a Bahia. &#8220;Elei\u00e7\u00e3o nunca \u00e9 f\u00e1cil, sempre h\u00e1 surpresas, mas essa \u00e9 minha avalia\u00e7\u00e3o. Jer\u00f4nimo \u00e9 um pol\u00edtico com humildade genu\u00edna, querido pelo povo baiano, que pede foto e abra\u00e7a. E, ao contr\u00e1rio do que dizem, para mim, ele est\u00e1 fazendo um bom governo&#8221;, declarou Geddel. O ex-ministro tamb\u00e9m se posicionou sobre a poss\u00edvel candidatura de ACM Neto (Uni\u00e3o Brasil) nas elei\u00e7\u00f5es de 2026. Para Geddel, o ex-prefeito de Salvador n\u00e3o deve disputar as pr\u00f3ximas elei\u00e7\u00f5es. &#8220;Isso n\u00e3o \u00e9 especula\u00e7\u00e3o. Neto \u00e9 um jovem pol\u00edtico e, se ficar marcado como perdedor, sair\u00e1 fragilizado de uma disputa e derrota&#8221;, avaliou Geddel. Al\u00e9m disso, Geddel apontou outros nomes que poderiam surgir como alternativas na oposi\u00e7\u00e3o, como Jo\u00e3o Roma, atual presidente do PL Bahia, e Bruno Reis, prefeito de Salvador pelo Uni\u00e3o Brasil. &#8220;Para mim, Jo\u00e3o Roma e Bruno Reis s\u00e3o duas pessoas que podem surgir na disputa. Na minha vis\u00e3o, inclusive, Bruno Reis \u00e9 um pol\u00edtico mais qualificado que o ex-prefeito [ACM Neto]&#8221;, completou. A avalia\u00e7\u00e3o de Geddel se soma a um cen\u00e1rio pol\u00edtico onde a oposi\u00e7\u00e3o come\u00e7a a se reorganizar em busca de alternativas para desafiar a lideran\u00e7a do governo Jer\u00f4nimo em 2026. Enquanto isso, o governador segue com apoio popular significativo, especialmente ap\u00f3s a gest\u00e3o em \u00e1reas de grande import\u00e2ncia social para a Bahia.\" \/>\n<meta property=\"og:url\" content=\"https:\/\/sudoesteacontece.com.br\/?p=1086\" \/>\n<meta property=\"og:site_name\" content=\"Sudoesteacontece\" \/>\n<meta property=\"article:publisher\" content=\"https:\/\/www.facebook.com\/sudoesteacontece\/?locale=pt_BR\" \/>\n<meta property=\"article:published_time\" content=\"2025-10-28T14:17:14+00:00\" \/>\n<meta property=\"article:modified_time\" content=\"2025-10-28T14:17:15+00:00\" \/>\n<meta property=\"og:image\" content=\"https:\/\/sudoesteacontece.com.br\/wp-content\/uploads\/2025\/10\/Pai-Geddel-preve-vitoria-de-Jeronimo-no-primeiro-turno-em-2026-e-critica-possivel-candidatura-de-ACM-Neto-sudoeste-acontece.jpg\" \/>\n\t<meta property=\"og:image:width\" content=\"1024\" \/>\n\t<meta property=\"og:image:height\" content=\"625\" \/>\n\t<meta property=\"og:image:type\" content=\"image\/jpeg\" \/>\n<meta name=\"author\" content=\"Washington Tiago\" \/>\n<meta name=\"twitter:card\" content=\"summary_large_image\" \/>\n<meta name=\"twitter:label1\" content=\"Escrito por\" \/>\n\t<meta name=\"twitter:data1\" content=\"Washington Tiago\" \/>\n\t<meta name=\"twitter:label2\" content=\"Est. tempo de leitura\" \/>\n\t<meta name=\"twitter:data2\" content=\"2 minutos\" \/>\n<script type=\"application\/ld+json\" class=\"yoast-schema-graph\">{\"@context\":\"https:\/\/schema.org\",\"@graph\":[{\"@type\":\"Article\",\"@id\":\"https:\/\/sudoesteacontece.com.br\/?p=1086#article\",\"isPartOf\":{\"@id\":\"https:\/\/sudoesteacontece.com.br\/?p=1086\"},\"author\":{\"name\":\"Washington Tiago\",\"@id\":\"https:\/\/sudoesteacontece.com.br\/#\/schema\/person\/3cf2cf009926a9683ebc29d5379fa79c\"},\"headline\":\"Pai Geddel prev\u00ea vit\u00f3ria de Jer\u00f4nimo no primeiro turno em 2026 e critica poss\u00edvel candidatura de ACM Neto\",\"datePublished\":\"2025-10-28T14:17:14+00:00\",\"dateModified\":\"2025-10-28T14:17:15+00:00\",\"mainEntityOfPage\":{\"@id\":\"https:\/\/sudoesteacontece.com.br\/?p=1086\"},\"wordCount\":322,\"commentCount\":0,\"publisher\":{\"@id\":\"https:\/\/sudoesteacontece.com.br\/#organization\"},\"image\":{\"@id\":\"https:\/\/sudoesteacontece.com.br\/?p=1086#primaryimage\"},\"thumbnailUrl\":\"https:\/\/sudoesteacontece.com.br\/wp-content\/uploads\/2025\/10\/Pai-Geddel-preve-vitoria-de-Jeronimo-no-primeiro-turno-em-2026-e-critica-possivel-candidatura-de-ACM-Neto-sudoeste-acontece.jpg\",\"articleSection\":[\"Bahia\",\"Elei\u00e7\u00f5es 2026\",\"Pol\u00edtica\"],\"inLanguage\":\"pt-BR\",\"potentialAction\":[{\"@type\":\"CommentAction\",\"name\":\"Comment\",\"target\":[\"https:\/\/sudoesteacontece.com.br\/?p=1086#respond\"]}]},{\"@type\":\"WebPage\",\"@id\":\"https:\/\/sudoesteacontece.com.br\/?p=1086\",\"url\":\"https:\/\/sudoesteacontece.com.br\/?p=1086\",\"name\":\"Pai Geddel prev\u00ea vit\u00f3ria de Jer\u00f4nimo no primeiro turno em 2026 e critica poss\u00edvel candidatura de ACM Neto - Sudoesteacontece\",\"isPartOf\":{\"@id\":\"https:\/\/sudoesteacontece.com.br\/#website\"},\"primaryImageOfPage\":{\"@id\":\"https:\/\/sudoesteacontece.com.br\/?p=1086#primaryimage\"},\"image\":{\"@id\":\"https:\/\/sudoesteacontece.com.br\/?p=1086#primaryimage\"},\"thumbnailUrl\":\"https:\/\/sudoesteacontece.com.br\/wp-content\/uploads\/2025\/10\/Pai-Geddel-preve-vitoria-de-Jeronimo-no-primeiro-turno-em-2026-e-critica-possivel-candidatura-de-ACM-Neto-sudoeste-acontece.jpg\",\"datePublished\":\"2025-10-28T14:17:14+00:00\",\"dateModified\":\"2025-10-28T14:17:15+00:00\",\"breadcrumb\":{\"@id\":\"https:\/\/sudoesteacontece.com.br\/?p=1086#breadcrumb\"},\"inLanguage\":\"pt-BR\",\"potentialAction\":[{\"@type\":\"ReadAction\",\"target\":[\"https:\/\/sudoesteacontece.com.br\/?p=1086\"]}]},{\"@type\":\"ImageObject\",\"inLanguage\":\"pt-BR\",\"@id\":\"https:\/\/sudoesteacontece.com.br\/?p=1086#primaryimage\",\"url\":\"https:\/\/sudoesteacontece.com.br\/wp-content\/uploads\/2025\/10\/Pai-Geddel-preve-vitoria-de-Jeronimo-no-primeiro-turno-em-2026-e-critica-possivel-candidatura-de-ACM-Neto-sudoeste-acontece.jpg\",\"contentUrl\":\"https:\/\/sudoesteacontece.com.br\/wp-content\/uploads\/2025\/10\/Pai-Geddel-preve-vitoria-de-Jeronimo-no-primeiro-turno-em-2026-e-critica-possivel-candidatura-de-ACM-Neto-sudoeste-acontece.jpg\",\"width\":1024,\"height\":625},{\"@type\":\"BreadcrumbList\",\"@id\":\"https:\/\/sudoesteacontece.com.br\/?p=1086#breadcrumb\",\"itemListElement\":[{\"@type\":\"ListItem\",\"position\":1,\"name\":\"In\u00edcio\",\"item\":\"https:\/\/sudoesteacontece.com.br\/\"},{\"@type\":\"ListItem\",\"position\":2,\"name\":\"Pai Geddel prev\u00ea vit\u00f3ria de Jer\u00f4nimo no primeiro turno em 2026 e critica poss\u00edvel candidatura de ACM Neto\"}]},{\"@type\":\"WebSite\",\"@id\":\"https:\/\/sudoesteacontece.com.br\/#website\",\"url\":\"https:\/\/sudoesteacontece.com.br\/\",\"name\":\"Sudoesteacontece\",\"description\":\"\",\"publisher\":{\"@id\":\"https:\/\/sudoesteacontece.com.br\/#organization\"},\"potentialAction\":[{\"@type\":\"SearchAction\",\"target\":{\"@type\":\"EntryPoint\",\"urlTemplate\":\"https:\/\/sudoesteacontece.com.br\/?s={search_term_string}\"},\"query-input\":{\"@type\":\"PropertyValueSpecification\",\"valueRequired\":true,\"valueName\":\"search_term_string\"}}],\"inLanguage\":\"pt-BR\"},{\"@type\":\"Organization\",\"@id\":\"https:\/\/sudoesteacontece.com.br\/#organization\",\"name\":\"Sudoesteacontece\",\"url\":\"https:\/\/sudoesteacontece.com.br\/\",\"logo\":{\"@type\":\"ImageObject\",\"inLanguage\":\"pt-BR\",\"@id\":\"https:\/\/sudoesteacontece.com.br\/#\/schema\/logo\/image\/\",\"url\":\"https:\/\/sudoesteacontece.com.br\/wp-content\/uploads\/2025\/12\/cropped-logo-2-180x180-1.png\",\"contentUrl\":\"https:\/\/sudoesteacontece.com.br\/wp-content\/uploads\/2025\/12\/cropped-logo-2-180x180-1.png\",\"width\":180,\"height\":180,\"caption\":\"Sudoesteacontece\"},\"image\":{\"@id\":\"https:\/\/sudoesteacontece.com.br\/#\/schema\/logo\/image\/\"},\"sameAs\":[\"https:\/\/www.facebook.com\/sudoesteacontece\/?locale=pt_BR\"]},{\"@type\":\"Person\",\"@id\":\"https:\/\/sudoesteacontece.com.br\/#\/schema\/person\/3cf2cf009926a9683ebc29d5379fa79c\",\"name\":\"Washington Tiago\",\"image\":{\"@type\":\"ImageObject\",\"inLanguage\":\"pt-BR\",\"@id\":\"https:\/\/sudoesteacontece.com.br\/#\/schema\/person\/image\/\",\"url\":\"https:\/\/secure.gravatar.com\/avatar\/33c43b8668157e040f9d1fe93c354bf087cbd8ba36270c1163198bd3ddcf2a56?s=96&d=mm&r=g\",\"contentUrl\":\"https:\/\/secure.gravatar.com\/avatar\/33c43b8668157e040f9d1fe93c354bf087cbd8ba36270c1163198bd3ddcf2a56?s=96&d=mm&r=g\",\"caption\":\"Washington Tiago\"},\"url\":\"https:\/\/sudoesteacontece.com.br\/?author=2\"}]}<\/script>\n<!-- \/ Yoast SEO plugin. -->","yoast_head_json":{"title":"Pai Geddel prev\u00ea vit\u00f3ria de Jer\u00f4nimo no primeiro turno em 2026 e critica poss\u00edvel candidatura de ACM Neto - Sudoesteacontece","robots":{"index":"index","follow":"follow","max-snippet":"max-snippet:-1","max-image-preview":"max-image-preview:large","max-video-preview":"max-video-preview:-1"},"canonical":"https:\/\/sudoesteacontece.com.br\/?p=1086","og_locale":"pt_BR","og_type":"article","og_title":"Pai Geddel prev\u00ea vit\u00f3ria de Jer\u00f4nimo no primeiro turno em 2026 e critica poss\u00edvel candidatura de ACM Neto - Sudoesteacontece","og_description":"Ex-ministro e deputado federal Geddel Vieira Lima (MDB) afirmou, nesta segunda-feira (27), que acredita na vit\u00f3ria do governador Jer\u00f4nimo Rodrigues (PT) ainda no primeiro turno das elei\u00e7\u00f5es de 2026. Durante entrevista ao podcast PolitiQuestion, Geddel disse que o governo de Jer\u00f4nimo tem sido bem avaliado e que o pol\u00edtico tem se mostrado uma &#8220;surpresa agrad\u00e1vel&#8221; para a Bahia. &#8220;Elei\u00e7\u00e3o nunca \u00e9 f\u00e1cil, sempre h\u00e1 surpresas, mas essa \u00e9 minha avalia\u00e7\u00e3o. Jer\u00f4nimo \u00e9 um pol\u00edtico com humildade genu\u00edna, querido pelo povo baiano, que pede foto e abra\u00e7a. E, ao contr\u00e1rio do que dizem, para mim, ele est\u00e1 fazendo um bom governo&#8221;, declarou Geddel. O ex-ministro tamb\u00e9m se posicionou sobre a poss\u00edvel candidatura de ACM Neto (Uni\u00e3o Brasil) nas elei\u00e7\u00f5es de 2026. Para Geddel, o ex-prefeito de Salvador n\u00e3o deve disputar as pr\u00f3ximas elei\u00e7\u00f5es. &#8220;Isso n\u00e3o \u00e9 especula\u00e7\u00e3o. Neto \u00e9 um jovem pol\u00edtico e, se ficar marcado como perdedor, sair\u00e1 fragilizado de uma disputa e derrota&#8221;, avaliou Geddel. Al\u00e9m disso, Geddel apontou outros nomes que poderiam surgir como alternativas na oposi\u00e7\u00e3o, como Jo\u00e3o Roma, atual presidente do PL Bahia, e Bruno Reis, prefeito de Salvador pelo Uni\u00e3o Brasil. &#8220;Para mim, Jo\u00e3o Roma e Bruno Reis s\u00e3o duas pessoas que podem surgir na disputa. Na minha vis\u00e3o, inclusive, Bruno Reis \u00e9 um pol\u00edtico mais qualificado que o ex-prefeito [ACM Neto]&#8221;, completou. A avalia\u00e7\u00e3o de Geddel se soma a um cen\u00e1rio pol\u00edtico onde a oposi\u00e7\u00e3o come\u00e7a a se reorganizar em busca de alternativas para desafiar a lideran\u00e7a do governo Jer\u00f4nimo em 2026. Enquanto isso, o governador segue com apoio popular significativo, especialmente ap\u00f3s a gest\u00e3o em \u00e1reas de grande import\u00e2ncia social para a Bahia.","og_url":"https:\/\/sudoesteacontece.com.br\/?p=1086","og_site_name":"Sudoesteacontece","article_publisher":"https:\/\/www.facebook.com\/sudoesteacontece\/?locale=pt_BR","article_published_time":"2025-10-28T14:17:14+00:00","article_modified_time":"2025-10-28T14:17:15+00:00","og_image":[{"width":1024,"height":625,"url":"https:\/\/sudoesteacontece.com.br\/wp-content\/uploads\/2025\/10\/Pai-Geddel-preve-vitoria-de-Jeronimo-no-primeiro-turno-em-2026-e-critica-possivel-candidatura-de-ACM-Neto-sudoeste-acontece.jpg","type":"image\/jpeg"}],"author":"Washington Tiago","twitter_card":"summary_large_image","twitter_misc":{"Escrito por":"Washington Tiago","Est. tempo de leitura":"2 minutos"},"schema":{"@context":"https:\/\/schema.org","@graph":[{"@type":"Article","@id":"https:\/\/sudoesteacontece.com.br\/?p=1086#article","isPartOf":{"@id":"https:\/\/sudoesteacontece.com.br\/?p=1086"},"author":{"name":"Washington Tiago","@id":"https:\/\/sudoesteacontece.com.br\/#\/schema\/person\/3cf2cf009926a9683ebc29d5379fa79c"},"headline":"Pai Geddel prev\u00ea vit\u00f3ria de Jer\u00f4nimo no primeiro turno em 2026 e critica poss\u00edvel candidatura de ACM Neto","datePublished":"2025-10-28T14:17:14+00:00","dateModified":"2025-10-28T14:17:15+00:00","mainEntityOfPage":{"@id":"https:\/\/sudoesteacontece.com.br\/?p=1086"},"wordCount":322,"commentCount":0,"publisher":{"@id":"https:\/\/sudoesteacontece.com.br\/#organization"},"image":{"@id":"https:\/\/sudoesteacontece.com.br\/?p=1086#primaryimage"},"thumbnailUrl":"https:\/\/sudoesteacontece.com.br\/wp-content\/uploads\/2025\/10\/Pai-Geddel-preve-vitoria-de-Jeronimo-no-primeiro-turno-em-2026-e-critica-possivel-candidatura-de-ACM-Neto-sudoeste-acontece.jpg","articleSection":["Bahia","Elei\u00e7\u00f5es 2026","Pol\u00edtica"],"inLanguage":"pt-BR","potentialAction":[{"@type":"CommentAction","name":"Comment","target":["https:\/\/sudoesteacontece.com.br\/?p=1086#respond"]}]},{"@type":"WebPage","@id":"https:\/\/sudoesteacontece.com.br\/?p=1086","url":"https:\/\/sudoesteacontece.com.br\/?p=1086","name":"Pai Geddel prev\u00ea vit\u00f3ria de Jer\u00f4nimo no primeiro turno em 2026 e critica poss\u00edvel candidatura de ACM Neto - Sudoesteacontece","isPartOf":{"@id":"https:\/\/sudoesteacontece.com.br\/#website"},"primaryImageOfPage":{"@id":"https:\/\/sudoesteacontece.com.br\/?p=1086#primaryimage"},"image":{"@id":"https:\/\/sudoesteacontece.com.br\/?p=1086#primaryimage"},"thumbnailUrl":"https:\/\/sudoesteacontece.com.br\/wp-content\/uploads\/2025\/10\/Pai-Geddel-preve-vitoria-de-Jeronimo-no-primeiro-turno-em-2026-e-critica-possivel-candidatura-de-ACM-Neto-sudoeste-acontece.jpg","datePublished":"2025-10-28T14:17:14+00:00","dateModified":"2025-10-28T14:17:15+00:00","breadcrumb":{"@id":"https:\/\/sudoesteacontece.com.br\/?p=1086#breadcrumb"},"inLanguage":"pt-BR","potentialAction":[{"@type":"ReadAction","target":["https:\/\/sudoesteacontece.com.br\/?p=1086"]}]},{"@type":"ImageObject","inLanguage":"pt-BR","@id":"https:\/\/sudoesteacontece.com.br\/?p=1086#primaryimage","url":"https:\/\/sudoesteacontece.com.br\/wp-content\/uploads\/2025\/10\/Pai-Geddel-preve-vitoria-de-Jeronimo-no-primeiro-turno-em-2026-e-critica-possivel-candidatura-de-ACM-Neto-sudoeste-acontece.jpg","contentUrl":"https:\/\/sudoesteacontece.com.br\/wp-content\/uploads\/2025\/10\/Pai-Geddel-preve-vitoria-de-Jeronimo-no-primeiro-turno-em-2026-e-critica-possivel-candidatura-de-ACM-Neto-sudoeste-acontece.jpg","width":1024,"height":625},{"@type":"BreadcrumbList","@id":"https:\/\/sudoesteacontece.com.br\/?p=1086#breadcrumb","itemListElement":[{"@type":"ListItem","position":1,"name":"In\u00edcio","item":"https:\/\/sudoesteacontece.com.br\/"},{"@type":"ListItem","position":2,"name":"Pai Geddel prev\u00ea vit\u00f3ria de Jer\u00f4nimo no primeiro turno em 2026 e critica poss\u00edvel candidatura de ACM Neto"}]},{"@type":"WebSite","@id":"https:\/\/sudoesteacontece.com.br\/#website","url":"https:\/\/sudoesteacontece.com.br\/","name":"Sudoesteacontece","description":"","publisher":{"@id":"https:\/\/sudoesteacontece.com.br\/#organization"},"potentialAction":[{"@type":"SearchAction","target":{"@type":"EntryPoint","urlTemplate":"https:\/\/sudoesteacontece.com.br\/?s={search_term_string}"},"query-input":{"@type":"PropertyValueSpecification","valueRequired":true,"valueName":"search_term_string"}}],"inLanguage":"pt-BR"},{"@type":"Organization","@id":"https:\/\/sudoesteacontece.com.br\/#organization","name":"Sudoesteacontece","url":"https:\/\/sudoesteacontece.com.br\/","logo":{"@type":"ImageObject","inLanguage":"pt-BR","@id":"https:\/\/sudoesteacontece.com.br\/#\/schema\/logo\/image\/","url":"https:\/\/sudoesteacontece.com.br\/wp-content\/uploads\/2025\/12\/cropped-logo-2-180x180-1.png","contentUrl":"https:\/\/sudoesteacontece.com.br\/wp-content\/uploads\/2025\/12\/cropped-logo-2-180x180-1.png","width":180,"height":180,"caption":"Sudoesteacontece"},"image":{"@id":"https:\/\/sudoesteacontece.com.br\/#\/schema\/logo\/image\/"},"sameAs":["https:\/\/www.facebook.com\/sudoesteacontece\/?locale=pt_BR"]},{"@type":"Person","@id":"https:\/\/sudoesteacontece.com.br\/#\/schema\/person\/3cf2cf009926a9683ebc29d5379fa79c","name":"Washington Tiago","image":{"@type":"ImageObject","inLanguage":"pt-BR","@id":"https:\/\/sudoesteacontece.com.br\/#\/schema\/person\/image\/","url":"https:\/\/secure.gravatar.com\/avatar\/33c43b8668157e040f9d1fe93c354bf087cbd8ba36270c1163198bd3ddcf2a56?s=96&d=mm&r=g","contentUrl":"https:\/\/secure.gravatar.com\/avatar\/33c43b8668157e040f9d1fe93c354bf087cbd8ba36270c1163198bd3ddcf2a56?s=96&d=mm&r=g","caption":"Washington Tiago"},"url":"https:\/\/sudoesteacontece.com.br\/?author=2"}]}},"_links":{"self":[{"href":"https:\/\/sudoesteacontece.com.br\/index.php?rest_route=\/wp\/v2\/posts\/1086","targetHints":{"allow":["GET"]}}],"collection":[{"href":"https:\/\/sudoesteacontece.com.br\/index.php?rest_route=\/wp\/v2\/posts"}],"about":[{"href":"https:\/\/sudoesteacontece.com.br\/index.php?rest_route=\/wp\/v2\/types\/post"}],"author":[{"embeddable":true,"href":"https:\/\/sudoesteacontece.com.br\/index.php?rest_route=\/wp\/v2\/users\/2"}],"replies":[{"embeddable":true,"href":"https:\/\/sudoesteacontece.com.br\/index.php?rest_route=%2Fwp%2Fv2%2Fcomments&post=1086"}],"version-history":[{"count":0,"href":"https:\/\/sudoesteacontece.com.br\/index.php?rest_route=\/wp\/v2\/posts\/1086\/revisions"}],"wp:featuredmedia":[{"embeddable":true,"href":"https:\/\/sudoesteacontece.com.br\/index.php?rest_route=\/wp\/v2\/media\/1113"}],"wp:attachment":[{"href":"https:\/\/sudoesteacontece.com.br\/index.php?rest_route=%2Fwp%2Fv2%2Fmedia&parent=1086"}],"wp:term":[{"taxonomy":"category","embeddable":true,"href":"https:\/\/sudoesteacontece.com.br\/index.php?rest_route=%2Fwp%2Fv2%2Fcategories&post=1086"},{"taxonomy":"post_tag","embeddable":true,"href":"https:\/\/sudoesteacontece.com.br\/index.php?rest_route=%2Fwp%2Fv2%2Ftags&post=1086"}],"curies":[{"name":"wp","href":"https:\/\/api.w.org\/{rel}","templated":true}]}}