{"id":1087,"date":"2025-10-28T11:21:32","date_gmt":"2025-10-28T14:21:32","guid":{"rendered":"https:\/\/sudoesteacontece.com.br\/?p=1087"},"modified":"2025-10-28T11:21:33","modified_gmt":"2025-10-28T14:21:33","slug":"condenado-por-feminicidio-denys-marcio-ramos-carvalho-morre-afogado-em-salvador","status":"publish","type":"post","link":"https:\/\/sudoesteacontece.com.br\/?p=1087","title":{"rendered":"Condenado por feminic\u00eddio, Denys M\u00e1rcio Ramos Carvalho morre afogado em Salvador"},"content":{"rendered":"<div class=\"wp-block-image\">\n<figure class=\"aligncenter size-full\"><img fetchpriority=\"high\" decoding=\"async\" width=\"600\" height=\"386\" src=\"http:\/\/sudoesteacontece.com.br\/wp-content\/uploads\/2025\/10\/Condenado-por-feminicidio-Denys-Marcio-Ramos-Carvalho-morre-afogado-em-Salvador-sudoeste-acontece.jpg\" alt=\"\" class=\"wp-image-1115\" srcset=\"https:\/\/sudoesteacontece.com.br\/wp-content\/uploads\/2025\/10\/Condenado-por-feminicidio-Denys-Marcio-Ramos-Carvalho-morre-afogado-em-Salvador-sudoeste-acontece.jpg 600w, https:\/\/sudoesteacontece.com.br\/wp-content\/uploads\/2025\/10\/Condenado-por-feminicidio-Denys-Marcio-Ramos-Carvalho-morre-afogado-em-Salvador-sudoeste-acontece-300x193.jpg 300w\" sizes=\"(max-width: 600px) 100vw, 600px\" \/><\/figure>\n<\/div>\n\n\n<p>Denys M\u00e1rcio Ramos Carvalho, de 39 anos, natural de Caetit\u00e9 (BA), morreu afogado na tarde desta segunda-feira (27) enquanto nadava na praia de Itapu\u00e3, em Salvador. O caso ocorreu por volta das 13h30, na Avenida Oct\u00e1vio Mangabeira, e surpreendeu banhistas que estavam no local.<\/p>\n\n\n\n<p>De acordo com testemunhas, Denys consumia cerveja momentos antes de entrar no mar. Ele nadava tranquilamente at\u00e9 come\u00e7ar a demonstrar sinais de cansa\u00e7o. Em quest\u00e3o de segundos, a situa\u00e7\u00e3o se agravou e ele foi submerso. Testemunhas tentaram socorr\u00ea-lo e acionaram o Servi\u00e7o de Atendimento M\u00f3vel de Urg\u00eancia (SAMU), mas, infelizmente, o homem n\u00e3o resistiu e teve a morte confirmada.<\/p>\n\n\n\n<p>O corpo foi removido para o Departamento de Pol\u00edcia T\u00e9cnica (DPT). Apesar do esfor\u00e7o das equipes de resgate, Denys n\u00e3o conseguiu sobreviver ao afogamento. Denys M\u00e1rcio Ramos Carvalho foi condenado em 2019 a 28 anos de pris\u00e3o pelo feminic\u00eddio de sua ex-companheira, Vanessa Gomes Nogueira Carvalho.<\/p>\n\n\n\n<p>Crime aconteceu em 24 de julho de 2015, no centro de Caetit\u00e9, e foi julgado como feminic\u00eddio qualificado, com motivo torpe e uso de recurso que impossibilitou a defesa da v\u00edtima. A senten\u00e7a foi proferida pelo juiz Pedro Silva e Silv\u00e9rio, que determinou a pena pelo ato brutal cometido contra Vanessa.<\/p>\n\n\n\n<p>A morte de Denys marca o fim de uma hist\u00f3ria de viol\u00eancia, mas tamb\u00e9m levanta quest\u00f5es sobre os caminhos da justi\u00e7a e a recupera\u00e7\u00e3o de pessoas envolvidas em crimes t\u00e3o graves. Enquanto muitos tentaram resgatar sua vida, ele j\u00e1 carregava as consequ\u00eancias de um passado sombrio, que agora se encerra de forma tr\u00e1gica.<\/p>\n","protected":false},"excerpt":{"rendered":"<p>Denys M\u00e1rcio Ramos Carvalho, de 39 anos, natural de Caetit\u00e9 (BA), morreu afogado na tarde desta segunda-feira (27) enquanto nadava na praia de Itapu\u00e3, em Salvador. O caso ocorreu por volta das 13h30, na Avenida Oct\u00e1vio Mangabeira, e surpreendeu banhistas que estavam no local. De acordo com testemunhas, Denys consumia cerveja momentos antes de entrar no mar. Ele nadava tranquilamente at\u00e9 come\u00e7ar a demonstrar sinais de cansa\u00e7o. Em quest\u00e3o de segundos, a situa\u00e7\u00e3o se agravou e ele foi submerso. Testemunhas tentaram socorr\u00ea-lo e acionaram o Servi\u00e7o de Atendimento M\u00f3vel de Urg\u00eancia (SAMU), mas, infelizmente, o homem n\u00e3o resistiu e teve a morte confirmada. O corpo foi removido para o Departamento de Pol\u00edcia T\u00e9cnica (DPT). Apesar do esfor\u00e7o das equipes de resgate, Denys n\u00e3o conseguiu sobreviver ao afogamento. Denys M\u00e1rcio Ramos Carvalho foi condenado em 2019 a 28 anos de pris\u00e3o pelo feminic\u00eddio de sua ex-companheira, Vanessa Gomes Nogueira Carvalho. Crime aconteceu em 24 de julho de 2015, no centro de Caetit\u00e9, e foi julgado como feminic\u00eddio qualificado, com motivo torpe e uso de recurso que impossibilitou a defesa da v\u00edtima. A senten\u00e7a foi proferida pelo juiz Pedro Silva e Silv\u00e9rio, que determinou a pena pelo ato brutal cometido contra Vanessa. A morte de Denys marca o fim de uma hist\u00f3ria de viol\u00eancia, mas tamb\u00e9m levanta quest\u00f5es sobre os caminhos da justi\u00e7a e a recupera\u00e7\u00e3o de pessoas envolvidas em crimes t\u00e3o graves. Enquanto muitos tentaram resgatar sua vida, ele j\u00e1 carregava as consequ\u00eancias de um passado sombrio, que agora se encerra de forma tr\u00e1gica.<\/p>\n","protected":false},"author":2,"featured_media":1115,"comment_status":"open","ping_status":"open","sticky":false,"template":"","format":"standard","meta":{"footnotes":""},"categories":[49,4,3],"tags":[],"class_list":["post-1087","post","type-post","status-publish","format-standard","has-post-thumbnail","hentry","category-caetite","category-cidades","category-policia"],"yoast_head":"<!-- This site is optimized with the Yoast SEO plugin v26.5 - https:\/\/yoast.com\/wordpress\/plugins\/seo\/ -->\n<title>Condenado por feminic\u00eddio, Denys M\u00e1rcio Ramos Carvalho morre afogado em Salvador - Sudoesteacontece<\/title>\n<meta name=\"robots\" content=\"index, follow, max-snippet:-1, max-image-preview:large, max-video-preview:-1\" \/>\n<link rel=\"canonical\" href=\"https:\/\/sudoesteacontece.com.br\/?p=1087\" \/>\n<meta property=\"og:locale\" content=\"pt_BR\" \/>\n<meta property=\"og:type\" content=\"article\" \/>\n<meta property=\"og:title\" content=\"Condenado por feminic\u00eddio, Denys M\u00e1rcio Ramos Carvalho morre afogado em Salvador - Sudoesteacontece\" \/>\n<meta property=\"og:description\" content=\"Denys M\u00e1rcio Ramos Carvalho, de 39 anos, natural de Caetit\u00e9 (BA), morreu afogado na tarde desta segunda-feira (27) enquanto nadava na praia de Itapu\u00e3, em Salvador. O caso ocorreu por volta das 13h30, na Avenida Oct\u00e1vio Mangabeira, e surpreendeu banhistas que estavam no local. De acordo com testemunhas, Denys consumia cerveja momentos antes de entrar no mar. Ele nadava tranquilamente at\u00e9 come\u00e7ar a demonstrar sinais de cansa\u00e7o. Em quest\u00e3o de segundos, a situa\u00e7\u00e3o se agravou e ele foi submerso. Testemunhas tentaram socorr\u00ea-lo e acionaram o Servi\u00e7o de Atendimento M\u00f3vel de Urg\u00eancia (SAMU), mas, infelizmente, o homem n\u00e3o resistiu e teve a morte confirmada. O corpo foi removido para o Departamento de Pol\u00edcia T\u00e9cnica (DPT). Apesar do esfor\u00e7o das equipes de resgate, Denys n\u00e3o conseguiu sobreviver ao afogamento. Denys M\u00e1rcio Ramos Carvalho foi condenado em 2019 a 28 anos de pris\u00e3o pelo feminic\u00eddio de sua ex-companheira, Vanessa Gomes Nogueira Carvalho. Crime aconteceu em 24 de julho de 2015, no centro de Caetit\u00e9, e foi julgado como feminic\u00eddio qualificado, com motivo torpe e uso de recurso que impossibilitou a defesa da v\u00edtima. A senten\u00e7a foi proferida pelo juiz Pedro Silva e Silv\u00e9rio, que determinou a pena pelo ato brutal cometido contra Vanessa. A morte de Denys marca o fim de uma hist\u00f3ria de viol\u00eancia, mas tamb\u00e9m levanta quest\u00f5es sobre os caminhos da justi\u00e7a e a recupera\u00e7\u00e3o de pessoas envolvidas em crimes t\u00e3o graves. Enquanto muitos tentaram resgatar sua vida, ele j\u00e1 carregava as consequ\u00eancias de um passado sombrio, que agora se encerra de forma tr\u00e1gica.\" \/>\n<meta property=\"og:url\" content=\"https:\/\/sudoesteacontece.com.br\/?p=1087\" \/>\n<meta property=\"og:site_name\" content=\"Sudoesteacontece\" \/>\n<meta property=\"article:publisher\" content=\"https:\/\/www.facebook.com\/sudoesteacontece\/?locale=pt_BR\" \/>\n<meta property=\"article:published_time\" content=\"2025-10-28T14:21:32+00:00\" \/>\n<meta property=\"article:modified_time\" content=\"2025-10-28T14:21:33+00:00\" \/>\n<meta property=\"og:image\" content=\"https:\/\/sudoesteacontece.com.br\/wp-content\/uploads\/2025\/10\/Condenado-por-feminicidio-Denys-Marcio-Ramos-Carvalho-morre-afogado-em-Salvador-sudoeste-acontece.jpg\" \/>\n\t<meta property=\"og:image:width\" content=\"600\" \/>\n\t<meta property=\"og:image:height\" content=\"386\" \/>\n\t<meta property=\"og:image:type\" content=\"image\/jpeg\" \/>\n<meta name=\"author\" content=\"Washington Tiago\" \/>\n<meta name=\"twitter:card\" content=\"summary_large_image\" \/>\n<meta name=\"twitter:label1\" content=\"Escrito por\" \/>\n\t<meta name=\"twitter:data1\" content=\"Washington Tiago\" \/>\n\t<meta name=\"twitter:label2\" content=\"Est. tempo de leitura\" \/>\n\t<meta name=\"twitter:data2\" content=\"1 minuto\" \/>\n<script type=\"application\/ld+json\" class=\"yoast-schema-graph\">{\"@context\":\"https:\/\/schema.org\",\"@graph\":[{\"@type\":\"Article\",\"@id\":\"https:\/\/sudoesteacontece.com.br\/?p=1087#article\",\"isPartOf\":{\"@id\":\"https:\/\/sudoesteacontece.com.br\/?p=1087\"},\"author\":{\"name\":\"Washington Tiago\",\"@id\":\"https:\/\/sudoesteacontece.com.br\/#\/schema\/person\/3cf2cf009926a9683ebc29d5379fa79c\"},\"headline\":\"Condenado por feminic\u00eddio, Denys M\u00e1rcio Ramos Carvalho morre afogado em Salvador\",\"datePublished\":\"2025-10-28T14:21:32+00:00\",\"dateModified\":\"2025-10-28T14:21:33+00:00\",\"mainEntityOfPage\":{\"@id\":\"https:\/\/sudoesteacontece.com.br\/?p=1087\"},\"wordCount\":291,\"commentCount\":0,\"publisher\":{\"@id\":\"https:\/\/sudoesteacontece.com.br\/#organization\"},\"image\":{\"@id\":\"https:\/\/sudoesteacontece.com.br\/?p=1087#primaryimage\"},\"thumbnailUrl\":\"https:\/\/sudoesteacontece.com.br\/wp-content\/uploads\/2025\/10\/Condenado-por-feminicidio-Denys-Marcio-Ramos-Carvalho-morre-afogado-em-Salvador-sudoeste-acontece.jpg\",\"articleSection\":[\"Caetit\u00e9\",\"Cidades\",\"Pol\u00edcia\"],\"inLanguage\":\"pt-BR\",\"potentialAction\":[{\"@type\":\"CommentAction\",\"name\":\"Comment\",\"target\":[\"https:\/\/sudoesteacontece.com.br\/?p=1087#respond\"]}]},{\"@type\":\"WebPage\",\"@id\":\"https:\/\/sudoesteacontece.com.br\/?p=1087\",\"url\":\"https:\/\/sudoesteacontece.com.br\/?p=1087\",\"name\":\"Condenado por feminic\u00eddio, Denys M\u00e1rcio Ramos Carvalho morre afogado em Salvador - Sudoesteacontece\",\"isPartOf\":{\"@id\":\"https:\/\/sudoesteacontece.com.br\/#website\"},\"primaryImageOfPage\":{\"@id\":\"https:\/\/sudoesteacontece.com.br\/?p=1087#primaryimage\"},\"image\":{\"@id\":\"https:\/\/sudoesteacontece.com.br\/?p=1087#primaryimage\"},\"thumbnailUrl\":\"https:\/\/sudoesteacontece.com.br\/wp-content\/uploads\/2025\/10\/Condenado-por-feminicidio-Denys-Marcio-Ramos-Carvalho-morre-afogado-em-Salvador-sudoeste-acontece.jpg\",\"datePublished\":\"2025-10-28T14:21:32+00:00\",\"dateModified\":\"2025-10-28T14:21:33+00:00\",\"breadcrumb\":{\"@id\":\"https:\/\/sudoesteacontece.com.br\/?p=1087#breadcrumb\"},\"inLanguage\":\"pt-BR\",\"potentialAction\":[{\"@type\":\"ReadAction\",\"target\":[\"https:\/\/sudoesteacontece.com.br\/?p=1087\"]}]},{\"@type\":\"ImageObject\",\"inLanguage\":\"pt-BR\",\"@id\":\"https:\/\/sudoesteacontece.com.br\/?p=1087#primaryimage\",\"url\":\"https:\/\/sudoesteacontece.com.br\/wp-content\/uploads\/2025\/10\/Condenado-por-feminicidio-Denys-Marcio-Ramos-Carvalho-morre-afogado-em-Salvador-sudoeste-acontece.jpg\",\"contentUrl\":\"https:\/\/sudoesteacontece.com.br\/wp-content\/uploads\/2025\/10\/Condenado-por-feminicidio-Denys-Marcio-Ramos-Carvalho-morre-afogado-em-Salvador-sudoeste-acontece.jpg\",\"width\":600,\"height\":386},{\"@type\":\"BreadcrumbList\",\"@id\":\"https:\/\/sudoesteacontece.com.br\/?p=1087#breadcrumb\",\"itemListElement\":[{\"@type\":\"ListItem\",\"position\":1,\"name\":\"In\u00edcio\",\"item\":\"https:\/\/sudoesteacontece.com.br\/\"},{\"@type\":\"ListItem\",\"position\":2,\"name\":\"Condenado por feminic\u00eddio, Denys M\u00e1rcio Ramos Carvalho morre afogado em Salvador\"}]},{\"@type\":\"WebSite\",\"@id\":\"https:\/\/sudoesteacontece.com.br\/#website\",\"url\":\"https:\/\/sudoesteacontece.com.br\/\",\"name\":\"Sudoesteacontece\",\"description\":\"\",\"publisher\":{\"@id\":\"https:\/\/sudoesteacontece.com.br\/#organization\"},\"potentialAction\":[{\"@type\":\"SearchAction\",\"target\":{\"@type\":\"EntryPoint\",\"urlTemplate\":\"https:\/\/sudoesteacontece.com.br\/?s={search_term_string}\"},\"query-input\":{\"@type\":\"PropertyValueSpecification\",\"valueRequired\":true,\"valueName\":\"search_term_string\"}}],\"inLanguage\":\"pt-BR\"},{\"@type\":\"Organization\",\"@id\":\"https:\/\/sudoesteacontece.com.br\/#organization\",\"name\":\"Sudoesteacontece\",\"url\":\"https:\/\/sudoesteacontece.com.br\/\",\"logo\":{\"@type\":\"ImageObject\",\"inLanguage\":\"pt-BR\",\"@id\":\"https:\/\/sudoesteacontece.com.br\/#\/schema\/logo\/image\/\",\"url\":\"https:\/\/sudoesteacontece.com.br\/wp-content\/uploads\/2025\/12\/cropped-logo-2-180x180-1.png\",\"contentUrl\":\"https:\/\/sudoesteacontece.com.br\/wp-content\/uploads\/2025\/12\/cropped-logo-2-180x180-1.png\",\"width\":180,\"height\":180,\"caption\":\"Sudoesteacontece\"},\"image\":{\"@id\":\"https:\/\/sudoesteacontece.com.br\/#\/schema\/logo\/image\/\"},\"sameAs\":[\"https:\/\/www.facebook.com\/sudoesteacontece\/?locale=pt_BR\"]},{\"@type\":\"Person\",\"@id\":\"https:\/\/sudoesteacontece.com.br\/#\/schema\/person\/3cf2cf009926a9683ebc29d5379fa79c\",\"name\":\"Washington Tiago\",\"image\":{\"@type\":\"ImageObject\",\"inLanguage\":\"pt-BR\",\"@id\":\"https:\/\/sudoesteacontece.com.br\/#\/schema\/person\/image\/\",\"url\":\"https:\/\/secure.gravatar.com\/avatar\/33c43b8668157e040f9d1fe93c354bf087cbd8ba36270c1163198bd3ddcf2a56?s=96&d=mm&r=g\",\"contentUrl\":\"https:\/\/secure.gravatar.com\/avatar\/33c43b8668157e040f9d1fe93c354bf087cbd8ba36270c1163198bd3ddcf2a56?s=96&d=mm&r=g\",\"caption\":\"Washington Tiago\"},\"url\":\"https:\/\/sudoesteacontece.com.br\/?author=2\"}]}<\/script>\n<!-- \/ Yoast SEO plugin. -->","yoast_head_json":{"title":"Condenado por feminic\u00eddio, Denys M\u00e1rcio Ramos Carvalho morre afogado em Salvador - Sudoesteacontece","robots":{"index":"index","follow":"follow","max-snippet":"max-snippet:-1","max-image-preview":"max-image-preview:large","max-video-preview":"max-video-preview:-1"},"canonical":"https:\/\/sudoesteacontece.com.br\/?p=1087","og_locale":"pt_BR","og_type":"article","og_title":"Condenado por feminic\u00eddio, Denys M\u00e1rcio Ramos Carvalho morre afogado em Salvador - Sudoesteacontece","og_description":"Denys M\u00e1rcio Ramos Carvalho, de 39 anos, natural de Caetit\u00e9 (BA), morreu afogado na tarde desta segunda-feira (27) enquanto nadava na praia de Itapu\u00e3, em Salvador. O caso ocorreu por volta das 13h30, na Avenida Oct\u00e1vio Mangabeira, e surpreendeu banhistas que estavam no local. De acordo com testemunhas, Denys consumia cerveja momentos antes de entrar no mar. Ele nadava tranquilamente at\u00e9 come\u00e7ar a demonstrar sinais de cansa\u00e7o. Em quest\u00e3o de segundos, a situa\u00e7\u00e3o se agravou e ele foi submerso. Testemunhas tentaram socorr\u00ea-lo e acionaram o Servi\u00e7o de Atendimento M\u00f3vel de Urg\u00eancia (SAMU), mas, infelizmente, o homem n\u00e3o resistiu e teve a morte confirmada. O corpo foi removido para o Departamento de Pol\u00edcia T\u00e9cnica (DPT). Apesar do esfor\u00e7o das equipes de resgate, Denys n\u00e3o conseguiu sobreviver ao afogamento. Denys M\u00e1rcio Ramos Carvalho foi condenado em 2019 a 28 anos de pris\u00e3o pelo feminic\u00eddio de sua ex-companheira, Vanessa Gomes Nogueira Carvalho. Crime aconteceu em 24 de julho de 2015, no centro de Caetit\u00e9, e foi julgado como feminic\u00eddio qualificado, com motivo torpe e uso de recurso que impossibilitou a defesa da v\u00edtima. A senten\u00e7a foi proferida pelo juiz Pedro Silva e Silv\u00e9rio, que determinou a pena pelo ato brutal cometido contra Vanessa. A morte de Denys marca o fim de uma hist\u00f3ria de viol\u00eancia, mas tamb\u00e9m levanta quest\u00f5es sobre os caminhos da justi\u00e7a e a recupera\u00e7\u00e3o de pessoas envolvidas em crimes t\u00e3o graves. Enquanto muitos tentaram resgatar sua vida, ele j\u00e1 carregava as consequ\u00eancias de um passado sombrio, que agora se encerra de forma tr\u00e1gica.","og_url":"https:\/\/sudoesteacontece.com.br\/?p=1087","og_site_name":"Sudoesteacontece","article_publisher":"https:\/\/www.facebook.com\/sudoesteacontece\/?locale=pt_BR","article_published_time":"2025-10-28T14:21:32+00:00","article_modified_time":"2025-10-28T14:21:33+00:00","og_image":[{"width":600,"height":386,"url":"https:\/\/sudoesteacontece.com.br\/wp-content\/uploads\/2025\/10\/Condenado-por-feminicidio-Denys-Marcio-Ramos-Carvalho-morre-afogado-em-Salvador-sudoeste-acontece.jpg","type":"image\/jpeg"}],"author":"Washington Tiago","twitter_card":"summary_large_image","twitter_misc":{"Escrito por":"Washington Tiago","Est. tempo de leitura":"1 minuto"},"schema":{"@context":"https:\/\/schema.org","@graph":[{"@type":"Article","@id":"https:\/\/sudoesteacontece.com.br\/?p=1087#article","isPartOf":{"@id":"https:\/\/sudoesteacontece.com.br\/?p=1087"},"author":{"name":"Washington Tiago","@id":"https:\/\/sudoesteacontece.com.br\/#\/schema\/person\/3cf2cf009926a9683ebc29d5379fa79c"},"headline":"Condenado por feminic\u00eddio, Denys M\u00e1rcio Ramos Carvalho morre afogado em Salvador","datePublished":"2025-10-28T14:21:32+00:00","dateModified":"2025-10-28T14:21:33+00:00","mainEntityOfPage":{"@id":"https:\/\/sudoesteacontece.com.br\/?p=1087"},"wordCount":291,"commentCount":0,"publisher":{"@id":"https:\/\/sudoesteacontece.com.br\/#organization"},"image":{"@id":"https:\/\/sudoesteacontece.com.br\/?p=1087#primaryimage"},"thumbnailUrl":"https:\/\/sudoesteacontece.com.br\/wp-content\/uploads\/2025\/10\/Condenado-por-feminicidio-Denys-Marcio-Ramos-Carvalho-morre-afogado-em-Salvador-sudoeste-acontece.jpg","articleSection":["Caetit\u00e9","Cidades","Pol\u00edcia"],"inLanguage":"pt-BR","potentialAction":[{"@type":"CommentAction","name":"Comment","target":["https:\/\/sudoesteacontece.com.br\/?p=1087#respond"]}]},{"@type":"WebPage","@id":"https:\/\/sudoesteacontece.com.br\/?p=1087","url":"https:\/\/sudoesteacontece.com.br\/?p=1087","name":"Condenado por feminic\u00eddio, Denys M\u00e1rcio Ramos Carvalho morre afogado em Salvador - Sudoesteacontece","isPartOf":{"@id":"https:\/\/sudoesteacontece.com.br\/#website"},"primaryImageOfPage":{"@id":"https:\/\/sudoesteacontece.com.br\/?p=1087#primaryimage"},"image":{"@id":"https:\/\/sudoesteacontece.com.br\/?p=1087#primaryimage"},"thumbnailUrl":"https:\/\/sudoesteacontece.com.br\/wp-content\/uploads\/2025\/10\/Condenado-por-feminicidio-Denys-Marcio-Ramos-Carvalho-morre-afogado-em-Salvador-sudoeste-acontece.jpg","datePublished":"2025-10-28T14:21:32+00:00","dateModified":"2025-10-28T14:21:33+00:00","breadcrumb":{"@id":"https:\/\/sudoesteacontece.com.br\/?p=1087#breadcrumb"},"inLanguage":"pt-BR","potentialAction":[{"@type":"ReadAction","target":["https:\/\/sudoesteacontece.com.br\/?p=1087"]}]},{"@type":"ImageObject","inLanguage":"pt-BR","@id":"https:\/\/sudoesteacontece.com.br\/?p=1087#primaryimage","url":"https:\/\/sudoesteacontece.com.br\/wp-content\/uploads\/2025\/10\/Condenado-por-feminicidio-Denys-Marcio-Ramos-Carvalho-morre-afogado-em-Salvador-sudoeste-acontece.jpg","contentUrl":"https:\/\/sudoesteacontece.com.br\/wp-content\/uploads\/2025\/10\/Condenado-por-feminicidio-Denys-Marcio-Ramos-Carvalho-morre-afogado-em-Salvador-sudoeste-acontece.jpg","width":600,"height":386},{"@type":"BreadcrumbList","@id":"https:\/\/sudoesteacontece.com.br\/?p=1087#breadcrumb","itemListElement":[{"@type":"ListItem","position":1,"name":"In\u00edcio","item":"https:\/\/sudoesteacontece.com.br\/"},{"@type":"ListItem","position":2,"name":"Condenado por feminic\u00eddio, Denys M\u00e1rcio Ramos Carvalho morre afogado em Salvador"}]},{"@type":"WebSite","@id":"https:\/\/sudoesteacontece.com.br\/#website","url":"https:\/\/sudoesteacontece.com.br\/","name":"Sudoesteacontece","description":"","publisher":{"@id":"https:\/\/sudoesteacontece.com.br\/#organization"},"potentialAction":[{"@type":"SearchAction","target":{"@type":"EntryPoint","urlTemplate":"https:\/\/sudoesteacontece.com.br\/?s={search_term_string}"},"query-input":{"@type":"PropertyValueSpecification","valueRequired":true,"valueName":"search_term_string"}}],"inLanguage":"pt-BR"},{"@type":"Organization","@id":"https:\/\/sudoesteacontece.com.br\/#organization","name":"Sudoesteacontece","url":"https:\/\/sudoesteacontece.com.br\/","logo":{"@type":"ImageObject","inLanguage":"pt-BR","@id":"https:\/\/sudoesteacontece.com.br\/#\/schema\/logo\/image\/","url":"https:\/\/sudoesteacontece.com.br\/wp-content\/uploads\/2025\/12\/cropped-logo-2-180x180-1.png","contentUrl":"https:\/\/sudoesteacontece.com.br\/wp-content\/uploads\/2025\/12\/cropped-logo-2-180x180-1.png","width":180,"height":180,"caption":"Sudoesteacontece"},"image":{"@id":"https:\/\/sudoesteacontece.com.br\/#\/schema\/logo\/image\/"},"sameAs":["https:\/\/www.facebook.com\/sudoesteacontece\/?locale=pt_BR"]},{"@type":"Person","@id":"https:\/\/sudoesteacontece.com.br\/#\/schema\/person\/3cf2cf009926a9683ebc29d5379fa79c","name":"Washington Tiago","image":{"@type":"ImageObject","inLanguage":"pt-BR","@id":"https:\/\/sudoesteacontece.com.br\/#\/schema\/person\/image\/","url":"https:\/\/secure.gravatar.com\/avatar\/33c43b8668157e040f9d1fe93c354bf087cbd8ba36270c1163198bd3ddcf2a56?s=96&d=mm&r=g","contentUrl":"https:\/\/secure.gravatar.com\/avatar\/33c43b8668157e040f9d1fe93c354bf087cbd8ba36270c1163198bd3ddcf2a56?s=96&d=mm&r=g","caption":"Washington Tiago"},"url":"https:\/\/sudoesteacontece.com.br\/?author=2"}]}},"_links":{"self":[{"href":"https:\/\/sudoesteacontece.com.br\/index.php?rest_route=\/wp\/v2\/posts\/1087","targetHints":{"allow":["GET"]}}],"collection":[{"href":"https:\/\/sudoesteacontece.com.br\/index.php?rest_route=\/wp\/v2\/posts"}],"about":[{"href":"https:\/\/sudoesteacontece.com.br\/index.php?rest_route=\/wp\/v2\/types\/post"}],"author":[{"embeddable":true,"href":"https:\/\/sudoesteacontece.com.br\/index.php?rest_route=\/wp\/v2\/users\/2"}],"replies":[{"embeddable":true,"href":"https:\/\/sudoesteacontece.com.br\/index.php?rest_route=%2Fwp%2Fv2%2Fcomments&post=1087"}],"version-history":[{"count":0,"href":"https:\/\/sudoesteacontece.com.br\/index.php?rest_route=\/wp\/v2\/posts\/1087\/revisions"}],"wp:featuredmedia":[{"embeddable":true,"href":"https:\/\/sudoesteacontece.com.br\/index.php?rest_route=\/wp\/v2\/media\/1115"}],"wp:attachment":[{"href":"https:\/\/sudoesteacontece.com.br\/index.php?rest_route=%2Fwp%2Fv2%2Fmedia&parent=1087"}],"wp:term":[{"taxonomy":"category","embeddable":true,"href":"https:\/\/sudoesteacontece.com.br\/index.php?rest_route=%2Fwp%2Fv2%2Fcategories&post=1087"},{"taxonomy":"post_tag","embeddable":true,"href":"https:\/\/sudoesteacontece.com.br\/index.php?rest_route=%2Fwp%2Fv2%2Ftags&post=1087"}],"curies":[{"name":"wp","href":"https:\/\/api.w.org\/{rel}","templated":true}]}}