{"id":1091,"date":"2025-10-28T15:46:54","date_gmt":"2025-10-28T18:46:54","guid":{"rendered":"https:\/\/sudoesteacontece.com.br\/?p=1091"},"modified":"2025-10-28T15:46:55","modified_gmt":"2025-10-28T18:46:55","slug":"alan-sanches-afirma-que-o-povo-baiano-esta-cansado-do-abandono-e-clama-por-mudanca","status":"publish","type":"post","link":"https:\/\/sudoesteacontece.com.br\/?p=1091","title":{"rendered":"Alan Sanches afirma que o povo baiano est\u00e1 cansado do abandono e clama por mudan\u00e7a"},"content":{"rendered":"<div class=\"wp-block-image\">\n<figure class=\"aligncenter size-full\"><img fetchpriority=\"high\" decoding=\"async\" width=\"600\" height=\"400\" src=\"http:\/\/sudoesteacontece.com.br\/wp-content\/uploads\/2025\/10\/Alan-Sanches-afirma-que-o-povo-baiano-esta-cansado-do-abandono-e-clama-por-mudanca-SUDOESTE-ACONTECE.jpg\" alt=\"\" class=\"wp-image-1136\" srcset=\"https:\/\/sudoesteacontece.com.br\/wp-content\/uploads\/2025\/10\/Alan-Sanches-afirma-que-o-povo-baiano-esta-cansado-do-abandono-e-clama-por-mudanca-SUDOESTE-ACONTECE.jpg 600w, https:\/\/sudoesteacontece.com.br\/wp-content\/uploads\/2025\/10\/Alan-Sanches-afirma-que-o-povo-baiano-esta-cansado-do-abandono-e-clama-por-mudanca-SUDOESTE-ACONTECE-300x200.jpg 300w\" sizes=\"(max-width: 600px) 100vw, 600px\" \/><\/figure>\n<\/div>\n\n\n<p>O deputado estadual Alan Sanches (Uni\u00e3o Brasil), vice-l\u00edder da Oposi\u00e7\u00e3o na Assembleia Legislativa da Bahia (AL-BA), comentou nesta segunda-feira (27) sobre os recentes protestos em v\u00e1rias regi\u00f5es da Bahia, que refletem o crescente descontentamento popular com o governo estadual. Segundo o parlamentar, esses protestos s\u00e3o um claro sinal de que a paci\u00eancia da popula\u00e7\u00e3o com a gest\u00e3o atual chegou ao limite.<\/p>\n\n\n\n<p>Na manh\u00e3 de segunda-feira, moradores de Irec\u00ea sa\u00edram \u00e0s ruas para protestar contra a grave crise h\u00eddrica que afeta a regi\u00e3o. Na semana passada, em Belmonte, manifestantes bloquearam rodovias em protesto pela falta de pavimenta\u00e7\u00e3o no desvio da ponte do Rio Jequitinhonha, que segue interditada por risco de desabamento. No extremo sul do estado, produtores rurais fecharam um trecho da BR-101, exigindo a\u00e7\u00f5es contra as invas\u00f5es de terras que est\u00e3o comprometendo suas atividades.<\/p>\n\n\n\n<p>Alan Sanches v\u00ea esses protestos como reflexo de uma crescente &#8220;indigna\u00e7\u00e3o&#8221; e um &#8220;desejo de mudan\u00e7a&#8221;. \u201cO povo est\u00e1 cansado de esperar por um governo que n\u00e3o entrega. A Bahia enfrenta um caos em diversas \u00e1reas, como seguran\u00e7a, sa\u00fade, infraestrutura e gera\u00e7\u00e3o de empregos. O descaso e o abandono s\u00e3o evidentes, e \u00e9 por isso que a popula\u00e7\u00e3o est\u00e1 indo \u00e0s ruas. Essa dinastia de 20 anos do PT vai cair pelas m\u00e3os do povo\u201d, afirmou.<\/p>\n\n\n\n<p>O parlamentar tamb\u00e9m criticou a postura do governo, que costuma minimizar as cr\u00edticas, associando-as apenas \u00e0 oposi\u00e7\u00e3o e a figuras como ACM Neto. \u201cAgora, n\u00e3o s\u00e3o s\u00f3 os opositores que est\u00e3o falando. \u00c9 o pr\u00f3prio povo, nas ruas, dizendo que n\u00e3o aguenta mais. O que est\u00e1 acontecendo em Irec\u00ea, Belmonte e no extremo sul \u00e9 um reflexo do que se vive em todo o Estado. A Bahia acordou. Esse \u00e9 o in\u00edcio de uma nova era e ela vir\u00e1 das ruas&#8221;, declarou.<\/p>\n\n\n\n<p>Sanches destacou ainda a situa\u00e7\u00e3o cr\u00edtica vivida pelos baianos. \u201cA seguran\u00e7a p\u00fablica est\u00e1 falida, a sa\u00fade \u00e9 um caos, a infraestrutura est\u00e1 sucateada, e a gera\u00e7\u00e3o de empregos \u00e9 uma promessa distante. O que vemos \u00e9 uma Bahia jogada aos trapos, com viol\u00eancia crescente, falta de servi\u00e7os b\u00e1sicos e um governo que n\u00e3o se importa\u201d, completou.<\/p>\n\n\n\n<p>Para o deputado, o papel da oposi\u00e7\u00e3o \u00e9 amplificar as vozes dos baianos e mostrar que h\u00e1 alternativas para o Estado. &#8220;O tempo do PT est\u00e1 chegando ao fim. A mudan\u00e7a ser\u00e1 feita por quem mais sofre os efeitos do abandono: o povo da Bahia. O futuro do Estado passa pelas m\u00e3os daqueles que t\u00eam coragem de lutar por seus direitos e por uma vida digna&#8221;, finalizou Alan Sanches.<\/p>\n","protected":false},"excerpt":{"rendered":"<p>O deputado estadual Alan Sanches (Uni\u00e3o Brasil), vice-l\u00edder da Oposi\u00e7\u00e3o na Assembleia Legislativa da Bahia (AL-BA), comentou nesta segunda-feira (27) sobre os recentes protestos em v\u00e1rias regi\u00f5es da Bahia, que refletem o crescente descontentamento popular com o governo estadual. Segundo o parlamentar, esses protestos s\u00e3o um claro sinal de que a paci\u00eancia da popula\u00e7\u00e3o com a gest\u00e3o atual chegou ao limite. Na manh\u00e3 de segunda-feira, moradores de Irec\u00ea sa\u00edram \u00e0s ruas para protestar contra a grave crise h\u00eddrica que afeta a regi\u00e3o. Na semana passada, em Belmonte, manifestantes bloquearam rodovias em protesto pela falta de pavimenta\u00e7\u00e3o no desvio da ponte do Rio Jequitinhonha, que segue interditada por risco de desabamento. No extremo sul do estado, produtores rurais fecharam um trecho da BR-101, exigindo a\u00e7\u00f5es contra as invas\u00f5es de terras que est\u00e3o comprometendo suas atividades. Alan Sanches v\u00ea esses protestos como reflexo de uma crescente &#8220;indigna\u00e7\u00e3o&#8221; e um &#8220;desejo de mudan\u00e7a&#8221;. \u201cO povo est\u00e1 cansado de esperar por um governo que n\u00e3o entrega. A Bahia enfrenta um caos em diversas \u00e1reas, como seguran\u00e7a, sa\u00fade, infraestrutura e gera\u00e7\u00e3o de empregos. O descaso e o abandono s\u00e3o evidentes, e \u00e9 por isso que a popula\u00e7\u00e3o est\u00e1 indo \u00e0s ruas. Essa dinastia de 20 anos do PT vai cair pelas m\u00e3os do povo\u201d, afirmou. O parlamentar tamb\u00e9m criticou a postura do governo, que costuma minimizar as cr\u00edticas, associando-as apenas \u00e0 oposi\u00e7\u00e3o e a figuras como ACM Neto. \u201cAgora, n\u00e3o s\u00e3o s\u00f3 os opositores que est\u00e3o falando. \u00c9 o pr\u00f3prio povo, nas ruas, dizendo que n\u00e3o aguenta mais. O que est\u00e1 acontecendo em Irec\u00ea, Belmonte e no extremo sul \u00e9 um reflexo do que se vive em todo o Estado. A Bahia acordou. Esse \u00e9 o in\u00edcio de uma nova era e ela vir\u00e1 das ruas&#8221;, declarou. Sanches destacou ainda a situa\u00e7\u00e3o cr\u00edtica vivida pelos baianos. \u201cA seguran\u00e7a p\u00fablica est\u00e1 falida, a sa\u00fade \u00e9 um caos, a infraestrutura est\u00e1 sucateada, e a gera\u00e7\u00e3o de empregos \u00e9 uma promessa distante. O que vemos \u00e9 uma Bahia jogada aos trapos, com viol\u00eancia crescente, falta de servi\u00e7os b\u00e1sicos e um governo que n\u00e3o se importa\u201d, completou. Para o deputado, o papel da oposi\u00e7\u00e3o \u00e9 amplificar as vozes dos baianos e mostrar que h\u00e1 alternativas para o Estado. &#8220;O tempo do PT est\u00e1 chegando ao fim. A mudan\u00e7a ser\u00e1 feita por quem mais sofre os efeitos do abandono: o povo da Bahia. O futuro do Estado passa pelas m\u00e3os daqueles que t\u00eam coragem de lutar por seus direitos e por uma vida digna&#8221;, finalizou Alan Sanches.<\/p>\n","protected":false},"author":2,"featured_media":1136,"comment_status":"open","ping_status":"open","sticky":false,"template":"","format":"standard","meta":{"footnotes":""},"categories":[7,53,6],"tags":[],"class_list":["post-1091","post","type-post","status-publish","format-standard","has-post-thumbnail","hentry","category-bahia","category-brasil","category-politica"],"yoast_head":"<!-- This site is optimized with the Yoast SEO plugin v26.5 - https:\/\/yoast.com\/wordpress\/plugins\/seo\/ -->\n<title>Alan Sanches afirma que o povo baiano est\u00e1 cansado do abandono e clama por mudan\u00e7a - Sudoesteacontece<\/title>\n<meta name=\"robots\" content=\"index, follow, max-snippet:-1, max-image-preview:large, max-video-preview:-1\" \/>\n<link rel=\"canonical\" href=\"https:\/\/sudoesteacontece.com.br\/?p=1091\" \/>\n<meta property=\"og:locale\" content=\"pt_BR\" \/>\n<meta property=\"og:type\" content=\"article\" \/>\n<meta property=\"og:title\" content=\"Alan Sanches afirma que o povo baiano est\u00e1 cansado do abandono e clama por mudan\u00e7a - Sudoesteacontece\" \/>\n<meta property=\"og:description\" content=\"O deputado estadual Alan Sanches (Uni\u00e3o Brasil), vice-l\u00edder da Oposi\u00e7\u00e3o na Assembleia Legislativa da Bahia (AL-BA), comentou nesta segunda-feira (27) sobre os recentes protestos em v\u00e1rias regi\u00f5es da Bahia, que refletem o crescente descontentamento popular com o governo estadual. Segundo o parlamentar, esses protestos s\u00e3o um claro sinal de que a paci\u00eancia da popula\u00e7\u00e3o com a gest\u00e3o atual chegou ao limite. Na manh\u00e3 de segunda-feira, moradores de Irec\u00ea sa\u00edram \u00e0s ruas para protestar contra a grave crise h\u00eddrica que afeta a regi\u00e3o. Na semana passada, em Belmonte, manifestantes bloquearam rodovias em protesto pela falta de pavimenta\u00e7\u00e3o no desvio da ponte do Rio Jequitinhonha, que segue interditada por risco de desabamento. No extremo sul do estado, produtores rurais fecharam um trecho da BR-101, exigindo a\u00e7\u00f5es contra as invas\u00f5es de terras que est\u00e3o comprometendo suas atividades. Alan Sanches v\u00ea esses protestos como reflexo de uma crescente &#8220;indigna\u00e7\u00e3o&#8221; e um &#8220;desejo de mudan\u00e7a&#8221;. \u201cO povo est\u00e1 cansado de esperar por um governo que n\u00e3o entrega. A Bahia enfrenta um caos em diversas \u00e1reas, como seguran\u00e7a, sa\u00fade, infraestrutura e gera\u00e7\u00e3o de empregos. O descaso e o abandono s\u00e3o evidentes, e \u00e9 por isso que a popula\u00e7\u00e3o est\u00e1 indo \u00e0s ruas. Essa dinastia de 20 anos do PT vai cair pelas m\u00e3os do povo\u201d, afirmou. O parlamentar tamb\u00e9m criticou a postura do governo, que costuma minimizar as cr\u00edticas, associando-as apenas \u00e0 oposi\u00e7\u00e3o e a figuras como ACM Neto. \u201cAgora, n\u00e3o s\u00e3o s\u00f3 os opositores que est\u00e3o falando. \u00c9 o pr\u00f3prio povo, nas ruas, dizendo que n\u00e3o aguenta mais. O que est\u00e1 acontecendo em Irec\u00ea, Belmonte e no extremo sul \u00e9 um reflexo do que se vive em todo o Estado. A Bahia acordou. Esse \u00e9 o in\u00edcio de uma nova era e ela vir\u00e1 das ruas&#8221;, declarou. Sanches destacou ainda a situa\u00e7\u00e3o cr\u00edtica vivida pelos baianos. \u201cA seguran\u00e7a p\u00fablica est\u00e1 falida, a sa\u00fade \u00e9 um caos, a infraestrutura est\u00e1 sucateada, e a gera\u00e7\u00e3o de empregos \u00e9 uma promessa distante. O que vemos \u00e9 uma Bahia jogada aos trapos, com viol\u00eancia crescente, falta de servi\u00e7os b\u00e1sicos e um governo que n\u00e3o se importa\u201d, completou. Para o deputado, o papel da oposi\u00e7\u00e3o \u00e9 amplificar as vozes dos baianos e mostrar que h\u00e1 alternativas para o Estado. &#8220;O tempo do PT est\u00e1 chegando ao fim. A mudan\u00e7a ser\u00e1 feita por quem mais sofre os efeitos do abandono: o povo da Bahia. O futuro do Estado passa pelas m\u00e3os daqueles que t\u00eam coragem de lutar por seus direitos e por uma vida digna&#8221;, finalizou Alan Sanches.\" \/>\n<meta property=\"og:url\" content=\"https:\/\/sudoesteacontece.com.br\/?p=1091\" \/>\n<meta property=\"og:site_name\" content=\"Sudoesteacontece\" \/>\n<meta property=\"article:publisher\" content=\"https:\/\/www.facebook.com\/sudoesteacontece\/?locale=pt_BR\" \/>\n<meta property=\"article:published_time\" content=\"2025-10-28T18:46:54+00:00\" \/>\n<meta property=\"article:modified_time\" content=\"2025-10-28T18:46:55+00:00\" \/>\n<meta property=\"og:image\" content=\"https:\/\/sudoesteacontece.com.br\/wp-content\/uploads\/2025\/10\/Alan-Sanches-afirma-que-o-povo-baiano-esta-cansado-do-abandono-e-clama-por-mudanca-SUDOESTE-ACONTECE.jpg\" \/>\n\t<meta property=\"og:image:width\" content=\"600\" \/>\n\t<meta property=\"og:image:height\" content=\"400\" \/>\n\t<meta property=\"og:image:type\" content=\"image\/jpeg\" \/>\n<meta name=\"author\" content=\"Washington Tiago\" \/>\n<meta name=\"twitter:card\" content=\"summary_large_image\" \/>\n<meta name=\"twitter:label1\" content=\"Escrito por\" \/>\n\t<meta name=\"twitter:data1\" content=\"Washington Tiago\" \/>\n\t<meta name=\"twitter:label2\" content=\"Est. tempo de leitura\" \/>\n\t<meta name=\"twitter:data2\" content=\"2 minutos\" \/>\n<script type=\"application\/ld+json\" class=\"yoast-schema-graph\">{\"@context\":\"https:\/\/schema.org\",\"@graph\":[{\"@type\":\"Article\",\"@id\":\"https:\/\/sudoesteacontece.com.br\/?p=1091#article\",\"isPartOf\":{\"@id\":\"https:\/\/sudoesteacontece.com.br\/?p=1091\"},\"author\":{\"name\":\"Washington Tiago\",\"@id\":\"https:\/\/sudoesteacontece.com.br\/#\/schema\/person\/3cf2cf009926a9683ebc29d5379fa79c\"},\"headline\":\"Alan Sanches afirma que o povo baiano est\u00e1 cansado do abandono e clama por mudan\u00e7a\",\"datePublished\":\"2025-10-28T18:46:54+00:00\",\"dateModified\":\"2025-10-28T18:46:55+00:00\",\"mainEntityOfPage\":{\"@id\":\"https:\/\/sudoesteacontece.com.br\/?p=1091\"},\"wordCount\":470,\"commentCount\":0,\"publisher\":{\"@id\":\"https:\/\/sudoesteacontece.com.br\/#organization\"},\"image\":{\"@id\":\"https:\/\/sudoesteacontece.com.br\/?p=1091#primaryimage\"},\"thumbnailUrl\":\"https:\/\/sudoesteacontece.com.br\/wp-content\/uploads\/2025\/10\/Alan-Sanches-afirma-que-o-povo-baiano-esta-cansado-do-abandono-e-clama-por-mudanca-SUDOESTE-ACONTECE.jpg\",\"articleSection\":[\"Bahia\",\"Brasil\",\"Pol\u00edtica\"],\"inLanguage\":\"pt-BR\",\"potentialAction\":[{\"@type\":\"CommentAction\",\"name\":\"Comment\",\"target\":[\"https:\/\/sudoesteacontece.com.br\/?p=1091#respond\"]}]},{\"@type\":\"WebPage\",\"@id\":\"https:\/\/sudoesteacontece.com.br\/?p=1091\",\"url\":\"https:\/\/sudoesteacontece.com.br\/?p=1091\",\"name\":\"Alan Sanches afirma que o povo baiano est\u00e1 cansado do abandono e clama por mudan\u00e7a - Sudoesteacontece\",\"isPartOf\":{\"@id\":\"https:\/\/sudoesteacontece.com.br\/#website\"},\"primaryImageOfPage\":{\"@id\":\"https:\/\/sudoesteacontece.com.br\/?p=1091#primaryimage\"},\"image\":{\"@id\":\"https:\/\/sudoesteacontece.com.br\/?p=1091#primaryimage\"},\"thumbnailUrl\":\"https:\/\/sudoesteacontece.com.br\/wp-content\/uploads\/2025\/10\/Alan-Sanches-afirma-que-o-povo-baiano-esta-cansado-do-abandono-e-clama-por-mudanca-SUDOESTE-ACONTECE.jpg\",\"datePublished\":\"2025-10-28T18:46:54+00:00\",\"dateModified\":\"2025-10-28T18:46:55+00:00\",\"breadcrumb\":{\"@id\":\"https:\/\/sudoesteacontece.com.br\/?p=1091#breadcrumb\"},\"inLanguage\":\"pt-BR\",\"potentialAction\":[{\"@type\":\"ReadAction\",\"target\":[\"https:\/\/sudoesteacontece.com.br\/?p=1091\"]}]},{\"@type\":\"ImageObject\",\"inLanguage\":\"pt-BR\",\"@id\":\"https:\/\/sudoesteacontece.com.br\/?p=1091#primaryimage\",\"url\":\"https:\/\/sudoesteacontece.com.br\/wp-content\/uploads\/2025\/10\/Alan-Sanches-afirma-que-o-povo-baiano-esta-cansado-do-abandono-e-clama-por-mudanca-SUDOESTE-ACONTECE.jpg\",\"contentUrl\":\"https:\/\/sudoesteacontece.com.br\/wp-content\/uploads\/2025\/10\/Alan-Sanches-afirma-que-o-povo-baiano-esta-cansado-do-abandono-e-clama-por-mudanca-SUDOESTE-ACONTECE.jpg\",\"width\":600,\"height\":400},{\"@type\":\"BreadcrumbList\",\"@id\":\"https:\/\/sudoesteacontece.com.br\/?p=1091#breadcrumb\",\"itemListElement\":[{\"@type\":\"ListItem\",\"position\":1,\"name\":\"In\u00edcio\",\"item\":\"https:\/\/sudoesteacontece.com.br\/\"},{\"@type\":\"ListItem\",\"position\":2,\"name\":\"Alan Sanches afirma que o povo baiano est\u00e1 cansado do abandono e clama por mudan\u00e7a\"}]},{\"@type\":\"WebSite\",\"@id\":\"https:\/\/sudoesteacontece.com.br\/#website\",\"url\":\"https:\/\/sudoesteacontece.com.br\/\",\"name\":\"Sudoesteacontece\",\"description\":\"\",\"publisher\":{\"@id\":\"https:\/\/sudoesteacontece.com.br\/#organization\"},\"potentialAction\":[{\"@type\":\"SearchAction\",\"target\":{\"@type\":\"EntryPoint\",\"urlTemplate\":\"https:\/\/sudoesteacontece.com.br\/?s={search_term_string}\"},\"query-input\":{\"@type\":\"PropertyValueSpecification\",\"valueRequired\":true,\"valueName\":\"search_term_string\"}}],\"inLanguage\":\"pt-BR\"},{\"@type\":\"Organization\",\"@id\":\"https:\/\/sudoesteacontece.com.br\/#organization\",\"name\":\"Sudoesteacontece\",\"url\":\"https:\/\/sudoesteacontece.com.br\/\",\"logo\":{\"@type\":\"ImageObject\",\"inLanguage\":\"pt-BR\",\"@id\":\"https:\/\/sudoesteacontece.com.br\/#\/schema\/logo\/image\/\",\"url\":\"https:\/\/sudoesteacontece.com.br\/wp-content\/uploads\/2025\/12\/cropped-logo-2-180x180-1.png\",\"contentUrl\":\"https:\/\/sudoesteacontece.com.br\/wp-content\/uploads\/2025\/12\/cropped-logo-2-180x180-1.png\",\"width\":180,\"height\":180,\"caption\":\"Sudoesteacontece\"},\"image\":{\"@id\":\"https:\/\/sudoesteacontece.com.br\/#\/schema\/logo\/image\/\"},\"sameAs\":[\"https:\/\/www.facebook.com\/sudoesteacontece\/?locale=pt_BR\"]},{\"@type\":\"Person\",\"@id\":\"https:\/\/sudoesteacontece.com.br\/#\/schema\/person\/3cf2cf009926a9683ebc29d5379fa79c\",\"name\":\"Washington Tiago\",\"image\":{\"@type\":\"ImageObject\",\"inLanguage\":\"pt-BR\",\"@id\":\"https:\/\/sudoesteacontece.com.br\/#\/schema\/person\/image\/\",\"url\":\"https:\/\/secure.gravatar.com\/avatar\/33c43b8668157e040f9d1fe93c354bf087cbd8ba36270c1163198bd3ddcf2a56?s=96&d=mm&r=g\",\"contentUrl\":\"https:\/\/secure.gravatar.com\/avatar\/33c43b8668157e040f9d1fe93c354bf087cbd8ba36270c1163198bd3ddcf2a56?s=96&d=mm&r=g\",\"caption\":\"Washington Tiago\"},\"url\":\"https:\/\/sudoesteacontece.com.br\/?author=2\"}]}<\/script>\n<!-- \/ Yoast SEO plugin. -->","yoast_head_json":{"title":"Alan Sanches afirma que o povo baiano est\u00e1 cansado do abandono e clama por mudan\u00e7a - Sudoesteacontece","robots":{"index":"index","follow":"follow","max-snippet":"max-snippet:-1","max-image-preview":"max-image-preview:large","max-video-preview":"max-video-preview:-1"},"canonical":"https:\/\/sudoesteacontece.com.br\/?p=1091","og_locale":"pt_BR","og_type":"article","og_title":"Alan Sanches afirma que o povo baiano est\u00e1 cansado do abandono e clama por mudan\u00e7a - Sudoesteacontece","og_description":"O deputado estadual Alan Sanches (Uni\u00e3o Brasil), vice-l\u00edder da Oposi\u00e7\u00e3o na Assembleia Legislativa da Bahia (AL-BA), comentou nesta segunda-feira (27) sobre os recentes protestos em v\u00e1rias regi\u00f5es da Bahia, que refletem o crescente descontentamento popular com o governo estadual. Segundo o parlamentar, esses protestos s\u00e3o um claro sinal de que a paci\u00eancia da popula\u00e7\u00e3o com a gest\u00e3o atual chegou ao limite. Na manh\u00e3 de segunda-feira, moradores de Irec\u00ea sa\u00edram \u00e0s ruas para protestar contra a grave crise h\u00eddrica que afeta a regi\u00e3o. Na semana passada, em Belmonte, manifestantes bloquearam rodovias em protesto pela falta de pavimenta\u00e7\u00e3o no desvio da ponte do Rio Jequitinhonha, que segue interditada por risco de desabamento. No extremo sul do estado, produtores rurais fecharam um trecho da BR-101, exigindo a\u00e7\u00f5es contra as invas\u00f5es de terras que est\u00e3o comprometendo suas atividades. Alan Sanches v\u00ea esses protestos como reflexo de uma crescente &#8220;indigna\u00e7\u00e3o&#8221; e um &#8220;desejo de mudan\u00e7a&#8221;. \u201cO povo est\u00e1 cansado de esperar por um governo que n\u00e3o entrega. A Bahia enfrenta um caos em diversas \u00e1reas, como seguran\u00e7a, sa\u00fade, infraestrutura e gera\u00e7\u00e3o de empregos. O descaso e o abandono s\u00e3o evidentes, e \u00e9 por isso que a popula\u00e7\u00e3o est\u00e1 indo \u00e0s ruas. Essa dinastia de 20 anos do PT vai cair pelas m\u00e3os do povo\u201d, afirmou. O parlamentar tamb\u00e9m criticou a postura do governo, que costuma minimizar as cr\u00edticas, associando-as apenas \u00e0 oposi\u00e7\u00e3o e a figuras como ACM Neto. \u201cAgora, n\u00e3o s\u00e3o s\u00f3 os opositores que est\u00e3o falando. \u00c9 o pr\u00f3prio povo, nas ruas, dizendo que n\u00e3o aguenta mais. O que est\u00e1 acontecendo em Irec\u00ea, Belmonte e no extremo sul \u00e9 um reflexo do que se vive em todo o Estado. A Bahia acordou. Esse \u00e9 o in\u00edcio de uma nova era e ela vir\u00e1 das ruas&#8221;, declarou. Sanches destacou ainda a situa\u00e7\u00e3o cr\u00edtica vivida pelos baianos. \u201cA seguran\u00e7a p\u00fablica est\u00e1 falida, a sa\u00fade \u00e9 um caos, a infraestrutura est\u00e1 sucateada, e a gera\u00e7\u00e3o de empregos \u00e9 uma promessa distante. O que vemos \u00e9 uma Bahia jogada aos trapos, com viol\u00eancia crescente, falta de servi\u00e7os b\u00e1sicos e um governo que n\u00e3o se importa\u201d, completou. Para o deputado, o papel da oposi\u00e7\u00e3o \u00e9 amplificar as vozes dos baianos e mostrar que h\u00e1 alternativas para o Estado. &#8220;O tempo do PT est\u00e1 chegando ao fim. A mudan\u00e7a ser\u00e1 feita por quem mais sofre os efeitos do abandono: o povo da Bahia. O futuro do Estado passa pelas m\u00e3os daqueles que t\u00eam coragem de lutar por seus direitos e por uma vida digna&#8221;, finalizou Alan Sanches.","og_url":"https:\/\/sudoesteacontece.com.br\/?p=1091","og_site_name":"Sudoesteacontece","article_publisher":"https:\/\/www.facebook.com\/sudoesteacontece\/?locale=pt_BR","article_published_time":"2025-10-28T18:46:54+00:00","article_modified_time":"2025-10-28T18:46:55+00:00","og_image":[{"width":600,"height":400,"url":"https:\/\/sudoesteacontece.com.br\/wp-content\/uploads\/2025\/10\/Alan-Sanches-afirma-que-o-povo-baiano-esta-cansado-do-abandono-e-clama-por-mudanca-SUDOESTE-ACONTECE.jpg","type":"image\/jpeg"}],"author":"Washington Tiago","twitter_card":"summary_large_image","twitter_misc":{"Escrito por":"Washington Tiago","Est. tempo de leitura":"2 minutos"},"schema":{"@context":"https:\/\/schema.org","@graph":[{"@type":"Article","@id":"https:\/\/sudoesteacontece.com.br\/?p=1091#article","isPartOf":{"@id":"https:\/\/sudoesteacontece.com.br\/?p=1091"},"author":{"name":"Washington Tiago","@id":"https:\/\/sudoesteacontece.com.br\/#\/schema\/person\/3cf2cf009926a9683ebc29d5379fa79c"},"headline":"Alan Sanches afirma que o povo baiano est\u00e1 cansado do abandono e clama por mudan\u00e7a","datePublished":"2025-10-28T18:46:54+00:00","dateModified":"2025-10-28T18:46:55+00:00","mainEntityOfPage":{"@id":"https:\/\/sudoesteacontece.com.br\/?p=1091"},"wordCount":470,"commentCount":0,"publisher":{"@id":"https:\/\/sudoesteacontece.com.br\/#organization"},"image":{"@id":"https:\/\/sudoesteacontece.com.br\/?p=1091#primaryimage"},"thumbnailUrl":"https:\/\/sudoesteacontece.com.br\/wp-content\/uploads\/2025\/10\/Alan-Sanches-afirma-que-o-povo-baiano-esta-cansado-do-abandono-e-clama-por-mudanca-SUDOESTE-ACONTECE.jpg","articleSection":["Bahia","Brasil","Pol\u00edtica"],"inLanguage":"pt-BR","potentialAction":[{"@type":"CommentAction","name":"Comment","target":["https:\/\/sudoesteacontece.com.br\/?p=1091#respond"]}]},{"@type":"WebPage","@id":"https:\/\/sudoesteacontece.com.br\/?p=1091","url":"https:\/\/sudoesteacontece.com.br\/?p=1091","name":"Alan Sanches afirma que o povo baiano est\u00e1 cansado do abandono e clama por mudan\u00e7a - Sudoesteacontece","isPartOf":{"@id":"https:\/\/sudoesteacontece.com.br\/#website"},"primaryImageOfPage":{"@id":"https:\/\/sudoesteacontece.com.br\/?p=1091#primaryimage"},"image":{"@id":"https:\/\/sudoesteacontece.com.br\/?p=1091#primaryimage"},"thumbnailUrl":"https:\/\/sudoesteacontece.com.br\/wp-content\/uploads\/2025\/10\/Alan-Sanches-afirma-que-o-povo-baiano-esta-cansado-do-abandono-e-clama-por-mudanca-SUDOESTE-ACONTECE.jpg","datePublished":"2025-10-28T18:46:54+00:00","dateModified":"2025-10-28T18:46:55+00:00","breadcrumb":{"@id":"https:\/\/sudoesteacontece.com.br\/?p=1091#breadcrumb"},"inLanguage":"pt-BR","potentialAction":[{"@type":"ReadAction","target":["https:\/\/sudoesteacontece.com.br\/?p=1091"]}]},{"@type":"ImageObject","inLanguage":"pt-BR","@id":"https:\/\/sudoesteacontece.com.br\/?p=1091#primaryimage","url":"https:\/\/sudoesteacontece.com.br\/wp-content\/uploads\/2025\/10\/Alan-Sanches-afirma-que-o-povo-baiano-esta-cansado-do-abandono-e-clama-por-mudanca-SUDOESTE-ACONTECE.jpg","contentUrl":"https:\/\/sudoesteacontece.com.br\/wp-content\/uploads\/2025\/10\/Alan-Sanches-afirma-que-o-povo-baiano-esta-cansado-do-abandono-e-clama-por-mudanca-SUDOESTE-ACONTECE.jpg","width":600,"height":400},{"@type":"BreadcrumbList","@id":"https:\/\/sudoesteacontece.com.br\/?p=1091#breadcrumb","itemListElement":[{"@type":"ListItem","position":1,"name":"In\u00edcio","item":"https:\/\/sudoesteacontece.com.br\/"},{"@type":"ListItem","position":2,"name":"Alan Sanches afirma que o povo baiano est\u00e1 cansado do abandono e clama por mudan\u00e7a"}]},{"@type":"WebSite","@id":"https:\/\/sudoesteacontece.com.br\/#website","url":"https:\/\/sudoesteacontece.com.br\/","name":"Sudoesteacontece","description":"","publisher":{"@id":"https:\/\/sudoesteacontece.com.br\/#organization"},"potentialAction":[{"@type":"SearchAction","target":{"@type":"EntryPoint","urlTemplate":"https:\/\/sudoesteacontece.com.br\/?s={search_term_string}"},"query-input":{"@type":"PropertyValueSpecification","valueRequired":true,"valueName":"search_term_string"}}],"inLanguage":"pt-BR"},{"@type":"Organization","@id":"https:\/\/sudoesteacontece.com.br\/#organization","name":"Sudoesteacontece","url":"https:\/\/sudoesteacontece.com.br\/","logo":{"@type":"ImageObject","inLanguage":"pt-BR","@id":"https:\/\/sudoesteacontece.com.br\/#\/schema\/logo\/image\/","url":"https:\/\/sudoesteacontece.com.br\/wp-content\/uploads\/2025\/12\/cropped-logo-2-180x180-1.png","contentUrl":"https:\/\/sudoesteacontece.com.br\/wp-content\/uploads\/2025\/12\/cropped-logo-2-180x180-1.png","width":180,"height":180,"caption":"Sudoesteacontece"},"image":{"@id":"https:\/\/sudoesteacontece.com.br\/#\/schema\/logo\/image\/"},"sameAs":["https:\/\/www.facebook.com\/sudoesteacontece\/?locale=pt_BR"]},{"@type":"Person","@id":"https:\/\/sudoesteacontece.com.br\/#\/schema\/person\/3cf2cf009926a9683ebc29d5379fa79c","name":"Washington Tiago","image":{"@type":"ImageObject","inLanguage":"pt-BR","@id":"https:\/\/sudoesteacontece.com.br\/#\/schema\/person\/image\/","url":"https:\/\/secure.gravatar.com\/avatar\/33c43b8668157e040f9d1fe93c354bf087cbd8ba36270c1163198bd3ddcf2a56?s=96&d=mm&r=g","contentUrl":"https:\/\/secure.gravatar.com\/avatar\/33c43b8668157e040f9d1fe93c354bf087cbd8ba36270c1163198bd3ddcf2a56?s=96&d=mm&r=g","caption":"Washington Tiago"},"url":"https:\/\/sudoesteacontece.com.br\/?author=2"}]}},"_links":{"self":[{"href":"https:\/\/sudoesteacontece.com.br\/index.php?rest_route=\/wp\/v2\/posts\/1091","targetHints":{"allow":["GET"]}}],"collection":[{"href":"https:\/\/sudoesteacontece.com.br\/index.php?rest_route=\/wp\/v2\/posts"}],"about":[{"href":"https:\/\/sudoesteacontece.com.br\/index.php?rest_route=\/wp\/v2\/types\/post"}],"author":[{"embeddable":true,"href":"https:\/\/sudoesteacontece.com.br\/index.php?rest_route=\/wp\/v2\/users\/2"}],"replies":[{"embeddable":true,"href":"https:\/\/sudoesteacontece.com.br\/index.php?rest_route=%2Fwp%2Fv2%2Fcomments&post=1091"}],"version-history":[{"count":0,"href":"https:\/\/sudoesteacontece.com.br\/index.php?rest_route=\/wp\/v2\/posts\/1091\/revisions"}],"wp:featuredmedia":[{"embeddable":true,"href":"https:\/\/sudoesteacontece.com.br\/index.php?rest_route=\/wp\/v2\/media\/1136"}],"wp:attachment":[{"href":"https:\/\/sudoesteacontece.com.br\/index.php?rest_route=%2Fwp%2Fv2%2Fmedia&parent=1091"}],"wp:term":[{"taxonomy":"category","embeddable":true,"href":"https:\/\/sudoesteacontece.com.br\/index.php?rest_route=%2Fwp%2Fv2%2Fcategories&post=1091"},{"taxonomy":"post_tag","embeddable":true,"href":"https:\/\/sudoesteacontece.com.br\/index.php?rest_route=%2Fwp%2Fv2%2Ftags&post=1091"}],"curies":[{"name":"wp","href":"https:\/\/api.w.org\/{rel}","templated":true}]}}