{"id":1095,"date":"2025-10-28T15:40:10","date_gmt":"2025-10-28T18:40:10","guid":{"rendered":"https:\/\/sudoesteacontece.com.br\/?p=1095"},"modified":"2025-10-28T17:01:08","modified_gmt":"2025-10-28T20:01:08","slug":"acidente-de-transito-na-comunidade-do-canto-em-macaubas","status":"publish","type":"post","link":"https:\/\/sudoesteacontece.com.br\/?p=1095","title":{"rendered":"Acidente de tr\u00e2nsito na comunidade do Canto em Maca\u00fabas"},"content":{"rendered":"\n<figure class=\"wp-block-image size-large\"><img fetchpriority=\"high\" decoding=\"async\" width=\"1024\" height=\"801\" src=\"http:\/\/sudoesteacontece.com.br\/wp-content\/uploads\/2025\/10\/Acidente-de-transito-na-comunidade-do-Canto-em-Macaubas-sudoeste-acontece-1-1024x801.jpg\" alt=\"\" class=\"wp-image-1164\" srcset=\"https:\/\/sudoesteacontece.com.br\/wp-content\/uploads\/2025\/10\/Acidente-de-transito-na-comunidade-do-Canto-em-Macaubas-sudoeste-acontece-1-1024x801.jpg 1024w, https:\/\/sudoesteacontece.com.br\/wp-content\/uploads\/2025\/10\/Acidente-de-transito-na-comunidade-do-Canto-em-Macaubas-sudoeste-acontece-1-300x235.jpg 300w, https:\/\/sudoesteacontece.com.br\/wp-content\/uploads\/2025\/10\/Acidente-de-transito-na-comunidade-do-Canto-em-Macaubas-sudoeste-acontece-1-768x601.jpg 768w, https:\/\/sudoesteacontece.com.br\/wp-content\/uploads\/2025\/10\/Acidente-de-transito-na-comunidade-do-Canto-em-Macaubas-sudoeste-acontece-1.jpg 1200w\" sizes=\"(max-width: 1024px) 100vw, 1024px\" \/><\/figure>\n\n\n\n<p>Na noite de domingo (26), um acidente de tr\u00e2nsito envolvendo dois carros foi registrado na comunidade do Canto, em Maca\u00fabas, cidade localizada no sudoeste da Bahia. De acordo com as informa\u00e7\u00f5es divulgadas, os ve\u00edculos colidiram de frente, o que resultou em danos materiais significativos nos carros, mas, felizmente, sem v\u00edtimas fatais.<\/p>\n\n\n\n<p>No total, quatro pessoas estavam envolvidas no acidente. O Servi\u00e7o de Atendimento M\u00f3vel de Urg\u00eancia (SAMU) foi acionado e rapidamente se deslocou para o local para prestar o socorro necess\u00e1rio. As v\u00edtimas, que estavam nos dois ve\u00edculos, foram atendidas no local e, em seguida, encaminhadas para a unidade de sa\u00fade de Maca\u00fabas para uma avalia\u00e7\u00e3o mais detalhada. Apesar do susto, as quatro pessoas passam bem e, at\u00e9 o momento, n\u00e3o foram identificados ferimentos graves.<\/p>\n\n\n\n<p>O acidente causou um grande impacto na regi\u00e3o, j\u00e1 que a comunidade do Canto \u00e9 conhecida por sua tranquilidade e o tr\u00e1fego na \u00e1rea \u00e9, em sua maioria, moderado. O acidente gerou um clima de preocupa\u00e7\u00e3o entre os moradores, que acompanharam de perto a chegada das equipes de socorro e a movimenta\u00e7\u00e3o policial.<\/p>\n\n\n\n<p>Ainda n\u00e3o h\u00e1 informa\u00e7\u00f5es sobre as causas do acidente, mas as autoridades locais iniciaram uma investiga\u00e7\u00e3o para apurar o que motivou a colis\u00e3o. A pol\u00edcia realizou o isolamento da \u00e1rea para garantir que o atendimento fosse feito com seguran\u00e7a e sem maiores complica\u00e7\u00f5es para o tr\u00e1fego de ve\u00edculos na regi\u00e3o. A comunidade, embora abalada, est\u00e1 aliviada por n\u00e3o ter ocorrido nenhum \u00f3bito.<\/p>\n\n\n\n<p>Ap\u00f3s os atendimentos, os ve\u00edculos envolvidos no acidente foram removidos do local e levados para um p\u00e1tio. O incidente, apesar de ter causado danos materiais consider\u00e1veis, n\u00e3o deixou v\u00edtimas fatais, o que foi um al\u00edvio para as autoridades e a popula\u00e7\u00e3o local.<\/p>\n","protected":false},"excerpt":{"rendered":"<p>Na noite de domingo (26), um acidente de tr\u00e2nsito envolvendo dois carros foi registrado na comunidade do Canto, em Maca\u00fabas, cidade localizada no sudoeste da Bahia. De acordo com as informa\u00e7\u00f5es divulgadas, os ve\u00edculos colidiram de frente, o que resultou em danos materiais significativos nos carros, mas, felizmente, sem v\u00edtimas fatais. No total, quatro pessoas estavam envolvidas no acidente. O Servi\u00e7o de Atendimento M\u00f3vel de Urg\u00eancia (SAMU) foi acionado e rapidamente se deslocou para o local para prestar o socorro necess\u00e1rio. As v\u00edtimas, que estavam nos dois ve\u00edculos, foram atendidas no local e, em seguida, encaminhadas para a unidade de sa\u00fade de Maca\u00fabas para uma avalia\u00e7\u00e3o mais detalhada. Apesar do susto, as quatro pessoas passam bem e, at\u00e9 o momento, n\u00e3o foram identificados ferimentos graves. O acidente causou um grande impacto na regi\u00e3o, j\u00e1 que a comunidade do Canto \u00e9 conhecida por sua tranquilidade e o tr\u00e1fego na \u00e1rea \u00e9, em sua maioria, moderado. O acidente gerou um clima de preocupa\u00e7\u00e3o entre os moradores, que acompanharam de perto a chegada das equipes de socorro e a movimenta\u00e7\u00e3o policial. Ainda n\u00e3o h\u00e1 informa\u00e7\u00f5es sobre as causas do acidente, mas as autoridades locais iniciaram uma investiga\u00e7\u00e3o para apurar o que motivou a colis\u00e3o. A pol\u00edcia realizou o isolamento da \u00e1rea para garantir que o atendimento fosse feito com seguran\u00e7a e sem maiores complica\u00e7\u00f5es para o tr\u00e1fego de ve\u00edculos na regi\u00e3o. A comunidade, embora abalada, est\u00e1 aliviada por n\u00e3o ter ocorrido nenhum \u00f3bito. Ap\u00f3s os atendimentos, os ve\u00edculos envolvidos no acidente foram removidos do local e levados para um p\u00e1tio. O incidente, apesar de ter causado danos materiais consider\u00e1veis, n\u00e3o deixou v\u00edtimas fatais, o que foi um al\u00edvio para as autoridades e a popula\u00e7\u00e3o local.<\/p>\n","protected":false},"author":2,"featured_media":1164,"comment_status":"open","ping_status":"open","sticky":false,"template":"","format":"standard","meta":{"footnotes":""},"categories":[5,46],"tags":[],"class_list":["post-1095","post","type-post","status-publish","format-standard","has-post-thumbnail","hentry","category-acidente","category-macaubas"],"yoast_head":"<!-- This site is optimized with the Yoast SEO plugin v26.5 - https:\/\/yoast.com\/wordpress\/plugins\/seo\/ -->\n<title>Acidente de tr\u00e2nsito na comunidade do Canto em Maca\u00fabas - Sudoesteacontece<\/title>\n<meta name=\"robots\" content=\"index, follow, max-snippet:-1, max-image-preview:large, max-video-preview:-1\" \/>\n<link rel=\"canonical\" href=\"https:\/\/sudoesteacontece.com.br\/?p=1095\" \/>\n<meta property=\"og:locale\" content=\"pt_BR\" \/>\n<meta property=\"og:type\" content=\"article\" \/>\n<meta property=\"og:title\" content=\"Acidente de tr\u00e2nsito na comunidade do Canto em Maca\u00fabas - Sudoesteacontece\" \/>\n<meta property=\"og:description\" content=\"Na noite de domingo (26), um acidente de tr\u00e2nsito envolvendo dois carros foi registrado na comunidade do Canto, em Maca\u00fabas, cidade localizada no sudoeste da Bahia. De acordo com as informa\u00e7\u00f5es divulgadas, os ve\u00edculos colidiram de frente, o que resultou em danos materiais significativos nos carros, mas, felizmente, sem v\u00edtimas fatais. No total, quatro pessoas estavam envolvidas no acidente. O Servi\u00e7o de Atendimento M\u00f3vel de Urg\u00eancia (SAMU) foi acionado e rapidamente se deslocou para o local para prestar o socorro necess\u00e1rio. As v\u00edtimas, que estavam nos dois ve\u00edculos, foram atendidas no local e, em seguida, encaminhadas para a unidade de sa\u00fade de Maca\u00fabas para uma avalia\u00e7\u00e3o mais detalhada. Apesar do susto, as quatro pessoas passam bem e, at\u00e9 o momento, n\u00e3o foram identificados ferimentos graves. O acidente causou um grande impacto na regi\u00e3o, j\u00e1 que a comunidade do Canto \u00e9 conhecida por sua tranquilidade e o tr\u00e1fego na \u00e1rea \u00e9, em sua maioria, moderado. O acidente gerou um clima de preocupa\u00e7\u00e3o entre os moradores, que acompanharam de perto a chegada das equipes de socorro e a movimenta\u00e7\u00e3o policial. Ainda n\u00e3o h\u00e1 informa\u00e7\u00f5es sobre as causas do acidente, mas as autoridades locais iniciaram uma investiga\u00e7\u00e3o para apurar o que motivou a colis\u00e3o. A pol\u00edcia realizou o isolamento da \u00e1rea para garantir que o atendimento fosse feito com seguran\u00e7a e sem maiores complica\u00e7\u00f5es para o tr\u00e1fego de ve\u00edculos na regi\u00e3o. A comunidade, embora abalada, est\u00e1 aliviada por n\u00e3o ter ocorrido nenhum \u00f3bito. Ap\u00f3s os atendimentos, os ve\u00edculos envolvidos no acidente foram removidos do local e levados para um p\u00e1tio. O incidente, apesar de ter causado danos materiais consider\u00e1veis, n\u00e3o deixou v\u00edtimas fatais, o que foi um al\u00edvio para as autoridades e a popula\u00e7\u00e3o local.\" \/>\n<meta property=\"og:url\" content=\"https:\/\/sudoesteacontece.com.br\/?p=1095\" \/>\n<meta property=\"og:site_name\" content=\"Sudoesteacontece\" \/>\n<meta property=\"article:publisher\" content=\"https:\/\/www.facebook.com\/sudoesteacontece\/?locale=pt_BR\" \/>\n<meta property=\"article:published_time\" content=\"2025-10-28T18:40:10+00:00\" \/>\n<meta property=\"article:modified_time\" content=\"2025-10-28T20:01:08+00:00\" \/>\n<meta property=\"og:image\" content=\"https:\/\/sudoesteacontece.com.br\/wp-content\/uploads\/2025\/10\/Acidente-de-transito-na-comunidade-do-Canto-em-Macaubas-sudoeste-acontece-1.jpg\" \/>\n\t<meta property=\"og:image:width\" content=\"1200\" \/>\n\t<meta property=\"og:image:height\" content=\"939\" \/>\n\t<meta property=\"og:image:type\" content=\"image\/jpeg\" \/>\n<meta name=\"author\" content=\"Washington Tiago\" \/>\n<meta name=\"twitter:card\" content=\"summary_large_image\" \/>\n<meta name=\"twitter:label1\" content=\"Escrito por\" \/>\n\t<meta name=\"twitter:data1\" content=\"Washington Tiago\" \/>\n\t<meta name=\"twitter:label2\" content=\"Est. tempo de leitura\" \/>\n\t<meta name=\"twitter:data2\" content=\"2 minutos\" \/>\n<script type=\"application\/ld+json\" class=\"yoast-schema-graph\">{\"@context\":\"https:\/\/schema.org\",\"@graph\":[{\"@type\":\"Article\",\"@id\":\"https:\/\/sudoesteacontece.com.br\/?p=1095#article\",\"isPartOf\":{\"@id\":\"https:\/\/sudoesteacontece.com.br\/?p=1095\"},\"author\":{\"name\":\"Washington Tiago\",\"@id\":\"https:\/\/sudoesteacontece.com.br\/#\/schema\/person\/3cf2cf009926a9683ebc29d5379fa79c\"},\"headline\":\"Acidente de tr\u00e2nsito na comunidade do Canto em Maca\u00fabas\",\"datePublished\":\"2025-10-28T18:40:10+00:00\",\"dateModified\":\"2025-10-28T20:01:08+00:00\",\"mainEntityOfPage\":{\"@id\":\"https:\/\/sudoesteacontece.com.br\/?p=1095\"},\"wordCount\":328,\"commentCount\":0,\"publisher\":{\"@id\":\"https:\/\/sudoesteacontece.com.br\/#organization\"},\"image\":{\"@id\":\"https:\/\/sudoesteacontece.com.br\/?p=1095#primaryimage\"},\"thumbnailUrl\":\"https:\/\/sudoesteacontece.com.br\/wp-content\/uploads\/2025\/10\/Acidente-de-transito-na-comunidade-do-Canto-em-Macaubas-sudoeste-acontece-1.jpg\",\"articleSection\":[\"Acidente\",\"Maca\u00fabas\"],\"inLanguage\":\"pt-BR\",\"potentialAction\":[{\"@type\":\"CommentAction\",\"name\":\"Comment\",\"target\":[\"https:\/\/sudoesteacontece.com.br\/?p=1095#respond\"]}]},{\"@type\":\"WebPage\",\"@id\":\"https:\/\/sudoesteacontece.com.br\/?p=1095\",\"url\":\"https:\/\/sudoesteacontece.com.br\/?p=1095\",\"name\":\"Acidente de tr\u00e2nsito na comunidade do Canto em Maca\u00fabas - Sudoesteacontece\",\"isPartOf\":{\"@id\":\"https:\/\/sudoesteacontece.com.br\/#website\"},\"primaryImageOfPage\":{\"@id\":\"https:\/\/sudoesteacontece.com.br\/?p=1095#primaryimage\"},\"image\":{\"@id\":\"https:\/\/sudoesteacontece.com.br\/?p=1095#primaryimage\"},\"thumbnailUrl\":\"https:\/\/sudoesteacontece.com.br\/wp-content\/uploads\/2025\/10\/Acidente-de-transito-na-comunidade-do-Canto-em-Macaubas-sudoeste-acontece-1.jpg\",\"datePublished\":\"2025-10-28T18:40:10+00:00\",\"dateModified\":\"2025-10-28T20:01:08+00:00\",\"breadcrumb\":{\"@id\":\"https:\/\/sudoesteacontece.com.br\/?p=1095#breadcrumb\"},\"inLanguage\":\"pt-BR\",\"potentialAction\":[{\"@type\":\"ReadAction\",\"target\":[\"https:\/\/sudoesteacontece.com.br\/?p=1095\"]}]},{\"@type\":\"ImageObject\",\"inLanguage\":\"pt-BR\",\"@id\":\"https:\/\/sudoesteacontece.com.br\/?p=1095#primaryimage\",\"url\":\"https:\/\/sudoesteacontece.com.br\/wp-content\/uploads\/2025\/10\/Acidente-de-transito-na-comunidade-do-Canto-em-Macaubas-sudoeste-acontece-1.jpg\",\"contentUrl\":\"https:\/\/sudoesteacontece.com.br\/wp-content\/uploads\/2025\/10\/Acidente-de-transito-na-comunidade-do-Canto-em-Macaubas-sudoeste-acontece-1.jpg\",\"width\":1200,\"height\":939},{\"@type\":\"BreadcrumbList\",\"@id\":\"https:\/\/sudoesteacontece.com.br\/?p=1095#breadcrumb\",\"itemListElement\":[{\"@type\":\"ListItem\",\"position\":1,\"name\":\"In\u00edcio\",\"item\":\"https:\/\/sudoesteacontece.com.br\/\"},{\"@type\":\"ListItem\",\"position\":2,\"name\":\"Acidente de tr\u00e2nsito na comunidade do Canto em Maca\u00fabas\"}]},{\"@type\":\"WebSite\",\"@id\":\"https:\/\/sudoesteacontece.com.br\/#website\",\"url\":\"https:\/\/sudoesteacontece.com.br\/\",\"name\":\"Sudoesteacontece\",\"description\":\"\",\"publisher\":{\"@id\":\"https:\/\/sudoesteacontece.com.br\/#organization\"},\"potentialAction\":[{\"@type\":\"SearchAction\",\"target\":{\"@type\":\"EntryPoint\",\"urlTemplate\":\"https:\/\/sudoesteacontece.com.br\/?s={search_term_string}\"},\"query-input\":{\"@type\":\"PropertyValueSpecification\",\"valueRequired\":true,\"valueName\":\"search_term_string\"}}],\"inLanguage\":\"pt-BR\"},{\"@type\":\"Organization\",\"@id\":\"https:\/\/sudoesteacontece.com.br\/#organization\",\"name\":\"Sudoesteacontece\",\"url\":\"https:\/\/sudoesteacontece.com.br\/\",\"logo\":{\"@type\":\"ImageObject\",\"inLanguage\":\"pt-BR\",\"@id\":\"https:\/\/sudoesteacontece.com.br\/#\/schema\/logo\/image\/\",\"url\":\"https:\/\/sudoesteacontece.com.br\/wp-content\/uploads\/2025\/12\/cropped-logo-2-180x180-1.png\",\"contentUrl\":\"https:\/\/sudoesteacontece.com.br\/wp-content\/uploads\/2025\/12\/cropped-logo-2-180x180-1.png\",\"width\":180,\"height\":180,\"caption\":\"Sudoesteacontece\"},\"image\":{\"@id\":\"https:\/\/sudoesteacontece.com.br\/#\/schema\/logo\/image\/\"},\"sameAs\":[\"https:\/\/www.facebook.com\/sudoesteacontece\/?locale=pt_BR\"]},{\"@type\":\"Person\",\"@id\":\"https:\/\/sudoesteacontece.com.br\/#\/schema\/person\/3cf2cf009926a9683ebc29d5379fa79c\",\"name\":\"Washington Tiago\",\"image\":{\"@type\":\"ImageObject\",\"inLanguage\":\"pt-BR\",\"@id\":\"https:\/\/sudoesteacontece.com.br\/#\/schema\/person\/image\/\",\"url\":\"https:\/\/secure.gravatar.com\/avatar\/33c43b8668157e040f9d1fe93c354bf087cbd8ba36270c1163198bd3ddcf2a56?s=96&d=mm&r=g\",\"contentUrl\":\"https:\/\/secure.gravatar.com\/avatar\/33c43b8668157e040f9d1fe93c354bf087cbd8ba36270c1163198bd3ddcf2a56?s=96&d=mm&r=g\",\"caption\":\"Washington Tiago\"},\"url\":\"https:\/\/sudoesteacontece.com.br\/?author=2\"}]}<\/script>\n<!-- \/ Yoast SEO plugin. -->","yoast_head_json":{"title":"Acidente de tr\u00e2nsito na comunidade do Canto em Maca\u00fabas - Sudoesteacontece","robots":{"index":"index","follow":"follow","max-snippet":"max-snippet:-1","max-image-preview":"max-image-preview:large","max-video-preview":"max-video-preview:-1"},"canonical":"https:\/\/sudoesteacontece.com.br\/?p=1095","og_locale":"pt_BR","og_type":"article","og_title":"Acidente de tr\u00e2nsito na comunidade do Canto em Maca\u00fabas - Sudoesteacontece","og_description":"Na noite de domingo (26), um acidente de tr\u00e2nsito envolvendo dois carros foi registrado na comunidade do Canto, em Maca\u00fabas, cidade localizada no sudoeste da Bahia. De acordo com as informa\u00e7\u00f5es divulgadas, os ve\u00edculos colidiram de frente, o que resultou em danos materiais significativos nos carros, mas, felizmente, sem v\u00edtimas fatais. No total, quatro pessoas estavam envolvidas no acidente. O Servi\u00e7o de Atendimento M\u00f3vel de Urg\u00eancia (SAMU) foi acionado e rapidamente se deslocou para o local para prestar o socorro necess\u00e1rio. As v\u00edtimas, que estavam nos dois ve\u00edculos, foram atendidas no local e, em seguida, encaminhadas para a unidade de sa\u00fade de Maca\u00fabas para uma avalia\u00e7\u00e3o mais detalhada. Apesar do susto, as quatro pessoas passam bem e, at\u00e9 o momento, n\u00e3o foram identificados ferimentos graves. O acidente causou um grande impacto na regi\u00e3o, j\u00e1 que a comunidade do Canto \u00e9 conhecida por sua tranquilidade e o tr\u00e1fego na \u00e1rea \u00e9, em sua maioria, moderado. O acidente gerou um clima de preocupa\u00e7\u00e3o entre os moradores, que acompanharam de perto a chegada das equipes de socorro e a movimenta\u00e7\u00e3o policial. Ainda n\u00e3o h\u00e1 informa\u00e7\u00f5es sobre as causas do acidente, mas as autoridades locais iniciaram uma investiga\u00e7\u00e3o para apurar o que motivou a colis\u00e3o. A pol\u00edcia realizou o isolamento da \u00e1rea para garantir que o atendimento fosse feito com seguran\u00e7a e sem maiores complica\u00e7\u00f5es para o tr\u00e1fego de ve\u00edculos na regi\u00e3o. A comunidade, embora abalada, est\u00e1 aliviada por n\u00e3o ter ocorrido nenhum \u00f3bito. Ap\u00f3s os atendimentos, os ve\u00edculos envolvidos no acidente foram removidos do local e levados para um p\u00e1tio. O incidente, apesar de ter causado danos materiais consider\u00e1veis, n\u00e3o deixou v\u00edtimas fatais, o que foi um al\u00edvio para as autoridades e a popula\u00e7\u00e3o local.","og_url":"https:\/\/sudoesteacontece.com.br\/?p=1095","og_site_name":"Sudoesteacontece","article_publisher":"https:\/\/www.facebook.com\/sudoesteacontece\/?locale=pt_BR","article_published_time":"2025-10-28T18:40:10+00:00","article_modified_time":"2025-10-28T20:01:08+00:00","og_image":[{"width":1200,"height":939,"url":"https:\/\/sudoesteacontece.com.br\/wp-content\/uploads\/2025\/10\/Acidente-de-transito-na-comunidade-do-Canto-em-Macaubas-sudoeste-acontece-1.jpg","type":"image\/jpeg"}],"author":"Washington Tiago","twitter_card":"summary_large_image","twitter_misc":{"Escrito por":"Washington Tiago","Est. tempo de leitura":"2 minutos"},"schema":{"@context":"https:\/\/schema.org","@graph":[{"@type":"Article","@id":"https:\/\/sudoesteacontece.com.br\/?p=1095#article","isPartOf":{"@id":"https:\/\/sudoesteacontece.com.br\/?p=1095"},"author":{"name":"Washington Tiago","@id":"https:\/\/sudoesteacontece.com.br\/#\/schema\/person\/3cf2cf009926a9683ebc29d5379fa79c"},"headline":"Acidente de tr\u00e2nsito na comunidade do Canto em Maca\u00fabas","datePublished":"2025-10-28T18:40:10+00:00","dateModified":"2025-10-28T20:01:08+00:00","mainEntityOfPage":{"@id":"https:\/\/sudoesteacontece.com.br\/?p=1095"},"wordCount":328,"commentCount":0,"publisher":{"@id":"https:\/\/sudoesteacontece.com.br\/#organization"},"image":{"@id":"https:\/\/sudoesteacontece.com.br\/?p=1095#primaryimage"},"thumbnailUrl":"https:\/\/sudoesteacontece.com.br\/wp-content\/uploads\/2025\/10\/Acidente-de-transito-na-comunidade-do-Canto-em-Macaubas-sudoeste-acontece-1.jpg","articleSection":["Acidente","Maca\u00fabas"],"inLanguage":"pt-BR","potentialAction":[{"@type":"CommentAction","name":"Comment","target":["https:\/\/sudoesteacontece.com.br\/?p=1095#respond"]}]},{"@type":"WebPage","@id":"https:\/\/sudoesteacontece.com.br\/?p=1095","url":"https:\/\/sudoesteacontece.com.br\/?p=1095","name":"Acidente de tr\u00e2nsito na comunidade do Canto em Maca\u00fabas - Sudoesteacontece","isPartOf":{"@id":"https:\/\/sudoesteacontece.com.br\/#website"},"primaryImageOfPage":{"@id":"https:\/\/sudoesteacontece.com.br\/?p=1095#primaryimage"},"image":{"@id":"https:\/\/sudoesteacontece.com.br\/?p=1095#primaryimage"},"thumbnailUrl":"https:\/\/sudoesteacontece.com.br\/wp-content\/uploads\/2025\/10\/Acidente-de-transito-na-comunidade-do-Canto-em-Macaubas-sudoeste-acontece-1.jpg","datePublished":"2025-10-28T18:40:10+00:00","dateModified":"2025-10-28T20:01:08+00:00","breadcrumb":{"@id":"https:\/\/sudoesteacontece.com.br\/?p=1095#breadcrumb"},"inLanguage":"pt-BR","potentialAction":[{"@type":"ReadAction","target":["https:\/\/sudoesteacontece.com.br\/?p=1095"]}]},{"@type":"ImageObject","inLanguage":"pt-BR","@id":"https:\/\/sudoesteacontece.com.br\/?p=1095#primaryimage","url":"https:\/\/sudoesteacontece.com.br\/wp-content\/uploads\/2025\/10\/Acidente-de-transito-na-comunidade-do-Canto-em-Macaubas-sudoeste-acontece-1.jpg","contentUrl":"https:\/\/sudoesteacontece.com.br\/wp-content\/uploads\/2025\/10\/Acidente-de-transito-na-comunidade-do-Canto-em-Macaubas-sudoeste-acontece-1.jpg","width":1200,"height":939},{"@type":"BreadcrumbList","@id":"https:\/\/sudoesteacontece.com.br\/?p=1095#breadcrumb","itemListElement":[{"@type":"ListItem","position":1,"name":"In\u00edcio","item":"https:\/\/sudoesteacontece.com.br\/"},{"@type":"ListItem","position":2,"name":"Acidente de tr\u00e2nsito na comunidade do Canto em Maca\u00fabas"}]},{"@type":"WebSite","@id":"https:\/\/sudoesteacontece.com.br\/#website","url":"https:\/\/sudoesteacontece.com.br\/","name":"Sudoesteacontece","description":"","publisher":{"@id":"https:\/\/sudoesteacontece.com.br\/#organization"},"potentialAction":[{"@type":"SearchAction","target":{"@type":"EntryPoint","urlTemplate":"https:\/\/sudoesteacontece.com.br\/?s={search_term_string}"},"query-input":{"@type":"PropertyValueSpecification","valueRequired":true,"valueName":"search_term_string"}}],"inLanguage":"pt-BR"},{"@type":"Organization","@id":"https:\/\/sudoesteacontece.com.br\/#organization","name":"Sudoesteacontece","url":"https:\/\/sudoesteacontece.com.br\/","logo":{"@type":"ImageObject","inLanguage":"pt-BR","@id":"https:\/\/sudoesteacontece.com.br\/#\/schema\/logo\/image\/","url":"https:\/\/sudoesteacontece.com.br\/wp-content\/uploads\/2025\/12\/cropped-logo-2-180x180-1.png","contentUrl":"https:\/\/sudoesteacontece.com.br\/wp-content\/uploads\/2025\/12\/cropped-logo-2-180x180-1.png","width":180,"height":180,"caption":"Sudoesteacontece"},"image":{"@id":"https:\/\/sudoesteacontece.com.br\/#\/schema\/logo\/image\/"},"sameAs":["https:\/\/www.facebook.com\/sudoesteacontece\/?locale=pt_BR"]},{"@type":"Person","@id":"https:\/\/sudoesteacontece.com.br\/#\/schema\/person\/3cf2cf009926a9683ebc29d5379fa79c","name":"Washington Tiago","image":{"@type":"ImageObject","inLanguage":"pt-BR","@id":"https:\/\/sudoesteacontece.com.br\/#\/schema\/person\/image\/","url":"https:\/\/secure.gravatar.com\/avatar\/33c43b8668157e040f9d1fe93c354bf087cbd8ba36270c1163198bd3ddcf2a56?s=96&d=mm&r=g","contentUrl":"https:\/\/secure.gravatar.com\/avatar\/33c43b8668157e040f9d1fe93c354bf087cbd8ba36270c1163198bd3ddcf2a56?s=96&d=mm&r=g","caption":"Washington Tiago"},"url":"https:\/\/sudoesteacontece.com.br\/?author=2"}]}},"_links":{"self":[{"href":"https:\/\/sudoesteacontece.com.br\/index.php?rest_route=\/wp\/v2\/posts\/1095","targetHints":{"allow":["GET"]}}],"collection":[{"href":"https:\/\/sudoesteacontece.com.br\/index.php?rest_route=\/wp\/v2\/posts"}],"about":[{"href":"https:\/\/sudoesteacontece.com.br\/index.php?rest_route=\/wp\/v2\/types\/post"}],"author":[{"embeddable":true,"href":"https:\/\/sudoesteacontece.com.br\/index.php?rest_route=\/wp\/v2\/users\/2"}],"replies":[{"embeddable":true,"href":"https:\/\/sudoesteacontece.com.br\/index.php?rest_route=%2Fwp%2Fv2%2Fcomments&post=1095"}],"version-history":[{"count":0,"href":"https:\/\/sudoesteacontece.com.br\/index.php?rest_route=\/wp\/v2\/posts\/1095\/revisions"}],"wp:featuredmedia":[{"embeddable":true,"href":"https:\/\/sudoesteacontece.com.br\/index.php?rest_route=\/wp\/v2\/media\/1164"}],"wp:attachment":[{"href":"https:\/\/sudoesteacontece.com.br\/index.php?rest_route=%2Fwp%2Fv2%2Fmedia&parent=1095"}],"wp:term":[{"taxonomy":"category","embeddable":true,"href":"https:\/\/sudoesteacontece.com.br\/index.php?rest_route=%2Fwp%2Fv2%2Fcategories&post=1095"},{"taxonomy":"post_tag","embeddable":true,"href":"https:\/\/sudoesteacontece.com.br\/index.php?rest_route=%2Fwp%2Fv2%2Ftags&post=1095"}],"curies":[{"name":"wp","href":"https:\/\/api.w.org\/{rel}","templated":true}]}}