{"id":1096,"date":"2025-10-28T15:44:43","date_gmt":"2025-10-28T18:44:43","guid":{"rendered":"https:\/\/sudoesteacontece.com.br\/?p=1096"},"modified":"2025-10-28T15:44:44","modified_gmt":"2025-10-28T18:44:44","slug":"amazon-anuncia-demissao-de-mais-de-30-mil-funcionarios-em-todo-o-mundo","status":"publish","type":"post","link":"https:\/\/sudoesteacontece.com.br\/?p=1096","title":{"rendered":"Amazon anuncia demiss\u00e3o de mais de 30 mil funcion\u00e1rios em todo o mundo"},"content":{"rendered":"\n<figure class=\"wp-block-image size-large\"><img fetchpriority=\"high\" decoding=\"async\" width=\"1024\" height=\"683\" src=\"http:\/\/sudoesteacontece.com.br\/wp-content\/uploads\/2025\/10\/Amazon-anuncia-demissao-de-mais-de-30-mil-funcionarios-em-todo-o-mundo-sudoeste-acontece-1024x683.jpg\" alt=\"\" class=\"wp-image-1134\" srcset=\"https:\/\/sudoesteacontece.com.br\/wp-content\/uploads\/2025\/10\/Amazon-anuncia-demissao-de-mais-de-30-mil-funcionarios-em-todo-o-mundo-sudoeste-acontece-1024x683.jpg 1024w, https:\/\/sudoesteacontece.com.br\/wp-content\/uploads\/2025\/10\/Amazon-anuncia-demissao-de-mais-de-30-mil-funcionarios-em-todo-o-mundo-sudoeste-acontece-300x200.jpg 300w, https:\/\/sudoesteacontece.com.br\/wp-content\/uploads\/2025\/10\/Amazon-anuncia-demissao-de-mais-de-30-mil-funcionarios-em-todo-o-mundo-sudoeste-acontece-768x512.jpg 768w, https:\/\/sudoesteacontece.com.br\/wp-content\/uploads\/2025\/10\/Amazon-anuncia-demissao-de-mais-de-30-mil-funcionarios-em-todo-o-mundo-sudoeste-acontece-1536x1025.jpg 1536w, https:\/\/sudoesteacontece.com.br\/wp-content\/uploads\/2025\/10\/Amazon-anuncia-demissao-de-mais-de-30-mil-funcionarios-em-todo-o-mundo-sudoeste-acontece.jpg 2000w\" sizes=\"(max-width: 1024px) 100vw, 1024px\" \/><\/figure>\n\n\n\n<p>A Amazon, gigante americana do com\u00e9rcio eletr\u00f4nico, come\u00e7ar\u00e1 a demitir mais de 30 mil funcion\u00e1rios a partir desta ter\u00e7a-feira (28). A medida, que representa cerca de 10% da for\u00e7a de trabalho global da empresa, afeta principalmente cargos nas \u00e1reas de recursos humanos (RH), publicidade e cargos executivos. Os centros de distribui\u00e7\u00e3o, por sua vez, n\u00e3o devem ser impactados pela redu\u00e7\u00e3o.<\/p>\n\n\n\n<p>O an\u00fancio da demiss\u00e3o em massa vem ap\u00f3s uma s\u00e9rie de investiga\u00e7\u00f5es sobre o impacto da intelig\u00eancia artificial (IA) nos processos da empresa. O diretor-executivo da Amazon, Andy Jassy, j\u00e1 havia indicado em junho que a tecnologia de IA, nos pr\u00f3ximos anos, reduziria o quadro de funcion\u00e1rios administrativos. Segundo fontes pr\u00f3ximas \u00e0 empresa, os cortes t\u00eam como objetivo reduzir custos e otimizar as opera\u00e7\u00f5es da Amazon, que fez pesados investimentos em IA, visando um futuro mais automatizado.<\/p>\n\n\n\n<p>Decis\u00e3o de demitir funcion\u00e1rios n\u00e3o \u00e9 \u00fanica da Amazon. Outras gigantes da tecnologia tamb\u00e9m anunciaram cortes de empregos nos \u00faltimos meses. A Microsoft, por exemplo, j\u00e1 informou que 15.000 vagas seriam cortadas at\u00e9 o final deste ano, e a Meta, propriet\u00e1ria do Facebook, demitiu cerca de 600 funcion\u00e1rios na \u00faltima quarta-feira (22), como parte de sua reestrutura\u00e7\u00e3o interna.<\/p>\n\n\n\n<p>O impacto das demiss\u00f5es \u00e9 global e afetar\u00e1 diversas regi\u00f5es, embora a Amazon tenha garantido que os cargos de oper\u00e1rios dos centros de distribui\u00e7\u00e3o n\u00e3o estar\u00e3o entre os afetados. A empresa argumenta que a IA permitir\u00e1 uma maior efici\u00eancia operacional, reduzindo a necessidade de uma grande quantidade de funcion\u00e1rios administrativos. No entanto, a decis\u00e3o gerou cr\u00edticas de organiza\u00e7\u00f5es sindicais e de trabalhadores, que veem os cortes como uma tentativa de substituir a m\u00e3o de obra humana por sistemas automatizados.<\/p>\n\n\n\n<p>Al\u00e9m disso, a Amazon segue na busca por novos mercados e novas fontes de receita, o que pode ser um dos fatores que influenciaram a decis\u00e3o de reestrutura\u00e7\u00e3o. A gigante do com\u00e9rcio eletr\u00f4nico vem diversificando seus neg\u00f3cios nos \u00faltimos anos, investindo em \u00e1reas como nuvem, streaming de v\u00eddeo e intelig\u00eancia artificial.<\/p>\n\n\n\n<p>Apesar das demiss\u00f5es, a Amazon continua a ser uma das maiores empresas de tecnologia e com\u00e9rcio do mundo, com um grande volume de vendas e lucros. A quest\u00e3o agora \u00e9 como a companhia lidar\u00e1 com o impacto de tais cortes na moral dos funcion\u00e1rios, especialmente em um momento de forte concorr\u00eancia no mercado de trabalho de tecnologia.<\/p>\n","protected":false},"excerpt":{"rendered":"<p>A Amazon, gigante americana do com\u00e9rcio eletr\u00f4nico, come\u00e7ar\u00e1 a demitir mais de 30 mil funcion\u00e1rios a partir desta ter\u00e7a-feira (28). A medida, que representa cerca de 10% da for\u00e7a de trabalho global da empresa, afeta principalmente cargos nas \u00e1reas de recursos humanos (RH), publicidade e cargos executivos. Os centros de distribui\u00e7\u00e3o, por sua vez, n\u00e3o devem ser impactados pela redu\u00e7\u00e3o. O an\u00fancio da demiss\u00e3o em massa vem ap\u00f3s uma s\u00e9rie de investiga\u00e7\u00f5es sobre o impacto da intelig\u00eancia artificial (IA) nos processos da empresa. O diretor-executivo da Amazon, Andy Jassy, j\u00e1 havia indicado em junho que a tecnologia de IA, nos pr\u00f3ximos anos, reduziria o quadro de funcion\u00e1rios administrativos. Segundo fontes pr\u00f3ximas \u00e0 empresa, os cortes t\u00eam como objetivo reduzir custos e otimizar as opera\u00e7\u00f5es da Amazon, que fez pesados investimentos em IA, visando um futuro mais automatizado. Decis\u00e3o de demitir funcion\u00e1rios n\u00e3o \u00e9 \u00fanica da Amazon. Outras gigantes da tecnologia tamb\u00e9m anunciaram cortes de empregos nos \u00faltimos meses. A Microsoft, por exemplo, j\u00e1 informou que 15.000 vagas seriam cortadas at\u00e9 o final deste ano, e a Meta, propriet\u00e1ria do Facebook, demitiu cerca de 600 funcion\u00e1rios na \u00faltima quarta-feira (22), como parte de sua reestrutura\u00e7\u00e3o interna. O impacto das demiss\u00f5es \u00e9 global e afetar\u00e1 diversas regi\u00f5es, embora a Amazon tenha garantido que os cargos de oper\u00e1rios dos centros de distribui\u00e7\u00e3o n\u00e3o estar\u00e3o entre os afetados. A empresa argumenta que a IA permitir\u00e1 uma maior efici\u00eancia operacional, reduzindo a necessidade de uma grande quantidade de funcion\u00e1rios administrativos. No entanto, a decis\u00e3o gerou cr\u00edticas de organiza\u00e7\u00f5es sindicais e de trabalhadores, que veem os cortes como uma tentativa de substituir a m\u00e3o de obra humana por sistemas automatizados. Al\u00e9m disso, a Amazon segue na busca por novos mercados e novas fontes de receita, o que pode ser um dos fatores que influenciaram a decis\u00e3o de reestrutura\u00e7\u00e3o. A gigante do com\u00e9rcio eletr\u00f4nico vem diversificando seus neg\u00f3cios nos \u00faltimos anos, investindo em \u00e1reas como nuvem, streaming de v\u00eddeo e intelig\u00eancia artificial. Apesar das demiss\u00f5es, a Amazon continua a ser uma das maiores empresas de tecnologia e com\u00e9rcio do mundo, com um grande volume de vendas e lucros. A quest\u00e3o agora \u00e9 como a companhia lidar\u00e1 com o impacto de tais cortes na moral dos funcion\u00e1rios, especialmente em um momento de forte concorr\u00eancia no mercado de trabalho de tecnologia.<\/p>\n","protected":false},"author":2,"featured_media":1134,"comment_status":"open","ping_status":"open","sticky":false,"template":"","format":"standard","meta":{"footnotes":""},"categories":[47],"tags":[],"class_list":["post-1096","post","type-post","status-publish","format-standard","has-post-thumbnail","hentry","category-internacional"],"yoast_head":"<!-- This site is optimized with the Yoast SEO plugin v26.5 - https:\/\/yoast.com\/wordpress\/plugins\/seo\/ -->\n<title>Amazon anuncia demiss\u00e3o de mais de 30 mil funcion\u00e1rios em todo o mundo - Sudoesteacontece<\/title>\n<meta name=\"robots\" content=\"index, follow, max-snippet:-1, max-image-preview:large, max-video-preview:-1\" \/>\n<link rel=\"canonical\" href=\"https:\/\/sudoesteacontece.com.br\/?p=1096\" \/>\n<meta property=\"og:locale\" content=\"pt_BR\" \/>\n<meta property=\"og:type\" content=\"article\" \/>\n<meta property=\"og:title\" content=\"Amazon anuncia demiss\u00e3o de mais de 30 mil funcion\u00e1rios em todo o mundo - Sudoesteacontece\" \/>\n<meta property=\"og:description\" content=\"A Amazon, gigante americana do com\u00e9rcio eletr\u00f4nico, come\u00e7ar\u00e1 a demitir mais de 30 mil funcion\u00e1rios a partir desta ter\u00e7a-feira (28). A medida, que representa cerca de 10% da for\u00e7a de trabalho global da empresa, afeta principalmente cargos nas \u00e1reas de recursos humanos (RH), publicidade e cargos executivos. Os centros de distribui\u00e7\u00e3o, por sua vez, n\u00e3o devem ser impactados pela redu\u00e7\u00e3o. O an\u00fancio da demiss\u00e3o em massa vem ap\u00f3s uma s\u00e9rie de investiga\u00e7\u00f5es sobre o impacto da intelig\u00eancia artificial (IA) nos processos da empresa. O diretor-executivo da Amazon, Andy Jassy, j\u00e1 havia indicado em junho que a tecnologia de IA, nos pr\u00f3ximos anos, reduziria o quadro de funcion\u00e1rios administrativos. Segundo fontes pr\u00f3ximas \u00e0 empresa, os cortes t\u00eam como objetivo reduzir custos e otimizar as opera\u00e7\u00f5es da Amazon, que fez pesados investimentos em IA, visando um futuro mais automatizado. Decis\u00e3o de demitir funcion\u00e1rios n\u00e3o \u00e9 \u00fanica da Amazon. Outras gigantes da tecnologia tamb\u00e9m anunciaram cortes de empregos nos \u00faltimos meses. A Microsoft, por exemplo, j\u00e1 informou que 15.000 vagas seriam cortadas at\u00e9 o final deste ano, e a Meta, propriet\u00e1ria do Facebook, demitiu cerca de 600 funcion\u00e1rios na \u00faltima quarta-feira (22), como parte de sua reestrutura\u00e7\u00e3o interna. O impacto das demiss\u00f5es \u00e9 global e afetar\u00e1 diversas regi\u00f5es, embora a Amazon tenha garantido que os cargos de oper\u00e1rios dos centros de distribui\u00e7\u00e3o n\u00e3o estar\u00e3o entre os afetados. A empresa argumenta que a IA permitir\u00e1 uma maior efici\u00eancia operacional, reduzindo a necessidade de uma grande quantidade de funcion\u00e1rios administrativos. No entanto, a decis\u00e3o gerou cr\u00edticas de organiza\u00e7\u00f5es sindicais e de trabalhadores, que veem os cortes como uma tentativa de substituir a m\u00e3o de obra humana por sistemas automatizados. Al\u00e9m disso, a Amazon segue na busca por novos mercados e novas fontes de receita, o que pode ser um dos fatores que influenciaram a decis\u00e3o de reestrutura\u00e7\u00e3o. A gigante do com\u00e9rcio eletr\u00f4nico vem diversificando seus neg\u00f3cios nos \u00faltimos anos, investindo em \u00e1reas como nuvem, streaming de v\u00eddeo e intelig\u00eancia artificial. Apesar das demiss\u00f5es, a Amazon continua a ser uma das maiores empresas de tecnologia e com\u00e9rcio do mundo, com um grande volume de vendas e lucros. A quest\u00e3o agora \u00e9 como a companhia lidar\u00e1 com o impacto de tais cortes na moral dos funcion\u00e1rios, especialmente em um momento de forte concorr\u00eancia no mercado de trabalho de tecnologia.\" \/>\n<meta property=\"og:url\" content=\"https:\/\/sudoesteacontece.com.br\/?p=1096\" \/>\n<meta property=\"og:site_name\" content=\"Sudoesteacontece\" \/>\n<meta property=\"article:publisher\" content=\"https:\/\/www.facebook.com\/sudoesteacontece\/?locale=pt_BR\" \/>\n<meta property=\"article:published_time\" content=\"2025-10-28T18:44:43+00:00\" \/>\n<meta property=\"article:modified_time\" content=\"2025-10-28T18:44:44+00:00\" \/>\n<meta property=\"og:image\" content=\"https:\/\/sudoesteacontece.com.br\/wp-content\/uploads\/2025\/10\/Amazon-anuncia-demissao-de-mais-de-30-mil-funcionarios-em-todo-o-mundo-sudoeste-acontece.jpg\" \/>\n\t<meta property=\"og:image:width\" content=\"2000\" \/>\n\t<meta property=\"og:image:height\" content=\"1334\" \/>\n\t<meta property=\"og:image:type\" content=\"image\/jpeg\" \/>\n<meta name=\"author\" content=\"Washington Tiago\" \/>\n<meta name=\"twitter:card\" content=\"summary_large_image\" \/>\n<meta name=\"twitter:label1\" content=\"Escrito por\" \/>\n\t<meta name=\"twitter:data1\" content=\"Washington Tiago\" \/>\n\t<meta name=\"twitter:label2\" content=\"Est. tempo de leitura\" \/>\n\t<meta name=\"twitter:data2\" content=\"2 minutos\" \/>\n<script type=\"application\/ld+json\" class=\"yoast-schema-graph\">{\"@context\":\"https:\/\/schema.org\",\"@graph\":[{\"@type\":\"Article\",\"@id\":\"https:\/\/sudoesteacontece.com.br\/?p=1096#article\",\"isPartOf\":{\"@id\":\"https:\/\/sudoesteacontece.com.br\/?p=1096\"},\"author\":{\"name\":\"Washington Tiago\",\"@id\":\"https:\/\/sudoesteacontece.com.br\/#\/schema\/person\/3cf2cf009926a9683ebc29d5379fa79c\"},\"headline\":\"Amazon anuncia demiss\u00e3o de mais de 30 mil funcion\u00e1rios em todo o mundo\",\"datePublished\":\"2025-10-28T18:44:43+00:00\",\"dateModified\":\"2025-10-28T18:44:44+00:00\",\"mainEntityOfPage\":{\"@id\":\"https:\/\/sudoesteacontece.com.br\/?p=1096\"},\"wordCount\":438,\"commentCount\":0,\"publisher\":{\"@id\":\"https:\/\/sudoesteacontece.com.br\/#organization\"},\"image\":{\"@id\":\"https:\/\/sudoesteacontece.com.br\/?p=1096#primaryimage\"},\"thumbnailUrl\":\"https:\/\/sudoesteacontece.com.br\/wp-content\/uploads\/2025\/10\/Amazon-anuncia-demissao-de-mais-de-30-mil-funcionarios-em-todo-o-mundo-sudoeste-acontece.jpg\",\"articleSection\":[\"Internacional\"],\"inLanguage\":\"pt-BR\",\"potentialAction\":[{\"@type\":\"CommentAction\",\"name\":\"Comment\",\"target\":[\"https:\/\/sudoesteacontece.com.br\/?p=1096#respond\"]}]},{\"@type\":\"WebPage\",\"@id\":\"https:\/\/sudoesteacontece.com.br\/?p=1096\",\"url\":\"https:\/\/sudoesteacontece.com.br\/?p=1096\",\"name\":\"Amazon anuncia demiss\u00e3o de mais de 30 mil funcion\u00e1rios em todo o mundo - Sudoesteacontece\",\"isPartOf\":{\"@id\":\"https:\/\/sudoesteacontece.com.br\/#website\"},\"primaryImageOfPage\":{\"@id\":\"https:\/\/sudoesteacontece.com.br\/?p=1096#primaryimage\"},\"image\":{\"@id\":\"https:\/\/sudoesteacontece.com.br\/?p=1096#primaryimage\"},\"thumbnailUrl\":\"https:\/\/sudoesteacontece.com.br\/wp-content\/uploads\/2025\/10\/Amazon-anuncia-demissao-de-mais-de-30-mil-funcionarios-em-todo-o-mundo-sudoeste-acontece.jpg\",\"datePublished\":\"2025-10-28T18:44:43+00:00\",\"dateModified\":\"2025-10-28T18:44:44+00:00\",\"breadcrumb\":{\"@id\":\"https:\/\/sudoesteacontece.com.br\/?p=1096#breadcrumb\"},\"inLanguage\":\"pt-BR\",\"potentialAction\":[{\"@type\":\"ReadAction\",\"target\":[\"https:\/\/sudoesteacontece.com.br\/?p=1096\"]}]},{\"@type\":\"ImageObject\",\"inLanguage\":\"pt-BR\",\"@id\":\"https:\/\/sudoesteacontece.com.br\/?p=1096#primaryimage\",\"url\":\"https:\/\/sudoesteacontece.com.br\/wp-content\/uploads\/2025\/10\/Amazon-anuncia-demissao-de-mais-de-30-mil-funcionarios-em-todo-o-mundo-sudoeste-acontece.jpg\",\"contentUrl\":\"https:\/\/sudoesteacontece.com.br\/wp-content\/uploads\/2025\/10\/Amazon-anuncia-demissao-de-mais-de-30-mil-funcionarios-em-todo-o-mundo-sudoeste-acontece.jpg\",\"width\":2000,\"height\":1334},{\"@type\":\"BreadcrumbList\",\"@id\":\"https:\/\/sudoesteacontece.com.br\/?p=1096#breadcrumb\",\"itemListElement\":[{\"@type\":\"ListItem\",\"position\":1,\"name\":\"In\u00edcio\",\"item\":\"https:\/\/sudoesteacontece.com.br\/\"},{\"@type\":\"ListItem\",\"position\":2,\"name\":\"Amazon anuncia demiss\u00e3o de mais de 30 mil funcion\u00e1rios em todo o mundo\"}]},{\"@type\":\"WebSite\",\"@id\":\"https:\/\/sudoesteacontece.com.br\/#website\",\"url\":\"https:\/\/sudoesteacontece.com.br\/\",\"name\":\"Sudoesteacontece\",\"description\":\"\",\"publisher\":{\"@id\":\"https:\/\/sudoesteacontece.com.br\/#organization\"},\"potentialAction\":[{\"@type\":\"SearchAction\",\"target\":{\"@type\":\"EntryPoint\",\"urlTemplate\":\"https:\/\/sudoesteacontece.com.br\/?s={search_term_string}\"},\"query-input\":{\"@type\":\"PropertyValueSpecification\",\"valueRequired\":true,\"valueName\":\"search_term_string\"}}],\"inLanguage\":\"pt-BR\"},{\"@type\":\"Organization\",\"@id\":\"https:\/\/sudoesteacontece.com.br\/#organization\",\"name\":\"Sudoesteacontece\",\"url\":\"https:\/\/sudoesteacontece.com.br\/\",\"logo\":{\"@type\":\"ImageObject\",\"inLanguage\":\"pt-BR\",\"@id\":\"https:\/\/sudoesteacontece.com.br\/#\/schema\/logo\/image\/\",\"url\":\"https:\/\/sudoesteacontece.com.br\/wp-content\/uploads\/2025\/12\/cropped-logo-2-180x180-1.png\",\"contentUrl\":\"https:\/\/sudoesteacontece.com.br\/wp-content\/uploads\/2025\/12\/cropped-logo-2-180x180-1.png\",\"width\":180,\"height\":180,\"caption\":\"Sudoesteacontece\"},\"image\":{\"@id\":\"https:\/\/sudoesteacontece.com.br\/#\/schema\/logo\/image\/\"},\"sameAs\":[\"https:\/\/www.facebook.com\/sudoesteacontece\/?locale=pt_BR\"]},{\"@type\":\"Person\",\"@id\":\"https:\/\/sudoesteacontece.com.br\/#\/schema\/person\/3cf2cf009926a9683ebc29d5379fa79c\",\"name\":\"Washington Tiago\",\"image\":{\"@type\":\"ImageObject\",\"inLanguage\":\"pt-BR\",\"@id\":\"https:\/\/sudoesteacontece.com.br\/#\/schema\/person\/image\/\",\"url\":\"https:\/\/secure.gravatar.com\/avatar\/33c43b8668157e040f9d1fe93c354bf087cbd8ba36270c1163198bd3ddcf2a56?s=96&d=mm&r=g\",\"contentUrl\":\"https:\/\/secure.gravatar.com\/avatar\/33c43b8668157e040f9d1fe93c354bf087cbd8ba36270c1163198bd3ddcf2a56?s=96&d=mm&r=g\",\"caption\":\"Washington Tiago\"},\"url\":\"https:\/\/sudoesteacontece.com.br\/?author=2\"}]}<\/script>\n<!-- \/ Yoast SEO plugin. -->","yoast_head_json":{"title":"Amazon anuncia demiss\u00e3o de mais de 30 mil funcion\u00e1rios em todo o mundo - Sudoesteacontece","robots":{"index":"index","follow":"follow","max-snippet":"max-snippet:-1","max-image-preview":"max-image-preview:large","max-video-preview":"max-video-preview:-1"},"canonical":"https:\/\/sudoesteacontece.com.br\/?p=1096","og_locale":"pt_BR","og_type":"article","og_title":"Amazon anuncia demiss\u00e3o de mais de 30 mil funcion\u00e1rios em todo o mundo - Sudoesteacontece","og_description":"A Amazon, gigante americana do com\u00e9rcio eletr\u00f4nico, come\u00e7ar\u00e1 a demitir mais de 30 mil funcion\u00e1rios a partir desta ter\u00e7a-feira (28). A medida, que representa cerca de 10% da for\u00e7a de trabalho global da empresa, afeta principalmente cargos nas \u00e1reas de recursos humanos (RH), publicidade e cargos executivos. Os centros de distribui\u00e7\u00e3o, por sua vez, n\u00e3o devem ser impactados pela redu\u00e7\u00e3o. O an\u00fancio da demiss\u00e3o em massa vem ap\u00f3s uma s\u00e9rie de investiga\u00e7\u00f5es sobre o impacto da intelig\u00eancia artificial (IA) nos processos da empresa. O diretor-executivo da Amazon, Andy Jassy, j\u00e1 havia indicado em junho que a tecnologia de IA, nos pr\u00f3ximos anos, reduziria o quadro de funcion\u00e1rios administrativos. Segundo fontes pr\u00f3ximas \u00e0 empresa, os cortes t\u00eam como objetivo reduzir custos e otimizar as opera\u00e7\u00f5es da Amazon, que fez pesados investimentos em IA, visando um futuro mais automatizado. Decis\u00e3o de demitir funcion\u00e1rios n\u00e3o \u00e9 \u00fanica da Amazon. Outras gigantes da tecnologia tamb\u00e9m anunciaram cortes de empregos nos \u00faltimos meses. A Microsoft, por exemplo, j\u00e1 informou que 15.000 vagas seriam cortadas at\u00e9 o final deste ano, e a Meta, propriet\u00e1ria do Facebook, demitiu cerca de 600 funcion\u00e1rios na \u00faltima quarta-feira (22), como parte de sua reestrutura\u00e7\u00e3o interna. O impacto das demiss\u00f5es \u00e9 global e afetar\u00e1 diversas regi\u00f5es, embora a Amazon tenha garantido que os cargos de oper\u00e1rios dos centros de distribui\u00e7\u00e3o n\u00e3o estar\u00e3o entre os afetados. A empresa argumenta que a IA permitir\u00e1 uma maior efici\u00eancia operacional, reduzindo a necessidade de uma grande quantidade de funcion\u00e1rios administrativos. No entanto, a decis\u00e3o gerou cr\u00edticas de organiza\u00e7\u00f5es sindicais e de trabalhadores, que veem os cortes como uma tentativa de substituir a m\u00e3o de obra humana por sistemas automatizados. Al\u00e9m disso, a Amazon segue na busca por novos mercados e novas fontes de receita, o que pode ser um dos fatores que influenciaram a decis\u00e3o de reestrutura\u00e7\u00e3o. A gigante do com\u00e9rcio eletr\u00f4nico vem diversificando seus neg\u00f3cios nos \u00faltimos anos, investindo em \u00e1reas como nuvem, streaming de v\u00eddeo e intelig\u00eancia artificial. Apesar das demiss\u00f5es, a Amazon continua a ser uma das maiores empresas de tecnologia e com\u00e9rcio do mundo, com um grande volume de vendas e lucros. A quest\u00e3o agora \u00e9 como a companhia lidar\u00e1 com o impacto de tais cortes na moral dos funcion\u00e1rios, especialmente em um momento de forte concorr\u00eancia no mercado de trabalho de tecnologia.","og_url":"https:\/\/sudoesteacontece.com.br\/?p=1096","og_site_name":"Sudoesteacontece","article_publisher":"https:\/\/www.facebook.com\/sudoesteacontece\/?locale=pt_BR","article_published_time":"2025-10-28T18:44:43+00:00","article_modified_time":"2025-10-28T18:44:44+00:00","og_image":[{"width":2000,"height":1334,"url":"https:\/\/sudoesteacontece.com.br\/wp-content\/uploads\/2025\/10\/Amazon-anuncia-demissao-de-mais-de-30-mil-funcionarios-em-todo-o-mundo-sudoeste-acontece.jpg","type":"image\/jpeg"}],"author":"Washington Tiago","twitter_card":"summary_large_image","twitter_misc":{"Escrito por":"Washington Tiago","Est. tempo de leitura":"2 minutos"},"schema":{"@context":"https:\/\/schema.org","@graph":[{"@type":"Article","@id":"https:\/\/sudoesteacontece.com.br\/?p=1096#article","isPartOf":{"@id":"https:\/\/sudoesteacontece.com.br\/?p=1096"},"author":{"name":"Washington Tiago","@id":"https:\/\/sudoesteacontece.com.br\/#\/schema\/person\/3cf2cf009926a9683ebc29d5379fa79c"},"headline":"Amazon anuncia demiss\u00e3o de mais de 30 mil funcion\u00e1rios em todo o mundo","datePublished":"2025-10-28T18:44:43+00:00","dateModified":"2025-10-28T18:44:44+00:00","mainEntityOfPage":{"@id":"https:\/\/sudoesteacontece.com.br\/?p=1096"},"wordCount":438,"commentCount":0,"publisher":{"@id":"https:\/\/sudoesteacontece.com.br\/#organization"},"image":{"@id":"https:\/\/sudoesteacontece.com.br\/?p=1096#primaryimage"},"thumbnailUrl":"https:\/\/sudoesteacontece.com.br\/wp-content\/uploads\/2025\/10\/Amazon-anuncia-demissao-de-mais-de-30-mil-funcionarios-em-todo-o-mundo-sudoeste-acontece.jpg","articleSection":["Internacional"],"inLanguage":"pt-BR","potentialAction":[{"@type":"CommentAction","name":"Comment","target":["https:\/\/sudoesteacontece.com.br\/?p=1096#respond"]}]},{"@type":"WebPage","@id":"https:\/\/sudoesteacontece.com.br\/?p=1096","url":"https:\/\/sudoesteacontece.com.br\/?p=1096","name":"Amazon anuncia demiss\u00e3o de mais de 30 mil funcion\u00e1rios em todo o mundo - Sudoesteacontece","isPartOf":{"@id":"https:\/\/sudoesteacontece.com.br\/#website"},"primaryImageOfPage":{"@id":"https:\/\/sudoesteacontece.com.br\/?p=1096#primaryimage"},"image":{"@id":"https:\/\/sudoesteacontece.com.br\/?p=1096#primaryimage"},"thumbnailUrl":"https:\/\/sudoesteacontece.com.br\/wp-content\/uploads\/2025\/10\/Amazon-anuncia-demissao-de-mais-de-30-mil-funcionarios-em-todo-o-mundo-sudoeste-acontece.jpg","datePublished":"2025-10-28T18:44:43+00:00","dateModified":"2025-10-28T18:44:44+00:00","breadcrumb":{"@id":"https:\/\/sudoesteacontece.com.br\/?p=1096#breadcrumb"},"inLanguage":"pt-BR","potentialAction":[{"@type":"ReadAction","target":["https:\/\/sudoesteacontece.com.br\/?p=1096"]}]},{"@type":"ImageObject","inLanguage":"pt-BR","@id":"https:\/\/sudoesteacontece.com.br\/?p=1096#primaryimage","url":"https:\/\/sudoesteacontece.com.br\/wp-content\/uploads\/2025\/10\/Amazon-anuncia-demissao-de-mais-de-30-mil-funcionarios-em-todo-o-mundo-sudoeste-acontece.jpg","contentUrl":"https:\/\/sudoesteacontece.com.br\/wp-content\/uploads\/2025\/10\/Amazon-anuncia-demissao-de-mais-de-30-mil-funcionarios-em-todo-o-mundo-sudoeste-acontece.jpg","width":2000,"height":1334},{"@type":"BreadcrumbList","@id":"https:\/\/sudoesteacontece.com.br\/?p=1096#breadcrumb","itemListElement":[{"@type":"ListItem","position":1,"name":"In\u00edcio","item":"https:\/\/sudoesteacontece.com.br\/"},{"@type":"ListItem","position":2,"name":"Amazon anuncia demiss\u00e3o de mais de 30 mil funcion\u00e1rios em todo o mundo"}]},{"@type":"WebSite","@id":"https:\/\/sudoesteacontece.com.br\/#website","url":"https:\/\/sudoesteacontece.com.br\/","name":"Sudoesteacontece","description":"","publisher":{"@id":"https:\/\/sudoesteacontece.com.br\/#organization"},"potentialAction":[{"@type":"SearchAction","target":{"@type":"EntryPoint","urlTemplate":"https:\/\/sudoesteacontece.com.br\/?s={search_term_string}"},"query-input":{"@type":"PropertyValueSpecification","valueRequired":true,"valueName":"search_term_string"}}],"inLanguage":"pt-BR"},{"@type":"Organization","@id":"https:\/\/sudoesteacontece.com.br\/#organization","name":"Sudoesteacontece","url":"https:\/\/sudoesteacontece.com.br\/","logo":{"@type":"ImageObject","inLanguage":"pt-BR","@id":"https:\/\/sudoesteacontece.com.br\/#\/schema\/logo\/image\/","url":"https:\/\/sudoesteacontece.com.br\/wp-content\/uploads\/2025\/12\/cropped-logo-2-180x180-1.png","contentUrl":"https:\/\/sudoesteacontece.com.br\/wp-content\/uploads\/2025\/12\/cropped-logo-2-180x180-1.png","width":180,"height":180,"caption":"Sudoesteacontece"},"image":{"@id":"https:\/\/sudoesteacontece.com.br\/#\/schema\/logo\/image\/"},"sameAs":["https:\/\/www.facebook.com\/sudoesteacontece\/?locale=pt_BR"]},{"@type":"Person","@id":"https:\/\/sudoesteacontece.com.br\/#\/schema\/person\/3cf2cf009926a9683ebc29d5379fa79c","name":"Washington Tiago","image":{"@type":"ImageObject","inLanguage":"pt-BR","@id":"https:\/\/sudoesteacontece.com.br\/#\/schema\/person\/image\/","url":"https:\/\/secure.gravatar.com\/avatar\/33c43b8668157e040f9d1fe93c354bf087cbd8ba36270c1163198bd3ddcf2a56?s=96&d=mm&r=g","contentUrl":"https:\/\/secure.gravatar.com\/avatar\/33c43b8668157e040f9d1fe93c354bf087cbd8ba36270c1163198bd3ddcf2a56?s=96&d=mm&r=g","caption":"Washington Tiago"},"url":"https:\/\/sudoesteacontece.com.br\/?author=2"}]}},"_links":{"self":[{"href":"https:\/\/sudoesteacontece.com.br\/index.php?rest_route=\/wp\/v2\/posts\/1096","targetHints":{"allow":["GET"]}}],"collection":[{"href":"https:\/\/sudoesteacontece.com.br\/index.php?rest_route=\/wp\/v2\/posts"}],"about":[{"href":"https:\/\/sudoesteacontece.com.br\/index.php?rest_route=\/wp\/v2\/types\/post"}],"author":[{"embeddable":true,"href":"https:\/\/sudoesteacontece.com.br\/index.php?rest_route=\/wp\/v2\/users\/2"}],"replies":[{"embeddable":true,"href":"https:\/\/sudoesteacontece.com.br\/index.php?rest_route=%2Fwp%2Fv2%2Fcomments&post=1096"}],"version-history":[{"count":0,"href":"https:\/\/sudoesteacontece.com.br\/index.php?rest_route=\/wp\/v2\/posts\/1096\/revisions"}],"wp:featuredmedia":[{"embeddable":true,"href":"https:\/\/sudoesteacontece.com.br\/index.php?rest_route=\/wp\/v2\/media\/1134"}],"wp:attachment":[{"href":"https:\/\/sudoesteacontece.com.br\/index.php?rest_route=%2Fwp%2Fv2%2Fmedia&parent=1096"}],"wp:term":[{"taxonomy":"category","embeddable":true,"href":"https:\/\/sudoesteacontece.com.br\/index.php?rest_route=%2Fwp%2Fv2%2Fcategories&post=1096"},{"taxonomy":"post_tag","embeddable":true,"href":"https:\/\/sudoesteacontece.com.br\/index.php?rest_route=%2Fwp%2Fv2%2Ftags&post=1096"}],"curies":[{"name":"wp","href":"https:\/\/api.w.org\/{rel}","templated":true}]}}