{"id":1123,"date":"2025-10-28T11:56:04","date_gmt":"2025-10-28T14:56:04","guid":{"rendered":"https:\/\/sudoesteacontece.com.br\/?p=1123"},"modified":"2025-10-28T11:56:05","modified_gmt":"2025-10-28T14:56:05","slug":"denise-milhazes-pode-ser-candidata-a-presidencia-da-cdl-de-brumado-com-foco-no-empreendedorismo-e-no-trabalho-social","status":"publish","type":"post","link":"https:\/\/sudoesteacontece.com.br\/?p=1123","title":{"rendered":"Denise Milhazes pode ser candidata \u00e0 presid\u00eancia da CDL de Brumado, com foco no empreendedorismo e no trabalho social"},"content":{"rendered":"<div class=\"wp-block-image\">\n<figure class=\"aligncenter size-large\"><img fetchpriority=\"high\" decoding=\"async\" width=\"1024\" height=\"576\" src=\"http:\/\/sudoesteacontece.com.br\/wp-content\/uploads\/2025\/10\/Denise-Milhazes-pode-ser-candidata-a-presidencia-da-CDL-de-Brumado-com-foco-no-empreendedorismo-e-no-trabalho-social-sudoeste-acontece-1024x576.jpg\" alt=\"\" class=\"wp-image-1124\" srcset=\"https:\/\/sudoesteacontece.com.br\/wp-content\/uploads\/2025\/10\/Denise-Milhazes-pode-ser-candidata-a-presidencia-da-CDL-de-Brumado-com-foco-no-empreendedorismo-e-no-trabalho-social-sudoeste-acontece-1024x576.jpg 1024w, https:\/\/sudoesteacontece.com.br\/wp-content\/uploads\/2025\/10\/Denise-Milhazes-pode-ser-candidata-a-presidencia-da-CDL-de-Brumado-com-foco-no-empreendedorismo-e-no-trabalho-social-sudoeste-acontece-300x169.jpg 300w, https:\/\/sudoesteacontece.com.br\/wp-content\/uploads\/2025\/10\/Denise-Milhazes-pode-ser-candidata-a-presidencia-da-CDL-de-Brumado-com-foco-no-empreendedorismo-e-no-trabalho-social-sudoeste-acontece-768x432.jpg 768w, https:\/\/sudoesteacontece.com.br\/wp-content\/uploads\/2025\/10\/Denise-Milhazes-pode-ser-candidata-a-presidencia-da-CDL-de-Brumado-com-foco-no-empreendedorismo-e-no-trabalho-social-sudoeste-acontece-1536x864.jpg 1536w, https:\/\/sudoesteacontece.com.br\/wp-content\/uploads\/2025\/10\/Denise-Milhazes-pode-ser-candidata-a-presidencia-da-CDL-de-Brumado-com-foco-no-empreendedorismo-e-no-trabalho-social-sudoeste-acontece-2048x1152.jpg 2048w\" sizes=\"(max-width: 1024px) 100vw, 1024px\" \/><\/figure>\n<\/div>\n\n\n<p>A empres\u00e1ria Denise Milhazes come\u00e7a a ganhar destaque nos bastidores do com\u00e9rcio brumadense como poss\u00edvel candidata \u00e0 presid\u00eancia da C\u00e2mara de Dirigentes Lojistas (CDL) de Brumado. Seu nome tem surgido pelo que ela representa: renova\u00e7\u00e3o, coragem empreendedora e compromisso social.<\/p>\n\n\n\n<p>Denise construiu sua trajet\u00f3ria com trabalho e resultados. Atuando no ramo de \u00f3ticas, ela transformou sua marca em refer\u00eancia de profissionalismo e atendimento humanizado. Al\u00e9m disso, tornou-se uma voz ativa no empreendedorismo feminino, sendo conhecida por sua capacidade de lideran\u00e7a e pela forma inspiradora com que conduz projetos e equipes.<\/p>\n\n\n\n<p>Mas \u00e9 seu lado humano que mais chama aten\u00e7\u00e3o. Denise coordena um importante trabalho social de alcance nacional com m\u00e3es de crian\u00e7as que vivem com diabetes tipo 1, oferecendo apoio, orienta\u00e7\u00e3o e esperan\u00e7a a fam\u00edlias que convivem com os desafios di\u00e1rios da condi\u00e7\u00e3o. Esse projeto j\u00e1 impactou milhares de pessoas e refor\u00e7a o sentimento de responsabilidade social que ela leva consigo para al\u00e9m dos neg\u00f3cios.<\/p>\n\n\n\n<p>Respeitada entre empres\u00e1rios e admirada pela popula\u00e7\u00e3o, Denise re\u00fane caracter\u00edsticas raras na hora de escolher um l\u00edder: credibilidade, energia, honestidade e vis\u00e3o. Comunicativa e determinada, ela defende a valoriza\u00e7\u00e3o do com\u00e9rcio local e acredita no fortalecimento conjunto dos setores lojistas como caminho para o desenvolvimento econ\u00f4mico de Brumado.<\/p>\n\n\n\n<p>Se oficializar sua candidatura, Denise pode fazer hist\u00f3ria ao representar uma nova fase da CDL mais inclusiva, moderna e conectada com as reais demandas do com\u00e9rcio e da sociedade. Para muitos, ela j\u00e1 simboliza a lideran\u00e7a que faltava: firme, inovadora e comprometida com pessoas. Brumado pode estar prestes a vivenciar uma grande mudan\u00e7a. E essa mudan\u00e7a pode ter nome, rosto e prop\u00f3sito.<\/p>\n","protected":false},"excerpt":{"rendered":"<p>A empres\u00e1ria Denise Milhazes come\u00e7a a ganhar destaque nos bastidores do com\u00e9rcio brumadense como poss\u00edvel candidata \u00e0 presid\u00eancia da C\u00e2mara de Dirigentes Lojistas (CDL) de Brumado. Seu nome tem surgido pelo que ela representa: renova\u00e7\u00e3o, coragem empreendedora e compromisso social. Denise construiu sua trajet\u00f3ria com trabalho e resultados. Atuando no ramo de \u00f3ticas, ela transformou sua marca em refer\u00eancia de profissionalismo e atendimento humanizado. Al\u00e9m disso, tornou-se uma voz ativa no empreendedorismo feminino, sendo conhecida por sua capacidade de lideran\u00e7a e pela forma inspiradora com que conduz projetos e equipes. Mas \u00e9 seu lado humano que mais chama aten\u00e7\u00e3o. Denise coordena um importante trabalho social de alcance nacional com m\u00e3es de crian\u00e7as que vivem com diabetes tipo 1, oferecendo apoio, orienta\u00e7\u00e3o e esperan\u00e7a a fam\u00edlias que convivem com os desafios di\u00e1rios da condi\u00e7\u00e3o. Esse projeto j\u00e1 impactou milhares de pessoas e refor\u00e7a o sentimento de responsabilidade social que ela leva consigo para al\u00e9m dos neg\u00f3cios. Respeitada entre empres\u00e1rios e admirada pela popula\u00e7\u00e3o, Denise re\u00fane caracter\u00edsticas raras na hora de escolher um l\u00edder: credibilidade, energia, honestidade e vis\u00e3o. Comunicativa e determinada, ela defende a valoriza\u00e7\u00e3o do com\u00e9rcio local e acredita no fortalecimento conjunto dos setores lojistas como caminho para o desenvolvimento econ\u00f4mico de Brumado. Se oficializar sua candidatura, Denise pode fazer hist\u00f3ria ao representar uma nova fase da CDL mais inclusiva, moderna e conectada com as reais demandas do com\u00e9rcio e da sociedade. Para muitos, ela j\u00e1 simboliza a lideran\u00e7a que faltava: firme, inovadora e comprometida com pessoas. Brumado pode estar prestes a vivenciar uma grande mudan\u00e7a. E essa mudan\u00e7a pode ter nome, rosto e prop\u00f3sito.<\/p>\n","protected":false},"author":2,"featured_media":1124,"comment_status":"open","ping_status":"open","sticky":false,"template":"","format":"standard","meta":{"footnotes":""},"categories":[10,59],"tags":[],"class_list":["post-1123","post","type-post","status-publish","format-standard","has-post-thumbnail","hentry","category-brumado","category-economia"],"yoast_head":"<!-- This site is optimized with the Yoast SEO plugin v26.5 - https:\/\/yoast.com\/wordpress\/plugins\/seo\/ -->\n<title>Denise Milhazes pode ser candidata \u00e0 presid\u00eancia da CDL de Brumado, com foco no empreendedorismo e no trabalho social - Sudoesteacontece<\/title>\n<meta name=\"robots\" content=\"index, follow, max-snippet:-1, max-image-preview:large, max-video-preview:-1\" \/>\n<link rel=\"canonical\" href=\"https:\/\/sudoesteacontece.com.br\/?p=1123\" \/>\n<meta property=\"og:locale\" content=\"pt_BR\" \/>\n<meta property=\"og:type\" content=\"article\" \/>\n<meta property=\"og:title\" content=\"Denise Milhazes pode ser candidata \u00e0 presid\u00eancia da CDL de Brumado, com foco no empreendedorismo e no trabalho social - Sudoesteacontece\" \/>\n<meta property=\"og:description\" content=\"A empres\u00e1ria Denise Milhazes come\u00e7a a ganhar destaque nos bastidores do com\u00e9rcio brumadense como poss\u00edvel candidata \u00e0 presid\u00eancia da C\u00e2mara de Dirigentes Lojistas (CDL) de Brumado. Seu nome tem surgido pelo que ela representa: renova\u00e7\u00e3o, coragem empreendedora e compromisso social. Denise construiu sua trajet\u00f3ria com trabalho e resultados. Atuando no ramo de \u00f3ticas, ela transformou sua marca em refer\u00eancia de profissionalismo e atendimento humanizado. Al\u00e9m disso, tornou-se uma voz ativa no empreendedorismo feminino, sendo conhecida por sua capacidade de lideran\u00e7a e pela forma inspiradora com que conduz projetos e equipes. Mas \u00e9 seu lado humano que mais chama aten\u00e7\u00e3o. Denise coordena um importante trabalho social de alcance nacional com m\u00e3es de crian\u00e7as que vivem com diabetes tipo 1, oferecendo apoio, orienta\u00e7\u00e3o e esperan\u00e7a a fam\u00edlias que convivem com os desafios di\u00e1rios da condi\u00e7\u00e3o. Esse projeto j\u00e1 impactou milhares de pessoas e refor\u00e7a o sentimento de responsabilidade social que ela leva consigo para al\u00e9m dos neg\u00f3cios. Respeitada entre empres\u00e1rios e admirada pela popula\u00e7\u00e3o, Denise re\u00fane caracter\u00edsticas raras na hora de escolher um l\u00edder: credibilidade, energia, honestidade e vis\u00e3o. Comunicativa e determinada, ela defende a valoriza\u00e7\u00e3o do com\u00e9rcio local e acredita no fortalecimento conjunto dos setores lojistas como caminho para o desenvolvimento econ\u00f4mico de Brumado. Se oficializar sua candidatura, Denise pode fazer hist\u00f3ria ao representar uma nova fase da CDL mais inclusiva, moderna e conectada com as reais demandas do com\u00e9rcio e da sociedade. Para muitos, ela j\u00e1 simboliza a lideran\u00e7a que faltava: firme, inovadora e comprometida com pessoas. Brumado pode estar prestes a vivenciar uma grande mudan\u00e7a. E essa mudan\u00e7a pode ter nome, rosto e prop\u00f3sito.\" \/>\n<meta property=\"og:url\" content=\"https:\/\/sudoesteacontece.com.br\/?p=1123\" \/>\n<meta property=\"og:site_name\" content=\"Sudoesteacontece\" \/>\n<meta property=\"article:publisher\" content=\"https:\/\/www.facebook.com\/sudoesteacontece\/?locale=pt_BR\" \/>\n<meta property=\"article:published_time\" content=\"2025-10-28T14:56:04+00:00\" \/>\n<meta property=\"article:modified_time\" content=\"2025-10-28T14:56:05+00:00\" \/>\n<meta property=\"og:image\" content=\"https:\/\/sudoesteacontece.com.br\/wp-content\/uploads\/2025\/10\/Denise-Milhazes-pode-ser-candidata-a-presidencia-da-CDL-de-Brumado-com-foco-no-empreendedorismo-e-no-trabalho-social-sudoeste-acontece.jpg\" \/>\n\t<meta property=\"og:image:width\" content=\"2560\" \/>\n\t<meta property=\"og:image:height\" content=\"1440\" \/>\n\t<meta property=\"og:image:type\" content=\"image\/jpeg\" \/>\n<meta name=\"author\" content=\"Washington Tiago\" \/>\n<meta name=\"twitter:card\" content=\"summary_large_image\" \/>\n<meta name=\"twitter:label1\" content=\"Escrito por\" \/>\n\t<meta name=\"twitter:data1\" content=\"Washington Tiago\" \/>\n\t<meta name=\"twitter:label2\" content=\"Est. tempo de leitura\" \/>\n\t<meta name=\"twitter:data2\" content=\"1 minuto\" \/>\n<script type=\"application\/ld+json\" class=\"yoast-schema-graph\">{\"@context\":\"https:\/\/schema.org\",\"@graph\":[{\"@type\":\"Article\",\"@id\":\"https:\/\/sudoesteacontece.com.br\/?p=1123#article\",\"isPartOf\":{\"@id\":\"https:\/\/sudoesteacontece.com.br\/?p=1123\"},\"author\":{\"name\":\"Washington Tiago\",\"@id\":\"https:\/\/sudoesteacontece.com.br\/#\/schema\/person\/3cf2cf009926a9683ebc29d5379fa79c\"},\"headline\":\"Denise Milhazes pode ser candidata \u00e0 presid\u00eancia da CDL de Brumado, com foco no empreendedorismo e no trabalho social\",\"datePublished\":\"2025-10-28T14:56:04+00:00\",\"dateModified\":\"2025-10-28T14:56:05+00:00\",\"mainEntityOfPage\":{\"@id\":\"https:\/\/sudoesteacontece.com.br\/?p=1123\"},\"wordCount\":318,\"commentCount\":0,\"publisher\":{\"@id\":\"https:\/\/sudoesteacontece.com.br\/#organization\"},\"image\":{\"@id\":\"https:\/\/sudoesteacontece.com.br\/?p=1123#primaryimage\"},\"thumbnailUrl\":\"https:\/\/sudoesteacontece.com.br\/wp-content\/uploads\/2025\/10\/Denise-Milhazes-pode-ser-candidata-a-presidencia-da-CDL-de-Brumado-com-foco-no-empreendedorismo-e-no-trabalho-social-sudoeste-acontece.jpg\",\"articleSection\":[\"Brumado\",\"Economia\"],\"inLanguage\":\"pt-BR\",\"potentialAction\":[{\"@type\":\"CommentAction\",\"name\":\"Comment\",\"target\":[\"https:\/\/sudoesteacontece.com.br\/?p=1123#respond\"]}]},{\"@type\":\"WebPage\",\"@id\":\"https:\/\/sudoesteacontece.com.br\/?p=1123\",\"url\":\"https:\/\/sudoesteacontece.com.br\/?p=1123\",\"name\":\"Denise Milhazes pode ser candidata \u00e0 presid\u00eancia da CDL de Brumado, com foco no empreendedorismo e no trabalho social - Sudoesteacontece\",\"isPartOf\":{\"@id\":\"https:\/\/sudoesteacontece.com.br\/#website\"},\"primaryImageOfPage\":{\"@id\":\"https:\/\/sudoesteacontece.com.br\/?p=1123#primaryimage\"},\"image\":{\"@id\":\"https:\/\/sudoesteacontece.com.br\/?p=1123#primaryimage\"},\"thumbnailUrl\":\"https:\/\/sudoesteacontece.com.br\/wp-content\/uploads\/2025\/10\/Denise-Milhazes-pode-ser-candidata-a-presidencia-da-CDL-de-Brumado-com-foco-no-empreendedorismo-e-no-trabalho-social-sudoeste-acontece.jpg\",\"datePublished\":\"2025-10-28T14:56:04+00:00\",\"dateModified\":\"2025-10-28T14:56:05+00:00\",\"breadcrumb\":{\"@id\":\"https:\/\/sudoesteacontece.com.br\/?p=1123#breadcrumb\"},\"inLanguage\":\"pt-BR\",\"potentialAction\":[{\"@type\":\"ReadAction\",\"target\":[\"https:\/\/sudoesteacontece.com.br\/?p=1123\"]}]},{\"@type\":\"ImageObject\",\"inLanguage\":\"pt-BR\",\"@id\":\"https:\/\/sudoesteacontece.com.br\/?p=1123#primaryimage\",\"url\":\"https:\/\/sudoesteacontece.com.br\/wp-content\/uploads\/2025\/10\/Denise-Milhazes-pode-ser-candidata-a-presidencia-da-CDL-de-Brumado-com-foco-no-empreendedorismo-e-no-trabalho-social-sudoeste-acontece.jpg\",\"contentUrl\":\"https:\/\/sudoesteacontece.com.br\/wp-content\/uploads\/2025\/10\/Denise-Milhazes-pode-ser-candidata-a-presidencia-da-CDL-de-Brumado-com-foco-no-empreendedorismo-e-no-trabalho-social-sudoeste-acontece.jpg\",\"width\":2560,\"height\":1440},{\"@type\":\"BreadcrumbList\",\"@id\":\"https:\/\/sudoesteacontece.com.br\/?p=1123#breadcrumb\",\"itemListElement\":[{\"@type\":\"ListItem\",\"position\":1,\"name\":\"In\u00edcio\",\"item\":\"https:\/\/sudoesteacontece.com.br\/\"},{\"@type\":\"ListItem\",\"position\":2,\"name\":\"Denise Milhazes pode ser candidata \u00e0 presid\u00eancia da CDL de Brumado, com foco no empreendedorismo e no trabalho social\"}]},{\"@type\":\"WebSite\",\"@id\":\"https:\/\/sudoesteacontece.com.br\/#website\",\"url\":\"https:\/\/sudoesteacontece.com.br\/\",\"name\":\"Sudoesteacontece\",\"description\":\"\",\"publisher\":{\"@id\":\"https:\/\/sudoesteacontece.com.br\/#organization\"},\"potentialAction\":[{\"@type\":\"SearchAction\",\"target\":{\"@type\":\"EntryPoint\",\"urlTemplate\":\"https:\/\/sudoesteacontece.com.br\/?s={search_term_string}\"},\"query-input\":{\"@type\":\"PropertyValueSpecification\",\"valueRequired\":true,\"valueName\":\"search_term_string\"}}],\"inLanguage\":\"pt-BR\"},{\"@type\":\"Organization\",\"@id\":\"https:\/\/sudoesteacontece.com.br\/#organization\",\"name\":\"Sudoesteacontece\",\"url\":\"https:\/\/sudoesteacontece.com.br\/\",\"logo\":{\"@type\":\"ImageObject\",\"inLanguage\":\"pt-BR\",\"@id\":\"https:\/\/sudoesteacontece.com.br\/#\/schema\/logo\/image\/\",\"url\":\"https:\/\/sudoesteacontece.com.br\/wp-content\/uploads\/2025\/12\/cropped-logo-2-180x180-1.png\",\"contentUrl\":\"https:\/\/sudoesteacontece.com.br\/wp-content\/uploads\/2025\/12\/cropped-logo-2-180x180-1.png\",\"width\":180,\"height\":180,\"caption\":\"Sudoesteacontece\"},\"image\":{\"@id\":\"https:\/\/sudoesteacontece.com.br\/#\/schema\/logo\/image\/\"},\"sameAs\":[\"https:\/\/www.facebook.com\/sudoesteacontece\/?locale=pt_BR\"]},{\"@type\":\"Person\",\"@id\":\"https:\/\/sudoesteacontece.com.br\/#\/schema\/person\/3cf2cf009926a9683ebc29d5379fa79c\",\"name\":\"Washington Tiago\",\"image\":{\"@type\":\"ImageObject\",\"inLanguage\":\"pt-BR\",\"@id\":\"https:\/\/sudoesteacontece.com.br\/#\/schema\/person\/image\/\",\"url\":\"https:\/\/secure.gravatar.com\/avatar\/33c43b8668157e040f9d1fe93c354bf087cbd8ba36270c1163198bd3ddcf2a56?s=96&d=mm&r=g\",\"contentUrl\":\"https:\/\/secure.gravatar.com\/avatar\/33c43b8668157e040f9d1fe93c354bf087cbd8ba36270c1163198bd3ddcf2a56?s=96&d=mm&r=g\",\"caption\":\"Washington Tiago\"},\"url\":\"https:\/\/sudoesteacontece.com.br\/?author=2\"}]}<\/script>\n<!-- \/ Yoast SEO plugin. -->","yoast_head_json":{"title":"Denise Milhazes pode ser candidata \u00e0 presid\u00eancia da CDL de Brumado, com foco no empreendedorismo e no trabalho social - Sudoesteacontece","robots":{"index":"index","follow":"follow","max-snippet":"max-snippet:-1","max-image-preview":"max-image-preview:large","max-video-preview":"max-video-preview:-1"},"canonical":"https:\/\/sudoesteacontece.com.br\/?p=1123","og_locale":"pt_BR","og_type":"article","og_title":"Denise Milhazes pode ser candidata \u00e0 presid\u00eancia da CDL de Brumado, com foco no empreendedorismo e no trabalho social - Sudoesteacontece","og_description":"A empres\u00e1ria Denise Milhazes come\u00e7a a ganhar destaque nos bastidores do com\u00e9rcio brumadense como poss\u00edvel candidata \u00e0 presid\u00eancia da C\u00e2mara de Dirigentes Lojistas (CDL) de Brumado. Seu nome tem surgido pelo que ela representa: renova\u00e7\u00e3o, coragem empreendedora e compromisso social. Denise construiu sua trajet\u00f3ria com trabalho e resultados. Atuando no ramo de \u00f3ticas, ela transformou sua marca em refer\u00eancia de profissionalismo e atendimento humanizado. Al\u00e9m disso, tornou-se uma voz ativa no empreendedorismo feminino, sendo conhecida por sua capacidade de lideran\u00e7a e pela forma inspiradora com que conduz projetos e equipes. Mas \u00e9 seu lado humano que mais chama aten\u00e7\u00e3o. Denise coordena um importante trabalho social de alcance nacional com m\u00e3es de crian\u00e7as que vivem com diabetes tipo 1, oferecendo apoio, orienta\u00e7\u00e3o e esperan\u00e7a a fam\u00edlias que convivem com os desafios di\u00e1rios da condi\u00e7\u00e3o. Esse projeto j\u00e1 impactou milhares de pessoas e refor\u00e7a o sentimento de responsabilidade social que ela leva consigo para al\u00e9m dos neg\u00f3cios. Respeitada entre empres\u00e1rios e admirada pela popula\u00e7\u00e3o, Denise re\u00fane caracter\u00edsticas raras na hora de escolher um l\u00edder: credibilidade, energia, honestidade e vis\u00e3o. Comunicativa e determinada, ela defende a valoriza\u00e7\u00e3o do com\u00e9rcio local e acredita no fortalecimento conjunto dos setores lojistas como caminho para o desenvolvimento econ\u00f4mico de Brumado. Se oficializar sua candidatura, Denise pode fazer hist\u00f3ria ao representar uma nova fase da CDL mais inclusiva, moderna e conectada com as reais demandas do com\u00e9rcio e da sociedade. Para muitos, ela j\u00e1 simboliza a lideran\u00e7a que faltava: firme, inovadora e comprometida com pessoas. Brumado pode estar prestes a vivenciar uma grande mudan\u00e7a. E essa mudan\u00e7a pode ter nome, rosto e prop\u00f3sito.","og_url":"https:\/\/sudoesteacontece.com.br\/?p=1123","og_site_name":"Sudoesteacontece","article_publisher":"https:\/\/www.facebook.com\/sudoesteacontece\/?locale=pt_BR","article_published_time":"2025-10-28T14:56:04+00:00","article_modified_time":"2025-10-28T14:56:05+00:00","og_image":[{"width":2560,"height":1440,"url":"https:\/\/sudoesteacontece.com.br\/wp-content\/uploads\/2025\/10\/Denise-Milhazes-pode-ser-candidata-a-presidencia-da-CDL-de-Brumado-com-foco-no-empreendedorismo-e-no-trabalho-social-sudoeste-acontece.jpg","type":"image\/jpeg"}],"author":"Washington Tiago","twitter_card":"summary_large_image","twitter_misc":{"Escrito por":"Washington Tiago","Est. tempo de leitura":"1 minuto"},"schema":{"@context":"https:\/\/schema.org","@graph":[{"@type":"Article","@id":"https:\/\/sudoesteacontece.com.br\/?p=1123#article","isPartOf":{"@id":"https:\/\/sudoesteacontece.com.br\/?p=1123"},"author":{"name":"Washington Tiago","@id":"https:\/\/sudoesteacontece.com.br\/#\/schema\/person\/3cf2cf009926a9683ebc29d5379fa79c"},"headline":"Denise Milhazes pode ser candidata \u00e0 presid\u00eancia da CDL de Brumado, com foco no empreendedorismo e no trabalho social","datePublished":"2025-10-28T14:56:04+00:00","dateModified":"2025-10-28T14:56:05+00:00","mainEntityOfPage":{"@id":"https:\/\/sudoesteacontece.com.br\/?p=1123"},"wordCount":318,"commentCount":0,"publisher":{"@id":"https:\/\/sudoesteacontece.com.br\/#organization"},"image":{"@id":"https:\/\/sudoesteacontece.com.br\/?p=1123#primaryimage"},"thumbnailUrl":"https:\/\/sudoesteacontece.com.br\/wp-content\/uploads\/2025\/10\/Denise-Milhazes-pode-ser-candidata-a-presidencia-da-CDL-de-Brumado-com-foco-no-empreendedorismo-e-no-trabalho-social-sudoeste-acontece.jpg","articleSection":["Brumado","Economia"],"inLanguage":"pt-BR","potentialAction":[{"@type":"CommentAction","name":"Comment","target":["https:\/\/sudoesteacontece.com.br\/?p=1123#respond"]}]},{"@type":"WebPage","@id":"https:\/\/sudoesteacontece.com.br\/?p=1123","url":"https:\/\/sudoesteacontece.com.br\/?p=1123","name":"Denise Milhazes pode ser candidata \u00e0 presid\u00eancia da CDL de Brumado, com foco no empreendedorismo e no trabalho social - Sudoesteacontece","isPartOf":{"@id":"https:\/\/sudoesteacontece.com.br\/#website"},"primaryImageOfPage":{"@id":"https:\/\/sudoesteacontece.com.br\/?p=1123#primaryimage"},"image":{"@id":"https:\/\/sudoesteacontece.com.br\/?p=1123#primaryimage"},"thumbnailUrl":"https:\/\/sudoesteacontece.com.br\/wp-content\/uploads\/2025\/10\/Denise-Milhazes-pode-ser-candidata-a-presidencia-da-CDL-de-Brumado-com-foco-no-empreendedorismo-e-no-trabalho-social-sudoeste-acontece.jpg","datePublished":"2025-10-28T14:56:04+00:00","dateModified":"2025-10-28T14:56:05+00:00","breadcrumb":{"@id":"https:\/\/sudoesteacontece.com.br\/?p=1123#breadcrumb"},"inLanguage":"pt-BR","potentialAction":[{"@type":"ReadAction","target":["https:\/\/sudoesteacontece.com.br\/?p=1123"]}]},{"@type":"ImageObject","inLanguage":"pt-BR","@id":"https:\/\/sudoesteacontece.com.br\/?p=1123#primaryimage","url":"https:\/\/sudoesteacontece.com.br\/wp-content\/uploads\/2025\/10\/Denise-Milhazes-pode-ser-candidata-a-presidencia-da-CDL-de-Brumado-com-foco-no-empreendedorismo-e-no-trabalho-social-sudoeste-acontece.jpg","contentUrl":"https:\/\/sudoesteacontece.com.br\/wp-content\/uploads\/2025\/10\/Denise-Milhazes-pode-ser-candidata-a-presidencia-da-CDL-de-Brumado-com-foco-no-empreendedorismo-e-no-trabalho-social-sudoeste-acontece.jpg","width":2560,"height":1440},{"@type":"BreadcrumbList","@id":"https:\/\/sudoesteacontece.com.br\/?p=1123#breadcrumb","itemListElement":[{"@type":"ListItem","position":1,"name":"In\u00edcio","item":"https:\/\/sudoesteacontece.com.br\/"},{"@type":"ListItem","position":2,"name":"Denise Milhazes pode ser candidata \u00e0 presid\u00eancia da CDL de Brumado, com foco no empreendedorismo e no trabalho social"}]},{"@type":"WebSite","@id":"https:\/\/sudoesteacontece.com.br\/#website","url":"https:\/\/sudoesteacontece.com.br\/","name":"Sudoesteacontece","description":"","publisher":{"@id":"https:\/\/sudoesteacontece.com.br\/#organization"},"potentialAction":[{"@type":"SearchAction","target":{"@type":"EntryPoint","urlTemplate":"https:\/\/sudoesteacontece.com.br\/?s={search_term_string}"},"query-input":{"@type":"PropertyValueSpecification","valueRequired":true,"valueName":"search_term_string"}}],"inLanguage":"pt-BR"},{"@type":"Organization","@id":"https:\/\/sudoesteacontece.com.br\/#organization","name":"Sudoesteacontece","url":"https:\/\/sudoesteacontece.com.br\/","logo":{"@type":"ImageObject","inLanguage":"pt-BR","@id":"https:\/\/sudoesteacontece.com.br\/#\/schema\/logo\/image\/","url":"https:\/\/sudoesteacontece.com.br\/wp-content\/uploads\/2025\/12\/cropped-logo-2-180x180-1.png","contentUrl":"https:\/\/sudoesteacontece.com.br\/wp-content\/uploads\/2025\/12\/cropped-logo-2-180x180-1.png","width":180,"height":180,"caption":"Sudoesteacontece"},"image":{"@id":"https:\/\/sudoesteacontece.com.br\/#\/schema\/logo\/image\/"},"sameAs":["https:\/\/www.facebook.com\/sudoesteacontece\/?locale=pt_BR"]},{"@type":"Person","@id":"https:\/\/sudoesteacontece.com.br\/#\/schema\/person\/3cf2cf009926a9683ebc29d5379fa79c","name":"Washington Tiago","image":{"@type":"ImageObject","inLanguage":"pt-BR","@id":"https:\/\/sudoesteacontece.com.br\/#\/schema\/person\/image\/","url":"https:\/\/secure.gravatar.com\/avatar\/33c43b8668157e040f9d1fe93c354bf087cbd8ba36270c1163198bd3ddcf2a56?s=96&d=mm&r=g","contentUrl":"https:\/\/secure.gravatar.com\/avatar\/33c43b8668157e040f9d1fe93c354bf087cbd8ba36270c1163198bd3ddcf2a56?s=96&d=mm&r=g","caption":"Washington Tiago"},"url":"https:\/\/sudoesteacontece.com.br\/?author=2"}]}},"_links":{"self":[{"href":"https:\/\/sudoesteacontece.com.br\/index.php?rest_route=\/wp\/v2\/posts\/1123","targetHints":{"allow":["GET"]}}],"collection":[{"href":"https:\/\/sudoesteacontece.com.br\/index.php?rest_route=\/wp\/v2\/posts"}],"about":[{"href":"https:\/\/sudoesteacontece.com.br\/index.php?rest_route=\/wp\/v2\/types\/post"}],"author":[{"embeddable":true,"href":"https:\/\/sudoesteacontece.com.br\/index.php?rest_route=\/wp\/v2\/users\/2"}],"replies":[{"embeddable":true,"href":"https:\/\/sudoesteacontece.com.br\/index.php?rest_route=%2Fwp%2Fv2%2Fcomments&post=1123"}],"version-history":[{"count":0,"href":"https:\/\/sudoesteacontece.com.br\/index.php?rest_route=\/wp\/v2\/posts\/1123\/revisions"}],"wp:featuredmedia":[{"embeddable":true,"href":"https:\/\/sudoesteacontece.com.br\/index.php?rest_route=\/wp\/v2\/media\/1124"}],"wp:attachment":[{"href":"https:\/\/sudoesteacontece.com.br\/index.php?rest_route=%2Fwp%2Fv2%2Fmedia&parent=1123"}],"wp:term":[{"taxonomy":"category","embeddable":true,"href":"https:\/\/sudoesteacontece.com.br\/index.php?rest_route=%2Fwp%2Fv2%2Fcategories&post=1123"},{"taxonomy":"post_tag","embeddable":true,"href":"https:\/\/sudoesteacontece.com.br\/index.php?rest_route=%2Fwp%2Fv2%2Ftags&post=1123"}],"curies":[{"name":"wp","href":"https:\/\/api.w.org\/{rel}","templated":true}]}}