{"id":1158,"date":"2025-10-28T17:49:10","date_gmt":"2025-10-28T20:49:10","guid":{"rendered":"https:\/\/sudoesteacontece.com.br\/?p=1158"},"modified":"2025-10-28T17:49:11","modified_gmt":"2025-10-28T20:49:11","slug":"bad-planeja-retomar-programa-humoristico-com-elenco-original","status":"publish","type":"post","link":"https:\/\/sudoesteacontece.com.br\/?p=1158","title":{"rendered":"Bad planeja retomar programa humor\u00edstico com elenco original"},"content":{"rendered":"<div class=\"wp-block-image\">\n<figure class=\"aligncenter size-full\"><img fetchpriority=\"high\" decoding=\"async\" width=\"990\" height=\"619\" src=\"http:\/\/sudoesteacontece.com.br\/wp-content\/uploads\/2025\/10\/Bad-planeja-retomar-programa-humoristico-com-elenco-original.webp\" alt=\"\" class=\"wp-image-1193\" srcset=\"https:\/\/sudoesteacontece.com.br\/wp-content\/uploads\/2025\/10\/Bad-planeja-retomar-programa-humoristico-com-elenco-original.webp 990w, https:\/\/sudoesteacontece.com.br\/wp-content\/uploads\/2025\/10\/Bad-planeja-retomar-programa-humoristico-com-elenco-original-300x188.webp 300w, https:\/\/sudoesteacontece.com.br\/wp-content\/uploads\/2025\/10\/Bad-planeja-retomar-programa-humoristico-com-elenco-original-768x480.webp 768w\" sizes=\"(max-width: 990px) 100vw, 990px\" \/><\/figure>\n<\/div>\n\n\n<p>O programa que fez sucesso entre 2008 e 2015 pode voltar \u00e0 grade da Band. A informa\u00e7\u00e3o foi revelada pelo colunista Fl\u00e1vio Ricco. A nova vers\u00e3o deve contar com a participa\u00e7\u00e3o dos nomes que marcaram a primeira forma\u00e7\u00e3o.<\/p>\n\n\n\n<p>A atra\u00e7\u00e3o, que misturava humor e cr\u00edtica social, conquistou uma base de f\u00e3s fiel durante sua exibi\u00e7\u00e3o. Agora, h\u00e1 rumores de que a Band esteja considerando um resgate, com o retorno de antigos apresentadores e convidados.<\/p>\n\n\n\n<p>Fontes revelam que a ideia da emissora \u00e9 atrair uma nova gera\u00e7\u00e3o de telespectadores, mantendo a ess\u00eancia que agradou os antigos f\u00e3s. O projeto ainda est\u00e1 em fase inicial, mas promete trazer surpresas para o p\u00fablico. A Band ainda n\u00e3o confirmou oficialmente a volta do programa, mas a expectativa cresce.<\/p>\n","protected":false},"excerpt":{"rendered":"<p>O programa que fez sucesso entre 2008 e 2015 pode voltar \u00e0 grade da Band. A informa\u00e7\u00e3o foi revelada pelo colunista Fl\u00e1vio Ricco. A nova vers\u00e3o deve contar com a participa\u00e7\u00e3o dos nomes que marcaram a primeira forma\u00e7\u00e3o. A atra\u00e7\u00e3o, que misturava humor e cr\u00edtica social, conquistou uma base de f\u00e3s fiel durante sua exibi\u00e7\u00e3o. Agora, h\u00e1 rumores de que a Band esteja considerando um resgate, com o retorno de antigos apresentadores e convidados. Fontes revelam que a ideia da emissora \u00e9 atrair uma nova gera\u00e7\u00e3o de telespectadores, mantendo a ess\u00eancia que agradou os antigos f\u00e3s. O projeto ainda est\u00e1 em fase inicial, mas promete trazer surpresas para o p\u00fablico. A Band ainda n\u00e3o confirmou oficialmente a volta do programa, mas a expectativa cresce.<\/p>\n","protected":false},"author":2,"featured_media":1193,"comment_status":"open","ping_status":"open","sticky":false,"template":"","format":"standard","meta":{"footnotes":""},"categories":[53,6,16],"tags":[],"class_list":["post-1158","post","type-post","status-publish","format-standard","has-post-thumbnail","hentry","category-brasil","category-politica","category-tv-radio-e-cinema"],"yoast_head":"<!-- This site is optimized with the Yoast SEO plugin v26.5 - https:\/\/yoast.com\/wordpress\/plugins\/seo\/ -->\n<title>Bad planeja retomar programa humor\u00edstico com elenco original - Sudoesteacontece<\/title>\n<meta name=\"robots\" content=\"index, follow, max-snippet:-1, max-image-preview:large, max-video-preview:-1\" \/>\n<link rel=\"canonical\" href=\"https:\/\/sudoesteacontece.com.br\/?p=1158\" \/>\n<meta property=\"og:locale\" content=\"pt_BR\" \/>\n<meta property=\"og:type\" content=\"article\" \/>\n<meta property=\"og:title\" content=\"Bad planeja retomar programa humor\u00edstico com elenco original - Sudoesteacontece\" \/>\n<meta property=\"og:description\" content=\"O programa que fez sucesso entre 2008 e 2015 pode voltar \u00e0 grade da Band. A informa\u00e7\u00e3o foi revelada pelo colunista Fl\u00e1vio Ricco. A nova vers\u00e3o deve contar com a participa\u00e7\u00e3o dos nomes que marcaram a primeira forma\u00e7\u00e3o. A atra\u00e7\u00e3o, que misturava humor e cr\u00edtica social, conquistou uma base de f\u00e3s fiel durante sua exibi\u00e7\u00e3o. Agora, h\u00e1 rumores de que a Band esteja considerando um resgate, com o retorno de antigos apresentadores e convidados. Fontes revelam que a ideia da emissora \u00e9 atrair uma nova gera\u00e7\u00e3o de telespectadores, mantendo a ess\u00eancia que agradou os antigos f\u00e3s. O projeto ainda est\u00e1 em fase inicial, mas promete trazer surpresas para o p\u00fablico. A Band ainda n\u00e3o confirmou oficialmente a volta do programa, mas a expectativa cresce.\" \/>\n<meta property=\"og:url\" content=\"https:\/\/sudoesteacontece.com.br\/?p=1158\" \/>\n<meta property=\"og:site_name\" content=\"Sudoesteacontece\" \/>\n<meta property=\"article:publisher\" content=\"https:\/\/www.facebook.com\/sudoesteacontece\/?locale=pt_BR\" \/>\n<meta property=\"article:published_time\" content=\"2025-10-28T20:49:10+00:00\" \/>\n<meta property=\"article:modified_time\" content=\"2025-10-28T20:49:11+00:00\" \/>\n<meta property=\"og:image\" content=\"https:\/\/sudoesteacontece.com.br\/wp-content\/uploads\/2025\/10\/Bad-planeja-retomar-programa-humoristico-com-elenco-original.webp\" \/>\n\t<meta property=\"og:image:width\" content=\"990\" \/>\n\t<meta property=\"og:image:height\" content=\"619\" \/>\n\t<meta property=\"og:image:type\" content=\"image\/webp\" \/>\n<meta name=\"author\" content=\"Washington Tiago\" \/>\n<meta name=\"twitter:card\" content=\"summary_large_image\" \/>\n<meta name=\"twitter:label1\" content=\"Escrito por\" \/>\n\t<meta name=\"twitter:data1\" content=\"Washington Tiago\" \/>\n\t<meta name=\"twitter:label2\" content=\"Est. tempo de leitura\" \/>\n\t<meta name=\"twitter:data2\" content=\"1 minuto\" \/>\n<script type=\"application\/ld+json\" class=\"yoast-schema-graph\">{\"@context\":\"https:\/\/schema.org\",\"@graph\":[{\"@type\":\"Article\",\"@id\":\"https:\/\/sudoesteacontece.com.br\/?p=1158#article\",\"isPartOf\":{\"@id\":\"https:\/\/sudoesteacontece.com.br\/?p=1158\"},\"author\":{\"name\":\"Washington Tiago\",\"@id\":\"https:\/\/sudoesteacontece.com.br\/#\/schema\/person\/3cf2cf009926a9683ebc29d5379fa79c\"},\"headline\":\"Bad planeja retomar programa humor\u00edstico com elenco original\",\"datePublished\":\"2025-10-28T20:49:10+00:00\",\"dateModified\":\"2025-10-28T20:49:11+00:00\",\"mainEntityOfPage\":{\"@id\":\"https:\/\/sudoesteacontece.com.br\/?p=1158\"},\"wordCount\":143,\"commentCount\":0,\"publisher\":{\"@id\":\"https:\/\/sudoesteacontece.com.br\/#organization\"},\"image\":{\"@id\":\"https:\/\/sudoesteacontece.com.br\/?p=1158#primaryimage\"},\"thumbnailUrl\":\"https:\/\/sudoesteacontece.com.br\/wp-content\/uploads\/2025\/10\/Bad-planeja-retomar-programa-humoristico-com-elenco-original.webp\",\"articleSection\":[\"Brasil\",\"Pol\u00edtica\",\"TV, R\u00e1dio e Cinema\"],\"inLanguage\":\"pt-BR\",\"potentialAction\":[{\"@type\":\"CommentAction\",\"name\":\"Comment\",\"target\":[\"https:\/\/sudoesteacontece.com.br\/?p=1158#respond\"]}]},{\"@type\":\"WebPage\",\"@id\":\"https:\/\/sudoesteacontece.com.br\/?p=1158\",\"url\":\"https:\/\/sudoesteacontece.com.br\/?p=1158\",\"name\":\"Bad planeja retomar programa humor\u00edstico com elenco original - Sudoesteacontece\",\"isPartOf\":{\"@id\":\"https:\/\/sudoesteacontece.com.br\/#website\"},\"primaryImageOfPage\":{\"@id\":\"https:\/\/sudoesteacontece.com.br\/?p=1158#primaryimage\"},\"image\":{\"@id\":\"https:\/\/sudoesteacontece.com.br\/?p=1158#primaryimage\"},\"thumbnailUrl\":\"https:\/\/sudoesteacontece.com.br\/wp-content\/uploads\/2025\/10\/Bad-planeja-retomar-programa-humoristico-com-elenco-original.webp\",\"datePublished\":\"2025-10-28T20:49:10+00:00\",\"dateModified\":\"2025-10-28T20:49:11+00:00\",\"breadcrumb\":{\"@id\":\"https:\/\/sudoesteacontece.com.br\/?p=1158#breadcrumb\"},\"inLanguage\":\"pt-BR\",\"potentialAction\":[{\"@type\":\"ReadAction\",\"target\":[\"https:\/\/sudoesteacontece.com.br\/?p=1158\"]}]},{\"@type\":\"ImageObject\",\"inLanguage\":\"pt-BR\",\"@id\":\"https:\/\/sudoesteacontece.com.br\/?p=1158#primaryimage\",\"url\":\"https:\/\/sudoesteacontece.com.br\/wp-content\/uploads\/2025\/10\/Bad-planeja-retomar-programa-humoristico-com-elenco-original.webp\",\"contentUrl\":\"https:\/\/sudoesteacontece.com.br\/wp-content\/uploads\/2025\/10\/Bad-planeja-retomar-programa-humoristico-com-elenco-original.webp\",\"width\":990,\"height\":619},{\"@type\":\"BreadcrumbList\",\"@id\":\"https:\/\/sudoesteacontece.com.br\/?p=1158#breadcrumb\",\"itemListElement\":[{\"@type\":\"ListItem\",\"position\":1,\"name\":\"In\u00edcio\",\"item\":\"https:\/\/sudoesteacontece.com.br\/\"},{\"@type\":\"ListItem\",\"position\":2,\"name\":\"Bad planeja retomar programa humor\u00edstico com elenco original\"}]},{\"@type\":\"WebSite\",\"@id\":\"https:\/\/sudoesteacontece.com.br\/#website\",\"url\":\"https:\/\/sudoesteacontece.com.br\/\",\"name\":\"Sudoesteacontece\",\"description\":\"\",\"publisher\":{\"@id\":\"https:\/\/sudoesteacontece.com.br\/#organization\"},\"potentialAction\":[{\"@type\":\"SearchAction\",\"target\":{\"@type\":\"EntryPoint\",\"urlTemplate\":\"https:\/\/sudoesteacontece.com.br\/?s={search_term_string}\"},\"query-input\":{\"@type\":\"PropertyValueSpecification\",\"valueRequired\":true,\"valueName\":\"search_term_string\"}}],\"inLanguage\":\"pt-BR\"},{\"@type\":\"Organization\",\"@id\":\"https:\/\/sudoesteacontece.com.br\/#organization\",\"name\":\"Sudoesteacontece\",\"url\":\"https:\/\/sudoesteacontece.com.br\/\",\"logo\":{\"@type\":\"ImageObject\",\"inLanguage\":\"pt-BR\",\"@id\":\"https:\/\/sudoesteacontece.com.br\/#\/schema\/logo\/image\/\",\"url\":\"https:\/\/sudoesteacontece.com.br\/wp-content\/uploads\/2025\/12\/cropped-logo-2-180x180-1.png\",\"contentUrl\":\"https:\/\/sudoesteacontece.com.br\/wp-content\/uploads\/2025\/12\/cropped-logo-2-180x180-1.png\",\"width\":180,\"height\":180,\"caption\":\"Sudoesteacontece\"},\"image\":{\"@id\":\"https:\/\/sudoesteacontece.com.br\/#\/schema\/logo\/image\/\"},\"sameAs\":[\"https:\/\/www.facebook.com\/sudoesteacontece\/?locale=pt_BR\"]},{\"@type\":\"Person\",\"@id\":\"https:\/\/sudoesteacontece.com.br\/#\/schema\/person\/3cf2cf009926a9683ebc29d5379fa79c\",\"name\":\"Washington Tiago\",\"image\":{\"@type\":\"ImageObject\",\"inLanguage\":\"pt-BR\",\"@id\":\"https:\/\/sudoesteacontece.com.br\/#\/schema\/person\/image\/\",\"url\":\"https:\/\/secure.gravatar.com\/avatar\/33c43b8668157e040f9d1fe93c354bf087cbd8ba36270c1163198bd3ddcf2a56?s=96&d=mm&r=g\",\"contentUrl\":\"https:\/\/secure.gravatar.com\/avatar\/33c43b8668157e040f9d1fe93c354bf087cbd8ba36270c1163198bd3ddcf2a56?s=96&d=mm&r=g\",\"caption\":\"Washington Tiago\"},\"url\":\"https:\/\/sudoesteacontece.com.br\/?author=2\"}]}<\/script>\n<!-- \/ Yoast SEO plugin. -->","yoast_head_json":{"title":"Bad planeja retomar programa humor\u00edstico com elenco original - Sudoesteacontece","robots":{"index":"index","follow":"follow","max-snippet":"max-snippet:-1","max-image-preview":"max-image-preview:large","max-video-preview":"max-video-preview:-1"},"canonical":"https:\/\/sudoesteacontece.com.br\/?p=1158","og_locale":"pt_BR","og_type":"article","og_title":"Bad planeja retomar programa humor\u00edstico com elenco original - Sudoesteacontece","og_description":"O programa que fez sucesso entre 2008 e 2015 pode voltar \u00e0 grade da Band. A informa\u00e7\u00e3o foi revelada pelo colunista Fl\u00e1vio Ricco. A nova vers\u00e3o deve contar com a participa\u00e7\u00e3o dos nomes que marcaram a primeira forma\u00e7\u00e3o. A atra\u00e7\u00e3o, que misturava humor e cr\u00edtica social, conquistou uma base de f\u00e3s fiel durante sua exibi\u00e7\u00e3o. Agora, h\u00e1 rumores de que a Band esteja considerando um resgate, com o retorno de antigos apresentadores e convidados. Fontes revelam que a ideia da emissora \u00e9 atrair uma nova gera\u00e7\u00e3o de telespectadores, mantendo a ess\u00eancia que agradou os antigos f\u00e3s. O projeto ainda est\u00e1 em fase inicial, mas promete trazer surpresas para o p\u00fablico. A Band ainda n\u00e3o confirmou oficialmente a volta do programa, mas a expectativa cresce.","og_url":"https:\/\/sudoesteacontece.com.br\/?p=1158","og_site_name":"Sudoesteacontece","article_publisher":"https:\/\/www.facebook.com\/sudoesteacontece\/?locale=pt_BR","article_published_time":"2025-10-28T20:49:10+00:00","article_modified_time":"2025-10-28T20:49:11+00:00","og_image":[{"width":990,"height":619,"url":"https:\/\/sudoesteacontece.com.br\/wp-content\/uploads\/2025\/10\/Bad-planeja-retomar-programa-humoristico-com-elenco-original.webp","type":"image\/webp"}],"author":"Washington Tiago","twitter_card":"summary_large_image","twitter_misc":{"Escrito por":"Washington Tiago","Est. tempo de leitura":"1 minuto"},"schema":{"@context":"https:\/\/schema.org","@graph":[{"@type":"Article","@id":"https:\/\/sudoesteacontece.com.br\/?p=1158#article","isPartOf":{"@id":"https:\/\/sudoesteacontece.com.br\/?p=1158"},"author":{"name":"Washington Tiago","@id":"https:\/\/sudoesteacontece.com.br\/#\/schema\/person\/3cf2cf009926a9683ebc29d5379fa79c"},"headline":"Bad planeja retomar programa humor\u00edstico com elenco original","datePublished":"2025-10-28T20:49:10+00:00","dateModified":"2025-10-28T20:49:11+00:00","mainEntityOfPage":{"@id":"https:\/\/sudoesteacontece.com.br\/?p=1158"},"wordCount":143,"commentCount":0,"publisher":{"@id":"https:\/\/sudoesteacontece.com.br\/#organization"},"image":{"@id":"https:\/\/sudoesteacontece.com.br\/?p=1158#primaryimage"},"thumbnailUrl":"https:\/\/sudoesteacontece.com.br\/wp-content\/uploads\/2025\/10\/Bad-planeja-retomar-programa-humoristico-com-elenco-original.webp","articleSection":["Brasil","Pol\u00edtica","TV, R\u00e1dio e Cinema"],"inLanguage":"pt-BR","potentialAction":[{"@type":"CommentAction","name":"Comment","target":["https:\/\/sudoesteacontece.com.br\/?p=1158#respond"]}]},{"@type":"WebPage","@id":"https:\/\/sudoesteacontece.com.br\/?p=1158","url":"https:\/\/sudoesteacontece.com.br\/?p=1158","name":"Bad planeja retomar programa humor\u00edstico com elenco original - Sudoesteacontece","isPartOf":{"@id":"https:\/\/sudoesteacontece.com.br\/#website"},"primaryImageOfPage":{"@id":"https:\/\/sudoesteacontece.com.br\/?p=1158#primaryimage"},"image":{"@id":"https:\/\/sudoesteacontece.com.br\/?p=1158#primaryimage"},"thumbnailUrl":"https:\/\/sudoesteacontece.com.br\/wp-content\/uploads\/2025\/10\/Bad-planeja-retomar-programa-humoristico-com-elenco-original.webp","datePublished":"2025-10-28T20:49:10+00:00","dateModified":"2025-10-28T20:49:11+00:00","breadcrumb":{"@id":"https:\/\/sudoesteacontece.com.br\/?p=1158#breadcrumb"},"inLanguage":"pt-BR","potentialAction":[{"@type":"ReadAction","target":["https:\/\/sudoesteacontece.com.br\/?p=1158"]}]},{"@type":"ImageObject","inLanguage":"pt-BR","@id":"https:\/\/sudoesteacontece.com.br\/?p=1158#primaryimage","url":"https:\/\/sudoesteacontece.com.br\/wp-content\/uploads\/2025\/10\/Bad-planeja-retomar-programa-humoristico-com-elenco-original.webp","contentUrl":"https:\/\/sudoesteacontece.com.br\/wp-content\/uploads\/2025\/10\/Bad-planeja-retomar-programa-humoristico-com-elenco-original.webp","width":990,"height":619},{"@type":"BreadcrumbList","@id":"https:\/\/sudoesteacontece.com.br\/?p=1158#breadcrumb","itemListElement":[{"@type":"ListItem","position":1,"name":"In\u00edcio","item":"https:\/\/sudoesteacontece.com.br\/"},{"@type":"ListItem","position":2,"name":"Bad planeja retomar programa humor\u00edstico com elenco original"}]},{"@type":"WebSite","@id":"https:\/\/sudoesteacontece.com.br\/#website","url":"https:\/\/sudoesteacontece.com.br\/","name":"Sudoesteacontece","description":"","publisher":{"@id":"https:\/\/sudoesteacontece.com.br\/#organization"},"potentialAction":[{"@type":"SearchAction","target":{"@type":"EntryPoint","urlTemplate":"https:\/\/sudoesteacontece.com.br\/?s={search_term_string}"},"query-input":{"@type":"PropertyValueSpecification","valueRequired":true,"valueName":"search_term_string"}}],"inLanguage":"pt-BR"},{"@type":"Organization","@id":"https:\/\/sudoesteacontece.com.br\/#organization","name":"Sudoesteacontece","url":"https:\/\/sudoesteacontece.com.br\/","logo":{"@type":"ImageObject","inLanguage":"pt-BR","@id":"https:\/\/sudoesteacontece.com.br\/#\/schema\/logo\/image\/","url":"https:\/\/sudoesteacontece.com.br\/wp-content\/uploads\/2025\/12\/cropped-logo-2-180x180-1.png","contentUrl":"https:\/\/sudoesteacontece.com.br\/wp-content\/uploads\/2025\/12\/cropped-logo-2-180x180-1.png","width":180,"height":180,"caption":"Sudoesteacontece"},"image":{"@id":"https:\/\/sudoesteacontece.com.br\/#\/schema\/logo\/image\/"},"sameAs":["https:\/\/www.facebook.com\/sudoesteacontece\/?locale=pt_BR"]},{"@type":"Person","@id":"https:\/\/sudoesteacontece.com.br\/#\/schema\/person\/3cf2cf009926a9683ebc29d5379fa79c","name":"Washington Tiago","image":{"@type":"ImageObject","inLanguage":"pt-BR","@id":"https:\/\/sudoesteacontece.com.br\/#\/schema\/person\/image\/","url":"https:\/\/secure.gravatar.com\/avatar\/33c43b8668157e040f9d1fe93c354bf087cbd8ba36270c1163198bd3ddcf2a56?s=96&d=mm&r=g","contentUrl":"https:\/\/secure.gravatar.com\/avatar\/33c43b8668157e040f9d1fe93c354bf087cbd8ba36270c1163198bd3ddcf2a56?s=96&d=mm&r=g","caption":"Washington Tiago"},"url":"https:\/\/sudoesteacontece.com.br\/?author=2"}]}},"_links":{"self":[{"href":"https:\/\/sudoesteacontece.com.br\/index.php?rest_route=\/wp\/v2\/posts\/1158","targetHints":{"allow":["GET"]}}],"collection":[{"href":"https:\/\/sudoesteacontece.com.br\/index.php?rest_route=\/wp\/v2\/posts"}],"about":[{"href":"https:\/\/sudoesteacontece.com.br\/index.php?rest_route=\/wp\/v2\/types\/post"}],"author":[{"embeddable":true,"href":"https:\/\/sudoesteacontece.com.br\/index.php?rest_route=\/wp\/v2\/users\/2"}],"replies":[{"embeddable":true,"href":"https:\/\/sudoesteacontece.com.br\/index.php?rest_route=%2Fwp%2Fv2%2Fcomments&post=1158"}],"version-history":[{"count":0,"href":"https:\/\/sudoesteacontece.com.br\/index.php?rest_route=\/wp\/v2\/posts\/1158\/revisions"}],"wp:featuredmedia":[{"embeddable":true,"href":"https:\/\/sudoesteacontece.com.br\/index.php?rest_route=\/wp\/v2\/media\/1193"}],"wp:attachment":[{"href":"https:\/\/sudoesteacontece.com.br\/index.php?rest_route=%2Fwp%2Fv2%2Fmedia&parent=1158"}],"wp:term":[{"taxonomy":"category","embeddable":true,"href":"https:\/\/sudoesteacontece.com.br\/index.php?rest_route=%2Fwp%2Fv2%2Fcategories&post=1158"},{"taxonomy":"post_tag","embeddable":true,"href":"https:\/\/sudoesteacontece.com.br\/index.php?rest_route=%2Fwp%2Fv2%2Ftags&post=1158"}],"curies":[{"name":"wp","href":"https:\/\/api.w.org\/{rel}","templated":true}]}}