{"id":1181,"date":"2025-10-28T18:04:06","date_gmt":"2025-10-28T21:04:06","guid":{"rendered":"https:\/\/sudoesteacontece.com.br\/?p=1181"},"modified":"2025-10-28T18:04:49","modified_gmt":"2025-10-28T21:04:49","slug":"casal-fica-ferido-em-colisao-entre-carreta-de-combustivel-e-carro-na-br-030-em-brumado","status":"publish","type":"post","link":"https:\/\/sudoesteacontece.com.br\/?p=1181","title":{"rendered":"Casal fica ferido em colis\u00e3o entre carreta de combust\u00edvel e carro na BR-030, no munic\u00edpio de Brumado"},"content":{"rendered":"<div class=\"wp-block-image\">\n<figure class=\"aligncenter size-full\"><img fetchpriority=\"high\" decoding=\"async\" width=\"780\" height=\"530\" src=\"http:\/\/sudoesteacontece.com.br\/wp-content\/uploads\/2025\/10\/Casal-fica-ferido-em-colisao-entre-carreta-de-combustivel-e-carro-na-BR-030-em-Brumado-sudoeste-acontece.jpg\" alt=\"\" class=\"wp-image-1199\" srcset=\"https:\/\/sudoesteacontece.com.br\/wp-content\/uploads\/2025\/10\/Casal-fica-ferido-em-colisao-entre-carreta-de-combustivel-e-carro-na-BR-030-em-Brumado-sudoeste-acontece.jpg 780w, https:\/\/sudoesteacontece.com.br\/wp-content\/uploads\/2025\/10\/Casal-fica-ferido-em-colisao-entre-carreta-de-combustivel-e-carro-na-BR-030-em-Brumado-sudoeste-acontece-300x204.jpg 300w, https:\/\/sudoesteacontece.com.br\/wp-content\/uploads\/2025\/10\/Casal-fica-ferido-em-colisao-entre-carreta-de-combustivel-e-carro-na-BR-030-em-Brumado-sudoeste-acontece-768x522.jpg 768w\" sizes=\"(max-width: 780px) 100vw, 780px\" \/><\/figure>\n<\/div>\n\n\n<p>Um grave acidente foi registrado na noite de sexta-feira (24) na BR-030, em Brumado, no sudoeste da Bahia. A colis\u00e3o envolveu uma carreta carregada com combust\u00edvel e um carro de passeio.<\/p>\n\n\n\n<p>De acordo com as primeiras informa\u00e7\u00f5es, o impacto deixou duas pessoas feridas: um casal que estava no autom\u00f3vel. Eles receberam atendimento no local por equipes do Servi\u00e7o de Atendimento M\u00f3vel de Urg\u00eancia (SAMU) e foram encaminhados ao Hospital Municipal de Brumado.<\/p>\n\n\n\n<p>Ocorr\u00eancia mobilizou tamb\u00e9m a Companhia Independente de Pol\u00edcia Rodovi\u00e1ria (CIPRv) e o Corpo de Bombeiros. Devido ao carregamento inflam\u00e1vel da carreta, houve necessidade de isolamento da \u00e1rea para evitar risco de inc\u00eandio ou explos\u00e3o. As causas do acidente ainda est\u00e3o sendo investigadas pela pol\u00edcia. At\u00e9 o momento, n\u00e3o h\u00e1 informa\u00e7\u00f5es atualizadas sobre o estado de sa\u00fade das v\u00edtimas.<\/p>\n","protected":false},"excerpt":{"rendered":"<p>Um grave acidente foi registrado na noite de sexta-feira (24) na BR-030, em Brumado, no sudoeste da Bahia. A colis\u00e3o envolveu uma carreta carregada com combust\u00edvel e um carro de passeio. De acordo com as primeiras informa\u00e7\u00f5es, o impacto deixou duas pessoas feridas: um casal que estava no autom\u00f3vel. Eles receberam atendimento no local por equipes do Servi\u00e7o de Atendimento M\u00f3vel de Urg\u00eancia (SAMU) e foram encaminhados ao Hospital Municipal de Brumado. Ocorr\u00eancia mobilizou tamb\u00e9m a Companhia Independente de Pol\u00edcia Rodovi\u00e1ria (CIPRv) e o Corpo de Bombeiros. Devido ao carregamento inflam\u00e1vel da carreta, houve necessidade de isolamento da \u00e1rea para evitar risco de inc\u00eandio ou explos\u00e3o. As causas do acidente ainda est\u00e3o sendo investigadas pela pol\u00edcia. At\u00e9 o momento, n\u00e3o h\u00e1 informa\u00e7\u00f5es atualizadas sobre o estado de sa\u00fade das v\u00edtimas.<\/p>\n","protected":false},"author":2,"featured_media":1199,"comment_status":"open","ping_status":"open","sticky":false,"template":"","format":"standard","meta":{"footnotes":""},"categories":[5,10,4],"tags":[],"class_list":["post-1181","post","type-post","status-publish","format-standard","has-post-thumbnail","hentry","category-acidente","category-brumado","category-cidades"],"yoast_head":"<!-- This site is optimized with the Yoast SEO plugin v26.5 - https:\/\/yoast.com\/wordpress\/plugins\/seo\/ -->\n<title>Casal fica ferido em colis\u00e3o entre carreta de combust\u00edvel e carro na BR-030, no munic\u00edpio de Brumado - Sudoesteacontece<\/title>\n<meta name=\"robots\" content=\"index, follow, max-snippet:-1, max-image-preview:large, max-video-preview:-1\" \/>\n<link rel=\"canonical\" href=\"https:\/\/sudoesteacontece.com.br\/?p=1181\" \/>\n<meta property=\"og:locale\" content=\"pt_BR\" \/>\n<meta property=\"og:type\" content=\"article\" \/>\n<meta property=\"og:title\" content=\"Casal fica ferido em colis\u00e3o entre carreta de combust\u00edvel e carro na BR-030, no munic\u00edpio de Brumado - Sudoesteacontece\" \/>\n<meta property=\"og:description\" content=\"Um grave acidente foi registrado na noite de sexta-feira (24) na BR-030, em Brumado, no sudoeste da Bahia. A colis\u00e3o envolveu uma carreta carregada com combust\u00edvel e um carro de passeio. De acordo com as primeiras informa\u00e7\u00f5es, o impacto deixou duas pessoas feridas: um casal que estava no autom\u00f3vel. Eles receberam atendimento no local por equipes do Servi\u00e7o de Atendimento M\u00f3vel de Urg\u00eancia (SAMU) e foram encaminhados ao Hospital Municipal de Brumado. Ocorr\u00eancia mobilizou tamb\u00e9m a Companhia Independente de Pol\u00edcia Rodovi\u00e1ria (CIPRv) e o Corpo de Bombeiros. Devido ao carregamento inflam\u00e1vel da carreta, houve necessidade de isolamento da \u00e1rea para evitar risco de inc\u00eandio ou explos\u00e3o. As causas do acidente ainda est\u00e3o sendo investigadas pela pol\u00edcia. At\u00e9 o momento, n\u00e3o h\u00e1 informa\u00e7\u00f5es atualizadas sobre o estado de sa\u00fade das v\u00edtimas.\" \/>\n<meta property=\"og:url\" content=\"https:\/\/sudoesteacontece.com.br\/?p=1181\" \/>\n<meta property=\"og:site_name\" content=\"Sudoesteacontece\" \/>\n<meta property=\"article:publisher\" content=\"https:\/\/www.facebook.com\/sudoesteacontece\/?locale=pt_BR\" \/>\n<meta property=\"article:published_time\" content=\"2025-10-28T21:04:06+00:00\" \/>\n<meta property=\"article:modified_time\" content=\"2025-10-28T21:04:49+00:00\" \/>\n<meta property=\"og:image\" content=\"https:\/\/sudoesteacontece.com.br\/wp-content\/uploads\/2025\/10\/Casal-fica-ferido-em-colisao-entre-carreta-de-combustivel-e-carro-na-BR-030-em-Brumado-sudoeste-acontece.jpg\" \/>\n\t<meta property=\"og:image:width\" content=\"780\" \/>\n\t<meta property=\"og:image:height\" content=\"530\" \/>\n\t<meta property=\"og:image:type\" content=\"image\/jpeg\" \/>\n<meta name=\"author\" content=\"Washington Tiago\" \/>\n<meta name=\"twitter:card\" content=\"summary_large_image\" \/>\n<meta name=\"twitter:label1\" content=\"Escrito por\" \/>\n\t<meta name=\"twitter:data1\" content=\"Washington Tiago\" \/>\n\t<meta name=\"twitter:label2\" content=\"Est. tempo de leitura\" \/>\n\t<meta name=\"twitter:data2\" content=\"1 minuto\" \/>\n<script type=\"application\/ld+json\" class=\"yoast-schema-graph\">{\"@context\":\"https:\/\/schema.org\",\"@graph\":[{\"@type\":\"Article\",\"@id\":\"https:\/\/sudoesteacontece.com.br\/?p=1181#article\",\"isPartOf\":{\"@id\":\"https:\/\/sudoesteacontece.com.br\/?p=1181\"},\"author\":{\"name\":\"Washington Tiago\",\"@id\":\"https:\/\/sudoesteacontece.com.br\/#\/schema\/person\/3cf2cf009926a9683ebc29d5379fa79c\"},\"headline\":\"Casal fica ferido em colis\u00e3o entre carreta de combust\u00edvel e carro na BR-030, no munic\u00edpio de Brumado\",\"datePublished\":\"2025-10-28T21:04:06+00:00\",\"dateModified\":\"2025-10-28T21:04:49+00:00\",\"mainEntityOfPage\":{\"@id\":\"https:\/\/sudoesteacontece.com.br\/?p=1181\"},\"wordCount\":169,\"commentCount\":0,\"publisher\":{\"@id\":\"https:\/\/sudoesteacontece.com.br\/#organization\"},\"image\":{\"@id\":\"https:\/\/sudoesteacontece.com.br\/?p=1181#primaryimage\"},\"thumbnailUrl\":\"https:\/\/sudoesteacontece.com.br\/wp-content\/uploads\/2025\/10\/Casal-fica-ferido-em-colisao-entre-carreta-de-combustivel-e-carro-na-BR-030-em-Brumado-sudoeste-acontece.jpg\",\"articleSection\":[\"Acidente\",\"Brumado\",\"Cidades\"],\"inLanguage\":\"pt-BR\",\"potentialAction\":[{\"@type\":\"CommentAction\",\"name\":\"Comment\",\"target\":[\"https:\/\/sudoesteacontece.com.br\/?p=1181#respond\"]}]},{\"@type\":\"WebPage\",\"@id\":\"https:\/\/sudoesteacontece.com.br\/?p=1181\",\"url\":\"https:\/\/sudoesteacontece.com.br\/?p=1181\",\"name\":\"Casal fica ferido em colis\u00e3o entre carreta de combust\u00edvel e carro na BR-030, no munic\u00edpio de Brumado - Sudoesteacontece\",\"isPartOf\":{\"@id\":\"https:\/\/sudoesteacontece.com.br\/#website\"},\"primaryImageOfPage\":{\"@id\":\"https:\/\/sudoesteacontece.com.br\/?p=1181#primaryimage\"},\"image\":{\"@id\":\"https:\/\/sudoesteacontece.com.br\/?p=1181#primaryimage\"},\"thumbnailUrl\":\"https:\/\/sudoesteacontece.com.br\/wp-content\/uploads\/2025\/10\/Casal-fica-ferido-em-colisao-entre-carreta-de-combustivel-e-carro-na-BR-030-em-Brumado-sudoeste-acontece.jpg\",\"datePublished\":\"2025-10-28T21:04:06+00:00\",\"dateModified\":\"2025-10-28T21:04:49+00:00\",\"breadcrumb\":{\"@id\":\"https:\/\/sudoesteacontece.com.br\/?p=1181#breadcrumb\"},\"inLanguage\":\"pt-BR\",\"potentialAction\":[{\"@type\":\"ReadAction\",\"target\":[\"https:\/\/sudoesteacontece.com.br\/?p=1181\"]}]},{\"@type\":\"ImageObject\",\"inLanguage\":\"pt-BR\",\"@id\":\"https:\/\/sudoesteacontece.com.br\/?p=1181#primaryimage\",\"url\":\"https:\/\/sudoesteacontece.com.br\/wp-content\/uploads\/2025\/10\/Casal-fica-ferido-em-colisao-entre-carreta-de-combustivel-e-carro-na-BR-030-em-Brumado-sudoeste-acontece.jpg\",\"contentUrl\":\"https:\/\/sudoesteacontece.com.br\/wp-content\/uploads\/2025\/10\/Casal-fica-ferido-em-colisao-entre-carreta-de-combustivel-e-carro-na-BR-030-em-Brumado-sudoeste-acontece.jpg\",\"width\":780,\"height\":530},{\"@type\":\"BreadcrumbList\",\"@id\":\"https:\/\/sudoesteacontece.com.br\/?p=1181#breadcrumb\",\"itemListElement\":[{\"@type\":\"ListItem\",\"position\":1,\"name\":\"In\u00edcio\",\"item\":\"https:\/\/sudoesteacontece.com.br\/\"},{\"@type\":\"ListItem\",\"position\":2,\"name\":\"Casal fica ferido em colis\u00e3o entre carreta de combust\u00edvel e carro na BR-030, no munic\u00edpio de Brumado\"}]},{\"@type\":\"WebSite\",\"@id\":\"https:\/\/sudoesteacontece.com.br\/#website\",\"url\":\"https:\/\/sudoesteacontece.com.br\/\",\"name\":\"Sudoesteacontece\",\"description\":\"\",\"publisher\":{\"@id\":\"https:\/\/sudoesteacontece.com.br\/#organization\"},\"potentialAction\":[{\"@type\":\"SearchAction\",\"target\":{\"@type\":\"EntryPoint\",\"urlTemplate\":\"https:\/\/sudoesteacontece.com.br\/?s={search_term_string}\"},\"query-input\":{\"@type\":\"PropertyValueSpecification\",\"valueRequired\":true,\"valueName\":\"search_term_string\"}}],\"inLanguage\":\"pt-BR\"},{\"@type\":\"Organization\",\"@id\":\"https:\/\/sudoesteacontece.com.br\/#organization\",\"name\":\"Sudoesteacontece\",\"url\":\"https:\/\/sudoesteacontece.com.br\/\",\"logo\":{\"@type\":\"ImageObject\",\"inLanguage\":\"pt-BR\",\"@id\":\"https:\/\/sudoesteacontece.com.br\/#\/schema\/logo\/image\/\",\"url\":\"https:\/\/sudoesteacontece.com.br\/wp-content\/uploads\/2025\/12\/cropped-logo-2-180x180-1.png\",\"contentUrl\":\"https:\/\/sudoesteacontece.com.br\/wp-content\/uploads\/2025\/12\/cropped-logo-2-180x180-1.png\",\"width\":180,\"height\":180,\"caption\":\"Sudoesteacontece\"},\"image\":{\"@id\":\"https:\/\/sudoesteacontece.com.br\/#\/schema\/logo\/image\/\"},\"sameAs\":[\"https:\/\/www.facebook.com\/sudoesteacontece\/?locale=pt_BR\"]},{\"@type\":\"Person\",\"@id\":\"https:\/\/sudoesteacontece.com.br\/#\/schema\/person\/3cf2cf009926a9683ebc29d5379fa79c\",\"name\":\"Washington Tiago\",\"image\":{\"@type\":\"ImageObject\",\"inLanguage\":\"pt-BR\",\"@id\":\"https:\/\/sudoesteacontece.com.br\/#\/schema\/person\/image\/\",\"url\":\"https:\/\/secure.gravatar.com\/avatar\/33c43b8668157e040f9d1fe93c354bf087cbd8ba36270c1163198bd3ddcf2a56?s=96&d=mm&r=g\",\"contentUrl\":\"https:\/\/secure.gravatar.com\/avatar\/33c43b8668157e040f9d1fe93c354bf087cbd8ba36270c1163198bd3ddcf2a56?s=96&d=mm&r=g\",\"caption\":\"Washington Tiago\"},\"url\":\"https:\/\/sudoesteacontece.com.br\/?author=2\"}]}<\/script>\n<!-- \/ Yoast SEO plugin. -->","yoast_head_json":{"title":"Casal fica ferido em colis\u00e3o entre carreta de combust\u00edvel e carro na BR-030, no munic\u00edpio de Brumado - Sudoesteacontece","robots":{"index":"index","follow":"follow","max-snippet":"max-snippet:-1","max-image-preview":"max-image-preview:large","max-video-preview":"max-video-preview:-1"},"canonical":"https:\/\/sudoesteacontece.com.br\/?p=1181","og_locale":"pt_BR","og_type":"article","og_title":"Casal fica ferido em colis\u00e3o entre carreta de combust\u00edvel e carro na BR-030, no munic\u00edpio de Brumado - Sudoesteacontece","og_description":"Um grave acidente foi registrado na noite de sexta-feira (24) na BR-030, em Brumado, no sudoeste da Bahia. A colis\u00e3o envolveu uma carreta carregada com combust\u00edvel e um carro de passeio. De acordo com as primeiras informa\u00e7\u00f5es, o impacto deixou duas pessoas feridas: um casal que estava no autom\u00f3vel. Eles receberam atendimento no local por equipes do Servi\u00e7o de Atendimento M\u00f3vel de Urg\u00eancia (SAMU) e foram encaminhados ao Hospital Municipal de Brumado. Ocorr\u00eancia mobilizou tamb\u00e9m a Companhia Independente de Pol\u00edcia Rodovi\u00e1ria (CIPRv) e o Corpo de Bombeiros. Devido ao carregamento inflam\u00e1vel da carreta, houve necessidade de isolamento da \u00e1rea para evitar risco de inc\u00eandio ou explos\u00e3o. As causas do acidente ainda est\u00e3o sendo investigadas pela pol\u00edcia. At\u00e9 o momento, n\u00e3o h\u00e1 informa\u00e7\u00f5es atualizadas sobre o estado de sa\u00fade das v\u00edtimas.","og_url":"https:\/\/sudoesteacontece.com.br\/?p=1181","og_site_name":"Sudoesteacontece","article_publisher":"https:\/\/www.facebook.com\/sudoesteacontece\/?locale=pt_BR","article_published_time":"2025-10-28T21:04:06+00:00","article_modified_time":"2025-10-28T21:04:49+00:00","og_image":[{"width":780,"height":530,"url":"https:\/\/sudoesteacontece.com.br\/wp-content\/uploads\/2025\/10\/Casal-fica-ferido-em-colisao-entre-carreta-de-combustivel-e-carro-na-BR-030-em-Brumado-sudoeste-acontece.jpg","type":"image\/jpeg"}],"author":"Washington Tiago","twitter_card":"summary_large_image","twitter_misc":{"Escrito por":"Washington Tiago","Est. tempo de leitura":"1 minuto"},"schema":{"@context":"https:\/\/schema.org","@graph":[{"@type":"Article","@id":"https:\/\/sudoesteacontece.com.br\/?p=1181#article","isPartOf":{"@id":"https:\/\/sudoesteacontece.com.br\/?p=1181"},"author":{"name":"Washington Tiago","@id":"https:\/\/sudoesteacontece.com.br\/#\/schema\/person\/3cf2cf009926a9683ebc29d5379fa79c"},"headline":"Casal fica ferido em colis\u00e3o entre carreta de combust\u00edvel e carro na BR-030, no munic\u00edpio de Brumado","datePublished":"2025-10-28T21:04:06+00:00","dateModified":"2025-10-28T21:04:49+00:00","mainEntityOfPage":{"@id":"https:\/\/sudoesteacontece.com.br\/?p=1181"},"wordCount":169,"commentCount":0,"publisher":{"@id":"https:\/\/sudoesteacontece.com.br\/#organization"},"image":{"@id":"https:\/\/sudoesteacontece.com.br\/?p=1181#primaryimage"},"thumbnailUrl":"https:\/\/sudoesteacontece.com.br\/wp-content\/uploads\/2025\/10\/Casal-fica-ferido-em-colisao-entre-carreta-de-combustivel-e-carro-na-BR-030-em-Brumado-sudoeste-acontece.jpg","articleSection":["Acidente","Brumado","Cidades"],"inLanguage":"pt-BR","potentialAction":[{"@type":"CommentAction","name":"Comment","target":["https:\/\/sudoesteacontece.com.br\/?p=1181#respond"]}]},{"@type":"WebPage","@id":"https:\/\/sudoesteacontece.com.br\/?p=1181","url":"https:\/\/sudoesteacontece.com.br\/?p=1181","name":"Casal fica ferido em colis\u00e3o entre carreta de combust\u00edvel e carro na BR-030, no munic\u00edpio de Brumado - Sudoesteacontece","isPartOf":{"@id":"https:\/\/sudoesteacontece.com.br\/#website"},"primaryImageOfPage":{"@id":"https:\/\/sudoesteacontece.com.br\/?p=1181#primaryimage"},"image":{"@id":"https:\/\/sudoesteacontece.com.br\/?p=1181#primaryimage"},"thumbnailUrl":"https:\/\/sudoesteacontece.com.br\/wp-content\/uploads\/2025\/10\/Casal-fica-ferido-em-colisao-entre-carreta-de-combustivel-e-carro-na-BR-030-em-Brumado-sudoeste-acontece.jpg","datePublished":"2025-10-28T21:04:06+00:00","dateModified":"2025-10-28T21:04:49+00:00","breadcrumb":{"@id":"https:\/\/sudoesteacontece.com.br\/?p=1181#breadcrumb"},"inLanguage":"pt-BR","potentialAction":[{"@type":"ReadAction","target":["https:\/\/sudoesteacontece.com.br\/?p=1181"]}]},{"@type":"ImageObject","inLanguage":"pt-BR","@id":"https:\/\/sudoesteacontece.com.br\/?p=1181#primaryimage","url":"https:\/\/sudoesteacontece.com.br\/wp-content\/uploads\/2025\/10\/Casal-fica-ferido-em-colisao-entre-carreta-de-combustivel-e-carro-na-BR-030-em-Brumado-sudoeste-acontece.jpg","contentUrl":"https:\/\/sudoesteacontece.com.br\/wp-content\/uploads\/2025\/10\/Casal-fica-ferido-em-colisao-entre-carreta-de-combustivel-e-carro-na-BR-030-em-Brumado-sudoeste-acontece.jpg","width":780,"height":530},{"@type":"BreadcrumbList","@id":"https:\/\/sudoesteacontece.com.br\/?p=1181#breadcrumb","itemListElement":[{"@type":"ListItem","position":1,"name":"In\u00edcio","item":"https:\/\/sudoesteacontece.com.br\/"},{"@type":"ListItem","position":2,"name":"Casal fica ferido em colis\u00e3o entre carreta de combust\u00edvel e carro na BR-030, no munic\u00edpio de Brumado"}]},{"@type":"WebSite","@id":"https:\/\/sudoesteacontece.com.br\/#website","url":"https:\/\/sudoesteacontece.com.br\/","name":"Sudoesteacontece","description":"","publisher":{"@id":"https:\/\/sudoesteacontece.com.br\/#organization"},"potentialAction":[{"@type":"SearchAction","target":{"@type":"EntryPoint","urlTemplate":"https:\/\/sudoesteacontece.com.br\/?s={search_term_string}"},"query-input":{"@type":"PropertyValueSpecification","valueRequired":true,"valueName":"search_term_string"}}],"inLanguage":"pt-BR"},{"@type":"Organization","@id":"https:\/\/sudoesteacontece.com.br\/#organization","name":"Sudoesteacontece","url":"https:\/\/sudoesteacontece.com.br\/","logo":{"@type":"ImageObject","inLanguage":"pt-BR","@id":"https:\/\/sudoesteacontece.com.br\/#\/schema\/logo\/image\/","url":"https:\/\/sudoesteacontece.com.br\/wp-content\/uploads\/2025\/12\/cropped-logo-2-180x180-1.png","contentUrl":"https:\/\/sudoesteacontece.com.br\/wp-content\/uploads\/2025\/12\/cropped-logo-2-180x180-1.png","width":180,"height":180,"caption":"Sudoesteacontece"},"image":{"@id":"https:\/\/sudoesteacontece.com.br\/#\/schema\/logo\/image\/"},"sameAs":["https:\/\/www.facebook.com\/sudoesteacontece\/?locale=pt_BR"]},{"@type":"Person","@id":"https:\/\/sudoesteacontece.com.br\/#\/schema\/person\/3cf2cf009926a9683ebc29d5379fa79c","name":"Washington Tiago","image":{"@type":"ImageObject","inLanguage":"pt-BR","@id":"https:\/\/sudoesteacontece.com.br\/#\/schema\/person\/image\/","url":"https:\/\/secure.gravatar.com\/avatar\/33c43b8668157e040f9d1fe93c354bf087cbd8ba36270c1163198bd3ddcf2a56?s=96&d=mm&r=g","contentUrl":"https:\/\/secure.gravatar.com\/avatar\/33c43b8668157e040f9d1fe93c354bf087cbd8ba36270c1163198bd3ddcf2a56?s=96&d=mm&r=g","caption":"Washington Tiago"},"url":"https:\/\/sudoesteacontece.com.br\/?author=2"}]}},"_links":{"self":[{"href":"https:\/\/sudoesteacontece.com.br\/index.php?rest_route=\/wp\/v2\/posts\/1181","targetHints":{"allow":["GET"]}}],"collection":[{"href":"https:\/\/sudoesteacontece.com.br\/index.php?rest_route=\/wp\/v2\/posts"}],"about":[{"href":"https:\/\/sudoesteacontece.com.br\/index.php?rest_route=\/wp\/v2\/types\/post"}],"author":[{"embeddable":true,"href":"https:\/\/sudoesteacontece.com.br\/index.php?rest_route=\/wp\/v2\/users\/2"}],"replies":[{"embeddable":true,"href":"https:\/\/sudoesteacontece.com.br\/index.php?rest_route=%2Fwp%2Fv2%2Fcomments&post=1181"}],"version-history":[{"count":0,"href":"https:\/\/sudoesteacontece.com.br\/index.php?rest_route=\/wp\/v2\/posts\/1181\/revisions"}],"wp:featuredmedia":[{"embeddable":true,"href":"https:\/\/sudoesteacontece.com.br\/index.php?rest_route=\/wp\/v2\/media\/1199"}],"wp:attachment":[{"href":"https:\/\/sudoesteacontece.com.br\/index.php?rest_route=%2Fwp%2Fv2%2Fmedia&parent=1181"}],"wp:term":[{"taxonomy":"category","embeddable":true,"href":"https:\/\/sudoesteacontece.com.br\/index.php?rest_route=%2Fwp%2Fv2%2Fcategories&post=1181"},{"taxonomy":"post_tag","embeddable":true,"href":"https:\/\/sudoesteacontece.com.br\/index.php?rest_route=%2Fwp%2Fv2%2Ftags&post=1181"}],"curies":[{"name":"wp","href":"https:\/\/api.w.org\/{rel}","templated":true}]}}