{"id":1185,"date":"2025-10-28T18:10:32","date_gmt":"2025-10-28T21:10:32","guid":{"rendered":"https:\/\/sudoesteacontece.com.br\/?p=1185"},"modified":"2025-10-28T18:10:33","modified_gmt":"2025-10-28T21:10:33","slug":"cidade-de-rio-de-contas-sem-agua-apos-furto-de-cabos-eletricos-embasa-trabalha-para-resolver","status":"publish","type":"post","link":"https:\/\/sudoesteacontece.com.br\/?p=1185","title":{"rendered":"Cidade de Rio de Contas sem \u00e1gua ap\u00f3s furto de cabos el\u00e9tricos; Embasa trabalha para resolver"},"content":{"rendered":"\n<figure class=\"wp-block-image size-full\"><img fetchpriority=\"high\" decoding=\"async\" width=\"750\" height=\"500\" src=\"http:\/\/sudoesteacontece.com.br\/wp-content\/uploads\/2025\/10\/Cidade-de-Rio-de-Contas-sem-agua-apos-furto-de-cabos-eletricos-Embasa-trabalha-para-resolver-sudoeste-acontece.webp\" alt=\"\" class=\"wp-image-1202\" srcset=\"https:\/\/sudoesteacontece.com.br\/wp-content\/uploads\/2025\/10\/Cidade-de-Rio-de-Contas-sem-agua-apos-furto-de-cabos-eletricos-Embasa-trabalha-para-resolver-sudoeste-acontece.webp 750w, https:\/\/sudoesteacontece.com.br\/wp-content\/uploads\/2025\/10\/Cidade-de-Rio-de-Contas-sem-agua-apos-furto-de-cabos-eletricos-Embasa-trabalha-para-resolver-sudoeste-acontece-300x200.webp 300w\" sizes=\"(max-width: 750px) 100vw, 750px\" \/><\/figure>\n\n\n\n<p>O fornecimento de \u00e1gua em Rio de Contas, na Chapada Diamantina, foi interrompido na noite de segunda-feira (27) devido ao furto de cabos el\u00e9tricos na capta\u00e7\u00e3o de \u00e1gua da cidade. O crime deixou a popula\u00e7\u00e3o sem \u00e1gua, afetando o abastecimento em diversas localidades.<\/p>\n\n\n\n<p>A Empresa Baiana de \u00c1guas e Saneamento (Embasa) emitiu um comunicado informando que suas equipes t\u00e9cnicas est\u00e3o trabalhando para repor os cabos roubados e restaurar os equipamentos danificados. A previs\u00e3o \u00e9 que os servi\u00e7os sejam conclu\u00eddos at\u00e9 a noite de quarta-feira (29), permitindo a retomada gradual da distribui\u00e7\u00e3o de \u00e1gua para a popula\u00e7\u00e3o.<\/p>\n\n\n\n<p>Enquanto o abastecimento n\u00e3o \u00e9 normalizado, a Embasa orienta que os moradores utilizem a \u00e1gua de forma econ\u00f4mica para evitar maiores transtornos. A Pol\u00edcia Civil iniciou uma investiga\u00e7\u00e3o para apurar as circunst\u00e2ncias do furto e identificar os respons\u00e1veis.<\/p>\n","protected":false},"excerpt":{"rendered":"<p>O fornecimento de \u00e1gua em Rio de Contas, na Chapada Diamantina, foi interrompido na noite de segunda-feira (27) devido ao furto de cabos el\u00e9tricos na capta\u00e7\u00e3o de \u00e1gua da cidade. O crime deixou a popula\u00e7\u00e3o sem \u00e1gua, afetando o abastecimento em diversas localidades. A Empresa Baiana de \u00c1guas e Saneamento (Embasa) emitiu um comunicado informando que suas equipes t\u00e9cnicas est\u00e3o trabalhando para repor os cabos roubados e restaurar os equipamentos danificados. A previs\u00e3o \u00e9 que os servi\u00e7os sejam conclu\u00eddos at\u00e9 a noite de quarta-feira (29), permitindo a retomada gradual da distribui\u00e7\u00e3o de \u00e1gua para a popula\u00e7\u00e3o. Enquanto o abastecimento n\u00e3o \u00e9 normalizado, a Embasa orienta que os moradores utilizem a \u00e1gua de forma econ\u00f4mica para evitar maiores transtornos. A Pol\u00edcia Civil iniciou uma investiga\u00e7\u00e3o para apurar as circunst\u00e2ncias do furto e identificar os respons\u00e1veis.<\/p>\n","protected":false},"author":2,"featured_media":1202,"comment_status":"open","ping_status":"open","sticky":false,"template":"","format":"standard","meta":{"footnotes":""},"categories":[4,3,62],"tags":[],"class_list":["post-1185","post","type-post","status-publish","format-standard","has-post-thumbnail","hentry","category-cidades","category-policia","category-rio-de-contas"],"yoast_head":"<!-- This site is optimized with the Yoast SEO plugin v26.5 - https:\/\/yoast.com\/wordpress\/plugins\/seo\/ -->\n<title>Cidade de Rio de Contas sem \u00e1gua ap\u00f3s furto de cabos el\u00e9tricos; Embasa trabalha para resolver - Sudoesteacontece<\/title>\n<meta name=\"robots\" content=\"index, follow, max-snippet:-1, max-image-preview:large, max-video-preview:-1\" \/>\n<link rel=\"canonical\" href=\"https:\/\/sudoesteacontece.com.br\/?p=1185\" \/>\n<meta property=\"og:locale\" content=\"pt_BR\" \/>\n<meta property=\"og:type\" content=\"article\" \/>\n<meta property=\"og:title\" content=\"Cidade de Rio de Contas sem \u00e1gua ap\u00f3s furto de cabos el\u00e9tricos; Embasa trabalha para resolver - Sudoesteacontece\" \/>\n<meta property=\"og:description\" content=\"O fornecimento de \u00e1gua em Rio de Contas, na Chapada Diamantina, foi interrompido na noite de segunda-feira (27) devido ao furto de cabos el\u00e9tricos na capta\u00e7\u00e3o de \u00e1gua da cidade. O crime deixou a popula\u00e7\u00e3o sem \u00e1gua, afetando o abastecimento em diversas localidades. A Empresa Baiana de \u00c1guas e Saneamento (Embasa) emitiu um comunicado informando que suas equipes t\u00e9cnicas est\u00e3o trabalhando para repor os cabos roubados e restaurar os equipamentos danificados. A previs\u00e3o \u00e9 que os servi\u00e7os sejam conclu\u00eddos at\u00e9 a noite de quarta-feira (29), permitindo a retomada gradual da distribui\u00e7\u00e3o de \u00e1gua para a popula\u00e7\u00e3o. Enquanto o abastecimento n\u00e3o \u00e9 normalizado, a Embasa orienta que os moradores utilizem a \u00e1gua de forma econ\u00f4mica para evitar maiores transtornos. A Pol\u00edcia Civil iniciou uma investiga\u00e7\u00e3o para apurar as circunst\u00e2ncias do furto e identificar os respons\u00e1veis.\" \/>\n<meta property=\"og:url\" content=\"https:\/\/sudoesteacontece.com.br\/?p=1185\" \/>\n<meta property=\"og:site_name\" content=\"Sudoesteacontece\" \/>\n<meta property=\"article:publisher\" content=\"https:\/\/www.facebook.com\/sudoesteacontece\/?locale=pt_BR\" \/>\n<meta property=\"article:published_time\" content=\"2025-10-28T21:10:32+00:00\" \/>\n<meta property=\"article:modified_time\" content=\"2025-10-28T21:10:33+00:00\" \/>\n<meta property=\"og:image\" content=\"https:\/\/sudoesteacontece.com.br\/wp-content\/uploads\/2025\/10\/Cidade-de-Rio-de-Contas-sem-agua-apos-furto-de-cabos-eletricos-Embasa-trabalha-para-resolver-sudoeste-acontece.webp\" \/>\n\t<meta property=\"og:image:width\" content=\"750\" \/>\n\t<meta property=\"og:image:height\" content=\"500\" \/>\n\t<meta property=\"og:image:type\" content=\"image\/webp\" \/>\n<meta name=\"author\" content=\"Washington Tiago\" \/>\n<meta name=\"twitter:card\" content=\"summary_large_image\" \/>\n<meta name=\"twitter:label1\" content=\"Escrito por\" \/>\n\t<meta name=\"twitter:data1\" content=\"Washington Tiago\" \/>\n\t<meta name=\"twitter:label2\" content=\"Est. tempo de leitura\" \/>\n\t<meta name=\"twitter:data2\" content=\"1 minuto\" \/>\n<script type=\"application\/ld+json\" class=\"yoast-schema-graph\">{\"@context\":\"https:\/\/schema.org\",\"@graph\":[{\"@type\":\"Article\",\"@id\":\"https:\/\/sudoesteacontece.com.br\/?p=1185#article\",\"isPartOf\":{\"@id\":\"https:\/\/sudoesteacontece.com.br\/?p=1185\"},\"author\":{\"name\":\"Washington Tiago\",\"@id\":\"https:\/\/sudoesteacontece.com.br\/#\/schema\/person\/3cf2cf009926a9683ebc29d5379fa79c\"},\"headline\":\"Cidade de Rio de Contas sem \u00e1gua ap\u00f3s furto de cabos el\u00e9tricos; Embasa trabalha para resolver\",\"datePublished\":\"2025-10-28T21:10:32+00:00\",\"dateModified\":\"2025-10-28T21:10:33+00:00\",\"mainEntityOfPage\":{\"@id\":\"https:\/\/sudoesteacontece.com.br\/?p=1185\"},\"wordCount\":164,\"commentCount\":0,\"publisher\":{\"@id\":\"https:\/\/sudoesteacontece.com.br\/#organization\"},\"image\":{\"@id\":\"https:\/\/sudoesteacontece.com.br\/?p=1185#primaryimage\"},\"thumbnailUrl\":\"https:\/\/sudoesteacontece.com.br\/wp-content\/uploads\/2025\/10\/Cidade-de-Rio-de-Contas-sem-agua-apos-furto-de-cabos-eletricos-Embasa-trabalha-para-resolver-sudoeste-acontece.webp\",\"articleSection\":[\"Cidades\",\"Pol\u00edcia\",\"Rio de Contas\"],\"inLanguage\":\"pt-BR\",\"potentialAction\":[{\"@type\":\"CommentAction\",\"name\":\"Comment\",\"target\":[\"https:\/\/sudoesteacontece.com.br\/?p=1185#respond\"]}]},{\"@type\":\"WebPage\",\"@id\":\"https:\/\/sudoesteacontece.com.br\/?p=1185\",\"url\":\"https:\/\/sudoesteacontece.com.br\/?p=1185\",\"name\":\"Cidade de Rio de Contas sem \u00e1gua ap\u00f3s furto de cabos el\u00e9tricos; Embasa trabalha para resolver - Sudoesteacontece\",\"isPartOf\":{\"@id\":\"https:\/\/sudoesteacontece.com.br\/#website\"},\"primaryImageOfPage\":{\"@id\":\"https:\/\/sudoesteacontece.com.br\/?p=1185#primaryimage\"},\"image\":{\"@id\":\"https:\/\/sudoesteacontece.com.br\/?p=1185#primaryimage\"},\"thumbnailUrl\":\"https:\/\/sudoesteacontece.com.br\/wp-content\/uploads\/2025\/10\/Cidade-de-Rio-de-Contas-sem-agua-apos-furto-de-cabos-eletricos-Embasa-trabalha-para-resolver-sudoeste-acontece.webp\",\"datePublished\":\"2025-10-28T21:10:32+00:00\",\"dateModified\":\"2025-10-28T21:10:33+00:00\",\"breadcrumb\":{\"@id\":\"https:\/\/sudoesteacontece.com.br\/?p=1185#breadcrumb\"},\"inLanguage\":\"pt-BR\",\"potentialAction\":[{\"@type\":\"ReadAction\",\"target\":[\"https:\/\/sudoesteacontece.com.br\/?p=1185\"]}]},{\"@type\":\"ImageObject\",\"inLanguage\":\"pt-BR\",\"@id\":\"https:\/\/sudoesteacontece.com.br\/?p=1185#primaryimage\",\"url\":\"https:\/\/sudoesteacontece.com.br\/wp-content\/uploads\/2025\/10\/Cidade-de-Rio-de-Contas-sem-agua-apos-furto-de-cabos-eletricos-Embasa-trabalha-para-resolver-sudoeste-acontece.webp\",\"contentUrl\":\"https:\/\/sudoesteacontece.com.br\/wp-content\/uploads\/2025\/10\/Cidade-de-Rio-de-Contas-sem-agua-apos-furto-de-cabos-eletricos-Embasa-trabalha-para-resolver-sudoeste-acontece.webp\",\"width\":750,\"height\":500},{\"@type\":\"BreadcrumbList\",\"@id\":\"https:\/\/sudoesteacontece.com.br\/?p=1185#breadcrumb\",\"itemListElement\":[{\"@type\":\"ListItem\",\"position\":1,\"name\":\"In\u00edcio\",\"item\":\"https:\/\/sudoesteacontece.com.br\/\"},{\"@type\":\"ListItem\",\"position\":2,\"name\":\"Cidade de Rio de Contas sem \u00e1gua ap\u00f3s furto de cabos el\u00e9tricos; Embasa trabalha para resolver\"}]},{\"@type\":\"WebSite\",\"@id\":\"https:\/\/sudoesteacontece.com.br\/#website\",\"url\":\"https:\/\/sudoesteacontece.com.br\/\",\"name\":\"Sudoesteacontece\",\"description\":\"\",\"publisher\":{\"@id\":\"https:\/\/sudoesteacontece.com.br\/#organization\"},\"potentialAction\":[{\"@type\":\"SearchAction\",\"target\":{\"@type\":\"EntryPoint\",\"urlTemplate\":\"https:\/\/sudoesteacontece.com.br\/?s={search_term_string}\"},\"query-input\":{\"@type\":\"PropertyValueSpecification\",\"valueRequired\":true,\"valueName\":\"search_term_string\"}}],\"inLanguage\":\"pt-BR\"},{\"@type\":\"Organization\",\"@id\":\"https:\/\/sudoesteacontece.com.br\/#organization\",\"name\":\"Sudoesteacontece\",\"url\":\"https:\/\/sudoesteacontece.com.br\/\",\"logo\":{\"@type\":\"ImageObject\",\"inLanguage\":\"pt-BR\",\"@id\":\"https:\/\/sudoesteacontece.com.br\/#\/schema\/logo\/image\/\",\"url\":\"https:\/\/sudoesteacontece.com.br\/wp-content\/uploads\/2025\/12\/cropped-logo-2-180x180-1.png\",\"contentUrl\":\"https:\/\/sudoesteacontece.com.br\/wp-content\/uploads\/2025\/12\/cropped-logo-2-180x180-1.png\",\"width\":180,\"height\":180,\"caption\":\"Sudoesteacontece\"},\"image\":{\"@id\":\"https:\/\/sudoesteacontece.com.br\/#\/schema\/logo\/image\/\"},\"sameAs\":[\"https:\/\/www.facebook.com\/sudoesteacontece\/?locale=pt_BR\"]},{\"@type\":\"Person\",\"@id\":\"https:\/\/sudoesteacontece.com.br\/#\/schema\/person\/3cf2cf009926a9683ebc29d5379fa79c\",\"name\":\"Washington Tiago\",\"image\":{\"@type\":\"ImageObject\",\"inLanguage\":\"pt-BR\",\"@id\":\"https:\/\/sudoesteacontece.com.br\/#\/schema\/person\/image\/\",\"url\":\"https:\/\/secure.gravatar.com\/avatar\/33c43b8668157e040f9d1fe93c354bf087cbd8ba36270c1163198bd3ddcf2a56?s=96&d=mm&r=g\",\"contentUrl\":\"https:\/\/secure.gravatar.com\/avatar\/33c43b8668157e040f9d1fe93c354bf087cbd8ba36270c1163198bd3ddcf2a56?s=96&d=mm&r=g\",\"caption\":\"Washington Tiago\"},\"url\":\"https:\/\/sudoesteacontece.com.br\/?author=2\"}]}<\/script>\n<!-- \/ Yoast SEO plugin. -->","yoast_head_json":{"title":"Cidade de Rio de Contas sem \u00e1gua ap\u00f3s furto de cabos el\u00e9tricos; Embasa trabalha para resolver - Sudoesteacontece","robots":{"index":"index","follow":"follow","max-snippet":"max-snippet:-1","max-image-preview":"max-image-preview:large","max-video-preview":"max-video-preview:-1"},"canonical":"https:\/\/sudoesteacontece.com.br\/?p=1185","og_locale":"pt_BR","og_type":"article","og_title":"Cidade de Rio de Contas sem \u00e1gua ap\u00f3s furto de cabos el\u00e9tricos; Embasa trabalha para resolver - Sudoesteacontece","og_description":"O fornecimento de \u00e1gua em Rio de Contas, na Chapada Diamantina, foi interrompido na noite de segunda-feira (27) devido ao furto de cabos el\u00e9tricos na capta\u00e7\u00e3o de \u00e1gua da cidade. O crime deixou a popula\u00e7\u00e3o sem \u00e1gua, afetando o abastecimento em diversas localidades. A Empresa Baiana de \u00c1guas e Saneamento (Embasa) emitiu um comunicado informando que suas equipes t\u00e9cnicas est\u00e3o trabalhando para repor os cabos roubados e restaurar os equipamentos danificados. A previs\u00e3o \u00e9 que os servi\u00e7os sejam conclu\u00eddos at\u00e9 a noite de quarta-feira (29), permitindo a retomada gradual da distribui\u00e7\u00e3o de \u00e1gua para a popula\u00e7\u00e3o. Enquanto o abastecimento n\u00e3o \u00e9 normalizado, a Embasa orienta que os moradores utilizem a \u00e1gua de forma econ\u00f4mica para evitar maiores transtornos. A Pol\u00edcia Civil iniciou uma investiga\u00e7\u00e3o para apurar as circunst\u00e2ncias do furto e identificar os respons\u00e1veis.","og_url":"https:\/\/sudoesteacontece.com.br\/?p=1185","og_site_name":"Sudoesteacontece","article_publisher":"https:\/\/www.facebook.com\/sudoesteacontece\/?locale=pt_BR","article_published_time":"2025-10-28T21:10:32+00:00","article_modified_time":"2025-10-28T21:10:33+00:00","og_image":[{"width":750,"height":500,"url":"https:\/\/sudoesteacontece.com.br\/wp-content\/uploads\/2025\/10\/Cidade-de-Rio-de-Contas-sem-agua-apos-furto-de-cabos-eletricos-Embasa-trabalha-para-resolver-sudoeste-acontece.webp","type":"image\/webp"}],"author":"Washington Tiago","twitter_card":"summary_large_image","twitter_misc":{"Escrito por":"Washington Tiago","Est. tempo de leitura":"1 minuto"},"schema":{"@context":"https:\/\/schema.org","@graph":[{"@type":"Article","@id":"https:\/\/sudoesteacontece.com.br\/?p=1185#article","isPartOf":{"@id":"https:\/\/sudoesteacontece.com.br\/?p=1185"},"author":{"name":"Washington Tiago","@id":"https:\/\/sudoesteacontece.com.br\/#\/schema\/person\/3cf2cf009926a9683ebc29d5379fa79c"},"headline":"Cidade de Rio de Contas sem \u00e1gua ap\u00f3s furto de cabos el\u00e9tricos; Embasa trabalha para resolver","datePublished":"2025-10-28T21:10:32+00:00","dateModified":"2025-10-28T21:10:33+00:00","mainEntityOfPage":{"@id":"https:\/\/sudoesteacontece.com.br\/?p=1185"},"wordCount":164,"commentCount":0,"publisher":{"@id":"https:\/\/sudoesteacontece.com.br\/#organization"},"image":{"@id":"https:\/\/sudoesteacontece.com.br\/?p=1185#primaryimage"},"thumbnailUrl":"https:\/\/sudoesteacontece.com.br\/wp-content\/uploads\/2025\/10\/Cidade-de-Rio-de-Contas-sem-agua-apos-furto-de-cabos-eletricos-Embasa-trabalha-para-resolver-sudoeste-acontece.webp","articleSection":["Cidades","Pol\u00edcia","Rio de Contas"],"inLanguage":"pt-BR","potentialAction":[{"@type":"CommentAction","name":"Comment","target":["https:\/\/sudoesteacontece.com.br\/?p=1185#respond"]}]},{"@type":"WebPage","@id":"https:\/\/sudoesteacontece.com.br\/?p=1185","url":"https:\/\/sudoesteacontece.com.br\/?p=1185","name":"Cidade de Rio de Contas sem \u00e1gua ap\u00f3s furto de cabos el\u00e9tricos; Embasa trabalha para resolver - Sudoesteacontece","isPartOf":{"@id":"https:\/\/sudoesteacontece.com.br\/#website"},"primaryImageOfPage":{"@id":"https:\/\/sudoesteacontece.com.br\/?p=1185#primaryimage"},"image":{"@id":"https:\/\/sudoesteacontece.com.br\/?p=1185#primaryimage"},"thumbnailUrl":"https:\/\/sudoesteacontece.com.br\/wp-content\/uploads\/2025\/10\/Cidade-de-Rio-de-Contas-sem-agua-apos-furto-de-cabos-eletricos-Embasa-trabalha-para-resolver-sudoeste-acontece.webp","datePublished":"2025-10-28T21:10:32+00:00","dateModified":"2025-10-28T21:10:33+00:00","breadcrumb":{"@id":"https:\/\/sudoesteacontece.com.br\/?p=1185#breadcrumb"},"inLanguage":"pt-BR","potentialAction":[{"@type":"ReadAction","target":["https:\/\/sudoesteacontece.com.br\/?p=1185"]}]},{"@type":"ImageObject","inLanguage":"pt-BR","@id":"https:\/\/sudoesteacontece.com.br\/?p=1185#primaryimage","url":"https:\/\/sudoesteacontece.com.br\/wp-content\/uploads\/2025\/10\/Cidade-de-Rio-de-Contas-sem-agua-apos-furto-de-cabos-eletricos-Embasa-trabalha-para-resolver-sudoeste-acontece.webp","contentUrl":"https:\/\/sudoesteacontece.com.br\/wp-content\/uploads\/2025\/10\/Cidade-de-Rio-de-Contas-sem-agua-apos-furto-de-cabos-eletricos-Embasa-trabalha-para-resolver-sudoeste-acontece.webp","width":750,"height":500},{"@type":"BreadcrumbList","@id":"https:\/\/sudoesteacontece.com.br\/?p=1185#breadcrumb","itemListElement":[{"@type":"ListItem","position":1,"name":"In\u00edcio","item":"https:\/\/sudoesteacontece.com.br\/"},{"@type":"ListItem","position":2,"name":"Cidade de Rio de Contas sem \u00e1gua ap\u00f3s furto de cabos el\u00e9tricos; Embasa trabalha para resolver"}]},{"@type":"WebSite","@id":"https:\/\/sudoesteacontece.com.br\/#website","url":"https:\/\/sudoesteacontece.com.br\/","name":"Sudoesteacontece","description":"","publisher":{"@id":"https:\/\/sudoesteacontece.com.br\/#organization"},"potentialAction":[{"@type":"SearchAction","target":{"@type":"EntryPoint","urlTemplate":"https:\/\/sudoesteacontece.com.br\/?s={search_term_string}"},"query-input":{"@type":"PropertyValueSpecification","valueRequired":true,"valueName":"search_term_string"}}],"inLanguage":"pt-BR"},{"@type":"Organization","@id":"https:\/\/sudoesteacontece.com.br\/#organization","name":"Sudoesteacontece","url":"https:\/\/sudoesteacontece.com.br\/","logo":{"@type":"ImageObject","inLanguage":"pt-BR","@id":"https:\/\/sudoesteacontece.com.br\/#\/schema\/logo\/image\/","url":"https:\/\/sudoesteacontece.com.br\/wp-content\/uploads\/2025\/12\/cropped-logo-2-180x180-1.png","contentUrl":"https:\/\/sudoesteacontece.com.br\/wp-content\/uploads\/2025\/12\/cropped-logo-2-180x180-1.png","width":180,"height":180,"caption":"Sudoesteacontece"},"image":{"@id":"https:\/\/sudoesteacontece.com.br\/#\/schema\/logo\/image\/"},"sameAs":["https:\/\/www.facebook.com\/sudoesteacontece\/?locale=pt_BR"]},{"@type":"Person","@id":"https:\/\/sudoesteacontece.com.br\/#\/schema\/person\/3cf2cf009926a9683ebc29d5379fa79c","name":"Washington Tiago","image":{"@type":"ImageObject","inLanguage":"pt-BR","@id":"https:\/\/sudoesteacontece.com.br\/#\/schema\/person\/image\/","url":"https:\/\/secure.gravatar.com\/avatar\/33c43b8668157e040f9d1fe93c354bf087cbd8ba36270c1163198bd3ddcf2a56?s=96&d=mm&r=g","contentUrl":"https:\/\/secure.gravatar.com\/avatar\/33c43b8668157e040f9d1fe93c354bf087cbd8ba36270c1163198bd3ddcf2a56?s=96&d=mm&r=g","caption":"Washington Tiago"},"url":"https:\/\/sudoesteacontece.com.br\/?author=2"}]}},"_links":{"self":[{"href":"https:\/\/sudoesteacontece.com.br\/index.php?rest_route=\/wp\/v2\/posts\/1185","targetHints":{"allow":["GET"]}}],"collection":[{"href":"https:\/\/sudoesteacontece.com.br\/index.php?rest_route=\/wp\/v2\/posts"}],"about":[{"href":"https:\/\/sudoesteacontece.com.br\/index.php?rest_route=\/wp\/v2\/types\/post"}],"author":[{"embeddable":true,"href":"https:\/\/sudoesteacontece.com.br\/index.php?rest_route=\/wp\/v2\/users\/2"}],"replies":[{"embeddable":true,"href":"https:\/\/sudoesteacontece.com.br\/index.php?rest_route=%2Fwp%2Fv2%2Fcomments&post=1185"}],"version-history":[{"count":0,"href":"https:\/\/sudoesteacontece.com.br\/index.php?rest_route=\/wp\/v2\/posts\/1185\/revisions"}],"wp:featuredmedia":[{"embeddable":true,"href":"https:\/\/sudoesteacontece.com.br\/index.php?rest_route=\/wp\/v2\/media\/1202"}],"wp:attachment":[{"href":"https:\/\/sudoesteacontece.com.br\/index.php?rest_route=%2Fwp%2Fv2%2Fmedia&parent=1185"}],"wp:term":[{"taxonomy":"category","embeddable":true,"href":"https:\/\/sudoesteacontece.com.br\/index.php?rest_route=%2Fwp%2Fv2%2Fcategories&post=1185"},{"taxonomy":"post_tag","embeddable":true,"href":"https:\/\/sudoesteacontece.com.br\/index.php?rest_route=%2Fwp%2Fv2%2Ftags&post=1185"}],"curies":[{"name":"wp","href":"https:\/\/api.w.org\/{rel}","templated":true}]}}