{"id":1187,"date":"2025-10-28T17:38:39","date_gmt":"2025-10-28T20:38:39","guid":{"rendered":"https:\/\/sudoesteacontece.com.br\/?p=1187"},"modified":"2025-10-28T17:38:41","modified_gmt":"2025-10-28T20:38:41","slug":"fabricio-abrantes-parabeniza-servidores-de-brumado-e-destaca-a-importancia-do-trabalho-publico-para-a-cidade","status":"publish","type":"post","link":"https:\/\/sudoesteacontece.com.br\/?p=1187","title":{"rendered":"Fabr\u00edcio Abrantes parabeniza servidores de Brumado e destaca a import\u00e2ncia do trabalho p\u00fablico para a cidade"},"content":{"rendered":"<div class=\"wp-block-image\">\n<figure class=\"aligncenter size-full\"><img fetchpriority=\"high\" decoding=\"async\" width=\"1000\" height=\"864\" src=\"http:\/\/sudoesteacontece.com.br\/wp-content\/uploads\/2025\/10\/Fabricio-Abrantes-parabeniza-servidores-de-Brumado-e-destaca-a-importancia-do-trabalho-publico-para-a-cidade-sudoester-acontece.webp\" alt=\"\" class=\"wp-image-1189\" srcset=\"https:\/\/sudoesteacontece.com.br\/wp-content\/uploads\/2025\/10\/Fabricio-Abrantes-parabeniza-servidores-de-Brumado-e-destaca-a-importancia-do-trabalho-publico-para-a-cidade-sudoester-acontece.webp 1000w, https:\/\/sudoesteacontece.com.br\/wp-content\/uploads\/2025\/10\/Fabricio-Abrantes-parabeniza-servidores-de-Brumado-e-destaca-a-importancia-do-trabalho-publico-para-a-cidade-sudoester-acontece-300x259.webp 300w, https:\/\/sudoesteacontece.com.br\/wp-content\/uploads\/2025\/10\/Fabricio-Abrantes-parabeniza-servidores-de-Brumado-e-destaca-a-importancia-do-trabalho-publico-para-a-cidade-sudoester-acontece-768x664.webp 768w\" sizes=\"(max-width: 1000px) 100vw, 1000px\" \/><\/figure>\n<\/div>\n\n\n<p>Em um gesto de reconhecimento e gratid\u00e3o, o prefeito de Brumado, Fabr\u00edcio Abrantes (Avante), homenageou os servidores p\u00fablicos da cidade em comemora\u00e7\u00e3o ao Dia do Servidor P\u00fablico, celebrado nesta ter\u00e7a-feira (28). Em um comunicado especial, o prefeito destacou o papel fundamental dos profissionais no desenvolvimento da cidade e na melhoria da qualidade de vida da popula\u00e7\u00e3o.<\/p>\n\n\n\n<p>&#8220;Hoje \u00e9 dia de celebrar quem faz a diferen\u00e7a todos os dias! Com dedica\u00e7\u00e3o, compromisso e amor pelo que fazem, os servidores p\u00fablicos de Brumado contribuem para construir uma cidade cada vez melhor para todos&#8221;, afirmou o prefeito.<\/p>\n\n\n\n<p>Fabr\u00edcio Abrantes ressaltou que o trabalho dos servidores vai al\u00e9m das fun\u00e7\u00f5es administrativas, estendendo-se \u00e0queles que atuam diretamente nas \u00e1reas essenciais para o bem-estar da popula\u00e7\u00e3o, como Sa\u00fade, Educa\u00e7\u00e3o, Esporte, Cultura, Infraestrutura e Manuten\u00e7\u00e3o Urbana. Ele enfatizou que essas \u00e1reas s\u00e3o fundamentais para garantir a qualidade dos servi\u00e7os prestados \u00e0 comunidade e o bom funcionamento do munic\u00edpio.<\/p>\n\n\n\n<p>&#8220;Cada servidor p\u00fablico tem um papel essencial na transforma\u00e7\u00e3o de Brumado em um lugar melhor. S\u00e3o voc\u00eas que, com dedica\u00e7\u00e3o e compromisso, fazem com que todos os processos funcionem de maneira eficiente, garantindo que os servi\u00e7os cheguem a quem mais precisa&#8221;, declarou Fabr\u00edcio. O prefeito tamb\u00e9m fez quest\u00e3o de agradecer pela coragem, esfor\u00e7o e empenho com que os servidores enfrentam os desafios do dia a dia, especialmente em tempos dif\u00edceis, como a pandemia, que exigiu um esfor\u00e7o extra de todos.<\/p>\n\n\n\n<p>Al\u00e9m disso, o prefeito aproveitou a oportunidade para refor\u00e7ar a import\u00e2ncia da valoriza\u00e7\u00e3o do servidor p\u00fablico e o compromisso da administra\u00e7\u00e3o municipal em trabalhar para garantir melhores condi\u00e7\u00f5es de trabalho e incentivar o reconhecimento constante do esfor\u00e7o desses profissionais.<\/p>\n\n\n\n<p>&#8220;Deixo aqui meu sincero agradecimento e parab\u00e9ns a todos os servidores p\u00fablicos de Brumado. Voc\u00eas s\u00e3o a alma da cidade, e \u00e9 atrav\u00e9s do trabalho de cada um de voc\u00eas que conseguimos seguir em frente, enfrentando desafios e avan\u00e7ando em dire\u00e7\u00e3o a um futuro cada vez mais promissor para todos&#8221;, concluiu Fabr\u00edcio Abrantes.<\/p>\n","protected":false},"excerpt":{"rendered":"<p>Em um gesto de reconhecimento e gratid\u00e3o, o prefeito de Brumado, Fabr\u00edcio Abrantes (Avante), homenageou os servidores p\u00fablicos da cidade em comemora\u00e7\u00e3o ao Dia do Servidor P\u00fablico, celebrado nesta ter\u00e7a-feira (28). Em um comunicado especial, o prefeito destacou o papel fundamental dos profissionais no desenvolvimento da cidade e na melhoria da qualidade de vida da popula\u00e7\u00e3o. &#8220;Hoje \u00e9 dia de celebrar quem faz a diferen\u00e7a todos os dias! Com dedica\u00e7\u00e3o, compromisso e amor pelo que fazem, os servidores p\u00fablicos de Brumado contribuem para construir uma cidade cada vez melhor para todos&#8221;, afirmou o prefeito. Fabr\u00edcio Abrantes ressaltou que o trabalho dos servidores vai al\u00e9m das fun\u00e7\u00f5es administrativas, estendendo-se \u00e0queles que atuam diretamente nas \u00e1reas essenciais para o bem-estar da popula\u00e7\u00e3o, como Sa\u00fade, Educa\u00e7\u00e3o, Esporte, Cultura, Infraestrutura e Manuten\u00e7\u00e3o Urbana. Ele enfatizou que essas \u00e1reas s\u00e3o fundamentais para garantir a qualidade dos servi\u00e7os prestados \u00e0 comunidade e o bom funcionamento do munic\u00edpio. &#8220;Cada servidor p\u00fablico tem um papel essencial na transforma\u00e7\u00e3o de Brumado em um lugar melhor. S\u00e3o voc\u00eas que, com dedica\u00e7\u00e3o e compromisso, fazem com que todos os processos funcionem de maneira eficiente, garantindo que os servi\u00e7os cheguem a quem mais precisa&#8221;, declarou Fabr\u00edcio. O prefeito tamb\u00e9m fez quest\u00e3o de agradecer pela coragem, esfor\u00e7o e empenho com que os servidores enfrentam os desafios do dia a dia, especialmente em tempos dif\u00edceis, como a pandemia, que exigiu um esfor\u00e7o extra de todos. Al\u00e9m disso, o prefeito aproveitou a oportunidade para refor\u00e7ar a import\u00e2ncia da valoriza\u00e7\u00e3o do servidor p\u00fablico e o compromisso da administra\u00e7\u00e3o municipal em trabalhar para garantir melhores condi\u00e7\u00f5es de trabalho e incentivar o reconhecimento constante do esfor\u00e7o desses profissionais. &#8220;Deixo aqui meu sincero agradecimento e parab\u00e9ns a todos os servidores p\u00fablicos de Brumado. Voc\u00eas s\u00e3o a alma da cidade, e \u00e9 atrav\u00e9s do trabalho de cada um de voc\u00eas que conseguimos seguir em frente, enfrentando desafios e avan\u00e7ando em dire\u00e7\u00e3o a um futuro cada vez mais promissor para todos&#8221;, concluiu Fabr\u00edcio Abrantes.<\/p>\n","protected":false},"author":2,"featured_media":1189,"comment_status":"open","ping_status":"open","sticky":false,"template":"","format":"standard","meta":{"footnotes":""},"categories":[10,6],"tags":[],"class_list":["post-1187","post","type-post","status-publish","format-standard","has-post-thumbnail","hentry","category-brumado","category-politica"],"yoast_head":"<!-- This site is optimized with the Yoast SEO plugin v26.5 - https:\/\/yoast.com\/wordpress\/plugins\/seo\/ -->\n<title>Fabr\u00edcio Abrantes parabeniza servidores de Brumado e destaca a import\u00e2ncia do trabalho p\u00fablico para a cidade - Sudoesteacontece<\/title>\n<meta name=\"robots\" content=\"index, follow, max-snippet:-1, max-image-preview:large, max-video-preview:-1\" \/>\n<link rel=\"canonical\" href=\"https:\/\/sudoesteacontece.com.br\/?p=1187\" \/>\n<meta property=\"og:locale\" content=\"pt_BR\" \/>\n<meta property=\"og:type\" content=\"article\" \/>\n<meta property=\"og:title\" content=\"Fabr\u00edcio Abrantes parabeniza servidores de Brumado e destaca a import\u00e2ncia do trabalho p\u00fablico para a cidade - Sudoesteacontece\" \/>\n<meta property=\"og:description\" content=\"Em um gesto de reconhecimento e gratid\u00e3o, o prefeito de Brumado, Fabr\u00edcio Abrantes (Avante), homenageou os servidores p\u00fablicos da cidade em comemora\u00e7\u00e3o ao Dia do Servidor P\u00fablico, celebrado nesta ter\u00e7a-feira (28). Em um comunicado especial, o prefeito destacou o papel fundamental dos profissionais no desenvolvimento da cidade e na melhoria da qualidade de vida da popula\u00e7\u00e3o. &#8220;Hoje \u00e9 dia de celebrar quem faz a diferen\u00e7a todos os dias! Com dedica\u00e7\u00e3o, compromisso e amor pelo que fazem, os servidores p\u00fablicos de Brumado contribuem para construir uma cidade cada vez melhor para todos&#8221;, afirmou o prefeito. Fabr\u00edcio Abrantes ressaltou que o trabalho dos servidores vai al\u00e9m das fun\u00e7\u00f5es administrativas, estendendo-se \u00e0queles que atuam diretamente nas \u00e1reas essenciais para o bem-estar da popula\u00e7\u00e3o, como Sa\u00fade, Educa\u00e7\u00e3o, Esporte, Cultura, Infraestrutura e Manuten\u00e7\u00e3o Urbana. Ele enfatizou que essas \u00e1reas s\u00e3o fundamentais para garantir a qualidade dos servi\u00e7os prestados \u00e0 comunidade e o bom funcionamento do munic\u00edpio. &#8220;Cada servidor p\u00fablico tem um papel essencial na transforma\u00e7\u00e3o de Brumado em um lugar melhor. S\u00e3o voc\u00eas que, com dedica\u00e7\u00e3o e compromisso, fazem com que todos os processos funcionem de maneira eficiente, garantindo que os servi\u00e7os cheguem a quem mais precisa&#8221;, declarou Fabr\u00edcio. O prefeito tamb\u00e9m fez quest\u00e3o de agradecer pela coragem, esfor\u00e7o e empenho com que os servidores enfrentam os desafios do dia a dia, especialmente em tempos dif\u00edceis, como a pandemia, que exigiu um esfor\u00e7o extra de todos. Al\u00e9m disso, o prefeito aproveitou a oportunidade para refor\u00e7ar a import\u00e2ncia da valoriza\u00e7\u00e3o do servidor p\u00fablico e o compromisso da administra\u00e7\u00e3o municipal em trabalhar para garantir melhores condi\u00e7\u00f5es de trabalho e incentivar o reconhecimento constante do esfor\u00e7o desses profissionais. &#8220;Deixo aqui meu sincero agradecimento e parab\u00e9ns a todos os servidores p\u00fablicos de Brumado. Voc\u00eas s\u00e3o a alma da cidade, e \u00e9 atrav\u00e9s do trabalho de cada um de voc\u00eas que conseguimos seguir em frente, enfrentando desafios e avan\u00e7ando em dire\u00e7\u00e3o a um futuro cada vez mais promissor para todos&#8221;, concluiu Fabr\u00edcio Abrantes.\" \/>\n<meta property=\"og:url\" content=\"https:\/\/sudoesteacontece.com.br\/?p=1187\" \/>\n<meta property=\"og:site_name\" content=\"Sudoesteacontece\" \/>\n<meta property=\"article:publisher\" content=\"https:\/\/www.facebook.com\/sudoesteacontece\/?locale=pt_BR\" \/>\n<meta property=\"article:published_time\" content=\"2025-10-28T20:38:39+00:00\" \/>\n<meta property=\"article:modified_time\" content=\"2025-10-28T20:38:41+00:00\" \/>\n<meta property=\"og:image\" content=\"https:\/\/sudoesteacontece.com.br\/wp-content\/uploads\/2025\/10\/Fabricio-Abrantes-parabeniza-servidores-de-Brumado-e-destaca-a-importancia-do-trabalho-publico-para-a-cidade-sudoester-acontece.webp\" \/>\n\t<meta property=\"og:image:width\" content=\"1000\" \/>\n\t<meta property=\"og:image:height\" content=\"864\" \/>\n\t<meta property=\"og:image:type\" content=\"image\/webp\" \/>\n<meta name=\"author\" content=\"Washington Tiago\" \/>\n<meta name=\"twitter:card\" content=\"summary_large_image\" \/>\n<meta name=\"twitter:label1\" content=\"Escrito por\" \/>\n\t<meta name=\"twitter:data1\" content=\"Washington Tiago\" \/>\n\t<meta name=\"twitter:label2\" content=\"Est. tempo de leitura\" \/>\n\t<meta name=\"twitter:data2\" content=\"2 minutos\" \/>\n<script type=\"application\/ld+json\" class=\"yoast-schema-graph\">{\"@context\":\"https:\/\/schema.org\",\"@graph\":[{\"@type\":\"Article\",\"@id\":\"https:\/\/sudoesteacontece.com.br\/?p=1187#article\",\"isPartOf\":{\"@id\":\"https:\/\/sudoesteacontece.com.br\/?p=1187\"},\"author\":{\"name\":\"Washington Tiago\",\"@id\":\"https:\/\/sudoesteacontece.com.br\/#\/schema\/person\/3cf2cf009926a9683ebc29d5379fa79c\"},\"headline\":\"Fabr\u00edcio Abrantes parabeniza servidores de Brumado e destaca a import\u00e2ncia do trabalho p\u00fablico para a cidade\",\"datePublished\":\"2025-10-28T20:38:39+00:00\",\"dateModified\":\"2025-10-28T20:38:41+00:00\",\"mainEntityOfPage\":{\"@id\":\"https:\/\/sudoesteacontece.com.br\/?p=1187\"},\"wordCount\":387,\"commentCount\":0,\"publisher\":{\"@id\":\"https:\/\/sudoesteacontece.com.br\/#organization\"},\"image\":{\"@id\":\"https:\/\/sudoesteacontece.com.br\/?p=1187#primaryimage\"},\"thumbnailUrl\":\"https:\/\/sudoesteacontece.com.br\/wp-content\/uploads\/2025\/10\/Fabricio-Abrantes-parabeniza-servidores-de-Brumado-e-destaca-a-importancia-do-trabalho-publico-para-a-cidade-sudoester-acontece.webp\",\"articleSection\":[\"Brumado\",\"Pol\u00edtica\"],\"inLanguage\":\"pt-BR\",\"potentialAction\":[{\"@type\":\"CommentAction\",\"name\":\"Comment\",\"target\":[\"https:\/\/sudoesteacontece.com.br\/?p=1187#respond\"]}]},{\"@type\":\"WebPage\",\"@id\":\"https:\/\/sudoesteacontece.com.br\/?p=1187\",\"url\":\"https:\/\/sudoesteacontece.com.br\/?p=1187\",\"name\":\"Fabr\u00edcio Abrantes parabeniza servidores de Brumado e destaca a import\u00e2ncia do trabalho p\u00fablico para a cidade - Sudoesteacontece\",\"isPartOf\":{\"@id\":\"https:\/\/sudoesteacontece.com.br\/#website\"},\"primaryImageOfPage\":{\"@id\":\"https:\/\/sudoesteacontece.com.br\/?p=1187#primaryimage\"},\"image\":{\"@id\":\"https:\/\/sudoesteacontece.com.br\/?p=1187#primaryimage\"},\"thumbnailUrl\":\"https:\/\/sudoesteacontece.com.br\/wp-content\/uploads\/2025\/10\/Fabricio-Abrantes-parabeniza-servidores-de-Brumado-e-destaca-a-importancia-do-trabalho-publico-para-a-cidade-sudoester-acontece.webp\",\"datePublished\":\"2025-10-28T20:38:39+00:00\",\"dateModified\":\"2025-10-28T20:38:41+00:00\",\"breadcrumb\":{\"@id\":\"https:\/\/sudoesteacontece.com.br\/?p=1187#breadcrumb\"},\"inLanguage\":\"pt-BR\",\"potentialAction\":[{\"@type\":\"ReadAction\",\"target\":[\"https:\/\/sudoesteacontece.com.br\/?p=1187\"]}]},{\"@type\":\"ImageObject\",\"inLanguage\":\"pt-BR\",\"@id\":\"https:\/\/sudoesteacontece.com.br\/?p=1187#primaryimage\",\"url\":\"https:\/\/sudoesteacontece.com.br\/wp-content\/uploads\/2025\/10\/Fabricio-Abrantes-parabeniza-servidores-de-Brumado-e-destaca-a-importancia-do-trabalho-publico-para-a-cidade-sudoester-acontece.webp\",\"contentUrl\":\"https:\/\/sudoesteacontece.com.br\/wp-content\/uploads\/2025\/10\/Fabricio-Abrantes-parabeniza-servidores-de-Brumado-e-destaca-a-importancia-do-trabalho-publico-para-a-cidade-sudoester-acontece.webp\",\"width\":1000,\"height\":864},{\"@type\":\"BreadcrumbList\",\"@id\":\"https:\/\/sudoesteacontece.com.br\/?p=1187#breadcrumb\",\"itemListElement\":[{\"@type\":\"ListItem\",\"position\":1,\"name\":\"In\u00edcio\",\"item\":\"https:\/\/sudoesteacontece.com.br\/\"},{\"@type\":\"ListItem\",\"position\":2,\"name\":\"Fabr\u00edcio Abrantes parabeniza servidores de Brumado e destaca a import\u00e2ncia do trabalho p\u00fablico para a cidade\"}]},{\"@type\":\"WebSite\",\"@id\":\"https:\/\/sudoesteacontece.com.br\/#website\",\"url\":\"https:\/\/sudoesteacontece.com.br\/\",\"name\":\"Sudoesteacontece\",\"description\":\"\",\"publisher\":{\"@id\":\"https:\/\/sudoesteacontece.com.br\/#organization\"},\"potentialAction\":[{\"@type\":\"SearchAction\",\"target\":{\"@type\":\"EntryPoint\",\"urlTemplate\":\"https:\/\/sudoesteacontece.com.br\/?s={search_term_string}\"},\"query-input\":{\"@type\":\"PropertyValueSpecification\",\"valueRequired\":true,\"valueName\":\"search_term_string\"}}],\"inLanguage\":\"pt-BR\"},{\"@type\":\"Organization\",\"@id\":\"https:\/\/sudoesteacontece.com.br\/#organization\",\"name\":\"Sudoesteacontece\",\"url\":\"https:\/\/sudoesteacontece.com.br\/\",\"logo\":{\"@type\":\"ImageObject\",\"inLanguage\":\"pt-BR\",\"@id\":\"https:\/\/sudoesteacontece.com.br\/#\/schema\/logo\/image\/\",\"url\":\"https:\/\/sudoesteacontece.com.br\/wp-content\/uploads\/2025\/12\/cropped-logo-2-180x180-1.png\",\"contentUrl\":\"https:\/\/sudoesteacontece.com.br\/wp-content\/uploads\/2025\/12\/cropped-logo-2-180x180-1.png\",\"width\":180,\"height\":180,\"caption\":\"Sudoesteacontece\"},\"image\":{\"@id\":\"https:\/\/sudoesteacontece.com.br\/#\/schema\/logo\/image\/\"},\"sameAs\":[\"https:\/\/www.facebook.com\/sudoesteacontece\/?locale=pt_BR\"]},{\"@type\":\"Person\",\"@id\":\"https:\/\/sudoesteacontece.com.br\/#\/schema\/person\/3cf2cf009926a9683ebc29d5379fa79c\",\"name\":\"Washington Tiago\",\"image\":{\"@type\":\"ImageObject\",\"inLanguage\":\"pt-BR\",\"@id\":\"https:\/\/sudoesteacontece.com.br\/#\/schema\/person\/image\/\",\"url\":\"https:\/\/secure.gravatar.com\/avatar\/33c43b8668157e040f9d1fe93c354bf087cbd8ba36270c1163198bd3ddcf2a56?s=96&d=mm&r=g\",\"contentUrl\":\"https:\/\/secure.gravatar.com\/avatar\/33c43b8668157e040f9d1fe93c354bf087cbd8ba36270c1163198bd3ddcf2a56?s=96&d=mm&r=g\",\"caption\":\"Washington Tiago\"},\"url\":\"https:\/\/sudoesteacontece.com.br\/?author=2\"}]}<\/script>\n<!-- \/ Yoast SEO plugin. -->","yoast_head_json":{"title":"Fabr\u00edcio Abrantes parabeniza servidores de Brumado e destaca a import\u00e2ncia do trabalho p\u00fablico para a cidade - Sudoesteacontece","robots":{"index":"index","follow":"follow","max-snippet":"max-snippet:-1","max-image-preview":"max-image-preview:large","max-video-preview":"max-video-preview:-1"},"canonical":"https:\/\/sudoesteacontece.com.br\/?p=1187","og_locale":"pt_BR","og_type":"article","og_title":"Fabr\u00edcio Abrantes parabeniza servidores de Brumado e destaca a import\u00e2ncia do trabalho p\u00fablico para a cidade - Sudoesteacontece","og_description":"Em um gesto de reconhecimento e gratid\u00e3o, o prefeito de Brumado, Fabr\u00edcio Abrantes (Avante), homenageou os servidores p\u00fablicos da cidade em comemora\u00e7\u00e3o ao Dia do Servidor P\u00fablico, celebrado nesta ter\u00e7a-feira (28). Em um comunicado especial, o prefeito destacou o papel fundamental dos profissionais no desenvolvimento da cidade e na melhoria da qualidade de vida da popula\u00e7\u00e3o. &#8220;Hoje \u00e9 dia de celebrar quem faz a diferen\u00e7a todos os dias! Com dedica\u00e7\u00e3o, compromisso e amor pelo que fazem, os servidores p\u00fablicos de Brumado contribuem para construir uma cidade cada vez melhor para todos&#8221;, afirmou o prefeito. Fabr\u00edcio Abrantes ressaltou que o trabalho dos servidores vai al\u00e9m das fun\u00e7\u00f5es administrativas, estendendo-se \u00e0queles que atuam diretamente nas \u00e1reas essenciais para o bem-estar da popula\u00e7\u00e3o, como Sa\u00fade, Educa\u00e7\u00e3o, Esporte, Cultura, Infraestrutura e Manuten\u00e7\u00e3o Urbana. Ele enfatizou que essas \u00e1reas s\u00e3o fundamentais para garantir a qualidade dos servi\u00e7os prestados \u00e0 comunidade e o bom funcionamento do munic\u00edpio. &#8220;Cada servidor p\u00fablico tem um papel essencial na transforma\u00e7\u00e3o de Brumado em um lugar melhor. S\u00e3o voc\u00eas que, com dedica\u00e7\u00e3o e compromisso, fazem com que todos os processos funcionem de maneira eficiente, garantindo que os servi\u00e7os cheguem a quem mais precisa&#8221;, declarou Fabr\u00edcio. O prefeito tamb\u00e9m fez quest\u00e3o de agradecer pela coragem, esfor\u00e7o e empenho com que os servidores enfrentam os desafios do dia a dia, especialmente em tempos dif\u00edceis, como a pandemia, que exigiu um esfor\u00e7o extra de todos. Al\u00e9m disso, o prefeito aproveitou a oportunidade para refor\u00e7ar a import\u00e2ncia da valoriza\u00e7\u00e3o do servidor p\u00fablico e o compromisso da administra\u00e7\u00e3o municipal em trabalhar para garantir melhores condi\u00e7\u00f5es de trabalho e incentivar o reconhecimento constante do esfor\u00e7o desses profissionais. &#8220;Deixo aqui meu sincero agradecimento e parab\u00e9ns a todos os servidores p\u00fablicos de Brumado. Voc\u00eas s\u00e3o a alma da cidade, e \u00e9 atrav\u00e9s do trabalho de cada um de voc\u00eas que conseguimos seguir em frente, enfrentando desafios e avan\u00e7ando em dire\u00e7\u00e3o a um futuro cada vez mais promissor para todos&#8221;, concluiu Fabr\u00edcio Abrantes.","og_url":"https:\/\/sudoesteacontece.com.br\/?p=1187","og_site_name":"Sudoesteacontece","article_publisher":"https:\/\/www.facebook.com\/sudoesteacontece\/?locale=pt_BR","article_published_time":"2025-10-28T20:38:39+00:00","article_modified_time":"2025-10-28T20:38:41+00:00","og_image":[{"width":1000,"height":864,"url":"https:\/\/sudoesteacontece.com.br\/wp-content\/uploads\/2025\/10\/Fabricio-Abrantes-parabeniza-servidores-de-Brumado-e-destaca-a-importancia-do-trabalho-publico-para-a-cidade-sudoester-acontece.webp","type":"image\/webp"}],"author":"Washington Tiago","twitter_card":"summary_large_image","twitter_misc":{"Escrito por":"Washington Tiago","Est. tempo de leitura":"2 minutos"},"schema":{"@context":"https:\/\/schema.org","@graph":[{"@type":"Article","@id":"https:\/\/sudoesteacontece.com.br\/?p=1187#article","isPartOf":{"@id":"https:\/\/sudoesteacontece.com.br\/?p=1187"},"author":{"name":"Washington Tiago","@id":"https:\/\/sudoesteacontece.com.br\/#\/schema\/person\/3cf2cf009926a9683ebc29d5379fa79c"},"headline":"Fabr\u00edcio Abrantes parabeniza servidores de Brumado e destaca a import\u00e2ncia do trabalho p\u00fablico para a cidade","datePublished":"2025-10-28T20:38:39+00:00","dateModified":"2025-10-28T20:38:41+00:00","mainEntityOfPage":{"@id":"https:\/\/sudoesteacontece.com.br\/?p=1187"},"wordCount":387,"commentCount":0,"publisher":{"@id":"https:\/\/sudoesteacontece.com.br\/#organization"},"image":{"@id":"https:\/\/sudoesteacontece.com.br\/?p=1187#primaryimage"},"thumbnailUrl":"https:\/\/sudoesteacontece.com.br\/wp-content\/uploads\/2025\/10\/Fabricio-Abrantes-parabeniza-servidores-de-Brumado-e-destaca-a-importancia-do-trabalho-publico-para-a-cidade-sudoester-acontece.webp","articleSection":["Brumado","Pol\u00edtica"],"inLanguage":"pt-BR","potentialAction":[{"@type":"CommentAction","name":"Comment","target":["https:\/\/sudoesteacontece.com.br\/?p=1187#respond"]}]},{"@type":"WebPage","@id":"https:\/\/sudoesteacontece.com.br\/?p=1187","url":"https:\/\/sudoesteacontece.com.br\/?p=1187","name":"Fabr\u00edcio Abrantes parabeniza servidores de Brumado e destaca a import\u00e2ncia do trabalho p\u00fablico para a cidade - Sudoesteacontece","isPartOf":{"@id":"https:\/\/sudoesteacontece.com.br\/#website"},"primaryImageOfPage":{"@id":"https:\/\/sudoesteacontece.com.br\/?p=1187#primaryimage"},"image":{"@id":"https:\/\/sudoesteacontece.com.br\/?p=1187#primaryimage"},"thumbnailUrl":"https:\/\/sudoesteacontece.com.br\/wp-content\/uploads\/2025\/10\/Fabricio-Abrantes-parabeniza-servidores-de-Brumado-e-destaca-a-importancia-do-trabalho-publico-para-a-cidade-sudoester-acontece.webp","datePublished":"2025-10-28T20:38:39+00:00","dateModified":"2025-10-28T20:38:41+00:00","breadcrumb":{"@id":"https:\/\/sudoesteacontece.com.br\/?p=1187#breadcrumb"},"inLanguage":"pt-BR","potentialAction":[{"@type":"ReadAction","target":["https:\/\/sudoesteacontece.com.br\/?p=1187"]}]},{"@type":"ImageObject","inLanguage":"pt-BR","@id":"https:\/\/sudoesteacontece.com.br\/?p=1187#primaryimage","url":"https:\/\/sudoesteacontece.com.br\/wp-content\/uploads\/2025\/10\/Fabricio-Abrantes-parabeniza-servidores-de-Brumado-e-destaca-a-importancia-do-trabalho-publico-para-a-cidade-sudoester-acontece.webp","contentUrl":"https:\/\/sudoesteacontece.com.br\/wp-content\/uploads\/2025\/10\/Fabricio-Abrantes-parabeniza-servidores-de-Brumado-e-destaca-a-importancia-do-trabalho-publico-para-a-cidade-sudoester-acontece.webp","width":1000,"height":864},{"@type":"BreadcrumbList","@id":"https:\/\/sudoesteacontece.com.br\/?p=1187#breadcrumb","itemListElement":[{"@type":"ListItem","position":1,"name":"In\u00edcio","item":"https:\/\/sudoesteacontece.com.br\/"},{"@type":"ListItem","position":2,"name":"Fabr\u00edcio Abrantes parabeniza servidores de Brumado e destaca a import\u00e2ncia do trabalho p\u00fablico para a cidade"}]},{"@type":"WebSite","@id":"https:\/\/sudoesteacontece.com.br\/#website","url":"https:\/\/sudoesteacontece.com.br\/","name":"Sudoesteacontece","description":"","publisher":{"@id":"https:\/\/sudoesteacontece.com.br\/#organization"},"potentialAction":[{"@type":"SearchAction","target":{"@type":"EntryPoint","urlTemplate":"https:\/\/sudoesteacontece.com.br\/?s={search_term_string}"},"query-input":{"@type":"PropertyValueSpecification","valueRequired":true,"valueName":"search_term_string"}}],"inLanguage":"pt-BR"},{"@type":"Organization","@id":"https:\/\/sudoesteacontece.com.br\/#organization","name":"Sudoesteacontece","url":"https:\/\/sudoesteacontece.com.br\/","logo":{"@type":"ImageObject","inLanguage":"pt-BR","@id":"https:\/\/sudoesteacontece.com.br\/#\/schema\/logo\/image\/","url":"https:\/\/sudoesteacontece.com.br\/wp-content\/uploads\/2025\/12\/cropped-logo-2-180x180-1.png","contentUrl":"https:\/\/sudoesteacontece.com.br\/wp-content\/uploads\/2025\/12\/cropped-logo-2-180x180-1.png","width":180,"height":180,"caption":"Sudoesteacontece"},"image":{"@id":"https:\/\/sudoesteacontece.com.br\/#\/schema\/logo\/image\/"},"sameAs":["https:\/\/www.facebook.com\/sudoesteacontece\/?locale=pt_BR"]},{"@type":"Person","@id":"https:\/\/sudoesteacontece.com.br\/#\/schema\/person\/3cf2cf009926a9683ebc29d5379fa79c","name":"Washington Tiago","image":{"@type":"ImageObject","inLanguage":"pt-BR","@id":"https:\/\/sudoesteacontece.com.br\/#\/schema\/person\/image\/","url":"https:\/\/secure.gravatar.com\/avatar\/33c43b8668157e040f9d1fe93c354bf087cbd8ba36270c1163198bd3ddcf2a56?s=96&d=mm&r=g","contentUrl":"https:\/\/secure.gravatar.com\/avatar\/33c43b8668157e040f9d1fe93c354bf087cbd8ba36270c1163198bd3ddcf2a56?s=96&d=mm&r=g","caption":"Washington Tiago"},"url":"https:\/\/sudoesteacontece.com.br\/?author=2"}]}},"_links":{"self":[{"href":"https:\/\/sudoesteacontece.com.br\/index.php?rest_route=\/wp\/v2\/posts\/1187","targetHints":{"allow":["GET"]}}],"collection":[{"href":"https:\/\/sudoesteacontece.com.br\/index.php?rest_route=\/wp\/v2\/posts"}],"about":[{"href":"https:\/\/sudoesteacontece.com.br\/index.php?rest_route=\/wp\/v2\/types\/post"}],"author":[{"embeddable":true,"href":"https:\/\/sudoesteacontece.com.br\/index.php?rest_route=\/wp\/v2\/users\/2"}],"replies":[{"embeddable":true,"href":"https:\/\/sudoesteacontece.com.br\/index.php?rest_route=%2Fwp%2Fv2%2Fcomments&post=1187"}],"version-history":[{"count":0,"href":"https:\/\/sudoesteacontece.com.br\/index.php?rest_route=\/wp\/v2\/posts\/1187\/revisions"}],"wp:featuredmedia":[{"embeddable":true,"href":"https:\/\/sudoesteacontece.com.br\/index.php?rest_route=\/wp\/v2\/media\/1189"}],"wp:attachment":[{"href":"https:\/\/sudoesteacontece.com.br\/index.php?rest_route=%2Fwp%2Fv2%2Fmedia&parent=1187"}],"wp:term":[{"taxonomy":"category","embeddable":true,"href":"https:\/\/sudoesteacontece.com.br\/index.php?rest_route=%2Fwp%2Fv2%2Fcategories&post=1187"},{"taxonomy":"post_tag","embeddable":true,"href":"https:\/\/sudoesteacontece.com.br\/index.php?rest_route=%2Fwp%2Fv2%2Ftags&post=1187"}],"curies":[{"name":"wp","href":"https:\/\/api.w.org\/{rel}","templated":true}]}}