{"id":1217,"date":"2025-10-29T10:25:59","date_gmt":"2025-10-29T13:25:59","guid":{"rendered":"https:\/\/sudoesteacontece.com.br\/?p=1217"},"modified":"2025-10-29T10:26:00","modified_gmt":"2025-10-29T13:26:00","slug":"ciprv-brumado-apreende-veiculo-com-restricao-de-circulacao-em-vitoria-da-conquista","status":"publish","type":"post","link":"https:\/\/sudoesteacontece.com.br\/?p=1217","title":{"rendered":"CIPRv\/Brumado apreende ve\u00edculo com restri\u00e7\u00e3o de circula\u00e7\u00e3o em Vit\u00f3ria da Conquista"},"content":{"rendered":"\n<figure class=\"wp-block-image size-large\"><img fetchpriority=\"high\" decoding=\"async\" width=\"1024\" height=\"768\" src=\"http:\/\/sudoesteacontece.com.br\/wp-content\/uploads\/2025\/10\/CIPRvBrumado-apreende-veiculo-com-restricao-de-circulacao-em-Vitoria-da-Conquista-sudoester-acontece-1-1024x768.jpg\" alt=\"\" class=\"wp-image-1238\" srcset=\"https:\/\/sudoesteacontece.com.br\/wp-content\/uploads\/2025\/10\/CIPRvBrumado-apreende-veiculo-com-restricao-de-circulacao-em-Vitoria-da-Conquista-sudoester-acontece-1-1024x768.jpg 1024w, https:\/\/sudoesteacontece.com.br\/wp-content\/uploads\/2025\/10\/CIPRvBrumado-apreende-veiculo-com-restricao-de-circulacao-em-Vitoria-da-Conquista-sudoester-acontece-1-300x225.jpg 300w, https:\/\/sudoesteacontece.com.br\/wp-content\/uploads\/2025\/10\/CIPRvBrumado-apreende-veiculo-com-restricao-de-circulacao-em-Vitoria-da-Conquista-sudoester-acontece-1-768x576.jpg 768w, https:\/\/sudoesteacontece.com.br\/wp-content\/uploads\/2025\/10\/CIPRvBrumado-apreende-veiculo-com-restricao-de-circulacao-em-Vitoria-da-Conquista-sudoester-acontece-1-1536x1152.jpg 1536w, https:\/\/sudoesteacontece.com.br\/wp-content\/uploads\/2025\/10\/CIPRvBrumado-apreende-veiculo-com-restricao-de-circulacao-em-Vitoria-da-Conquista-sudoester-acontece-1.jpg 1600w\" sizes=\"(max-width: 1024px) 100vw, 1024px\" \/><\/figure>\n\n\n\n<p>Na manh\u00e3 de ter\u00e7a-feira (28), \u00e0s 09h15, policiais militares da Companhia Independente de Pol\u00edcia Rodovi\u00e1ria (CIPRv\/Brumado), realizaram a apreens\u00e3o de um ve\u00edculo na BA-262, em Vit\u00f3ria da Conquista. Durante a fiscaliza\u00e7\u00e3o, os policiais verificaram que o ve\u00edculo possu\u00eda uma restri\u00e7\u00e3o de circula\u00e7\u00e3o registrada pelo Tribunal de Justi\u00e7a da Bahia (TJ-BA).<\/p>\n\n\n\n<p>Com a constata\u00e7\u00e3o da infra\u00e7\u00e3o, o ve\u00edculo foi apreendido e levado para o p\u00e1tio do Detran do munic\u00edpio. O caso ser\u00e1 encaminhado para regulariza\u00e7\u00e3o. A a\u00e7\u00e3o foi realizada no Posto do Pradoso, uma \u00e1rea estrat\u00e9gica da BA-262, com o objetivo de garantir a seguran\u00e7a e o cumprimento das normas de tr\u00e2nsito.<\/p>\n\n\n\n<p>A CIPRv de Brumado segue monitorando as rodovias da regi\u00e3o, combatendo irregularidades e aumentando a seguran\u00e7a no tr\u00e2nsito para motoristas e pedestres.<\/p>\n","protected":false},"excerpt":{"rendered":"<p>Na manh\u00e3 de ter\u00e7a-feira (28), \u00e0s 09h15, policiais militares da Companhia Independente de Pol\u00edcia Rodovi\u00e1ria (CIPRv\/Brumado), realizaram a apreens\u00e3o de um ve\u00edculo na BA-262, em Vit\u00f3ria da Conquista. Durante a fiscaliza\u00e7\u00e3o, os policiais verificaram que o ve\u00edculo possu\u00eda uma restri\u00e7\u00e3o de circula\u00e7\u00e3o registrada pelo Tribunal de Justi\u00e7a da Bahia (TJ-BA). Com a constata\u00e7\u00e3o da infra\u00e7\u00e3o, o ve\u00edculo foi apreendido e levado para o p\u00e1tio do Detran do munic\u00edpio. O caso ser\u00e1 encaminhado para regulariza\u00e7\u00e3o. A a\u00e7\u00e3o foi realizada no Posto do Pradoso, uma \u00e1rea estrat\u00e9gica da BA-262, com o objetivo de garantir a seguran\u00e7a e o cumprimento das normas de tr\u00e2nsito. A CIPRv de Brumado segue monitorando as rodovias da regi\u00e3o, combatendo irregularidades e aumentando a seguran\u00e7a no tr\u00e2nsito para motoristas e pedestres.<\/p>\n","protected":false},"author":2,"featured_media":1238,"comment_status":"open","ping_status":"open","sticky":false,"template":"","format":"standard","meta":{"footnotes":""},"categories":[3,8],"tags":[],"class_list":["post-1217","post","type-post","status-publish","format-standard","has-post-thumbnail","hentry","category-policia","category-vitoria-da-conquista"],"yoast_head":"<!-- This site is optimized with the Yoast SEO plugin v26.5 - https:\/\/yoast.com\/wordpress\/plugins\/seo\/ -->\n<title>CIPRv\/Brumado apreende ve\u00edculo com restri\u00e7\u00e3o de circula\u00e7\u00e3o em Vit\u00f3ria da Conquista - Sudoesteacontece<\/title>\n<meta name=\"robots\" content=\"index, follow, max-snippet:-1, max-image-preview:large, max-video-preview:-1\" \/>\n<link rel=\"canonical\" href=\"http:\/\/sudoesteacontece.com.br\/?p=1217\" \/>\n<meta property=\"og:locale\" content=\"pt_BR\" \/>\n<meta property=\"og:type\" content=\"article\" \/>\n<meta property=\"og:title\" content=\"CIPRv\/Brumado apreende ve\u00edculo com restri\u00e7\u00e3o de circula\u00e7\u00e3o em Vit\u00f3ria da Conquista - Sudoesteacontece\" \/>\n<meta property=\"og:description\" content=\"Na manh\u00e3 de ter\u00e7a-feira (28), \u00e0s 09h15, policiais militares da Companhia Independente de Pol\u00edcia Rodovi\u00e1ria (CIPRv\/Brumado), realizaram a apreens\u00e3o de um ve\u00edculo na BA-262, em Vit\u00f3ria da Conquista. Durante a fiscaliza\u00e7\u00e3o, os policiais verificaram que o ve\u00edculo possu\u00eda uma restri\u00e7\u00e3o de circula\u00e7\u00e3o registrada pelo Tribunal de Justi\u00e7a da Bahia (TJ-BA). Com a constata\u00e7\u00e3o da infra\u00e7\u00e3o, o ve\u00edculo foi apreendido e levado para o p\u00e1tio do Detran do munic\u00edpio. O caso ser\u00e1 encaminhado para regulariza\u00e7\u00e3o. A a\u00e7\u00e3o foi realizada no Posto do Pradoso, uma \u00e1rea estrat\u00e9gica da BA-262, com o objetivo de garantir a seguran\u00e7a e o cumprimento das normas de tr\u00e2nsito. A CIPRv de Brumado segue monitorando as rodovias da regi\u00e3o, combatendo irregularidades e aumentando a seguran\u00e7a no tr\u00e2nsito para motoristas e pedestres.\" \/>\n<meta property=\"og:url\" content=\"http:\/\/sudoesteacontece.com.br\/?p=1217\" \/>\n<meta property=\"og:site_name\" content=\"Sudoesteacontece\" \/>\n<meta property=\"article:publisher\" content=\"https:\/\/www.facebook.com\/sudoesteacontece\/?locale=pt_BR\" \/>\n<meta property=\"article:published_time\" content=\"2025-10-29T13:25:59+00:00\" \/>\n<meta property=\"article:modified_time\" content=\"2025-10-29T13:26:00+00:00\" \/>\n<meta property=\"og:image\" content=\"http:\/\/sudoesteacontece.com.br\/wp-content\/uploads\/2025\/10\/CIPRvBrumado-apreende-veiculo-com-restricao-de-circulacao-em-Vitoria-da-Conquista-sudoester-acontece-1.jpg\" \/>\n\t<meta property=\"og:image:width\" content=\"1600\" \/>\n\t<meta property=\"og:image:height\" content=\"1200\" \/>\n\t<meta property=\"og:image:type\" content=\"image\/jpeg\" \/>\n<meta name=\"author\" content=\"Washington Tiago\" \/>\n<meta name=\"twitter:card\" content=\"summary_large_image\" \/>\n<meta name=\"twitter:label1\" content=\"Escrito por\" \/>\n\t<meta name=\"twitter:data1\" content=\"Washington Tiago\" \/>\n\t<meta name=\"twitter:label2\" content=\"Est. tempo de leitura\" \/>\n\t<meta name=\"twitter:data2\" content=\"1 minuto\" \/>\n<script type=\"application\/ld+json\" class=\"yoast-schema-graph\">{\"@context\":\"https:\/\/schema.org\",\"@graph\":[{\"@type\":\"Article\",\"@id\":\"http:\/\/sudoesteacontece.com.br\/?p=1217#article\",\"isPartOf\":{\"@id\":\"http:\/\/sudoesteacontece.com.br\/?p=1217\"},\"author\":{\"name\":\"Washington Tiago\",\"@id\":\"https:\/\/sudoesteacontece.com.br\/#\/schema\/person\/3cf2cf009926a9683ebc29d5379fa79c\"},\"headline\":\"CIPRv\/Brumado apreende ve\u00edculo com restri\u00e7\u00e3o de circula\u00e7\u00e3o em Vit\u00f3ria da Conquista\",\"datePublished\":\"2025-10-29T13:25:59+00:00\",\"dateModified\":\"2025-10-29T13:26:00+00:00\",\"mainEntityOfPage\":{\"@id\":\"http:\/\/sudoesteacontece.com.br\/?p=1217\"},\"wordCount\":164,\"commentCount\":0,\"publisher\":{\"@id\":\"https:\/\/sudoesteacontece.com.br\/#organization\"},\"image\":{\"@id\":\"http:\/\/sudoesteacontece.com.br\/?p=1217#primaryimage\"},\"thumbnailUrl\":\"https:\/\/sudoesteacontece.com.br\/wp-content\/uploads\/2025\/10\/CIPRvBrumado-apreende-veiculo-com-restricao-de-circulacao-em-Vitoria-da-Conquista-sudoester-acontece-1.jpg\",\"articleSection\":[\"Pol\u00edcia\",\"Vit\u00f3ria da Conquista\"],\"inLanguage\":\"pt-BR\",\"potentialAction\":[{\"@type\":\"CommentAction\",\"name\":\"Comment\",\"target\":[\"http:\/\/sudoesteacontece.com.br\/?p=1217#respond\"]}]},{\"@type\":\"WebPage\",\"@id\":\"http:\/\/sudoesteacontece.com.br\/?p=1217\",\"url\":\"http:\/\/sudoesteacontece.com.br\/?p=1217\",\"name\":\"CIPRv\/Brumado apreende ve\u00edculo com restri\u00e7\u00e3o de circula\u00e7\u00e3o em Vit\u00f3ria da Conquista - Sudoesteacontece\",\"isPartOf\":{\"@id\":\"https:\/\/sudoesteacontece.com.br\/#website\"},\"primaryImageOfPage\":{\"@id\":\"http:\/\/sudoesteacontece.com.br\/?p=1217#primaryimage\"},\"image\":{\"@id\":\"http:\/\/sudoesteacontece.com.br\/?p=1217#primaryimage\"},\"thumbnailUrl\":\"https:\/\/sudoesteacontece.com.br\/wp-content\/uploads\/2025\/10\/CIPRvBrumado-apreende-veiculo-com-restricao-de-circulacao-em-Vitoria-da-Conquista-sudoester-acontece-1.jpg\",\"datePublished\":\"2025-10-29T13:25:59+00:00\",\"dateModified\":\"2025-10-29T13:26:00+00:00\",\"breadcrumb\":{\"@id\":\"http:\/\/sudoesteacontece.com.br\/?p=1217#breadcrumb\"},\"inLanguage\":\"pt-BR\",\"potentialAction\":[{\"@type\":\"ReadAction\",\"target\":[\"http:\/\/sudoesteacontece.com.br\/?p=1217\"]}]},{\"@type\":\"ImageObject\",\"inLanguage\":\"pt-BR\",\"@id\":\"http:\/\/sudoesteacontece.com.br\/?p=1217#primaryimage\",\"url\":\"https:\/\/sudoesteacontece.com.br\/wp-content\/uploads\/2025\/10\/CIPRvBrumado-apreende-veiculo-com-restricao-de-circulacao-em-Vitoria-da-Conquista-sudoester-acontece-1.jpg\",\"contentUrl\":\"https:\/\/sudoesteacontece.com.br\/wp-content\/uploads\/2025\/10\/CIPRvBrumado-apreende-veiculo-com-restricao-de-circulacao-em-Vitoria-da-Conquista-sudoester-acontece-1.jpg\",\"width\":1600,\"height\":1200},{\"@type\":\"BreadcrumbList\",\"@id\":\"http:\/\/sudoesteacontece.com.br\/?p=1217#breadcrumb\",\"itemListElement\":[{\"@type\":\"ListItem\",\"position\":1,\"name\":\"In\u00edcio\",\"item\":\"https:\/\/sudoesteacontece.com.br\/\"},{\"@type\":\"ListItem\",\"position\":2,\"name\":\"CIPRv\/Brumado apreende ve\u00edculo com restri\u00e7\u00e3o de circula\u00e7\u00e3o em Vit\u00f3ria da Conquista\"}]},{\"@type\":\"WebSite\",\"@id\":\"https:\/\/sudoesteacontece.com.br\/#website\",\"url\":\"https:\/\/sudoesteacontece.com.br\/\",\"name\":\"Sudoesteacontece\",\"description\":\"\",\"publisher\":{\"@id\":\"https:\/\/sudoesteacontece.com.br\/#organization\"},\"potentialAction\":[{\"@type\":\"SearchAction\",\"target\":{\"@type\":\"EntryPoint\",\"urlTemplate\":\"https:\/\/sudoesteacontece.com.br\/?s={search_term_string}\"},\"query-input\":{\"@type\":\"PropertyValueSpecification\",\"valueRequired\":true,\"valueName\":\"search_term_string\"}}],\"inLanguage\":\"pt-BR\"},{\"@type\":\"Organization\",\"@id\":\"https:\/\/sudoesteacontece.com.br\/#organization\",\"name\":\"Sudoesteacontece\",\"url\":\"https:\/\/sudoesteacontece.com.br\/\",\"logo\":{\"@type\":\"ImageObject\",\"inLanguage\":\"pt-BR\",\"@id\":\"https:\/\/sudoesteacontece.com.br\/#\/schema\/logo\/image\/\",\"url\":\"https:\/\/sudoesteacontece.com.br\/wp-content\/uploads\/2025\/12\/cropped-logo-2-180x180-1.png\",\"contentUrl\":\"https:\/\/sudoesteacontece.com.br\/wp-content\/uploads\/2025\/12\/cropped-logo-2-180x180-1.png\",\"width\":180,\"height\":180,\"caption\":\"Sudoesteacontece\"},\"image\":{\"@id\":\"https:\/\/sudoesteacontece.com.br\/#\/schema\/logo\/image\/\"},\"sameAs\":[\"https:\/\/www.facebook.com\/sudoesteacontece\/?locale=pt_BR\"]},{\"@type\":\"Person\",\"@id\":\"https:\/\/sudoesteacontece.com.br\/#\/schema\/person\/3cf2cf009926a9683ebc29d5379fa79c\",\"name\":\"Washington Tiago\",\"image\":{\"@type\":\"ImageObject\",\"inLanguage\":\"pt-BR\",\"@id\":\"https:\/\/sudoesteacontece.com.br\/#\/schema\/person\/image\/\",\"url\":\"https:\/\/secure.gravatar.com\/avatar\/33c43b8668157e040f9d1fe93c354bf087cbd8ba36270c1163198bd3ddcf2a56?s=96&d=mm&r=g\",\"contentUrl\":\"https:\/\/secure.gravatar.com\/avatar\/33c43b8668157e040f9d1fe93c354bf087cbd8ba36270c1163198bd3ddcf2a56?s=96&d=mm&r=g\",\"caption\":\"Washington Tiago\"},\"url\":\"https:\/\/sudoesteacontece.com.br\/?author=2\"}]}<\/script>\n<!-- \/ Yoast SEO plugin. -->","yoast_head_json":{"title":"CIPRv\/Brumado apreende ve\u00edculo com restri\u00e7\u00e3o de circula\u00e7\u00e3o em Vit\u00f3ria da Conquista - Sudoesteacontece","robots":{"index":"index","follow":"follow","max-snippet":"max-snippet:-1","max-image-preview":"max-image-preview:large","max-video-preview":"max-video-preview:-1"},"canonical":"http:\/\/sudoesteacontece.com.br\/?p=1217","og_locale":"pt_BR","og_type":"article","og_title":"CIPRv\/Brumado apreende ve\u00edculo com restri\u00e7\u00e3o de circula\u00e7\u00e3o em Vit\u00f3ria da Conquista - Sudoesteacontece","og_description":"Na manh\u00e3 de ter\u00e7a-feira (28), \u00e0s 09h15, policiais militares da Companhia Independente de Pol\u00edcia Rodovi\u00e1ria (CIPRv\/Brumado), realizaram a apreens\u00e3o de um ve\u00edculo na BA-262, em Vit\u00f3ria da Conquista. Durante a fiscaliza\u00e7\u00e3o, os policiais verificaram que o ve\u00edculo possu\u00eda uma restri\u00e7\u00e3o de circula\u00e7\u00e3o registrada pelo Tribunal de Justi\u00e7a da Bahia (TJ-BA). Com a constata\u00e7\u00e3o da infra\u00e7\u00e3o, o ve\u00edculo foi apreendido e levado para o p\u00e1tio do Detran do munic\u00edpio. O caso ser\u00e1 encaminhado para regulariza\u00e7\u00e3o. A a\u00e7\u00e3o foi realizada no Posto do Pradoso, uma \u00e1rea estrat\u00e9gica da BA-262, com o objetivo de garantir a seguran\u00e7a e o cumprimento das normas de tr\u00e2nsito. A CIPRv de Brumado segue monitorando as rodovias da regi\u00e3o, combatendo irregularidades e aumentando a seguran\u00e7a no tr\u00e2nsito para motoristas e pedestres.","og_url":"http:\/\/sudoesteacontece.com.br\/?p=1217","og_site_name":"Sudoesteacontece","article_publisher":"https:\/\/www.facebook.com\/sudoesteacontece\/?locale=pt_BR","article_published_time":"2025-10-29T13:25:59+00:00","article_modified_time":"2025-10-29T13:26:00+00:00","og_image":[{"width":1600,"height":1200,"url":"http:\/\/sudoesteacontece.com.br\/wp-content\/uploads\/2025\/10\/CIPRvBrumado-apreende-veiculo-com-restricao-de-circulacao-em-Vitoria-da-Conquista-sudoester-acontece-1.jpg","type":"image\/jpeg"}],"author":"Washington Tiago","twitter_card":"summary_large_image","twitter_misc":{"Escrito por":"Washington Tiago","Est. tempo de leitura":"1 minuto"},"schema":{"@context":"https:\/\/schema.org","@graph":[{"@type":"Article","@id":"http:\/\/sudoesteacontece.com.br\/?p=1217#article","isPartOf":{"@id":"http:\/\/sudoesteacontece.com.br\/?p=1217"},"author":{"name":"Washington Tiago","@id":"https:\/\/sudoesteacontece.com.br\/#\/schema\/person\/3cf2cf009926a9683ebc29d5379fa79c"},"headline":"CIPRv\/Brumado apreende ve\u00edculo com restri\u00e7\u00e3o de circula\u00e7\u00e3o em Vit\u00f3ria da Conquista","datePublished":"2025-10-29T13:25:59+00:00","dateModified":"2025-10-29T13:26:00+00:00","mainEntityOfPage":{"@id":"http:\/\/sudoesteacontece.com.br\/?p=1217"},"wordCount":164,"commentCount":0,"publisher":{"@id":"https:\/\/sudoesteacontece.com.br\/#organization"},"image":{"@id":"http:\/\/sudoesteacontece.com.br\/?p=1217#primaryimage"},"thumbnailUrl":"https:\/\/sudoesteacontece.com.br\/wp-content\/uploads\/2025\/10\/CIPRvBrumado-apreende-veiculo-com-restricao-de-circulacao-em-Vitoria-da-Conquista-sudoester-acontece-1.jpg","articleSection":["Pol\u00edcia","Vit\u00f3ria da Conquista"],"inLanguage":"pt-BR","potentialAction":[{"@type":"CommentAction","name":"Comment","target":["http:\/\/sudoesteacontece.com.br\/?p=1217#respond"]}]},{"@type":"WebPage","@id":"http:\/\/sudoesteacontece.com.br\/?p=1217","url":"http:\/\/sudoesteacontece.com.br\/?p=1217","name":"CIPRv\/Brumado apreende ve\u00edculo com restri\u00e7\u00e3o de circula\u00e7\u00e3o em Vit\u00f3ria da Conquista - Sudoesteacontece","isPartOf":{"@id":"https:\/\/sudoesteacontece.com.br\/#website"},"primaryImageOfPage":{"@id":"http:\/\/sudoesteacontece.com.br\/?p=1217#primaryimage"},"image":{"@id":"http:\/\/sudoesteacontece.com.br\/?p=1217#primaryimage"},"thumbnailUrl":"https:\/\/sudoesteacontece.com.br\/wp-content\/uploads\/2025\/10\/CIPRvBrumado-apreende-veiculo-com-restricao-de-circulacao-em-Vitoria-da-Conquista-sudoester-acontece-1.jpg","datePublished":"2025-10-29T13:25:59+00:00","dateModified":"2025-10-29T13:26:00+00:00","breadcrumb":{"@id":"http:\/\/sudoesteacontece.com.br\/?p=1217#breadcrumb"},"inLanguage":"pt-BR","potentialAction":[{"@type":"ReadAction","target":["http:\/\/sudoesteacontece.com.br\/?p=1217"]}]},{"@type":"ImageObject","inLanguage":"pt-BR","@id":"http:\/\/sudoesteacontece.com.br\/?p=1217#primaryimage","url":"https:\/\/sudoesteacontece.com.br\/wp-content\/uploads\/2025\/10\/CIPRvBrumado-apreende-veiculo-com-restricao-de-circulacao-em-Vitoria-da-Conquista-sudoester-acontece-1.jpg","contentUrl":"https:\/\/sudoesteacontece.com.br\/wp-content\/uploads\/2025\/10\/CIPRvBrumado-apreende-veiculo-com-restricao-de-circulacao-em-Vitoria-da-Conquista-sudoester-acontece-1.jpg","width":1600,"height":1200},{"@type":"BreadcrumbList","@id":"http:\/\/sudoesteacontece.com.br\/?p=1217#breadcrumb","itemListElement":[{"@type":"ListItem","position":1,"name":"In\u00edcio","item":"https:\/\/sudoesteacontece.com.br\/"},{"@type":"ListItem","position":2,"name":"CIPRv\/Brumado apreende ve\u00edculo com restri\u00e7\u00e3o de circula\u00e7\u00e3o em Vit\u00f3ria da Conquista"}]},{"@type":"WebSite","@id":"https:\/\/sudoesteacontece.com.br\/#website","url":"https:\/\/sudoesteacontece.com.br\/","name":"Sudoesteacontece","description":"","publisher":{"@id":"https:\/\/sudoesteacontece.com.br\/#organization"},"potentialAction":[{"@type":"SearchAction","target":{"@type":"EntryPoint","urlTemplate":"https:\/\/sudoesteacontece.com.br\/?s={search_term_string}"},"query-input":{"@type":"PropertyValueSpecification","valueRequired":true,"valueName":"search_term_string"}}],"inLanguage":"pt-BR"},{"@type":"Organization","@id":"https:\/\/sudoesteacontece.com.br\/#organization","name":"Sudoesteacontece","url":"https:\/\/sudoesteacontece.com.br\/","logo":{"@type":"ImageObject","inLanguage":"pt-BR","@id":"https:\/\/sudoesteacontece.com.br\/#\/schema\/logo\/image\/","url":"https:\/\/sudoesteacontece.com.br\/wp-content\/uploads\/2025\/12\/cropped-logo-2-180x180-1.png","contentUrl":"https:\/\/sudoesteacontece.com.br\/wp-content\/uploads\/2025\/12\/cropped-logo-2-180x180-1.png","width":180,"height":180,"caption":"Sudoesteacontece"},"image":{"@id":"https:\/\/sudoesteacontece.com.br\/#\/schema\/logo\/image\/"},"sameAs":["https:\/\/www.facebook.com\/sudoesteacontece\/?locale=pt_BR"]},{"@type":"Person","@id":"https:\/\/sudoesteacontece.com.br\/#\/schema\/person\/3cf2cf009926a9683ebc29d5379fa79c","name":"Washington Tiago","image":{"@type":"ImageObject","inLanguage":"pt-BR","@id":"https:\/\/sudoesteacontece.com.br\/#\/schema\/person\/image\/","url":"https:\/\/secure.gravatar.com\/avatar\/33c43b8668157e040f9d1fe93c354bf087cbd8ba36270c1163198bd3ddcf2a56?s=96&d=mm&r=g","contentUrl":"https:\/\/secure.gravatar.com\/avatar\/33c43b8668157e040f9d1fe93c354bf087cbd8ba36270c1163198bd3ddcf2a56?s=96&d=mm&r=g","caption":"Washington Tiago"},"url":"https:\/\/sudoesteacontece.com.br\/?author=2"}]}},"_links":{"self":[{"href":"https:\/\/sudoesteacontece.com.br\/index.php?rest_route=\/wp\/v2\/posts\/1217","targetHints":{"allow":["GET"]}}],"collection":[{"href":"https:\/\/sudoesteacontece.com.br\/index.php?rest_route=\/wp\/v2\/posts"}],"about":[{"href":"https:\/\/sudoesteacontece.com.br\/index.php?rest_route=\/wp\/v2\/types\/post"}],"author":[{"embeddable":true,"href":"https:\/\/sudoesteacontece.com.br\/index.php?rest_route=\/wp\/v2\/users\/2"}],"replies":[{"embeddable":true,"href":"https:\/\/sudoesteacontece.com.br\/index.php?rest_route=%2Fwp%2Fv2%2Fcomments&post=1217"}],"version-history":[{"count":0,"href":"https:\/\/sudoesteacontece.com.br\/index.php?rest_route=\/wp\/v2\/posts\/1217\/revisions"}],"wp:featuredmedia":[{"embeddable":true,"href":"https:\/\/sudoesteacontece.com.br\/index.php?rest_route=\/wp\/v2\/media\/1238"}],"wp:attachment":[{"href":"https:\/\/sudoesteacontece.com.br\/index.php?rest_route=%2Fwp%2Fv2%2Fmedia&parent=1217"}],"wp:term":[{"taxonomy":"category","embeddable":true,"href":"https:\/\/sudoesteacontece.com.br\/index.php?rest_route=%2Fwp%2Fv2%2Fcategories&post=1217"},{"taxonomy":"post_tag","embeddable":true,"href":"https:\/\/sudoesteacontece.com.br\/index.php?rest_route=%2Fwp%2Fv2%2Ftags&post=1217"}],"curies":[{"name":"wp","href":"https:\/\/api.w.org\/{rel}","templated":true}]}}