{"id":1218,"date":"2025-10-29T10:30:44","date_gmt":"2025-10-29T13:30:44","guid":{"rendered":"https:\/\/sudoesteacontece.com.br\/?p=1218"},"modified":"2025-10-29T10:30:45","modified_gmt":"2025-10-29T13:30:45","slug":"homem-e-preso-por-incendiar-residencia-apos-briga-com-irmao-em-guanambi","status":"publish","type":"post","link":"https:\/\/sudoesteacontece.com.br\/?p=1218","title":{"rendered":"Homem \u00e9 preso por incendiar resid\u00eancia ap\u00f3s briga com irm\u00e3o em Guanambi"},"content":{"rendered":"<div class=\"wp-block-image\">\n<figure class=\"aligncenter size-full\"><img fetchpriority=\"high\" decoding=\"async\" width=\"750\" height=\"500\" src=\"http:\/\/sudoesteacontece.com.br\/wp-content\/uploads\/2025\/10\/Homem-e-preso-por-incendiar-residencia-apos-briga-com-irmao-em-Guanambi-sudoeste-acontece.webp\" alt=\"\" class=\"wp-image-1240\" srcset=\"https:\/\/sudoesteacontece.com.br\/wp-content\/uploads\/2025\/10\/Homem-e-preso-por-incendiar-residencia-apos-briga-com-irmao-em-Guanambi-sudoeste-acontece.webp 750w, https:\/\/sudoesteacontece.com.br\/wp-content\/uploads\/2025\/10\/Homem-e-preso-por-incendiar-residencia-apos-briga-com-irmao-em-Guanambi-sudoeste-acontece-300x200.webp 300w\" sizes=\"(max-width: 750px) 100vw, 750px\" \/><\/figure>\n<\/div>\n\n\n<p>Um homem foi preso na madrugada desta quarta-feira (29) em Guanambi, na regi\u00e3o sudoeste da Bahia, ap\u00f3s incendiar a casa da m\u00e3e. O crime aconteceu por volta das 04h30, na Rua Alagoas, no bairro Bras\u00edlia. O autor, ateou fogo no quarto do irm\u00e3o ap\u00f3s uma discuss\u00e3o familiar.<\/p>\n\n\n\n<p>De acordo com a m\u00e3e dos envolvidos, os dois filhos t\u00eam hist\u00f3rico de consumo de crack e \u00e1lcool. Ela relatou que, ap\u00f3s a briga ocorreu o inc\u00eandio, colocando em risco a seguran\u00e7a de todos na resid\u00eancia.<\/p>\n\n\n\n<p>Pol\u00edcia Militar foi acionada e chegou rapidamente ao local. O suspeito de ser o autor do inc\u00eandio foi preso e conduzido \u00e0 Delegacia de Pol\u00edcia de Guanambi, onde foi registrado o boletim de ocorr\u00eancia. A m\u00e3e tamb\u00e9m foi levada \u00e0 delegacia para prestar depoimento e fornecer detalhes sobre o ocorrido.<\/p>\n\n\n\n<p>Caso gerou grande preocupa\u00e7\u00e3o na comunidade, que se viu surpresa pela viol\u00eancia e pela situa\u00e7\u00e3o familiar envolvendo o uso de drogas. O autor da a\u00e7\u00e3o poder\u00e1 responder por inc\u00eandio criminoso, e as autoridades locais tomaram as medidas legais cab\u00edveis.<\/p>\n","protected":false},"excerpt":{"rendered":"<p>Um homem foi preso na madrugada desta quarta-feira (29) em Guanambi, na regi\u00e3o sudoeste da Bahia, ap\u00f3s incendiar a casa da m\u00e3e. O crime aconteceu por volta das 04h30, na Rua Alagoas, no bairro Bras\u00edlia. O autor, ateou fogo no quarto do irm\u00e3o ap\u00f3s uma discuss\u00e3o familiar. De acordo com a m\u00e3e dos envolvidos, os dois filhos t\u00eam hist\u00f3rico de consumo de crack e \u00e1lcool. Ela relatou que, ap\u00f3s a briga ocorreu o inc\u00eandio, colocando em risco a seguran\u00e7a de todos na resid\u00eancia. Pol\u00edcia Militar foi acionada e chegou rapidamente ao local. O suspeito de ser o autor do inc\u00eandio foi preso e conduzido \u00e0 Delegacia de Pol\u00edcia de Guanambi, onde foi registrado o boletim de ocorr\u00eancia. A m\u00e3e tamb\u00e9m foi levada \u00e0 delegacia para prestar depoimento e fornecer detalhes sobre o ocorrido. Caso gerou grande preocupa\u00e7\u00e3o na comunidade, que se viu surpresa pela viol\u00eancia e pela situa\u00e7\u00e3o familiar envolvendo o uso de drogas. O autor da a\u00e7\u00e3o poder\u00e1 responder por inc\u00eandio criminoso, e as autoridades locais tomaram as medidas legais cab\u00edveis.<\/p>\n","protected":false},"author":2,"featured_media":1240,"comment_status":"open","ping_status":"open","sticky":false,"template":"","format":"standard","meta":{"footnotes":""},"categories":[4,17,6],"tags":[],"class_list":["post-1218","post","type-post","status-publish","format-standard","has-post-thumbnail","hentry","category-cidades","category-guanambi","category-politica"],"yoast_head":"<!-- This site is optimized with the Yoast SEO plugin v26.5 - https:\/\/yoast.com\/wordpress\/plugins\/seo\/ -->\n<title>Homem \u00e9 preso por incendiar resid\u00eancia ap\u00f3s briga com irm\u00e3o em Guanambi - Sudoesteacontece<\/title>\n<meta name=\"robots\" content=\"index, follow, max-snippet:-1, max-image-preview:large, max-video-preview:-1\" \/>\n<link rel=\"canonical\" href=\"https:\/\/sudoesteacontece.com.br\/?p=1218\" \/>\n<meta property=\"og:locale\" content=\"pt_BR\" \/>\n<meta property=\"og:type\" content=\"article\" \/>\n<meta property=\"og:title\" content=\"Homem \u00e9 preso por incendiar resid\u00eancia ap\u00f3s briga com irm\u00e3o em Guanambi - Sudoesteacontece\" \/>\n<meta property=\"og:description\" content=\"Um homem foi preso na madrugada desta quarta-feira (29) em Guanambi, na regi\u00e3o sudoeste da Bahia, ap\u00f3s incendiar a casa da m\u00e3e. O crime aconteceu por volta das 04h30, na Rua Alagoas, no bairro Bras\u00edlia. O autor, ateou fogo no quarto do irm\u00e3o ap\u00f3s uma discuss\u00e3o familiar. De acordo com a m\u00e3e dos envolvidos, os dois filhos t\u00eam hist\u00f3rico de consumo de crack e \u00e1lcool. Ela relatou que, ap\u00f3s a briga ocorreu o inc\u00eandio, colocando em risco a seguran\u00e7a de todos na resid\u00eancia. Pol\u00edcia Militar foi acionada e chegou rapidamente ao local. O suspeito de ser o autor do inc\u00eandio foi preso e conduzido \u00e0 Delegacia de Pol\u00edcia de Guanambi, onde foi registrado o boletim de ocorr\u00eancia. A m\u00e3e tamb\u00e9m foi levada \u00e0 delegacia para prestar depoimento e fornecer detalhes sobre o ocorrido. Caso gerou grande preocupa\u00e7\u00e3o na comunidade, que se viu surpresa pela viol\u00eancia e pela situa\u00e7\u00e3o familiar envolvendo o uso de drogas. O autor da a\u00e7\u00e3o poder\u00e1 responder por inc\u00eandio criminoso, e as autoridades locais tomaram as medidas legais cab\u00edveis.\" \/>\n<meta property=\"og:url\" content=\"https:\/\/sudoesteacontece.com.br\/?p=1218\" \/>\n<meta property=\"og:site_name\" content=\"Sudoesteacontece\" \/>\n<meta property=\"article:publisher\" content=\"https:\/\/www.facebook.com\/sudoesteacontece\/?locale=pt_BR\" \/>\n<meta property=\"article:published_time\" content=\"2025-10-29T13:30:44+00:00\" \/>\n<meta property=\"article:modified_time\" content=\"2025-10-29T13:30:45+00:00\" \/>\n<meta property=\"og:image\" content=\"https:\/\/sudoesteacontece.com.br\/wp-content\/uploads\/2025\/10\/Homem-e-preso-por-incendiar-residencia-apos-briga-com-irmao-em-Guanambi-sudoeste-acontece.webp\" \/>\n\t<meta property=\"og:image:width\" content=\"750\" \/>\n\t<meta property=\"og:image:height\" content=\"500\" \/>\n\t<meta property=\"og:image:type\" content=\"image\/webp\" \/>\n<meta name=\"author\" content=\"Washington Tiago\" \/>\n<meta name=\"twitter:card\" content=\"summary_large_image\" \/>\n<meta name=\"twitter:label1\" content=\"Escrito por\" \/>\n\t<meta name=\"twitter:data1\" content=\"Washington Tiago\" \/>\n\t<meta name=\"twitter:label2\" content=\"Est. tempo de leitura\" \/>\n\t<meta name=\"twitter:data2\" content=\"1 minuto\" \/>\n<script type=\"application\/ld+json\" class=\"yoast-schema-graph\">{\"@context\":\"https:\/\/schema.org\",\"@graph\":[{\"@type\":\"Article\",\"@id\":\"https:\/\/sudoesteacontece.com.br\/?p=1218#article\",\"isPartOf\":{\"@id\":\"https:\/\/sudoesteacontece.com.br\/?p=1218\"},\"author\":{\"name\":\"Washington Tiago\",\"@id\":\"https:\/\/sudoesteacontece.com.br\/#\/schema\/person\/3cf2cf009926a9683ebc29d5379fa79c\"},\"headline\":\"Homem \u00e9 preso por incendiar resid\u00eancia ap\u00f3s briga com irm\u00e3o em Guanambi\",\"datePublished\":\"2025-10-29T13:30:44+00:00\",\"dateModified\":\"2025-10-29T13:30:45+00:00\",\"mainEntityOfPage\":{\"@id\":\"https:\/\/sudoesteacontece.com.br\/?p=1218\"},\"wordCount\":209,\"commentCount\":0,\"publisher\":{\"@id\":\"https:\/\/sudoesteacontece.com.br\/#organization\"},\"image\":{\"@id\":\"https:\/\/sudoesteacontece.com.br\/?p=1218#primaryimage\"},\"thumbnailUrl\":\"https:\/\/sudoesteacontece.com.br\/wp-content\/uploads\/2025\/10\/Homem-e-preso-por-incendiar-residencia-apos-briga-com-irmao-em-Guanambi-sudoeste-acontece.webp\",\"articleSection\":[\"Cidades\",\"Guanambi\",\"Pol\u00edtica\"],\"inLanguage\":\"pt-BR\",\"potentialAction\":[{\"@type\":\"CommentAction\",\"name\":\"Comment\",\"target\":[\"https:\/\/sudoesteacontece.com.br\/?p=1218#respond\"]}]},{\"@type\":\"WebPage\",\"@id\":\"https:\/\/sudoesteacontece.com.br\/?p=1218\",\"url\":\"https:\/\/sudoesteacontece.com.br\/?p=1218\",\"name\":\"Homem \u00e9 preso por incendiar resid\u00eancia ap\u00f3s briga com irm\u00e3o em Guanambi - Sudoesteacontece\",\"isPartOf\":{\"@id\":\"https:\/\/sudoesteacontece.com.br\/#website\"},\"primaryImageOfPage\":{\"@id\":\"https:\/\/sudoesteacontece.com.br\/?p=1218#primaryimage\"},\"image\":{\"@id\":\"https:\/\/sudoesteacontece.com.br\/?p=1218#primaryimage\"},\"thumbnailUrl\":\"https:\/\/sudoesteacontece.com.br\/wp-content\/uploads\/2025\/10\/Homem-e-preso-por-incendiar-residencia-apos-briga-com-irmao-em-Guanambi-sudoeste-acontece.webp\",\"datePublished\":\"2025-10-29T13:30:44+00:00\",\"dateModified\":\"2025-10-29T13:30:45+00:00\",\"breadcrumb\":{\"@id\":\"https:\/\/sudoesteacontece.com.br\/?p=1218#breadcrumb\"},\"inLanguage\":\"pt-BR\",\"potentialAction\":[{\"@type\":\"ReadAction\",\"target\":[\"https:\/\/sudoesteacontece.com.br\/?p=1218\"]}]},{\"@type\":\"ImageObject\",\"inLanguage\":\"pt-BR\",\"@id\":\"https:\/\/sudoesteacontece.com.br\/?p=1218#primaryimage\",\"url\":\"https:\/\/sudoesteacontece.com.br\/wp-content\/uploads\/2025\/10\/Homem-e-preso-por-incendiar-residencia-apos-briga-com-irmao-em-Guanambi-sudoeste-acontece.webp\",\"contentUrl\":\"https:\/\/sudoesteacontece.com.br\/wp-content\/uploads\/2025\/10\/Homem-e-preso-por-incendiar-residencia-apos-briga-com-irmao-em-Guanambi-sudoeste-acontece.webp\",\"width\":750,\"height\":500},{\"@type\":\"BreadcrumbList\",\"@id\":\"https:\/\/sudoesteacontece.com.br\/?p=1218#breadcrumb\",\"itemListElement\":[{\"@type\":\"ListItem\",\"position\":1,\"name\":\"In\u00edcio\",\"item\":\"https:\/\/sudoesteacontece.com.br\/\"},{\"@type\":\"ListItem\",\"position\":2,\"name\":\"Homem \u00e9 preso por incendiar resid\u00eancia ap\u00f3s briga com irm\u00e3o em Guanambi\"}]},{\"@type\":\"WebSite\",\"@id\":\"https:\/\/sudoesteacontece.com.br\/#website\",\"url\":\"https:\/\/sudoesteacontece.com.br\/\",\"name\":\"Sudoesteacontece\",\"description\":\"\",\"publisher\":{\"@id\":\"https:\/\/sudoesteacontece.com.br\/#organization\"},\"potentialAction\":[{\"@type\":\"SearchAction\",\"target\":{\"@type\":\"EntryPoint\",\"urlTemplate\":\"https:\/\/sudoesteacontece.com.br\/?s={search_term_string}\"},\"query-input\":{\"@type\":\"PropertyValueSpecification\",\"valueRequired\":true,\"valueName\":\"search_term_string\"}}],\"inLanguage\":\"pt-BR\"},{\"@type\":\"Organization\",\"@id\":\"https:\/\/sudoesteacontece.com.br\/#organization\",\"name\":\"Sudoesteacontece\",\"url\":\"https:\/\/sudoesteacontece.com.br\/\",\"logo\":{\"@type\":\"ImageObject\",\"inLanguage\":\"pt-BR\",\"@id\":\"https:\/\/sudoesteacontece.com.br\/#\/schema\/logo\/image\/\",\"url\":\"https:\/\/sudoesteacontece.com.br\/wp-content\/uploads\/2025\/12\/cropped-logo-2-180x180-1.png\",\"contentUrl\":\"https:\/\/sudoesteacontece.com.br\/wp-content\/uploads\/2025\/12\/cropped-logo-2-180x180-1.png\",\"width\":180,\"height\":180,\"caption\":\"Sudoesteacontece\"},\"image\":{\"@id\":\"https:\/\/sudoesteacontece.com.br\/#\/schema\/logo\/image\/\"},\"sameAs\":[\"https:\/\/www.facebook.com\/sudoesteacontece\/?locale=pt_BR\"]},{\"@type\":\"Person\",\"@id\":\"https:\/\/sudoesteacontece.com.br\/#\/schema\/person\/3cf2cf009926a9683ebc29d5379fa79c\",\"name\":\"Washington Tiago\",\"image\":{\"@type\":\"ImageObject\",\"inLanguage\":\"pt-BR\",\"@id\":\"https:\/\/sudoesteacontece.com.br\/#\/schema\/person\/image\/\",\"url\":\"https:\/\/secure.gravatar.com\/avatar\/33c43b8668157e040f9d1fe93c354bf087cbd8ba36270c1163198bd3ddcf2a56?s=96&d=mm&r=g\",\"contentUrl\":\"https:\/\/secure.gravatar.com\/avatar\/33c43b8668157e040f9d1fe93c354bf087cbd8ba36270c1163198bd3ddcf2a56?s=96&d=mm&r=g\",\"caption\":\"Washington Tiago\"},\"url\":\"https:\/\/sudoesteacontece.com.br\/?author=2\"}]}<\/script>\n<!-- \/ Yoast SEO plugin. -->","yoast_head_json":{"title":"Homem \u00e9 preso por incendiar resid\u00eancia ap\u00f3s briga com irm\u00e3o em Guanambi - Sudoesteacontece","robots":{"index":"index","follow":"follow","max-snippet":"max-snippet:-1","max-image-preview":"max-image-preview:large","max-video-preview":"max-video-preview:-1"},"canonical":"https:\/\/sudoesteacontece.com.br\/?p=1218","og_locale":"pt_BR","og_type":"article","og_title":"Homem \u00e9 preso por incendiar resid\u00eancia ap\u00f3s briga com irm\u00e3o em Guanambi - Sudoesteacontece","og_description":"Um homem foi preso na madrugada desta quarta-feira (29) em Guanambi, na regi\u00e3o sudoeste da Bahia, ap\u00f3s incendiar a casa da m\u00e3e. O crime aconteceu por volta das 04h30, na Rua Alagoas, no bairro Bras\u00edlia. O autor, ateou fogo no quarto do irm\u00e3o ap\u00f3s uma discuss\u00e3o familiar. De acordo com a m\u00e3e dos envolvidos, os dois filhos t\u00eam hist\u00f3rico de consumo de crack e \u00e1lcool. Ela relatou que, ap\u00f3s a briga ocorreu o inc\u00eandio, colocando em risco a seguran\u00e7a de todos na resid\u00eancia. Pol\u00edcia Militar foi acionada e chegou rapidamente ao local. O suspeito de ser o autor do inc\u00eandio foi preso e conduzido \u00e0 Delegacia de Pol\u00edcia de Guanambi, onde foi registrado o boletim de ocorr\u00eancia. A m\u00e3e tamb\u00e9m foi levada \u00e0 delegacia para prestar depoimento e fornecer detalhes sobre o ocorrido. Caso gerou grande preocupa\u00e7\u00e3o na comunidade, que se viu surpresa pela viol\u00eancia e pela situa\u00e7\u00e3o familiar envolvendo o uso de drogas. O autor da a\u00e7\u00e3o poder\u00e1 responder por inc\u00eandio criminoso, e as autoridades locais tomaram as medidas legais cab\u00edveis.","og_url":"https:\/\/sudoesteacontece.com.br\/?p=1218","og_site_name":"Sudoesteacontece","article_publisher":"https:\/\/www.facebook.com\/sudoesteacontece\/?locale=pt_BR","article_published_time":"2025-10-29T13:30:44+00:00","article_modified_time":"2025-10-29T13:30:45+00:00","og_image":[{"width":750,"height":500,"url":"https:\/\/sudoesteacontece.com.br\/wp-content\/uploads\/2025\/10\/Homem-e-preso-por-incendiar-residencia-apos-briga-com-irmao-em-Guanambi-sudoeste-acontece.webp","type":"image\/webp"}],"author":"Washington Tiago","twitter_card":"summary_large_image","twitter_misc":{"Escrito por":"Washington Tiago","Est. tempo de leitura":"1 minuto"},"schema":{"@context":"https:\/\/schema.org","@graph":[{"@type":"Article","@id":"https:\/\/sudoesteacontece.com.br\/?p=1218#article","isPartOf":{"@id":"https:\/\/sudoesteacontece.com.br\/?p=1218"},"author":{"name":"Washington Tiago","@id":"https:\/\/sudoesteacontece.com.br\/#\/schema\/person\/3cf2cf009926a9683ebc29d5379fa79c"},"headline":"Homem \u00e9 preso por incendiar resid\u00eancia ap\u00f3s briga com irm\u00e3o em Guanambi","datePublished":"2025-10-29T13:30:44+00:00","dateModified":"2025-10-29T13:30:45+00:00","mainEntityOfPage":{"@id":"https:\/\/sudoesteacontece.com.br\/?p=1218"},"wordCount":209,"commentCount":0,"publisher":{"@id":"https:\/\/sudoesteacontece.com.br\/#organization"},"image":{"@id":"https:\/\/sudoesteacontece.com.br\/?p=1218#primaryimage"},"thumbnailUrl":"https:\/\/sudoesteacontece.com.br\/wp-content\/uploads\/2025\/10\/Homem-e-preso-por-incendiar-residencia-apos-briga-com-irmao-em-Guanambi-sudoeste-acontece.webp","articleSection":["Cidades","Guanambi","Pol\u00edtica"],"inLanguage":"pt-BR","potentialAction":[{"@type":"CommentAction","name":"Comment","target":["https:\/\/sudoesteacontece.com.br\/?p=1218#respond"]}]},{"@type":"WebPage","@id":"https:\/\/sudoesteacontece.com.br\/?p=1218","url":"https:\/\/sudoesteacontece.com.br\/?p=1218","name":"Homem \u00e9 preso por incendiar resid\u00eancia ap\u00f3s briga com irm\u00e3o em Guanambi - Sudoesteacontece","isPartOf":{"@id":"https:\/\/sudoesteacontece.com.br\/#website"},"primaryImageOfPage":{"@id":"https:\/\/sudoesteacontece.com.br\/?p=1218#primaryimage"},"image":{"@id":"https:\/\/sudoesteacontece.com.br\/?p=1218#primaryimage"},"thumbnailUrl":"https:\/\/sudoesteacontece.com.br\/wp-content\/uploads\/2025\/10\/Homem-e-preso-por-incendiar-residencia-apos-briga-com-irmao-em-Guanambi-sudoeste-acontece.webp","datePublished":"2025-10-29T13:30:44+00:00","dateModified":"2025-10-29T13:30:45+00:00","breadcrumb":{"@id":"https:\/\/sudoesteacontece.com.br\/?p=1218#breadcrumb"},"inLanguage":"pt-BR","potentialAction":[{"@type":"ReadAction","target":["https:\/\/sudoesteacontece.com.br\/?p=1218"]}]},{"@type":"ImageObject","inLanguage":"pt-BR","@id":"https:\/\/sudoesteacontece.com.br\/?p=1218#primaryimage","url":"https:\/\/sudoesteacontece.com.br\/wp-content\/uploads\/2025\/10\/Homem-e-preso-por-incendiar-residencia-apos-briga-com-irmao-em-Guanambi-sudoeste-acontece.webp","contentUrl":"https:\/\/sudoesteacontece.com.br\/wp-content\/uploads\/2025\/10\/Homem-e-preso-por-incendiar-residencia-apos-briga-com-irmao-em-Guanambi-sudoeste-acontece.webp","width":750,"height":500},{"@type":"BreadcrumbList","@id":"https:\/\/sudoesteacontece.com.br\/?p=1218#breadcrumb","itemListElement":[{"@type":"ListItem","position":1,"name":"In\u00edcio","item":"https:\/\/sudoesteacontece.com.br\/"},{"@type":"ListItem","position":2,"name":"Homem \u00e9 preso por incendiar resid\u00eancia ap\u00f3s briga com irm\u00e3o em Guanambi"}]},{"@type":"WebSite","@id":"https:\/\/sudoesteacontece.com.br\/#website","url":"https:\/\/sudoesteacontece.com.br\/","name":"Sudoesteacontece","description":"","publisher":{"@id":"https:\/\/sudoesteacontece.com.br\/#organization"},"potentialAction":[{"@type":"SearchAction","target":{"@type":"EntryPoint","urlTemplate":"https:\/\/sudoesteacontece.com.br\/?s={search_term_string}"},"query-input":{"@type":"PropertyValueSpecification","valueRequired":true,"valueName":"search_term_string"}}],"inLanguage":"pt-BR"},{"@type":"Organization","@id":"https:\/\/sudoesteacontece.com.br\/#organization","name":"Sudoesteacontece","url":"https:\/\/sudoesteacontece.com.br\/","logo":{"@type":"ImageObject","inLanguage":"pt-BR","@id":"https:\/\/sudoesteacontece.com.br\/#\/schema\/logo\/image\/","url":"https:\/\/sudoesteacontece.com.br\/wp-content\/uploads\/2025\/12\/cropped-logo-2-180x180-1.png","contentUrl":"https:\/\/sudoesteacontece.com.br\/wp-content\/uploads\/2025\/12\/cropped-logo-2-180x180-1.png","width":180,"height":180,"caption":"Sudoesteacontece"},"image":{"@id":"https:\/\/sudoesteacontece.com.br\/#\/schema\/logo\/image\/"},"sameAs":["https:\/\/www.facebook.com\/sudoesteacontece\/?locale=pt_BR"]},{"@type":"Person","@id":"https:\/\/sudoesteacontece.com.br\/#\/schema\/person\/3cf2cf009926a9683ebc29d5379fa79c","name":"Washington Tiago","image":{"@type":"ImageObject","inLanguage":"pt-BR","@id":"https:\/\/sudoesteacontece.com.br\/#\/schema\/person\/image\/","url":"https:\/\/secure.gravatar.com\/avatar\/33c43b8668157e040f9d1fe93c354bf087cbd8ba36270c1163198bd3ddcf2a56?s=96&d=mm&r=g","contentUrl":"https:\/\/secure.gravatar.com\/avatar\/33c43b8668157e040f9d1fe93c354bf087cbd8ba36270c1163198bd3ddcf2a56?s=96&d=mm&r=g","caption":"Washington Tiago"},"url":"https:\/\/sudoesteacontece.com.br\/?author=2"}]}},"_links":{"self":[{"href":"https:\/\/sudoesteacontece.com.br\/index.php?rest_route=\/wp\/v2\/posts\/1218","targetHints":{"allow":["GET"]}}],"collection":[{"href":"https:\/\/sudoesteacontece.com.br\/index.php?rest_route=\/wp\/v2\/posts"}],"about":[{"href":"https:\/\/sudoesteacontece.com.br\/index.php?rest_route=\/wp\/v2\/types\/post"}],"author":[{"embeddable":true,"href":"https:\/\/sudoesteacontece.com.br\/index.php?rest_route=\/wp\/v2\/users\/2"}],"replies":[{"embeddable":true,"href":"https:\/\/sudoesteacontece.com.br\/index.php?rest_route=%2Fwp%2Fv2%2Fcomments&post=1218"}],"version-history":[{"count":0,"href":"https:\/\/sudoesteacontece.com.br\/index.php?rest_route=\/wp\/v2\/posts\/1218\/revisions"}],"wp:featuredmedia":[{"embeddable":true,"href":"https:\/\/sudoesteacontece.com.br\/index.php?rest_route=\/wp\/v2\/media\/1240"}],"wp:attachment":[{"href":"https:\/\/sudoesteacontece.com.br\/index.php?rest_route=%2Fwp%2Fv2%2Fmedia&parent=1218"}],"wp:term":[{"taxonomy":"category","embeddable":true,"href":"https:\/\/sudoesteacontece.com.br\/index.php?rest_route=%2Fwp%2Fv2%2Fcategories&post=1218"},{"taxonomy":"post_tag","embeddable":true,"href":"https:\/\/sudoesteacontece.com.br\/index.php?rest_route=%2Fwp%2Fv2%2Ftags&post=1218"}],"curies":[{"name":"wp","href":"https:\/\/api.w.org\/{rel}","templated":true}]}}