{"id":1220,"date":"2025-10-29T10:40:51","date_gmt":"2025-10-29T13:40:51","guid":{"rendered":"https:\/\/sudoesteacontece.com.br\/?p=1220"},"modified":"2025-10-29T10:40:52","modified_gmt":"2025-10-29T13:40:52","slug":"prefeito-fabricio-abrantes-acompanha-revitalizacao-de-cemiterios-em-preparacao-para-o-dia-de-finados","status":"publish","type":"post","link":"https:\/\/sudoesteacontece.com.br\/?p=1220","title":{"rendered":"Prefeito Fabr\u00edcio Abrantes acompanha revitaliza\u00e7\u00e3o de cemit\u00e9rios em prepara\u00e7\u00e3o para o Dia de Finados"},"content":{"rendered":"<div class=\"wp-block-image\">\n<figure class=\"aligncenter size-large\"><img fetchpriority=\"high\" decoding=\"async\" width=\"1024\" height=\"683\" src=\"http:\/\/sudoesteacontece.com.br\/wp-content\/uploads\/2025\/10\/Prefeito-Fabricio-Abrantes-acompanha-revitalizacao-de-cemiterios-em-preparacao-para-o-Dia-de-Finados-sudoeste-acontece-1-1024x683.jpg\" alt=\"\" class=\"wp-image-1245\" srcset=\"https:\/\/sudoesteacontece.com.br\/wp-content\/uploads\/2025\/10\/Prefeito-Fabricio-Abrantes-acompanha-revitalizacao-de-cemiterios-em-preparacao-para-o-Dia-de-Finados-sudoeste-acontece-1-1024x683.jpg 1024w, https:\/\/sudoesteacontece.com.br\/wp-content\/uploads\/2025\/10\/Prefeito-Fabricio-Abrantes-acompanha-revitalizacao-de-cemiterios-em-preparacao-para-o-Dia-de-Finados-sudoeste-acontece-1-300x200.jpg 300w, https:\/\/sudoesteacontece.com.br\/wp-content\/uploads\/2025\/10\/Prefeito-Fabricio-Abrantes-acompanha-revitalizacao-de-cemiterios-em-preparacao-para-o-Dia-de-Finados-sudoeste-acontece-1-768x512.jpg 768w, https:\/\/sudoesteacontece.com.br\/wp-content\/uploads\/2025\/10\/Prefeito-Fabricio-Abrantes-acompanha-revitalizacao-de-cemiterios-em-preparacao-para-o-Dia-de-Finados-sudoeste-acontece-1.jpg 1500w\" sizes=\"(max-width: 1024px) 100vw, 1024px\" \/><\/figure>\n<\/div>\n\n\n<p>O prefeito de Brumado, Fabr\u00edcio Abrantes (Avante), est\u00e1 acompanhando de perto as obras de revitaliza\u00e7\u00e3o do Cemit\u00e9rio Santa In\u00eas e dos cemit\u00e9rios das comunidades de Senhor do Bonfim e da zona rural do munic\u00edpio. As a\u00e7\u00f5es visam melhorar a infraestrutura dos espa\u00e7os p\u00fablicos em prepara\u00e7\u00e3o para o Dia de Finados, uma data importante para os brumadenses.<\/p>\n\n\n\n<p>De acordo com o prefeito, as interven\u00e7\u00f5es incluem uma s\u00e9rie de melhorias essenciais. Entre as obras est\u00e3o a limpeza geral, pavimenta\u00e7\u00e3o asf\u00e1ltica nas \u00e1reas de acesso, a implanta\u00e7\u00e3o de uma rede de \u00e1gua encanada, a constru\u00e7\u00e3o de banheiros e a abertura de uma nova sa\u00edda para facilitar a circula\u00e7\u00e3o de ve\u00edculos. Essas mudan\u00e7as s\u00e3o um reflexo do compromisso da administra\u00e7\u00e3o municipal com a qualidade de vida da popula\u00e7\u00e3o e o cuidado com os espa\u00e7os que recebem as fam\u00edlias enlutadas.<\/p>\n\n\n\n<p>Fabr\u00edcio Abrantes ressaltou, durante sua visita ao Cemit\u00e9rio Santa In\u00eas, que a gest\u00e3o est\u00e1 focada em atender as necessidades da popula\u00e7\u00e3o, valorizando a mem\u00f3ria e o respeito \u00e0s fam\u00edlias. \u201c\u00c9 um trabalho cont\u00ednuo de valoriza\u00e7\u00e3o e cuidado com a nossa cidade. Cuidar de Brumado \u00e9 tamb\u00e9m cuidar da hist\u00f3ria e da saudade de quem j\u00e1 partiu, mas jamais ser\u00e1 esquecida\u201d, afirmou o prefeito, destacando a import\u00e2ncia de tornar os espa\u00e7os p\u00fablicos mais acess\u00edveis e adequados para as pessoas.<\/p>\n\n\n\n<p>Al\u00e9m das reformas nos cemit\u00e9rios, o prefeito tem se empenhado em atender outras demandas essenciais da cidade. A administra\u00e7\u00e3o municipal tem investido constantemente na recupera\u00e7\u00e3o de ruas, melhoria do saneamento b\u00e1sico, amplia\u00e7\u00e3o de servi\u00e7os de sa\u00fade e educa\u00e7\u00e3o, e na revitaliza\u00e7\u00e3o de pra\u00e7as e espa\u00e7os p\u00fablicos. Fabr\u00edcio Abrantes tamb\u00e9m tem dialogado com a popula\u00e7\u00e3o para entender suas necessidades e promover a\u00e7\u00f5es que atendam as expectativas dos brumadenses, sempre priorizando o bem-estar da comunidade.<\/p>\n\n\n\n<p>A visita do prefeito aos cemit\u00e9rios tamb\u00e9m foi uma oportunidade para ele refor\u00e7ar o compromisso de sua gest\u00e3o com a preserva\u00e7\u00e3o de espa\u00e7os que t\u00eam grande import\u00e2ncia simb\u00f3lica para a cidade. Fabr\u00edcio tem se mostrado atento \u00e0s demandas da popula\u00e7\u00e3o, trabalhando para garantir que Brumado se torne uma cidade cada vez mais organizada e acolhedora para todos.<\/p>\n\n\n\n<p>Revitaliza\u00e7\u00e3o dos cemit\u00e9rios \u00e9 uma das muitas a\u00e7\u00f5es que demonstram o empenho da administra\u00e7\u00e3o municipal para melhorar a infraestrutura e garantir que os brumadenses possam se orgulhar do munic\u00edpio, tanto no presente quanto no futuro. O prefeito tamb\u00e9m destacou que as obras n\u00e3o param por a\u00ed, e que a cidade continuar\u00e1 recebendo melhorias em diversas \u00e1reas essenciais, como sa\u00fade, educa\u00e7\u00e3o e infraestrutura.<\/p>\n","protected":false},"excerpt":{"rendered":"<p>O prefeito de Brumado, Fabr\u00edcio Abrantes (Avante), est\u00e1 acompanhando de perto as obras de revitaliza\u00e7\u00e3o do Cemit\u00e9rio Santa In\u00eas e dos cemit\u00e9rios das comunidades de Senhor do Bonfim e da zona rural do munic\u00edpio. As a\u00e7\u00f5es visam melhorar a infraestrutura dos espa\u00e7os p\u00fablicos em prepara\u00e7\u00e3o para o Dia de Finados, uma data importante para os brumadenses. De acordo com o prefeito, as interven\u00e7\u00f5es incluem uma s\u00e9rie de melhorias essenciais. Entre as obras est\u00e3o a limpeza geral, pavimenta\u00e7\u00e3o asf\u00e1ltica nas \u00e1reas de acesso, a implanta\u00e7\u00e3o de uma rede de \u00e1gua encanada, a constru\u00e7\u00e3o de banheiros e a abertura de uma nova sa\u00edda para facilitar a circula\u00e7\u00e3o de ve\u00edculos. Essas mudan\u00e7as s\u00e3o um reflexo do compromisso da administra\u00e7\u00e3o municipal com a qualidade de vida da popula\u00e7\u00e3o e o cuidado com os espa\u00e7os que recebem as fam\u00edlias enlutadas. Fabr\u00edcio Abrantes ressaltou, durante sua visita ao Cemit\u00e9rio Santa In\u00eas, que a gest\u00e3o est\u00e1 focada em atender as necessidades da popula\u00e7\u00e3o, valorizando a mem\u00f3ria e o respeito \u00e0s fam\u00edlias. \u201c\u00c9 um trabalho cont\u00ednuo de valoriza\u00e7\u00e3o e cuidado com a nossa cidade. Cuidar de Brumado \u00e9 tamb\u00e9m cuidar da hist\u00f3ria e da saudade de quem j\u00e1 partiu, mas jamais ser\u00e1 esquecida\u201d, afirmou o prefeito, destacando a import\u00e2ncia de tornar os espa\u00e7os p\u00fablicos mais acess\u00edveis e adequados para as pessoas. Al\u00e9m das reformas nos cemit\u00e9rios, o prefeito tem se empenhado em atender outras demandas essenciais da cidade. A administra\u00e7\u00e3o municipal tem investido constantemente na recupera\u00e7\u00e3o de ruas, melhoria do saneamento b\u00e1sico, amplia\u00e7\u00e3o de servi\u00e7os de sa\u00fade e educa\u00e7\u00e3o, e na revitaliza\u00e7\u00e3o de pra\u00e7as e espa\u00e7os p\u00fablicos. Fabr\u00edcio Abrantes tamb\u00e9m tem dialogado com a popula\u00e7\u00e3o para entender suas necessidades e promover a\u00e7\u00f5es que atendam as expectativas dos brumadenses, sempre priorizando o bem-estar da comunidade. A visita do prefeito aos cemit\u00e9rios tamb\u00e9m foi uma oportunidade para ele refor\u00e7ar o compromisso de sua gest\u00e3o com a preserva\u00e7\u00e3o de espa\u00e7os que t\u00eam grande import\u00e2ncia simb\u00f3lica para a cidade. Fabr\u00edcio tem se mostrado atento \u00e0s demandas da popula\u00e7\u00e3o, trabalhando para garantir que Brumado se torne uma cidade cada vez mais organizada e acolhedora para todos. Revitaliza\u00e7\u00e3o dos cemit\u00e9rios \u00e9 uma das muitas a\u00e7\u00f5es que demonstram o empenho da administra\u00e7\u00e3o municipal para melhorar a infraestrutura e garantir que os brumadenses possam se orgulhar do munic\u00edpio, tanto no presente quanto no futuro. O prefeito tamb\u00e9m destacou que as obras n\u00e3o param por a\u00ed, e que a cidade continuar\u00e1 recebendo melhorias em diversas \u00e1reas essenciais, como sa\u00fade, educa\u00e7\u00e3o e infraestrutura.<\/p>\n","protected":false},"author":2,"featured_media":1245,"comment_status":"open","ping_status":"open","sticky":false,"template":"","format":"standard","meta":{"footnotes":""},"categories":[10,6],"tags":[],"class_list":["post-1220","post","type-post","status-publish","format-standard","has-post-thumbnail","hentry","category-brumado","category-politica"],"yoast_head":"<!-- This site is optimized with the Yoast SEO plugin v26.5 - https:\/\/yoast.com\/wordpress\/plugins\/seo\/ -->\n<title>Prefeito Fabr\u00edcio Abrantes acompanha revitaliza\u00e7\u00e3o de cemit\u00e9rios em prepara\u00e7\u00e3o para o Dia de Finados - Sudoesteacontece<\/title>\n<meta name=\"robots\" content=\"index, follow, max-snippet:-1, max-image-preview:large, max-video-preview:-1\" \/>\n<link rel=\"canonical\" href=\"https:\/\/sudoesteacontece.com.br\/?p=1220\" \/>\n<meta property=\"og:locale\" content=\"pt_BR\" \/>\n<meta property=\"og:type\" content=\"article\" \/>\n<meta property=\"og:title\" content=\"Prefeito Fabr\u00edcio Abrantes acompanha revitaliza\u00e7\u00e3o de cemit\u00e9rios em prepara\u00e7\u00e3o para o Dia de Finados - Sudoesteacontece\" \/>\n<meta property=\"og:description\" content=\"O prefeito de Brumado, Fabr\u00edcio Abrantes (Avante), est\u00e1 acompanhando de perto as obras de revitaliza\u00e7\u00e3o do Cemit\u00e9rio Santa In\u00eas e dos cemit\u00e9rios das comunidades de Senhor do Bonfim e da zona rural do munic\u00edpio. As a\u00e7\u00f5es visam melhorar a infraestrutura dos espa\u00e7os p\u00fablicos em prepara\u00e7\u00e3o para o Dia de Finados, uma data importante para os brumadenses. De acordo com o prefeito, as interven\u00e7\u00f5es incluem uma s\u00e9rie de melhorias essenciais. Entre as obras est\u00e3o a limpeza geral, pavimenta\u00e7\u00e3o asf\u00e1ltica nas \u00e1reas de acesso, a implanta\u00e7\u00e3o de uma rede de \u00e1gua encanada, a constru\u00e7\u00e3o de banheiros e a abertura de uma nova sa\u00edda para facilitar a circula\u00e7\u00e3o de ve\u00edculos. Essas mudan\u00e7as s\u00e3o um reflexo do compromisso da administra\u00e7\u00e3o municipal com a qualidade de vida da popula\u00e7\u00e3o e o cuidado com os espa\u00e7os que recebem as fam\u00edlias enlutadas. Fabr\u00edcio Abrantes ressaltou, durante sua visita ao Cemit\u00e9rio Santa In\u00eas, que a gest\u00e3o est\u00e1 focada em atender as necessidades da popula\u00e7\u00e3o, valorizando a mem\u00f3ria e o respeito \u00e0s fam\u00edlias. \u201c\u00c9 um trabalho cont\u00ednuo de valoriza\u00e7\u00e3o e cuidado com a nossa cidade. Cuidar de Brumado \u00e9 tamb\u00e9m cuidar da hist\u00f3ria e da saudade de quem j\u00e1 partiu, mas jamais ser\u00e1 esquecida\u201d, afirmou o prefeito, destacando a import\u00e2ncia de tornar os espa\u00e7os p\u00fablicos mais acess\u00edveis e adequados para as pessoas. Al\u00e9m das reformas nos cemit\u00e9rios, o prefeito tem se empenhado em atender outras demandas essenciais da cidade. A administra\u00e7\u00e3o municipal tem investido constantemente na recupera\u00e7\u00e3o de ruas, melhoria do saneamento b\u00e1sico, amplia\u00e7\u00e3o de servi\u00e7os de sa\u00fade e educa\u00e7\u00e3o, e na revitaliza\u00e7\u00e3o de pra\u00e7as e espa\u00e7os p\u00fablicos. Fabr\u00edcio Abrantes tamb\u00e9m tem dialogado com a popula\u00e7\u00e3o para entender suas necessidades e promover a\u00e7\u00f5es que atendam as expectativas dos brumadenses, sempre priorizando o bem-estar da comunidade. A visita do prefeito aos cemit\u00e9rios tamb\u00e9m foi uma oportunidade para ele refor\u00e7ar o compromisso de sua gest\u00e3o com a preserva\u00e7\u00e3o de espa\u00e7os que t\u00eam grande import\u00e2ncia simb\u00f3lica para a cidade. Fabr\u00edcio tem se mostrado atento \u00e0s demandas da popula\u00e7\u00e3o, trabalhando para garantir que Brumado se torne uma cidade cada vez mais organizada e acolhedora para todos. Revitaliza\u00e7\u00e3o dos cemit\u00e9rios \u00e9 uma das muitas a\u00e7\u00f5es que demonstram o empenho da administra\u00e7\u00e3o municipal para melhorar a infraestrutura e garantir que os brumadenses possam se orgulhar do munic\u00edpio, tanto no presente quanto no futuro. O prefeito tamb\u00e9m destacou que as obras n\u00e3o param por a\u00ed, e que a cidade continuar\u00e1 recebendo melhorias em diversas \u00e1reas essenciais, como sa\u00fade, educa\u00e7\u00e3o e infraestrutura.\" \/>\n<meta property=\"og:url\" content=\"https:\/\/sudoesteacontece.com.br\/?p=1220\" \/>\n<meta property=\"og:site_name\" content=\"Sudoesteacontece\" \/>\n<meta property=\"article:publisher\" content=\"https:\/\/www.facebook.com\/sudoesteacontece\/?locale=pt_BR\" \/>\n<meta property=\"article:published_time\" content=\"2025-10-29T13:40:51+00:00\" \/>\n<meta property=\"article:modified_time\" content=\"2025-10-29T13:40:52+00:00\" \/>\n<meta property=\"og:image\" content=\"https:\/\/sudoesteacontece.com.br\/wp-content\/uploads\/2025\/10\/Prefeito-Fabricio-Abrantes-acompanha-revitalizacao-de-cemiterios-em-preparacao-para-o-Dia-de-Finados-sudoeste-acontece-1.jpg\" \/>\n\t<meta property=\"og:image:width\" content=\"1500\" \/>\n\t<meta property=\"og:image:height\" content=\"1000\" \/>\n\t<meta property=\"og:image:type\" content=\"image\/jpeg\" \/>\n<meta name=\"author\" content=\"Washington Tiago\" \/>\n<meta name=\"twitter:card\" content=\"summary_large_image\" \/>\n<meta name=\"twitter:label1\" content=\"Escrito por\" \/>\n\t<meta name=\"twitter:data1\" content=\"Washington Tiago\" \/>\n\t<meta name=\"twitter:label2\" content=\"Est. tempo de leitura\" \/>\n\t<meta name=\"twitter:data2\" content=\"2 minutos\" \/>\n<script type=\"application\/ld+json\" class=\"yoast-schema-graph\">{\"@context\":\"https:\/\/schema.org\",\"@graph\":[{\"@type\":\"Article\",\"@id\":\"https:\/\/sudoesteacontece.com.br\/?p=1220#article\",\"isPartOf\":{\"@id\":\"https:\/\/sudoesteacontece.com.br\/?p=1220\"},\"author\":{\"name\":\"Washington Tiago\",\"@id\":\"https:\/\/sudoesteacontece.com.br\/#\/schema\/person\/3cf2cf009926a9683ebc29d5379fa79c\"},\"headline\":\"Prefeito Fabr\u00edcio Abrantes acompanha revitaliza\u00e7\u00e3o de cemit\u00e9rios em prepara\u00e7\u00e3o para o Dia de Finados\",\"datePublished\":\"2025-10-29T13:40:51+00:00\",\"dateModified\":\"2025-10-29T13:40:52+00:00\",\"mainEntityOfPage\":{\"@id\":\"https:\/\/sudoesteacontece.com.br\/?p=1220\"},\"wordCount\":498,\"commentCount\":0,\"publisher\":{\"@id\":\"https:\/\/sudoesteacontece.com.br\/#organization\"},\"image\":{\"@id\":\"https:\/\/sudoesteacontece.com.br\/?p=1220#primaryimage\"},\"thumbnailUrl\":\"https:\/\/sudoesteacontece.com.br\/wp-content\/uploads\/2025\/10\/Prefeito-Fabricio-Abrantes-acompanha-revitalizacao-de-cemiterios-em-preparacao-para-o-Dia-de-Finados-sudoeste-acontece-1.jpg\",\"articleSection\":[\"Brumado\",\"Pol\u00edtica\"],\"inLanguage\":\"pt-BR\",\"potentialAction\":[{\"@type\":\"CommentAction\",\"name\":\"Comment\",\"target\":[\"https:\/\/sudoesteacontece.com.br\/?p=1220#respond\"]}]},{\"@type\":\"WebPage\",\"@id\":\"https:\/\/sudoesteacontece.com.br\/?p=1220\",\"url\":\"https:\/\/sudoesteacontece.com.br\/?p=1220\",\"name\":\"Prefeito Fabr\u00edcio Abrantes acompanha revitaliza\u00e7\u00e3o de cemit\u00e9rios em prepara\u00e7\u00e3o para o Dia de Finados - Sudoesteacontece\",\"isPartOf\":{\"@id\":\"https:\/\/sudoesteacontece.com.br\/#website\"},\"primaryImageOfPage\":{\"@id\":\"https:\/\/sudoesteacontece.com.br\/?p=1220#primaryimage\"},\"image\":{\"@id\":\"https:\/\/sudoesteacontece.com.br\/?p=1220#primaryimage\"},\"thumbnailUrl\":\"https:\/\/sudoesteacontece.com.br\/wp-content\/uploads\/2025\/10\/Prefeito-Fabricio-Abrantes-acompanha-revitalizacao-de-cemiterios-em-preparacao-para-o-Dia-de-Finados-sudoeste-acontece-1.jpg\",\"datePublished\":\"2025-10-29T13:40:51+00:00\",\"dateModified\":\"2025-10-29T13:40:52+00:00\",\"breadcrumb\":{\"@id\":\"https:\/\/sudoesteacontece.com.br\/?p=1220#breadcrumb\"},\"inLanguage\":\"pt-BR\",\"potentialAction\":[{\"@type\":\"ReadAction\",\"target\":[\"https:\/\/sudoesteacontece.com.br\/?p=1220\"]}]},{\"@type\":\"ImageObject\",\"inLanguage\":\"pt-BR\",\"@id\":\"https:\/\/sudoesteacontece.com.br\/?p=1220#primaryimage\",\"url\":\"https:\/\/sudoesteacontece.com.br\/wp-content\/uploads\/2025\/10\/Prefeito-Fabricio-Abrantes-acompanha-revitalizacao-de-cemiterios-em-preparacao-para-o-Dia-de-Finados-sudoeste-acontece-1.jpg\",\"contentUrl\":\"https:\/\/sudoesteacontece.com.br\/wp-content\/uploads\/2025\/10\/Prefeito-Fabricio-Abrantes-acompanha-revitalizacao-de-cemiterios-em-preparacao-para-o-Dia-de-Finados-sudoeste-acontece-1.jpg\",\"width\":1500,\"height\":1000},{\"@type\":\"BreadcrumbList\",\"@id\":\"https:\/\/sudoesteacontece.com.br\/?p=1220#breadcrumb\",\"itemListElement\":[{\"@type\":\"ListItem\",\"position\":1,\"name\":\"In\u00edcio\",\"item\":\"https:\/\/sudoesteacontece.com.br\/\"},{\"@type\":\"ListItem\",\"position\":2,\"name\":\"Prefeito Fabr\u00edcio Abrantes acompanha revitaliza\u00e7\u00e3o de cemit\u00e9rios em prepara\u00e7\u00e3o para o Dia de Finados\"}]},{\"@type\":\"WebSite\",\"@id\":\"https:\/\/sudoesteacontece.com.br\/#website\",\"url\":\"https:\/\/sudoesteacontece.com.br\/\",\"name\":\"Sudoesteacontece\",\"description\":\"\",\"publisher\":{\"@id\":\"https:\/\/sudoesteacontece.com.br\/#organization\"},\"potentialAction\":[{\"@type\":\"SearchAction\",\"target\":{\"@type\":\"EntryPoint\",\"urlTemplate\":\"https:\/\/sudoesteacontece.com.br\/?s={search_term_string}\"},\"query-input\":{\"@type\":\"PropertyValueSpecification\",\"valueRequired\":true,\"valueName\":\"search_term_string\"}}],\"inLanguage\":\"pt-BR\"},{\"@type\":\"Organization\",\"@id\":\"https:\/\/sudoesteacontece.com.br\/#organization\",\"name\":\"Sudoesteacontece\",\"url\":\"https:\/\/sudoesteacontece.com.br\/\",\"logo\":{\"@type\":\"ImageObject\",\"inLanguage\":\"pt-BR\",\"@id\":\"https:\/\/sudoesteacontece.com.br\/#\/schema\/logo\/image\/\",\"url\":\"https:\/\/sudoesteacontece.com.br\/wp-content\/uploads\/2025\/12\/cropped-logo-2-180x180-1.png\",\"contentUrl\":\"https:\/\/sudoesteacontece.com.br\/wp-content\/uploads\/2025\/12\/cropped-logo-2-180x180-1.png\",\"width\":180,\"height\":180,\"caption\":\"Sudoesteacontece\"},\"image\":{\"@id\":\"https:\/\/sudoesteacontece.com.br\/#\/schema\/logo\/image\/\"},\"sameAs\":[\"https:\/\/www.facebook.com\/sudoesteacontece\/?locale=pt_BR\"]},{\"@type\":\"Person\",\"@id\":\"https:\/\/sudoesteacontece.com.br\/#\/schema\/person\/3cf2cf009926a9683ebc29d5379fa79c\",\"name\":\"Washington Tiago\",\"image\":{\"@type\":\"ImageObject\",\"inLanguage\":\"pt-BR\",\"@id\":\"https:\/\/sudoesteacontece.com.br\/#\/schema\/person\/image\/\",\"url\":\"https:\/\/secure.gravatar.com\/avatar\/33c43b8668157e040f9d1fe93c354bf087cbd8ba36270c1163198bd3ddcf2a56?s=96&d=mm&r=g\",\"contentUrl\":\"https:\/\/secure.gravatar.com\/avatar\/33c43b8668157e040f9d1fe93c354bf087cbd8ba36270c1163198bd3ddcf2a56?s=96&d=mm&r=g\",\"caption\":\"Washington Tiago\"},\"url\":\"https:\/\/sudoesteacontece.com.br\/?author=2\"}]}<\/script>\n<!-- \/ Yoast SEO plugin. -->","yoast_head_json":{"title":"Prefeito Fabr\u00edcio Abrantes acompanha revitaliza\u00e7\u00e3o de cemit\u00e9rios em prepara\u00e7\u00e3o para o Dia de Finados - Sudoesteacontece","robots":{"index":"index","follow":"follow","max-snippet":"max-snippet:-1","max-image-preview":"max-image-preview:large","max-video-preview":"max-video-preview:-1"},"canonical":"https:\/\/sudoesteacontece.com.br\/?p=1220","og_locale":"pt_BR","og_type":"article","og_title":"Prefeito Fabr\u00edcio Abrantes acompanha revitaliza\u00e7\u00e3o de cemit\u00e9rios em prepara\u00e7\u00e3o para o Dia de Finados - Sudoesteacontece","og_description":"O prefeito de Brumado, Fabr\u00edcio Abrantes (Avante), est\u00e1 acompanhando de perto as obras de revitaliza\u00e7\u00e3o do Cemit\u00e9rio Santa In\u00eas e dos cemit\u00e9rios das comunidades de Senhor do Bonfim e da zona rural do munic\u00edpio. As a\u00e7\u00f5es visam melhorar a infraestrutura dos espa\u00e7os p\u00fablicos em prepara\u00e7\u00e3o para o Dia de Finados, uma data importante para os brumadenses. De acordo com o prefeito, as interven\u00e7\u00f5es incluem uma s\u00e9rie de melhorias essenciais. Entre as obras est\u00e3o a limpeza geral, pavimenta\u00e7\u00e3o asf\u00e1ltica nas \u00e1reas de acesso, a implanta\u00e7\u00e3o de uma rede de \u00e1gua encanada, a constru\u00e7\u00e3o de banheiros e a abertura de uma nova sa\u00edda para facilitar a circula\u00e7\u00e3o de ve\u00edculos. Essas mudan\u00e7as s\u00e3o um reflexo do compromisso da administra\u00e7\u00e3o municipal com a qualidade de vida da popula\u00e7\u00e3o e o cuidado com os espa\u00e7os que recebem as fam\u00edlias enlutadas. Fabr\u00edcio Abrantes ressaltou, durante sua visita ao Cemit\u00e9rio Santa In\u00eas, que a gest\u00e3o est\u00e1 focada em atender as necessidades da popula\u00e7\u00e3o, valorizando a mem\u00f3ria e o respeito \u00e0s fam\u00edlias. \u201c\u00c9 um trabalho cont\u00ednuo de valoriza\u00e7\u00e3o e cuidado com a nossa cidade. Cuidar de Brumado \u00e9 tamb\u00e9m cuidar da hist\u00f3ria e da saudade de quem j\u00e1 partiu, mas jamais ser\u00e1 esquecida\u201d, afirmou o prefeito, destacando a import\u00e2ncia de tornar os espa\u00e7os p\u00fablicos mais acess\u00edveis e adequados para as pessoas. Al\u00e9m das reformas nos cemit\u00e9rios, o prefeito tem se empenhado em atender outras demandas essenciais da cidade. A administra\u00e7\u00e3o municipal tem investido constantemente na recupera\u00e7\u00e3o de ruas, melhoria do saneamento b\u00e1sico, amplia\u00e7\u00e3o de servi\u00e7os de sa\u00fade e educa\u00e7\u00e3o, e na revitaliza\u00e7\u00e3o de pra\u00e7as e espa\u00e7os p\u00fablicos. Fabr\u00edcio Abrantes tamb\u00e9m tem dialogado com a popula\u00e7\u00e3o para entender suas necessidades e promover a\u00e7\u00f5es que atendam as expectativas dos brumadenses, sempre priorizando o bem-estar da comunidade. A visita do prefeito aos cemit\u00e9rios tamb\u00e9m foi uma oportunidade para ele refor\u00e7ar o compromisso de sua gest\u00e3o com a preserva\u00e7\u00e3o de espa\u00e7os que t\u00eam grande import\u00e2ncia simb\u00f3lica para a cidade. Fabr\u00edcio tem se mostrado atento \u00e0s demandas da popula\u00e7\u00e3o, trabalhando para garantir que Brumado se torne uma cidade cada vez mais organizada e acolhedora para todos. Revitaliza\u00e7\u00e3o dos cemit\u00e9rios \u00e9 uma das muitas a\u00e7\u00f5es que demonstram o empenho da administra\u00e7\u00e3o municipal para melhorar a infraestrutura e garantir que os brumadenses possam se orgulhar do munic\u00edpio, tanto no presente quanto no futuro. O prefeito tamb\u00e9m destacou que as obras n\u00e3o param por a\u00ed, e que a cidade continuar\u00e1 recebendo melhorias em diversas \u00e1reas essenciais, como sa\u00fade, educa\u00e7\u00e3o e infraestrutura.","og_url":"https:\/\/sudoesteacontece.com.br\/?p=1220","og_site_name":"Sudoesteacontece","article_publisher":"https:\/\/www.facebook.com\/sudoesteacontece\/?locale=pt_BR","article_published_time":"2025-10-29T13:40:51+00:00","article_modified_time":"2025-10-29T13:40:52+00:00","og_image":[{"width":1500,"height":1000,"url":"https:\/\/sudoesteacontece.com.br\/wp-content\/uploads\/2025\/10\/Prefeito-Fabricio-Abrantes-acompanha-revitalizacao-de-cemiterios-em-preparacao-para-o-Dia-de-Finados-sudoeste-acontece-1.jpg","type":"image\/jpeg"}],"author":"Washington Tiago","twitter_card":"summary_large_image","twitter_misc":{"Escrito por":"Washington Tiago","Est. tempo de leitura":"2 minutos"},"schema":{"@context":"https:\/\/schema.org","@graph":[{"@type":"Article","@id":"https:\/\/sudoesteacontece.com.br\/?p=1220#article","isPartOf":{"@id":"https:\/\/sudoesteacontece.com.br\/?p=1220"},"author":{"name":"Washington Tiago","@id":"https:\/\/sudoesteacontece.com.br\/#\/schema\/person\/3cf2cf009926a9683ebc29d5379fa79c"},"headline":"Prefeito Fabr\u00edcio Abrantes acompanha revitaliza\u00e7\u00e3o de cemit\u00e9rios em prepara\u00e7\u00e3o para o Dia de Finados","datePublished":"2025-10-29T13:40:51+00:00","dateModified":"2025-10-29T13:40:52+00:00","mainEntityOfPage":{"@id":"https:\/\/sudoesteacontece.com.br\/?p=1220"},"wordCount":498,"commentCount":0,"publisher":{"@id":"https:\/\/sudoesteacontece.com.br\/#organization"},"image":{"@id":"https:\/\/sudoesteacontece.com.br\/?p=1220#primaryimage"},"thumbnailUrl":"https:\/\/sudoesteacontece.com.br\/wp-content\/uploads\/2025\/10\/Prefeito-Fabricio-Abrantes-acompanha-revitalizacao-de-cemiterios-em-preparacao-para-o-Dia-de-Finados-sudoeste-acontece-1.jpg","articleSection":["Brumado","Pol\u00edtica"],"inLanguage":"pt-BR","potentialAction":[{"@type":"CommentAction","name":"Comment","target":["https:\/\/sudoesteacontece.com.br\/?p=1220#respond"]}]},{"@type":"WebPage","@id":"https:\/\/sudoesteacontece.com.br\/?p=1220","url":"https:\/\/sudoesteacontece.com.br\/?p=1220","name":"Prefeito Fabr\u00edcio Abrantes acompanha revitaliza\u00e7\u00e3o de cemit\u00e9rios em prepara\u00e7\u00e3o para o Dia de Finados - Sudoesteacontece","isPartOf":{"@id":"https:\/\/sudoesteacontece.com.br\/#website"},"primaryImageOfPage":{"@id":"https:\/\/sudoesteacontece.com.br\/?p=1220#primaryimage"},"image":{"@id":"https:\/\/sudoesteacontece.com.br\/?p=1220#primaryimage"},"thumbnailUrl":"https:\/\/sudoesteacontece.com.br\/wp-content\/uploads\/2025\/10\/Prefeito-Fabricio-Abrantes-acompanha-revitalizacao-de-cemiterios-em-preparacao-para-o-Dia-de-Finados-sudoeste-acontece-1.jpg","datePublished":"2025-10-29T13:40:51+00:00","dateModified":"2025-10-29T13:40:52+00:00","breadcrumb":{"@id":"https:\/\/sudoesteacontece.com.br\/?p=1220#breadcrumb"},"inLanguage":"pt-BR","potentialAction":[{"@type":"ReadAction","target":["https:\/\/sudoesteacontece.com.br\/?p=1220"]}]},{"@type":"ImageObject","inLanguage":"pt-BR","@id":"https:\/\/sudoesteacontece.com.br\/?p=1220#primaryimage","url":"https:\/\/sudoesteacontece.com.br\/wp-content\/uploads\/2025\/10\/Prefeito-Fabricio-Abrantes-acompanha-revitalizacao-de-cemiterios-em-preparacao-para-o-Dia-de-Finados-sudoeste-acontece-1.jpg","contentUrl":"https:\/\/sudoesteacontece.com.br\/wp-content\/uploads\/2025\/10\/Prefeito-Fabricio-Abrantes-acompanha-revitalizacao-de-cemiterios-em-preparacao-para-o-Dia-de-Finados-sudoeste-acontece-1.jpg","width":1500,"height":1000},{"@type":"BreadcrumbList","@id":"https:\/\/sudoesteacontece.com.br\/?p=1220#breadcrumb","itemListElement":[{"@type":"ListItem","position":1,"name":"In\u00edcio","item":"https:\/\/sudoesteacontece.com.br\/"},{"@type":"ListItem","position":2,"name":"Prefeito Fabr\u00edcio Abrantes acompanha revitaliza\u00e7\u00e3o de cemit\u00e9rios em prepara\u00e7\u00e3o para o Dia de Finados"}]},{"@type":"WebSite","@id":"https:\/\/sudoesteacontece.com.br\/#website","url":"https:\/\/sudoesteacontece.com.br\/","name":"Sudoesteacontece","description":"","publisher":{"@id":"https:\/\/sudoesteacontece.com.br\/#organization"},"potentialAction":[{"@type":"SearchAction","target":{"@type":"EntryPoint","urlTemplate":"https:\/\/sudoesteacontece.com.br\/?s={search_term_string}"},"query-input":{"@type":"PropertyValueSpecification","valueRequired":true,"valueName":"search_term_string"}}],"inLanguage":"pt-BR"},{"@type":"Organization","@id":"https:\/\/sudoesteacontece.com.br\/#organization","name":"Sudoesteacontece","url":"https:\/\/sudoesteacontece.com.br\/","logo":{"@type":"ImageObject","inLanguage":"pt-BR","@id":"https:\/\/sudoesteacontece.com.br\/#\/schema\/logo\/image\/","url":"https:\/\/sudoesteacontece.com.br\/wp-content\/uploads\/2025\/12\/cropped-logo-2-180x180-1.png","contentUrl":"https:\/\/sudoesteacontece.com.br\/wp-content\/uploads\/2025\/12\/cropped-logo-2-180x180-1.png","width":180,"height":180,"caption":"Sudoesteacontece"},"image":{"@id":"https:\/\/sudoesteacontece.com.br\/#\/schema\/logo\/image\/"},"sameAs":["https:\/\/www.facebook.com\/sudoesteacontece\/?locale=pt_BR"]},{"@type":"Person","@id":"https:\/\/sudoesteacontece.com.br\/#\/schema\/person\/3cf2cf009926a9683ebc29d5379fa79c","name":"Washington Tiago","image":{"@type":"ImageObject","inLanguage":"pt-BR","@id":"https:\/\/sudoesteacontece.com.br\/#\/schema\/person\/image\/","url":"https:\/\/secure.gravatar.com\/avatar\/33c43b8668157e040f9d1fe93c354bf087cbd8ba36270c1163198bd3ddcf2a56?s=96&d=mm&r=g","contentUrl":"https:\/\/secure.gravatar.com\/avatar\/33c43b8668157e040f9d1fe93c354bf087cbd8ba36270c1163198bd3ddcf2a56?s=96&d=mm&r=g","caption":"Washington Tiago"},"url":"https:\/\/sudoesteacontece.com.br\/?author=2"}]}},"_links":{"self":[{"href":"https:\/\/sudoesteacontece.com.br\/index.php?rest_route=\/wp\/v2\/posts\/1220","targetHints":{"allow":["GET"]}}],"collection":[{"href":"https:\/\/sudoesteacontece.com.br\/index.php?rest_route=\/wp\/v2\/posts"}],"about":[{"href":"https:\/\/sudoesteacontece.com.br\/index.php?rest_route=\/wp\/v2\/types\/post"}],"author":[{"embeddable":true,"href":"https:\/\/sudoesteacontece.com.br\/index.php?rest_route=\/wp\/v2\/users\/2"}],"replies":[{"embeddable":true,"href":"https:\/\/sudoesteacontece.com.br\/index.php?rest_route=%2Fwp%2Fv2%2Fcomments&post=1220"}],"version-history":[{"count":0,"href":"https:\/\/sudoesteacontece.com.br\/index.php?rest_route=\/wp\/v2\/posts\/1220\/revisions"}],"wp:featuredmedia":[{"embeddable":true,"href":"https:\/\/sudoesteacontece.com.br\/index.php?rest_route=\/wp\/v2\/media\/1245"}],"wp:attachment":[{"href":"https:\/\/sudoesteacontece.com.br\/index.php?rest_route=%2Fwp%2Fv2%2Fmedia&parent=1220"}],"wp:term":[{"taxonomy":"category","embeddable":true,"href":"https:\/\/sudoesteacontece.com.br\/index.php?rest_route=%2Fwp%2Fv2%2Fcategories&post=1220"},{"taxonomy":"post_tag","embeddable":true,"href":"https:\/\/sudoesteacontece.com.br\/index.php?rest_route=%2Fwp%2Fv2%2Ftags&post=1220"}],"curies":[{"name":"wp","href":"https:\/\/api.w.org\/{rel}","templated":true}]}}