{"id":1282,"date":"2025-10-29T18:44:59","date_gmt":"2025-10-29T21:44:59","guid":{"rendered":"https:\/\/sudoesteacontece.com.br\/?p=1282"},"modified":"2025-10-29T18:45:00","modified_gmt":"2025-10-29T21:45:00","slug":"obras-de-pavimentacao-asfaltica-no-cemiterio-jardim-santa-ines-seguem-em-ritmo-acelerado-em-brumado","status":"publish","type":"post","link":"https:\/\/sudoesteacontece.com.br\/?p=1282","title":{"rendered":"Obras de pavimenta\u00e7\u00e3o asf\u00e1ltica no Cemit\u00e9rio Jardim Santa In\u00eas seguem em ritmo acelerado em Brumado"},"content":{"rendered":"\n<figure class=\"wp-block-image size-large\"><img fetchpriority=\"high\" decoding=\"async\" width=\"1024\" height=\"707\" src=\"http:\/\/sudoesteacontece.com.br\/wp-content\/uploads\/2025\/10\/Obras-de-pavimentacao-asfaltica-no-Cemiterio-Jardim-Santa-Ines-seguem-em-ritmo-acelerado-em-Brumado-sudoeste-acontece-1024x707.jpg\" alt=\"\" class=\"wp-image-1320\" srcset=\"https:\/\/sudoesteacontece.com.br\/wp-content\/uploads\/2025\/10\/Obras-de-pavimentacao-asfaltica-no-Cemiterio-Jardim-Santa-Ines-seguem-em-ritmo-acelerado-em-Brumado-sudoeste-acontece-1024x707.jpg 1024w, https:\/\/sudoesteacontece.com.br\/wp-content\/uploads\/2025\/10\/Obras-de-pavimentacao-asfaltica-no-Cemiterio-Jardim-Santa-Ines-seguem-em-ritmo-acelerado-em-Brumado-sudoeste-acontece-300x207.jpg 300w, https:\/\/sudoesteacontece.com.br\/wp-content\/uploads\/2025\/10\/Obras-de-pavimentacao-asfaltica-no-Cemiterio-Jardim-Santa-Ines-seguem-em-ritmo-acelerado-em-Brumado-sudoeste-acontece-768x530.jpg 768w, https:\/\/sudoesteacontece.com.br\/wp-content\/uploads\/2025\/10\/Obras-de-pavimentacao-asfaltica-no-Cemiterio-Jardim-Santa-Ines-seguem-em-ritmo-acelerado-em-Brumado-sudoeste-acontece.jpg 1182w\" sizes=\"(max-width: 1024px) 100vw, 1024px\" \/><\/figure>\n\n\n\n<p>As obras de pavimenta\u00e7\u00e3o e revitaliza\u00e7\u00e3o do Cemit\u00e9rio Jardim Santa In\u00eas, em Brumado, est\u00e3o avan\u00e7ando de forma acelerada e trazendo melhorias significativas para a \u00e1rea. Os trabalhos, que incluem a aplica\u00e7\u00e3o de pavimenta\u00e7\u00e3o asf\u00e1ltica e a instala\u00e7\u00e3o de um novo sistema de ilumina\u00e7\u00e3o em toda a \u00e1rea externa do cemit\u00e9rio.<\/p>\n\n\n\n<p>Essas melhorias fazem parte de um conjunto de a\u00e7\u00f5es promovidas pela Prefeitura de Brumado, sob a lideran\u00e7a do prefeito Fabr\u00edcio Abrantes (Avante), para modernizar e revitalizar espa\u00e7os p\u00fablicos essenciais da cidade. A pavimenta\u00e7\u00e3o asf\u00e1ltica \u00e9 um dos principais destaques dessa interven\u00e7\u00e3o, sendo altamente elogiada pelos moradores da regi\u00e3o. Eles destacam o impacto positivo nas condi\u00e7\u00f5es de acesso e no conforto das pessoas que frequentam o local, principalmente em datas comemorativas e durante cerim\u00f4nias de visita\u00e7\u00e3o.<\/p>\n\n\n\n<p>Reforma no cemit\u00e9rio tamb\u00e9m inclui a melhoria na ilumina\u00e7\u00e3o p\u00fablica, que visa proporcionar mais seguran\u00e7a e visibilidade durante o per\u00edodo noturno, al\u00e9m de valorizar ainda mais o espa\u00e7o. A gest\u00e3o do prefeito Fabr\u00edcio Abrantes tem se mostrado comprometida com a moderniza\u00e7\u00e3o de Brumado, buscando n\u00e3o s\u00f3 melhorar a infraestrutura da cidade, mas tamb\u00e9m garantir a valoriza\u00e7\u00e3o e o respeito aos locais de maior significado para a popula\u00e7\u00e3o.<\/p>\n\n\n\n<p>Cemit\u00e9rio Jardim Santa In\u00eas, que \u00e9 um dos mais importantes do munic\u00edpio, agora possui um visual mais moderno e digno, com um ambiente mais bem cuidado e acess\u00edvel. Essas mudan\u00e7as refletem o compromisso da administra\u00e7\u00e3o com o bem-estar e a qualidade de vida dos cidad\u00e3os, proporcionando um local mais adequado e acolhedor para todos que frequentam o espa\u00e7o.<\/p>\n\n\n\n<p>Prefeitura de Brumado reafirma que continuar\u00e1 investindo em obras estruturais que promovam o desenvolvimento urbano e o bem-estar da popula\u00e7\u00e3o. O objetivo \u00e9 transformar a cidade, proporcionando mais conforto, seguran\u00e7a e qualidade de vida para seus moradores. Prefeito Fabr\u00edcio Abrantes, em diversas ocasi\u00f5es, tem refor\u00e7ado a import\u00e2ncia de investir em melhorias nos espa\u00e7os p\u00fablicos como forma de promover uma cidade mais moderna e organizada, sempre com foco no atendimento \u00e0s necessidades da popula\u00e7\u00e3o.<\/p>\n\n\n\n<p>Essas obras fazem parte de um planejamento maior da Prefeitura de Brumado, que inclui tamb\u00e9m a revitaliza\u00e7\u00e3o de outras \u00e1reas da cidade, buscando atender aos diversos setores urbanos e melhorar as condi\u00e7\u00f5es de infraestrutura para todos os brumadenses.<\/p>\n","protected":false},"excerpt":{"rendered":"<p>As obras de pavimenta\u00e7\u00e3o e revitaliza\u00e7\u00e3o do Cemit\u00e9rio Jardim Santa In\u00eas, em Brumado, est\u00e3o avan\u00e7ando de forma acelerada e trazendo melhorias significativas para a \u00e1rea. Os trabalhos, que incluem a aplica\u00e7\u00e3o de pavimenta\u00e7\u00e3o asf\u00e1ltica e a instala\u00e7\u00e3o de um novo sistema de ilumina\u00e7\u00e3o em toda a \u00e1rea externa do cemit\u00e9rio. Essas melhorias fazem parte de um conjunto de a\u00e7\u00f5es promovidas pela Prefeitura de Brumado, sob a lideran\u00e7a do prefeito Fabr\u00edcio Abrantes (Avante), para modernizar e revitalizar espa\u00e7os p\u00fablicos essenciais da cidade. A pavimenta\u00e7\u00e3o asf\u00e1ltica \u00e9 um dos principais destaques dessa interven\u00e7\u00e3o, sendo altamente elogiada pelos moradores da regi\u00e3o. Eles destacam o impacto positivo nas condi\u00e7\u00f5es de acesso e no conforto das pessoas que frequentam o local, principalmente em datas comemorativas e durante cerim\u00f4nias de visita\u00e7\u00e3o. Reforma no cemit\u00e9rio tamb\u00e9m inclui a melhoria na ilumina\u00e7\u00e3o p\u00fablica, que visa proporcionar mais seguran\u00e7a e visibilidade durante o per\u00edodo noturno, al\u00e9m de valorizar ainda mais o espa\u00e7o. A gest\u00e3o do prefeito Fabr\u00edcio Abrantes tem se mostrado comprometida com a moderniza\u00e7\u00e3o de Brumado, buscando n\u00e3o s\u00f3 melhorar a infraestrutura da cidade, mas tamb\u00e9m garantir a valoriza\u00e7\u00e3o e o respeito aos locais de maior significado para a popula\u00e7\u00e3o. Cemit\u00e9rio Jardim Santa In\u00eas, que \u00e9 um dos mais importantes do munic\u00edpio, agora possui um visual mais moderno e digno, com um ambiente mais bem cuidado e acess\u00edvel. Essas mudan\u00e7as refletem o compromisso da administra\u00e7\u00e3o com o bem-estar e a qualidade de vida dos cidad\u00e3os, proporcionando um local mais adequado e acolhedor para todos que frequentam o espa\u00e7o. Prefeitura de Brumado reafirma que continuar\u00e1 investindo em obras estruturais que promovam o desenvolvimento urbano e o bem-estar da popula\u00e7\u00e3o. O objetivo \u00e9 transformar a cidade, proporcionando mais conforto, seguran\u00e7a e qualidade de vida para seus moradores. Prefeito Fabr\u00edcio Abrantes, em diversas ocasi\u00f5es, tem refor\u00e7ado a import\u00e2ncia de investir em melhorias nos espa\u00e7os p\u00fablicos como forma de promover uma cidade mais moderna e organizada, sempre com foco no atendimento \u00e0s necessidades da popula\u00e7\u00e3o. Essas obras fazem parte de um planejamento maior da Prefeitura de Brumado, que inclui tamb\u00e9m a revitaliza\u00e7\u00e3o de outras \u00e1reas da cidade, buscando atender aos diversos setores urbanos e melhorar as condi\u00e7\u00f5es de infraestrutura para todos os brumadenses.<\/p>\n","protected":false},"author":2,"featured_media":1320,"comment_status":"open","ping_status":"open","sticky":false,"template":"","format":"standard","meta":{"footnotes":""},"categories":[10,4,6],"tags":[],"class_list":["post-1282","post","type-post","status-publish","format-standard","has-post-thumbnail","hentry","category-brumado","category-cidades","category-politica"],"yoast_head":"<!-- This site is optimized with the Yoast SEO plugin v26.5 - https:\/\/yoast.com\/wordpress\/plugins\/seo\/ -->\n<title>Obras de pavimenta\u00e7\u00e3o asf\u00e1ltica no Cemit\u00e9rio Jardim Santa In\u00eas seguem em ritmo acelerado em Brumado - Sudoesteacontece<\/title>\n<meta name=\"robots\" content=\"index, follow, max-snippet:-1, max-image-preview:large, max-video-preview:-1\" \/>\n<link rel=\"canonical\" href=\"http:\/\/sudoesteacontece.com.br\/?p=1282\" \/>\n<meta property=\"og:locale\" content=\"pt_BR\" \/>\n<meta property=\"og:type\" content=\"article\" \/>\n<meta property=\"og:title\" content=\"Obras de pavimenta\u00e7\u00e3o asf\u00e1ltica no Cemit\u00e9rio Jardim Santa In\u00eas seguem em ritmo acelerado em Brumado - Sudoesteacontece\" \/>\n<meta property=\"og:description\" content=\"As obras de pavimenta\u00e7\u00e3o e revitaliza\u00e7\u00e3o do Cemit\u00e9rio Jardim Santa In\u00eas, em Brumado, est\u00e3o avan\u00e7ando de forma acelerada e trazendo melhorias significativas para a \u00e1rea. Os trabalhos, que incluem a aplica\u00e7\u00e3o de pavimenta\u00e7\u00e3o asf\u00e1ltica e a instala\u00e7\u00e3o de um novo sistema de ilumina\u00e7\u00e3o em toda a \u00e1rea externa do cemit\u00e9rio. Essas melhorias fazem parte de um conjunto de a\u00e7\u00f5es promovidas pela Prefeitura de Brumado, sob a lideran\u00e7a do prefeito Fabr\u00edcio Abrantes (Avante), para modernizar e revitalizar espa\u00e7os p\u00fablicos essenciais da cidade. A pavimenta\u00e7\u00e3o asf\u00e1ltica \u00e9 um dos principais destaques dessa interven\u00e7\u00e3o, sendo altamente elogiada pelos moradores da regi\u00e3o. Eles destacam o impacto positivo nas condi\u00e7\u00f5es de acesso e no conforto das pessoas que frequentam o local, principalmente em datas comemorativas e durante cerim\u00f4nias de visita\u00e7\u00e3o. Reforma no cemit\u00e9rio tamb\u00e9m inclui a melhoria na ilumina\u00e7\u00e3o p\u00fablica, que visa proporcionar mais seguran\u00e7a e visibilidade durante o per\u00edodo noturno, al\u00e9m de valorizar ainda mais o espa\u00e7o. A gest\u00e3o do prefeito Fabr\u00edcio Abrantes tem se mostrado comprometida com a moderniza\u00e7\u00e3o de Brumado, buscando n\u00e3o s\u00f3 melhorar a infraestrutura da cidade, mas tamb\u00e9m garantir a valoriza\u00e7\u00e3o e o respeito aos locais de maior significado para a popula\u00e7\u00e3o. Cemit\u00e9rio Jardim Santa In\u00eas, que \u00e9 um dos mais importantes do munic\u00edpio, agora possui um visual mais moderno e digno, com um ambiente mais bem cuidado e acess\u00edvel. Essas mudan\u00e7as refletem o compromisso da administra\u00e7\u00e3o com o bem-estar e a qualidade de vida dos cidad\u00e3os, proporcionando um local mais adequado e acolhedor para todos que frequentam o espa\u00e7o. Prefeitura de Brumado reafirma que continuar\u00e1 investindo em obras estruturais que promovam o desenvolvimento urbano e o bem-estar da popula\u00e7\u00e3o. O objetivo \u00e9 transformar a cidade, proporcionando mais conforto, seguran\u00e7a e qualidade de vida para seus moradores. Prefeito Fabr\u00edcio Abrantes, em diversas ocasi\u00f5es, tem refor\u00e7ado a import\u00e2ncia de investir em melhorias nos espa\u00e7os p\u00fablicos como forma de promover uma cidade mais moderna e organizada, sempre com foco no atendimento \u00e0s necessidades da popula\u00e7\u00e3o. Essas obras fazem parte de um planejamento maior da Prefeitura de Brumado, que inclui tamb\u00e9m a revitaliza\u00e7\u00e3o de outras \u00e1reas da cidade, buscando atender aos diversos setores urbanos e melhorar as condi\u00e7\u00f5es de infraestrutura para todos os brumadenses.\" \/>\n<meta property=\"og:url\" content=\"http:\/\/sudoesteacontece.com.br\/?p=1282\" \/>\n<meta property=\"og:site_name\" content=\"Sudoesteacontece\" \/>\n<meta property=\"article:publisher\" content=\"https:\/\/www.facebook.com\/sudoesteacontece\/?locale=pt_BR\" \/>\n<meta property=\"article:published_time\" content=\"2025-10-29T21:44:59+00:00\" \/>\n<meta property=\"article:modified_time\" content=\"2025-10-29T21:45:00+00:00\" \/>\n<meta property=\"og:image\" content=\"http:\/\/sudoesteacontece.com.br\/wp-content\/uploads\/2025\/10\/Obras-de-pavimentacao-asfaltica-no-Cemiterio-Jardim-Santa-Ines-seguem-em-ritmo-acelerado-em-Brumado-sudoeste-acontece.jpg\" \/>\n\t<meta property=\"og:image:width\" content=\"1182\" \/>\n\t<meta property=\"og:image:height\" content=\"816\" \/>\n\t<meta property=\"og:image:type\" content=\"image\/jpeg\" \/>\n<meta name=\"author\" content=\"Washington Tiago\" \/>\n<meta name=\"twitter:card\" content=\"summary_large_image\" \/>\n<meta name=\"twitter:label1\" content=\"Escrito por\" \/>\n\t<meta name=\"twitter:data1\" content=\"Washington Tiago\" \/>\n\t<meta name=\"twitter:label2\" content=\"Est. tempo de leitura\" \/>\n\t<meta name=\"twitter:data2\" content=\"2 minutos\" \/>\n<script type=\"application\/ld+json\" class=\"yoast-schema-graph\">{\"@context\":\"https:\/\/schema.org\",\"@graph\":[{\"@type\":\"Article\",\"@id\":\"http:\/\/sudoesteacontece.com.br\/?p=1282#article\",\"isPartOf\":{\"@id\":\"http:\/\/sudoesteacontece.com.br\/?p=1282\"},\"author\":{\"name\":\"Washington Tiago\",\"@id\":\"https:\/\/sudoesteacontece.com.br\/#\/schema\/person\/3cf2cf009926a9683ebc29d5379fa79c\"},\"headline\":\"Obras de pavimenta\u00e7\u00e3o asf\u00e1ltica no Cemit\u00e9rio Jardim Santa In\u00eas seguem em ritmo acelerado em Brumado\",\"datePublished\":\"2025-10-29T21:44:59+00:00\",\"dateModified\":\"2025-10-29T21:45:00+00:00\",\"mainEntityOfPage\":{\"@id\":\"http:\/\/sudoesteacontece.com.br\/?p=1282\"},\"wordCount\":436,\"commentCount\":0,\"publisher\":{\"@id\":\"https:\/\/sudoesteacontece.com.br\/#organization\"},\"image\":{\"@id\":\"http:\/\/sudoesteacontece.com.br\/?p=1282#primaryimage\"},\"thumbnailUrl\":\"https:\/\/sudoesteacontece.com.br\/wp-content\/uploads\/2025\/10\/Obras-de-pavimentacao-asfaltica-no-Cemiterio-Jardim-Santa-Ines-seguem-em-ritmo-acelerado-em-Brumado-sudoeste-acontece.jpg\",\"articleSection\":[\"Brumado\",\"Cidades\",\"Pol\u00edtica\"],\"inLanguage\":\"pt-BR\",\"potentialAction\":[{\"@type\":\"CommentAction\",\"name\":\"Comment\",\"target\":[\"http:\/\/sudoesteacontece.com.br\/?p=1282#respond\"]}]},{\"@type\":\"WebPage\",\"@id\":\"http:\/\/sudoesteacontece.com.br\/?p=1282\",\"url\":\"http:\/\/sudoesteacontece.com.br\/?p=1282\",\"name\":\"Obras de pavimenta\u00e7\u00e3o asf\u00e1ltica no Cemit\u00e9rio Jardim Santa In\u00eas seguem em ritmo acelerado em Brumado - Sudoesteacontece\",\"isPartOf\":{\"@id\":\"https:\/\/sudoesteacontece.com.br\/#website\"},\"primaryImageOfPage\":{\"@id\":\"http:\/\/sudoesteacontece.com.br\/?p=1282#primaryimage\"},\"image\":{\"@id\":\"http:\/\/sudoesteacontece.com.br\/?p=1282#primaryimage\"},\"thumbnailUrl\":\"https:\/\/sudoesteacontece.com.br\/wp-content\/uploads\/2025\/10\/Obras-de-pavimentacao-asfaltica-no-Cemiterio-Jardim-Santa-Ines-seguem-em-ritmo-acelerado-em-Brumado-sudoeste-acontece.jpg\",\"datePublished\":\"2025-10-29T21:44:59+00:00\",\"dateModified\":\"2025-10-29T21:45:00+00:00\",\"breadcrumb\":{\"@id\":\"http:\/\/sudoesteacontece.com.br\/?p=1282#breadcrumb\"},\"inLanguage\":\"pt-BR\",\"potentialAction\":[{\"@type\":\"ReadAction\",\"target\":[\"http:\/\/sudoesteacontece.com.br\/?p=1282\"]}]},{\"@type\":\"ImageObject\",\"inLanguage\":\"pt-BR\",\"@id\":\"http:\/\/sudoesteacontece.com.br\/?p=1282#primaryimage\",\"url\":\"https:\/\/sudoesteacontece.com.br\/wp-content\/uploads\/2025\/10\/Obras-de-pavimentacao-asfaltica-no-Cemiterio-Jardim-Santa-Ines-seguem-em-ritmo-acelerado-em-Brumado-sudoeste-acontece.jpg\",\"contentUrl\":\"https:\/\/sudoesteacontece.com.br\/wp-content\/uploads\/2025\/10\/Obras-de-pavimentacao-asfaltica-no-Cemiterio-Jardim-Santa-Ines-seguem-em-ritmo-acelerado-em-Brumado-sudoeste-acontece.jpg\",\"width\":1182,\"height\":816},{\"@type\":\"BreadcrumbList\",\"@id\":\"http:\/\/sudoesteacontece.com.br\/?p=1282#breadcrumb\",\"itemListElement\":[{\"@type\":\"ListItem\",\"position\":1,\"name\":\"In\u00edcio\",\"item\":\"https:\/\/sudoesteacontece.com.br\/\"},{\"@type\":\"ListItem\",\"position\":2,\"name\":\"Obras de pavimenta\u00e7\u00e3o asf\u00e1ltica no Cemit\u00e9rio Jardim Santa In\u00eas seguem em ritmo acelerado em Brumado\"}]},{\"@type\":\"WebSite\",\"@id\":\"https:\/\/sudoesteacontece.com.br\/#website\",\"url\":\"https:\/\/sudoesteacontece.com.br\/\",\"name\":\"Sudoesteacontece\",\"description\":\"\",\"publisher\":{\"@id\":\"https:\/\/sudoesteacontece.com.br\/#organization\"},\"potentialAction\":[{\"@type\":\"SearchAction\",\"target\":{\"@type\":\"EntryPoint\",\"urlTemplate\":\"https:\/\/sudoesteacontece.com.br\/?s={search_term_string}\"},\"query-input\":{\"@type\":\"PropertyValueSpecification\",\"valueRequired\":true,\"valueName\":\"search_term_string\"}}],\"inLanguage\":\"pt-BR\"},{\"@type\":\"Organization\",\"@id\":\"https:\/\/sudoesteacontece.com.br\/#organization\",\"name\":\"Sudoesteacontece\",\"url\":\"https:\/\/sudoesteacontece.com.br\/\",\"logo\":{\"@type\":\"ImageObject\",\"inLanguage\":\"pt-BR\",\"@id\":\"https:\/\/sudoesteacontece.com.br\/#\/schema\/logo\/image\/\",\"url\":\"https:\/\/sudoesteacontece.com.br\/wp-content\/uploads\/2025\/12\/cropped-logo-2-180x180-1.png\",\"contentUrl\":\"https:\/\/sudoesteacontece.com.br\/wp-content\/uploads\/2025\/12\/cropped-logo-2-180x180-1.png\",\"width\":180,\"height\":180,\"caption\":\"Sudoesteacontece\"},\"image\":{\"@id\":\"https:\/\/sudoesteacontece.com.br\/#\/schema\/logo\/image\/\"},\"sameAs\":[\"https:\/\/www.facebook.com\/sudoesteacontece\/?locale=pt_BR\"]},{\"@type\":\"Person\",\"@id\":\"https:\/\/sudoesteacontece.com.br\/#\/schema\/person\/3cf2cf009926a9683ebc29d5379fa79c\",\"name\":\"Washington Tiago\",\"image\":{\"@type\":\"ImageObject\",\"inLanguage\":\"pt-BR\",\"@id\":\"https:\/\/sudoesteacontece.com.br\/#\/schema\/person\/image\/\",\"url\":\"https:\/\/secure.gravatar.com\/avatar\/33c43b8668157e040f9d1fe93c354bf087cbd8ba36270c1163198bd3ddcf2a56?s=96&d=mm&r=g\",\"contentUrl\":\"https:\/\/secure.gravatar.com\/avatar\/33c43b8668157e040f9d1fe93c354bf087cbd8ba36270c1163198bd3ddcf2a56?s=96&d=mm&r=g\",\"caption\":\"Washington Tiago\"},\"url\":\"https:\/\/sudoesteacontece.com.br\/?author=2\"}]}<\/script>\n<!-- \/ Yoast SEO plugin. -->","yoast_head_json":{"title":"Obras de pavimenta\u00e7\u00e3o asf\u00e1ltica no Cemit\u00e9rio Jardim Santa In\u00eas seguem em ritmo acelerado em Brumado - Sudoesteacontece","robots":{"index":"index","follow":"follow","max-snippet":"max-snippet:-1","max-image-preview":"max-image-preview:large","max-video-preview":"max-video-preview:-1"},"canonical":"http:\/\/sudoesteacontece.com.br\/?p=1282","og_locale":"pt_BR","og_type":"article","og_title":"Obras de pavimenta\u00e7\u00e3o asf\u00e1ltica no Cemit\u00e9rio Jardim Santa In\u00eas seguem em ritmo acelerado em Brumado - Sudoesteacontece","og_description":"As obras de pavimenta\u00e7\u00e3o e revitaliza\u00e7\u00e3o do Cemit\u00e9rio Jardim Santa In\u00eas, em Brumado, est\u00e3o avan\u00e7ando de forma acelerada e trazendo melhorias significativas para a \u00e1rea. Os trabalhos, que incluem a aplica\u00e7\u00e3o de pavimenta\u00e7\u00e3o asf\u00e1ltica e a instala\u00e7\u00e3o de um novo sistema de ilumina\u00e7\u00e3o em toda a \u00e1rea externa do cemit\u00e9rio. Essas melhorias fazem parte de um conjunto de a\u00e7\u00f5es promovidas pela Prefeitura de Brumado, sob a lideran\u00e7a do prefeito Fabr\u00edcio Abrantes (Avante), para modernizar e revitalizar espa\u00e7os p\u00fablicos essenciais da cidade. A pavimenta\u00e7\u00e3o asf\u00e1ltica \u00e9 um dos principais destaques dessa interven\u00e7\u00e3o, sendo altamente elogiada pelos moradores da regi\u00e3o. Eles destacam o impacto positivo nas condi\u00e7\u00f5es de acesso e no conforto das pessoas que frequentam o local, principalmente em datas comemorativas e durante cerim\u00f4nias de visita\u00e7\u00e3o. Reforma no cemit\u00e9rio tamb\u00e9m inclui a melhoria na ilumina\u00e7\u00e3o p\u00fablica, que visa proporcionar mais seguran\u00e7a e visibilidade durante o per\u00edodo noturno, al\u00e9m de valorizar ainda mais o espa\u00e7o. A gest\u00e3o do prefeito Fabr\u00edcio Abrantes tem se mostrado comprometida com a moderniza\u00e7\u00e3o de Brumado, buscando n\u00e3o s\u00f3 melhorar a infraestrutura da cidade, mas tamb\u00e9m garantir a valoriza\u00e7\u00e3o e o respeito aos locais de maior significado para a popula\u00e7\u00e3o. Cemit\u00e9rio Jardim Santa In\u00eas, que \u00e9 um dos mais importantes do munic\u00edpio, agora possui um visual mais moderno e digno, com um ambiente mais bem cuidado e acess\u00edvel. Essas mudan\u00e7as refletem o compromisso da administra\u00e7\u00e3o com o bem-estar e a qualidade de vida dos cidad\u00e3os, proporcionando um local mais adequado e acolhedor para todos que frequentam o espa\u00e7o. Prefeitura de Brumado reafirma que continuar\u00e1 investindo em obras estruturais que promovam o desenvolvimento urbano e o bem-estar da popula\u00e7\u00e3o. O objetivo \u00e9 transformar a cidade, proporcionando mais conforto, seguran\u00e7a e qualidade de vida para seus moradores. Prefeito Fabr\u00edcio Abrantes, em diversas ocasi\u00f5es, tem refor\u00e7ado a import\u00e2ncia de investir em melhorias nos espa\u00e7os p\u00fablicos como forma de promover uma cidade mais moderna e organizada, sempre com foco no atendimento \u00e0s necessidades da popula\u00e7\u00e3o. Essas obras fazem parte de um planejamento maior da Prefeitura de Brumado, que inclui tamb\u00e9m a revitaliza\u00e7\u00e3o de outras \u00e1reas da cidade, buscando atender aos diversos setores urbanos e melhorar as condi\u00e7\u00f5es de infraestrutura para todos os brumadenses.","og_url":"http:\/\/sudoesteacontece.com.br\/?p=1282","og_site_name":"Sudoesteacontece","article_publisher":"https:\/\/www.facebook.com\/sudoesteacontece\/?locale=pt_BR","article_published_time":"2025-10-29T21:44:59+00:00","article_modified_time":"2025-10-29T21:45:00+00:00","og_image":[{"width":1182,"height":816,"url":"http:\/\/sudoesteacontece.com.br\/wp-content\/uploads\/2025\/10\/Obras-de-pavimentacao-asfaltica-no-Cemiterio-Jardim-Santa-Ines-seguem-em-ritmo-acelerado-em-Brumado-sudoeste-acontece.jpg","type":"image\/jpeg"}],"author":"Washington Tiago","twitter_card":"summary_large_image","twitter_misc":{"Escrito por":"Washington Tiago","Est. tempo de leitura":"2 minutos"},"schema":{"@context":"https:\/\/schema.org","@graph":[{"@type":"Article","@id":"http:\/\/sudoesteacontece.com.br\/?p=1282#article","isPartOf":{"@id":"http:\/\/sudoesteacontece.com.br\/?p=1282"},"author":{"name":"Washington Tiago","@id":"https:\/\/sudoesteacontece.com.br\/#\/schema\/person\/3cf2cf009926a9683ebc29d5379fa79c"},"headline":"Obras de pavimenta\u00e7\u00e3o asf\u00e1ltica no Cemit\u00e9rio Jardim Santa In\u00eas seguem em ritmo acelerado em Brumado","datePublished":"2025-10-29T21:44:59+00:00","dateModified":"2025-10-29T21:45:00+00:00","mainEntityOfPage":{"@id":"http:\/\/sudoesteacontece.com.br\/?p=1282"},"wordCount":436,"commentCount":0,"publisher":{"@id":"https:\/\/sudoesteacontece.com.br\/#organization"},"image":{"@id":"http:\/\/sudoesteacontece.com.br\/?p=1282#primaryimage"},"thumbnailUrl":"https:\/\/sudoesteacontece.com.br\/wp-content\/uploads\/2025\/10\/Obras-de-pavimentacao-asfaltica-no-Cemiterio-Jardim-Santa-Ines-seguem-em-ritmo-acelerado-em-Brumado-sudoeste-acontece.jpg","articleSection":["Brumado","Cidades","Pol\u00edtica"],"inLanguage":"pt-BR","potentialAction":[{"@type":"CommentAction","name":"Comment","target":["http:\/\/sudoesteacontece.com.br\/?p=1282#respond"]}]},{"@type":"WebPage","@id":"http:\/\/sudoesteacontece.com.br\/?p=1282","url":"http:\/\/sudoesteacontece.com.br\/?p=1282","name":"Obras de pavimenta\u00e7\u00e3o asf\u00e1ltica no Cemit\u00e9rio Jardim Santa In\u00eas seguem em ritmo acelerado em Brumado - Sudoesteacontece","isPartOf":{"@id":"https:\/\/sudoesteacontece.com.br\/#website"},"primaryImageOfPage":{"@id":"http:\/\/sudoesteacontece.com.br\/?p=1282#primaryimage"},"image":{"@id":"http:\/\/sudoesteacontece.com.br\/?p=1282#primaryimage"},"thumbnailUrl":"https:\/\/sudoesteacontece.com.br\/wp-content\/uploads\/2025\/10\/Obras-de-pavimentacao-asfaltica-no-Cemiterio-Jardim-Santa-Ines-seguem-em-ritmo-acelerado-em-Brumado-sudoeste-acontece.jpg","datePublished":"2025-10-29T21:44:59+00:00","dateModified":"2025-10-29T21:45:00+00:00","breadcrumb":{"@id":"http:\/\/sudoesteacontece.com.br\/?p=1282#breadcrumb"},"inLanguage":"pt-BR","potentialAction":[{"@type":"ReadAction","target":["http:\/\/sudoesteacontece.com.br\/?p=1282"]}]},{"@type":"ImageObject","inLanguage":"pt-BR","@id":"http:\/\/sudoesteacontece.com.br\/?p=1282#primaryimage","url":"https:\/\/sudoesteacontece.com.br\/wp-content\/uploads\/2025\/10\/Obras-de-pavimentacao-asfaltica-no-Cemiterio-Jardim-Santa-Ines-seguem-em-ritmo-acelerado-em-Brumado-sudoeste-acontece.jpg","contentUrl":"https:\/\/sudoesteacontece.com.br\/wp-content\/uploads\/2025\/10\/Obras-de-pavimentacao-asfaltica-no-Cemiterio-Jardim-Santa-Ines-seguem-em-ritmo-acelerado-em-Brumado-sudoeste-acontece.jpg","width":1182,"height":816},{"@type":"BreadcrumbList","@id":"http:\/\/sudoesteacontece.com.br\/?p=1282#breadcrumb","itemListElement":[{"@type":"ListItem","position":1,"name":"In\u00edcio","item":"https:\/\/sudoesteacontece.com.br\/"},{"@type":"ListItem","position":2,"name":"Obras de pavimenta\u00e7\u00e3o asf\u00e1ltica no Cemit\u00e9rio Jardim Santa In\u00eas seguem em ritmo acelerado em Brumado"}]},{"@type":"WebSite","@id":"https:\/\/sudoesteacontece.com.br\/#website","url":"https:\/\/sudoesteacontece.com.br\/","name":"Sudoesteacontece","description":"","publisher":{"@id":"https:\/\/sudoesteacontece.com.br\/#organization"},"potentialAction":[{"@type":"SearchAction","target":{"@type":"EntryPoint","urlTemplate":"https:\/\/sudoesteacontece.com.br\/?s={search_term_string}"},"query-input":{"@type":"PropertyValueSpecification","valueRequired":true,"valueName":"search_term_string"}}],"inLanguage":"pt-BR"},{"@type":"Organization","@id":"https:\/\/sudoesteacontece.com.br\/#organization","name":"Sudoesteacontece","url":"https:\/\/sudoesteacontece.com.br\/","logo":{"@type":"ImageObject","inLanguage":"pt-BR","@id":"https:\/\/sudoesteacontece.com.br\/#\/schema\/logo\/image\/","url":"https:\/\/sudoesteacontece.com.br\/wp-content\/uploads\/2025\/12\/cropped-logo-2-180x180-1.png","contentUrl":"https:\/\/sudoesteacontece.com.br\/wp-content\/uploads\/2025\/12\/cropped-logo-2-180x180-1.png","width":180,"height":180,"caption":"Sudoesteacontece"},"image":{"@id":"https:\/\/sudoesteacontece.com.br\/#\/schema\/logo\/image\/"},"sameAs":["https:\/\/www.facebook.com\/sudoesteacontece\/?locale=pt_BR"]},{"@type":"Person","@id":"https:\/\/sudoesteacontece.com.br\/#\/schema\/person\/3cf2cf009926a9683ebc29d5379fa79c","name":"Washington Tiago","image":{"@type":"ImageObject","inLanguage":"pt-BR","@id":"https:\/\/sudoesteacontece.com.br\/#\/schema\/person\/image\/","url":"https:\/\/secure.gravatar.com\/avatar\/33c43b8668157e040f9d1fe93c354bf087cbd8ba36270c1163198bd3ddcf2a56?s=96&d=mm&r=g","contentUrl":"https:\/\/secure.gravatar.com\/avatar\/33c43b8668157e040f9d1fe93c354bf087cbd8ba36270c1163198bd3ddcf2a56?s=96&d=mm&r=g","caption":"Washington Tiago"},"url":"https:\/\/sudoesteacontece.com.br\/?author=2"}]}},"_links":{"self":[{"href":"https:\/\/sudoesteacontece.com.br\/index.php?rest_route=\/wp\/v2\/posts\/1282","targetHints":{"allow":["GET"]}}],"collection":[{"href":"https:\/\/sudoesteacontece.com.br\/index.php?rest_route=\/wp\/v2\/posts"}],"about":[{"href":"https:\/\/sudoesteacontece.com.br\/index.php?rest_route=\/wp\/v2\/types\/post"}],"author":[{"embeddable":true,"href":"https:\/\/sudoesteacontece.com.br\/index.php?rest_route=\/wp\/v2\/users\/2"}],"replies":[{"embeddable":true,"href":"https:\/\/sudoesteacontece.com.br\/index.php?rest_route=%2Fwp%2Fv2%2Fcomments&post=1282"}],"version-history":[{"count":0,"href":"https:\/\/sudoesteacontece.com.br\/index.php?rest_route=\/wp\/v2\/posts\/1282\/revisions"}],"wp:featuredmedia":[{"embeddable":true,"href":"https:\/\/sudoesteacontece.com.br\/index.php?rest_route=\/wp\/v2\/media\/1320"}],"wp:attachment":[{"href":"https:\/\/sudoesteacontece.com.br\/index.php?rest_route=%2Fwp%2Fv2%2Fmedia&parent=1282"}],"wp:term":[{"taxonomy":"category","embeddable":true,"href":"https:\/\/sudoesteacontece.com.br\/index.php?rest_route=%2Fwp%2Fv2%2Fcategories&post=1282"},{"taxonomy":"post_tag","embeddable":true,"href":"https:\/\/sudoesteacontece.com.br\/index.php?rest_route=%2Fwp%2Fv2%2Ftags&post=1282"}],"curies":[{"name":"wp","href":"https:\/\/api.w.org\/{rel}","templated":true}]}}