{"id":1346,"date":"2025-10-30T12:03:24","date_gmt":"2025-10-30T15:03:24","guid":{"rendered":"https:\/\/sudoesteacontece.com.br\/?p=1346"},"modified":"2025-10-30T12:03:28","modified_gmt":"2025-10-30T15:03:28","slug":"brumado-celebra-vinculos-e-memorias-no-v-encontro-cultural-e-interativo-da-pessoa-idosa","status":"publish","type":"post","link":"https:\/\/sudoesteacontece.com.br\/?p=1346","title":{"rendered":"Brumado celebra v\u00ednculos e mem\u00f3rias no V Encontro Cultural e Interativo da Pessoa Idosa"},"content":{"rendered":"\n<figure class=\"wp-block-image size-large\"><img fetchpriority=\"high\" decoding=\"async\" width=\"1024\" height=\"581\" src=\"http:\/\/sudoesteacontece.com.br\/wp-content\/uploads\/2025\/10\/Brumado-celebra-vinculos-e-memorias-no-V-Encontro-Cultural-e-Interativo-da-Pessoa-Idosa-sudoeste-acontece-1024x581.jpg\" alt=\"\" class=\"wp-image-1372\" srcset=\"https:\/\/sudoesteacontece.com.br\/wp-content\/uploads\/2025\/10\/Brumado-celebra-vinculos-e-memorias-no-V-Encontro-Cultural-e-Interativo-da-Pessoa-Idosa-sudoeste-acontece-1024x581.jpg 1024w, https:\/\/sudoesteacontece.com.br\/wp-content\/uploads\/2025\/10\/Brumado-celebra-vinculos-e-memorias-no-V-Encontro-Cultural-e-Interativo-da-Pessoa-Idosa-sudoeste-acontece-300x170.jpg 300w, https:\/\/sudoesteacontece.com.br\/wp-content\/uploads\/2025\/10\/Brumado-celebra-vinculos-e-memorias-no-V-Encontro-Cultural-e-Interativo-da-Pessoa-Idosa-sudoeste-acontece-768x435.jpg 768w, https:\/\/sudoesteacontece.com.br\/wp-content\/uploads\/2025\/10\/Brumado-celebra-vinculos-e-memorias-no-V-Encontro-Cultural-e-Interativo-da-Pessoa-Idosa-sudoeste-acontece-1536x871.jpg 1536w, https:\/\/sudoesteacontece.com.br\/wp-content\/uploads\/2025\/10\/Brumado-celebra-vinculos-e-memorias-no-V-Encontro-Cultural-e-Interativo-da-Pessoa-Idosa-sudoeste-acontece.jpg 2000w\" sizes=\"(max-width: 1024px) 100vw, 1024px\" \/><\/figure>\n\n\n\n<p>A Secretaria Municipal de Desenvolvimento Social e Cidadania (Sesoc) abriu, nesta quarta-feira (29), o V Encontro Cultural e Interativo da Pessoa Idosa, reafirmando cuidado, acolhimento e respeito \u00e0 terceira idade. O primeiro dia levou os participantes a um hotel em Rio de Contas, na Chapada Diamantina, para um passeio de integra\u00e7\u00e3o. A paisagem, o descanso e a conviv\u00eancia marcaram a programa\u00e7\u00e3o.<\/p>\n\n\n\n<p>Equipe da Sesoc acompanhou todo o trajeto e garantiu conforto e seguran\u00e7a. Profissionais organizaram atividades leves, momentos de conviv\u00eancia e apoio individual a quem precisou. A proposta do encontro \u00e9 simples e poderosa: promover pertencimento, fortalecer v\u00ednculos e criar lembran\u00e7as boas. Cada din\u00e2mica valorizou hist\u00f3rias de vida e o protagonismo dos idosos.<\/p>\n\n\n\n<p>Manh\u00e3 come\u00e7ou com acolhida e alongamentos. Em seguida, rodas de conversa lembraram trajet\u00f3rias, afetos e conquistas. Risos e abra\u00e7os deram o tom do reencontro entre amigos. A tarde reuniu m\u00fasica, jogos l\u00fadicos e oficinas de mem\u00f3ria. Quem quis dan\u00e7ou, quem preferiu descansou \u00e0 sombra. O importante foi estar junto, com tempo e aten\u00e7\u00e3o dedicada.<\/p>\n\n\n\n<p>Clima foi de leveza e afeto. Muitos participantes falaram de supera\u00e7\u00e3o, de saudade e de esperan\u00e7a. O encontro deu voz \u00e0s experi\u00eancias e \u00e0 sabedoria acumulada ao longo dos anos. A Sesoc destacou, em nota, o esp\u00edrito do evento: \u201cFoi um evento lindo, cheio de amor, cuidado e gratid\u00e3o! Agradecemos a todos que tornaram o dia especial e inesquec\u00edvel.\u201d<\/p>\n\n\n\n<p>A iniciativa integra o calend\u00e1rio de conviv\u00eancia da rede socioassistencial e refor\u00e7a o papel dos grupos da terceira idade como espa\u00e7os de preven\u00e7\u00e3o, autonomia e qualidade de vida. A programa\u00e7\u00e3o segue com a\u00e7\u00f5es culturais, recreativas e de informa\u00e7\u00e3o sobre direitos. A ideia \u00e9 somar arte, sa\u00fade e cidadania para que ningu\u00e9m envelhe\u00e7a sozinho.<\/p>\n\n\n\n<p>Quem deseja participar dos pr\u00f3ximos encontros pode buscar orienta\u00e7\u00e3o nos servi\u00e7os de refer\u00eancia da assist\u00eancia social no munic\u00edpio e nos grupos de conviv\u00eancia. O V Encontro deixa uma mensagem clara: envelhecer com dignidade \u00e9 um direito. Com afeto, organiza\u00e7\u00e3o e pol\u00edticas p\u00fablicas, Brumado faz desse direito uma pr\u00e1tica cotidiana.<\/p>\n","protected":false},"excerpt":{"rendered":"<p>A Secretaria Municipal de Desenvolvimento Social e Cidadania (Sesoc) abriu, nesta quarta-feira (29), o V Encontro Cultural e Interativo da Pessoa Idosa, reafirmando cuidado, acolhimento e respeito \u00e0 terceira idade. O primeiro dia levou os participantes a um hotel em Rio de Contas, na Chapada Diamantina, para um passeio de integra\u00e7\u00e3o. A paisagem, o descanso e a conviv\u00eancia marcaram a programa\u00e7\u00e3o. Equipe da Sesoc acompanhou todo o trajeto e garantiu conforto e seguran\u00e7a. Profissionais organizaram atividades leves, momentos de conviv\u00eancia e apoio individual a quem precisou. A proposta do encontro \u00e9 simples e poderosa: promover pertencimento, fortalecer v\u00ednculos e criar lembran\u00e7as boas. Cada din\u00e2mica valorizou hist\u00f3rias de vida e o protagonismo dos idosos. Manh\u00e3 come\u00e7ou com acolhida e alongamentos. Em seguida, rodas de conversa lembraram trajet\u00f3rias, afetos e conquistas. Risos e abra\u00e7os deram o tom do reencontro entre amigos. A tarde reuniu m\u00fasica, jogos l\u00fadicos e oficinas de mem\u00f3ria. Quem quis dan\u00e7ou, quem preferiu descansou \u00e0 sombra. O importante foi estar junto, com tempo e aten\u00e7\u00e3o dedicada. Clima foi de leveza e afeto. Muitos participantes falaram de supera\u00e7\u00e3o, de saudade e de esperan\u00e7a. O encontro deu voz \u00e0s experi\u00eancias e \u00e0 sabedoria acumulada ao longo dos anos. A Sesoc destacou, em nota, o esp\u00edrito do evento: \u201cFoi um evento lindo, cheio de amor, cuidado e gratid\u00e3o! Agradecemos a todos que tornaram o dia especial e inesquec\u00edvel.\u201d A iniciativa integra o calend\u00e1rio de conviv\u00eancia da rede socioassistencial e refor\u00e7a o papel dos grupos da terceira idade como espa\u00e7os de preven\u00e7\u00e3o, autonomia e qualidade de vida. A programa\u00e7\u00e3o segue com a\u00e7\u00f5es culturais, recreativas e de informa\u00e7\u00e3o sobre direitos. A ideia \u00e9 somar arte, sa\u00fade e cidadania para que ningu\u00e9m envelhe\u00e7a sozinho. Quem deseja participar dos pr\u00f3ximos encontros pode buscar orienta\u00e7\u00e3o nos servi\u00e7os de refer\u00eancia da assist\u00eancia social no munic\u00edpio e nos grupos de conviv\u00eancia. O V Encontro deixa uma mensagem clara: envelhecer com dignidade \u00e9 um direito. Com afeto, organiza\u00e7\u00e3o e pol\u00edticas p\u00fablicas, Brumado faz desse direito uma pr\u00e1tica cotidiana.<\/p>\n","protected":false},"author":2,"featured_media":1372,"comment_status":"open","ping_status":"open","sticky":false,"template":"","format":"standard","meta":{"footnotes":""},"categories":[10,6,45],"tags":[],"class_list":["post-1346","post","type-post","status-publish","format-standard","has-post-thumbnail","hentry","category-brumado","category-politica","category-saude"],"yoast_head":"<!-- This site is optimized with the Yoast SEO plugin v26.5 - https:\/\/yoast.com\/wordpress\/plugins\/seo\/ -->\n<title>Brumado celebra v\u00ednculos e mem\u00f3rias no V Encontro Cultural e Interativo da Pessoa Idosa - Sudoesteacontece<\/title>\n<meta name=\"robots\" content=\"index, follow, max-snippet:-1, max-image-preview:large, max-video-preview:-1\" \/>\n<link rel=\"canonical\" href=\"https:\/\/sudoesteacontece.com.br\/?p=1346\" \/>\n<meta property=\"og:locale\" content=\"pt_BR\" \/>\n<meta property=\"og:type\" content=\"article\" \/>\n<meta property=\"og:title\" content=\"Brumado celebra v\u00ednculos e mem\u00f3rias no V Encontro Cultural e Interativo da Pessoa Idosa - Sudoesteacontece\" \/>\n<meta property=\"og:description\" content=\"A Secretaria Municipal de Desenvolvimento Social e Cidadania (Sesoc) abriu, nesta quarta-feira (29), o V Encontro Cultural e Interativo da Pessoa Idosa, reafirmando cuidado, acolhimento e respeito \u00e0 terceira idade. O primeiro dia levou os participantes a um hotel em Rio de Contas, na Chapada Diamantina, para um passeio de integra\u00e7\u00e3o. A paisagem, o descanso e a conviv\u00eancia marcaram a programa\u00e7\u00e3o. Equipe da Sesoc acompanhou todo o trajeto e garantiu conforto e seguran\u00e7a. Profissionais organizaram atividades leves, momentos de conviv\u00eancia e apoio individual a quem precisou. A proposta do encontro \u00e9 simples e poderosa: promover pertencimento, fortalecer v\u00ednculos e criar lembran\u00e7as boas. Cada din\u00e2mica valorizou hist\u00f3rias de vida e o protagonismo dos idosos. Manh\u00e3 come\u00e7ou com acolhida e alongamentos. Em seguida, rodas de conversa lembraram trajet\u00f3rias, afetos e conquistas. Risos e abra\u00e7os deram o tom do reencontro entre amigos. A tarde reuniu m\u00fasica, jogos l\u00fadicos e oficinas de mem\u00f3ria. Quem quis dan\u00e7ou, quem preferiu descansou \u00e0 sombra. O importante foi estar junto, com tempo e aten\u00e7\u00e3o dedicada. Clima foi de leveza e afeto. Muitos participantes falaram de supera\u00e7\u00e3o, de saudade e de esperan\u00e7a. O encontro deu voz \u00e0s experi\u00eancias e \u00e0 sabedoria acumulada ao longo dos anos. A Sesoc destacou, em nota, o esp\u00edrito do evento: \u201cFoi um evento lindo, cheio de amor, cuidado e gratid\u00e3o! Agradecemos a todos que tornaram o dia especial e inesquec\u00edvel.\u201d A iniciativa integra o calend\u00e1rio de conviv\u00eancia da rede socioassistencial e refor\u00e7a o papel dos grupos da terceira idade como espa\u00e7os de preven\u00e7\u00e3o, autonomia e qualidade de vida. A programa\u00e7\u00e3o segue com a\u00e7\u00f5es culturais, recreativas e de informa\u00e7\u00e3o sobre direitos. A ideia \u00e9 somar arte, sa\u00fade e cidadania para que ningu\u00e9m envelhe\u00e7a sozinho. Quem deseja participar dos pr\u00f3ximos encontros pode buscar orienta\u00e7\u00e3o nos servi\u00e7os de refer\u00eancia da assist\u00eancia social no munic\u00edpio e nos grupos de conviv\u00eancia. O V Encontro deixa uma mensagem clara: envelhecer com dignidade \u00e9 um direito. Com afeto, organiza\u00e7\u00e3o e pol\u00edticas p\u00fablicas, Brumado faz desse direito uma pr\u00e1tica cotidiana.\" \/>\n<meta property=\"og:url\" content=\"https:\/\/sudoesteacontece.com.br\/?p=1346\" \/>\n<meta property=\"og:site_name\" content=\"Sudoesteacontece\" \/>\n<meta property=\"article:publisher\" content=\"https:\/\/www.facebook.com\/sudoesteacontece\/?locale=pt_BR\" \/>\n<meta property=\"article:published_time\" content=\"2025-10-30T15:03:24+00:00\" \/>\n<meta property=\"article:modified_time\" content=\"2025-10-30T15:03:28+00:00\" \/>\n<meta property=\"og:image\" content=\"https:\/\/sudoesteacontece.com.br\/wp-content\/uploads\/2025\/10\/Brumado-celebra-vinculos-e-memorias-no-V-Encontro-Cultural-e-Interativo-da-Pessoa-Idosa-sudoeste-acontece.jpg\" \/>\n\t<meta property=\"og:image:width\" content=\"2000\" \/>\n\t<meta property=\"og:image:height\" content=\"1134\" \/>\n\t<meta property=\"og:image:type\" content=\"image\/jpeg\" \/>\n<meta name=\"author\" content=\"Washington Tiago\" \/>\n<meta name=\"twitter:card\" content=\"summary_large_image\" \/>\n<meta name=\"twitter:label1\" content=\"Escrito por\" \/>\n\t<meta name=\"twitter:data1\" content=\"Washington Tiago\" \/>\n\t<meta name=\"twitter:label2\" content=\"Est. tempo de leitura\" \/>\n\t<meta name=\"twitter:data2\" content=\"2 minutos\" \/>\n<script type=\"application\/ld+json\" class=\"yoast-schema-graph\">{\"@context\":\"https:\/\/schema.org\",\"@graph\":[{\"@type\":\"Article\",\"@id\":\"https:\/\/sudoesteacontece.com.br\/?p=1346#article\",\"isPartOf\":{\"@id\":\"https:\/\/sudoesteacontece.com.br\/?p=1346\"},\"author\":{\"name\":\"Washington Tiago\",\"@id\":\"https:\/\/sudoesteacontece.com.br\/#\/schema\/person\/3cf2cf009926a9683ebc29d5379fa79c\"},\"headline\":\"Brumado celebra v\u00ednculos e mem\u00f3rias no V Encontro Cultural e Interativo da Pessoa Idosa\",\"datePublished\":\"2025-10-30T15:03:24+00:00\",\"dateModified\":\"2025-10-30T15:03:28+00:00\",\"mainEntityOfPage\":{\"@id\":\"https:\/\/sudoesteacontece.com.br\/?p=1346\"},\"wordCount\":382,\"commentCount\":0,\"publisher\":{\"@id\":\"https:\/\/sudoesteacontece.com.br\/#organization\"},\"image\":{\"@id\":\"https:\/\/sudoesteacontece.com.br\/?p=1346#primaryimage\"},\"thumbnailUrl\":\"https:\/\/sudoesteacontece.com.br\/wp-content\/uploads\/2025\/10\/Brumado-celebra-vinculos-e-memorias-no-V-Encontro-Cultural-e-Interativo-da-Pessoa-Idosa-sudoeste-acontece.jpg\",\"articleSection\":[\"Brumado\",\"Pol\u00edtica\",\"Sa\u00fade\"],\"inLanguage\":\"pt-BR\",\"potentialAction\":[{\"@type\":\"CommentAction\",\"name\":\"Comment\",\"target\":[\"https:\/\/sudoesteacontece.com.br\/?p=1346#respond\"]}]},{\"@type\":\"WebPage\",\"@id\":\"https:\/\/sudoesteacontece.com.br\/?p=1346\",\"url\":\"https:\/\/sudoesteacontece.com.br\/?p=1346\",\"name\":\"Brumado celebra v\u00ednculos e mem\u00f3rias no V Encontro Cultural e Interativo da Pessoa Idosa - Sudoesteacontece\",\"isPartOf\":{\"@id\":\"https:\/\/sudoesteacontece.com.br\/#website\"},\"primaryImageOfPage\":{\"@id\":\"https:\/\/sudoesteacontece.com.br\/?p=1346#primaryimage\"},\"image\":{\"@id\":\"https:\/\/sudoesteacontece.com.br\/?p=1346#primaryimage\"},\"thumbnailUrl\":\"https:\/\/sudoesteacontece.com.br\/wp-content\/uploads\/2025\/10\/Brumado-celebra-vinculos-e-memorias-no-V-Encontro-Cultural-e-Interativo-da-Pessoa-Idosa-sudoeste-acontece.jpg\",\"datePublished\":\"2025-10-30T15:03:24+00:00\",\"dateModified\":\"2025-10-30T15:03:28+00:00\",\"breadcrumb\":{\"@id\":\"https:\/\/sudoesteacontece.com.br\/?p=1346#breadcrumb\"},\"inLanguage\":\"pt-BR\",\"potentialAction\":[{\"@type\":\"ReadAction\",\"target\":[\"https:\/\/sudoesteacontece.com.br\/?p=1346\"]}]},{\"@type\":\"ImageObject\",\"inLanguage\":\"pt-BR\",\"@id\":\"https:\/\/sudoesteacontece.com.br\/?p=1346#primaryimage\",\"url\":\"https:\/\/sudoesteacontece.com.br\/wp-content\/uploads\/2025\/10\/Brumado-celebra-vinculos-e-memorias-no-V-Encontro-Cultural-e-Interativo-da-Pessoa-Idosa-sudoeste-acontece.jpg\",\"contentUrl\":\"https:\/\/sudoesteacontece.com.br\/wp-content\/uploads\/2025\/10\/Brumado-celebra-vinculos-e-memorias-no-V-Encontro-Cultural-e-Interativo-da-Pessoa-Idosa-sudoeste-acontece.jpg\",\"width\":2000,\"height\":1134},{\"@type\":\"BreadcrumbList\",\"@id\":\"https:\/\/sudoesteacontece.com.br\/?p=1346#breadcrumb\",\"itemListElement\":[{\"@type\":\"ListItem\",\"position\":1,\"name\":\"In\u00edcio\",\"item\":\"https:\/\/sudoesteacontece.com.br\/\"},{\"@type\":\"ListItem\",\"position\":2,\"name\":\"Brumado celebra v\u00ednculos e mem\u00f3rias no V Encontro Cultural e Interativo da Pessoa Idosa\"}]},{\"@type\":\"WebSite\",\"@id\":\"https:\/\/sudoesteacontece.com.br\/#website\",\"url\":\"https:\/\/sudoesteacontece.com.br\/\",\"name\":\"Sudoesteacontece\",\"description\":\"\",\"publisher\":{\"@id\":\"https:\/\/sudoesteacontece.com.br\/#organization\"},\"potentialAction\":[{\"@type\":\"SearchAction\",\"target\":{\"@type\":\"EntryPoint\",\"urlTemplate\":\"https:\/\/sudoesteacontece.com.br\/?s={search_term_string}\"},\"query-input\":{\"@type\":\"PropertyValueSpecification\",\"valueRequired\":true,\"valueName\":\"search_term_string\"}}],\"inLanguage\":\"pt-BR\"},{\"@type\":\"Organization\",\"@id\":\"https:\/\/sudoesteacontece.com.br\/#organization\",\"name\":\"Sudoesteacontece\",\"url\":\"https:\/\/sudoesteacontece.com.br\/\",\"logo\":{\"@type\":\"ImageObject\",\"inLanguage\":\"pt-BR\",\"@id\":\"https:\/\/sudoesteacontece.com.br\/#\/schema\/logo\/image\/\",\"url\":\"https:\/\/sudoesteacontece.com.br\/wp-content\/uploads\/2025\/12\/cropped-logo-2-180x180-1.png\",\"contentUrl\":\"https:\/\/sudoesteacontece.com.br\/wp-content\/uploads\/2025\/12\/cropped-logo-2-180x180-1.png\",\"width\":180,\"height\":180,\"caption\":\"Sudoesteacontece\"},\"image\":{\"@id\":\"https:\/\/sudoesteacontece.com.br\/#\/schema\/logo\/image\/\"},\"sameAs\":[\"https:\/\/www.facebook.com\/sudoesteacontece\/?locale=pt_BR\"]},{\"@type\":\"Person\",\"@id\":\"https:\/\/sudoesteacontece.com.br\/#\/schema\/person\/3cf2cf009926a9683ebc29d5379fa79c\",\"name\":\"Washington Tiago\",\"image\":{\"@type\":\"ImageObject\",\"inLanguage\":\"pt-BR\",\"@id\":\"https:\/\/sudoesteacontece.com.br\/#\/schema\/person\/image\/\",\"url\":\"https:\/\/secure.gravatar.com\/avatar\/33c43b8668157e040f9d1fe93c354bf087cbd8ba36270c1163198bd3ddcf2a56?s=96&d=mm&r=g\",\"contentUrl\":\"https:\/\/secure.gravatar.com\/avatar\/33c43b8668157e040f9d1fe93c354bf087cbd8ba36270c1163198bd3ddcf2a56?s=96&d=mm&r=g\",\"caption\":\"Washington Tiago\"},\"url\":\"https:\/\/sudoesteacontece.com.br\/?author=2\"}]}<\/script>\n<!-- \/ Yoast SEO plugin. -->","yoast_head_json":{"title":"Brumado celebra v\u00ednculos e mem\u00f3rias no V Encontro Cultural e Interativo da Pessoa Idosa - Sudoesteacontece","robots":{"index":"index","follow":"follow","max-snippet":"max-snippet:-1","max-image-preview":"max-image-preview:large","max-video-preview":"max-video-preview:-1"},"canonical":"https:\/\/sudoesteacontece.com.br\/?p=1346","og_locale":"pt_BR","og_type":"article","og_title":"Brumado celebra v\u00ednculos e mem\u00f3rias no V Encontro Cultural e Interativo da Pessoa Idosa - Sudoesteacontece","og_description":"A Secretaria Municipal de Desenvolvimento Social e Cidadania (Sesoc) abriu, nesta quarta-feira (29), o V Encontro Cultural e Interativo da Pessoa Idosa, reafirmando cuidado, acolhimento e respeito \u00e0 terceira idade. O primeiro dia levou os participantes a um hotel em Rio de Contas, na Chapada Diamantina, para um passeio de integra\u00e7\u00e3o. A paisagem, o descanso e a conviv\u00eancia marcaram a programa\u00e7\u00e3o. Equipe da Sesoc acompanhou todo o trajeto e garantiu conforto e seguran\u00e7a. Profissionais organizaram atividades leves, momentos de conviv\u00eancia e apoio individual a quem precisou. A proposta do encontro \u00e9 simples e poderosa: promover pertencimento, fortalecer v\u00ednculos e criar lembran\u00e7as boas. Cada din\u00e2mica valorizou hist\u00f3rias de vida e o protagonismo dos idosos. Manh\u00e3 come\u00e7ou com acolhida e alongamentos. Em seguida, rodas de conversa lembraram trajet\u00f3rias, afetos e conquistas. Risos e abra\u00e7os deram o tom do reencontro entre amigos. A tarde reuniu m\u00fasica, jogos l\u00fadicos e oficinas de mem\u00f3ria. Quem quis dan\u00e7ou, quem preferiu descansou \u00e0 sombra. O importante foi estar junto, com tempo e aten\u00e7\u00e3o dedicada. Clima foi de leveza e afeto. Muitos participantes falaram de supera\u00e7\u00e3o, de saudade e de esperan\u00e7a. O encontro deu voz \u00e0s experi\u00eancias e \u00e0 sabedoria acumulada ao longo dos anos. A Sesoc destacou, em nota, o esp\u00edrito do evento: \u201cFoi um evento lindo, cheio de amor, cuidado e gratid\u00e3o! Agradecemos a todos que tornaram o dia especial e inesquec\u00edvel.\u201d A iniciativa integra o calend\u00e1rio de conviv\u00eancia da rede socioassistencial e refor\u00e7a o papel dos grupos da terceira idade como espa\u00e7os de preven\u00e7\u00e3o, autonomia e qualidade de vida. A programa\u00e7\u00e3o segue com a\u00e7\u00f5es culturais, recreativas e de informa\u00e7\u00e3o sobre direitos. A ideia \u00e9 somar arte, sa\u00fade e cidadania para que ningu\u00e9m envelhe\u00e7a sozinho. Quem deseja participar dos pr\u00f3ximos encontros pode buscar orienta\u00e7\u00e3o nos servi\u00e7os de refer\u00eancia da assist\u00eancia social no munic\u00edpio e nos grupos de conviv\u00eancia. O V Encontro deixa uma mensagem clara: envelhecer com dignidade \u00e9 um direito. Com afeto, organiza\u00e7\u00e3o e pol\u00edticas p\u00fablicas, Brumado faz desse direito uma pr\u00e1tica cotidiana.","og_url":"https:\/\/sudoesteacontece.com.br\/?p=1346","og_site_name":"Sudoesteacontece","article_publisher":"https:\/\/www.facebook.com\/sudoesteacontece\/?locale=pt_BR","article_published_time":"2025-10-30T15:03:24+00:00","article_modified_time":"2025-10-30T15:03:28+00:00","og_image":[{"width":2000,"height":1134,"url":"https:\/\/sudoesteacontece.com.br\/wp-content\/uploads\/2025\/10\/Brumado-celebra-vinculos-e-memorias-no-V-Encontro-Cultural-e-Interativo-da-Pessoa-Idosa-sudoeste-acontece.jpg","type":"image\/jpeg"}],"author":"Washington Tiago","twitter_card":"summary_large_image","twitter_misc":{"Escrito por":"Washington Tiago","Est. tempo de leitura":"2 minutos"},"schema":{"@context":"https:\/\/schema.org","@graph":[{"@type":"Article","@id":"https:\/\/sudoesteacontece.com.br\/?p=1346#article","isPartOf":{"@id":"https:\/\/sudoesteacontece.com.br\/?p=1346"},"author":{"name":"Washington Tiago","@id":"https:\/\/sudoesteacontece.com.br\/#\/schema\/person\/3cf2cf009926a9683ebc29d5379fa79c"},"headline":"Brumado celebra v\u00ednculos e mem\u00f3rias no V Encontro Cultural e Interativo da Pessoa Idosa","datePublished":"2025-10-30T15:03:24+00:00","dateModified":"2025-10-30T15:03:28+00:00","mainEntityOfPage":{"@id":"https:\/\/sudoesteacontece.com.br\/?p=1346"},"wordCount":382,"commentCount":0,"publisher":{"@id":"https:\/\/sudoesteacontece.com.br\/#organization"},"image":{"@id":"https:\/\/sudoesteacontece.com.br\/?p=1346#primaryimage"},"thumbnailUrl":"https:\/\/sudoesteacontece.com.br\/wp-content\/uploads\/2025\/10\/Brumado-celebra-vinculos-e-memorias-no-V-Encontro-Cultural-e-Interativo-da-Pessoa-Idosa-sudoeste-acontece.jpg","articleSection":["Brumado","Pol\u00edtica","Sa\u00fade"],"inLanguage":"pt-BR","potentialAction":[{"@type":"CommentAction","name":"Comment","target":["https:\/\/sudoesteacontece.com.br\/?p=1346#respond"]}]},{"@type":"WebPage","@id":"https:\/\/sudoesteacontece.com.br\/?p=1346","url":"https:\/\/sudoesteacontece.com.br\/?p=1346","name":"Brumado celebra v\u00ednculos e mem\u00f3rias no V Encontro Cultural e Interativo da Pessoa Idosa - Sudoesteacontece","isPartOf":{"@id":"https:\/\/sudoesteacontece.com.br\/#website"},"primaryImageOfPage":{"@id":"https:\/\/sudoesteacontece.com.br\/?p=1346#primaryimage"},"image":{"@id":"https:\/\/sudoesteacontece.com.br\/?p=1346#primaryimage"},"thumbnailUrl":"https:\/\/sudoesteacontece.com.br\/wp-content\/uploads\/2025\/10\/Brumado-celebra-vinculos-e-memorias-no-V-Encontro-Cultural-e-Interativo-da-Pessoa-Idosa-sudoeste-acontece.jpg","datePublished":"2025-10-30T15:03:24+00:00","dateModified":"2025-10-30T15:03:28+00:00","breadcrumb":{"@id":"https:\/\/sudoesteacontece.com.br\/?p=1346#breadcrumb"},"inLanguage":"pt-BR","potentialAction":[{"@type":"ReadAction","target":["https:\/\/sudoesteacontece.com.br\/?p=1346"]}]},{"@type":"ImageObject","inLanguage":"pt-BR","@id":"https:\/\/sudoesteacontece.com.br\/?p=1346#primaryimage","url":"https:\/\/sudoesteacontece.com.br\/wp-content\/uploads\/2025\/10\/Brumado-celebra-vinculos-e-memorias-no-V-Encontro-Cultural-e-Interativo-da-Pessoa-Idosa-sudoeste-acontece.jpg","contentUrl":"https:\/\/sudoesteacontece.com.br\/wp-content\/uploads\/2025\/10\/Brumado-celebra-vinculos-e-memorias-no-V-Encontro-Cultural-e-Interativo-da-Pessoa-Idosa-sudoeste-acontece.jpg","width":2000,"height":1134},{"@type":"BreadcrumbList","@id":"https:\/\/sudoesteacontece.com.br\/?p=1346#breadcrumb","itemListElement":[{"@type":"ListItem","position":1,"name":"In\u00edcio","item":"https:\/\/sudoesteacontece.com.br\/"},{"@type":"ListItem","position":2,"name":"Brumado celebra v\u00ednculos e mem\u00f3rias no V Encontro Cultural e Interativo da Pessoa Idosa"}]},{"@type":"WebSite","@id":"https:\/\/sudoesteacontece.com.br\/#website","url":"https:\/\/sudoesteacontece.com.br\/","name":"Sudoesteacontece","description":"","publisher":{"@id":"https:\/\/sudoesteacontece.com.br\/#organization"},"potentialAction":[{"@type":"SearchAction","target":{"@type":"EntryPoint","urlTemplate":"https:\/\/sudoesteacontece.com.br\/?s={search_term_string}"},"query-input":{"@type":"PropertyValueSpecification","valueRequired":true,"valueName":"search_term_string"}}],"inLanguage":"pt-BR"},{"@type":"Organization","@id":"https:\/\/sudoesteacontece.com.br\/#organization","name":"Sudoesteacontece","url":"https:\/\/sudoesteacontece.com.br\/","logo":{"@type":"ImageObject","inLanguage":"pt-BR","@id":"https:\/\/sudoesteacontece.com.br\/#\/schema\/logo\/image\/","url":"https:\/\/sudoesteacontece.com.br\/wp-content\/uploads\/2025\/12\/cropped-logo-2-180x180-1.png","contentUrl":"https:\/\/sudoesteacontece.com.br\/wp-content\/uploads\/2025\/12\/cropped-logo-2-180x180-1.png","width":180,"height":180,"caption":"Sudoesteacontece"},"image":{"@id":"https:\/\/sudoesteacontece.com.br\/#\/schema\/logo\/image\/"},"sameAs":["https:\/\/www.facebook.com\/sudoesteacontece\/?locale=pt_BR"]},{"@type":"Person","@id":"https:\/\/sudoesteacontece.com.br\/#\/schema\/person\/3cf2cf009926a9683ebc29d5379fa79c","name":"Washington Tiago","image":{"@type":"ImageObject","inLanguage":"pt-BR","@id":"https:\/\/sudoesteacontece.com.br\/#\/schema\/person\/image\/","url":"https:\/\/secure.gravatar.com\/avatar\/33c43b8668157e040f9d1fe93c354bf087cbd8ba36270c1163198bd3ddcf2a56?s=96&d=mm&r=g","contentUrl":"https:\/\/secure.gravatar.com\/avatar\/33c43b8668157e040f9d1fe93c354bf087cbd8ba36270c1163198bd3ddcf2a56?s=96&d=mm&r=g","caption":"Washington Tiago"},"url":"https:\/\/sudoesteacontece.com.br\/?author=2"}]}},"_links":{"self":[{"href":"https:\/\/sudoesteacontece.com.br\/index.php?rest_route=\/wp\/v2\/posts\/1346","targetHints":{"allow":["GET"]}}],"collection":[{"href":"https:\/\/sudoesteacontece.com.br\/index.php?rest_route=\/wp\/v2\/posts"}],"about":[{"href":"https:\/\/sudoesteacontece.com.br\/index.php?rest_route=\/wp\/v2\/types\/post"}],"author":[{"embeddable":true,"href":"https:\/\/sudoesteacontece.com.br\/index.php?rest_route=\/wp\/v2\/users\/2"}],"replies":[{"embeddable":true,"href":"https:\/\/sudoesteacontece.com.br\/index.php?rest_route=%2Fwp%2Fv2%2Fcomments&post=1346"}],"version-history":[{"count":0,"href":"https:\/\/sudoesteacontece.com.br\/index.php?rest_route=\/wp\/v2\/posts\/1346\/revisions"}],"wp:featuredmedia":[{"embeddable":true,"href":"https:\/\/sudoesteacontece.com.br\/index.php?rest_route=\/wp\/v2\/media\/1372"}],"wp:attachment":[{"href":"https:\/\/sudoesteacontece.com.br\/index.php?rest_route=%2Fwp%2Fv2%2Fmedia&parent=1346"}],"wp:term":[{"taxonomy":"category","embeddable":true,"href":"https:\/\/sudoesteacontece.com.br\/index.php?rest_route=%2Fwp%2Fv2%2Fcategories&post=1346"},{"taxonomy":"post_tag","embeddable":true,"href":"https:\/\/sudoesteacontece.com.br\/index.php?rest_route=%2Fwp%2Fv2%2Ftags&post=1346"}],"curies":[{"name":"wp","href":"https:\/\/api.w.org\/{rel}","templated":true}]}}