{"id":1416,"date":"2025-10-31T09:32:50","date_gmt":"2025-10-31T12:32:50","guid":{"rendered":"https:\/\/sudoesteacontece.com.br\/?p=1416"},"modified":"2025-10-31T09:32:52","modified_gmt":"2025-10-31T12:32:52","slug":"comando-do-24o-bpm-realiza-parada-geral-e-reforca-disciplina-e-etica-entre-policiais-em-brumado","status":"publish","type":"post","link":"https:\/\/sudoesteacontece.com.br\/?p=1416","title":{"rendered":"Comando do 24\u00ba BPM realiza parada geral e refor\u00e7a disciplina e \u00e9tica entre policiais em Brumado"},"content":{"rendered":"<div class=\"wp-block-image\">\n<figure class=\"aligncenter size-full\"><img fetchpriority=\"high\" decoding=\"async\" width=\"960\" height=\"746\" src=\"http:\/\/sudoesteacontece.com.br\/wp-content\/uploads\/2025\/10\/Comando-do-24o-BPM-realiza-parada-geral-e-reforca-disciplina-e-etica-entre-policiais-em-Brumado-sudoeste-acontece-1.jpg\" alt=\"\" class=\"wp-image-1433\" srcset=\"https:\/\/sudoesteacontece.com.br\/wp-content\/uploads\/2025\/10\/Comando-do-24o-BPM-realiza-parada-geral-e-reforca-disciplina-e-etica-entre-policiais-em-Brumado-sudoeste-acontece-1.jpg 960w, https:\/\/sudoesteacontece.com.br\/wp-content\/uploads\/2025\/10\/Comando-do-24o-BPM-realiza-parada-geral-e-reforca-disciplina-e-etica-entre-policiais-em-Brumado-sudoeste-acontece-1-300x233.jpg 300w, https:\/\/sudoesteacontece.com.br\/wp-content\/uploads\/2025\/10\/Comando-do-24o-BPM-realiza-parada-geral-e-reforca-disciplina-e-etica-entre-policiais-em-Brumado-sudoeste-acontece-1-768x597.jpg 768w\" sizes=\"(max-width: 960px) 100vw, 960px\" \/><\/figure>\n<\/div>\n\n\n<p>O 24\u00ba Batalh\u00e3o da Pol\u00edcia Militar de Brumado realizou, na manh\u00e3 desta quinta-feira (30), uma parada geral com todo o efetivo. Evento ocorreu no audit\u00f3rio do Instituto Federal da Bahia (IFBA) e foi conduzido pelo comandante da unidade, tenente-coronel Jocev\u00e3 Oliveira. O encontro teve foco no alinhamento estrat\u00e9gico das a\u00e7\u00f5es de policiamento ostensivo.<\/p>\n\n\n\n<p>A reuni\u00e3o refor\u00e7ou diretrizes, padr\u00f5es de conduta e procedimentos operacionais que orientam o trabalho dos policiais em Brumado e nas cidades vizinhas. Durante o discurso, o tenente-coronel Jocev\u00e3 destacou a import\u00e2ncia da disciplina e do comprometimento da tropa. Ele ressaltou que a coes\u00e3o entre os policiais \u00e9 essencial para garantir a efici\u00eancia das opera\u00e7\u00f5es e a seguran\u00e7a da comunidade.<\/p>\n\n\n\n<p>Um dos pontos altos da reuni\u00e3o foi a men\u00e7\u00e3o \u00e0 implanta\u00e7\u00e3o do conceito de Justi\u00e7a Restaurativa no 24\u00ba BPM. A proposta busca resolver conflitos com di\u00e1logo entre v\u00edtima, ofensor e comunidade, priorizando repara\u00e7\u00e3o e preven\u00e7\u00e3o em vez de puni\u00e7\u00e3o. O comandante tamb\u00e9m aproveitou a ocasi\u00e3o para dar boas-vindas aos novos policiais que ingressaram em 2025. <\/p>\n\n\n\n<p>Al\u00e9m disso, parabenizou os aniversariantes do m\u00eas e destacou a import\u00e2ncia da integra\u00e7\u00e3o e do esp\u00edrito de equipe dentro da corpora\u00e7\u00e3o. Durante o evento, foram entregues certificados aos militares que conclu\u00edram o Semin\u00e1rio de Primeiras Respostas a Crimes Contra Institui\u00e7\u00f5es Financeiras. A homenagem refor\u00e7ou o investimento constante na capacita\u00e7\u00e3o e valoriza\u00e7\u00e3o profissional dos policiais.<\/p>\n\n\n\n<p>Ao encerrar o encontro, o tenente-coronel foi enf\u00e1tico. Ele reafirmou que toda a atua\u00e7\u00e3o policial deve seguir estritamente os princ\u00edpios da legalidade e do respeito \u00e0 dignidade humana. Tamb\u00e9m frisou que a \u00e9tica \u00e9 pilar inegoci\u00e1vel da miss\u00e3o da Pol\u00edcia Militar. Mais que uma reuni\u00e3o administrativa, a parada geral simbolizou unidade, compromisso e renova\u00e7\u00e3o de prop\u00f3sitos dentro do 24\u00ba BPM. Um momento de reafirma\u00e7\u00e3o do dever de servir com responsabilidade e honra \u00e0 popula\u00e7\u00e3o do sudoeste baiano.<\/p>\n","protected":false},"excerpt":{"rendered":"<p>O 24\u00ba Batalh\u00e3o da Pol\u00edcia Militar de Brumado realizou, na manh\u00e3 desta quinta-feira (30), uma parada geral com todo o efetivo. Evento ocorreu no audit\u00f3rio do Instituto Federal da Bahia (IFBA) e foi conduzido pelo comandante da unidade, tenente-coronel Jocev\u00e3 Oliveira. O encontro teve foco no alinhamento estrat\u00e9gico das a\u00e7\u00f5es de policiamento ostensivo. A reuni\u00e3o refor\u00e7ou diretrizes, padr\u00f5es de conduta e procedimentos operacionais que orientam o trabalho dos policiais em Brumado e nas cidades vizinhas. Durante o discurso, o tenente-coronel Jocev\u00e3 destacou a import\u00e2ncia da disciplina e do comprometimento da tropa. Ele ressaltou que a coes\u00e3o entre os policiais \u00e9 essencial para garantir a efici\u00eancia das opera\u00e7\u00f5es e a seguran\u00e7a da comunidade. Um dos pontos altos da reuni\u00e3o foi a men\u00e7\u00e3o \u00e0 implanta\u00e7\u00e3o do conceito de Justi\u00e7a Restaurativa no 24\u00ba BPM. A proposta busca resolver conflitos com di\u00e1logo entre v\u00edtima, ofensor e comunidade, priorizando repara\u00e7\u00e3o e preven\u00e7\u00e3o em vez de puni\u00e7\u00e3o. O comandante tamb\u00e9m aproveitou a ocasi\u00e3o para dar boas-vindas aos novos policiais que ingressaram em 2025. Al\u00e9m disso, parabenizou os aniversariantes do m\u00eas e destacou a import\u00e2ncia da integra\u00e7\u00e3o e do esp\u00edrito de equipe dentro da corpora\u00e7\u00e3o. Durante o evento, foram entregues certificados aos militares que conclu\u00edram o Semin\u00e1rio de Primeiras Respostas a Crimes Contra Institui\u00e7\u00f5es Financeiras. A homenagem refor\u00e7ou o investimento constante na capacita\u00e7\u00e3o e valoriza\u00e7\u00e3o profissional dos policiais. Ao encerrar o encontro, o tenente-coronel foi enf\u00e1tico. Ele reafirmou que toda a atua\u00e7\u00e3o policial deve seguir estritamente os princ\u00edpios da legalidade e do respeito \u00e0 dignidade humana. Tamb\u00e9m frisou que a \u00e9tica \u00e9 pilar inegoci\u00e1vel da miss\u00e3o da Pol\u00edcia Militar. Mais que uma reuni\u00e3o administrativa, a parada geral simbolizou unidade, compromisso e renova\u00e7\u00e3o de prop\u00f3sitos dentro do 24\u00ba BPM. Um momento de reafirma\u00e7\u00e3o do dever de servir com responsabilidade e honra \u00e0 popula\u00e7\u00e3o do sudoeste baiano.<\/p>\n","protected":false},"author":2,"featured_media":1433,"comment_status":"open","ping_status":"open","sticky":false,"template":"","format":"standard","meta":{"footnotes":""},"categories":[10,4,3],"tags":[],"class_list":["post-1416","post","type-post","status-publish","format-standard","has-post-thumbnail","hentry","category-brumado","category-cidades","category-policia"],"yoast_head":"<!-- This site is optimized with the Yoast SEO plugin v26.5 - https:\/\/yoast.com\/wordpress\/plugins\/seo\/ -->\n<title>Comando do 24\u00ba BPM realiza parada geral e refor\u00e7a disciplina e \u00e9tica entre policiais em Brumado - Sudoesteacontece<\/title>\n<meta name=\"robots\" content=\"index, follow, max-snippet:-1, max-image-preview:large, max-video-preview:-1\" \/>\n<link rel=\"canonical\" href=\"https:\/\/sudoesteacontece.com.br\/?p=1416\" \/>\n<meta property=\"og:locale\" content=\"pt_BR\" \/>\n<meta property=\"og:type\" content=\"article\" \/>\n<meta property=\"og:title\" content=\"Comando do 24\u00ba BPM realiza parada geral e refor\u00e7a disciplina e \u00e9tica entre policiais em Brumado - Sudoesteacontece\" \/>\n<meta property=\"og:description\" content=\"O 24\u00ba Batalh\u00e3o da Pol\u00edcia Militar de Brumado realizou, na manh\u00e3 desta quinta-feira (30), uma parada geral com todo o efetivo. Evento ocorreu no audit\u00f3rio do Instituto Federal da Bahia (IFBA) e foi conduzido pelo comandante da unidade, tenente-coronel Jocev\u00e3 Oliveira. O encontro teve foco no alinhamento estrat\u00e9gico das a\u00e7\u00f5es de policiamento ostensivo. A reuni\u00e3o refor\u00e7ou diretrizes, padr\u00f5es de conduta e procedimentos operacionais que orientam o trabalho dos policiais em Brumado e nas cidades vizinhas. Durante o discurso, o tenente-coronel Jocev\u00e3 destacou a import\u00e2ncia da disciplina e do comprometimento da tropa. Ele ressaltou que a coes\u00e3o entre os policiais \u00e9 essencial para garantir a efici\u00eancia das opera\u00e7\u00f5es e a seguran\u00e7a da comunidade. Um dos pontos altos da reuni\u00e3o foi a men\u00e7\u00e3o \u00e0 implanta\u00e7\u00e3o do conceito de Justi\u00e7a Restaurativa no 24\u00ba BPM. A proposta busca resolver conflitos com di\u00e1logo entre v\u00edtima, ofensor e comunidade, priorizando repara\u00e7\u00e3o e preven\u00e7\u00e3o em vez de puni\u00e7\u00e3o. O comandante tamb\u00e9m aproveitou a ocasi\u00e3o para dar boas-vindas aos novos policiais que ingressaram em 2025. Al\u00e9m disso, parabenizou os aniversariantes do m\u00eas e destacou a import\u00e2ncia da integra\u00e7\u00e3o e do esp\u00edrito de equipe dentro da corpora\u00e7\u00e3o. Durante o evento, foram entregues certificados aos militares que conclu\u00edram o Semin\u00e1rio de Primeiras Respostas a Crimes Contra Institui\u00e7\u00f5es Financeiras. A homenagem refor\u00e7ou o investimento constante na capacita\u00e7\u00e3o e valoriza\u00e7\u00e3o profissional dos policiais. Ao encerrar o encontro, o tenente-coronel foi enf\u00e1tico. Ele reafirmou que toda a atua\u00e7\u00e3o policial deve seguir estritamente os princ\u00edpios da legalidade e do respeito \u00e0 dignidade humana. Tamb\u00e9m frisou que a \u00e9tica \u00e9 pilar inegoci\u00e1vel da miss\u00e3o da Pol\u00edcia Militar. Mais que uma reuni\u00e3o administrativa, a parada geral simbolizou unidade, compromisso e renova\u00e7\u00e3o de prop\u00f3sitos dentro do 24\u00ba BPM. Um momento de reafirma\u00e7\u00e3o do dever de servir com responsabilidade e honra \u00e0 popula\u00e7\u00e3o do sudoeste baiano.\" \/>\n<meta property=\"og:url\" content=\"https:\/\/sudoesteacontece.com.br\/?p=1416\" \/>\n<meta property=\"og:site_name\" content=\"Sudoesteacontece\" \/>\n<meta property=\"article:publisher\" content=\"https:\/\/www.facebook.com\/sudoesteacontece\/?locale=pt_BR\" \/>\n<meta property=\"article:published_time\" content=\"2025-10-31T12:32:50+00:00\" \/>\n<meta property=\"article:modified_time\" content=\"2025-10-31T12:32:52+00:00\" \/>\n<meta property=\"og:image\" content=\"https:\/\/sudoesteacontece.com.br\/wp-content\/uploads\/2025\/10\/Comando-do-24o-BPM-realiza-parada-geral-e-reforca-disciplina-e-etica-entre-policiais-em-Brumado-sudoeste-acontece-1.jpg\" \/>\n\t<meta property=\"og:image:width\" content=\"960\" \/>\n\t<meta property=\"og:image:height\" content=\"746\" \/>\n\t<meta property=\"og:image:type\" content=\"image\/jpeg\" \/>\n<meta name=\"author\" content=\"Washington Tiago\" \/>\n<meta name=\"twitter:card\" content=\"summary_large_image\" \/>\n<meta name=\"twitter:label1\" content=\"Escrito por\" \/>\n\t<meta name=\"twitter:data1\" content=\"Washington Tiago\" \/>\n\t<meta name=\"twitter:label2\" content=\"Est. tempo de leitura\" \/>\n\t<meta name=\"twitter:data2\" content=\"2 minutos\" \/>\n<script type=\"application\/ld+json\" class=\"yoast-schema-graph\">{\"@context\":\"https:\/\/schema.org\",\"@graph\":[{\"@type\":\"Article\",\"@id\":\"https:\/\/sudoesteacontece.com.br\/?p=1416#article\",\"isPartOf\":{\"@id\":\"https:\/\/sudoesteacontece.com.br\/?p=1416\"},\"author\":{\"name\":\"Washington Tiago\",\"@id\":\"https:\/\/sudoesteacontece.com.br\/#\/schema\/person\/3cf2cf009926a9683ebc29d5379fa79c\"},\"headline\":\"Comando do 24\u00ba BPM realiza parada geral e refor\u00e7a disciplina e \u00e9tica entre policiais em Brumado\",\"datePublished\":\"2025-10-31T12:32:50+00:00\",\"dateModified\":\"2025-10-31T12:32:52+00:00\",\"mainEntityOfPage\":{\"@id\":\"https:\/\/sudoesteacontece.com.br\/?p=1416\"},\"wordCount\":352,\"commentCount\":0,\"publisher\":{\"@id\":\"https:\/\/sudoesteacontece.com.br\/#organization\"},\"image\":{\"@id\":\"https:\/\/sudoesteacontece.com.br\/?p=1416#primaryimage\"},\"thumbnailUrl\":\"https:\/\/sudoesteacontece.com.br\/wp-content\/uploads\/2025\/10\/Comando-do-24o-BPM-realiza-parada-geral-e-reforca-disciplina-e-etica-entre-policiais-em-Brumado-sudoeste-acontece-1.jpg\",\"articleSection\":[\"Brumado\",\"Cidades\",\"Pol\u00edcia\"],\"inLanguage\":\"pt-BR\",\"potentialAction\":[{\"@type\":\"CommentAction\",\"name\":\"Comment\",\"target\":[\"https:\/\/sudoesteacontece.com.br\/?p=1416#respond\"]}]},{\"@type\":\"WebPage\",\"@id\":\"https:\/\/sudoesteacontece.com.br\/?p=1416\",\"url\":\"https:\/\/sudoesteacontece.com.br\/?p=1416\",\"name\":\"Comando do 24\u00ba BPM realiza parada geral e refor\u00e7a disciplina e \u00e9tica entre policiais em Brumado - Sudoesteacontece\",\"isPartOf\":{\"@id\":\"https:\/\/sudoesteacontece.com.br\/#website\"},\"primaryImageOfPage\":{\"@id\":\"https:\/\/sudoesteacontece.com.br\/?p=1416#primaryimage\"},\"image\":{\"@id\":\"https:\/\/sudoesteacontece.com.br\/?p=1416#primaryimage\"},\"thumbnailUrl\":\"https:\/\/sudoesteacontece.com.br\/wp-content\/uploads\/2025\/10\/Comando-do-24o-BPM-realiza-parada-geral-e-reforca-disciplina-e-etica-entre-policiais-em-Brumado-sudoeste-acontece-1.jpg\",\"datePublished\":\"2025-10-31T12:32:50+00:00\",\"dateModified\":\"2025-10-31T12:32:52+00:00\",\"breadcrumb\":{\"@id\":\"https:\/\/sudoesteacontece.com.br\/?p=1416#breadcrumb\"},\"inLanguage\":\"pt-BR\",\"potentialAction\":[{\"@type\":\"ReadAction\",\"target\":[\"https:\/\/sudoesteacontece.com.br\/?p=1416\"]}]},{\"@type\":\"ImageObject\",\"inLanguage\":\"pt-BR\",\"@id\":\"https:\/\/sudoesteacontece.com.br\/?p=1416#primaryimage\",\"url\":\"https:\/\/sudoesteacontece.com.br\/wp-content\/uploads\/2025\/10\/Comando-do-24o-BPM-realiza-parada-geral-e-reforca-disciplina-e-etica-entre-policiais-em-Brumado-sudoeste-acontece-1.jpg\",\"contentUrl\":\"https:\/\/sudoesteacontece.com.br\/wp-content\/uploads\/2025\/10\/Comando-do-24o-BPM-realiza-parada-geral-e-reforca-disciplina-e-etica-entre-policiais-em-Brumado-sudoeste-acontece-1.jpg\",\"width\":960,\"height\":746},{\"@type\":\"BreadcrumbList\",\"@id\":\"https:\/\/sudoesteacontece.com.br\/?p=1416#breadcrumb\",\"itemListElement\":[{\"@type\":\"ListItem\",\"position\":1,\"name\":\"In\u00edcio\",\"item\":\"https:\/\/sudoesteacontece.com.br\/\"},{\"@type\":\"ListItem\",\"position\":2,\"name\":\"Comando do 24\u00ba BPM realiza parada geral e refor\u00e7a disciplina e \u00e9tica entre policiais em Brumado\"}]},{\"@type\":\"WebSite\",\"@id\":\"https:\/\/sudoesteacontece.com.br\/#website\",\"url\":\"https:\/\/sudoesteacontece.com.br\/\",\"name\":\"Sudoesteacontece\",\"description\":\"\",\"publisher\":{\"@id\":\"https:\/\/sudoesteacontece.com.br\/#organization\"},\"potentialAction\":[{\"@type\":\"SearchAction\",\"target\":{\"@type\":\"EntryPoint\",\"urlTemplate\":\"https:\/\/sudoesteacontece.com.br\/?s={search_term_string}\"},\"query-input\":{\"@type\":\"PropertyValueSpecification\",\"valueRequired\":true,\"valueName\":\"search_term_string\"}}],\"inLanguage\":\"pt-BR\"},{\"@type\":\"Organization\",\"@id\":\"https:\/\/sudoesteacontece.com.br\/#organization\",\"name\":\"Sudoesteacontece\",\"url\":\"https:\/\/sudoesteacontece.com.br\/\",\"logo\":{\"@type\":\"ImageObject\",\"inLanguage\":\"pt-BR\",\"@id\":\"https:\/\/sudoesteacontece.com.br\/#\/schema\/logo\/image\/\",\"url\":\"https:\/\/sudoesteacontece.com.br\/wp-content\/uploads\/2025\/12\/cropped-logo-2-180x180-1.png\",\"contentUrl\":\"https:\/\/sudoesteacontece.com.br\/wp-content\/uploads\/2025\/12\/cropped-logo-2-180x180-1.png\",\"width\":180,\"height\":180,\"caption\":\"Sudoesteacontece\"},\"image\":{\"@id\":\"https:\/\/sudoesteacontece.com.br\/#\/schema\/logo\/image\/\"},\"sameAs\":[\"https:\/\/www.facebook.com\/sudoesteacontece\/?locale=pt_BR\"]},{\"@type\":\"Person\",\"@id\":\"https:\/\/sudoesteacontece.com.br\/#\/schema\/person\/3cf2cf009926a9683ebc29d5379fa79c\",\"name\":\"Washington Tiago\",\"image\":{\"@type\":\"ImageObject\",\"inLanguage\":\"pt-BR\",\"@id\":\"https:\/\/sudoesteacontece.com.br\/#\/schema\/person\/image\/\",\"url\":\"https:\/\/secure.gravatar.com\/avatar\/33c43b8668157e040f9d1fe93c354bf087cbd8ba36270c1163198bd3ddcf2a56?s=96&d=mm&r=g\",\"contentUrl\":\"https:\/\/secure.gravatar.com\/avatar\/33c43b8668157e040f9d1fe93c354bf087cbd8ba36270c1163198bd3ddcf2a56?s=96&d=mm&r=g\",\"caption\":\"Washington Tiago\"},\"url\":\"https:\/\/sudoesteacontece.com.br\/?author=2\"}]}<\/script>\n<!-- \/ Yoast SEO plugin. -->","yoast_head_json":{"title":"Comando do 24\u00ba BPM realiza parada geral e refor\u00e7a disciplina e \u00e9tica entre policiais em Brumado - Sudoesteacontece","robots":{"index":"index","follow":"follow","max-snippet":"max-snippet:-1","max-image-preview":"max-image-preview:large","max-video-preview":"max-video-preview:-1"},"canonical":"https:\/\/sudoesteacontece.com.br\/?p=1416","og_locale":"pt_BR","og_type":"article","og_title":"Comando do 24\u00ba BPM realiza parada geral e refor\u00e7a disciplina e \u00e9tica entre policiais em Brumado - Sudoesteacontece","og_description":"O 24\u00ba Batalh\u00e3o da Pol\u00edcia Militar de Brumado realizou, na manh\u00e3 desta quinta-feira (30), uma parada geral com todo o efetivo. Evento ocorreu no audit\u00f3rio do Instituto Federal da Bahia (IFBA) e foi conduzido pelo comandante da unidade, tenente-coronel Jocev\u00e3 Oliveira. O encontro teve foco no alinhamento estrat\u00e9gico das a\u00e7\u00f5es de policiamento ostensivo. A reuni\u00e3o refor\u00e7ou diretrizes, padr\u00f5es de conduta e procedimentos operacionais que orientam o trabalho dos policiais em Brumado e nas cidades vizinhas. Durante o discurso, o tenente-coronel Jocev\u00e3 destacou a import\u00e2ncia da disciplina e do comprometimento da tropa. Ele ressaltou que a coes\u00e3o entre os policiais \u00e9 essencial para garantir a efici\u00eancia das opera\u00e7\u00f5es e a seguran\u00e7a da comunidade. Um dos pontos altos da reuni\u00e3o foi a men\u00e7\u00e3o \u00e0 implanta\u00e7\u00e3o do conceito de Justi\u00e7a Restaurativa no 24\u00ba BPM. A proposta busca resolver conflitos com di\u00e1logo entre v\u00edtima, ofensor e comunidade, priorizando repara\u00e7\u00e3o e preven\u00e7\u00e3o em vez de puni\u00e7\u00e3o. O comandante tamb\u00e9m aproveitou a ocasi\u00e3o para dar boas-vindas aos novos policiais que ingressaram em 2025. Al\u00e9m disso, parabenizou os aniversariantes do m\u00eas e destacou a import\u00e2ncia da integra\u00e7\u00e3o e do esp\u00edrito de equipe dentro da corpora\u00e7\u00e3o. Durante o evento, foram entregues certificados aos militares que conclu\u00edram o Semin\u00e1rio de Primeiras Respostas a Crimes Contra Institui\u00e7\u00f5es Financeiras. A homenagem refor\u00e7ou o investimento constante na capacita\u00e7\u00e3o e valoriza\u00e7\u00e3o profissional dos policiais. Ao encerrar o encontro, o tenente-coronel foi enf\u00e1tico. Ele reafirmou que toda a atua\u00e7\u00e3o policial deve seguir estritamente os princ\u00edpios da legalidade e do respeito \u00e0 dignidade humana. Tamb\u00e9m frisou que a \u00e9tica \u00e9 pilar inegoci\u00e1vel da miss\u00e3o da Pol\u00edcia Militar. Mais que uma reuni\u00e3o administrativa, a parada geral simbolizou unidade, compromisso e renova\u00e7\u00e3o de prop\u00f3sitos dentro do 24\u00ba BPM. Um momento de reafirma\u00e7\u00e3o do dever de servir com responsabilidade e honra \u00e0 popula\u00e7\u00e3o do sudoeste baiano.","og_url":"https:\/\/sudoesteacontece.com.br\/?p=1416","og_site_name":"Sudoesteacontece","article_publisher":"https:\/\/www.facebook.com\/sudoesteacontece\/?locale=pt_BR","article_published_time":"2025-10-31T12:32:50+00:00","article_modified_time":"2025-10-31T12:32:52+00:00","og_image":[{"width":960,"height":746,"url":"https:\/\/sudoesteacontece.com.br\/wp-content\/uploads\/2025\/10\/Comando-do-24o-BPM-realiza-parada-geral-e-reforca-disciplina-e-etica-entre-policiais-em-Brumado-sudoeste-acontece-1.jpg","type":"image\/jpeg"}],"author":"Washington Tiago","twitter_card":"summary_large_image","twitter_misc":{"Escrito por":"Washington Tiago","Est. tempo de leitura":"2 minutos"},"schema":{"@context":"https:\/\/schema.org","@graph":[{"@type":"Article","@id":"https:\/\/sudoesteacontece.com.br\/?p=1416#article","isPartOf":{"@id":"https:\/\/sudoesteacontece.com.br\/?p=1416"},"author":{"name":"Washington Tiago","@id":"https:\/\/sudoesteacontece.com.br\/#\/schema\/person\/3cf2cf009926a9683ebc29d5379fa79c"},"headline":"Comando do 24\u00ba BPM realiza parada geral e refor\u00e7a disciplina e \u00e9tica entre policiais em Brumado","datePublished":"2025-10-31T12:32:50+00:00","dateModified":"2025-10-31T12:32:52+00:00","mainEntityOfPage":{"@id":"https:\/\/sudoesteacontece.com.br\/?p=1416"},"wordCount":352,"commentCount":0,"publisher":{"@id":"https:\/\/sudoesteacontece.com.br\/#organization"},"image":{"@id":"https:\/\/sudoesteacontece.com.br\/?p=1416#primaryimage"},"thumbnailUrl":"https:\/\/sudoesteacontece.com.br\/wp-content\/uploads\/2025\/10\/Comando-do-24o-BPM-realiza-parada-geral-e-reforca-disciplina-e-etica-entre-policiais-em-Brumado-sudoeste-acontece-1.jpg","articleSection":["Brumado","Cidades","Pol\u00edcia"],"inLanguage":"pt-BR","potentialAction":[{"@type":"CommentAction","name":"Comment","target":["https:\/\/sudoesteacontece.com.br\/?p=1416#respond"]}]},{"@type":"WebPage","@id":"https:\/\/sudoesteacontece.com.br\/?p=1416","url":"https:\/\/sudoesteacontece.com.br\/?p=1416","name":"Comando do 24\u00ba BPM realiza parada geral e refor\u00e7a disciplina e \u00e9tica entre policiais em Brumado - Sudoesteacontece","isPartOf":{"@id":"https:\/\/sudoesteacontece.com.br\/#website"},"primaryImageOfPage":{"@id":"https:\/\/sudoesteacontece.com.br\/?p=1416#primaryimage"},"image":{"@id":"https:\/\/sudoesteacontece.com.br\/?p=1416#primaryimage"},"thumbnailUrl":"https:\/\/sudoesteacontece.com.br\/wp-content\/uploads\/2025\/10\/Comando-do-24o-BPM-realiza-parada-geral-e-reforca-disciplina-e-etica-entre-policiais-em-Brumado-sudoeste-acontece-1.jpg","datePublished":"2025-10-31T12:32:50+00:00","dateModified":"2025-10-31T12:32:52+00:00","breadcrumb":{"@id":"https:\/\/sudoesteacontece.com.br\/?p=1416#breadcrumb"},"inLanguage":"pt-BR","potentialAction":[{"@type":"ReadAction","target":["https:\/\/sudoesteacontece.com.br\/?p=1416"]}]},{"@type":"ImageObject","inLanguage":"pt-BR","@id":"https:\/\/sudoesteacontece.com.br\/?p=1416#primaryimage","url":"https:\/\/sudoesteacontece.com.br\/wp-content\/uploads\/2025\/10\/Comando-do-24o-BPM-realiza-parada-geral-e-reforca-disciplina-e-etica-entre-policiais-em-Brumado-sudoeste-acontece-1.jpg","contentUrl":"https:\/\/sudoesteacontece.com.br\/wp-content\/uploads\/2025\/10\/Comando-do-24o-BPM-realiza-parada-geral-e-reforca-disciplina-e-etica-entre-policiais-em-Brumado-sudoeste-acontece-1.jpg","width":960,"height":746},{"@type":"BreadcrumbList","@id":"https:\/\/sudoesteacontece.com.br\/?p=1416#breadcrumb","itemListElement":[{"@type":"ListItem","position":1,"name":"In\u00edcio","item":"https:\/\/sudoesteacontece.com.br\/"},{"@type":"ListItem","position":2,"name":"Comando do 24\u00ba BPM realiza parada geral e refor\u00e7a disciplina e \u00e9tica entre policiais em Brumado"}]},{"@type":"WebSite","@id":"https:\/\/sudoesteacontece.com.br\/#website","url":"https:\/\/sudoesteacontece.com.br\/","name":"Sudoesteacontece","description":"","publisher":{"@id":"https:\/\/sudoesteacontece.com.br\/#organization"},"potentialAction":[{"@type":"SearchAction","target":{"@type":"EntryPoint","urlTemplate":"https:\/\/sudoesteacontece.com.br\/?s={search_term_string}"},"query-input":{"@type":"PropertyValueSpecification","valueRequired":true,"valueName":"search_term_string"}}],"inLanguage":"pt-BR"},{"@type":"Organization","@id":"https:\/\/sudoesteacontece.com.br\/#organization","name":"Sudoesteacontece","url":"https:\/\/sudoesteacontece.com.br\/","logo":{"@type":"ImageObject","inLanguage":"pt-BR","@id":"https:\/\/sudoesteacontece.com.br\/#\/schema\/logo\/image\/","url":"https:\/\/sudoesteacontece.com.br\/wp-content\/uploads\/2025\/12\/cropped-logo-2-180x180-1.png","contentUrl":"https:\/\/sudoesteacontece.com.br\/wp-content\/uploads\/2025\/12\/cropped-logo-2-180x180-1.png","width":180,"height":180,"caption":"Sudoesteacontece"},"image":{"@id":"https:\/\/sudoesteacontece.com.br\/#\/schema\/logo\/image\/"},"sameAs":["https:\/\/www.facebook.com\/sudoesteacontece\/?locale=pt_BR"]},{"@type":"Person","@id":"https:\/\/sudoesteacontece.com.br\/#\/schema\/person\/3cf2cf009926a9683ebc29d5379fa79c","name":"Washington Tiago","image":{"@type":"ImageObject","inLanguage":"pt-BR","@id":"https:\/\/sudoesteacontece.com.br\/#\/schema\/person\/image\/","url":"https:\/\/secure.gravatar.com\/avatar\/33c43b8668157e040f9d1fe93c354bf087cbd8ba36270c1163198bd3ddcf2a56?s=96&d=mm&r=g","contentUrl":"https:\/\/secure.gravatar.com\/avatar\/33c43b8668157e040f9d1fe93c354bf087cbd8ba36270c1163198bd3ddcf2a56?s=96&d=mm&r=g","caption":"Washington Tiago"},"url":"https:\/\/sudoesteacontece.com.br\/?author=2"}]}},"_links":{"self":[{"href":"https:\/\/sudoesteacontece.com.br\/index.php?rest_route=\/wp\/v2\/posts\/1416","targetHints":{"allow":["GET"]}}],"collection":[{"href":"https:\/\/sudoesteacontece.com.br\/index.php?rest_route=\/wp\/v2\/posts"}],"about":[{"href":"https:\/\/sudoesteacontece.com.br\/index.php?rest_route=\/wp\/v2\/types\/post"}],"author":[{"embeddable":true,"href":"https:\/\/sudoesteacontece.com.br\/index.php?rest_route=\/wp\/v2\/users\/2"}],"replies":[{"embeddable":true,"href":"https:\/\/sudoesteacontece.com.br\/index.php?rest_route=%2Fwp%2Fv2%2Fcomments&post=1416"}],"version-history":[{"count":0,"href":"https:\/\/sudoesteacontece.com.br\/index.php?rest_route=\/wp\/v2\/posts\/1416\/revisions"}],"wp:featuredmedia":[{"embeddable":true,"href":"https:\/\/sudoesteacontece.com.br\/index.php?rest_route=\/wp\/v2\/media\/1433"}],"wp:attachment":[{"href":"https:\/\/sudoesteacontece.com.br\/index.php?rest_route=%2Fwp%2Fv2%2Fmedia&parent=1416"}],"wp:term":[{"taxonomy":"category","embeddable":true,"href":"https:\/\/sudoesteacontece.com.br\/index.php?rest_route=%2Fwp%2Fv2%2Fcategories&post=1416"},{"taxonomy":"post_tag","embeddable":true,"href":"https:\/\/sudoesteacontece.com.br\/index.php?rest_route=%2Fwp%2Fv2%2Ftags&post=1416"}],"curies":[{"name":"wp","href":"https:\/\/api.w.org\/{rel}","templated":true}]}}