{"id":1420,"date":"2025-10-31T10:03:40","date_gmt":"2025-10-31T13:03:40","guid":{"rendered":"https:\/\/sudoesteacontece.com.br\/?p=1420"},"modified":"2025-10-31T10:03:42","modified_gmt":"2025-10-31T13:03:42","slug":"prefeito-de-brumado-assina-decreto-que-garante-abono-salarial-a-profissionais-da-educacao","status":"publish","type":"post","link":"https:\/\/sudoesteacontece.com.br\/?p=1420","title":{"rendered":"Prefeito de Brumado assina decreto que garante abono salarial a profissionais da educa\u00e7\u00e3o"},"content":{"rendered":"<div class=\"wp-block-image\">\n<figure class=\"aligncenter size-large\"><img fetchpriority=\"high\" decoding=\"async\" width=\"1024\" height=\"768\" src=\"http:\/\/sudoesteacontece.com.br\/wp-content\/uploads\/2025\/10\/Prefeito-de-Brumado-assina-decreto-que-garante-abono-salarial-a-profissionais-da-educacao-sudoeste-acontece-1-1024x768.jpg\" alt=\"\" class=\"wp-image-1443\" srcset=\"https:\/\/sudoesteacontece.com.br\/wp-content\/uploads\/2025\/10\/Prefeito-de-Brumado-assina-decreto-que-garante-abono-salarial-a-profissionais-da-educacao-sudoeste-acontece-1-1024x768.jpg 1024w, https:\/\/sudoesteacontece.com.br\/wp-content\/uploads\/2025\/10\/Prefeito-de-Brumado-assina-decreto-que-garante-abono-salarial-a-profissionais-da-educacao-sudoeste-acontece-1-300x225.jpg 300w, https:\/\/sudoesteacontece.com.br\/wp-content\/uploads\/2025\/10\/Prefeito-de-Brumado-assina-decreto-que-garante-abono-salarial-a-profissionais-da-educacao-sudoeste-acontece-1-768x576.jpg 768w, https:\/\/sudoesteacontece.com.br\/wp-content\/uploads\/2025\/10\/Prefeito-de-Brumado-assina-decreto-que-garante-abono-salarial-a-profissionais-da-educacao-sudoeste-acontece-1-1536x1152.jpg 1536w, https:\/\/sudoesteacontece.com.br\/wp-content\/uploads\/2025\/10\/Prefeito-de-Brumado-assina-decreto-que-garante-abono-salarial-a-profissionais-da-educacao-sudoeste-acontece-1.jpg 2000w\" sizes=\"(max-width: 1024px) 100vw, 1024px\" \/><\/figure>\n<\/div>\n\n\n<p>O prefeito de Brumado, Fabr\u00edcio Abrantes, assinou nesta quinta-feira (30) o decreto que regulamenta a Lei n\u00ba 2.065, de 21 de outubro de 2025. Texto garante o pagamento de um abono salarial aos profissionais da educa\u00e7\u00e3o b\u00e1sica da rede municipal. A iniciativa tem car\u00e1ter excepcional e busca assegurar o cumprimento do m\u00ednimo constitucional de 70% dos recursos do Fundeb destinados \u00e0 remunera\u00e7\u00e3o dos educadores.<\/p>\n\n\n\n<p>A medida refor\u00e7a o compromisso da gest\u00e3o com a valoriza\u00e7\u00e3o da categoria. De acordo com o decreto, o valor do abono ser\u00e1 calculado com base nos meses efetivamente trabalhados em 2025. Crit\u00e9rio ser\u00e1 o mesmo utilizado para o 13\u00ba sal\u00e1rio, equivalente a 1\/12 por m\u00eas de exerc\u00edcio no ano. O benef\u00edcio ser\u00e1 pago apenas aos servidores efetivos enquadrados como profissionais da educa\u00e7\u00e3o b\u00e1sica. Para receber, o servidor deve comprovar atua\u00e7\u00e3o na rede municipal durante o per\u00edodo determinado.<\/p>\n\n\n\n<p>Servidores que possuem mais de um v\u00ednculo com o munic\u00edpio poder\u00e3o receber o abono em ambos os cargos, desde que todos se enquadrem na categoria da educa\u00e7\u00e3o b\u00e1sica, conforme prev\u00ea a Constitui\u00e7\u00e3o Federal. O texto determina que o abono tem car\u00e1ter remunerat\u00f3rio, mas n\u00e3o ser\u00e1 incorporado ao sal\u00e1rio-base. O valor n\u00e3o ter\u00e1 desconto previdenci\u00e1rio, mas estar\u00e1 sujeito \u00e0 tributa\u00e7\u00e3o do Imposto de Renda.<\/p>\n\n\n\n<p>A Secretaria Municipal de Educa\u00e7\u00e3o foi autorizada a editar normas complementares para garantir a execu\u00e7\u00e3o da medida. Decreto entrou em vigor na data de sua publica\u00e7\u00e3o no Di\u00e1rio Oficial. Com a assinatura do decreto, a gest\u00e3o Fabr\u00edcio Abrantes reafirma o compromisso com a valoriza\u00e7\u00e3o dos profissionais que atuam na constru\u00e7\u00e3o da educa\u00e7\u00e3o p\u00fablica de qualidade em Brumado.<\/p>\n","protected":false},"excerpt":{"rendered":"<p>O prefeito de Brumado, Fabr\u00edcio Abrantes, assinou nesta quinta-feira (30) o decreto que regulamenta a Lei n\u00ba 2.065, de 21 de outubro de 2025. Texto garante o pagamento de um abono salarial aos profissionais da educa\u00e7\u00e3o b\u00e1sica da rede municipal. A iniciativa tem car\u00e1ter excepcional e busca assegurar o cumprimento do m\u00ednimo constitucional de 70% dos recursos do Fundeb destinados \u00e0 remunera\u00e7\u00e3o dos educadores. A medida refor\u00e7a o compromisso da gest\u00e3o com a valoriza\u00e7\u00e3o da categoria. De acordo com o decreto, o valor do abono ser\u00e1 calculado com base nos meses efetivamente trabalhados em 2025. Crit\u00e9rio ser\u00e1 o mesmo utilizado para o 13\u00ba sal\u00e1rio, equivalente a 1\/12 por m\u00eas de exerc\u00edcio no ano. O benef\u00edcio ser\u00e1 pago apenas aos servidores efetivos enquadrados como profissionais da educa\u00e7\u00e3o b\u00e1sica. Para receber, o servidor deve comprovar atua\u00e7\u00e3o na rede municipal durante o per\u00edodo determinado. Servidores que possuem mais de um v\u00ednculo com o munic\u00edpio poder\u00e3o receber o abono em ambos os cargos, desde que todos se enquadrem na categoria da educa\u00e7\u00e3o b\u00e1sica, conforme prev\u00ea a Constitui\u00e7\u00e3o Federal. O texto determina que o abono tem car\u00e1ter remunerat\u00f3rio, mas n\u00e3o ser\u00e1 incorporado ao sal\u00e1rio-base. O valor n\u00e3o ter\u00e1 desconto previdenci\u00e1rio, mas estar\u00e1 sujeito \u00e0 tributa\u00e7\u00e3o do Imposto de Renda. A Secretaria Municipal de Educa\u00e7\u00e3o foi autorizada a editar normas complementares para garantir a execu\u00e7\u00e3o da medida. Decreto entrou em vigor na data de sua publica\u00e7\u00e3o no Di\u00e1rio Oficial. Com a assinatura do decreto, a gest\u00e3o Fabr\u00edcio Abrantes reafirma o compromisso com a valoriza\u00e7\u00e3o dos profissionais que atuam na constru\u00e7\u00e3o da educa\u00e7\u00e3o p\u00fablica de qualidade em Brumado.<\/p>\n","protected":false},"author":2,"featured_media":1443,"comment_status":"open","ping_status":"open","sticky":false,"template":"","format":"standard","meta":{"footnotes":""},"categories":[10,43,3],"tags":[],"class_list":["post-1420","post","type-post","status-publish","format-standard","has-post-thumbnail","hentry","category-brumado","category-educacao","category-policia"],"yoast_head":"<!-- This site is optimized with the Yoast SEO plugin v26.5 - https:\/\/yoast.com\/wordpress\/plugins\/seo\/ -->\n<title>Prefeito de Brumado assina decreto que garante abono salarial a profissionais da educa\u00e7\u00e3o - Sudoesteacontece<\/title>\n<meta name=\"robots\" content=\"index, follow, max-snippet:-1, max-image-preview:large, max-video-preview:-1\" \/>\n<link rel=\"canonical\" href=\"https:\/\/sudoesteacontece.com.br\/?p=1420\" \/>\n<meta property=\"og:locale\" content=\"pt_BR\" \/>\n<meta property=\"og:type\" content=\"article\" \/>\n<meta property=\"og:title\" content=\"Prefeito de Brumado assina decreto que garante abono salarial a profissionais da educa\u00e7\u00e3o - Sudoesteacontece\" \/>\n<meta property=\"og:description\" content=\"O prefeito de Brumado, Fabr\u00edcio Abrantes, assinou nesta quinta-feira (30) o decreto que regulamenta a Lei n\u00ba 2.065, de 21 de outubro de 2025. Texto garante o pagamento de um abono salarial aos profissionais da educa\u00e7\u00e3o b\u00e1sica da rede municipal. A iniciativa tem car\u00e1ter excepcional e busca assegurar o cumprimento do m\u00ednimo constitucional de 70% dos recursos do Fundeb destinados \u00e0 remunera\u00e7\u00e3o dos educadores. A medida refor\u00e7a o compromisso da gest\u00e3o com a valoriza\u00e7\u00e3o da categoria. De acordo com o decreto, o valor do abono ser\u00e1 calculado com base nos meses efetivamente trabalhados em 2025. Crit\u00e9rio ser\u00e1 o mesmo utilizado para o 13\u00ba sal\u00e1rio, equivalente a 1\/12 por m\u00eas de exerc\u00edcio no ano. O benef\u00edcio ser\u00e1 pago apenas aos servidores efetivos enquadrados como profissionais da educa\u00e7\u00e3o b\u00e1sica. Para receber, o servidor deve comprovar atua\u00e7\u00e3o na rede municipal durante o per\u00edodo determinado. Servidores que possuem mais de um v\u00ednculo com o munic\u00edpio poder\u00e3o receber o abono em ambos os cargos, desde que todos se enquadrem na categoria da educa\u00e7\u00e3o b\u00e1sica, conforme prev\u00ea a Constitui\u00e7\u00e3o Federal. O texto determina que o abono tem car\u00e1ter remunerat\u00f3rio, mas n\u00e3o ser\u00e1 incorporado ao sal\u00e1rio-base. O valor n\u00e3o ter\u00e1 desconto previdenci\u00e1rio, mas estar\u00e1 sujeito \u00e0 tributa\u00e7\u00e3o do Imposto de Renda. A Secretaria Municipal de Educa\u00e7\u00e3o foi autorizada a editar normas complementares para garantir a execu\u00e7\u00e3o da medida. Decreto entrou em vigor na data de sua publica\u00e7\u00e3o no Di\u00e1rio Oficial. Com a assinatura do decreto, a gest\u00e3o Fabr\u00edcio Abrantes reafirma o compromisso com a valoriza\u00e7\u00e3o dos profissionais que atuam na constru\u00e7\u00e3o da educa\u00e7\u00e3o p\u00fablica de qualidade em Brumado.\" \/>\n<meta property=\"og:url\" content=\"https:\/\/sudoesteacontece.com.br\/?p=1420\" \/>\n<meta property=\"og:site_name\" content=\"Sudoesteacontece\" \/>\n<meta property=\"article:publisher\" content=\"https:\/\/www.facebook.com\/sudoesteacontece\/?locale=pt_BR\" \/>\n<meta property=\"article:published_time\" content=\"2025-10-31T13:03:40+00:00\" \/>\n<meta property=\"article:modified_time\" content=\"2025-10-31T13:03:42+00:00\" \/>\n<meta property=\"og:image\" content=\"https:\/\/sudoesteacontece.com.br\/wp-content\/uploads\/2025\/10\/Prefeito-de-Brumado-assina-decreto-que-garante-abono-salarial-a-profissionais-da-educacao-sudoeste-acontece-1.jpg\" \/>\n\t<meta property=\"og:image:width\" content=\"2000\" \/>\n\t<meta property=\"og:image:height\" content=\"1500\" \/>\n\t<meta property=\"og:image:type\" content=\"image\/jpeg\" \/>\n<meta name=\"author\" content=\"Washington Tiago\" \/>\n<meta name=\"twitter:card\" content=\"summary_large_image\" \/>\n<meta name=\"twitter:label1\" content=\"Escrito por\" \/>\n\t<meta name=\"twitter:data1\" content=\"Washington Tiago\" \/>\n\t<meta name=\"twitter:label2\" content=\"Est. tempo de leitura\" \/>\n\t<meta name=\"twitter:data2\" content=\"1 minuto\" \/>\n<script type=\"application\/ld+json\" class=\"yoast-schema-graph\">{\"@context\":\"https:\/\/schema.org\",\"@graph\":[{\"@type\":\"Article\",\"@id\":\"https:\/\/sudoesteacontece.com.br\/?p=1420#article\",\"isPartOf\":{\"@id\":\"https:\/\/sudoesteacontece.com.br\/?p=1420\"},\"author\":{\"name\":\"Washington Tiago\",\"@id\":\"https:\/\/sudoesteacontece.com.br\/#\/schema\/person\/3cf2cf009926a9683ebc29d5379fa79c\"},\"headline\":\"Prefeito de Brumado assina decreto que garante abono salarial a profissionais da educa\u00e7\u00e3o\",\"datePublished\":\"2025-10-31T13:03:40+00:00\",\"dateModified\":\"2025-10-31T13:03:42+00:00\",\"mainEntityOfPage\":{\"@id\":\"https:\/\/sudoesteacontece.com.br\/?p=1420\"},\"wordCount\":306,\"commentCount\":0,\"publisher\":{\"@id\":\"https:\/\/sudoesteacontece.com.br\/#organization\"},\"image\":{\"@id\":\"https:\/\/sudoesteacontece.com.br\/?p=1420#primaryimage\"},\"thumbnailUrl\":\"https:\/\/sudoesteacontece.com.br\/wp-content\/uploads\/2025\/10\/Prefeito-de-Brumado-assina-decreto-que-garante-abono-salarial-a-profissionais-da-educacao-sudoeste-acontece-1.jpg\",\"articleSection\":[\"Brumado\",\"Educa\u00e7\u00e3o\",\"Pol\u00edcia\"],\"inLanguage\":\"pt-BR\",\"potentialAction\":[{\"@type\":\"CommentAction\",\"name\":\"Comment\",\"target\":[\"https:\/\/sudoesteacontece.com.br\/?p=1420#respond\"]}]},{\"@type\":\"WebPage\",\"@id\":\"https:\/\/sudoesteacontece.com.br\/?p=1420\",\"url\":\"https:\/\/sudoesteacontece.com.br\/?p=1420\",\"name\":\"Prefeito de Brumado assina decreto que garante abono salarial a profissionais da educa\u00e7\u00e3o - Sudoesteacontece\",\"isPartOf\":{\"@id\":\"https:\/\/sudoesteacontece.com.br\/#website\"},\"primaryImageOfPage\":{\"@id\":\"https:\/\/sudoesteacontece.com.br\/?p=1420#primaryimage\"},\"image\":{\"@id\":\"https:\/\/sudoesteacontece.com.br\/?p=1420#primaryimage\"},\"thumbnailUrl\":\"https:\/\/sudoesteacontece.com.br\/wp-content\/uploads\/2025\/10\/Prefeito-de-Brumado-assina-decreto-que-garante-abono-salarial-a-profissionais-da-educacao-sudoeste-acontece-1.jpg\",\"datePublished\":\"2025-10-31T13:03:40+00:00\",\"dateModified\":\"2025-10-31T13:03:42+00:00\",\"breadcrumb\":{\"@id\":\"https:\/\/sudoesteacontece.com.br\/?p=1420#breadcrumb\"},\"inLanguage\":\"pt-BR\",\"potentialAction\":[{\"@type\":\"ReadAction\",\"target\":[\"https:\/\/sudoesteacontece.com.br\/?p=1420\"]}]},{\"@type\":\"ImageObject\",\"inLanguage\":\"pt-BR\",\"@id\":\"https:\/\/sudoesteacontece.com.br\/?p=1420#primaryimage\",\"url\":\"https:\/\/sudoesteacontece.com.br\/wp-content\/uploads\/2025\/10\/Prefeito-de-Brumado-assina-decreto-que-garante-abono-salarial-a-profissionais-da-educacao-sudoeste-acontece-1.jpg\",\"contentUrl\":\"https:\/\/sudoesteacontece.com.br\/wp-content\/uploads\/2025\/10\/Prefeito-de-Brumado-assina-decreto-que-garante-abono-salarial-a-profissionais-da-educacao-sudoeste-acontece-1.jpg\",\"width\":2000,\"height\":1500},{\"@type\":\"BreadcrumbList\",\"@id\":\"https:\/\/sudoesteacontece.com.br\/?p=1420#breadcrumb\",\"itemListElement\":[{\"@type\":\"ListItem\",\"position\":1,\"name\":\"In\u00edcio\",\"item\":\"https:\/\/sudoesteacontece.com.br\/\"},{\"@type\":\"ListItem\",\"position\":2,\"name\":\"Prefeito de Brumado assina decreto que garante abono salarial a profissionais da educa\u00e7\u00e3o\"}]},{\"@type\":\"WebSite\",\"@id\":\"https:\/\/sudoesteacontece.com.br\/#website\",\"url\":\"https:\/\/sudoesteacontece.com.br\/\",\"name\":\"Sudoesteacontece\",\"description\":\"\",\"publisher\":{\"@id\":\"https:\/\/sudoesteacontece.com.br\/#organization\"},\"potentialAction\":[{\"@type\":\"SearchAction\",\"target\":{\"@type\":\"EntryPoint\",\"urlTemplate\":\"https:\/\/sudoesteacontece.com.br\/?s={search_term_string}\"},\"query-input\":{\"@type\":\"PropertyValueSpecification\",\"valueRequired\":true,\"valueName\":\"search_term_string\"}}],\"inLanguage\":\"pt-BR\"},{\"@type\":\"Organization\",\"@id\":\"https:\/\/sudoesteacontece.com.br\/#organization\",\"name\":\"Sudoesteacontece\",\"url\":\"https:\/\/sudoesteacontece.com.br\/\",\"logo\":{\"@type\":\"ImageObject\",\"inLanguage\":\"pt-BR\",\"@id\":\"https:\/\/sudoesteacontece.com.br\/#\/schema\/logo\/image\/\",\"url\":\"https:\/\/sudoesteacontece.com.br\/wp-content\/uploads\/2025\/12\/cropped-logo-2-180x180-1.png\",\"contentUrl\":\"https:\/\/sudoesteacontece.com.br\/wp-content\/uploads\/2025\/12\/cropped-logo-2-180x180-1.png\",\"width\":180,\"height\":180,\"caption\":\"Sudoesteacontece\"},\"image\":{\"@id\":\"https:\/\/sudoesteacontece.com.br\/#\/schema\/logo\/image\/\"},\"sameAs\":[\"https:\/\/www.facebook.com\/sudoesteacontece\/?locale=pt_BR\"]},{\"@type\":\"Person\",\"@id\":\"https:\/\/sudoesteacontece.com.br\/#\/schema\/person\/3cf2cf009926a9683ebc29d5379fa79c\",\"name\":\"Washington Tiago\",\"image\":{\"@type\":\"ImageObject\",\"inLanguage\":\"pt-BR\",\"@id\":\"https:\/\/sudoesteacontece.com.br\/#\/schema\/person\/image\/\",\"url\":\"https:\/\/secure.gravatar.com\/avatar\/33c43b8668157e040f9d1fe93c354bf087cbd8ba36270c1163198bd3ddcf2a56?s=96&d=mm&r=g\",\"contentUrl\":\"https:\/\/secure.gravatar.com\/avatar\/33c43b8668157e040f9d1fe93c354bf087cbd8ba36270c1163198bd3ddcf2a56?s=96&d=mm&r=g\",\"caption\":\"Washington Tiago\"},\"url\":\"https:\/\/sudoesteacontece.com.br\/?author=2\"}]}<\/script>\n<!-- \/ Yoast SEO plugin. -->","yoast_head_json":{"title":"Prefeito de Brumado assina decreto que garante abono salarial a profissionais da educa\u00e7\u00e3o - Sudoesteacontece","robots":{"index":"index","follow":"follow","max-snippet":"max-snippet:-1","max-image-preview":"max-image-preview:large","max-video-preview":"max-video-preview:-1"},"canonical":"https:\/\/sudoesteacontece.com.br\/?p=1420","og_locale":"pt_BR","og_type":"article","og_title":"Prefeito de Brumado assina decreto que garante abono salarial a profissionais da educa\u00e7\u00e3o - Sudoesteacontece","og_description":"O prefeito de Brumado, Fabr\u00edcio Abrantes, assinou nesta quinta-feira (30) o decreto que regulamenta a Lei n\u00ba 2.065, de 21 de outubro de 2025. Texto garante o pagamento de um abono salarial aos profissionais da educa\u00e7\u00e3o b\u00e1sica da rede municipal. A iniciativa tem car\u00e1ter excepcional e busca assegurar o cumprimento do m\u00ednimo constitucional de 70% dos recursos do Fundeb destinados \u00e0 remunera\u00e7\u00e3o dos educadores. A medida refor\u00e7a o compromisso da gest\u00e3o com a valoriza\u00e7\u00e3o da categoria. De acordo com o decreto, o valor do abono ser\u00e1 calculado com base nos meses efetivamente trabalhados em 2025. Crit\u00e9rio ser\u00e1 o mesmo utilizado para o 13\u00ba sal\u00e1rio, equivalente a 1\/12 por m\u00eas de exerc\u00edcio no ano. O benef\u00edcio ser\u00e1 pago apenas aos servidores efetivos enquadrados como profissionais da educa\u00e7\u00e3o b\u00e1sica. Para receber, o servidor deve comprovar atua\u00e7\u00e3o na rede municipal durante o per\u00edodo determinado. Servidores que possuem mais de um v\u00ednculo com o munic\u00edpio poder\u00e3o receber o abono em ambos os cargos, desde que todos se enquadrem na categoria da educa\u00e7\u00e3o b\u00e1sica, conforme prev\u00ea a Constitui\u00e7\u00e3o Federal. O texto determina que o abono tem car\u00e1ter remunerat\u00f3rio, mas n\u00e3o ser\u00e1 incorporado ao sal\u00e1rio-base. O valor n\u00e3o ter\u00e1 desconto previdenci\u00e1rio, mas estar\u00e1 sujeito \u00e0 tributa\u00e7\u00e3o do Imposto de Renda. A Secretaria Municipal de Educa\u00e7\u00e3o foi autorizada a editar normas complementares para garantir a execu\u00e7\u00e3o da medida. Decreto entrou em vigor na data de sua publica\u00e7\u00e3o no Di\u00e1rio Oficial. Com a assinatura do decreto, a gest\u00e3o Fabr\u00edcio Abrantes reafirma o compromisso com a valoriza\u00e7\u00e3o dos profissionais que atuam na constru\u00e7\u00e3o da educa\u00e7\u00e3o p\u00fablica de qualidade em Brumado.","og_url":"https:\/\/sudoesteacontece.com.br\/?p=1420","og_site_name":"Sudoesteacontece","article_publisher":"https:\/\/www.facebook.com\/sudoesteacontece\/?locale=pt_BR","article_published_time":"2025-10-31T13:03:40+00:00","article_modified_time":"2025-10-31T13:03:42+00:00","og_image":[{"width":2000,"height":1500,"url":"https:\/\/sudoesteacontece.com.br\/wp-content\/uploads\/2025\/10\/Prefeito-de-Brumado-assina-decreto-que-garante-abono-salarial-a-profissionais-da-educacao-sudoeste-acontece-1.jpg","type":"image\/jpeg"}],"author":"Washington Tiago","twitter_card":"summary_large_image","twitter_misc":{"Escrito por":"Washington Tiago","Est. tempo de leitura":"1 minuto"},"schema":{"@context":"https:\/\/schema.org","@graph":[{"@type":"Article","@id":"https:\/\/sudoesteacontece.com.br\/?p=1420#article","isPartOf":{"@id":"https:\/\/sudoesteacontece.com.br\/?p=1420"},"author":{"name":"Washington Tiago","@id":"https:\/\/sudoesteacontece.com.br\/#\/schema\/person\/3cf2cf009926a9683ebc29d5379fa79c"},"headline":"Prefeito de Brumado assina decreto que garante abono salarial a profissionais da educa\u00e7\u00e3o","datePublished":"2025-10-31T13:03:40+00:00","dateModified":"2025-10-31T13:03:42+00:00","mainEntityOfPage":{"@id":"https:\/\/sudoesteacontece.com.br\/?p=1420"},"wordCount":306,"commentCount":0,"publisher":{"@id":"https:\/\/sudoesteacontece.com.br\/#organization"},"image":{"@id":"https:\/\/sudoesteacontece.com.br\/?p=1420#primaryimage"},"thumbnailUrl":"https:\/\/sudoesteacontece.com.br\/wp-content\/uploads\/2025\/10\/Prefeito-de-Brumado-assina-decreto-que-garante-abono-salarial-a-profissionais-da-educacao-sudoeste-acontece-1.jpg","articleSection":["Brumado","Educa\u00e7\u00e3o","Pol\u00edcia"],"inLanguage":"pt-BR","potentialAction":[{"@type":"CommentAction","name":"Comment","target":["https:\/\/sudoesteacontece.com.br\/?p=1420#respond"]}]},{"@type":"WebPage","@id":"https:\/\/sudoesteacontece.com.br\/?p=1420","url":"https:\/\/sudoesteacontece.com.br\/?p=1420","name":"Prefeito de Brumado assina decreto que garante abono salarial a profissionais da educa\u00e7\u00e3o - Sudoesteacontece","isPartOf":{"@id":"https:\/\/sudoesteacontece.com.br\/#website"},"primaryImageOfPage":{"@id":"https:\/\/sudoesteacontece.com.br\/?p=1420#primaryimage"},"image":{"@id":"https:\/\/sudoesteacontece.com.br\/?p=1420#primaryimage"},"thumbnailUrl":"https:\/\/sudoesteacontece.com.br\/wp-content\/uploads\/2025\/10\/Prefeito-de-Brumado-assina-decreto-que-garante-abono-salarial-a-profissionais-da-educacao-sudoeste-acontece-1.jpg","datePublished":"2025-10-31T13:03:40+00:00","dateModified":"2025-10-31T13:03:42+00:00","breadcrumb":{"@id":"https:\/\/sudoesteacontece.com.br\/?p=1420#breadcrumb"},"inLanguage":"pt-BR","potentialAction":[{"@type":"ReadAction","target":["https:\/\/sudoesteacontece.com.br\/?p=1420"]}]},{"@type":"ImageObject","inLanguage":"pt-BR","@id":"https:\/\/sudoesteacontece.com.br\/?p=1420#primaryimage","url":"https:\/\/sudoesteacontece.com.br\/wp-content\/uploads\/2025\/10\/Prefeito-de-Brumado-assina-decreto-que-garante-abono-salarial-a-profissionais-da-educacao-sudoeste-acontece-1.jpg","contentUrl":"https:\/\/sudoesteacontece.com.br\/wp-content\/uploads\/2025\/10\/Prefeito-de-Brumado-assina-decreto-que-garante-abono-salarial-a-profissionais-da-educacao-sudoeste-acontece-1.jpg","width":2000,"height":1500},{"@type":"BreadcrumbList","@id":"https:\/\/sudoesteacontece.com.br\/?p=1420#breadcrumb","itemListElement":[{"@type":"ListItem","position":1,"name":"In\u00edcio","item":"https:\/\/sudoesteacontece.com.br\/"},{"@type":"ListItem","position":2,"name":"Prefeito de Brumado assina decreto que garante abono salarial a profissionais da educa\u00e7\u00e3o"}]},{"@type":"WebSite","@id":"https:\/\/sudoesteacontece.com.br\/#website","url":"https:\/\/sudoesteacontece.com.br\/","name":"Sudoesteacontece","description":"","publisher":{"@id":"https:\/\/sudoesteacontece.com.br\/#organization"},"potentialAction":[{"@type":"SearchAction","target":{"@type":"EntryPoint","urlTemplate":"https:\/\/sudoesteacontece.com.br\/?s={search_term_string}"},"query-input":{"@type":"PropertyValueSpecification","valueRequired":true,"valueName":"search_term_string"}}],"inLanguage":"pt-BR"},{"@type":"Organization","@id":"https:\/\/sudoesteacontece.com.br\/#organization","name":"Sudoesteacontece","url":"https:\/\/sudoesteacontece.com.br\/","logo":{"@type":"ImageObject","inLanguage":"pt-BR","@id":"https:\/\/sudoesteacontece.com.br\/#\/schema\/logo\/image\/","url":"https:\/\/sudoesteacontece.com.br\/wp-content\/uploads\/2025\/12\/cropped-logo-2-180x180-1.png","contentUrl":"https:\/\/sudoesteacontece.com.br\/wp-content\/uploads\/2025\/12\/cropped-logo-2-180x180-1.png","width":180,"height":180,"caption":"Sudoesteacontece"},"image":{"@id":"https:\/\/sudoesteacontece.com.br\/#\/schema\/logo\/image\/"},"sameAs":["https:\/\/www.facebook.com\/sudoesteacontece\/?locale=pt_BR"]},{"@type":"Person","@id":"https:\/\/sudoesteacontece.com.br\/#\/schema\/person\/3cf2cf009926a9683ebc29d5379fa79c","name":"Washington Tiago","image":{"@type":"ImageObject","inLanguage":"pt-BR","@id":"https:\/\/sudoesteacontece.com.br\/#\/schema\/person\/image\/","url":"https:\/\/secure.gravatar.com\/avatar\/33c43b8668157e040f9d1fe93c354bf087cbd8ba36270c1163198bd3ddcf2a56?s=96&d=mm&r=g","contentUrl":"https:\/\/secure.gravatar.com\/avatar\/33c43b8668157e040f9d1fe93c354bf087cbd8ba36270c1163198bd3ddcf2a56?s=96&d=mm&r=g","caption":"Washington Tiago"},"url":"https:\/\/sudoesteacontece.com.br\/?author=2"}]}},"_links":{"self":[{"href":"https:\/\/sudoesteacontece.com.br\/index.php?rest_route=\/wp\/v2\/posts\/1420","targetHints":{"allow":["GET"]}}],"collection":[{"href":"https:\/\/sudoesteacontece.com.br\/index.php?rest_route=\/wp\/v2\/posts"}],"about":[{"href":"https:\/\/sudoesteacontece.com.br\/index.php?rest_route=\/wp\/v2\/types\/post"}],"author":[{"embeddable":true,"href":"https:\/\/sudoesteacontece.com.br\/index.php?rest_route=\/wp\/v2\/users\/2"}],"replies":[{"embeddable":true,"href":"https:\/\/sudoesteacontece.com.br\/index.php?rest_route=%2Fwp%2Fv2%2Fcomments&post=1420"}],"version-history":[{"count":0,"href":"https:\/\/sudoesteacontece.com.br\/index.php?rest_route=\/wp\/v2\/posts\/1420\/revisions"}],"wp:featuredmedia":[{"embeddable":true,"href":"https:\/\/sudoesteacontece.com.br\/index.php?rest_route=\/wp\/v2\/media\/1443"}],"wp:attachment":[{"href":"https:\/\/sudoesteacontece.com.br\/index.php?rest_route=%2Fwp%2Fv2%2Fmedia&parent=1420"}],"wp:term":[{"taxonomy":"category","embeddable":true,"href":"https:\/\/sudoesteacontece.com.br\/index.php?rest_route=%2Fwp%2Fv2%2Fcategories&post=1420"},{"taxonomy":"post_tag","embeddable":true,"href":"https:\/\/sudoesteacontece.com.br\/index.php?rest_route=%2Fwp%2Fv2%2Ftags&post=1420"}],"curies":[{"name":"wp","href":"https:\/\/api.w.org\/{rel}","templated":true}]}}