{"id":1422,"date":"2025-10-31T10:30:20","date_gmt":"2025-10-31T13:30:20","guid":{"rendered":"https:\/\/sudoesteacontece.com.br\/?p=1422"},"modified":"2025-10-31T10:30:23","modified_gmt":"2025-10-31T13:30:23","slug":"barreiras-futebol-clube-e-fundado-e-marca-o-retorno-do-oeste-ao-futebol-baiano-apos-22-anos","status":"publish","type":"post","link":"https:\/\/sudoesteacontece.com.br\/?p=1422","title":{"rendered":"Barreiras Futebol Clube \u00e9 fundado e marca o retorno do Oeste ao futebol baiano ap\u00f3s 22 anos"},"content":{"rendered":"<div class=\"wp-block-image\">\n<figure class=\"aligncenter size-full\"><img fetchpriority=\"high\" decoding=\"async\" width=\"1024\" height=\"690\" src=\"http:\/\/sudoesteacontece.com.br\/wp-content\/uploads\/2025\/10\/Barreiras-Futebol-Clube-e-fundado-e-marca-o-retorno-do-Oeste-ao-futebol-baiano-apos-22-anos-sudoeste-acontece.jpg\" alt=\"\" class=\"wp-image-1449\" srcset=\"https:\/\/sudoesteacontece.com.br\/wp-content\/uploads\/2025\/10\/Barreiras-Futebol-Clube-e-fundado-e-marca-o-retorno-do-Oeste-ao-futebol-baiano-apos-22-anos-sudoeste-acontece.jpg 1024w, https:\/\/sudoesteacontece.com.br\/wp-content\/uploads\/2025\/10\/Barreiras-Futebol-Clube-e-fundado-e-marca-o-retorno-do-Oeste-ao-futebol-baiano-apos-22-anos-sudoeste-acontece-300x202.jpg 300w, https:\/\/sudoesteacontece.com.br\/wp-content\/uploads\/2025\/10\/Barreiras-Futebol-Clube-e-fundado-e-marca-o-retorno-do-Oeste-ao-futebol-baiano-apos-22-anos-sudoeste-acontece-768x518.jpg 768w\" sizes=\"(max-width: 1024px) 100vw, 1024px\" \/><\/figure>\n<\/div>\n\n\n<p>O futebol voltou a pulsar em Barreiras. A cidade do Oeste baiano oficializou na noite desta quarta-feira (29) a funda\u00e7\u00e3o do Barreiras Futebol Clube, encerrando um jejum de 22 anos sem um time profissional. O audit\u00f3rio da C\u00e2mara de Dirigentes Lojistas (CDL) recebeu autoridades, desportistas e torcedores para a assembleia que criou a Diretoria Executiva, o Conselho Deliberativo e o Conselho Fiscal do novo clube.<\/p>\n\n\n\n<p>Prefeito Otoniel Teixeira celebrou o momento. \u201cHoje Barreiras resgata um sonho antigo. Nosso time nasce com planejamento e apoio da sociedade. Este \u00e9 o time da nossa cidade, o time de todos n\u00f3s\u201d, afirmou. O secret\u00e1rio de Esporte, Juventude e Lazer, Balthazar Guimar\u00e3es, conduziu o evento e refor\u00e7ou o car\u00e1ter coletivo da iniciativa. \u201cQueremos um clube forte, com gest\u00e3o moderna, que revele talentos e inspire novas gera\u00e7\u00f5es\u201d, disse.<\/p>\n\n\n\n<p>Lobo-Guar\u00e1 foi apresentado como mascote oficial. Animal simboliza a garra e a for\u00e7a do Oeste. As cores verde, amarela e branca representam a agricultura, a natureza e a esperan\u00e7a da regi\u00e3o. Durante a solenidade, os organizadores apresentaram o estatuto social, as categorias de s\u00f3cios e a estrutura administrativa. O clube nasce com o compromisso de promover o esporte com responsabilidade e integra\u00e7\u00e3o comunit\u00e1ria.<\/p>\n","protected":false},"excerpt":{"rendered":"<p>O futebol voltou a pulsar em Barreiras. A cidade do Oeste baiano oficializou na noite desta quarta-feira (29) a funda\u00e7\u00e3o do Barreiras Futebol Clube, encerrando um jejum de 22 anos sem um time profissional. O audit\u00f3rio da C\u00e2mara de Dirigentes Lojistas (CDL) recebeu autoridades, desportistas e torcedores para a assembleia que criou a Diretoria Executiva, o Conselho Deliberativo e o Conselho Fiscal do novo clube. Prefeito Otoniel Teixeira celebrou o momento. \u201cHoje Barreiras resgata um sonho antigo. Nosso time nasce com planejamento e apoio da sociedade. Este \u00e9 o time da nossa cidade, o time de todos n\u00f3s\u201d, afirmou. O secret\u00e1rio de Esporte, Juventude e Lazer, Balthazar Guimar\u00e3es, conduziu o evento e refor\u00e7ou o car\u00e1ter coletivo da iniciativa. \u201cQueremos um clube forte, com gest\u00e3o moderna, que revele talentos e inspire novas gera\u00e7\u00f5es\u201d, disse. Lobo-Guar\u00e1 foi apresentado como mascote oficial. Animal simboliza a garra e a for\u00e7a do Oeste. As cores verde, amarela e branca representam a agricultura, a natureza e a esperan\u00e7a da regi\u00e3o. Durante a solenidade, os organizadores apresentaram o estatuto social, as categorias de s\u00f3cios e a estrutura administrativa. O clube nasce com o compromisso de promover o esporte com responsabilidade e integra\u00e7\u00e3o comunit\u00e1ria.<\/p>\n","protected":false},"author":2,"featured_media":1449,"comment_status":"open","ping_status":"open","sticky":false,"template":"","format":"standard","meta":{"footnotes":""},"categories":[66,52],"tags":[],"class_list":["post-1422","post","type-post","status-publish","format-standard","has-post-thumbnail","hentry","category-barreiras","category-esporte"],"yoast_head":"<!-- This site is optimized with the Yoast SEO plugin v26.5 - https:\/\/yoast.com\/wordpress\/plugins\/seo\/ -->\n<title>Barreiras Futebol Clube \u00e9 fundado e marca o retorno do Oeste ao futebol baiano ap\u00f3s 22 anos - Sudoesteacontece<\/title>\n<meta name=\"robots\" content=\"index, follow, max-snippet:-1, max-image-preview:large, max-video-preview:-1\" \/>\n<link rel=\"canonical\" href=\"https:\/\/sudoesteacontece.com.br\/?p=1422\" \/>\n<meta property=\"og:locale\" content=\"pt_BR\" \/>\n<meta property=\"og:type\" content=\"article\" \/>\n<meta property=\"og:title\" content=\"Barreiras Futebol Clube \u00e9 fundado e marca o retorno do Oeste ao futebol baiano ap\u00f3s 22 anos - Sudoesteacontece\" \/>\n<meta property=\"og:description\" content=\"O futebol voltou a pulsar em Barreiras. A cidade do Oeste baiano oficializou na noite desta quarta-feira (29) a funda\u00e7\u00e3o do Barreiras Futebol Clube, encerrando um jejum de 22 anos sem um time profissional. O audit\u00f3rio da C\u00e2mara de Dirigentes Lojistas (CDL) recebeu autoridades, desportistas e torcedores para a assembleia que criou a Diretoria Executiva, o Conselho Deliberativo e o Conselho Fiscal do novo clube. Prefeito Otoniel Teixeira celebrou o momento. \u201cHoje Barreiras resgata um sonho antigo. Nosso time nasce com planejamento e apoio da sociedade. Este \u00e9 o time da nossa cidade, o time de todos n\u00f3s\u201d, afirmou. O secret\u00e1rio de Esporte, Juventude e Lazer, Balthazar Guimar\u00e3es, conduziu o evento e refor\u00e7ou o car\u00e1ter coletivo da iniciativa. \u201cQueremos um clube forte, com gest\u00e3o moderna, que revele talentos e inspire novas gera\u00e7\u00f5es\u201d, disse. Lobo-Guar\u00e1 foi apresentado como mascote oficial. Animal simboliza a garra e a for\u00e7a do Oeste. As cores verde, amarela e branca representam a agricultura, a natureza e a esperan\u00e7a da regi\u00e3o. Durante a solenidade, os organizadores apresentaram o estatuto social, as categorias de s\u00f3cios e a estrutura administrativa. O clube nasce com o compromisso de promover o esporte com responsabilidade e integra\u00e7\u00e3o comunit\u00e1ria.\" \/>\n<meta property=\"og:url\" content=\"https:\/\/sudoesteacontece.com.br\/?p=1422\" \/>\n<meta property=\"og:site_name\" content=\"Sudoesteacontece\" \/>\n<meta property=\"article:publisher\" content=\"https:\/\/www.facebook.com\/sudoesteacontece\/?locale=pt_BR\" \/>\n<meta property=\"article:published_time\" content=\"2025-10-31T13:30:20+00:00\" \/>\n<meta property=\"article:modified_time\" content=\"2025-10-31T13:30:23+00:00\" \/>\n<meta property=\"og:image\" content=\"https:\/\/sudoesteacontece.com.br\/wp-content\/uploads\/2025\/10\/Barreiras-Futebol-Clube-e-fundado-e-marca-o-retorno-do-Oeste-ao-futebol-baiano-apos-22-anos-sudoeste-acontece.jpg\" \/>\n\t<meta property=\"og:image:width\" content=\"1024\" \/>\n\t<meta property=\"og:image:height\" content=\"690\" \/>\n\t<meta property=\"og:image:type\" content=\"image\/jpeg\" \/>\n<meta name=\"author\" content=\"Washington Tiago\" \/>\n<meta name=\"twitter:card\" content=\"summary_large_image\" \/>\n<meta name=\"twitter:label1\" content=\"Escrito por\" \/>\n\t<meta name=\"twitter:data1\" content=\"Washington Tiago\" \/>\n\t<meta name=\"twitter:label2\" content=\"Est. tempo de leitura\" \/>\n\t<meta name=\"twitter:data2\" content=\"1 minuto\" \/>\n<script type=\"application\/ld+json\" class=\"yoast-schema-graph\">{\"@context\":\"https:\/\/schema.org\",\"@graph\":[{\"@type\":\"Article\",\"@id\":\"https:\/\/sudoesteacontece.com.br\/?p=1422#article\",\"isPartOf\":{\"@id\":\"https:\/\/sudoesteacontece.com.br\/?p=1422\"},\"author\":{\"name\":\"Washington Tiago\",\"@id\":\"https:\/\/sudoesteacontece.com.br\/#\/schema\/person\/3cf2cf009926a9683ebc29d5379fa79c\"},\"headline\":\"Barreiras Futebol Clube \u00e9 fundado e marca o retorno do Oeste ao futebol baiano ap\u00f3s 22 anos\",\"datePublished\":\"2025-10-31T13:30:20+00:00\",\"dateModified\":\"2025-10-31T13:30:23+00:00\",\"mainEntityOfPage\":{\"@id\":\"https:\/\/sudoesteacontece.com.br\/?p=1422\"},\"wordCount\":225,\"commentCount\":0,\"publisher\":{\"@id\":\"https:\/\/sudoesteacontece.com.br\/#organization\"},\"image\":{\"@id\":\"https:\/\/sudoesteacontece.com.br\/?p=1422#primaryimage\"},\"thumbnailUrl\":\"https:\/\/sudoesteacontece.com.br\/wp-content\/uploads\/2025\/10\/Barreiras-Futebol-Clube-e-fundado-e-marca-o-retorno-do-Oeste-ao-futebol-baiano-apos-22-anos-sudoeste-acontece.jpg\",\"articleSection\":[\"Barreiras\",\"Esporte\"],\"inLanguage\":\"pt-BR\",\"potentialAction\":[{\"@type\":\"CommentAction\",\"name\":\"Comment\",\"target\":[\"https:\/\/sudoesteacontece.com.br\/?p=1422#respond\"]}]},{\"@type\":\"WebPage\",\"@id\":\"https:\/\/sudoesteacontece.com.br\/?p=1422\",\"url\":\"https:\/\/sudoesteacontece.com.br\/?p=1422\",\"name\":\"Barreiras Futebol Clube \u00e9 fundado e marca o retorno do Oeste ao futebol baiano ap\u00f3s 22 anos - Sudoesteacontece\",\"isPartOf\":{\"@id\":\"https:\/\/sudoesteacontece.com.br\/#website\"},\"primaryImageOfPage\":{\"@id\":\"https:\/\/sudoesteacontece.com.br\/?p=1422#primaryimage\"},\"image\":{\"@id\":\"https:\/\/sudoesteacontece.com.br\/?p=1422#primaryimage\"},\"thumbnailUrl\":\"https:\/\/sudoesteacontece.com.br\/wp-content\/uploads\/2025\/10\/Barreiras-Futebol-Clube-e-fundado-e-marca-o-retorno-do-Oeste-ao-futebol-baiano-apos-22-anos-sudoeste-acontece.jpg\",\"datePublished\":\"2025-10-31T13:30:20+00:00\",\"dateModified\":\"2025-10-31T13:30:23+00:00\",\"breadcrumb\":{\"@id\":\"https:\/\/sudoesteacontece.com.br\/?p=1422#breadcrumb\"},\"inLanguage\":\"pt-BR\",\"potentialAction\":[{\"@type\":\"ReadAction\",\"target\":[\"https:\/\/sudoesteacontece.com.br\/?p=1422\"]}]},{\"@type\":\"ImageObject\",\"inLanguage\":\"pt-BR\",\"@id\":\"https:\/\/sudoesteacontece.com.br\/?p=1422#primaryimage\",\"url\":\"https:\/\/sudoesteacontece.com.br\/wp-content\/uploads\/2025\/10\/Barreiras-Futebol-Clube-e-fundado-e-marca-o-retorno-do-Oeste-ao-futebol-baiano-apos-22-anos-sudoeste-acontece.jpg\",\"contentUrl\":\"https:\/\/sudoesteacontece.com.br\/wp-content\/uploads\/2025\/10\/Barreiras-Futebol-Clube-e-fundado-e-marca-o-retorno-do-Oeste-ao-futebol-baiano-apos-22-anos-sudoeste-acontece.jpg\",\"width\":1024,\"height\":690},{\"@type\":\"BreadcrumbList\",\"@id\":\"https:\/\/sudoesteacontece.com.br\/?p=1422#breadcrumb\",\"itemListElement\":[{\"@type\":\"ListItem\",\"position\":1,\"name\":\"In\u00edcio\",\"item\":\"https:\/\/sudoesteacontece.com.br\/\"},{\"@type\":\"ListItem\",\"position\":2,\"name\":\"Barreiras Futebol Clube \u00e9 fundado e marca o retorno do Oeste ao futebol baiano ap\u00f3s 22 anos\"}]},{\"@type\":\"WebSite\",\"@id\":\"https:\/\/sudoesteacontece.com.br\/#website\",\"url\":\"https:\/\/sudoesteacontece.com.br\/\",\"name\":\"Sudoesteacontece\",\"description\":\"\",\"publisher\":{\"@id\":\"https:\/\/sudoesteacontece.com.br\/#organization\"},\"potentialAction\":[{\"@type\":\"SearchAction\",\"target\":{\"@type\":\"EntryPoint\",\"urlTemplate\":\"https:\/\/sudoesteacontece.com.br\/?s={search_term_string}\"},\"query-input\":{\"@type\":\"PropertyValueSpecification\",\"valueRequired\":true,\"valueName\":\"search_term_string\"}}],\"inLanguage\":\"pt-BR\"},{\"@type\":\"Organization\",\"@id\":\"https:\/\/sudoesteacontece.com.br\/#organization\",\"name\":\"Sudoesteacontece\",\"url\":\"https:\/\/sudoesteacontece.com.br\/\",\"logo\":{\"@type\":\"ImageObject\",\"inLanguage\":\"pt-BR\",\"@id\":\"https:\/\/sudoesteacontece.com.br\/#\/schema\/logo\/image\/\",\"url\":\"https:\/\/sudoesteacontece.com.br\/wp-content\/uploads\/2025\/12\/cropped-logo-2-180x180-1.png\",\"contentUrl\":\"https:\/\/sudoesteacontece.com.br\/wp-content\/uploads\/2025\/12\/cropped-logo-2-180x180-1.png\",\"width\":180,\"height\":180,\"caption\":\"Sudoesteacontece\"},\"image\":{\"@id\":\"https:\/\/sudoesteacontece.com.br\/#\/schema\/logo\/image\/\"},\"sameAs\":[\"https:\/\/www.facebook.com\/sudoesteacontece\/?locale=pt_BR\"]},{\"@type\":\"Person\",\"@id\":\"https:\/\/sudoesteacontece.com.br\/#\/schema\/person\/3cf2cf009926a9683ebc29d5379fa79c\",\"name\":\"Washington Tiago\",\"image\":{\"@type\":\"ImageObject\",\"inLanguage\":\"pt-BR\",\"@id\":\"https:\/\/sudoesteacontece.com.br\/#\/schema\/person\/image\/\",\"url\":\"https:\/\/secure.gravatar.com\/avatar\/33c43b8668157e040f9d1fe93c354bf087cbd8ba36270c1163198bd3ddcf2a56?s=96&d=mm&r=g\",\"contentUrl\":\"https:\/\/secure.gravatar.com\/avatar\/33c43b8668157e040f9d1fe93c354bf087cbd8ba36270c1163198bd3ddcf2a56?s=96&d=mm&r=g\",\"caption\":\"Washington Tiago\"},\"url\":\"https:\/\/sudoesteacontece.com.br\/?author=2\"}]}<\/script>\n<!-- \/ Yoast SEO plugin. -->","yoast_head_json":{"title":"Barreiras Futebol Clube \u00e9 fundado e marca o retorno do Oeste ao futebol baiano ap\u00f3s 22 anos - Sudoesteacontece","robots":{"index":"index","follow":"follow","max-snippet":"max-snippet:-1","max-image-preview":"max-image-preview:large","max-video-preview":"max-video-preview:-1"},"canonical":"https:\/\/sudoesteacontece.com.br\/?p=1422","og_locale":"pt_BR","og_type":"article","og_title":"Barreiras Futebol Clube \u00e9 fundado e marca o retorno do Oeste ao futebol baiano ap\u00f3s 22 anos - Sudoesteacontece","og_description":"O futebol voltou a pulsar em Barreiras. A cidade do Oeste baiano oficializou na noite desta quarta-feira (29) a funda\u00e7\u00e3o do Barreiras Futebol Clube, encerrando um jejum de 22 anos sem um time profissional. O audit\u00f3rio da C\u00e2mara de Dirigentes Lojistas (CDL) recebeu autoridades, desportistas e torcedores para a assembleia que criou a Diretoria Executiva, o Conselho Deliberativo e o Conselho Fiscal do novo clube. Prefeito Otoniel Teixeira celebrou o momento. \u201cHoje Barreiras resgata um sonho antigo. Nosso time nasce com planejamento e apoio da sociedade. Este \u00e9 o time da nossa cidade, o time de todos n\u00f3s\u201d, afirmou. O secret\u00e1rio de Esporte, Juventude e Lazer, Balthazar Guimar\u00e3es, conduziu o evento e refor\u00e7ou o car\u00e1ter coletivo da iniciativa. \u201cQueremos um clube forte, com gest\u00e3o moderna, que revele talentos e inspire novas gera\u00e7\u00f5es\u201d, disse. Lobo-Guar\u00e1 foi apresentado como mascote oficial. Animal simboliza a garra e a for\u00e7a do Oeste. As cores verde, amarela e branca representam a agricultura, a natureza e a esperan\u00e7a da regi\u00e3o. Durante a solenidade, os organizadores apresentaram o estatuto social, as categorias de s\u00f3cios e a estrutura administrativa. O clube nasce com o compromisso de promover o esporte com responsabilidade e integra\u00e7\u00e3o comunit\u00e1ria.","og_url":"https:\/\/sudoesteacontece.com.br\/?p=1422","og_site_name":"Sudoesteacontece","article_publisher":"https:\/\/www.facebook.com\/sudoesteacontece\/?locale=pt_BR","article_published_time":"2025-10-31T13:30:20+00:00","article_modified_time":"2025-10-31T13:30:23+00:00","og_image":[{"width":1024,"height":690,"url":"https:\/\/sudoesteacontece.com.br\/wp-content\/uploads\/2025\/10\/Barreiras-Futebol-Clube-e-fundado-e-marca-o-retorno-do-Oeste-ao-futebol-baiano-apos-22-anos-sudoeste-acontece.jpg","type":"image\/jpeg"}],"author":"Washington Tiago","twitter_card":"summary_large_image","twitter_misc":{"Escrito por":"Washington Tiago","Est. tempo de leitura":"1 minuto"},"schema":{"@context":"https:\/\/schema.org","@graph":[{"@type":"Article","@id":"https:\/\/sudoesteacontece.com.br\/?p=1422#article","isPartOf":{"@id":"https:\/\/sudoesteacontece.com.br\/?p=1422"},"author":{"name":"Washington Tiago","@id":"https:\/\/sudoesteacontece.com.br\/#\/schema\/person\/3cf2cf009926a9683ebc29d5379fa79c"},"headline":"Barreiras Futebol Clube \u00e9 fundado e marca o retorno do Oeste ao futebol baiano ap\u00f3s 22 anos","datePublished":"2025-10-31T13:30:20+00:00","dateModified":"2025-10-31T13:30:23+00:00","mainEntityOfPage":{"@id":"https:\/\/sudoesteacontece.com.br\/?p=1422"},"wordCount":225,"commentCount":0,"publisher":{"@id":"https:\/\/sudoesteacontece.com.br\/#organization"},"image":{"@id":"https:\/\/sudoesteacontece.com.br\/?p=1422#primaryimage"},"thumbnailUrl":"https:\/\/sudoesteacontece.com.br\/wp-content\/uploads\/2025\/10\/Barreiras-Futebol-Clube-e-fundado-e-marca-o-retorno-do-Oeste-ao-futebol-baiano-apos-22-anos-sudoeste-acontece.jpg","articleSection":["Barreiras","Esporte"],"inLanguage":"pt-BR","potentialAction":[{"@type":"CommentAction","name":"Comment","target":["https:\/\/sudoesteacontece.com.br\/?p=1422#respond"]}]},{"@type":"WebPage","@id":"https:\/\/sudoesteacontece.com.br\/?p=1422","url":"https:\/\/sudoesteacontece.com.br\/?p=1422","name":"Barreiras Futebol Clube \u00e9 fundado e marca o retorno do Oeste ao futebol baiano ap\u00f3s 22 anos - Sudoesteacontece","isPartOf":{"@id":"https:\/\/sudoesteacontece.com.br\/#website"},"primaryImageOfPage":{"@id":"https:\/\/sudoesteacontece.com.br\/?p=1422#primaryimage"},"image":{"@id":"https:\/\/sudoesteacontece.com.br\/?p=1422#primaryimage"},"thumbnailUrl":"https:\/\/sudoesteacontece.com.br\/wp-content\/uploads\/2025\/10\/Barreiras-Futebol-Clube-e-fundado-e-marca-o-retorno-do-Oeste-ao-futebol-baiano-apos-22-anos-sudoeste-acontece.jpg","datePublished":"2025-10-31T13:30:20+00:00","dateModified":"2025-10-31T13:30:23+00:00","breadcrumb":{"@id":"https:\/\/sudoesteacontece.com.br\/?p=1422#breadcrumb"},"inLanguage":"pt-BR","potentialAction":[{"@type":"ReadAction","target":["https:\/\/sudoesteacontece.com.br\/?p=1422"]}]},{"@type":"ImageObject","inLanguage":"pt-BR","@id":"https:\/\/sudoesteacontece.com.br\/?p=1422#primaryimage","url":"https:\/\/sudoesteacontece.com.br\/wp-content\/uploads\/2025\/10\/Barreiras-Futebol-Clube-e-fundado-e-marca-o-retorno-do-Oeste-ao-futebol-baiano-apos-22-anos-sudoeste-acontece.jpg","contentUrl":"https:\/\/sudoesteacontece.com.br\/wp-content\/uploads\/2025\/10\/Barreiras-Futebol-Clube-e-fundado-e-marca-o-retorno-do-Oeste-ao-futebol-baiano-apos-22-anos-sudoeste-acontece.jpg","width":1024,"height":690},{"@type":"BreadcrumbList","@id":"https:\/\/sudoesteacontece.com.br\/?p=1422#breadcrumb","itemListElement":[{"@type":"ListItem","position":1,"name":"In\u00edcio","item":"https:\/\/sudoesteacontece.com.br\/"},{"@type":"ListItem","position":2,"name":"Barreiras Futebol Clube \u00e9 fundado e marca o retorno do Oeste ao futebol baiano ap\u00f3s 22 anos"}]},{"@type":"WebSite","@id":"https:\/\/sudoesteacontece.com.br\/#website","url":"https:\/\/sudoesteacontece.com.br\/","name":"Sudoesteacontece","description":"","publisher":{"@id":"https:\/\/sudoesteacontece.com.br\/#organization"},"potentialAction":[{"@type":"SearchAction","target":{"@type":"EntryPoint","urlTemplate":"https:\/\/sudoesteacontece.com.br\/?s={search_term_string}"},"query-input":{"@type":"PropertyValueSpecification","valueRequired":true,"valueName":"search_term_string"}}],"inLanguage":"pt-BR"},{"@type":"Organization","@id":"https:\/\/sudoesteacontece.com.br\/#organization","name":"Sudoesteacontece","url":"https:\/\/sudoesteacontece.com.br\/","logo":{"@type":"ImageObject","inLanguage":"pt-BR","@id":"https:\/\/sudoesteacontece.com.br\/#\/schema\/logo\/image\/","url":"https:\/\/sudoesteacontece.com.br\/wp-content\/uploads\/2025\/12\/cropped-logo-2-180x180-1.png","contentUrl":"https:\/\/sudoesteacontece.com.br\/wp-content\/uploads\/2025\/12\/cropped-logo-2-180x180-1.png","width":180,"height":180,"caption":"Sudoesteacontece"},"image":{"@id":"https:\/\/sudoesteacontece.com.br\/#\/schema\/logo\/image\/"},"sameAs":["https:\/\/www.facebook.com\/sudoesteacontece\/?locale=pt_BR"]},{"@type":"Person","@id":"https:\/\/sudoesteacontece.com.br\/#\/schema\/person\/3cf2cf009926a9683ebc29d5379fa79c","name":"Washington Tiago","image":{"@type":"ImageObject","inLanguage":"pt-BR","@id":"https:\/\/sudoesteacontece.com.br\/#\/schema\/person\/image\/","url":"https:\/\/secure.gravatar.com\/avatar\/33c43b8668157e040f9d1fe93c354bf087cbd8ba36270c1163198bd3ddcf2a56?s=96&d=mm&r=g","contentUrl":"https:\/\/secure.gravatar.com\/avatar\/33c43b8668157e040f9d1fe93c354bf087cbd8ba36270c1163198bd3ddcf2a56?s=96&d=mm&r=g","caption":"Washington Tiago"},"url":"https:\/\/sudoesteacontece.com.br\/?author=2"}]}},"_links":{"self":[{"href":"https:\/\/sudoesteacontece.com.br\/index.php?rest_route=\/wp\/v2\/posts\/1422","targetHints":{"allow":["GET"]}}],"collection":[{"href":"https:\/\/sudoesteacontece.com.br\/index.php?rest_route=\/wp\/v2\/posts"}],"about":[{"href":"https:\/\/sudoesteacontece.com.br\/index.php?rest_route=\/wp\/v2\/types\/post"}],"author":[{"embeddable":true,"href":"https:\/\/sudoesteacontece.com.br\/index.php?rest_route=\/wp\/v2\/users\/2"}],"replies":[{"embeddable":true,"href":"https:\/\/sudoesteacontece.com.br\/index.php?rest_route=%2Fwp%2Fv2%2Fcomments&post=1422"}],"version-history":[{"count":0,"href":"https:\/\/sudoesteacontece.com.br\/index.php?rest_route=\/wp\/v2\/posts\/1422\/revisions"}],"wp:featuredmedia":[{"embeddable":true,"href":"https:\/\/sudoesteacontece.com.br\/index.php?rest_route=\/wp\/v2\/media\/1449"}],"wp:attachment":[{"href":"https:\/\/sudoesteacontece.com.br\/index.php?rest_route=%2Fwp%2Fv2%2Fmedia&parent=1422"}],"wp:term":[{"taxonomy":"category","embeddable":true,"href":"https:\/\/sudoesteacontece.com.br\/index.php?rest_route=%2Fwp%2Fv2%2Fcategories&post=1422"},{"taxonomy":"post_tag","embeddable":true,"href":"https:\/\/sudoesteacontece.com.br\/index.php?rest_route=%2Fwp%2Fv2%2Ftags&post=1422"}],"curies":[{"name":"wp","href":"https:\/\/api.w.org\/{rel}","templated":true}]}}