{"id":1424,"date":"2025-10-31T10:34:13","date_gmt":"2025-10-31T13:34:13","guid":{"rendered":"https:\/\/sudoesteacontece.com.br\/?p=1424"},"modified":"2025-10-31T10:34:16","modified_gmt":"2025-10-31T13:34:16","slug":"casal-colombiano-percorre-o-mundo-de-bicicleta-e-leva-projeto-educativo-a-escolas-em-livramento","status":"publish","type":"post","link":"https:\/\/sudoesteacontece.com.br\/?p=1424","title":{"rendered":"Casal colombiano percorre o mundo de bicicleta e leva projeto educativo a escolas em Livramento"},"content":{"rendered":"<div class=\"wp-block-image\">\n<figure class=\"aligncenter size-large\"><img fetchpriority=\"high\" decoding=\"async\" width=\"1024\" height=\"723\" src=\"http:\/\/sudoesteacontece.com.br\/wp-content\/uploads\/2025\/10\/Casal-colombiano-percorre-o-mundo-de-bicicleta-e-leva-projeto-educativo-a-escolas-em-Livramento-sudoeste-acontece-1024x723.jpg\" alt=\"\" class=\"wp-image-1451\" srcset=\"https:\/\/sudoesteacontece.com.br\/wp-content\/uploads\/2025\/10\/Casal-colombiano-percorre-o-mundo-de-bicicleta-e-leva-projeto-educativo-a-escolas-em-Livramento-sudoeste-acontece-1024x723.jpg 1024w, https:\/\/sudoesteacontece.com.br\/wp-content\/uploads\/2025\/10\/Casal-colombiano-percorre-o-mundo-de-bicicleta-e-leva-projeto-educativo-a-escolas-em-Livramento-sudoeste-acontece-300x212.jpg 300w, https:\/\/sudoesteacontece.com.br\/wp-content\/uploads\/2025\/10\/Casal-colombiano-percorre-o-mundo-de-bicicleta-e-leva-projeto-educativo-a-escolas-em-Livramento-sudoeste-acontece-768x542.jpg 768w, https:\/\/sudoesteacontece.com.br\/wp-content\/uploads\/2025\/10\/Casal-colombiano-percorre-o-mundo-de-bicicleta-e-leva-projeto-educativo-a-escolas-em-Livramento-sudoeste-acontece-1536x1084.jpg 1536w, https:\/\/sudoesteacontece.com.br\/wp-content\/uploads\/2025\/10\/Casal-colombiano-percorre-o-mundo-de-bicicleta-e-leva-projeto-educativo-a-escolas-em-Livramento-sudoeste-acontece.jpg 1700w\" sizes=\"(max-width: 1024px) 100vw, 1024px\" \/><\/figure>\n<\/div>\n\n\n<p>Um casal de colombianos, Nazaret Reales e Andres Nore\u00f1a, chega a Livramento de Nossa Senhora com seu projeto \u201cEduca\u00e7\u00e3o em Movimento\u201d. Eles percorrem pa\u00edses de bicicleta, acompanhados do filho Thomas Edison e do cachorro Polar, levando educa\u00e7\u00e3o e cultura \u00e0s crian\u00e7as. O projeto envolve atividades como futebol, dan\u00e7a, artesanato e pr\u00e1ticas pedag\u00f3gicas que estimulam a aprendizagem por experi\u00eancia, reflex\u00e3o e intera\u00e7\u00e3o, refor\u00e7ando a import\u00e2ncia da educa\u00e7\u00e3o e dos sonhos.<\/p>\n\n\n\n<p>No Brasil, a fam\u00edlia reservou mais de 500 dias para percorrer estados como Roraima, Amazonas, Par\u00e1, Mato Grosso, Goi\u00e1s, Distrito Federal, Minas Gerais, Pernambuco, Alagoas, Sergipe e, atualmente, a Bahia, antes de seguir para a Argentina. As bicicletas s\u00e3o adaptadas para longas jornadas, com suportes para pertences, mantimentos, cama compartilhada e espa\u00e7o para Polar, que acompanha a fam\u00edlia e atua como guardi\u00e3o da aventura.<\/p>\n\n\n\n<p>Em entrevista \u00e0 R\u00e1dio 88 FM, Nazaret e Andres destacaram a recep\u00e7\u00e3o calorosa em Livramento e outras cidades brasileiras. Eles comentaram sobre diferen\u00e7as culturais, clim\u00e1ticas e alimentares entre Brasil e Col\u00f4mbia. Andres observou que a alimenta\u00e7\u00e3o brasileira se aproxima da colombiana, com feij\u00e3o, legumes e outros itens. Nazaret ressaltou o calor intenso no Nordeste e os desafios enfrentados na Chapada Diamantina, com ladeiras e terrenos \u00edngremes.<\/p>\n\n\n\n<p>O casal elogiou o apoio das secretarias municipais, especialmente a de Educa\u00e7\u00e3o, que permitiu a execu\u00e7\u00e3o do projeto nas escolas e a estadia de Thomas Edison na creche local. Para garantir a continuidade da miss\u00e3o, eles disponibilizam canais de apoio financeiro via Pix e mant\u00eam contato com o p\u00fablico pelas redes sociais @casaenbici e pelo telefone (61) 9 9888-7697.<\/p>\n\n\n\n<p>A iniciativa transforma viagens em aprendizado, levando educa\u00e7\u00e3o e cultura diretamente \u00e0s crian\u00e7as, refor\u00e7ando que os sonhos podem percorrer o mundo e inspirar novas gera\u00e7\u00f5es.<\/p>\n\n\n\n<p><\/p>\n","protected":false},"excerpt":{"rendered":"<p>Um casal de colombianos, Nazaret Reales e Andres Nore\u00f1a, chega a Livramento de Nossa Senhora com seu projeto \u201cEduca\u00e7\u00e3o em Movimento\u201d. Eles percorrem pa\u00edses de bicicleta, acompanhados do filho Thomas Edison e do cachorro Polar, levando educa\u00e7\u00e3o e cultura \u00e0s crian\u00e7as. O projeto envolve atividades como futebol, dan\u00e7a, artesanato e pr\u00e1ticas pedag\u00f3gicas que estimulam a aprendizagem por experi\u00eancia, reflex\u00e3o e intera\u00e7\u00e3o, refor\u00e7ando a import\u00e2ncia da educa\u00e7\u00e3o e dos sonhos. No Brasil, a fam\u00edlia reservou mais de 500 dias para percorrer estados como Roraima, Amazonas, Par\u00e1, Mato Grosso, Goi\u00e1s, Distrito Federal, Minas Gerais, Pernambuco, Alagoas, Sergipe e, atualmente, a Bahia, antes de seguir para a Argentina. As bicicletas s\u00e3o adaptadas para longas jornadas, com suportes para pertences, mantimentos, cama compartilhada e espa\u00e7o para Polar, que acompanha a fam\u00edlia e atua como guardi\u00e3o da aventura. Em entrevista \u00e0 R\u00e1dio 88 FM, Nazaret e Andres destacaram a recep\u00e7\u00e3o calorosa em Livramento e outras cidades brasileiras. Eles comentaram sobre diferen\u00e7as culturais, clim\u00e1ticas e alimentares entre Brasil e Col\u00f4mbia. Andres observou que a alimenta\u00e7\u00e3o brasileira se aproxima da colombiana, com feij\u00e3o, legumes e outros itens. Nazaret ressaltou o calor intenso no Nordeste e os desafios enfrentados na Chapada Diamantina, com ladeiras e terrenos \u00edngremes. O casal elogiou o apoio das secretarias municipais, especialmente a de Educa\u00e7\u00e3o, que permitiu a execu\u00e7\u00e3o do projeto nas escolas e a estadia de Thomas Edison na creche local. Para garantir a continuidade da miss\u00e3o, eles disponibilizam canais de apoio financeiro via Pix e mant\u00eam contato com o p\u00fablico pelas redes sociais @casaenbici e pelo telefone (61) 9 9888-7697. A iniciativa transforma viagens em aprendizado, levando educa\u00e7\u00e3o e cultura diretamente \u00e0s crian\u00e7as, refor\u00e7ando que os sonhos podem percorrer o mundo e inspirar novas gera\u00e7\u00f5es.<\/p>\n","protected":false},"author":2,"featured_media":1451,"comment_status":"open","ping_status":"open","sticky":false,"template":"","format":"standard","meta":{"footnotes":""},"categories":[4,43,47,18],"tags":[],"class_list":["post-1424","post","type-post","status-publish","format-standard","has-post-thumbnail","hentry","category-cidades","category-educacao","category-internacional","category-livramento"],"yoast_head":"<!-- This site is optimized with the Yoast SEO plugin v26.5 - https:\/\/yoast.com\/wordpress\/plugins\/seo\/ -->\n<title>Casal colombiano percorre o mundo de bicicleta e leva projeto educativo a escolas em Livramento - Sudoesteacontece<\/title>\n<meta name=\"robots\" content=\"index, follow, max-snippet:-1, max-image-preview:large, max-video-preview:-1\" \/>\n<link rel=\"canonical\" href=\"http:\/\/sudoesteacontece.com.br\/?p=1424\" \/>\n<meta property=\"og:locale\" content=\"pt_BR\" \/>\n<meta property=\"og:type\" content=\"article\" \/>\n<meta property=\"og:title\" content=\"Casal colombiano percorre o mundo de bicicleta e leva projeto educativo a escolas em Livramento - Sudoesteacontece\" \/>\n<meta property=\"og:description\" content=\"Um casal de colombianos, Nazaret Reales e Andres Nore\u00f1a, chega a Livramento de Nossa Senhora com seu projeto \u201cEduca\u00e7\u00e3o em Movimento\u201d. Eles percorrem pa\u00edses de bicicleta, acompanhados do filho Thomas Edison e do cachorro Polar, levando educa\u00e7\u00e3o e cultura \u00e0s crian\u00e7as. O projeto envolve atividades como futebol, dan\u00e7a, artesanato e pr\u00e1ticas pedag\u00f3gicas que estimulam a aprendizagem por experi\u00eancia, reflex\u00e3o e intera\u00e7\u00e3o, refor\u00e7ando a import\u00e2ncia da educa\u00e7\u00e3o e dos sonhos. No Brasil, a fam\u00edlia reservou mais de 500 dias para percorrer estados como Roraima, Amazonas, Par\u00e1, Mato Grosso, Goi\u00e1s, Distrito Federal, Minas Gerais, Pernambuco, Alagoas, Sergipe e, atualmente, a Bahia, antes de seguir para a Argentina. As bicicletas s\u00e3o adaptadas para longas jornadas, com suportes para pertences, mantimentos, cama compartilhada e espa\u00e7o para Polar, que acompanha a fam\u00edlia e atua como guardi\u00e3o da aventura. Em entrevista \u00e0 R\u00e1dio 88 FM, Nazaret e Andres destacaram a recep\u00e7\u00e3o calorosa em Livramento e outras cidades brasileiras. Eles comentaram sobre diferen\u00e7as culturais, clim\u00e1ticas e alimentares entre Brasil e Col\u00f4mbia. Andres observou que a alimenta\u00e7\u00e3o brasileira se aproxima da colombiana, com feij\u00e3o, legumes e outros itens. Nazaret ressaltou o calor intenso no Nordeste e os desafios enfrentados na Chapada Diamantina, com ladeiras e terrenos \u00edngremes. O casal elogiou o apoio das secretarias municipais, especialmente a de Educa\u00e7\u00e3o, que permitiu a execu\u00e7\u00e3o do projeto nas escolas e a estadia de Thomas Edison na creche local. Para garantir a continuidade da miss\u00e3o, eles disponibilizam canais de apoio financeiro via Pix e mant\u00eam contato com o p\u00fablico pelas redes sociais @casaenbici e pelo telefone (61) 9 9888-7697. A iniciativa transforma viagens em aprendizado, levando educa\u00e7\u00e3o e cultura diretamente \u00e0s crian\u00e7as, refor\u00e7ando que os sonhos podem percorrer o mundo e inspirar novas gera\u00e7\u00f5es.\" \/>\n<meta property=\"og:url\" content=\"http:\/\/sudoesteacontece.com.br\/?p=1424\" \/>\n<meta property=\"og:site_name\" content=\"Sudoesteacontece\" \/>\n<meta property=\"article:publisher\" content=\"https:\/\/www.facebook.com\/sudoesteacontece\/?locale=pt_BR\" \/>\n<meta property=\"article:published_time\" content=\"2025-10-31T13:34:13+00:00\" \/>\n<meta property=\"article:modified_time\" content=\"2025-10-31T13:34:16+00:00\" \/>\n<meta property=\"og:image\" content=\"http:\/\/sudoesteacontece.com.br\/wp-content\/uploads\/2025\/10\/Casal-colombiano-percorre-o-mundo-de-bicicleta-e-leva-projeto-educativo-a-escolas-em-Livramento-sudoeste-acontece.jpg\" \/>\n\t<meta property=\"og:image:width\" content=\"1700\" \/>\n\t<meta property=\"og:image:height\" content=\"1200\" \/>\n\t<meta property=\"og:image:type\" content=\"image\/jpeg\" \/>\n<meta name=\"author\" content=\"Washington Tiago\" \/>\n<meta name=\"twitter:card\" content=\"summary_large_image\" \/>\n<meta name=\"twitter:label1\" content=\"Escrito por\" \/>\n\t<meta name=\"twitter:data1\" content=\"Washington Tiago\" \/>\n\t<meta name=\"twitter:label2\" content=\"Est. tempo de leitura\" \/>\n\t<meta name=\"twitter:data2\" content=\"2 minutos\" \/>\n<script type=\"application\/ld+json\" class=\"yoast-schema-graph\">{\"@context\":\"https:\/\/schema.org\",\"@graph\":[{\"@type\":\"Article\",\"@id\":\"http:\/\/sudoesteacontece.com.br\/?p=1424#article\",\"isPartOf\":{\"@id\":\"http:\/\/sudoesteacontece.com.br\/?p=1424\"},\"author\":{\"name\":\"Washington Tiago\",\"@id\":\"https:\/\/sudoesteacontece.com.br\/#\/schema\/person\/3cf2cf009926a9683ebc29d5379fa79c\"},\"headline\":\"Casal colombiano percorre o mundo de bicicleta e leva projeto educativo a escolas em Livramento\",\"datePublished\":\"2025-10-31T13:34:13+00:00\",\"dateModified\":\"2025-10-31T13:34:16+00:00\",\"mainEntityOfPage\":{\"@id\":\"http:\/\/sudoesteacontece.com.br\/?p=1424\"},\"wordCount\":329,\"commentCount\":0,\"publisher\":{\"@id\":\"https:\/\/sudoesteacontece.com.br\/#organization\"},\"image\":{\"@id\":\"http:\/\/sudoesteacontece.com.br\/?p=1424#primaryimage\"},\"thumbnailUrl\":\"https:\/\/sudoesteacontece.com.br\/wp-content\/uploads\/2025\/10\/Casal-colombiano-percorre-o-mundo-de-bicicleta-e-leva-projeto-educativo-a-escolas-em-Livramento-sudoeste-acontece.jpg\",\"articleSection\":[\"Cidades\",\"Educa\u00e7\u00e3o\",\"Internacional\",\"Livramento\"],\"inLanguage\":\"pt-BR\",\"potentialAction\":[{\"@type\":\"CommentAction\",\"name\":\"Comment\",\"target\":[\"http:\/\/sudoesteacontece.com.br\/?p=1424#respond\"]}]},{\"@type\":\"WebPage\",\"@id\":\"http:\/\/sudoesteacontece.com.br\/?p=1424\",\"url\":\"http:\/\/sudoesteacontece.com.br\/?p=1424\",\"name\":\"Casal colombiano percorre o mundo de bicicleta e leva projeto educativo a escolas em Livramento - Sudoesteacontece\",\"isPartOf\":{\"@id\":\"https:\/\/sudoesteacontece.com.br\/#website\"},\"primaryImageOfPage\":{\"@id\":\"http:\/\/sudoesteacontece.com.br\/?p=1424#primaryimage\"},\"image\":{\"@id\":\"http:\/\/sudoesteacontece.com.br\/?p=1424#primaryimage\"},\"thumbnailUrl\":\"https:\/\/sudoesteacontece.com.br\/wp-content\/uploads\/2025\/10\/Casal-colombiano-percorre-o-mundo-de-bicicleta-e-leva-projeto-educativo-a-escolas-em-Livramento-sudoeste-acontece.jpg\",\"datePublished\":\"2025-10-31T13:34:13+00:00\",\"dateModified\":\"2025-10-31T13:34:16+00:00\",\"breadcrumb\":{\"@id\":\"http:\/\/sudoesteacontece.com.br\/?p=1424#breadcrumb\"},\"inLanguage\":\"pt-BR\",\"potentialAction\":[{\"@type\":\"ReadAction\",\"target\":[\"http:\/\/sudoesteacontece.com.br\/?p=1424\"]}]},{\"@type\":\"ImageObject\",\"inLanguage\":\"pt-BR\",\"@id\":\"http:\/\/sudoesteacontece.com.br\/?p=1424#primaryimage\",\"url\":\"https:\/\/sudoesteacontece.com.br\/wp-content\/uploads\/2025\/10\/Casal-colombiano-percorre-o-mundo-de-bicicleta-e-leva-projeto-educativo-a-escolas-em-Livramento-sudoeste-acontece.jpg\",\"contentUrl\":\"https:\/\/sudoesteacontece.com.br\/wp-content\/uploads\/2025\/10\/Casal-colombiano-percorre-o-mundo-de-bicicleta-e-leva-projeto-educativo-a-escolas-em-Livramento-sudoeste-acontece.jpg\",\"width\":1700,\"height\":1200},{\"@type\":\"BreadcrumbList\",\"@id\":\"http:\/\/sudoesteacontece.com.br\/?p=1424#breadcrumb\",\"itemListElement\":[{\"@type\":\"ListItem\",\"position\":1,\"name\":\"In\u00edcio\",\"item\":\"https:\/\/sudoesteacontece.com.br\/\"},{\"@type\":\"ListItem\",\"position\":2,\"name\":\"Casal colombiano percorre o mundo de bicicleta e leva projeto educativo a escolas em Livramento\"}]},{\"@type\":\"WebSite\",\"@id\":\"https:\/\/sudoesteacontece.com.br\/#website\",\"url\":\"https:\/\/sudoesteacontece.com.br\/\",\"name\":\"Sudoesteacontece\",\"description\":\"\",\"publisher\":{\"@id\":\"https:\/\/sudoesteacontece.com.br\/#organization\"},\"potentialAction\":[{\"@type\":\"SearchAction\",\"target\":{\"@type\":\"EntryPoint\",\"urlTemplate\":\"https:\/\/sudoesteacontece.com.br\/?s={search_term_string}\"},\"query-input\":{\"@type\":\"PropertyValueSpecification\",\"valueRequired\":true,\"valueName\":\"search_term_string\"}}],\"inLanguage\":\"pt-BR\"},{\"@type\":\"Organization\",\"@id\":\"https:\/\/sudoesteacontece.com.br\/#organization\",\"name\":\"Sudoesteacontece\",\"url\":\"https:\/\/sudoesteacontece.com.br\/\",\"logo\":{\"@type\":\"ImageObject\",\"inLanguage\":\"pt-BR\",\"@id\":\"https:\/\/sudoesteacontece.com.br\/#\/schema\/logo\/image\/\",\"url\":\"https:\/\/sudoesteacontece.com.br\/wp-content\/uploads\/2025\/12\/cropped-logo-2-180x180-1.png\",\"contentUrl\":\"https:\/\/sudoesteacontece.com.br\/wp-content\/uploads\/2025\/12\/cropped-logo-2-180x180-1.png\",\"width\":180,\"height\":180,\"caption\":\"Sudoesteacontece\"},\"image\":{\"@id\":\"https:\/\/sudoesteacontece.com.br\/#\/schema\/logo\/image\/\"},\"sameAs\":[\"https:\/\/www.facebook.com\/sudoesteacontece\/?locale=pt_BR\"]},{\"@type\":\"Person\",\"@id\":\"https:\/\/sudoesteacontece.com.br\/#\/schema\/person\/3cf2cf009926a9683ebc29d5379fa79c\",\"name\":\"Washington Tiago\",\"image\":{\"@type\":\"ImageObject\",\"inLanguage\":\"pt-BR\",\"@id\":\"https:\/\/sudoesteacontece.com.br\/#\/schema\/person\/image\/\",\"url\":\"https:\/\/secure.gravatar.com\/avatar\/33c43b8668157e040f9d1fe93c354bf087cbd8ba36270c1163198bd3ddcf2a56?s=96&d=mm&r=g\",\"contentUrl\":\"https:\/\/secure.gravatar.com\/avatar\/33c43b8668157e040f9d1fe93c354bf087cbd8ba36270c1163198bd3ddcf2a56?s=96&d=mm&r=g\",\"caption\":\"Washington Tiago\"},\"url\":\"https:\/\/sudoesteacontece.com.br\/?author=2\"}]}<\/script>\n<!-- \/ Yoast SEO plugin. -->","yoast_head_json":{"title":"Casal colombiano percorre o mundo de bicicleta e leva projeto educativo a escolas em Livramento - Sudoesteacontece","robots":{"index":"index","follow":"follow","max-snippet":"max-snippet:-1","max-image-preview":"max-image-preview:large","max-video-preview":"max-video-preview:-1"},"canonical":"http:\/\/sudoesteacontece.com.br\/?p=1424","og_locale":"pt_BR","og_type":"article","og_title":"Casal colombiano percorre o mundo de bicicleta e leva projeto educativo a escolas em Livramento - Sudoesteacontece","og_description":"Um casal de colombianos, Nazaret Reales e Andres Nore\u00f1a, chega a Livramento de Nossa Senhora com seu projeto \u201cEduca\u00e7\u00e3o em Movimento\u201d. Eles percorrem pa\u00edses de bicicleta, acompanhados do filho Thomas Edison e do cachorro Polar, levando educa\u00e7\u00e3o e cultura \u00e0s crian\u00e7as. O projeto envolve atividades como futebol, dan\u00e7a, artesanato e pr\u00e1ticas pedag\u00f3gicas que estimulam a aprendizagem por experi\u00eancia, reflex\u00e3o e intera\u00e7\u00e3o, refor\u00e7ando a import\u00e2ncia da educa\u00e7\u00e3o e dos sonhos. No Brasil, a fam\u00edlia reservou mais de 500 dias para percorrer estados como Roraima, Amazonas, Par\u00e1, Mato Grosso, Goi\u00e1s, Distrito Federal, Minas Gerais, Pernambuco, Alagoas, Sergipe e, atualmente, a Bahia, antes de seguir para a Argentina. As bicicletas s\u00e3o adaptadas para longas jornadas, com suportes para pertences, mantimentos, cama compartilhada e espa\u00e7o para Polar, que acompanha a fam\u00edlia e atua como guardi\u00e3o da aventura. Em entrevista \u00e0 R\u00e1dio 88 FM, Nazaret e Andres destacaram a recep\u00e7\u00e3o calorosa em Livramento e outras cidades brasileiras. Eles comentaram sobre diferen\u00e7as culturais, clim\u00e1ticas e alimentares entre Brasil e Col\u00f4mbia. Andres observou que a alimenta\u00e7\u00e3o brasileira se aproxima da colombiana, com feij\u00e3o, legumes e outros itens. Nazaret ressaltou o calor intenso no Nordeste e os desafios enfrentados na Chapada Diamantina, com ladeiras e terrenos \u00edngremes. O casal elogiou o apoio das secretarias municipais, especialmente a de Educa\u00e7\u00e3o, que permitiu a execu\u00e7\u00e3o do projeto nas escolas e a estadia de Thomas Edison na creche local. Para garantir a continuidade da miss\u00e3o, eles disponibilizam canais de apoio financeiro via Pix e mant\u00eam contato com o p\u00fablico pelas redes sociais @casaenbici e pelo telefone (61) 9 9888-7697. A iniciativa transforma viagens em aprendizado, levando educa\u00e7\u00e3o e cultura diretamente \u00e0s crian\u00e7as, refor\u00e7ando que os sonhos podem percorrer o mundo e inspirar novas gera\u00e7\u00f5es.","og_url":"http:\/\/sudoesteacontece.com.br\/?p=1424","og_site_name":"Sudoesteacontece","article_publisher":"https:\/\/www.facebook.com\/sudoesteacontece\/?locale=pt_BR","article_published_time":"2025-10-31T13:34:13+00:00","article_modified_time":"2025-10-31T13:34:16+00:00","og_image":[{"width":1700,"height":1200,"url":"http:\/\/sudoesteacontece.com.br\/wp-content\/uploads\/2025\/10\/Casal-colombiano-percorre-o-mundo-de-bicicleta-e-leva-projeto-educativo-a-escolas-em-Livramento-sudoeste-acontece.jpg","type":"image\/jpeg"}],"author":"Washington Tiago","twitter_card":"summary_large_image","twitter_misc":{"Escrito por":"Washington Tiago","Est. tempo de leitura":"2 minutos"},"schema":{"@context":"https:\/\/schema.org","@graph":[{"@type":"Article","@id":"http:\/\/sudoesteacontece.com.br\/?p=1424#article","isPartOf":{"@id":"http:\/\/sudoesteacontece.com.br\/?p=1424"},"author":{"name":"Washington Tiago","@id":"https:\/\/sudoesteacontece.com.br\/#\/schema\/person\/3cf2cf009926a9683ebc29d5379fa79c"},"headline":"Casal colombiano percorre o mundo de bicicleta e leva projeto educativo a escolas em Livramento","datePublished":"2025-10-31T13:34:13+00:00","dateModified":"2025-10-31T13:34:16+00:00","mainEntityOfPage":{"@id":"http:\/\/sudoesteacontece.com.br\/?p=1424"},"wordCount":329,"commentCount":0,"publisher":{"@id":"https:\/\/sudoesteacontece.com.br\/#organization"},"image":{"@id":"http:\/\/sudoesteacontece.com.br\/?p=1424#primaryimage"},"thumbnailUrl":"https:\/\/sudoesteacontece.com.br\/wp-content\/uploads\/2025\/10\/Casal-colombiano-percorre-o-mundo-de-bicicleta-e-leva-projeto-educativo-a-escolas-em-Livramento-sudoeste-acontece.jpg","articleSection":["Cidades","Educa\u00e7\u00e3o","Internacional","Livramento"],"inLanguage":"pt-BR","potentialAction":[{"@type":"CommentAction","name":"Comment","target":["http:\/\/sudoesteacontece.com.br\/?p=1424#respond"]}]},{"@type":"WebPage","@id":"http:\/\/sudoesteacontece.com.br\/?p=1424","url":"http:\/\/sudoesteacontece.com.br\/?p=1424","name":"Casal colombiano percorre o mundo de bicicleta e leva projeto educativo a escolas em Livramento - Sudoesteacontece","isPartOf":{"@id":"https:\/\/sudoesteacontece.com.br\/#website"},"primaryImageOfPage":{"@id":"http:\/\/sudoesteacontece.com.br\/?p=1424#primaryimage"},"image":{"@id":"http:\/\/sudoesteacontece.com.br\/?p=1424#primaryimage"},"thumbnailUrl":"https:\/\/sudoesteacontece.com.br\/wp-content\/uploads\/2025\/10\/Casal-colombiano-percorre-o-mundo-de-bicicleta-e-leva-projeto-educativo-a-escolas-em-Livramento-sudoeste-acontece.jpg","datePublished":"2025-10-31T13:34:13+00:00","dateModified":"2025-10-31T13:34:16+00:00","breadcrumb":{"@id":"http:\/\/sudoesteacontece.com.br\/?p=1424#breadcrumb"},"inLanguage":"pt-BR","potentialAction":[{"@type":"ReadAction","target":["http:\/\/sudoesteacontece.com.br\/?p=1424"]}]},{"@type":"ImageObject","inLanguage":"pt-BR","@id":"http:\/\/sudoesteacontece.com.br\/?p=1424#primaryimage","url":"https:\/\/sudoesteacontece.com.br\/wp-content\/uploads\/2025\/10\/Casal-colombiano-percorre-o-mundo-de-bicicleta-e-leva-projeto-educativo-a-escolas-em-Livramento-sudoeste-acontece.jpg","contentUrl":"https:\/\/sudoesteacontece.com.br\/wp-content\/uploads\/2025\/10\/Casal-colombiano-percorre-o-mundo-de-bicicleta-e-leva-projeto-educativo-a-escolas-em-Livramento-sudoeste-acontece.jpg","width":1700,"height":1200},{"@type":"BreadcrumbList","@id":"http:\/\/sudoesteacontece.com.br\/?p=1424#breadcrumb","itemListElement":[{"@type":"ListItem","position":1,"name":"In\u00edcio","item":"https:\/\/sudoesteacontece.com.br\/"},{"@type":"ListItem","position":2,"name":"Casal colombiano percorre o mundo de bicicleta e leva projeto educativo a escolas em Livramento"}]},{"@type":"WebSite","@id":"https:\/\/sudoesteacontece.com.br\/#website","url":"https:\/\/sudoesteacontece.com.br\/","name":"Sudoesteacontece","description":"","publisher":{"@id":"https:\/\/sudoesteacontece.com.br\/#organization"},"potentialAction":[{"@type":"SearchAction","target":{"@type":"EntryPoint","urlTemplate":"https:\/\/sudoesteacontece.com.br\/?s={search_term_string}"},"query-input":{"@type":"PropertyValueSpecification","valueRequired":true,"valueName":"search_term_string"}}],"inLanguage":"pt-BR"},{"@type":"Organization","@id":"https:\/\/sudoesteacontece.com.br\/#organization","name":"Sudoesteacontece","url":"https:\/\/sudoesteacontece.com.br\/","logo":{"@type":"ImageObject","inLanguage":"pt-BR","@id":"https:\/\/sudoesteacontece.com.br\/#\/schema\/logo\/image\/","url":"https:\/\/sudoesteacontece.com.br\/wp-content\/uploads\/2025\/12\/cropped-logo-2-180x180-1.png","contentUrl":"https:\/\/sudoesteacontece.com.br\/wp-content\/uploads\/2025\/12\/cropped-logo-2-180x180-1.png","width":180,"height":180,"caption":"Sudoesteacontece"},"image":{"@id":"https:\/\/sudoesteacontece.com.br\/#\/schema\/logo\/image\/"},"sameAs":["https:\/\/www.facebook.com\/sudoesteacontece\/?locale=pt_BR"]},{"@type":"Person","@id":"https:\/\/sudoesteacontece.com.br\/#\/schema\/person\/3cf2cf009926a9683ebc29d5379fa79c","name":"Washington Tiago","image":{"@type":"ImageObject","inLanguage":"pt-BR","@id":"https:\/\/sudoesteacontece.com.br\/#\/schema\/person\/image\/","url":"https:\/\/secure.gravatar.com\/avatar\/33c43b8668157e040f9d1fe93c354bf087cbd8ba36270c1163198bd3ddcf2a56?s=96&d=mm&r=g","contentUrl":"https:\/\/secure.gravatar.com\/avatar\/33c43b8668157e040f9d1fe93c354bf087cbd8ba36270c1163198bd3ddcf2a56?s=96&d=mm&r=g","caption":"Washington Tiago"},"url":"https:\/\/sudoesteacontece.com.br\/?author=2"}]}},"_links":{"self":[{"href":"https:\/\/sudoesteacontece.com.br\/index.php?rest_route=\/wp\/v2\/posts\/1424","targetHints":{"allow":["GET"]}}],"collection":[{"href":"https:\/\/sudoesteacontece.com.br\/index.php?rest_route=\/wp\/v2\/posts"}],"about":[{"href":"https:\/\/sudoesteacontece.com.br\/index.php?rest_route=\/wp\/v2\/types\/post"}],"author":[{"embeddable":true,"href":"https:\/\/sudoesteacontece.com.br\/index.php?rest_route=\/wp\/v2\/users\/2"}],"replies":[{"embeddable":true,"href":"https:\/\/sudoesteacontece.com.br\/index.php?rest_route=%2Fwp%2Fv2%2Fcomments&post=1424"}],"version-history":[{"count":0,"href":"https:\/\/sudoesteacontece.com.br\/index.php?rest_route=\/wp\/v2\/posts\/1424\/revisions"}],"wp:featuredmedia":[{"embeddable":true,"href":"https:\/\/sudoesteacontece.com.br\/index.php?rest_route=\/wp\/v2\/media\/1451"}],"wp:attachment":[{"href":"https:\/\/sudoesteacontece.com.br\/index.php?rest_route=%2Fwp%2Fv2%2Fmedia&parent=1424"}],"wp:term":[{"taxonomy":"category","embeddable":true,"href":"https:\/\/sudoesteacontece.com.br\/index.php?rest_route=%2Fwp%2Fv2%2Fcategories&post=1424"},{"taxonomy":"post_tag","embeddable":true,"href":"https:\/\/sudoesteacontece.com.br\/index.php?rest_route=%2Fwp%2Fv2%2Ftags&post=1424"}],"curies":[{"name":"wp","href":"https:\/\/api.w.org\/{rel}","templated":true}]}}