{"id":1425,"date":"2025-10-31T10:37:42","date_gmt":"2025-10-31T13:37:42","guid":{"rendered":"https:\/\/sudoesteacontece.com.br\/?p=1425"},"modified":"2025-10-31T10:37:59","modified_gmt":"2025-10-31T13:37:59","slug":"juri-de-motociclista-acusado-de-matar-menino-de-8-anos-sera-realizado-em-caetite","status":"publish","type":"post","link":"https:\/\/sudoesteacontece.com.br\/?p=1425","title":{"rendered":"J\u00fari de motociclista acusado de matar menino de 8 anos ser\u00e1 realizado em Caetit\u00e9"},"content":{"rendered":"<div class=\"wp-block-image\">\n<figure class=\"aligncenter size-full\"><img fetchpriority=\"high\" decoding=\"async\" width=\"727\" height=\"604\" src=\"http:\/\/sudoesteacontece.com.br\/wp-content\/uploads\/2025\/10\/Juri-de-motociclista-acusado-de-matar-menino-de-8-anos-sera-realizado-em-Caetite-sudoeste-acontece.jpg\" alt=\"\" class=\"wp-image-1453\" srcset=\"https:\/\/sudoesteacontece.com.br\/wp-content\/uploads\/2025\/10\/Juri-de-motociclista-acusado-de-matar-menino-de-8-anos-sera-realizado-em-Caetite-sudoeste-acontece.jpg 727w, https:\/\/sudoesteacontece.com.br\/wp-content\/uploads\/2025\/10\/Juri-de-motociclista-acusado-de-matar-menino-de-8-anos-sera-realizado-em-Caetite-sudoeste-acontece-300x249.jpg 300w\" sizes=\"(max-width: 727px) 100vw, 727px\" \/><\/figure>\n<\/div>\n\n\n<p>O Tribunal do J\u00fari de Caetit\u00e9 vai julgar no dia 4 de novembro o motociclista Bruno Santana. Ele \u00e9 acusado de atropelar o menino Arthur Souza Rocha, de 8 anos, e ferir o pai da crian\u00e7a, \u00c9lio Alves Rocha, de 64 anos. A sess\u00e3o ser\u00e1 presidida pela Vara Criminal e ter\u00e1 in\u00edcio \u00e0s 9h no F\u00f3rum C\u00e9zar Zama. Caso atrai aten\u00e7\u00e3o da popula\u00e7\u00e3o local, marcada pela como\u00e7\u00e3o desde o acidente.<\/p>\n\n\n\n<p>Acidente ocorreu em fevereiro de 2025 na Avenida Olimar Oliveira, bairro Buenos Aires. Bruno conduzia a motocicleta em alta velocidade e fazia manobras perigosas quando atingiu pai e filho. Com o impacto, Arthur morreu no local. Pai ficou ferido, mas sobreviveu. Ap\u00f3s o atropelamento, o motociclista fugiu e passou a ser procurado pela pol\u00edcia.<\/p>\n\n\n\n<p>Corpo do menino foi velado e sepultado em Caetit\u00e9. Familiares, amigos e moradores acompanharam a despedida e continuam cobrando justi\u00e7a. O julgamento deve avaliar provas e depoimentos que apontam a conduta perigosa do acusado, incluindo a velocidade e as manobras realizadas no momento do acidente. O caso gerou repercuss\u00e3o na cidade e refor\u00e7ou pedidos por mais aten\u00e7\u00e3o \u00e0 seguran\u00e7a no tr\u00e2nsito, especialmente em \u00e1reas residenciais e com grande circula\u00e7\u00e3o de pedestres.<\/p>\n","protected":false},"excerpt":{"rendered":"<p>O Tribunal do J\u00fari de Caetit\u00e9 vai julgar no dia 4 de novembro o motociclista Bruno Santana. Ele \u00e9 acusado de atropelar o menino Arthur Souza Rocha, de 8 anos, e ferir o pai da crian\u00e7a, \u00c9lio Alves Rocha, de 64 anos. A sess\u00e3o ser\u00e1 presidida pela Vara Criminal e ter\u00e1 in\u00edcio \u00e0s 9h no F\u00f3rum C\u00e9zar Zama. Caso atrai aten\u00e7\u00e3o da popula\u00e7\u00e3o local, marcada pela como\u00e7\u00e3o desde o acidente. Acidente ocorreu em fevereiro de 2025 na Avenida Olimar Oliveira, bairro Buenos Aires. Bruno conduzia a motocicleta em alta velocidade e fazia manobras perigosas quando atingiu pai e filho. Com o impacto, Arthur morreu no local. Pai ficou ferido, mas sobreviveu. Ap\u00f3s o atropelamento, o motociclista fugiu e passou a ser procurado pela pol\u00edcia. Corpo do menino foi velado e sepultado em Caetit\u00e9. Familiares, amigos e moradores acompanharam a despedida e continuam cobrando justi\u00e7a. O julgamento deve avaliar provas e depoimentos que apontam a conduta perigosa do acusado, incluindo a velocidade e as manobras realizadas no momento do acidente. O caso gerou repercuss\u00e3o na cidade e refor\u00e7ou pedidos por mais aten\u00e7\u00e3o \u00e0 seguran\u00e7a no tr\u00e2nsito, especialmente em \u00e1reas residenciais e com grande circula\u00e7\u00e3o de pedestres.<\/p>\n","protected":false},"author":2,"featured_media":1453,"comment_status":"open","ping_status":"open","sticky":false,"template":"","format":"standard","meta":{"footnotes":""},"categories":[5,49,13],"tags":[],"class_list":["post-1425","post","type-post","status-publish","format-standard","has-post-thumbnail","hentry","category-acidente","category-caetite","category-justica"],"yoast_head":"<!-- This site is optimized with the Yoast SEO plugin v26.5 - https:\/\/yoast.com\/wordpress\/plugins\/seo\/ -->\n<title>J\u00fari de motociclista acusado de matar menino de 8 anos ser\u00e1 realizado em Caetit\u00e9 - Sudoesteacontece<\/title>\n<meta name=\"robots\" content=\"index, follow, max-snippet:-1, max-image-preview:large, max-video-preview:-1\" \/>\n<link rel=\"canonical\" href=\"https:\/\/sudoesteacontece.com.br\/?p=1425\" \/>\n<meta property=\"og:locale\" content=\"pt_BR\" \/>\n<meta property=\"og:type\" content=\"article\" \/>\n<meta property=\"og:title\" content=\"J\u00fari de motociclista acusado de matar menino de 8 anos ser\u00e1 realizado em Caetit\u00e9 - Sudoesteacontece\" \/>\n<meta property=\"og:description\" content=\"O Tribunal do J\u00fari de Caetit\u00e9 vai julgar no dia 4 de novembro o motociclista Bruno Santana. Ele \u00e9 acusado de atropelar o menino Arthur Souza Rocha, de 8 anos, e ferir o pai da crian\u00e7a, \u00c9lio Alves Rocha, de 64 anos. A sess\u00e3o ser\u00e1 presidida pela Vara Criminal e ter\u00e1 in\u00edcio \u00e0s 9h no F\u00f3rum C\u00e9zar Zama. Caso atrai aten\u00e7\u00e3o da popula\u00e7\u00e3o local, marcada pela como\u00e7\u00e3o desde o acidente. Acidente ocorreu em fevereiro de 2025 na Avenida Olimar Oliveira, bairro Buenos Aires. Bruno conduzia a motocicleta em alta velocidade e fazia manobras perigosas quando atingiu pai e filho. Com o impacto, Arthur morreu no local. Pai ficou ferido, mas sobreviveu. Ap\u00f3s o atropelamento, o motociclista fugiu e passou a ser procurado pela pol\u00edcia. Corpo do menino foi velado e sepultado em Caetit\u00e9. Familiares, amigos e moradores acompanharam a despedida e continuam cobrando justi\u00e7a. O julgamento deve avaliar provas e depoimentos que apontam a conduta perigosa do acusado, incluindo a velocidade e as manobras realizadas no momento do acidente. O caso gerou repercuss\u00e3o na cidade e refor\u00e7ou pedidos por mais aten\u00e7\u00e3o \u00e0 seguran\u00e7a no tr\u00e2nsito, especialmente em \u00e1reas residenciais e com grande circula\u00e7\u00e3o de pedestres.\" \/>\n<meta property=\"og:url\" content=\"https:\/\/sudoesteacontece.com.br\/?p=1425\" \/>\n<meta property=\"og:site_name\" content=\"Sudoesteacontece\" \/>\n<meta property=\"article:publisher\" content=\"https:\/\/www.facebook.com\/sudoesteacontece\/?locale=pt_BR\" \/>\n<meta property=\"article:published_time\" content=\"2025-10-31T13:37:42+00:00\" \/>\n<meta property=\"article:modified_time\" content=\"2025-10-31T13:37:59+00:00\" \/>\n<meta property=\"og:image\" content=\"https:\/\/sudoesteacontece.com.br\/wp-content\/uploads\/2025\/10\/Juri-de-motociclista-acusado-de-matar-menino-de-8-anos-sera-realizado-em-Caetite-sudoeste-acontece.jpg\" \/>\n\t<meta property=\"og:image:width\" content=\"727\" \/>\n\t<meta property=\"og:image:height\" content=\"604\" \/>\n\t<meta property=\"og:image:type\" content=\"image\/jpeg\" \/>\n<meta name=\"author\" content=\"Washington Tiago\" \/>\n<meta name=\"twitter:card\" content=\"summary_large_image\" \/>\n<meta name=\"twitter:label1\" content=\"Escrito por\" \/>\n\t<meta name=\"twitter:data1\" content=\"Washington Tiago\" \/>\n\t<meta name=\"twitter:label2\" content=\"Est. tempo de leitura\" \/>\n\t<meta name=\"twitter:data2\" content=\"1 minuto\" \/>\n<script type=\"application\/ld+json\" class=\"yoast-schema-graph\">{\"@context\":\"https:\/\/schema.org\",\"@graph\":[{\"@type\":\"Article\",\"@id\":\"https:\/\/sudoesteacontece.com.br\/?p=1425#article\",\"isPartOf\":{\"@id\":\"https:\/\/sudoesteacontece.com.br\/?p=1425\"},\"author\":{\"name\":\"Washington Tiago\",\"@id\":\"https:\/\/sudoesteacontece.com.br\/#\/schema\/person\/3cf2cf009926a9683ebc29d5379fa79c\"},\"headline\":\"J\u00fari de motociclista acusado de matar menino de 8 anos ser\u00e1 realizado em Caetit\u00e9\",\"datePublished\":\"2025-10-31T13:37:42+00:00\",\"dateModified\":\"2025-10-31T13:37:59+00:00\",\"mainEntityOfPage\":{\"@id\":\"https:\/\/sudoesteacontece.com.br\/?p=1425\"},\"wordCount\":221,\"commentCount\":0,\"publisher\":{\"@id\":\"https:\/\/sudoesteacontece.com.br\/#organization\"},\"image\":{\"@id\":\"https:\/\/sudoesteacontece.com.br\/?p=1425#primaryimage\"},\"thumbnailUrl\":\"https:\/\/sudoesteacontece.com.br\/wp-content\/uploads\/2025\/10\/Juri-de-motociclista-acusado-de-matar-menino-de-8-anos-sera-realizado-em-Caetite-sudoeste-acontece.jpg\",\"articleSection\":[\"Acidente\",\"Caetit\u00e9\",\"Justi\u00e7a\"],\"inLanguage\":\"pt-BR\",\"potentialAction\":[{\"@type\":\"CommentAction\",\"name\":\"Comment\",\"target\":[\"https:\/\/sudoesteacontece.com.br\/?p=1425#respond\"]}]},{\"@type\":\"WebPage\",\"@id\":\"https:\/\/sudoesteacontece.com.br\/?p=1425\",\"url\":\"https:\/\/sudoesteacontece.com.br\/?p=1425\",\"name\":\"J\u00fari de motociclista acusado de matar menino de 8 anos ser\u00e1 realizado em Caetit\u00e9 - Sudoesteacontece\",\"isPartOf\":{\"@id\":\"https:\/\/sudoesteacontece.com.br\/#website\"},\"primaryImageOfPage\":{\"@id\":\"https:\/\/sudoesteacontece.com.br\/?p=1425#primaryimage\"},\"image\":{\"@id\":\"https:\/\/sudoesteacontece.com.br\/?p=1425#primaryimage\"},\"thumbnailUrl\":\"https:\/\/sudoesteacontece.com.br\/wp-content\/uploads\/2025\/10\/Juri-de-motociclista-acusado-de-matar-menino-de-8-anos-sera-realizado-em-Caetite-sudoeste-acontece.jpg\",\"datePublished\":\"2025-10-31T13:37:42+00:00\",\"dateModified\":\"2025-10-31T13:37:59+00:00\",\"breadcrumb\":{\"@id\":\"https:\/\/sudoesteacontece.com.br\/?p=1425#breadcrumb\"},\"inLanguage\":\"pt-BR\",\"potentialAction\":[{\"@type\":\"ReadAction\",\"target\":[\"https:\/\/sudoesteacontece.com.br\/?p=1425\"]}]},{\"@type\":\"ImageObject\",\"inLanguage\":\"pt-BR\",\"@id\":\"https:\/\/sudoesteacontece.com.br\/?p=1425#primaryimage\",\"url\":\"https:\/\/sudoesteacontece.com.br\/wp-content\/uploads\/2025\/10\/Juri-de-motociclista-acusado-de-matar-menino-de-8-anos-sera-realizado-em-Caetite-sudoeste-acontece.jpg\",\"contentUrl\":\"https:\/\/sudoesteacontece.com.br\/wp-content\/uploads\/2025\/10\/Juri-de-motociclista-acusado-de-matar-menino-de-8-anos-sera-realizado-em-Caetite-sudoeste-acontece.jpg\",\"width\":727,\"height\":604},{\"@type\":\"BreadcrumbList\",\"@id\":\"https:\/\/sudoesteacontece.com.br\/?p=1425#breadcrumb\",\"itemListElement\":[{\"@type\":\"ListItem\",\"position\":1,\"name\":\"In\u00edcio\",\"item\":\"https:\/\/sudoesteacontece.com.br\/\"},{\"@type\":\"ListItem\",\"position\":2,\"name\":\"J\u00fari de motociclista acusado de matar menino de 8 anos ser\u00e1 realizado em Caetit\u00e9\"}]},{\"@type\":\"WebSite\",\"@id\":\"https:\/\/sudoesteacontece.com.br\/#website\",\"url\":\"https:\/\/sudoesteacontece.com.br\/\",\"name\":\"Sudoesteacontece\",\"description\":\"\",\"publisher\":{\"@id\":\"https:\/\/sudoesteacontece.com.br\/#organization\"},\"potentialAction\":[{\"@type\":\"SearchAction\",\"target\":{\"@type\":\"EntryPoint\",\"urlTemplate\":\"https:\/\/sudoesteacontece.com.br\/?s={search_term_string}\"},\"query-input\":{\"@type\":\"PropertyValueSpecification\",\"valueRequired\":true,\"valueName\":\"search_term_string\"}}],\"inLanguage\":\"pt-BR\"},{\"@type\":\"Organization\",\"@id\":\"https:\/\/sudoesteacontece.com.br\/#organization\",\"name\":\"Sudoesteacontece\",\"url\":\"https:\/\/sudoesteacontece.com.br\/\",\"logo\":{\"@type\":\"ImageObject\",\"inLanguage\":\"pt-BR\",\"@id\":\"https:\/\/sudoesteacontece.com.br\/#\/schema\/logo\/image\/\",\"url\":\"https:\/\/sudoesteacontece.com.br\/wp-content\/uploads\/2025\/12\/cropped-logo-2-180x180-1.png\",\"contentUrl\":\"https:\/\/sudoesteacontece.com.br\/wp-content\/uploads\/2025\/12\/cropped-logo-2-180x180-1.png\",\"width\":180,\"height\":180,\"caption\":\"Sudoesteacontece\"},\"image\":{\"@id\":\"https:\/\/sudoesteacontece.com.br\/#\/schema\/logo\/image\/\"},\"sameAs\":[\"https:\/\/www.facebook.com\/sudoesteacontece\/?locale=pt_BR\"]},{\"@type\":\"Person\",\"@id\":\"https:\/\/sudoesteacontece.com.br\/#\/schema\/person\/3cf2cf009926a9683ebc29d5379fa79c\",\"name\":\"Washington Tiago\",\"image\":{\"@type\":\"ImageObject\",\"inLanguage\":\"pt-BR\",\"@id\":\"https:\/\/sudoesteacontece.com.br\/#\/schema\/person\/image\/\",\"url\":\"https:\/\/secure.gravatar.com\/avatar\/33c43b8668157e040f9d1fe93c354bf087cbd8ba36270c1163198bd3ddcf2a56?s=96&d=mm&r=g\",\"contentUrl\":\"https:\/\/secure.gravatar.com\/avatar\/33c43b8668157e040f9d1fe93c354bf087cbd8ba36270c1163198bd3ddcf2a56?s=96&d=mm&r=g\",\"caption\":\"Washington Tiago\"},\"url\":\"https:\/\/sudoesteacontece.com.br\/?author=2\"}]}<\/script>\n<!-- \/ Yoast SEO plugin. -->","yoast_head_json":{"title":"J\u00fari de motociclista acusado de matar menino de 8 anos ser\u00e1 realizado em Caetit\u00e9 - Sudoesteacontece","robots":{"index":"index","follow":"follow","max-snippet":"max-snippet:-1","max-image-preview":"max-image-preview:large","max-video-preview":"max-video-preview:-1"},"canonical":"https:\/\/sudoesteacontece.com.br\/?p=1425","og_locale":"pt_BR","og_type":"article","og_title":"J\u00fari de motociclista acusado de matar menino de 8 anos ser\u00e1 realizado em Caetit\u00e9 - Sudoesteacontece","og_description":"O Tribunal do J\u00fari de Caetit\u00e9 vai julgar no dia 4 de novembro o motociclista Bruno Santana. Ele \u00e9 acusado de atropelar o menino Arthur Souza Rocha, de 8 anos, e ferir o pai da crian\u00e7a, \u00c9lio Alves Rocha, de 64 anos. A sess\u00e3o ser\u00e1 presidida pela Vara Criminal e ter\u00e1 in\u00edcio \u00e0s 9h no F\u00f3rum C\u00e9zar Zama. Caso atrai aten\u00e7\u00e3o da popula\u00e7\u00e3o local, marcada pela como\u00e7\u00e3o desde o acidente. Acidente ocorreu em fevereiro de 2025 na Avenida Olimar Oliveira, bairro Buenos Aires. Bruno conduzia a motocicleta em alta velocidade e fazia manobras perigosas quando atingiu pai e filho. Com o impacto, Arthur morreu no local. Pai ficou ferido, mas sobreviveu. Ap\u00f3s o atropelamento, o motociclista fugiu e passou a ser procurado pela pol\u00edcia. Corpo do menino foi velado e sepultado em Caetit\u00e9. Familiares, amigos e moradores acompanharam a despedida e continuam cobrando justi\u00e7a. O julgamento deve avaliar provas e depoimentos que apontam a conduta perigosa do acusado, incluindo a velocidade e as manobras realizadas no momento do acidente. O caso gerou repercuss\u00e3o na cidade e refor\u00e7ou pedidos por mais aten\u00e7\u00e3o \u00e0 seguran\u00e7a no tr\u00e2nsito, especialmente em \u00e1reas residenciais e com grande circula\u00e7\u00e3o de pedestres.","og_url":"https:\/\/sudoesteacontece.com.br\/?p=1425","og_site_name":"Sudoesteacontece","article_publisher":"https:\/\/www.facebook.com\/sudoesteacontece\/?locale=pt_BR","article_published_time":"2025-10-31T13:37:42+00:00","article_modified_time":"2025-10-31T13:37:59+00:00","og_image":[{"width":727,"height":604,"url":"https:\/\/sudoesteacontece.com.br\/wp-content\/uploads\/2025\/10\/Juri-de-motociclista-acusado-de-matar-menino-de-8-anos-sera-realizado-em-Caetite-sudoeste-acontece.jpg","type":"image\/jpeg"}],"author":"Washington Tiago","twitter_card":"summary_large_image","twitter_misc":{"Escrito por":"Washington Tiago","Est. tempo de leitura":"1 minuto"},"schema":{"@context":"https:\/\/schema.org","@graph":[{"@type":"Article","@id":"https:\/\/sudoesteacontece.com.br\/?p=1425#article","isPartOf":{"@id":"https:\/\/sudoesteacontece.com.br\/?p=1425"},"author":{"name":"Washington Tiago","@id":"https:\/\/sudoesteacontece.com.br\/#\/schema\/person\/3cf2cf009926a9683ebc29d5379fa79c"},"headline":"J\u00fari de motociclista acusado de matar menino de 8 anos ser\u00e1 realizado em Caetit\u00e9","datePublished":"2025-10-31T13:37:42+00:00","dateModified":"2025-10-31T13:37:59+00:00","mainEntityOfPage":{"@id":"https:\/\/sudoesteacontece.com.br\/?p=1425"},"wordCount":221,"commentCount":0,"publisher":{"@id":"https:\/\/sudoesteacontece.com.br\/#organization"},"image":{"@id":"https:\/\/sudoesteacontece.com.br\/?p=1425#primaryimage"},"thumbnailUrl":"https:\/\/sudoesteacontece.com.br\/wp-content\/uploads\/2025\/10\/Juri-de-motociclista-acusado-de-matar-menino-de-8-anos-sera-realizado-em-Caetite-sudoeste-acontece.jpg","articleSection":["Acidente","Caetit\u00e9","Justi\u00e7a"],"inLanguage":"pt-BR","potentialAction":[{"@type":"CommentAction","name":"Comment","target":["https:\/\/sudoesteacontece.com.br\/?p=1425#respond"]}]},{"@type":"WebPage","@id":"https:\/\/sudoesteacontece.com.br\/?p=1425","url":"https:\/\/sudoesteacontece.com.br\/?p=1425","name":"J\u00fari de motociclista acusado de matar menino de 8 anos ser\u00e1 realizado em Caetit\u00e9 - Sudoesteacontece","isPartOf":{"@id":"https:\/\/sudoesteacontece.com.br\/#website"},"primaryImageOfPage":{"@id":"https:\/\/sudoesteacontece.com.br\/?p=1425#primaryimage"},"image":{"@id":"https:\/\/sudoesteacontece.com.br\/?p=1425#primaryimage"},"thumbnailUrl":"https:\/\/sudoesteacontece.com.br\/wp-content\/uploads\/2025\/10\/Juri-de-motociclista-acusado-de-matar-menino-de-8-anos-sera-realizado-em-Caetite-sudoeste-acontece.jpg","datePublished":"2025-10-31T13:37:42+00:00","dateModified":"2025-10-31T13:37:59+00:00","breadcrumb":{"@id":"https:\/\/sudoesteacontece.com.br\/?p=1425#breadcrumb"},"inLanguage":"pt-BR","potentialAction":[{"@type":"ReadAction","target":["https:\/\/sudoesteacontece.com.br\/?p=1425"]}]},{"@type":"ImageObject","inLanguage":"pt-BR","@id":"https:\/\/sudoesteacontece.com.br\/?p=1425#primaryimage","url":"https:\/\/sudoesteacontece.com.br\/wp-content\/uploads\/2025\/10\/Juri-de-motociclista-acusado-de-matar-menino-de-8-anos-sera-realizado-em-Caetite-sudoeste-acontece.jpg","contentUrl":"https:\/\/sudoesteacontece.com.br\/wp-content\/uploads\/2025\/10\/Juri-de-motociclista-acusado-de-matar-menino-de-8-anos-sera-realizado-em-Caetite-sudoeste-acontece.jpg","width":727,"height":604},{"@type":"BreadcrumbList","@id":"https:\/\/sudoesteacontece.com.br\/?p=1425#breadcrumb","itemListElement":[{"@type":"ListItem","position":1,"name":"In\u00edcio","item":"https:\/\/sudoesteacontece.com.br\/"},{"@type":"ListItem","position":2,"name":"J\u00fari de motociclista acusado de matar menino de 8 anos ser\u00e1 realizado em Caetit\u00e9"}]},{"@type":"WebSite","@id":"https:\/\/sudoesteacontece.com.br\/#website","url":"https:\/\/sudoesteacontece.com.br\/","name":"Sudoesteacontece","description":"","publisher":{"@id":"https:\/\/sudoesteacontece.com.br\/#organization"},"potentialAction":[{"@type":"SearchAction","target":{"@type":"EntryPoint","urlTemplate":"https:\/\/sudoesteacontece.com.br\/?s={search_term_string}"},"query-input":{"@type":"PropertyValueSpecification","valueRequired":true,"valueName":"search_term_string"}}],"inLanguage":"pt-BR"},{"@type":"Organization","@id":"https:\/\/sudoesteacontece.com.br\/#organization","name":"Sudoesteacontece","url":"https:\/\/sudoesteacontece.com.br\/","logo":{"@type":"ImageObject","inLanguage":"pt-BR","@id":"https:\/\/sudoesteacontece.com.br\/#\/schema\/logo\/image\/","url":"https:\/\/sudoesteacontece.com.br\/wp-content\/uploads\/2025\/12\/cropped-logo-2-180x180-1.png","contentUrl":"https:\/\/sudoesteacontece.com.br\/wp-content\/uploads\/2025\/12\/cropped-logo-2-180x180-1.png","width":180,"height":180,"caption":"Sudoesteacontece"},"image":{"@id":"https:\/\/sudoesteacontece.com.br\/#\/schema\/logo\/image\/"},"sameAs":["https:\/\/www.facebook.com\/sudoesteacontece\/?locale=pt_BR"]},{"@type":"Person","@id":"https:\/\/sudoesteacontece.com.br\/#\/schema\/person\/3cf2cf009926a9683ebc29d5379fa79c","name":"Washington Tiago","image":{"@type":"ImageObject","inLanguage":"pt-BR","@id":"https:\/\/sudoesteacontece.com.br\/#\/schema\/person\/image\/","url":"https:\/\/secure.gravatar.com\/avatar\/33c43b8668157e040f9d1fe93c354bf087cbd8ba36270c1163198bd3ddcf2a56?s=96&d=mm&r=g","contentUrl":"https:\/\/secure.gravatar.com\/avatar\/33c43b8668157e040f9d1fe93c354bf087cbd8ba36270c1163198bd3ddcf2a56?s=96&d=mm&r=g","caption":"Washington Tiago"},"url":"https:\/\/sudoesteacontece.com.br\/?author=2"}]}},"_links":{"self":[{"href":"https:\/\/sudoesteacontece.com.br\/index.php?rest_route=\/wp\/v2\/posts\/1425","targetHints":{"allow":["GET"]}}],"collection":[{"href":"https:\/\/sudoesteacontece.com.br\/index.php?rest_route=\/wp\/v2\/posts"}],"about":[{"href":"https:\/\/sudoesteacontece.com.br\/index.php?rest_route=\/wp\/v2\/types\/post"}],"author":[{"embeddable":true,"href":"https:\/\/sudoesteacontece.com.br\/index.php?rest_route=\/wp\/v2\/users\/2"}],"replies":[{"embeddable":true,"href":"https:\/\/sudoesteacontece.com.br\/index.php?rest_route=%2Fwp%2Fv2%2Fcomments&post=1425"}],"version-history":[{"count":0,"href":"https:\/\/sudoesteacontece.com.br\/index.php?rest_route=\/wp\/v2\/posts\/1425\/revisions"}],"wp:featuredmedia":[{"embeddable":true,"href":"https:\/\/sudoesteacontece.com.br\/index.php?rest_route=\/wp\/v2\/media\/1453"}],"wp:attachment":[{"href":"https:\/\/sudoesteacontece.com.br\/index.php?rest_route=%2Fwp%2Fv2%2Fmedia&parent=1425"}],"wp:term":[{"taxonomy":"category","embeddable":true,"href":"https:\/\/sudoesteacontece.com.br\/index.php?rest_route=%2Fwp%2Fv2%2Fcategories&post=1425"},{"taxonomy":"post_tag","embeddable":true,"href":"https:\/\/sudoesteacontece.com.br\/index.php?rest_route=%2Fwp%2Fv2%2Ftags&post=1425"}],"curies":[{"name":"wp","href":"https:\/\/api.w.org\/{rel}","templated":true}]}}