{"id":1427,"date":"2025-10-31T10:45:55","date_gmt":"2025-10-31T13:45:55","guid":{"rendered":"https:\/\/sudoesteacontece.com.br\/?p=1427"},"modified":"2025-10-31T10:45:57","modified_gmt":"2025-10-31T13:45:57","slug":"vereador-e-14-pessoas-sao-presas-por-envolvimento-com-faccao-criminosa-na-bahia","status":"publish","type":"post","link":"https:\/\/sudoesteacontece.com.br\/?p=1427","title":{"rendered":"Vereador e 14 pessoas s\u00e3o presas por envolvimento com fac\u00e7\u00e3o criminosa na Bahia"},"content":{"rendered":"<div class=\"wp-block-image\">\n<figure class=\"aligncenter size-large\"><img fetchpriority=\"high\" decoding=\"async\" width=\"1024\" height=\"717\" src=\"http:\/\/sudoesteacontece.com.br\/wp-content\/uploads\/2025\/10\/Vereador-e-14-pessoas-sao-presas-por-envolvimento-com-faccao-criminosa-na-Bahia-sudoeste-acontece-1024x717.jpg\" alt=\"\" class=\"wp-image-1457\" srcset=\"https:\/\/sudoesteacontece.com.br\/wp-content\/uploads\/2025\/10\/Vereador-e-14-pessoas-sao-presas-por-envolvimento-com-faccao-criminosa-na-Bahia-sudoeste-acontece-1024x717.jpg 1024w, https:\/\/sudoesteacontece.com.br\/wp-content\/uploads\/2025\/10\/Vereador-e-14-pessoas-sao-presas-por-envolvimento-com-faccao-criminosa-na-Bahia-sudoeste-acontece-300x210.jpg 300w, https:\/\/sudoesteacontece.com.br\/wp-content\/uploads\/2025\/10\/Vereador-e-14-pessoas-sao-presas-por-envolvimento-com-faccao-criminosa-na-Bahia-sudoeste-acontece-768x538.jpg 768w, https:\/\/sudoesteacontece.com.br\/wp-content\/uploads\/2025\/10\/Vereador-e-14-pessoas-sao-presas-por-envolvimento-com-faccao-criminosa-na-Bahia-sudoeste-acontece.jpg 1200w\" sizes=\"(max-width: 1024px) 100vw, 1024px\" \/><\/figure>\n<\/div>\n\n\n<p>Um vereador de Ubaitaba, George Everton Santana (PCdoB), foi preso na quinta-feira (30) durante a opera\u00e7\u00e3o \u2018Frater Dominus\u2019, deflagrada pela For\u00e7a Integrada de Combate ao Crime Organizado (Ficco) em parceria com a SSP-BA. Al\u00e9m dele, 14 pessoas foram detidas, incluindo um assessor parlamentar, servidores p\u00fablicos e suspeitos de integrar a fac\u00e7\u00e3o criminosa Bonde do Maluco (BDM). <\/p>\n\n\n\n<p>Entre as acusa\u00e7\u00f5es est\u00e3o tr\u00e1fico de drogas, homic\u00eddios e lavagem de dinheiro. Durante a opera\u00e7\u00e3o, as autoridades apreenderam cerca de R$ 130 mil em esp\u00e9cie com o vereador. Outros investigados tiveram bens e documentos recolhidos para per\u00edcia e an\u00e1lise judicial. O vereador de Mara\u00fa, Jeazi Assun\u00e7\u00e3o da Hora (Avante), conhecido como Cara de Nike, tamb\u00e9m \u00e9 alvo da opera\u00e7\u00e3o. Ele foi apenas submetido a buscas e apreens\u00f5es nesta fase. <\/p>\n\n\n\n<p>A a\u00e7\u00e3o ainda ocorre em Sergipe. A C\u00e2mara Municipal de Ubaitaba emitiu nota afirmando apoio \u00e0 opera\u00e7\u00e3o e respeito \u00e0s leis. Comunicado destaca que a conduta do vereador \u00e9 de responsabilidade individual e n\u00e3o reflete a postura institucional da Casa Legislativa. As investiga\u00e7\u00f5es seguem em andamento para apurar a extens\u00e3o das atividades criminosas e a participa\u00e7\u00e3o de cada suspeito na organiza\u00e7\u00e3o, garantindo a responsabiliza\u00e7\u00e3o dentro da lei.<\/p>\n","protected":false},"excerpt":{"rendered":"<p>Um vereador de Ubaitaba, George Everton Santana (PCdoB), foi preso na quinta-feira (30) durante a opera\u00e7\u00e3o \u2018Frater Dominus\u2019, deflagrada pela For\u00e7a Integrada de Combate ao Crime Organizado (Ficco) em parceria com a SSP-BA. Al\u00e9m dele, 14 pessoas foram detidas, incluindo um assessor parlamentar, servidores p\u00fablicos e suspeitos de integrar a fac\u00e7\u00e3o criminosa Bonde do Maluco (BDM). Entre as acusa\u00e7\u00f5es est\u00e3o tr\u00e1fico de drogas, homic\u00eddios e lavagem de dinheiro. Durante a opera\u00e7\u00e3o, as autoridades apreenderam cerca de R$ 130 mil em esp\u00e9cie com o vereador. Outros investigados tiveram bens e documentos recolhidos para per\u00edcia e an\u00e1lise judicial. O vereador de Mara\u00fa, Jeazi Assun\u00e7\u00e3o da Hora (Avante), conhecido como Cara de Nike, tamb\u00e9m \u00e9 alvo da opera\u00e7\u00e3o. Ele foi apenas submetido a buscas e apreens\u00f5es nesta fase. A a\u00e7\u00e3o ainda ocorre em Sergipe. A C\u00e2mara Municipal de Ubaitaba emitiu nota afirmando apoio \u00e0 opera\u00e7\u00e3o e respeito \u00e0s leis. Comunicado destaca que a conduta do vereador \u00e9 de responsabilidade individual e n\u00e3o reflete a postura institucional da Casa Legislativa. As investiga\u00e7\u00f5es seguem em andamento para apurar a extens\u00e3o das atividades criminosas e a participa\u00e7\u00e3o de cada suspeito na organiza\u00e7\u00e3o, garantindo a responsabiliza\u00e7\u00e3o dentro da lei.<\/p>\n","protected":false},"author":2,"featured_media":1457,"comment_status":"open","ping_status":"open","sticky":false,"template":"","format":"standard","meta":{"footnotes":""},"categories":[7,13,3,6],"tags":[],"class_list":["post-1427","post","type-post","status-publish","format-standard","has-post-thumbnail","hentry","category-bahia","category-justica","category-policia","category-politica"],"yoast_head":"<!-- This site is optimized with the Yoast SEO plugin v26.5 - https:\/\/yoast.com\/wordpress\/plugins\/seo\/ -->\n<title>Vereador e 14 pessoas s\u00e3o presas por envolvimento com fac\u00e7\u00e3o criminosa na Bahia - Sudoesteacontece<\/title>\n<meta name=\"robots\" content=\"index, follow, max-snippet:-1, max-image-preview:large, max-video-preview:-1\" \/>\n<link rel=\"canonical\" href=\"https:\/\/sudoesteacontece.com.br\/?p=1427\" \/>\n<meta property=\"og:locale\" content=\"pt_BR\" \/>\n<meta property=\"og:type\" content=\"article\" \/>\n<meta property=\"og:title\" content=\"Vereador e 14 pessoas s\u00e3o presas por envolvimento com fac\u00e7\u00e3o criminosa na Bahia - Sudoesteacontece\" \/>\n<meta property=\"og:description\" content=\"Um vereador de Ubaitaba, George Everton Santana (PCdoB), foi preso na quinta-feira (30) durante a opera\u00e7\u00e3o \u2018Frater Dominus\u2019, deflagrada pela For\u00e7a Integrada de Combate ao Crime Organizado (Ficco) em parceria com a SSP-BA. Al\u00e9m dele, 14 pessoas foram detidas, incluindo um assessor parlamentar, servidores p\u00fablicos e suspeitos de integrar a fac\u00e7\u00e3o criminosa Bonde do Maluco (BDM). Entre as acusa\u00e7\u00f5es est\u00e3o tr\u00e1fico de drogas, homic\u00eddios e lavagem de dinheiro. Durante a opera\u00e7\u00e3o, as autoridades apreenderam cerca de R$ 130 mil em esp\u00e9cie com o vereador. Outros investigados tiveram bens e documentos recolhidos para per\u00edcia e an\u00e1lise judicial. O vereador de Mara\u00fa, Jeazi Assun\u00e7\u00e3o da Hora (Avante), conhecido como Cara de Nike, tamb\u00e9m \u00e9 alvo da opera\u00e7\u00e3o. Ele foi apenas submetido a buscas e apreens\u00f5es nesta fase. A a\u00e7\u00e3o ainda ocorre em Sergipe. A C\u00e2mara Municipal de Ubaitaba emitiu nota afirmando apoio \u00e0 opera\u00e7\u00e3o e respeito \u00e0s leis. Comunicado destaca que a conduta do vereador \u00e9 de responsabilidade individual e n\u00e3o reflete a postura institucional da Casa Legislativa. As investiga\u00e7\u00f5es seguem em andamento para apurar a extens\u00e3o das atividades criminosas e a participa\u00e7\u00e3o de cada suspeito na organiza\u00e7\u00e3o, garantindo a responsabiliza\u00e7\u00e3o dentro da lei.\" \/>\n<meta property=\"og:url\" content=\"https:\/\/sudoesteacontece.com.br\/?p=1427\" \/>\n<meta property=\"og:site_name\" content=\"Sudoesteacontece\" \/>\n<meta property=\"article:publisher\" content=\"https:\/\/www.facebook.com\/sudoesteacontece\/?locale=pt_BR\" \/>\n<meta property=\"article:published_time\" content=\"2025-10-31T13:45:55+00:00\" \/>\n<meta property=\"article:modified_time\" content=\"2025-10-31T13:45:57+00:00\" \/>\n<meta property=\"og:image\" content=\"https:\/\/sudoesteacontece.com.br\/wp-content\/uploads\/2025\/10\/Vereador-e-14-pessoas-sao-presas-por-envolvimento-com-faccao-criminosa-na-Bahia-sudoeste-acontece.jpg\" \/>\n\t<meta property=\"og:image:width\" content=\"1200\" \/>\n\t<meta property=\"og:image:height\" content=\"840\" \/>\n\t<meta property=\"og:image:type\" content=\"image\/jpeg\" \/>\n<meta name=\"author\" content=\"Washington Tiago\" \/>\n<meta name=\"twitter:card\" content=\"summary_large_image\" \/>\n<meta name=\"twitter:label1\" content=\"Escrito por\" \/>\n\t<meta name=\"twitter:data1\" content=\"Washington Tiago\" \/>\n\t<meta name=\"twitter:label2\" content=\"Est. tempo de leitura\" \/>\n\t<meta name=\"twitter:data2\" content=\"1 minuto\" \/>\n<script type=\"application\/ld+json\" class=\"yoast-schema-graph\">{\"@context\":\"https:\/\/schema.org\",\"@graph\":[{\"@type\":\"Article\",\"@id\":\"https:\/\/sudoesteacontece.com.br\/?p=1427#article\",\"isPartOf\":{\"@id\":\"https:\/\/sudoesteacontece.com.br\/?p=1427\"},\"author\":{\"name\":\"Washington Tiago\",\"@id\":\"https:\/\/sudoesteacontece.com.br\/#\/schema\/person\/3cf2cf009926a9683ebc29d5379fa79c\"},\"headline\":\"Vereador e 14 pessoas s\u00e3o presas por envolvimento com fac\u00e7\u00e3o criminosa na Bahia\",\"datePublished\":\"2025-10-31T13:45:55+00:00\",\"dateModified\":\"2025-10-31T13:45:57+00:00\",\"mainEntityOfPage\":{\"@id\":\"https:\/\/sudoesteacontece.com.br\/?p=1427\"},\"wordCount\":226,\"commentCount\":0,\"publisher\":{\"@id\":\"https:\/\/sudoesteacontece.com.br\/#organization\"},\"image\":{\"@id\":\"https:\/\/sudoesteacontece.com.br\/?p=1427#primaryimage\"},\"thumbnailUrl\":\"https:\/\/sudoesteacontece.com.br\/wp-content\/uploads\/2025\/10\/Vereador-e-14-pessoas-sao-presas-por-envolvimento-com-faccao-criminosa-na-Bahia-sudoeste-acontece.jpg\",\"articleSection\":[\"Bahia\",\"Justi\u00e7a\",\"Pol\u00edcia\",\"Pol\u00edtica\"],\"inLanguage\":\"pt-BR\",\"potentialAction\":[{\"@type\":\"CommentAction\",\"name\":\"Comment\",\"target\":[\"https:\/\/sudoesteacontece.com.br\/?p=1427#respond\"]}]},{\"@type\":\"WebPage\",\"@id\":\"https:\/\/sudoesteacontece.com.br\/?p=1427\",\"url\":\"https:\/\/sudoesteacontece.com.br\/?p=1427\",\"name\":\"Vereador e 14 pessoas s\u00e3o presas por envolvimento com fac\u00e7\u00e3o criminosa na Bahia - Sudoesteacontece\",\"isPartOf\":{\"@id\":\"https:\/\/sudoesteacontece.com.br\/#website\"},\"primaryImageOfPage\":{\"@id\":\"https:\/\/sudoesteacontece.com.br\/?p=1427#primaryimage\"},\"image\":{\"@id\":\"https:\/\/sudoesteacontece.com.br\/?p=1427#primaryimage\"},\"thumbnailUrl\":\"https:\/\/sudoesteacontece.com.br\/wp-content\/uploads\/2025\/10\/Vereador-e-14-pessoas-sao-presas-por-envolvimento-com-faccao-criminosa-na-Bahia-sudoeste-acontece.jpg\",\"datePublished\":\"2025-10-31T13:45:55+00:00\",\"dateModified\":\"2025-10-31T13:45:57+00:00\",\"breadcrumb\":{\"@id\":\"https:\/\/sudoesteacontece.com.br\/?p=1427#breadcrumb\"},\"inLanguage\":\"pt-BR\",\"potentialAction\":[{\"@type\":\"ReadAction\",\"target\":[\"https:\/\/sudoesteacontece.com.br\/?p=1427\"]}]},{\"@type\":\"ImageObject\",\"inLanguage\":\"pt-BR\",\"@id\":\"https:\/\/sudoesteacontece.com.br\/?p=1427#primaryimage\",\"url\":\"https:\/\/sudoesteacontece.com.br\/wp-content\/uploads\/2025\/10\/Vereador-e-14-pessoas-sao-presas-por-envolvimento-com-faccao-criminosa-na-Bahia-sudoeste-acontece.jpg\",\"contentUrl\":\"https:\/\/sudoesteacontece.com.br\/wp-content\/uploads\/2025\/10\/Vereador-e-14-pessoas-sao-presas-por-envolvimento-com-faccao-criminosa-na-Bahia-sudoeste-acontece.jpg\",\"width\":1200,\"height\":840},{\"@type\":\"BreadcrumbList\",\"@id\":\"https:\/\/sudoesteacontece.com.br\/?p=1427#breadcrumb\",\"itemListElement\":[{\"@type\":\"ListItem\",\"position\":1,\"name\":\"In\u00edcio\",\"item\":\"https:\/\/sudoesteacontece.com.br\/\"},{\"@type\":\"ListItem\",\"position\":2,\"name\":\"Vereador e 14 pessoas s\u00e3o presas por envolvimento com fac\u00e7\u00e3o criminosa na Bahia\"}]},{\"@type\":\"WebSite\",\"@id\":\"https:\/\/sudoesteacontece.com.br\/#website\",\"url\":\"https:\/\/sudoesteacontece.com.br\/\",\"name\":\"Sudoesteacontece\",\"description\":\"\",\"publisher\":{\"@id\":\"https:\/\/sudoesteacontece.com.br\/#organization\"},\"potentialAction\":[{\"@type\":\"SearchAction\",\"target\":{\"@type\":\"EntryPoint\",\"urlTemplate\":\"https:\/\/sudoesteacontece.com.br\/?s={search_term_string}\"},\"query-input\":{\"@type\":\"PropertyValueSpecification\",\"valueRequired\":true,\"valueName\":\"search_term_string\"}}],\"inLanguage\":\"pt-BR\"},{\"@type\":\"Organization\",\"@id\":\"https:\/\/sudoesteacontece.com.br\/#organization\",\"name\":\"Sudoesteacontece\",\"url\":\"https:\/\/sudoesteacontece.com.br\/\",\"logo\":{\"@type\":\"ImageObject\",\"inLanguage\":\"pt-BR\",\"@id\":\"https:\/\/sudoesteacontece.com.br\/#\/schema\/logo\/image\/\",\"url\":\"https:\/\/sudoesteacontece.com.br\/wp-content\/uploads\/2025\/12\/cropped-logo-2-180x180-1.png\",\"contentUrl\":\"https:\/\/sudoesteacontece.com.br\/wp-content\/uploads\/2025\/12\/cropped-logo-2-180x180-1.png\",\"width\":180,\"height\":180,\"caption\":\"Sudoesteacontece\"},\"image\":{\"@id\":\"https:\/\/sudoesteacontece.com.br\/#\/schema\/logo\/image\/\"},\"sameAs\":[\"https:\/\/www.facebook.com\/sudoesteacontece\/?locale=pt_BR\"]},{\"@type\":\"Person\",\"@id\":\"https:\/\/sudoesteacontece.com.br\/#\/schema\/person\/3cf2cf009926a9683ebc29d5379fa79c\",\"name\":\"Washington Tiago\",\"image\":{\"@type\":\"ImageObject\",\"inLanguage\":\"pt-BR\",\"@id\":\"https:\/\/sudoesteacontece.com.br\/#\/schema\/person\/image\/\",\"url\":\"https:\/\/secure.gravatar.com\/avatar\/33c43b8668157e040f9d1fe93c354bf087cbd8ba36270c1163198bd3ddcf2a56?s=96&d=mm&r=g\",\"contentUrl\":\"https:\/\/secure.gravatar.com\/avatar\/33c43b8668157e040f9d1fe93c354bf087cbd8ba36270c1163198bd3ddcf2a56?s=96&d=mm&r=g\",\"caption\":\"Washington Tiago\"},\"url\":\"https:\/\/sudoesteacontece.com.br\/?author=2\"}]}<\/script>\n<!-- \/ Yoast SEO plugin. -->","yoast_head_json":{"title":"Vereador e 14 pessoas s\u00e3o presas por envolvimento com fac\u00e7\u00e3o criminosa na Bahia - Sudoesteacontece","robots":{"index":"index","follow":"follow","max-snippet":"max-snippet:-1","max-image-preview":"max-image-preview:large","max-video-preview":"max-video-preview:-1"},"canonical":"https:\/\/sudoesteacontece.com.br\/?p=1427","og_locale":"pt_BR","og_type":"article","og_title":"Vereador e 14 pessoas s\u00e3o presas por envolvimento com fac\u00e7\u00e3o criminosa na Bahia - Sudoesteacontece","og_description":"Um vereador de Ubaitaba, George Everton Santana (PCdoB), foi preso na quinta-feira (30) durante a opera\u00e7\u00e3o \u2018Frater Dominus\u2019, deflagrada pela For\u00e7a Integrada de Combate ao Crime Organizado (Ficco) em parceria com a SSP-BA. Al\u00e9m dele, 14 pessoas foram detidas, incluindo um assessor parlamentar, servidores p\u00fablicos e suspeitos de integrar a fac\u00e7\u00e3o criminosa Bonde do Maluco (BDM). Entre as acusa\u00e7\u00f5es est\u00e3o tr\u00e1fico de drogas, homic\u00eddios e lavagem de dinheiro. Durante a opera\u00e7\u00e3o, as autoridades apreenderam cerca de R$ 130 mil em esp\u00e9cie com o vereador. Outros investigados tiveram bens e documentos recolhidos para per\u00edcia e an\u00e1lise judicial. O vereador de Mara\u00fa, Jeazi Assun\u00e7\u00e3o da Hora (Avante), conhecido como Cara de Nike, tamb\u00e9m \u00e9 alvo da opera\u00e7\u00e3o. Ele foi apenas submetido a buscas e apreens\u00f5es nesta fase. A a\u00e7\u00e3o ainda ocorre em Sergipe. A C\u00e2mara Municipal de Ubaitaba emitiu nota afirmando apoio \u00e0 opera\u00e7\u00e3o e respeito \u00e0s leis. Comunicado destaca que a conduta do vereador \u00e9 de responsabilidade individual e n\u00e3o reflete a postura institucional da Casa Legislativa. As investiga\u00e7\u00f5es seguem em andamento para apurar a extens\u00e3o das atividades criminosas e a participa\u00e7\u00e3o de cada suspeito na organiza\u00e7\u00e3o, garantindo a responsabiliza\u00e7\u00e3o dentro da lei.","og_url":"https:\/\/sudoesteacontece.com.br\/?p=1427","og_site_name":"Sudoesteacontece","article_publisher":"https:\/\/www.facebook.com\/sudoesteacontece\/?locale=pt_BR","article_published_time":"2025-10-31T13:45:55+00:00","article_modified_time":"2025-10-31T13:45:57+00:00","og_image":[{"width":1200,"height":840,"url":"https:\/\/sudoesteacontece.com.br\/wp-content\/uploads\/2025\/10\/Vereador-e-14-pessoas-sao-presas-por-envolvimento-com-faccao-criminosa-na-Bahia-sudoeste-acontece.jpg","type":"image\/jpeg"}],"author":"Washington Tiago","twitter_card":"summary_large_image","twitter_misc":{"Escrito por":"Washington Tiago","Est. tempo de leitura":"1 minuto"},"schema":{"@context":"https:\/\/schema.org","@graph":[{"@type":"Article","@id":"https:\/\/sudoesteacontece.com.br\/?p=1427#article","isPartOf":{"@id":"https:\/\/sudoesteacontece.com.br\/?p=1427"},"author":{"name":"Washington Tiago","@id":"https:\/\/sudoesteacontece.com.br\/#\/schema\/person\/3cf2cf009926a9683ebc29d5379fa79c"},"headline":"Vereador e 14 pessoas s\u00e3o presas por envolvimento com fac\u00e7\u00e3o criminosa na Bahia","datePublished":"2025-10-31T13:45:55+00:00","dateModified":"2025-10-31T13:45:57+00:00","mainEntityOfPage":{"@id":"https:\/\/sudoesteacontece.com.br\/?p=1427"},"wordCount":226,"commentCount":0,"publisher":{"@id":"https:\/\/sudoesteacontece.com.br\/#organization"},"image":{"@id":"https:\/\/sudoesteacontece.com.br\/?p=1427#primaryimage"},"thumbnailUrl":"https:\/\/sudoesteacontece.com.br\/wp-content\/uploads\/2025\/10\/Vereador-e-14-pessoas-sao-presas-por-envolvimento-com-faccao-criminosa-na-Bahia-sudoeste-acontece.jpg","articleSection":["Bahia","Justi\u00e7a","Pol\u00edcia","Pol\u00edtica"],"inLanguage":"pt-BR","potentialAction":[{"@type":"CommentAction","name":"Comment","target":["https:\/\/sudoesteacontece.com.br\/?p=1427#respond"]}]},{"@type":"WebPage","@id":"https:\/\/sudoesteacontece.com.br\/?p=1427","url":"https:\/\/sudoesteacontece.com.br\/?p=1427","name":"Vereador e 14 pessoas s\u00e3o presas por envolvimento com fac\u00e7\u00e3o criminosa na Bahia - Sudoesteacontece","isPartOf":{"@id":"https:\/\/sudoesteacontece.com.br\/#website"},"primaryImageOfPage":{"@id":"https:\/\/sudoesteacontece.com.br\/?p=1427#primaryimage"},"image":{"@id":"https:\/\/sudoesteacontece.com.br\/?p=1427#primaryimage"},"thumbnailUrl":"https:\/\/sudoesteacontece.com.br\/wp-content\/uploads\/2025\/10\/Vereador-e-14-pessoas-sao-presas-por-envolvimento-com-faccao-criminosa-na-Bahia-sudoeste-acontece.jpg","datePublished":"2025-10-31T13:45:55+00:00","dateModified":"2025-10-31T13:45:57+00:00","breadcrumb":{"@id":"https:\/\/sudoesteacontece.com.br\/?p=1427#breadcrumb"},"inLanguage":"pt-BR","potentialAction":[{"@type":"ReadAction","target":["https:\/\/sudoesteacontece.com.br\/?p=1427"]}]},{"@type":"ImageObject","inLanguage":"pt-BR","@id":"https:\/\/sudoesteacontece.com.br\/?p=1427#primaryimage","url":"https:\/\/sudoesteacontece.com.br\/wp-content\/uploads\/2025\/10\/Vereador-e-14-pessoas-sao-presas-por-envolvimento-com-faccao-criminosa-na-Bahia-sudoeste-acontece.jpg","contentUrl":"https:\/\/sudoesteacontece.com.br\/wp-content\/uploads\/2025\/10\/Vereador-e-14-pessoas-sao-presas-por-envolvimento-com-faccao-criminosa-na-Bahia-sudoeste-acontece.jpg","width":1200,"height":840},{"@type":"BreadcrumbList","@id":"https:\/\/sudoesteacontece.com.br\/?p=1427#breadcrumb","itemListElement":[{"@type":"ListItem","position":1,"name":"In\u00edcio","item":"https:\/\/sudoesteacontece.com.br\/"},{"@type":"ListItem","position":2,"name":"Vereador e 14 pessoas s\u00e3o presas por envolvimento com fac\u00e7\u00e3o criminosa na Bahia"}]},{"@type":"WebSite","@id":"https:\/\/sudoesteacontece.com.br\/#website","url":"https:\/\/sudoesteacontece.com.br\/","name":"Sudoesteacontece","description":"","publisher":{"@id":"https:\/\/sudoesteacontece.com.br\/#organization"},"potentialAction":[{"@type":"SearchAction","target":{"@type":"EntryPoint","urlTemplate":"https:\/\/sudoesteacontece.com.br\/?s={search_term_string}"},"query-input":{"@type":"PropertyValueSpecification","valueRequired":true,"valueName":"search_term_string"}}],"inLanguage":"pt-BR"},{"@type":"Organization","@id":"https:\/\/sudoesteacontece.com.br\/#organization","name":"Sudoesteacontece","url":"https:\/\/sudoesteacontece.com.br\/","logo":{"@type":"ImageObject","inLanguage":"pt-BR","@id":"https:\/\/sudoesteacontece.com.br\/#\/schema\/logo\/image\/","url":"https:\/\/sudoesteacontece.com.br\/wp-content\/uploads\/2025\/12\/cropped-logo-2-180x180-1.png","contentUrl":"https:\/\/sudoesteacontece.com.br\/wp-content\/uploads\/2025\/12\/cropped-logo-2-180x180-1.png","width":180,"height":180,"caption":"Sudoesteacontece"},"image":{"@id":"https:\/\/sudoesteacontece.com.br\/#\/schema\/logo\/image\/"},"sameAs":["https:\/\/www.facebook.com\/sudoesteacontece\/?locale=pt_BR"]},{"@type":"Person","@id":"https:\/\/sudoesteacontece.com.br\/#\/schema\/person\/3cf2cf009926a9683ebc29d5379fa79c","name":"Washington Tiago","image":{"@type":"ImageObject","inLanguage":"pt-BR","@id":"https:\/\/sudoesteacontece.com.br\/#\/schema\/person\/image\/","url":"https:\/\/secure.gravatar.com\/avatar\/33c43b8668157e040f9d1fe93c354bf087cbd8ba36270c1163198bd3ddcf2a56?s=96&d=mm&r=g","contentUrl":"https:\/\/secure.gravatar.com\/avatar\/33c43b8668157e040f9d1fe93c354bf087cbd8ba36270c1163198bd3ddcf2a56?s=96&d=mm&r=g","caption":"Washington Tiago"},"url":"https:\/\/sudoesteacontece.com.br\/?author=2"}]}},"_links":{"self":[{"href":"https:\/\/sudoesteacontece.com.br\/index.php?rest_route=\/wp\/v2\/posts\/1427","targetHints":{"allow":["GET"]}}],"collection":[{"href":"https:\/\/sudoesteacontece.com.br\/index.php?rest_route=\/wp\/v2\/posts"}],"about":[{"href":"https:\/\/sudoesteacontece.com.br\/index.php?rest_route=\/wp\/v2\/types\/post"}],"author":[{"embeddable":true,"href":"https:\/\/sudoesteacontece.com.br\/index.php?rest_route=\/wp\/v2\/users\/2"}],"replies":[{"embeddable":true,"href":"https:\/\/sudoesteacontece.com.br\/index.php?rest_route=%2Fwp%2Fv2%2Fcomments&post=1427"}],"version-history":[{"count":0,"href":"https:\/\/sudoesteacontece.com.br\/index.php?rest_route=\/wp\/v2\/posts\/1427\/revisions"}],"wp:featuredmedia":[{"embeddable":true,"href":"https:\/\/sudoesteacontece.com.br\/index.php?rest_route=\/wp\/v2\/media\/1457"}],"wp:attachment":[{"href":"https:\/\/sudoesteacontece.com.br\/index.php?rest_route=%2Fwp%2Fv2%2Fmedia&parent=1427"}],"wp:term":[{"taxonomy":"category","embeddable":true,"href":"https:\/\/sudoesteacontece.com.br\/index.php?rest_route=%2Fwp%2Fv2%2Fcategories&post=1427"},{"taxonomy":"post_tag","embeddable":true,"href":"https:\/\/sudoesteacontece.com.br\/index.php?rest_route=%2Fwp%2Fv2%2Ftags&post=1427"}],"curies":[{"name":"wp","href":"https:\/\/api.w.org\/{rel}","templated":true}]}}