{"id":1428,"date":"2025-10-31T11:07:23","date_gmt":"2025-10-31T14:07:23","guid":{"rendered":"https:\/\/sudoesteacontece.com.br\/?p=1428"},"modified":"2025-10-31T11:07:25","modified_gmt":"2025-10-31T14:07:25","slug":"estudantes-do-ifba-brumado-embarcam-para-jogos-integradores-e-culturais-da-rede-federal","status":"publish","type":"post","link":"https:\/\/sudoesteacontece.com.br\/?p=1428","title":{"rendered":"Estudantes do IFBA Brumado embarcam para Jogos Integradores e Culturais da Rede Federal"},"content":{"rendered":"<div class=\"wp-block-image\">\n<figure class=\"aligncenter size-full\"><img fetchpriority=\"high\" decoding=\"async\" width=\"750\" height=\"500\" src=\"http:\/\/sudoesteacontece.com.br\/wp-content\/uploads\/2025\/10\/Estudantes-do-IFBA-Brumado-embarcam-para-Jogos-Integradores-e-Culturais-da-Rede-Federal-sudoeste-acontece.webp\" alt=\"\" class=\"wp-image-1461\" srcset=\"https:\/\/sudoesteacontece.com.br\/wp-content\/uploads\/2025\/10\/Estudantes-do-IFBA-Brumado-embarcam-para-Jogos-Integradores-e-Culturais-da-Rede-Federal-sudoeste-acontece.webp 750w, https:\/\/sudoesteacontece.com.br\/wp-content\/uploads\/2025\/10\/Estudantes-do-IFBA-Brumado-embarcam-para-Jogos-Integradores-e-Culturais-da-Rede-Federal-sudoeste-acontece-300x200.webp 300w\" sizes=\"(max-width: 750px) 100vw, 750px\" \/><\/figure>\n<\/div>\n\n\n<p>Delega\u00e7\u00e3o do IFBA Campus Brumado embarcou para a edi\u00e7\u00e3o 2025 dos Jogos Integradores do IFBA (JIFBA) e dos Jogos Ind\u00edgenas e Africanos (JOIDAF). Os eventos re\u00fanem estudantes de toda a Rede Federal. Os alunos-atletas representar\u00e3o o campus em diversas modalidades esportivas, com dedica\u00e7\u00e3o e esp\u00edrito de equipe. <\/p>\n\n\n\n<p>A\u00e7\u00e3o fortalece a integra\u00e7\u00e3o entre os campi e promove o desenvolvimento f\u00edsico e social dos estudantes. O embarque contou com apoio da comunidade acad\u00eamica, composta por servidores e integrantes do projeto Esporte Mais, respons\u00e1vel por incentivar a pr\u00e1tica esportiva nas escolas e campi do IFBA. <\/p>\n\n\n\n<p>As competi\u00e7\u00f5es ter\u00e3o transmiss\u00e3o e atualiza\u00e7\u00f5es nas redes sociais oficiais do IFBA e dos projetos parceiros, garantindo que familiares e estudantes acompanhem os resultados em tempo real. A expectativa \u00e9 que os jogos proporcionem novas experi\u00eancias aos participantes, reforcem o sentimento de pertencimento e estimulem a conviv\u00eancia, a diversidade e a cultura entre os estudantes.<\/p>\n","protected":false},"excerpt":{"rendered":"<p>Delega\u00e7\u00e3o do IFBA Campus Brumado embarcou para a edi\u00e7\u00e3o 2025 dos Jogos Integradores do IFBA (JIFBA) e dos Jogos Ind\u00edgenas e Africanos (JOIDAF). Os eventos re\u00fanem estudantes de toda a Rede Federal. Os alunos-atletas representar\u00e3o o campus em diversas modalidades esportivas, com dedica\u00e7\u00e3o e esp\u00edrito de equipe. A\u00e7\u00e3o fortalece a integra\u00e7\u00e3o entre os campi e promove o desenvolvimento f\u00edsico e social dos estudantes. O embarque contou com apoio da comunidade acad\u00eamica, composta por servidores e integrantes do projeto Esporte Mais, respons\u00e1vel por incentivar a pr\u00e1tica esportiva nas escolas e campi do IFBA. As competi\u00e7\u00f5es ter\u00e3o transmiss\u00e3o e atualiza\u00e7\u00f5es nas redes sociais oficiais do IFBA e dos projetos parceiros, garantindo que familiares e estudantes acompanhem os resultados em tempo real. A expectativa \u00e9 que os jogos proporcionem novas experi\u00eancias aos participantes, reforcem o sentimento de pertencimento e estimulem a conviv\u00eancia, a diversidade e a cultura entre os estudantes.<\/p>\n","protected":false},"author":2,"featured_media":1461,"comment_status":"open","ping_status":"open","sticky":false,"template":"","format":"standard","meta":{"footnotes":""},"categories":[10,43,52],"tags":[],"class_list":["post-1428","post","type-post","status-publish","format-standard","has-post-thumbnail","hentry","category-brumado","category-educacao","category-esporte"],"yoast_head":"<!-- This site is optimized with the Yoast SEO plugin v26.5 - https:\/\/yoast.com\/wordpress\/plugins\/seo\/ -->\n<title>Estudantes do IFBA Brumado embarcam para Jogos Integradores e Culturais da Rede Federal - Sudoesteacontece<\/title>\n<meta name=\"robots\" content=\"index, follow, max-snippet:-1, max-image-preview:large, max-video-preview:-1\" \/>\n<link rel=\"canonical\" href=\"https:\/\/sudoesteacontece.com.br\/?p=1428\" \/>\n<meta property=\"og:locale\" content=\"pt_BR\" \/>\n<meta property=\"og:type\" content=\"article\" \/>\n<meta property=\"og:title\" content=\"Estudantes do IFBA Brumado embarcam para Jogos Integradores e Culturais da Rede Federal - Sudoesteacontece\" \/>\n<meta property=\"og:description\" content=\"Delega\u00e7\u00e3o do IFBA Campus Brumado embarcou para a edi\u00e7\u00e3o 2025 dos Jogos Integradores do IFBA (JIFBA) e dos Jogos Ind\u00edgenas e Africanos (JOIDAF). Os eventos re\u00fanem estudantes de toda a Rede Federal. Os alunos-atletas representar\u00e3o o campus em diversas modalidades esportivas, com dedica\u00e7\u00e3o e esp\u00edrito de equipe. A\u00e7\u00e3o fortalece a integra\u00e7\u00e3o entre os campi e promove o desenvolvimento f\u00edsico e social dos estudantes. O embarque contou com apoio da comunidade acad\u00eamica, composta por servidores e integrantes do projeto Esporte Mais, respons\u00e1vel por incentivar a pr\u00e1tica esportiva nas escolas e campi do IFBA. As competi\u00e7\u00f5es ter\u00e3o transmiss\u00e3o e atualiza\u00e7\u00f5es nas redes sociais oficiais do IFBA e dos projetos parceiros, garantindo que familiares e estudantes acompanhem os resultados em tempo real. A expectativa \u00e9 que os jogos proporcionem novas experi\u00eancias aos participantes, reforcem o sentimento de pertencimento e estimulem a conviv\u00eancia, a diversidade e a cultura entre os estudantes.\" \/>\n<meta property=\"og:url\" content=\"https:\/\/sudoesteacontece.com.br\/?p=1428\" \/>\n<meta property=\"og:site_name\" content=\"Sudoesteacontece\" \/>\n<meta property=\"article:publisher\" content=\"https:\/\/www.facebook.com\/sudoesteacontece\/?locale=pt_BR\" \/>\n<meta property=\"article:published_time\" content=\"2025-10-31T14:07:23+00:00\" \/>\n<meta property=\"article:modified_time\" content=\"2025-10-31T14:07:25+00:00\" \/>\n<meta property=\"og:image\" content=\"https:\/\/sudoesteacontece.com.br\/wp-content\/uploads\/2025\/10\/Estudantes-do-IFBA-Brumado-embarcam-para-Jogos-Integradores-e-Culturais-da-Rede-Federal-sudoeste-acontece.webp\" \/>\n\t<meta property=\"og:image:width\" content=\"750\" \/>\n\t<meta property=\"og:image:height\" content=\"500\" \/>\n\t<meta property=\"og:image:type\" content=\"image\/webp\" \/>\n<meta name=\"author\" content=\"Washington Tiago\" \/>\n<meta name=\"twitter:card\" content=\"summary_large_image\" \/>\n<meta name=\"twitter:label1\" content=\"Escrito por\" \/>\n\t<meta name=\"twitter:data1\" content=\"Washington Tiago\" \/>\n\t<meta name=\"twitter:label2\" content=\"Est. tempo de leitura\" \/>\n\t<meta name=\"twitter:data2\" content=\"1 minuto\" \/>\n<script type=\"application\/ld+json\" class=\"yoast-schema-graph\">{\"@context\":\"https:\/\/schema.org\",\"@graph\":[{\"@type\":\"Article\",\"@id\":\"https:\/\/sudoesteacontece.com.br\/?p=1428#article\",\"isPartOf\":{\"@id\":\"https:\/\/sudoesteacontece.com.br\/?p=1428\"},\"author\":{\"name\":\"Washington Tiago\",\"@id\":\"https:\/\/sudoesteacontece.com.br\/#\/schema\/person\/3cf2cf009926a9683ebc29d5379fa79c\"},\"headline\":\"Estudantes do IFBA Brumado embarcam para Jogos Integradores e Culturais da Rede Federal\",\"datePublished\":\"2025-10-31T14:07:23+00:00\",\"dateModified\":\"2025-10-31T14:07:25+00:00\",\"mainEntityOfPage\":{\"@id\":\"https:\/\/sudoesteacontece.com.br\/?p=1428\"},\"wordCount\":177,\"commentCount\":0,\"publisher\":{\"@id\":\"https:\/\/sudoesteacontece.com.br\/#organization\"},\"image\":{\"@id\":\"https:\/\/sudoesteacontece.com.br\/?p=1428#primaryimage\"},\"thumbnailUrl\":\"https:\/\/sudoesteacontece.com.br\/wp-content\/uploads\/2025\/10\/Estudantes-do-IFBA-Brumado-embarcam-para-Jogos-Integradores-e-Culturais-da-Rede-Federal-sudoeste-acontece.webp\",\"articleSection\":[\"Brumado\",\"Educa\u00e7\u00e3o\",\"Esporte\"],\"inLanguage\":\"pt-BR\",\"potentialAction\":[{\"@type\":\"CommentAction\",\"name\":\"Comment\",\"target\":[\"https:\/\/sudoesteacontece.com.br\/?p=1428#respond\"]}]},{\"@type\":\"WebPage\",\"@id\":\"https:\/\/sudoesteacontece.com.br\/?p=1428\",\"url\":\"https:\/\/sudoesteacontece.com.br\/?p=1428\",\"name\":\"Estudantes do IFBA Brumado embarcam para Jogos Integradores e Culturais da Rede Federal - Sudoesteacontece\",\"isPartOf\":{\"@id\":\"https:\/\/sudoesteacontece.com.br\/#website\"},\"primaryImageOfPage\":{\"@id\":\"https:\/\/sudoesteacontece.com.br\/?p=1428#primaryimage\"},\"image\":{\"@id\":\"https:\/\/sudoesteacontece.com.br\/?p=1428#primaryimage\"},\"thumbnailUrl\":\"https:\/\/sudoesteacontece.com.br\/wp-content\/uploads\/2025\/10\/Estudantes-do-IFBA-Brumado-embarcam-para-Jogos-Integradores-e-Culturais-da-Rede-Federal-sudoeste-acontece.webp\",\"datePublished\":\"2025-10-31T14:07:23+00:00\",\"dateModified\":\"2025-10-31T14:07:25+00:00\",\"breadcrumb\":{\"@id\":\"https:\/\/sudoesteacontece.com.br\/?p=1428#breadcrumb\"},\"inLanguage\":\"pt-BR\",\"potentialAction\":[{\"@type\":\"ReadAction\",\"target\":[\"https:\/\/sudoesteacontece.com.br\/?p=1428\"]}]},{\"@type\":\"ImageObject\",\"inLanguage\":\"pt-BR\",\"@id\":\"https:\/\/sudoesteacontece.com.br\/?p=1428#primaryimage\",\"url\":\"https:\/\/sudoesteacontece.com.br\/wp-content\/uploads\/2025\/10\/Estudantes-do-IFBA-Brumado-embarcam-para-Jogos-Integradores-e-Culturais-da-Rede-Federal-sudoeste-acontece.webp\",\"contentUrl\":\"https:\/\/sudoesteacontece.com.br\/wp-content\/uploads\/2025\/10\/Estudantes-do-IFBA-Brumado-embarcam-para-Jogos-Integradores-e-Culturais-da-Rede-Federal-sudoeste-acontece.webp\",\"width\":750,\"height\":500},{\"@type\":\"BreadcrumbList\",\"@id\":\"https:\/\/sudoesteacontece.com.br\/?p=1428#breadcrumb\",\"itemListElement\":[{\"@type\":\"ListItem\",\"position\":1,\"name\":\"In\u00edcio\",\"item\":\"https:\/\/sudoesteacontece.com.br\/\"},{\"@type\":\"ListItem\",\"position\":2,\"name\":\"Estudantes do IFBA Brumado embarcam para Jogos Integradores e Culturais da Rede Federal\"}]},{\"@type\":\"WebSite\",\"@id\":\"https:\/\/sudoesteacontece.com.br\/#website\",\"url\":\"https:\/\/sudoesteacontece.com.br\/\",\"name\":\"Sudoesteacontece\",\"description\":\"\",\"publisher\":{\"@id\":\"https:\/\/sudoesteacontece.com.br\/#organization\"},\"potentialAction\":[{\"@type\":\"SearchAction\",\"target\":{\"@type\":\"EntryPoint\",\"urlTemplate\":\"https:\/\/sudoesteacontece.com.br\/?s={search_term_string}\"},\"query-input\":{\"@type\":\"PropertyValueSpecification\",\"valueRequired\":true,\"valueName\":\"search_term_string\"}}],\"inLanguage\":\"pt-BR\"},{\"@type\":\"Organization\",\"@id\":\"https:\/\/sudoesteacontece.com.br\/#organization\",\"name\":\"Sudoesteacontece\",\"url\":\"https:\/\/sudoesteacontece.com.br\/\",\"logo\":{\"@type\":\"ImageObject\",\"inLanguage\":\"pt-BR\",\"@id\":\"https:\/\/sudoesteacontece.com.br\/#\/schema\/logo\/image\/\",\"url\":\"https:\/\/sudoesteacontece.com.br\/wp-content\/uploads\/2025\/12\/cropped-logo-2-180x180-1.png\",\"contentUrl\":\"https:\/\/sudoesteacontece.com.br\/wp-content\/uploads\/2025\/12\/cropped-logo-2-180x180-1.png\",\"width\":180,\"height\":180,\"caption\":\"Sudoesteacontece\"},\"image\":{\"@id\":\"https:\/\/sudoesteacontece.com.br\/#\/schema\/logo\/image\/\"},\"sameAs\":[\"https:\/\/www.facebook.com\/sudoesteacontece\/?locale=pt_BR\"]},{\"@type\":\"Person\",\"@id\":\"https:\/\/sudoesteacontece.com.br\/#\/schema\/person\/3cf2cf009926a9683ebc29d5379fa79c\",\"name\":\"Washington Tiago\",\"image\":{\"@type\":\"ImageObject\",\"inLanguage\":\"pt-BR\",\"@id\":\"https:\/\/sudoesteacontece.com.br\/#\/schema\/person\/image\/\",\"url\":\"https:\/\/secure.gravatar.com\/avatar\/33c43b8668157e040f9d1fe93c354bf087cbd8ba36270c1163198bd3ddcf2a56?s=96&d=mm&r=g\",\"contentUrl\":\"https:\/\/secure.gravatar.com\/avatar\/33c43b8668157e040f9d1fe93c354bf087cbd8ba36270c1163198bd3ddcf2a56?s=96&d=mm&r=g\",\"caption\":\"Washington Tiago\"},\"url\":\"https:\/\/sudoesteacontece.com.br\/?author=2\"}]}<\/script>\n<!-- \/ Yoast SEO plugin. -->","yoast_head_json":{"title":"Estudantes do IFBA Brumado embarcam para Jogos Integradores e Culturais da Rede Federal - Sudoesteacontece","robots":{"index":"index","follow":"follow","max-snippet":"max-snippet:-1","max-image-preview":"max-image-preview:large","max-video-preview":"max-video-preview:-1"},"canonical":"https:\/\/sudoesteacontece.com.br\/?p=1428","og_locale":"pt_BR","og_type":"article","og_title":"Estudantes do IFBA Brumado embarcam para Jogos Integradores e Culturais da Rede Federal - Sudoesteacontece","og_description":"Delega\u00e7\u00e3o do IFBA Campus Brumado embarcou para a edi\u00e7\u00e3o 2025 dos Jogos Integradores do IFBA (JIFBA) e dos Jogos Ind\u00edgenas e Africanos (JOIDAF). Os eventos re\u00fanem estudantes de toda a Rede Federal. Os alunos-atletas representar\u00e3o o campus em diversas modalidades esportivas, com dedica\u00e7\u00e3o e esp\u00edrito de equipe. A\u00e7\u00e3o fortalece a integra\u00e7\u00e3o entre os campi e promove o desenvolvimento f\u00edsico e social dos estudantes. O embarque contou com apoio da comunidade acad\u00eamica, composta por servidores e integrantes do projeto Esporte Mais, respons\u00e1vel por incentivar a pr\u00e1tica esportiva nas escolas e campi do IFBA. As competi\u00e7\u00f5es ter\u00e3o transmiss\u00e3o e atualiza\u00e7\u00f5es nas redes sociais oficiais do IFBA e dos projetos parceiros, garantindo que familiares e estudantes acompanhem os resultados em tempo real. A expectativa \u00e9 que os jogos proporcionem novas experi\u00eancias aos participantes, reforcem o sentimento de pertencimento e estimulem a conviv\u00eancia, a diversidade e a cultura entre os estudantes.","og_url":"https:\/\/sudoesteacontece.com.br\/?p=1428","og_site_name":"Sudoesteacontece","article_publisher":"https:\/\/www.facebook.com\/sudoesteacontece\/?locale=pt_BR","article_published_time":"2025-10-31T14:07:23+00:00","article_modified_time":"2025-10-31T14:07:25+00:00","og_image":[{"width":750,"height":500,"url":"https:\/\/sudoesteacontece.com.br\/wp-content\/uploads\/2025\/10\/Estudantes-do-IFBA-Brumado-embarcam-para-Jogos-Integradores-e-Culturais-da-Rede-Federal-sudoeste-acontece.webp","type":"image\/webp"}],"author":"Washington Tiago","twitter_card":"summary_large_image","twitter_misc":{"Escrito por":"Washington Tiago","Est. tempo de leitura":"1 minuto"},"schema":{"@context":"https:\/\/schema.org","@graph":[{"@type":"Article","@id":"https:\/\/sudoesteacontece.com.br\/?p=1428#article","isPartOf":{"@id":"https:\/\/sudoesteacontece.com.br\/?p=1428"},"author":{"name":"Washington Tiago","@id":"https:\/\/sudoesteacontece.com.br\/#\/schema\/person\/3cf2cf009926a9683ebc29d5379fa79c"},"headline":"Estudantes do IFBA Brumado embarcam para Jogos Integradores e Culturais da Rede Federal","datePublished":"2025-10-31T14:07:23+00:00","dateModified":"2025-10-31T14:07:25+00:00","mainEntityOfPage":{"@id":"https:\/\/sudoesteacontece.com.br\/?p=1428"},"wordCount":177,"commentCount":0,"publisher":{"@id":"https:\/\/sudoesteacontece.com.br\/#organization"},"image":{"@id":"https:\/\/sudoesteacontece.com.br\/?p=1428#primaryimage"},"thumbnailUrl":"https:\/\/sudoesteacontece.com.br\/wp-content\/uploads\/2025\/10\/Estudantes-do-IFBA-Brumado-embarcam-para-Jogos-Integradores-e-Culturais-da-Rede-Federal-sudoeste-acontece.webp","articleSection":["Brumado","Educa\u00e7\u00e3o","Esporte"],"inLanguage":"pt-BR","potentialAction":[{"@type":"CommentAction","name":"Comment","target":["https:\/\/sudoesteacontece.com.br\/?p=1428#respond"]}]},{"@type":"WebPage","@id":"https:\/\/sudoesteacontece.com.br\/?p=1428","url":"https:\/\/sudoesteacontece.com.br\/?p=1428","name":"Estudantes do IFBA Brumado embarcam para Jogos Integradores e Culturais da Rede Federal - Sudoesteacontece","isPartOf":{"@id":"https:\/\/sudoesteacontece.com.br\/#website"},"primaryImageOfPage":{"@id":"https:\/\/sudoesteacontece.com.br\/?p=1428#primaryimage"},"image":{"@id":"https:\/\/sudoesteacontece.com.br\/?p=1428#primaryimage"},"thumbnailUrl":"https:\/\/sudoesteacontece.com.br\/wp-content\/uploads\/2025\/10\/Estudantes-do-IFBA-Brumado-embarcam-para-Jogos-Integradores-e-Culturais-da-Rede-Federal-sudoeste-acontece.webp","datePublished":"2025-10-31T14:07:23+00:00","dateModified":"2025-10-31T14:07:25+00:00","breadcrumb":{"@id":"https:\/\/sudoesteacontece.com.br\/?p=1428#breadcrumb"},"inLanguage":"pt-BR","potentialAction":[{"@type":"ReadAction","target":["https:\/\/sudoesteacontece.com.br\/?p=1428"]}]},{"@type":"ImageObject","inLanguage":"pt-BR","@id":"https:\/\/sudoesteacontece.com.br\/?p=1428#primaryimage","url":"https:\/\/sudoesteacontece.com.br\/wp-content\/uploads\/2025\/10\/Estudantes-do-IFBA-Brumado-embarcam-para-Jogos-Integradores-e-Culturais-da-Rede-Federal-sudoeste-acontece.webp","contentUrl":"https:\/\/sudoesteacontece.com.br\/wp-content\/uploads\/2025\/10\/Estudantes-do-IFBA-Brumado-embarcam-para-Jogos-Integradores-e-Culturais-da-Rede-Federal-sudoeste-acontece.webp","width":750,"height":500},{"@type":"BreadcrumbList","@id":"https:\/\/sudoesteacontece.com.br\/?p=1428#breadcrumb","itemListElement":[{"@type":"ListItem","position":1,"name":"In\u00edcio","item":"https:\/\/sudoesteacontece.com.br\/"},{"@type":"ListItem","position":2,"name":"Estudantes do IFBA Brumado embarcam para Jogos Integradores e Culturais da Rede Federal"}]},{"@type":"WebSite","@id":"https:\/\/sudoesteacontece.com.br\/#website","url":"https:\/\/sudoesteacontece.com.br\/","name":"Sudoesteacontece","description":"","publisher":{"@id":"https:\/\/sudoesteacontece.com.br\/#organization"},"potentialAction":[{"@type":"SearchAction","target":{"@type":"EntryPoint","urlTemplate":"https:\/\/sudoesteacontece.com.br\/?s={search_term_string}"},"query-input":{"@type":"PropertyValueSpecification","valueRequired":true,"valueName":"search_term_string"}}],"inLanguage":"pt-BR"},{"@type":"Organization","@id":"https:\/\/sudoesteacontece.com.br\/#organization","name":"Sudoesteacontece","url":"https:\/\/sudoesteacontece.com.br\/","logo":{"@type":"ImageObject","inLanguage":"pt-BR","@id":"https:\/\/sudoesteacontece.com.br\/#\/schema\/logo\/image\/","url":"https:\/\/sudoesteacontece.com.br\/wp-content\/uploads\/2025\/12\/cropped-logo-2-180x180-1.png","contentUrl":"https:\/\/sudoesteacontece.com.br\/wp-content\/uploads\/2025\/12\/cropped-logo-2-180x180-1.png","width":180,"height":180,"caption":"Sudoesteacontece"},"image":{"@id":"https:\/\/sudoesteacontece.com.br\/#\/schema\/logo\/image\/"},"sameAs":["https:\/\/www.facebook.com\/sudoesteacontece\/?locale=pt_BR"]},{"@type":"Person","@id":"https:\/\/sudoesteacontece.com.br\/#\/schema\/person\/3cf2cf009926a9683ebc29d5379fa79c","name":"Washington Tiago","image":{"@type":"ImageObject","inLanguage":"pt-BR","@id":"https:\/\/sudoesteacontece.com.br\/#\/schema\/person\/image\/","url":"https:\/\/secure.gravatar.com\/avatar\/33c43b8668157e040f9d1fe93c354bf087cbd8ba36270c1163198bd3ddcf2a56?s=96&d=mm&r=g","contentUrl":"https:\/\/secure.gravatar.com\/avatar\/33c43b8668157e040f9d1fe93c354bf087cbd8ba36270c1163198bd3ddcf2a56?s=96&d=mm&r=g","caption":"Washington Tiago"},"url":"https:\/\/sudoesteacontece.com.br\/?author=2"}]}},"_links":{"self":[{"href":"https:\/\/sudoesteacontece.com.br\/index.php?rest_route=\/wp\/v2\/posts\/1428","targetHints":{"allow":["GET"]}}],"collection":[{"href":"https:\/\/sudoesteacontece.com.br\/index.php?rest_route=\/wp\/v2\/posts"}],"about":[{"href":"https:\/\/sudoesteacontece.com.br\/index.php?rest_route=\/wp\/v2\/types\/post"}],"author":[{"embeddable":true,"href":"https:\/\/sudoesteacontece.com.br\/index.php?rest_route=\/wp\/v2\/users\/2"}],"replies":[{"embeddable":true,"href":"https:\/\/sudoesteacontece.com.br\/index.php?rest_route=%2Fwp%2Fv2%2Fcomments&post=1428"}],"version-history":[{"count":0,"href":"https:\/\/sudoesteacontece.com.br\/index.php?rest_route=\/wp\/v2\/posts\/1428\/revisions"}],"wp:featuredmedia":[{"embeddable":true,"href":"https:\/\/sudoesteacontece.com.br\/index.php?rest_route=\/wp\/v2\/media\/1461"}],"wp:attachment":[{"href":"https:\/\/sudoesteacontece.com.br\/index.php?rest_route=%2Fwp%2Fv2%2Fmedia&parent=1428"}],"wp:term":[{"taxonomy":"category","embeddable":true,"href":"https:\/\/sudoesteacontece.com.br\/index.php?rest_route=%2Fwp%2Fv2%2Fcategories&post=1428"},{"taxonomy":"post_tag","embeddable":true,"href":"https:\/\/sudoesteacontece.com.br\/index.php?rest_route=%2Fwp%2Fv2%2Ftags&post=1428"}],"curies":[{"name":"wp","href":"https:\/\/api.w.org\/{rel}","templated":true}]}}