{"id":1475,"date":"2025-10-31T18:03:06","date_gmt":"2025-10-31T21:03:06","guid":{"rendered":"https:\/\/sudoesteacontece.com.br\/?p=1475"},"modified":"2025-10-31T18:03:08","modified_gmt":"2025-10-31T21:03:08","slug":"fabiano-novais-apresenta-chapa-01-e-anuncia-candidatura-a-presidencia-da-cdl-brumado","status":"publish","type":"post","link":"https:\/\/sudoesteacontece.com.br\/?p=1475","title":{"rendered":"Fabiano Novais apresenta Chapa 01 e anuncia candidatura \u00e0 presid\u00eancia da CDL Brumado"},"content":{"rendered":"<div class=\"wp-block-image\">\n<figure class=\"aligncenter size-large\"><img fetchpriority=\"high\" decoding=\"async\" width=\"1024\" height=\"724\" src=\"http:\/\/sudoesteacontece.com.br\/wp-content\/uploads\/2025\/10\/Fabiano-Novais-apresenta-Chapa-01-e-anuncia-candidatura-a-presidencia-da-CDL-Brumado-sudoeste-acontece-1024x724.jpg\" alt=\"\" class=\"wp-image-1478\" srcset=\"https:\/\/sudoesteacontece.com.br\/wp-content\/uploads\/2025\/10\/Fabiano-Novais-apresenta-Chapa-01-e-anuncia-candidatura-a-presidencia-da-CDL-Brumado-sudoeste-acontece-1024x724.jpg 1024w, https:\/\/sudoesteacontece.com.br\/wp-content\/uploads\/2025\/10\/Fabiano-Novais-apresenta-Chapa-01-e-anuncia-candidatura-a-presidencia-da-CDL-Brumado-sudoeste-acontece-300x212.jpg 300w, https:\/\/sudoesteacontece.com.br\/wp-content\/uploads\/2025\/10\/Fabiano-Novais-apresenta-Chapa-01-e-anuncia-candidatura-a-presidencia-da-CDL-Brumado-sudoeste-acontece-768x543.jpg 768w, https:\/\/sudoesteacontece.com.br\/wp-content\/uploads\/2025\/10\/Fabiano-Novais-apresenta-Chapa-01-e-anuncia-candidatura-a-presidencia-da-CDL-Brumado-sudoeste-acontece.jpg 1200w\" sizes=\"(max-width: 1024px) 100vw, 1024px\" \/><\/figure>\n<\/div>\n\n\n<p>O empres\u00e1rio Fabiano Novais Leite lan\u00e7ou oficialmente a Chapa 01 para concorrer \u00e0 presid\u00eancia da C\u00e2mara de Dirigentes Lojistas (CDL) de Brumado no tri\u00eanio 2026\/2028. A candidatura foi registrada e marca a continuidade de uma gest\u00e3o que reposicionou a entidade como refer\u00eancia na Bahia. Fabiano destacou que a nova composi\u00e7\u00e3o une renova\u00e7\u00e3o e experi\u00eancia, reunindo empres\u00e1rios de diferentes segmentos do com\u00e9rcio brumadense. <\/p>\n\n\n\n<p>Segundo ele, o grupo est\u00e1 preparado para manter o crescimento institucional e fortalecer o setor lojista. \u201cNossa miss\u00e3o \u00e9 seguir fortalecendo o com\u00e9rcio local,\u201d afirmou Fabiano. Ele ressaltou que a gest\u00e3o continuar\u00e1 priorizando transpar\u00eancia, inova\u00e7\u00e3o e apoio ao empreendedorismo. A Chapa 01 \u00e9 formada por empres\u00e1rios reconhecidos na cidade.<\/p>\n\n\n\n<p>Al\u00e9m de Fabiano, que representa a Compramais, integram o grupo Orlando de F\u00e1tima Gomes (Minas Cal\u00e7ados), Eliana Ciares Martins (Lima Confec\u00e7\u00f5es), Ravena Vieira Santos (Look Modas) e Alecarlos Neves Pires (Shopping Bike). O Conselho Fiscal tamb\u00e9m foi anunciado com membros de diferentes setores. Est\u00e3o entre eles Abel Lima Matias (Salute), Tadeu Lima Silva (Armaz\u00e9m do Criador), Genevaldo Machado Cerqueira (Cerbeer) e o suplente Vitor Hugo Lima Silva (VHL Agropecu\u00e1ria).<\/p>\n\n\n\n<p>Fabiano ressaltou que cada nome representa uma empresa que acredita no associativismo. Segundo ele, a uni\u00e3o dos empreendedores \u00e9 essencial para o desenvolvimento econ\u00f4mico e social de Brumado. A elei\u00e7\u00e3o est\u00e1 marcada para o dia 25 de novembro de 2025, conforme edital publicado. Nas pr\u00f3ximas semanas, a chapa deve apresentar suas propostas e projetos para o pr\u00f3ximo mandato.<\/p>\n\n\n\n<p>O candidato reafirmou seu compromisso com uma CDL moderna e participativa. \u201cSeguiremos trabalhando com di\u00e1logo, inova\u00e7\u00e3o e responsabilidade. Brumado merece uma entidade cada vez mais forte e din\u00e2mica\u201d, completou.<\/p>\n\n\n\n<p><\/p>\n","protected":false},"excerpt":{"rendered":"<p>O empres\u00e1rio Fabiano Novais Leite lan\u00e7ou oficialmente a Chapa 01 para concorrer \u00e0 presid\u00eancia da C\u00e2mara de Dirigentes Lojistas (CDL) de Brumado no tri\u00eanio 2026\/2028. A candidatura foi registrada e marca a continuidade de uma gest\u00e3o que reposicionou a entidade como refer\u00eancia na Bahia. Fabiano destacou que a nova composi\u00e7\u00e3o une renova\u00e7\u00e3o e experi\u00eancia, reunindo empres\u00e1rios de diferentes segmentos do com\u00e9rcio brumadense. Segundo ele, o grupo est\u00e1 preparado para manter o crescimento institucional e fortalecer o setor lojista. \u201cNossa miss\u00e3o \u00e9 seguir fortalecendo o com\u00e9rcio local,\u201d afirmou Fabiano. Ele ressaltou que a gest\u00e3o continuar\u00e1 priorizando transpar\u00eancia, inova\u00e7\u00e3o e apoio ao empreendedorismo. A Chapa 01 \u00e9 formada por empres\u00e1rios reconhecidos na cidade. Al\u00e9m de Fabiano, que representa a Compramais, integram o grupo Orlando de F\u00e1tima Gomes (Minas Cal\u00e7ados), Eliana Ciares Martins (Lima Confec\u00e7\u00f5es), Ravena Vieira Santos (Look Modas) e Alecarlos Neves Pires (Shopping Bike). O Conselho Fiscal tamb\u00e9m foi anunciado com membros de diferentes setores. Est\u00e3o entre eles Abel Lima Matias (Salute), Tadeu Lima Silva (Armaz\u00e9m do Criador), Genevaldo Machado Cerqueira (Cerbeer) e o suplente Vitor Hugo Lima Silva (VHL Agropecu\u00e1ria). Fabiano ressaltou que cada nome representa uma empresa que acredita no associativismo. Segundo ele, a uni\u00e3o dos empreendedores \u00e9 essencial para o desenvolvimento econ\u00f4mico e social de Brumado. A elei\u00e7\u00e3o est\u00e1 marcada para o dia 25 de novembro de 2025, conforme edital publicado. Nas pr\u00f3ximas semanas, a chapa deve apresentar suas propostas e projetos para o pr\u00f3ximo mandato. O candidato reafirmou seu compromisso com uma CDL moderna e participativa. \u201cSeguiremos trabalhando com di\u00e1logo, inova\u00e7\u00e3o e responsabilidade. Brumado merece uma entidade cada vez mais forte e din\u00e2mica\u201d, completou.<\/p>\n","protected":false},"author":2,"featured_media":1478,"comment_status":"open","ping_status":"open","sticky":false,"template":"","format":"standard","meta":{"footnotes":""},"categories":[10,4,6],"tags":[],"class_list":["post-1475","post","type-post","status-publish","format-standard","has-post-thumbnail","hentry","category-brumado","category-cidades","category-politica"],"yoast_head":"<!-- This site is optimized with the Yoast SEO plugin v26.5 - https:\/\/yoast.com\/wordpress\/plugins\/seo\/ -->\n<title>Fabiano Novais apresenta Chapa 01 e anuncia candidatura \u00e0 presid\u00eancia da CDL Brumado - Sudoesteacontece<\/title>\n<meta name=\"robots\" content=\"index, follow, max-snippet:-1, max-image-preview:large, max-video-preview:-1\" \/>\n<link rel=\"canonical\" href=\"https:\/\/sudoesteacontece.com.br\/?p=1475\" \/>\n<meta property=\"og:locale\" content=\"pt_BR\" \/>\n<meta property=\"og:type\" content=\"article\" \/>\n<meta property=\"og:title\" content=\"Fabiano Novais apresenta Chapa 01 e anuncia candidatura \u00e0 presid\u00eancia da CDL Brumado - Sudoesteacontece\" \/>\n<meta property=\"og:description\" content=\"O empres\u00e1rio Fabiano Novais Leite lan\u00e7ou oficialmente a Chapa 01 para concorrer \u00e0 presid\u00eancia da C\u00e2mara de Dirigentes Lojistas (CDL) de Brumado no tri\u00eanio 2026\/2028. A candidatura foi registrada e marca a continuidade de uma gest\u00e3o que reposicionou a entidade como refer\u00eancia na Bahia. Fabiano destacou que a nova composi\u00e7\u00e3o une renova\u00e7\u00e3o e experi\u00eancia, reunindo empres\u00e1rios de diferentes segmentos do com\u00e9rcio brumadense. Segundo ele, o grupo est\u00e1 preparado para manter o crescimento institucional e fortalecer o setor lojista. \u201cNossa miss\u00e3o \u00e9 seguir fortalecendo o com\u00e9rcio local,\u201d afirmou Fabiano. Ele ressaltou que a gest\u00e3o continuar\u00e1 priorizando transpar\u00eancia, inova\u00e7\u00e3o e apoio ao empreendedorismo. A Chapa 01 \u00e9 formada por empres\u00e1rios reconhecidos na cidade. Al\u00e9m de Fabiano, que representa a Compramais, integram o grupo Orlando de F\u00e1tima Gomes (Minas Cal\u00e7ados), Eliana Ciares Martins (Lima Confec\u00e7\u00f5es), Ravena Vieira Santos (Look Modas) e Alecarlos Neves Pires (Shopping Bike). O Conselho Fiscal tamb\u00e9m foi anunciado com membros de diferentes setores. Est\u00e3o entre eles Abel Lima Matias (Salute), Tadeu Lima Silva (Armaz\u00e9m do Criador), Genevaldo Machado Cerqueira (Cerbeer) e o suplente Vitor Hugo Lima Silva (VHL Agropecu\u00e1ria). Fabiano ressaltou que cada nome representa uma empresa que acredita no associativismo. Segundo ele, a uni\u00e3o dos empreendedores \u00e9 essencial para o desenvolvimento econ\u00f4mico e social de Brumado. A elei\u00e7\u00e3o est\u00e1 marcada para o dia 25 de novembro de 2025, conforme edital publicado. Nas pr\u00f3ximas semanas, a chapa deve apresentar suas propostas e projetos para o pr\u00f3ximo mandato. O candidato reafirmou seu compromisso com uma CDL moderna e participativa. \u201cSeguiremos trabalhando com di\u00e1logo, inova\u00e7\u00e3o e responsabilidade. Brumado merece uma entidade cada vez mais forte e din\u00e2mica\u201d, completou.\" \/>\n<meta property=\"og:url\" content=\"https:\/\/sudoesteacontece.com.br\/?p=1475\" \/>\n<meta property=\"og:site_name\" content=\"Sudoesteacontece\" \/>\n<meta property=\"article:publisher\" content=\"https:\/\/www.facebook.com\/sudoesteacontece\/?locale=pt_BR\" \/>\n<meta property=\"article:published_time\" content=\"2025-10-31T21:03:06+00:00\" \/>\n<meta property=\"article:modified_time\" content=\"2025-10-31T21:03:08+00:00\" \/>\n<meta property=\"og:image\" content=\"https:\/\/sudoesteacontece.com.br\/wp-content\/uploads\/2025\/10\/Fabiano-Novais-apresenta-Chapa-01-e-anuncia-candidatura-a-presidencia-da-CDL-Brumado-sudoeste-acontece.jpg\" \/>\n\t<meta property=\"og:image:width\" content=\"1200\" \/>\n\t<meta property=\"og:image:height\" content=\"849\" \/>\n\t<meta property=\"og:image:type\" content=\"image\/jpeg\" \/>\n<meta name=\"author\" content=\"Washington Tiago\" \/>\n<meta name=\"twitter:card\" content=\"summary_large_image\" \/>\n<meta name=\"twitter:label1\" content=\"Escrito por\" \/>\n\t<meta name=\"twitter:data1\" content=\"Washington Tiago\" \/>\n\t<meta name=\"twitter:label2\" content=\"Est. tempo de leitura\" \/>\n\t<meta name=\"twitter:data2\" content=\"1 minuto\" \/>\n<script type=\"application\/ld+json\" class=\"yoast-schema-graph\">{\"@context\":\"https:\/\/schema.org\",\"@graph\":[{\"@type\":\"Article\",\"@id\":\"https:\/\/sudoesteacontece.com.br\/?p=1475#article\",\"isPartOf\":{\"@id\":\"https:\/\/sudoesteacontece.com.br\/?p=1475\"},\"author\":{\"name\":\"Washington Tiago\",\"@id\":\"https:\/\/sudoesteacontece.com.br\/#\/schema\/person\/3cf2cf009926a9683ebc29d5379fa79c\"},\"headline\":\"Fabiano Novais apresenta Chapa 01 e anuncia candidatura \u00e0 presid\u00eancia da CDL Brumado\",\"datePublished\":\"2025-10-31T21:03:06+00:00\",\"dateModified\":\"2025-10-31T21:03:08+00:00\",\"mainEntityOfPage\":{\"@id\":\"https:\/\/sudoesteacontece.com.br\/?p=1475\"},\"wordCount\":304,\"commentCount\":0,\"publisher\":{\"@id\":\"https:\/\/sudoesteacontece.com.br\/#organization\"},\"image\":{\"@id\":\"https:\/\/sudoesteacontece.com.br\/?p=1475#primaryimage\"},\"thumbnailUrl\":\"https:\/\/sudoesteacontece.com.br\/wp-content\/uploads\/2025\/10\/Fabiano-Novais-apresenta-Chapa-01-e-anuncia-candidatura-a-presidencia-da-CDL-Brumado-sudoeste-acontece.jpg\",\"articleSection\":[\"Brumado\",\"Cidades\",\"Pol\u00edtica\"],\"inLanguage\":\"pt-BR\",\"potentialAction\":[{\"@type\":\"CommentAction\",\"name\":\"Comment\",\"target\":[\"https:\/\/sudoesteacontece.com.br\/?p=1475#respond\"]}]},{\"@type\":\"WebPage\",\"@id\":\"https:\/\/sudoesteacontece.com.br\/?p=1475\",\"url\":\"https:\/\/sudoesteacontece.com.br\/?p=1475\",\"name\":\"Fabiano Novais apresenta Chapa 01 e anuncia candidatura \u00e0 presid\u00eancia da CDL Brumado - Sudoesteacontece\",\"isPartOf\":{\"@id\":\"https:\/\/sudoesteacontece.com.br\/#website\"},\"primaryImageOfPage\":{\"@id\":\"https:\/\/sudoesteacontece.com.br\/?p=1475#primaryimage\"},\"image\":{\"@id\":\"https:\/\/sudoesteacontece.com.br\/?p=1475#primaryimage\"},\"thumbnailUrl\":\"https:\/\/sudoesteacontece.com.br\/wp-content\/uploads\/2025\/10\/Fabiano-Novais-apresenta-Chapa-01-e-anuncia-candidatura-a-presidencia-da-CDL-Brumado-sudoeste-acontece.jpg\",\"datePublished\":\"2025-10-31T21:03:06+00:00\",\"dateModified\":\"2025-10-31T21:03:08+00:00\",\"breadcrumb\":{\"@id\":\"https:\/\/sudoesteacontece.com.br\/?p=1475#breadcrumb\"},\"inLanguage\":\"pt-BR\",\"potentialAction\":[{\"@type\":\"ReadAction\",\"target\":[\"https:\/\/sudoesteacontece.com.br\/?p=1475\"]}]},{\"@type\":\"ImageObject\",\"inLanguage\":\"pt-BR\",\"@id\":\"https:\/\/sudoesteacontece.com.br\/?p=1475#primaryimage\",\"url\":\"https:\/\/sudoesteacontece.com.br\/wp-content\/uploads\/2025\/10\/Fabiano-Novais-apresenta-Chapa-01-e-anuncia-candidatura-a-presidencia-da-CDL-Brumado-sudoeste-acontece.jpg\",\"contentUrl\":\"https:\/\/sudoesteacontece.com.br\/wp-content\/uploads\/2025\/10\/Fabiano-Novais-apresenta-Chapa-01-e-anuncia-candidatura-a-presidencia-da-CDL-Brumado-sudoeste-acontece.jpg\",\"width\":1200,\"height\":849},{\"@type\":\"BreadcrumbList\",\"@id\":\"https:\/\/sudoesteacontece.com.br\/?p=1475#breadcrumb\",\"itemListElement\":[{\"@type\":\"ListItem\",\"position\":1,\"name\":\"In\u00edcio\",\"item\":\"https:\/\/sudoesteacontece.com.br\/\"},{\"@type\":\"ListItem\",\"position\":2,\"name\":\"Fabiano Novais apresenta Chapa 01 e anuncia candidatura \u00e0 presid\u00eancia da CDL Brumado\"}]},{\"@type\":\"WebSite\",\"@id\":\"https:\/\/sudoesteacontece.com.br\/#website\",\"url\":\"https:\/\/sudoesteacontece.com.br\/\",\"name\":\"Sudoesteacontece\",\"description\":\"\",\"publisher\":{\"@id\":\"https:\/\/sudoesteacontece.com.br\/#organization\"},\"potentialAction\":[{\"@type\":\"SearchAction\",\"target\":{\"@type\":\"EntryPoint\",\"urlTemplate\":\"https:\/\/sudoesteacontece.com.br\/?s={search_term_string}\"},\"query-input\":{\"@type\":\"PropertyValueSpecification\",\"valueRequired\":true,\"valueName\":\"search_term_string\"}}],\"inLanguage\":\"pt-BR\"},{\"@type\":\"Organization\",\"@id\":\"https:\/\/sudoesteacontece.com.br\/#organization\",\"name\":\"Sudoesteacontece\",\"url\":\"https:\/\/sudoesteacontece.com.br\/\",\"logo\":{\"@type\":\"ImageObject\",\"inLanguage\":\"pt-BR\",\"@id\":\"https:\/\/sudoesteacontece.com.br\/#\/schema\/logo\/image\/\",\"url\":\"https:\/\/sudoesteacontece.com.br\/wp-content\/uploads\/2025\/12\/cropped-logo-2-180x180-1.png\",\"contentUrl\":\"https:\/\/sudoesteacontece.com.br\/wp-content\/uploads\/2025\/12\/cropped-logo-2-180x180-1.png\",\"width\":180,\"height\":180,\"caption\":\"Sudoesteacontece\"},\"image\":{\"@id\":\"https:\/\/sudoesteacontece.com.br\/#\/schema\/logo\/image\/\"},\"sameAs\":[\"https:\/\/www.facebook.com\/sudoesteacontece\/?locale=pt_BR\"]},{\"@type\":\"Person\",\"@id\":\"https:\/\/sudoesteacontece.com.br\/#\/schema\/person\/3cf2cf009926a9683ebc29d5379fa79c\",\"name\":\"Washington Tiago\",\"image\":{\"@type\":\"ImageObject\",\"inLanguage\":\"pt-BR\",\"@id\":\"https:\/\/sudoesteacontece.com.br\/#\/schema\/person\/image\/\",\"url\":\"https:\/\/secure.gravatar.com\/avatar\/33c43b8668157e040f9d1fe93c354bf087cbd8ba36270c1163198bd3ddcf2a56?s=96&d=mm&r=g\",\"contentUrl\":\"https:\/\/secure.gravatar.com\/avatar\/33c43b8668157e040f9d1fe93c354bf087cbd8ba36270c1163198bd3ddcf2a56?s=96&d=mm&r=g\",\"caption\":\"Washington Tiago\"},\"url\":\"https:\/\/sudoesteacontece.com.br\/?author=2\"}]}<\/script>\n<!-- \/ Yoast SEO plugin. -->","yoast_head_json":{"title":"Fabiano Novais apresenta Chapa 01 e anuncia candidatura \u00e0 presid\u00eancia da CDL Brumado - Sudoesteacontece","robots":{"index":"index","follow":"follow","max-snippet":"max-snippet:-1","max-image-preview":"max-image-preview:large","max-video-preview":"max-video-preview:-1"},"canonical":"https:\/\/sudoesteacontece.com.br\/?p=1475","og_locale":"pt_BR","og_type":"article","og_title":"Fabiano Novais apresenta Chapa 01 e anuncia candidatura \u00e0 presid\u00eancia da CDL Brumado - Sudoesteacontece","og_description":"O empres\u00e1rio Fabiano Novais Leite lan\u00e7ou oficialmente a Chapa 01 para concorrer \u00e0 presid\u00eancia da C\u00e2mara de Dirigentes Lojistas (CDL) de Brumado no tri\u00eanio 2026\/2028. A candidatura foi registrada e marca a continuidade de uma gest\u00e3o que reposicionou a entidade como refer\u00eancia na Bahia. Fabiano destacou que a nova composi\u00e7\u00e3o une renova\u00e7\u00e3o e experi\u00eancia, reunindo empres\u00e1rios de diferentes segmentos do com\u00e9rcio brumadense. Segundo ele, o grupo est\u00e1 preparado para manter o crescimento institucional e fortalecer o setor lojista. \u201cNossa miss\u00e3o \u00e9 seguir fortalecendo o com\u00e9rcio local,\u201d afirmou Fabiano. Ele ressaltou que a gest\u00e3o continuar\u00e1 priorizando transpar\u00eancia, inova\u00e7\u00e3o e apoio ao empreendedorismo. A Chapa 01 \u00e9 formada por empres\u00e1rios reconhecidos na cidade. Al\u00e9m de Fabiano, que representa a Compramais, integram o grupo Orlando de F\u00e1tima Gomes (Minas Cal\u00e7ados), Eliana Ciares Martins (Lima Confec\u00e7\u00f5es), Ravena Vieira Santos (Look Modas) e Alecarlos Neves Pires (Shopping Bike). O Conselho Fiscal tamb\u00e9m foi anunciado com membros de diferentes setores. Est\u00e3o entre eles Abel Lima Matias (Salute), Tadeu Lima Silva (Armaz\u00e9m do Criador), Genevaldo Machado Cerqueira (Cerbeer) e o suplente Vitor Hugo Lima Silva (VHL Agropecu\u00e1ria). Fabiano ressaltou que cada nome representa uma empresa que acredita no associativismo. Segundo ele, a uni\u00e3o dos empreendedores \u00e9 essencial para o desenvolvimento econ\u00f4mico e social de Brumado. A elei\u00e7\u00e3o est\u00e1 marcada para o dia 25 de novembro de 2025, conforme edital publicado. Nas pr\u00f3ximas semanas, a chapa deve apresentar suas propostas e projetos para o pr\u00f3ximo mandato. O candidato reafirmou seu compromisso com uma CDL moderna e participativa. \u201cSeguiremos trabalhando com di\u00e1logo, inova\u00e7\u00e3o e responsabilidade. Brumado merece uma entidade cada vez mais forte e din\u00e2mica\u201d, completou.","og_url":"https:\/\/sudoesteacontece.com.br\/?p=1475","og_site_name":"Sudoesteacontece","article_publisher":"https:\/\/www.facebook.com\/sudoesteacontece\/?locale=pt_BR","article_published_time":"2025-10-31T21:03:06+00:00","article_modified_time":"2025-10-31T21:03:08+00:00","og_image":[{"width":1200,"height":849,"url":"https:\/\/sudoesteacontece.com.br\/wp-content\/uploads\/2025\/10\/Fabiano-Novais-apresenta-Chapa-01-e-anuncia-candidatura-a-presidencia-da-CDL-Brumado-sudoeste-acontece.jpg","type":"image\/jpeg"}],"author":"Washington Tiago","twitter_card":"summary_large_image","twitter_misc":{"Escrito por":"Washington Tiago","Est. tempo de leitura":"1 minuto"},"schema":{"@context":"https:\/\/schema.org","@graph":[{"@type":"Article","@id":"https:\/\/sudoesteacontece.com.br\/?p=1475#article","isPartOf":{"@id":"https:\/\/sudoesteacontece.com.br\/?p=1475"},"author":{"name":"Washington Tiago","@id":"https:\/\/sudoesteacontece.com.br\/#\/schema\/person\/3cf2cf009926a9683ebc29d5379fa79c"},"headline":"Fabiano Novais apresenta Chapa 01 e anuncia candidatura \u00e0 presid\u00eancia da CDL Brumado","datePublished":"2025-10-31T21:03:06+00:00","dateModified":"2025-10-31T21:03:08+00:00","mainEntityOfPage":{"@id":"https:\/\/sudoesteacontece.com.br\/?p=1475"},"wordCount":304,"commentCount":0,"publisher":{"@id":"https:\/\/sudoesteacontece.com.br\/#organization"},"image":{"@id":"https:\/\/sudoesteacontece.com.br\/?p=1475#primaryimage"},"thumbnailUrl":"https:\/\/sudoesteacontece.com.br\/wp-content\/uploads\/2025\/10\/Fabiano-Novais-apresenta-Chapa-01-e-anuncia-candidatura-a-presidencia-da-CDL-Brumado-sudoeste-acontece.jpg","articleSection":["Brumado","Cidades","Pol\u00edtica"],"inLanguage":"pt-BR","potentialAction":[{"@type":"CommentAction","name":"Comment","target":["https:\/\/sudoesteacontece.com.br\/?p=1475#respond"]}]},{"@type":"WebPage","@id":"https:\/\/sudoesteacontece.com.br\/?p=1475","url":"https:\/\/sudoesteacontece.com.br\/?p=1475","name":"Fabiano Novais apresenta Chapa 01 e anuncia candidatura \u00e0 presid\u00eancia da CDL Brumado - Sudoesteacontece","isPartOf":{"@id":"https:\/\/sudoesteacontece.com.br\/#website"},"primaryImageOfPage":{"@id":"https:\/\/sudoesteacontece.com.br\/?p=1475#primaryimage"},"image":{"@id":"https:\/\/sudoesteacontece.com.br\/?p=1475#primaryimage"},"thumbnailUrl":"https:\/\/sudoesteacontece.com.br\/wp-content\/uploads\/2025\/10\/Fabiano-Novais-apresenta-Chapa-01-e-anuncia-candidatura-a-presidencia-da-CDL-Brumado-sudoeste-acontece.jpg","datePublished":"2025-10-31T21:03:06+00:00","dateModified":"2025-10-31T21:03:08+00:00","breadcrumb":{"@id":"https:\/\/sudoesteacontece.com.br\/?p=1475#breadcrumb"},"inLanguage":"pt-BR","potentialAction":[{"@type":"ReadAction","target":["https:\/\/sudoesteacontece.com.br\/?p=1475"]}]},{"@type":"ImageObject","inLanguage":"pt-BR","@id":"https:\/\/sudoesteacontece.com.br\/?p=1475#primaryimage","url":"https:\/\/sudoesteacontece.com.br\/wp-content\/uploads\/2025\/10\/Fabiano-Novais-apresenta-Chapa-01-e-anuncia-candidatura-a-presidencia-da-CDL-Brumado-sudoeste-acontece.jpg","contentUrl":"https:\/\/sudoesteacontece.com.br\/wp-content\/uploads\/2025\/10\/Fabiano-Novais-apresenta-Chapa-01-e-anuncia-candidatura-a-presidencia-da-CDL-Brumado-sudoeste-acontece.jpg","width":1200,"height":849},{"@type":"BreadcrumbList","@id":"https:\/\/sudoesteacontece.com.br\/?p=1475#breadcrumb","itemListElement":[{"@type":"ListItem","position":1,"name":"In\u00edcio","item":"https:\/\/sudoesteacontece.com.br\/"},{"@type":"ListItem","position":2,"name":"Fabiano Novais apresenta Chapa 01 e anuncia candidatura \u00e0 presid\u00eancia da CDL Brumado"}]},{"@type":"WebSite","@id":"https:\/\/sudoesteacontece.com.br\/#website","url":"https:\/\/sudoesteacontece.com.br\/","name":"Sudoesteacontece","description":"","publisher":{"@id":"https:\/\/sudoesteacontece.com.br\/#organization"},"potentialAction":[{"@type":"SearchAction","target":{"@type":"EntryPoint","urlTemplate":"https:\/\/sudoesteacontece.com.br\/?s={search_term_string}"},"query-input":{"@type":"PropertyValueSpecification","valueRequired":true,"valueName":"search_term_string"}}],"inLanguage":"pt-BR"},{"@type":"Organization","@id":"https:\/\/sudoesteacontece.com.br\/#organization","name":"Sudoesteacontece","url":"https:\/\/sudoesteacontece.com.br\/","logo":{"@type":"ImageObject","inLanguage":"pt-BR","@id":"https:\/\/sudoesteacontece.com.br\/#\/schema\/logo\/image\/","url":"https:\/\/sudoesteacontece.com.br\/wp-content\/uploads\/2025\/12\/cropped-logo-2-180x180-1.png","contentUrl":"https:\/\/sudoesteacontece.com.br\/wp-content\/uploads\/2025\/12\/cropped-logo-2-180x180-1.png","width":180,"height":180,"caption":"Sudoesteacontece"},"image":{"@id":"https:\/\/sudoesteacontece.com.br\/#\/schema\/logo\/image\/"},"sameAs":["https:\/\/www.facebook.com\/sudoesteacontece\/?locale=pt_BR"]},{"@type":"Person","@id":"https:\/\/sudoesteacontece.com.br\/#\/schema\/person\/3cf2cf009926a9683ebc29d5379fa79c","name":"Washington Tiago","image":{"@type":"ImageObject","inLanguage":"pt-BR","@id":"https:\/\/sudoesteacontece.com.br\/#\/schema\/person\/image\/","url":"https:\/\/secure.gravatar.com\/avatar\/33c43b8668157e040f9d1fe93c354bf087cbd8ba36270c1163198bd3ddcf2a56?s=96&d=mm&r=g","contentUrl":"https:\/\/secure.gravatar.com\/avatar\/33c43b8668157e040f9d1fe93c354bf087cbd8ba36270c1163198bd3ddcf2a56?s=96&d=mm&r=g","caption":"Washington Tiago"},"url":"https:\/\/sudoesteacontece.com.br\/?author=2"}]}},"_links":{"self":[{"href":"https:\/\/sudoesteacontece.com.br\/index.php?rest_route=\/wp\/v2\/posts\/1475","targetHints":{"allow":["GET"]}}],"collection":[{"href":"https:\/\/sudoesteacontece.com.br\/index.php?rest_route=\/wp\/v2\/posts"}],"about":[{"href":"https:\/\/sudoesteacontece.com.br\/index.php?rest_route=\/wp\/v2\/types\/post"}],"author":[{"embeddable":true,"href":"https:\/\/sudoesteacontece.com.br\/index.php?rest_route=\/wp\/v2\/users\/2"}],"replies":[{"embeddable":true,"href":"https:\/\/sudoesteacontece.com.br\/index.php?rest_route=%2Fwp%2Fv2%2Fcomments&post=1475"}],"version-history":[{"count":0,"href":"https:\/\/sudoesteacontece.com.br\/index.php?rest_route=\/wp\/v2\/posts\/1475\/revisions"}],"wp:featuredmedia":[{"embeddable":true,"href":"https:\/\/sudoesteacontece.com.br\/index.php?rest_route=\/wp\/v2\/media\/1478"}],"wp:attachment":[{"href":"https:\/\/sudoesteacontece.com.br\/index.php?rest_route=%2Fwp%2Fv2%2Fmedia&parent=1475"}],"wp:term":[{"taxonomy":"category","embeddable":true,"href":"https:\/\/sudoesteacontece.com.br\/index.php?rest_route=%2Fwp%2Fv2%2Fcategories&post=1475"},{"taxonomy":"post_tag","embeddable":true,"href":"https:\/\/sudoesteacontece.com.br\/index.php?rest_route=%2Fwp%2Fv2%2Ftags&post=1475"}],"curies":[{"name":"wp","href":"https:\/\/api.w.org\/{rel}","templated":true}]}}