{"id":1503,"date":"2025-11-01T09:37:26","date_gmt":"2025-11-01T12:37:26","guid":{"rendered":"https:\/\/sudoesteacontece.com.br\/?p=1503"},"modified":"2025-11-01T09:37:28","modified_gmt":"2025-11-01T12:37:28","slug":"fogo-atinge-fazenda-da-vice-prefeita-na-bahia-e-destroi-reserva-ambiental-de-115-hectares","status":"publish","type":"post","link":"https:\/\/sudoesteacontece.com.br\/?p=1503","title":{"rendered":"Fogo atinge fazenda da vice-prefeita na Bahia e destr\u00f3i reserva ambiental de 115 hectares"},"content":{"rendered":"<div class=\"wp-block-image\">\n<figure class=\"aligncenter size-full\"><img fetchpriority=\"high\" decoding=\"async\" width=\"696\" height=\"420\" src=\"http:\/\/sudoesteacontece.com.br\/wp-content\/uploads\/2025\/11\/Fogo-atinge-fazenda-da-vice-prefeita-na-Bahia-e-destroi-reserva-ambiental-de-115-hectares-sudoeste-acontece.jpg\" alt=\"\" class=\"wp-image-1522\" srcset=\"https:\/\/sudoesteacontece.com.br\/wp-content\/uploads\/2025\/11\/Fogo-atinge-fazenda-da-vice-prefeita-na-Bahia-e-destroi-reserva-ambiental-de-115-hectares-sudoeste-acontece.jpg 696w, https:\/\/sudoesteacontece.com.br\/wp-content\/uploads\/2025\/11\/Fogo-atinge-fazenda-da-vice-prefeita-na-Bahia-e-destroi-reserva-ambiental-de-115-hectares-sudoeste-acontece-300x181.jpg 300w\" sizes=\"(max-width: 696px) 100vw, 696px\" \/><\/figure>\n<\/div>\n\n\n<p>Um inc\u00eandio de grandes propor\u00e7\u00f5es atingiu nesta quinta-feira (30) a Fazenda Industrial, pertencente \u00e0 vice-prefeita de Palmas de Monte Alto, no sudoeste baiano. Fogo come\u00e7ou em um terreno vizinho e se espalhou rapidamente pela \u00e1rea rural. Segundo informa\u00e7\u00f5es, o inc\u00eandio teve in\u00edcio por volta das 10h.<\/p>\n\n\n\n<p> Um homem de 47 anos ateou fogo no pasto para preparar o solo, mas n\u00e3o fez o aceiro, barreira essencial para conter as chamas. As labaredas ultrapassaram o limite da propriedade e devastaram parte da Reserva Legal da fazenda, que tem cerca de 115 hectares de mata nativa.<\/p>\n\n\n\n<p>Vegeta\u00e7\u00e3o foi consumida e animais silvestres ficaram em risco. Corpo de Bombeiros foi acionado e trabalhou por horas para conter o avan\u00e7o do fogo. Equipes de Guanambi e Vit\u00f3ria da Conquista conseguiram controlar as chamas apenas no fim da tarde. A vice-prefeita relatou \u00e0 Delegacia de Pol\u00edcia Civil que s\u00f3 soube do inc\u00eandio por volta das 13h20, ap\u00f3s ser alertada por vizinhos.<\/p>\n\n\n\n<p>\u201cQuando vi as imagens, entrei em desespero\u201d, contou. Ela destacou a rapidez dos bombeiros e fez um apelo pela conscientiza\u00e7\u00e3o. \u201cMeu vizinho colocou fogo e n\u00e3o fez o aceiro. Inc\u00eandio destruiu 115 hectares de mata fechada. Agrade\u00e7o \u00e0s equipes que agiram com tanta efici\u00eancia. Com fogo n\u00e3o se brinca\u201d, alertou. Caso foi registrado na Pol\u00edcia Civil e deve ser investigado. <\/p>\n","protected":false},"excerpt":{"rendered":"<p>Um inc\u00eandio de grandes propor\u00e7\u00f5es atingiu nesta quinta-feira (30) a Fazenda Industrial, pertencente \u00e0 vice-prefeita de Palmas de Monte Alto, no sudoeste baiano. Fogo come\u00e7ou em um terreno vizinho e se espalhou rapidamente pela \u00e1rea rural. Segundo informa\u00e7\u00f5es, o inc\u00eandio teve in\u00edcio por volta das 10h. Um homem de 47 anos ateou fogo no pasto para preparar o solo, mas n\u00e3o fez o aceiro, barreira essencial para conter as chamas. As labaredas ultrapassaram o limite da propriedade e devastaram parte da Reserva Legal da fazenda, que tem cerca de 115 hectares de mata nativa. Vegeta\u00e7\u00e3o foi consumida e animais silvestres ficaram em risco. Corpo de Bombeiros foi acionado e trabalhou por horas para conter o avan\u00e7o do fogo. Equipes de Guanambi e Vit\u00f3ria da Conquista conseguiram controlar as chamas apenas no fim da tarde. A vice-prefeita relatou \u00e0 Delegacia de Pol\u00edcia Civil que s\u00f3 soube do inc\u00eandio por volta das 13h20, ap\u00f3s ser alertada por vizinhos. \u201cQuando vi as imagens, entrei em desespero\u201d, contou. Ela destacou a rapidez dos bombeiros e fez um apelo pela conscientiza\u00e7\u00e3o. \u201cMeu vizinho colocou fogo e n\u00e3o fez o aceiro. Inc\u00eandio destruiu 115 hectares de mata fechada. Agrade\u00e7o \u00e0s equipes que agiram com tanta efici\u00eancia. Com fogo n\u00e3o se brinca\u201d, alertou. Caso foi registrado na Pol\u00edcia Civil e deve ser investigado.<\/p>\n","protected":false},"author":2,"featured_media":1522,"comment_status":"open","ping_status":"open","sticky":false,"template":"","format":"standard","meta":{"footnotes":""},"categories":[4],"tags":[],"class_list":["post-1503","post","type-post","status-publish","format-standard","has-post-thumbnail","hentry","category-cidades"],"yoast_head":"<!-- This site is optimized with the Yoast SEO plugin v26.5 - https:\/\/yoast.com\/wordpress\/plugins\/seo\/ -->\n<title>Fogo atinge fazenda da vice-prefeita na Bahia e destr\u00f3i reserva ambiental de 115 hectares - Sudoesteacontece<\/title>\n<meta name=\"robots\" content=\"index, follow, max-snippet:-1, max-image-preview:large, max-video-preview:-1\" \/>\n<link rel=\"canonical\" href=\"https:\/\/sudoesteacontece.com.br\/?p=1503\" \/>\n<meta property=\"og:locale\" content=\"pt_BR\" \/>\n<meta property=\"og:type\" content=\"article\" \/>\n<meta property=\"og:title\" content=\"Fogo atinge fazenda da vice-prefeita na Bahia e destr\u00f3i reserva ambiental de 115 hectares - Sudoesteacontece\" \/>\n<meta property=\"og:description\" content=\"Um inc\u00eandio de grandes propor\u00e7\u00f5es atingiu nesta quinta-feira (30) a Fazenda Industrial, pertencente \u00e0 vice-prefeita de Palmas de Monte Alto, no sudoeste baiano. Fogo come\u00e7ou em um terreno vizinho e se espalhou rapidamente pela \u00e1rea rural. Segundo informa\u00e7\u00f5es, o inc\u00eandio teve in\u00edcio por volta das 10h. Um homem de 47 anos ateou fogo no pasto para preparar o solo, mas n\u00e3o fez o aceiro, barreira essencial para conter as chamas. As labaredas ultrapassaram o limite da propriedade e devastaram parte da Reserva Legal da fazenda, que tem cerca de 115 hectares de mata nativa. Vegeta\u00e7\u00e3o foi consumida e animais silvestres ficaram em risco. Corpo de Bombeiros foi acionado e trabalhou por horas para conter o avan\u00e7o do fogo. Equipes de Guanambi e Vit\u00f3ria da Conquista conseguiram controlar as chamas apenas no fim da tarde. A vice-prefeita relatou \u00e0 Delegacia de Pol\u00edcia Civil que s\u00f3 soube do inc\u00eandio por volta das 13h20, ap\u00f3s ser alertada por vizinhos. \u201cQuando vi as imagens, entrei em desespero\u201d, contou. Ela destacou a rapidez dos bombeiros e fez um apelo pela conscientiza\u00e7\u00e3o. \u201cMeu vizinho colocou fogo e n\u00e3o fez o aceiro. Inc\u00eandio destruiu 115 hectares de mata fechada. Agrade\u00e7o \u00e0s equipes que agiram com tanta efici\u00eancia. Com fogo n\u00e3o se brinca\u201d, alertou. Caso foi registrado na Pol\u00edcia Civil e deve ser investigado.\" \/>\n<meta property=\"og:url\" content=\"https:\/\/sudoesteacontece.com.br\/?p=1503\" \/>\n<meta property=\"og:site_name\" content=\"Sudoesteacontece\" \/>\n<meta property=\"article:publisher\" content=\"https:\/\/www.facebook.com\/sudoesteacontece\/?locale=pt_BR\" \/>\n<meta property=\"article:published_time\" content=\"2025-11-01T12:37:26+00:00\" \/>\n<meta property=\"article:modified_time\" content=\"2025-11-01T12:37:28+00:00\" \/>\n<meta property=\"og:image\" content=\"https:\/\/sudoesteacontece.com.br\/wp-content\/uploads\/2025\/11\/Fogo-atinge-fazenda-da-vice-prefeita-na-Bahia-e-destroi-reserva-ambiental-de-115-hectares-sudoeste-acontece.jpg\" \/>\n\t<meta property=\"og:image:width\" content=\"696\" \/>\n\t<meta property=\"og:image:height\" content=\"420\" \/>\n\t<meta property=\"og:image:type\" content=\"image\/jpeg\" \/>\n<meta name=\"author\" content=\"Washington Tiago\" \/>\n<meta name=\"twitter:card\" content=\"summary_large_image\" \/>\n<meta name=\"twitter:label1\" content=\"Escrito por\" \/>\n\t<meta name=\"twitter:data1\" content=\"Washington Tiago\" \/>\n\t<meta name=\"twitter:label2\" content=\"Est. tempo de leitura\" \/>\n\t<meta name=\"twitter:data2\" content=\"1 minuto\" \/>\n<script type=\"application\/ld+json\" class=\"yoast-schema-graph\">{\"@context\":\"https:\/\/schema.org\",\"@graph\":[{\"@type\":\"Article\",\"@id\":\"https:\/\/sudoesteacontece.com.br\/?p=1503#article\",\"isPartOf\":{\"@id\":\"https:\/\/sudoesteacontece.com.br\/?p=1503\"},\"author\":{\"name\":\"Washington Tiago\",\"@id\":\"https:\/\/sudoesteacontece.com.br\/#\/schema\/person\/3cf2cf009926a9683ebc29d5379fa79c\"},\"headline\":\"Fogo atinge fazenda da vice-prefeita na Bahia e destr\u00f3i reserva ambiental de 115 hectares\",\"datePublished\":\"2025-11-01T12:37:26+00:00\",\"dateModified\":\"2025-11-01T12:37:28+00:00\",\"mainEntityOfPage\":{\"@id\":\"https:\/\/sudoesteacontece.com.br\/?p=1503\"},\"wordCount\":244,\"commentCount\":0,\"publisher\":{\"@id\":\"https:\/\/sudoesteacontece.com.br\/#organization\"},\"image\":{\"@id\":\"https:\/\/sudoesteacontece.com.br\/?p=1503#primaryimage\"},\"thumbnailUrl\":\"https:\/\/sudoesteacontece.com.br\/wp-content\/uploads\/2025\/11\/Fogo-atinge-fazenda-da-vice-prefeita-na-Bahia-e-destroi-reserva-ambiental-de-115-hectares-sudoeste-acontece.jpg\",\"articleSection\":[\"Cidades\"],\"inLanguage\":\"pt-BR\",\"potentialAction\":[{\"@type\":\"CommentAction\",\"name\":\"Comment\",\"target\":[\"https:\/\/sudoesteacontece.com.br\/?p=1503#respond\"]}]},{\"@type\":\"WebPage\",\"@id\":\"https:\/\/sudoesteacontece.com.br\/?p=1503\",\"url\":\"https:\/\/sudoesteacontece.com.br\/?p=1503\",\"name\":\"Fogo atinge fazenda da vice-prefeita na Bahia e destr\u00f3i reserva ambiental de 115 hectares - Sudoesteacontece\",\"isPartOf\":{\"@id\":\"https:\/\/sudoesteacontece.com.br\/#website\"},\"primaryImageOfPage\":{\"@id\":\"https:\/\/sudoesteacontece.com.br\/?p=1503#primaryimage\"},\"image\":{\"@id\":\"https:\/\/sudoesteacontece.com.br\/?p=1503#primaryimage\"},\"thumbnailUrl\":\"https:\/\/sudoesteacontece.com.br\/wp-content\/uploads\/2025\/11\/Fogo-atinge-fazenda-da-vice-prefeita-na-Bahia-e-destroi-reserva-ambiental-de-115-hectares-sudoeste-acontece.jpg\",\"datePublished\":\"2025-11-01T12:37:26+00:00\",\"dateModified\":\"2025-11-01T12:37:28+00:00\",\"breadcrumb\":{\"@id\":\"https:\/\/sudoesteacontece.com.br\/?p=1503#breadcrumb\"},\"inLanguage\":\"pt-BR\",\"potentialAction\":[{\"@type\":\"ReadAction\",\"target\":[\"https:\/\/sudoesteacontece.com.br\/?p=1503\"]}]},{\"@type\":\"ImageObject\",\"inLanguage\":\"pt-BR\",\"@id\":\"https:\/\/sudoesteacontece.com.br\/?p=1503#primaryimage\",\"url\":\"https:\/\/sudoesteacontece.com.br\/wp-content\/uploads\/2025\/11\/Fogo-atinge-fazenda-da-vice-prefeita-na-Bahia-e-destroi-reserva-ambiental-de-115-hectares-sudoeste-acontece.jpg\",\"contentUrl\":\"https:\/\/sudoesteacontece.com.br\/wp-content\/uploads\/2025\/11\/Fogo-atinge-fazenda-da-vice-prefeita-na-Bahia-e-destroi-reserva-ambiental-de-115-hectares-sudoeste-acontece.jpg\",\"width\":696,\"height\":420},{\"@type\":\"BreadcrumbList\",\"@id\":\"https:\/\/sudoesteacontece.com.br\/?p=1503#breadcrumb\",\"itemListElement\":[{\"@type\":\"ListItem\",\"position\":1,\"name\":\"In\u00edcio\",\"item\":\"https:\/\/sudoesteacontece.com.br\/\"},{\"@type\":\"ListItem\",\"position\":2,\"name\":\"Fogo atinge fazenda da vice-prefeita na Bahia e destr\u00f3i reserva ambiental de 115 hectares\"}]},{\"@type\":\"WebSite\",\"@id\":\"https:\/\/sudoesteacontece.com.br\/#website\",\"url\":\"https:\/\/sudoesteacontece.com.br\/\",\"name\":\"Sudoesteacontece\",\"description\":\"\",\"publisher\":{\"@id\":\"https:\/\/sudoesteacontece.com.br\/#organization\"},\"potentialAction\":[{\"@type\":\"SearchAction\",\"target\":{\"@type\":\"EntryPoint\",\"urlTemplate\":\"https:\/\/sudoesteacontece.com.br\/?s={search_term_string}\"},\"query-input\":{\"@type\":\"PropertyValueSpecification\",\"valueRequired\":true,\"valueName\":\"search_term_string\"}}],\"inLanguage\":\"pt-BR\"},{\"@type\":\"Organization\",\"@id\":\"https:\/\/sudoesteacontece.com.br\/#organization\",\"name\":\"Sudoesteacontece\",\"url\":\"https:\/\/sudoesteacontece.com.br\/\",\"logo\":{\"@type\":\"ImageObject\",\"inLanguage\":\"pt-BR\",\"@id\":\"https:\/\/sudoesteacontece.com.br\/#\/schema\/logo\/image\/\",\"url\":\"https:\/\/sudoesteacontece.com.br\/wp-content\/uploads\/2025\/12\/cropped-logo-2-180x180-1.png\",\"contentUrl\":\"https:\/\/sudoesteacontece.com.br\/wp-content\/uploads\/2025\/12\/cropped-logo-2-180x180-1.png\",\"width\":180,\"height\":180,\"caption\":\"Sudoesteacontece\"},\"image\":{\"@id\":\"https:\/\/sudoesteacontece.com.br\/#\/schema\/logo\/image\/\"},\"sameAs\":[\"https:\/\/www.facebook.com\/sudoesteacontece\/?locale=pt_BR\"]},{\"@type\":\"Person\",\"@id\":\"https:\/\/sudoesteacontece.com.br\/#\/schema\/person\/3cf2cf009926a9683ebc29d5379fa79c\",\"name\":\"Washington Tiago\",\"image\":{\"@type\":\"ImageObject\",\"inLanguage\":\"pt-BR\",\"@id\":\"https:\/\/sudoesteacontece.com.br\/#\/schema\/person\/image\/\",\"url\":\"https:\/\/secure.gravatar.com\/avatar\/33c43b8668157e040f9d1fe93c354bf087cbd8ba36270c1163198bd3ddcf2a56?s=96&d=mm&r=g\",\"contentUrl\":\"https:\/\/secure.gravatar.com\/avatar\/33c43b8668157e040f9d1fe93c354bf087cbd8ba36270c1163198bd3ddcf2a56?s=96&d=mm&r=g\",\"caption\":\"Washington Tiago\"},\"url\":\"https:\/\/sudoesteacontece.com.br\/?author=2\"}]}<\/script>\n<!-- \/ Yoast SEO plugin. -->","yoast_head_json":{"title":"Fogo atinge fazenda da vice-prefeita na Bahia e destr\u00f3i reserva ambiental de 115 hectares - Sudoesteacontece","robots":{"index":"index","follow":"follow","max-snippet":"max-snippet:-1","max-image-preview":"max-image-preview:large","max-video-preview":"max-video-preview:-1"},"canonical":"https:\/\/sudoesteacontece.com.br\/?p=1503","og_locale":"pt_BR","og_type":"article","og_title":"Fogo atinge fazenda da vice-prefeita na Bahia e destr\u00f3i reserva ambiental de 115 hectares - Sudoesteacontece","og_description":"Um inc\u00eandio de grandes propor\u00e7\u00f5es atingiu nesta quinta-feira (30) a Fazenda Industrial, pertencente \u00e0 vice-prefeita de Palmas de Monte Alto, no sudoeste baiano. Fogo come\u00e7ou em um terreno vizinho e se espalhou rapidamente pela \u00e1rea rural. Segundo informa\u00e7\u00f5es, o inc\u00eandio teve in\u00edcio por volta das 10h. Um homem de 47 anos ateou fogo no pasto para preparar o solo, mas n\u00e3o fez o aceiro, barreira essencial para conter as chamas. As labaredas ultrapassaram o limite da propriedade e devastaram parte da Reserva Legal da fazenda, que tem cerca de 115 hectares de mata nativa. Vegeta\u00e7\u00e3o foi consumida e animais silvestres ficaram em risco. Corpo de Bombeiros foi acionado e trabalhou por horas para conter o avan\u00e7o do fogo. Equipes de Guanambi e Vit\u00f3ria da Conquista conseguiram controlar as chamas apenas no fim da tarde. A vice-prefeita relatou \u00e0 Delegacia de Pol\u00edcia Civil que s\u00f3 soube do inc\u00eandio por volta das 13h20, ap\u00f3s ser alertada por vizinhos. \u201cQuando vi as imagens, entrei em desespero\u201d, contou. Ela destacou a rapidez dos bombeiros e fez um apelo pela conscientiza\u00e7\u00e3o. \u201cMeu vizinho colocou fogo e n\u00e3o fez o aceiro. Inc\u00eandio destruiu 115 hectares de mata fechada. Agrade\u00e7o \u00e0s equipes que agiram com tanta efici\u00eancia. Com fogo n\u00e3o se brinca\u201d, alertou. Caso foi registrado na Pol\u00edcia Civil e deve ser investigado.","og_url":"https:\/\/sudoesteacontece.com.br\/?p=1503","og_site_name":"Sudoesteacontece","article_publisher":"https:\/\/www.facebook.com\/sudoesteacontece\/?locale=pt_BR","article_published_time":"2025-11-01T12:37:26+00:00","article_modified_time":"2025-11-01T12:37:28+00:00","og_image":[{"width":696,"height":420,"url":"https:\/\/sudoesteacontece.com.br\/wp-content\/uploads\/2025\/11\/Fogo-atinge-fazenda-da-vice-prefeita-na-Bahia-e-destroi-reserva-ambiental-de-115-hectares-sudoeste-acontece.jpg","type":"image\/jpeg"}],"author":"Washington Tiago","twitter_card":"summary_large_image","twitter_misc":{"Escrito por":"Washington Tiago","Est. tempo de leitura":"1 minuto"},"schema":{"@context":"https:\/\/schema.org","@graph":[{"@type":"Article","@id":"https:\/\/sudoesteacontece.com.br\/?p=1503#article","isPartOf":{"@id":"https:\/\/sudoesteacontece.com.br\/?p=1503"},"author":{"name":"Washington Tiago","@id":"https:\/\/sudoesteacontece.com.br\/#\/schema\/person\/3cf2cf009926a9683ebc29d5379fa79c"},"headline":"Fogo atinge fazenda da vice-prefeita na Bahia e destr\u00f3i reserva ambiental de 115 hectares","datePublished":"2025-11-01T12:37:26+00:00","dateModified":"2025-11-01T12:37:28+00:00","mainEntityOfPage":{"@id":"https:\/\/sudoesteacontece.com.br\/?p=1503"},"wordCount":244,"commentCount":0,"publisher":{"@id":"https:\/\/sudoesteacontece.com.br\/#organization"},"image":{"@id":"https:\/\/sudoesteacontece.com.br\/?p=1503#primaryimage"},"thumbnailUrl":"https:\/\/sudoesteacontece.com.br\/wp-content\/uploads\/2025\/11\/Fogo-atinge-fazenda-da-vice-prefeita-na-Bahia-e-destroi-reserva-ambiental-de-115-hectares-sudoeste-acontece.jpg","articleSection":["Cidades"],"inLanguage":"pt-BR","potentialAction":[{"@type":"CommentAction","name":"Comment","target":["https:\/\/sudoesteacontece.com.br\/?p=1503#respond"]}]},{"@type":"WebPage","@id":"https:\/\/sudoesteacontece.com.br\/?p=1503","url":"https:\/\/sudoesteacontece.com.br\/?p=1503","name":"Fogo atinge fazenda da vice-prefeita na Bahia e destr\u00f3i reserva ambiental de 115 hectares - Sudoesteacontece","isPartOf":{"@id":"https:\/\/sudoesteacontece.com.br\/#website"},"primaryImageOfPage":{"@id":"https:\/\/sudoesteacontece.com.br\/?p=1503#primaryimage"},"image":{"@id":"https:\/\/sudoesteacontece.com.br\/?p=1503#primaryimage"},"thumbnailUrl":"https:\/\/sudoesteacontece.com.br\/wp-content\/uploads\/2025\/11\/Fogo-atinge-fazenda-da-vice-prefeita-na-Bahia-e-destroi-reserva-ambiental-de-115-hectares-sudoeste-acontece.jpg","datePublished":"2025-11-01T12:37:26+00:00","dateModified":"2025-11-01T12:37:28+00:00","breadcrumb":{"@id":"https:\/\/sudoesteacontece.com.br\/?p=1503#breadcrumb"},"inLanguage":"pt-BR","potentialAction":[{"@type":"ReadAction","target":["https:\/\/sudoesteacontece.com.br\/?p=1503"]}]},{"@type":"ImageObject","inLanguage":"pt-BR","@id":"https:\/\/sudoesteacontece.com.br\/?p=1503#primaryimage","url":"https:\/\/sudoesteacontece.com.br\/wp-content\/uploads\/2025\/11\/Fogo-atinge-fazenda-da-vice-prefeita-na-Bahia-e-destroi-reserva-ambiental-de-115-hectares-sudoeste-acontece.jpg","contentUrl":"https:\/\/sudoesteacontece.com.br\/wp-content\/uploads\/2025\/11\/Fogo-atinge-fazenda-da-vice-prefeita-na-Bahia-e-destroi-reserva-ambiental-de-115-hectares-sudoeste-acontece.jpg","width":696,"height":420},{"@type":"BreadcrumbList","@id":"https:\/\/sudoesteacontece.com.br\/?p=1503#breadcrumb","itemListElement":[{"@type":"ListItem","position":1,"name":"In\u00edcio","item":"https:\/\/sudoesteacontece.com.br\/"},{"@type":"ListItem","position":2,"name":"Fogo atinge fazenda da vice-prefeita na Bahia e destr\u00f3i reserva ambiental de 115 hectares"}]},{"@type":"WebSite","@id":"https:\/\/sudoesteacontece.com.br\/#website","url":"https:\/\/sudoesteacontece.com.br\/","name":"Sudoesteacontece","description":"","publisher":{"@id":"https:\/\/sudoesteacontece.com.br\/#organization"},"potentialAction":[{"@type":"SearchAction","target":{"@type":"EntryPoint","urlTemplate":"https:\/\/sudoesteacontece.com.br\/?s={search_term_string}"},"query-input":{"@type":"PropertyValueSpecification","valueRequired":true,"valueName":"search_term_string"}}],"inLanguage":"pt-BR"},{"@type":"Organization","@id":"https:\/\/sudoesteacontece.com.br\/#organization","name":"Sudoesteacontece","url":"https:\/\/sudoesteacontece.com.br\/","logo":{"@type":"ImageObject","inLanguage":"pt-BR","@id":"https:\/\/sudoesteacontece.com.br\/#\/schema\/logo\/image\/","url":"https:\/\/sudoesteacontece.com.br\/wp-content\/uploads\/2025\/12\/cropped-logo-2-180x180-1.png","contentUrl":"https:\/\/sudoesteacontece.com.br\/wp-content\/uploads\/2025\/12\/cropped-logo-2-180x180-1.png","width":180,"height":180,"caption":"Sudoesteacontece"},"image":{"@id":"https:\/\/sudoesteacontece.com.br\/#\/schema\/logo\/image\/"},"sameAs":["https:\/\/www.facebook.com\/sudoesteacontece\/?locale=pt_BR"]},{"@type":"Person","@id":"https:\/\/sudoesteacontece.com.br\/#\/schema\/person\/3cf2cf009926a9683ebc29d5379fa79c","name":"Washington Tiago","image":{"@type":"ImageObject","inLanguage":"pt-BR","@id":"https:\/\/sudoesteacontece.com.br\/#\/schema\/person\/image\/","url":"https:\/\/secure.gravatar.com\/avatar\/33c43b8668157e040f9d1fe93c354bf087cbd8ba36270c1163198bd3ddcf2a56?s=96&d=mm&r=g","contentUrl":"https:\/\/secure.gravatar.com\/avatar\/33c43b8668157e040f9d1fe93c354bf087cbd8ba36270c1163198bd3ddcf2a56?s=96&d=mm&r=g","caption":"Washington Tiago"},"url":"https:\/\/sudoesteacontece.com.br\/?author=2"}]}},"_links":{"self":[{"href":"https:\/\/sudoesteacontece.com.br\/index.php?rest_route=\/wp\/v2\/posts\/1503","targetHints":{"allow":["GET"]}}],"collection":[{"href":"https:\/\/sudoesteacontece.com.br\/index.php?rest_route=\/wp\/v2\/posts"}],"about":[{"href":"https:\/\/sudoesteacontece.com.br\/index.php?rest_route=\/wp\/v2\/types\/post"}],"author":[{"embeddable":true,"href":"https:\/\/sudoesteacontece.com.br\/index.php?rest_route=\/wp\/v2\/users\/2"}],"replies":[{"embeddable":true,"href":"https:\/\/sudoesteacontece.com.br\/index.php?rest_route=%2Fwp%2Fv2%2Fcomments&post=1503"}],"version-history":[{"count":0,"href":"https:\/\/sudoesteacontece.com.br\/index.php?rest_route=\/wp\/v2\/posts\/1503\/revisions"}],"wp:featuredmedia":[{"embeddable":true,"href":"https:\/\/sudoesteacontece.com.br\/index.php?rest_route=\/wp\/v2\/media\/1522"}],"wp:attachment":[{"href":"https:\/\/sudoesteacontece.com.br\/index.php?rest_route=%2Fwp%2Fv2%2Fmedia&parent=1503"}],"wp:term":[{"taxonomy":"category","embeddable":true,"href":"https:\/\/sudoesteacontece.com.br\/index.php?rest_route=%2Fwp%2Fv2%2Fcategories&post=1503"},{"taxonomy":"post_tag","embeddable":true,"href":"https:\/\/sudoesteacontece.com.br\/index.php?rest_route=%2Fwp%2Fv2%2Ftags&post=1503"}],"curies":[{"name":"wp","href":"https:\/\/api.w.org\/{rel}","templated":true}]}}