{"id":1504,"date":"2025-11-01T09:39:34","date_gmt":"2025-11-01T12:39:34","guid":{"rendered":"https:\/\/sudoesteacontece.com.br\/?p=1504"},"modified":"2025-11-01T09:39:36","modified_gmt":"2025-11-01T12:39:36","slug":"conta-de-luz-segue-no-vermelho-aneel-mantem-tarifa-mais-alta-em-novembro","status":"publish","type":"post","link":"https:\/\/sudoesteacontece.com.br\/?p=1504","title":{"rendered":"Conta de luz segue no vermelho: Aneel mant\u00e9m tarifa mais alta em novembro"},"content":{"rendered":"<div class=\"wp-block-image\">\n<figure class=\"aligncenter size-full\"><img fetchpriority=\"high\" decoding=\"async\" width=\"900\" height=\"600\" src=\"http:\/\/sudoesteacontece.com.br\/wp-content\/uploads\/2025\/11\/luz-energia-lampada.jpg\" alt=\"\" class=\"wp-image-1524\" srcset=\"https:\/\/sudoesteacontece.com.br\/wp-content\/uploads\/2025\/11\/luz-energia-lampada.jpg 900w, https:\/\/sudoesteacontece.com.br\/wp-content\/uploads\/2025\/11\/luz-energia-lampada-300x200.jpg 300w, https:\/\/sudoesteacontece.com.br\/wp-content\/uploads\/2025\/11\/luz-energia-lampada-768x512.jpg 768w\" sizes=\"(max-width: 900px) 100vw, 900px\" \/><\/figure>\n<\/div>\n\n\n<p>A Aneel decidiu manter a bandeira tarif\u00e1ria vermelha patamar 1 em novembro. O consumidor seguir\u00e1 pagando R$ 4,46 a mais a cada 100 kWh consumidos. A informa\u00e7\u00e3o foi divulgada nesta sexta-feira (31). O \u00f3rg\u00e3o justificou que o cen\u00e1rio ainda \u00e9 desfavor\u00e1vel para a gera\u00e7\u00e3o de energia hidrel\u00e9trica. O volume de chuvas segue abaixo da m\u00e9dia e os reservat\u00f3rios continuam com n\u00edveis reduzidos.<\/p>\n\n\n\n<p>Para garantir o fornecimento, ser\u00e1 necess\u00e1rio acionar as usinas termel\u00e9tricas, que t\u00eam custo de opera\u00e7\u00e3o mais alto. A medida evita apag\u00f5es, mas encarece a conta de luz das fam\u00edlias. A Aneel explicou que a gera\u00e7\u00e3o solar ainda n\u00e3o \u00e9 suficiente para suprir a demanda. Durante a noite e nos hor\u00e1rios de pico, as termel\u00e9tricas precisam complementar o abastecimento.<\/p>\n\n\n\n<p>Em 2025, a bandeira verde vigorou de janeiro a abril, e a amarela foi aplicada em maio. Desde junho, o pa\u00eds enfrenta a bandeira vermelha de forma consecutiva. Nos meses de agosto e setembro, a conta de luz ficou ainda mais pesada com o patamar 2, que acrescentou R$ 7,87 a cada 100 kWh. O cen\u00e1rio come\u00e7ou a aliviar apenas em outubro.<\/p>\n\n\n\n<p>O sistema de bandeiras tarif\u00e1rias completou dez anos em 2025. Ele foi criado para repassar os custos da gera\u00e7\u00e3o de energia de forma imediata e incentivar o consumo consciente. Pre\u00e7os maiores nas hidrel\u00e9tricas, causados pela falta de chuvas, s\u00e3o repassados diretamente ao consumidor. A inten\u00e7\u00e3o \u00e9 alertar sobre o uso racional de energia em per\u00edodos cr\u00edticos.<\/p>\n\n\n\n<p>As bandeiras tamb\u00e9m impactam a infla\u00e7\u00e3o. O IPCA-15 caiu para 0,18% em outubro, ap\u00f3s alta de 0,48% em setembro, segundo o IBGE. A energia el\u00e9trica ajudou na desacelera\u00e7\u00e3o ao registrar queda de 1,09% no m\u00eas.<\/p>\n","protected":false},"excerpt":{"rendered":"<p>A Aneel decidiu manter a bandeira tarif\u00e1ria vermelha patamar 1 em novembro. O consumidor seguir\u00e1 pagando R$ 4,46 a mais a cada 100 kWh consumidos. A informa\u00e7\u00e3o foi divulgada nesta sexta-feira (31). O \u00f3rg\u00e3o justificou que o cen\u00e1rio ainda \u00e9 desfavor\u00e1vel para a gera\u00e7\u00e3o de energia hidrel\u00e9trica. O volume de chuvas segue abaixo da m\u00e9dia e os reservat\u00f3rios continuam com n\u00edveis reduzidos. Para garantir o fornecimento, ser\u00e1 necess\u00e1rio acionar as usinas termel\u00e9tricas, que t\u00eam custo de opera\u00e7\u00e3o mais alto. A medida evita apag\u00f5es, mas encarece a conta de luz das fam\u00edlias. A Aneel explicou que a gera\u00e7\u00e3o solar ainda n\u00e3o \u00e9 suficiente para suprir a demanda. Durante a noite e nos hor\u00e1rios de pico, as termel\u00e9tricas precisam complementar o abastecimento. Em 2025, a bandeira verde vigorou de janeiro a abril, e a amarela foi aplicada em maio. Desde junho, o pa\u00eds enfrenta a bandeira vermelha de forma consecutiva. Nos meses de agosto e setembro, a conta de luz ficou ainda mais pesada com o patamar 2, que acrescentou R$ 7,87 a cada 100 kWh. O cen\u00e1rio come\u00e7ou a aliviar apenas em outubro. O sistema de bandeiras tarif\u00e1rias completou dez anos em 2025. Ele foi criado para repassar os custos da gera\u00e7\u00e3o de energia de forma imediata e incentivar o consumo consciente. Pre\u00e7os maiores nas hidrel\u00e9tricas, causados pela falta de chuvas, s\u00e3o repassados diretamente ao consumidor. A inten\u00e7\u00e3o \u00e9 alertar sobre o uso racional de energia em per\u00edodos cr\u00edticos. As bandeiras tamb\u00e9m impactam a infla\u00e7\u00e3o. O IPCA-15 caiu para 0,18% em outubro, ap\u00f3s alta de 0,48% em setembro, segundo o IBGE. A energia el\u00e9trica ajudou na desacelera\u00e7\u00e3o ao registrar queda de 1,09% no m\u00eas.<\/p>\n","protected":false},"author":2,"featured_media":1524,"comment_status":"open","ping_status":"open","sticky":false,"template":"","format":"standard","meta":{"footnotes":""},"categories":[53,4,6],"tags":[],"class_list":["post-1504","post","type-post","status-publish","format-standard","has-post-thumbnail","hentry","category-brasil","category-cidades","category-politica"],"yoast_head":"<!-- This site is optimized with the Yoast SEO plugin v26.5 - https:\/\/yoast.com\/wordpress\/plugins\/seo\/ -->\n<title>Conta de luz segue no vermelho: Aneel mant\u00e9m tarifa mais alta em novembro - Sudoesteacontece<\/title>\n<meta name=\"robots\" content=\"index, follow, max-snippet:-1, max-image-preview:large, max-video-preview:-1\" \/>\n<link rel=\"canonical\" href=\"https:\/\/sudoesteacontece.com.br\/?p=1504\" \/>\n<meta property=\"og:locale\" content=\"pt_BR\" \/>\n<meta property=\"og:type\" content=\"article\" \/>\n<meta property=\"og:title\" content=\"Conta de luz segue no vermelho: Aneel mant\u00e9m tarifa mais alta em novembro - Sudoesteacontece\" \/>\n<meta property=\"og:description\" content=\"A Aneel decidiu manter a bandeira tarif\u00e1ria vermelha patamar 1 em novembro. O consumidor seguir\u00e1 pagando R$ 4,46 a mais a cada 100 kWh consumidos. A informa\u00e7\u00e3o foi divulgada nesta sexta-feira (31). O \u00f3rg\u00e3o justificou que o cen\u00e1rio ainda \u00e9 desfavor\u00e1vel para a gera\u00e7\u00e3o de energia hidrel\u00e9trica. O volume de chuvas segue abaixo da m\u00e9dia e os reservat\u00f3rios continuam com n\u00edveis reduzidos. Para garantir o fornecimento, ser\u00e1 necess\u00e1rio acionar as usinas termel\u00e9tricas, que t\u00eam custo de opera\u00e7\u00e3o mais alto. A medida evita apag\u00f5es, mas encarece a conta de luz das fam\u00edlias. A Aneel explicou que a gera\u00e7\u00e3o solar ainda n\u00e3o \u00e9 suficiente para suprir a demanda. Durante a noite e nos hor\u00e1rios de pico, as termel\u00e9tricas precisam complementar o abastecimento. Em 2025, a bandeira verde vigorou de janeiro a abril, e a amarela foi aplicada em maio. Desde junho, o pa\u00eds enfrenta a bandeira vermelha de forma consecutiva. Nos meses de agosto e setembro, a conta de luz ficou ainda mais pesada com o patamar 2, que acrescentou R$ 7,87 a cada 100 kWh. O cen\u00e1rio come\u00e7ou a aliviar apenas em outubro. O sistema de bandeiras tarif\u00e1rias completou dez anos em 2025. Ele foi criado para repassar os custos da gera\u00e7\u00e3o de energia de forma imediata e incentivar o consumo consciente. Pre\u00e7os maiores nas hidrel\u00e9tricas, causados pela falta de chuvas, s\u00e3o repassados diretamente ao consumidor. A inten\u00e7\u00e3o \u00e9 alertar sobre o uso racional de energia em per\u00edodos cr\u00edticos. As bandeiras tamb\u00e9m impactam a infla\u00e7\u00e3o. O IPCA-15 caiu para 0,18% em outubro, ap\u00f3s alta de 0,48% em setembro, segundo o IBGE. A energia el\u00e9trica ajudou na desacelera\u00e7\u00e3o ao registrar queda de 1,09% no m\u00eas.\" \/>\n<meta property=\"og:url\" content=\"https:\/\/sudoesteacontece.com.br\/?p=1504\" \/>\n<meta property=\"og:site_name\" content=\"Sudoesteacontece\" \/>\n<meta property=\"article:publisher\" content=\"https:\/\/www.facebook.com\/sudoesteacontece\/?locale=pt_BR\" \/>\n<meta property=\"article:published_time\" content=\"2025-11-01T12:39:34+00:00\" \/>\n<meta property=\"article:modified_time\" content=\"2025-11-01T12:39:36+00:00\" \/>\n<meta property=\"og:image\" content=\"https:\/\/sudoesteacontece.com.br\/wp-content\/uploads\/2025\/11\/luz-energia-lampada.jpg\" \/>\n\t<meta property=\"og:image:width\" content=\"900\" \/>\n\t<meta property=\"og:image:height\" content=\"600\" \/>\n\t<meta property=\"og:image:type\" content=\"image\/jpeg\" \/>\n<meta name=\"author\" content=\"Washington Tiago\" \/>\n<meta name=\"twitter:card\" content=\"summary_large_image\" \/>\n<meta name=\"twitter:label1\" content=\"Escrito por\" \/>\n\t<meta name=\"twitter:data1\" content=\"Washington Tiago\" \/>\n\t<meta name=\"twitter:label2\" content=\"Est. tempo de leitura\" \/>\n\t<meta name=\"twitter:data2\" content=\"1 minuto\" \/>\n<script type=\"application\/ld+json\" class=\"yoast-schema-graph\">{\"@context\":\"https:\/\/schema.org\",\"@graph\":[{\"@type\":\"Article\",\"@id\":\"https:\/\/sudoesteacontece.com.br\/?p=1504#article\",\"isPartOf\":{\"@id\":\"https:\/\/sudoesteacontece.com.br\/?p=1504\"},\"author\":{\"name\":\"Washington Tiago\",\"@id\":\"https:\/\/sudoesteacontece.com.br\/#\/schema\/person\/3cf2cf009926a9683ebc29d5379fa79c\"},\"headline\":\"Conta de luz segue no vermelho: Aneel mant\u00e9m tarifa mais alta em novembro\",\"datePublished\":\"2025-11-01T12:39:34+00:00\",\"dateModified\":\"2025-11-01T12:39:36+00:00\",\"mainEntityOfPage\":{\"@id\":\"https:\/\/sudoesteacontece.com.br\/?p=1504\"},\"wordCount\":309,\"commentCount\":0,\"publisher\":{\"@id\":\"https:\/\/sudoesteacontece.com.br\/#organization\"},\"image\":{\"@id\":\"https:\/\/sudoesteacontece.com.br\/?p=1504#primaryimage\"},\"thumbnailUrl\":\"https:\/\/sudoesteacontece.com.br\/wp-content\/uploads\/2025\/11\/luz-energia-lampada.jpg\",\"articleSection\":[\"Brasil\",\"Cidades\",\"Pol\u00edtica\"],\"inLanguage\":\"pt-BR\",\"potentialAction\":[{\"@type\":\"CommentAction\",\"name\":\"Comment\",\"target\":[\"https:\/\/sudoesteacontece.com.br\/?p=1504#respond\"]}]},{\"@type\":\"WebPage\",\"@id\":\"https:\/\/sudoesteacontece.com.br\/?p=1504\",\"url\":\"https:\/\/sudoesteacontece.com.br\/?p=1504\",\"name\":\"Conta de luz segue no vermelho: Aneel mant\u00e9m tarifa mais alta em novembro - Sudoesteacontece\",\"isPartOf\":{\"@id\":\"https:\/\/sudoesteacontece.com.br\/#website\"},\"primaryImageOfPage\":{\"@id\":\"https:\/\/sudoesteacontece.com.br\/?p=1504#primaryimage\"},\"image\":{\"@id\":\"https:\/\/sudoesteacontece.com.br\/?p=1504#primaryimage\"},\"thumbnailUrl\":\"https:\/\/sudoesteacontece.com.br\/wp-content\/uploads\/2025\/11\/luz-energia-lampada.jpg\",\"datePublished\":\"2025-11-01T12:39:34+00:00\",\"dateModified\":\"2025-11-01T12:39:36+00:00\",\"breadcrumb\":{\"@id\":\"https:\/\/sudoesteacontece.com.br\/?p=1504#breadcrumb\"},\"inLanguage\":\"pt-BR\",\"potentialAction\":[{\"@type\":\"ReadAction\",\"target\":[\"https:\/\/sudoesteacontece.com.br\/?p=1504\"]}]},{\"@type\":\"ImageObject\",\"inLanguage\":\"pt-BR\",\"@id\":\"https:\/\/sudoesteacontece.com.br\/?p=1504#primaryimage\",\"url\":\"https:\/\/sudoesteacontece.com.br\/wp-content\/uploads\/2025\/11\/luz-energia-lampada.jpg\",\"contentUrl\":\"https:\/\/sudoesteacontece.com.br\/wp-content\/uploads\/2025\/11\/luz-energia-lampada.jpg\",\"width\":900,\"height\":600},{\"@type\":\"BreadcrumbList\",\"@id\":\"https:\/\/sudoesteacontece.com.br\/?p=1504#breadcrumb\",\"itemListElement\":[{\"@type\":\"ListItem\",\"position\":1,\"name\":\"In\u00edcio\",\"item\":\"https:\/\/sudoesteacontece.com.br\/\"},{\"@type\":\"ListItem\",\"position\":2,\"name\":\"Conta de luz segue no vermelho: Aneel mant\u00e9m tarifa mais alta em novembro\"}]},{\"@type\":\"WebSite\",\"@id\":\"https:\/\/sudoesteacontece.com.br\/#website\",\"url\":\"https:\/\/sudoesteacontece.com.br\/\",\"name\":\"Sudoesteacontece\",\"description\":\"\",\"publisher\":{\"@id\":\"https:\/\/sudoesteacontece.com.br\/#organization\"},\"potentialAction\":[{\"@type\":\"SearchAction\",\"target\":{\"@type\":\"EntryPoint\",\"urlTemplate\":\"https:\/\/sudoesteacontece.com.br\/?s={search_term_string}\"},\"query-input\":{\"@type\":\"PropertyValueSpecification\",\"valueRequired\":true,\"valueName\":\"search_term_string\"}}],\"inLanguage\":\"pt-BR\"},{\"@type\":\"Organization\",\"@id\":\"https:\/\/sudoesteacontece.com.br\/#organization\",\"name\":\"Sudoesteacontece\",\"url\":\"https:\/\/sudoesteacontece.com.br\/\",\"logo\":{\"@type\":\"ImageObject\",\"inLanguage\":\"pt-BR\",\"@id\":\"https:\/\/sudoesteacontece.com.br\/#\/schema\/logo\/image\/\",\"url\":\"https:\/\/sudoesteacontece.com.br\/wp-content\/uploads\/2025\/12\/cropped-logo-2-180x180-1.png\",\"contentUrl\":\"https:\/\/sudoesteacontece.com.br\/wp-content\/uploads\/2025\/12\/cropped-logo-2-180x180-1.png\",\"width\":180,\"height\":180,\"caption\":\"Sudoesteacontece\"},\"image\":{\"@id\":\"https:\/\/sudoesteacontece.com.br\/#\/schema\/logo\/image\/\"},\"sameAs\":[\"https:\/\/www.facebook.com\/sudoesteacontece\/?locale=pt_BR\"]},{\"@type\":\"Person\",\"@id\":\"https:\/\/sudoesteacontece.com.br\/#\/schema\/person\/3cf2cf009926a9683ebc29d5379fa79c\",\"name\":\"Washington Tiago\",\"image\":{\"@type\":\"ImageObject\",\"inLanguage\":\"pt-BR\",\"@id\":\"https:\/\/sudoesteacontece.com.br\/#\/schema\/person\/image\/\",\"url\":\"https:\/\/secure.gravatar.com\/avatar\/33c43b8668157e040f9d1fe93c354bf087cbd8ba36270c1163198bd3ddcf2a56?s=96&d=mm&r=g\",\"contentUrl\":\"https:\/\/secure.gravatar.com\/avatar\/33c43b8668157e040f9d1fe93c354bf087cbd8ba36270c1163198bd3ddcf2a56?s=96&d=mm&r=g\",\"caption\":\"Washington Tiago\"},\"url\":\"https:\/\/sudoesteacontece.com.br\/?author=2\"}]}<\/script>\n<!-- \/ Yoast SEO plugin. -->","yoast_head_json":{"title":"Conta de luz segue no vermelho: Aneel mant\u00e9m tarifa mais alta em novembro - Sudoesteacontece","robots":{"index":"index","follow":"follow","max-snippet":"max-snippet:-1","max-image-preview":"max-image-preview:large","max-video-preview":"max-video-preview:-1"},"canonical":"https:\/\/sudoesteacontece.com.br\/?p=1504","og_locale":"pt_BR","og_type":"article","og_title":"Conta de luz segue no vermelho: Aneel mant\u00e9m tarifa mais alta em novembro - Sudoesteacontece","og_description":"A Aneel decidiu manter a bandeira tarif\u00e1ria vermelha patamar 1 em novembro. O consumidor seguir\u00e1 pagando R$ 4,46 a mais a cada 100 kWh consumidos. A informa\u00e7\u00e3o foi divulgada nesta sexta-feira (31). O \u00f3rg\u00e3o justificou que o cen\u00e1rio ainda \u00e9 desfavor\u00e1vel para a gera\u00e7\u00e3o de energia hidrel\u00e9trica. O volume de chuvas segue abaixo da m\u00e9dia e os reservat\u00f3rios continuam com n\u00edveis reduzidos. Para garantir o fornecimento, ser\u00e1 necess\u00e1rio acionar as usinas termel\u00e9tricas, que t\u00eam custo de opera\u00e7\u00e3o mais alto. A medida evita apag\u00f5es, mas encarece a conta de luz das fam\u00edlias. A Aneel explicou que a gera\u00e7\u00e3o solar ainda n\u00e3o \u00e9 suficiente para suprir a demanda. Durante a noite e nos hor\u00e1rios de pico, as termel\u00e9tricas precisam complementar o abastecimento. Em 2025, a bandeira verde vigorou de janeiro a abril, e a amarela foi aplicada em maio. Desde junho, o pa\u00eds enfrenta a bandeira vermelha de forma consecutiva. Nos meses de agosto e setembro, a conta de luz ficou ainda mais pesada com o patamar 2, que acrescentou R$ 7,87 a cada 100 kWh. O cen\u00e1rio come\u00e7ou a aliviar apenas em outubro. O sistema de bandeiras tarif\u00e1rias completou dez anos em 2025. Ele foi criado para repassar os custos da gera\u00e7\u00e3o de energia de forma imediata e incentivar o consumo consciente. Pre\u00e7os maiores nas hidrel\u00e9tricas, causados pela falta de chuvas, s\u00e3o repassados diretamente ao consumidor. A inten\u00e7\u00e3o \u00e9 alertar sobre o uso racional de energia em per\u00edodos cr\u00edticos. As bandeiras tamb\u00e9m impactam a infla\u00e7\u00e3o. O IPCA-15 caiu para 0,18% em outubro, ap\u00f3s alta de 0,48% em setembro, segundo o IBGE. A energia el\u00e9trica ajudou na desacelera\u00e7\u00e3o ao registrar queda de 1,09% no m\u00eas.","og_url":"https:\/\/sudoesteacontece.com.br\/?p=1504","og_site_name":"Sudoesteacontece","article_publisher":"https:\/\/www.facebook.com\/sudoesteacontece\/?locale=pt_BR","article_published_time":"2025-11-01T12:39:34+00:00","article_modified_time":"2025-11-01T12:39:36+00:00","og_image":[{"width":900,"height":600,"url":"https:\/\/sudoesteacontece.com.br\/wp-content\/uploads\/2025\/11\/luz-energia-lampada.jpg","type":"image\/jpeg"}],"author":"Washington Tiago","twitter_card":"summary_large_image","twitter_misc":{"Escrito por":"Washington Tiago","Est. tempo de leitura":"1 minuto"},"schema":{"@context":"https:\/\/schema.org","@graph":[{"@type":"Article","@id":"https:\/\/sudoesteacontece.com.br\/?p=1504#article","isPartOf":{"@id":"https:\/\/sudoesteacontece.com.br\/?p=1504"},"author":{"name":"Washington Tiago","@id":"https:\/\/sudoesteacontece.com.br\/#\/schema\/person\/3cf2cf009926a9683ebc29d5379fa79c"},"headline":"Conta de luz segue no vermelho: Aneel mant\u00e9m tarifa mais alta em novembro","datePublished":"2025-11-01T12:39:34+00:00","dateModified":"2025-11-01T12:39:36+00:00","mainEntityOfPage":{"@id":"https:\/\/sudoesteacontece.com.br\/?p=1504"},"wordCount":309,"commentCount":0,"publisher":{"@id":"https:\/\/sudoesteacontece.com.br\/#organization"},"image":{"@id":"https:\/\/sudoesteacontece.com.br\/?p=1504#primaryimage"},"thumbnailUrl":"https:\/\/sudoesteacontece.com.br\/wp-content\/uploads\/2025\/11\/luz-energia-lampada.jpg","articleSection":["Brasil","Cidades","Pol\u00edtica"],"inLanguage":"pt-BR","potentialAction":[{"@type":"CommentAction","name":"Comment","target":["https:\/\/sudoesteacontece.com.br\/?p=1504#respond"]}]},{"@type":"WebPage","@id":"https:\/\/sudoesteacontece.com.br\/?p=1504","url":"https:\/\/sudoesteacontece.com.br\/?p=1504","name":"Conta de luz segue no vermelho: Aneel mant\u00e9m tarifa mais alta em novembro - Sudoesteacontece","isPartOf":{"@id":"https:\/\/sudoesteacontece.com.br\/#website"},"primaryImageOfPage":{"@id":"https:\/\/sudoesteacontece.com.br\/?p=1504#primaryimage"},"image":{"@id":"https:\/\/sudoesteacontece.com.br\/?p=1504#primaryimage"},"thumbnailUrl":"https:\/\/sudoesteacontece.com.br\/wp-content\/uploads\/2025\/11\/luz-energia-lampada.jpg","datePublished":"2025-11-01T12:39:34+00:00","dateModified":"2025-11-01T12:39:36+00:00","breadcrumb":{"@id":"https:\/\/sudoesteacontece.com.br\/?p=1504#breadcrumb"},"inLanguage":"pt-BR","potentialAction":[{"@type":"ReadAction","target":["https:\/\/sudoesteacontece.com.br\/?p=1504"]}]},{"@type":"ImageObject","inLanguage":"pt-BR","@id":"https:\/\/sudoesteacontece.com.br\/?p=1504#primaryimage","url":"https:\/\/sudoesteacontece.com.br\/wp-content\/uploads\/2025\/11\/luz-energia-lampada.jpg","contentUrl":"https:\/\/sudoesteacontece.com.br\/wp-content\/uploads\/2025\/11\/luz-energia-lampada.jpg","width":900,"height":600},{"@type":"BreadcrumbList","@id":"https:\/\/sudoesteacontece.com.br\/?p=1504#breadcrumb","itemListElement":[{"@type":"ListItem","position":1,"name":"In\u00edcio","item":"https:\/\/sudoesteacontece.com.br\/"},{"@type":"ListItem","position":2,"name":"Conta de luz segue no vermelho: Aneel mant\u00e9m tarifa mais alta em novembro"}]},{"@type":"WebSite","@id":"https:\/\/sudoesteacontece.com.br\/#website","url":"https:\/\/sudoesteacontece.com.br\/","name":"Sudoesteacontece","description":"","publisher":{"@id":"https:\/\/sudoesteacontece.com.br\/#organization"},"potentialAction":[{"@type":"SearchAction","target":{"@type":"EntryPoint","urlTemplate":"https:\/\/sudoesteacontece.com.br\/?s={search_term_string}"},"query-input":{"@type":"PropertyValueSpecification","valueRequired":true,"valueName":"search_term_string"}}],"inLanguage":"pt-BR"},{"@type":"Organization","@id":"https:\/\/sudoesteacontece.com.br\/#organization","name":"Sudoesteacontece","url":"https:\/\/sudoesteacontece.com.br\/","logo":{"@type":"ImageObject","inLanguage":"pt-BR","@id":"https:\/\/sudoesteacontece.com.br\/#\/schema\/logo\/image\/","url":"https:\/\/sudoesteacontece.com.br\/wp-content\/uploads\/2025\/12\/cropped-logo-2-180x180-1.png","contentUrl":"https:\/\/sudoesteacontece.com.br\/wp-content\/uploads\/2025\/12\/cropped-logo-2-180x180-1.png","width":180,"height":180,"caption":"Sudoesteacontece"},"image":{"@id":"https:\/\/sudoesteacontece.com.br\/#\/schema\/logo\/image\/"},"sameAs":["https:\/\/www.facebook.com\/sudoesteacontece\/?locale=pt_BR"]},{"@type":"Person","@id":"https:\/\/sudoesteacontece.com.br\/#\/schema\/person\/3cf2cf009926a9683ebc29d5379fa79c","name":"Washington Tiago","image":{"@type":"ImageObject","inLanguage":"pt-BR","@id":"https:\/\/sudoesteacontece.com.br\/#\/schema\/person\/image\/","url":"https:\/\/secure.gravatar.com\/avatar\/33c43b8668157e040f9d1fe93c354bf087cbd8ba36270c1163198bd3ddcf2a56?s=96&d=mm&r=g","contentUrl":"https:\/\/secure.gravatar.com\/avatar\/33c43b8668157e040f9d1fe93c354bf087cbd8ba36270c1163198bd3ddcf2a56?s=96&d=mm&r=g","caption":"Washington Tiago"},"url":"https:\/\/sudoesteacontece.com.br\/?author=2"}]}},"_links":{"self":[{"href":"https:\/\/sudoesteacontece.com.br\/index.php?rest_route=\/wp\/v2\/posts\/1504","targetHints":{"allow":["GET"]}}],"collection":[{"href":"https:\/\/sudoesteacontece.com.br\/index.php?rest_route=\/wp\/v2\/posts"}],"about":[{"href":"https:\/\/sudoesteacontece.com.br\/index.php?rest_route=\/wp\/v2\/types\/post"}],"author":[{"embeddable":true,"href":"https:\/\/sudoesteacontece.com.br\/index.php?rest_route=\/wp\/v2\/users\/2"}],"replies":[{"embeddable":true,"href":"https:\/\/sudoesteacontece.com.br\/index.php?rest_route=%2Fwp%2Fv2%2Fcomments&post=1504"}],"version-history":[{"count":0,"href":"https:\/\/sudoesteacontece.com.br\/index.php?rest_route=\/wp\/v2\/posts\/1504\/revisions"}],"wp:featuredmedia":[{"embeddable":true,"href":"https:\/\/sudoesteacontece.com.br\/index.php?rest_route=\/wp\/v2\/media\/1524"}],"wp:attachment":[{"href":"https:\/\/sudoesteacontece.com.br\/index.php?rest_route=%2Fwp%2Fv2%2Fmedia&parent=1504"}],"wp:term":[{"taxonomy":"category","embeddable":true,"href":"https:\/\/sudoesteacontece.com.br\/index.php?rest_route=%2Fwp%2Fv2%2Fcategories&post=1504"},{"taxonomy":"post_tag","embeddable":true,"href":"https:\/\/sudoesteacontece.com.br\/index.php?rest_route=%2Fwp%2Fv2%2Ftags&post=1504"}],"curies":[{"name":"wp","href":"https:\/\/api.w.org\/{rel}","templated":true}]}}