{"id":1506,"date":"2025-11-01T10:01:13","date_gmt":"2025-11-01T13:01:13","guid":{"rendered":"https:\/\/sudoesteacontece.com.br\/?p=1506"},"modified":"2025-11-01T10:01:15","modified_gmt":"2025-11-01T13:01:15","slug":"brumado-acelera-obras-de-mobilidade-e-recupera-rua-esquecida-ha-tres-decadas","status":"publish","type":"post","link":"https:\/\/sudoesteacontece.com.br\/?p=1506","title":{"rendered":"Brumado acelera obras de mobilidade e recupera rua esquecida h\u00e1 tr\u00eas d\u00e9cadas"},"content":{"rendered":"\n<figure class=\"wp-block-image size-large\"><img fetchpriority=\"high\" decoding=\"async\" width=\"1024\" height=\"747\" src=\"http:\/\/sudoesteacontece.com.br\/wp-content\/uploads\/2025\/11\/Brumado-acelera-obras-de-mobilidade-e-recupera-rua-esquecida-ha-tres-decadas-sudoeste-acontece-1024x747.jpg\" alt=\"\" class=\"wp-image-1528\" srcset=\"https:\/\/sudoesteacontece.com.br\/wp-content\/uploads\/2025\/11\/Brumado-acelera-obras-de-mobilidade-e-recupera-rua-esquecida-ha-tres-decadas-sudoeste-acontece-1024x747.jpg 1024w, https:\/\/sudoesteacontece.com.br\/wp-content\/uploads\/2025\/11\/Brumado-acelera-obras-de-mobilidade-e-recupera-rua-esquecida-ha-tres-decadas-sudoeste-acontece-300x219.jpg 300w, https:\/\/sudoesteacontece.com.br\/wp-content\/uploads\/2025\/11\/Brumado-acelera-obras-de-mobilidade-e-recupera-rua-esquecida-ha-tres-decadas-sudoeste-acontece-768x560.jpg 768w, https:\/\/sudoesteacontece.com.br\/wp-content\/uploads\/2025\/11\/Brumado-acelera-obras-de-mobilidade-e-recupera-rua-esquecida-ha-tres-decadas-sudoeste-acontece-1536x1121.jpg 1536w, https:\/\/sudoesteacontece.com.br\/wp-content\/uploads\/2025\/11\/Brumado-acelera-obras-de-mobilidade-e-recupera-rua-esquecida-ha-tres-decadas-sudoeste-acontece-2048x1495.jpg 2048w\" sizes=\"(max-width: 1024px) 100vw, 1024px\" \/><\/figure>\n\n\n\n<p>Depois de tr\u00eas d\u00e9cadas de espera, os moradores da Rua Nazar\u00e9, no bairro Dr. Juraci, em Brumado, come\u00e7aram a ver as m\u00e1quinas trabalhando. A prefeitura iniciou nesta semana as obras de pavimenta\u00e7\u00e3o asf\u00e1ltica, devolvendo esperan\u00e7a e valoriza\u00e7\u00e3o \u00e0 comunidade.<\/p>\n\n\n\n<p>Prefeito Fabr\u00edcio Abrantes acompanhou de perto o in\u00edcio dos servi\u00e7os. Durante a visita, ele refor\u00e7ou o compromisso da gest\u00e3o com a infraestrutura urbana e agradeceu a paci\u00eancia dos moradores. \u201cSe Deus quiser, logo essa rua estar\u00e1 asfaltada, pavimentada e totalmente recuperada. Agrade\u00e7o a parceria do vereador Harley e a confian\u00e7a dos moradores\u201d, afirmou o gestor.<\/p>\n\n\n\n<p>Moradores relataram emo\u00e7\u00e3o ao ver o in\u00edcio das obras. Muitos lembraram que a rua enfrentava h\u00e1 anos problemas de poeira, lama e buracos, dificultando o acesso de ve\u00edculos e pedestres. \u201c\u00c9 um sonho antigo. A gente esperava por isso h\u00e1 muito tempo\u201d, disse uma moradora.<\/p>\n\n\n\n<p>As obras fazem parte do programa de infraestrutura urbana lan\u00e7ado pela atual gest\u00e3o. O projeto prev\u00ea a moderniza\u00e7\u00e3o de diversas vias da cidade, com foco na mobilidade, drenagem e pavimenta\u00e7\u00e3o. Segundo a prefeitura, a interven\u00e7\u00e3o na Rua Nazar\u00e9 \u00e9 uma das etapas mais aguardadas pelos moradores do bairro.<\/p>\n\n\n\n<p>O cronograma inclui, al\u00e9m da aplica\u00e7\u00e3o do asfalto, servi\u00e7os de nivelamento, instala\u00e7\u00e3o de meio-fio e corre\u00e7\u00e3o do sistema de escoamento de \u00e1guas pluviais. A previs\u00e3o \u00e9 de que o trabalho seja conclu\u00eddo nas pr\u00f3ximas semanas, dependendo das condi\u00e7\u00f5es clim\u00e1ticas.<\/p>\n\n\n\n<p>Com o avan\u00e7o das obras, a Rua Nazar\u00e9 deve ganhar um novo aspecto urbano, facilitando o tr\u00e1fego e valorizando os im\u00f3veis da regi\u00e3o. A administra\u00e7\u00e3o municipal afirma que seguir\u00e1 com o plano de revitaliza\u00e7\u00e3o em outras \u00e1reas que tamb\u00e9m aguardam h\u00e1 anos por melhorias estruturais.<\/p>\n","protected":false},"excerpt":{"rendered":"<p>Depois de tr\u00eas d\u00e9cadas de espera, os moradores da Rua Nazar\u00e9, no bairro Dr. Juraci, em Brumado, come\u00e7aram a ver as m\u00e1quinas trabalhando. A prefeitura iniciou nesta semana as obras de pavimenta\u00e7\u00e3o asf\u00e1ltica, devolvendo esperan\u00e7a e valoriza\u00e7\u00e3o \u00e0 comunidade. Prefeito Fabr\u00edcio Abrantes acompanhou de perto o in\u00edcio dos servi\u00e7os. Durante a visita, ele refor\u00e7ou o compromisso da gest\u00e3o com a infraestrutura urbana e agradeceu a paci\u00eancia dos moradores. \u201cSe Deus quiser, logo essa rua estar\u00e1 asfaltada, pavimentada e totalmente recuperada. Agrade\u00e7o a parceria do vereador Harley e a confian\u00e7a dos moradores\u201d, afirmou o gestor. Moradores relataram emo\u00e7\u00e3o ao ver o in\u00edcio das obras. Muitos lembraram que a rua enfrentava h\u00e1 anos problemas de poeira, lama e buracos, dificultando o acesso de ve\u00edculos e pedestres. \u201c\u00c9 um sonho antigo. A gente esperava por isso h\u00e1 muito tempo\u201d, disse uma moradora. As obras fazem parte do programa de infraestrutura urbana lan\u00e7ado pela atual gest\u00e3o. O projeto prev\u00ea a moderniza\u00e7\u00e3o de diversas vias da cidade, com foco na mobilidade, drenagem e pavimenta\u00e7\u00e3o. Segundo a prefeitura, a interven\u00e7\u00e3o na Rua Nazar\u00e9 \u00e9 uma das etapas mais aguardadas pelos moradores do bairro. O cronograma inclui, al\u00e9m da aplica\u00e7\u00e3o do asfalto, servi\u00e7os de nivelamento, instala\u00e7\u00e3o de meio-fio e corre\u00e7\u00e3o do sistema de escoamento de \u00e1guas pluviais. A previs\u00e3o \u00e9 de que o trabalho seja conclu\u00eddo nas pr\u00f3ximas semanas, dependendo das condi\u00e7\u00f5es clim\u00e1ticas. Com o avan\u00e7o das obras, a Rua Nazar\u00e9 deve ganhar um novo aspecto urbano, facilitando o tr\u00e1fego e valorizando os im\u00f3veis da regi\u00e3o. A administra\u00e7\u00e3o municipal afirma que seguir\u00e1 com o plano de revitaliza\u00e7\u00e3o em outras \u00e1reas que tamb\u00e9m aguardam h\u00e1 anos por melhorias estruturais.<\/p>\n","protected":false},"author":2,"featured_media":1528,"comment_status":"open","ping_status":"open","sticky":false,"template":"","format":"standard","meta":{"footnotes":""},"categories":[10,6],"tags":[],"class_list":["post-1506","post","type-post","status-publish","format-standard","has-post-thumbnail","hentry","category-brumado","category-politica"],"yoast_head":"<!-- This site is optimized with the Yoast SEO plugin v26.5 - https:\/\/yoast.com\/wordpress\/plugins\/seo\/ -->\n<title>Brumado acelera obras de mobilidade e recupera rua esquecida h\u00e1 tr\u00eas d\u00e9cadas - Sudoesteacontece<\/title>\n<meta name=\"robots\" content=\"index, follow, max-snippet:-1, max-image-preview:large, max-video-preview:-1\" \/>\n<link rel=\"canonical\" href=\"https:\/\/sudoesteacontece.com.br\/?p=1506\" \/>\n<meta property=\"og:locale\" content=\"pt_BR\" \/>\n<meta property=\"og:type\" content=\"article\" \/>\n<meta property=\"og:title\" content=\"Brumado acelera obras de mobilidade e recupera rua esquecida h\u00e1 tr\u00eas d\u00e9cadas - Sudoesteacontece\" \/>\n<meta property=\"og:description\" content=\"Depois de tr\u00eas d\u00e9cadas de espera, os moradores da Rua Nazar\u00e9, no bairro Dr. Juraci, em Brumado, come\u00e7aram a ver as m\u00e1quinas trabalhando. A prefeitura iniciou nesta semana as obras de pavimenta\u00e7\u00e3o asf\u00e1ltica, devolvendo esperan\u00e7a e valoriza\u00e7\u00e3o \u00e0 comunidade. Prefeito Fabr\u00edcio Abrantes acompanhou de perto o in\u00edcio dos servi\u00e7os. Durante a visita, ele refor\u00e7ou o compromisso da gest\u00e3o com a infraestrutura urbana e agradeceu a paci\u00eancia dos moradores. \u201cSe Deus quiser, logo essa rua estar\u00e1 asfaltada, pavimentada e totalmente recuperada. Agrade\u00e7o a parceria do vereador Harley e a confian\u00e7a dos moradores\u201d, afirmou o gestor. Moradores relataram emo\u00e7\u00e3o ao ver o in\u00edcio das obras. Muitos lembraram que a rua enfrentava h\u00e1 anos problemas de poeira, lama e buracos, dificultando o acesso de ve\u00edculos e pedestres. \u201c\u00c9 um sonho antigo. A gente esperava por isso h\u00e1 muito tempo\u201d, disse uma moradora. As obras fazem parte do programa de infraestrutura urbana lan\u00e7ado pela atual gest\u00e3o. O projeto prev\u00ea a moderniza\u00e7\u00e3o de diversas vias da cidade, com foco na mobilidade, drenagem e pavimenta\u00e7\u00e3o. Segundo a prefeitura, a interven\u00e7\u00e3o na Rua Nazar\u00e9 \u00e9 uma das etapas mais aguardadas pelos moradores do bairro. O cronograma inclui, al\u00e9m da aplica\u00e7\u00e3o do asfalto, servi\u00e7os de nivelamento, instala\u00e7\u00e3o de meio-fio e corre\u00e7\u00e3o do sistema de escoamento de \u00e1guas pluviais. A previs\u00e3o \u00e9 de que o trabalho seja conclu\u00eddo nas pr\u00f3ximas semanas, dependendo das condi\u00e7\u00f5es clim\u00e1ticas. Com o avan\u00e7o das obras, a Rua Nazar\u00e9 deve ganhar um novo aspecto urbano, facilitando o tr\u00e1fego e valorizando os im\u00f3veis da regi\u00e3o. A administra\u00e7\u00e3o municipal afirma que seguir\u00e1 com o plano de revitaliza\u00e7\u00e3o em outras \u00e1reas que tamb\u00e9m aguardam h\u00e1 anos por melhorias estruturais.\" \/>\n<meta property=\"og:url\" content=\"https:\/\/sudoesteacontece.com.br\/?p=1506\" \/>\n<meta property=\"og:site_name\" content=\"Sudoesteacontece\" \/>\n<meta property=\"article:publisher\" content=\"https:\/\/www.facebook.com\/sudoesteacontece\/?locale=pt_BR\" \/>\n<meta property=\"article:published_time\" content=\"2025-11-01T13:01:13+00:00\" \/>\n<meta property=\"article:modified_time\" content=\"2025-11-01T13:01:15+00:00\" \/>\n<meta property=\"og:image\" content=\"https:\/\/sudoesteacontece.com.br\/wp-content\/uploads\/2025\/11\/Brumado-acelera-obras-de-mobilidade-e-recupera-rua-esquecida-ha-tres-decadas-sudoeste-acontece-scaled.jpg\" \/>\n\t<meta property=\"og:image:width\" content=\"2560\" \/>\n\t<meta property=\"og:image:height\" content=\"1868\" \/>\n\t<meta property=\"og:image:type\" content=\"image\/jpeg\" \/>\n<meta name=\"author\" content=\"Washington Tiago\" \/>\n<meta name=\"twitter:card\" content=\"summary_large_image\" \/>\n<meta name=\"twitter:label1\" content=\"Escrito por\" \/>\n\t<meta name=\"twitter:data1\" content=\"Washington Tiago\" \/>\n\t<meta name=\"twitter:label2\" content=\"Est. tempo de leitura\" \/>\n\t<meta name=\"twitter:data2\" content=\"2 minutos\" \/>\n<script type=\"application\/ld+json\" class=\"yoast-schema-graph\">{\"@context\":\"https:\/\/schema.org\",\"@graph\":[{\"@type\":\"Article\",\"@id\":\"https:\/\/sudoesteacontece.com.br\/?p=1506#article\",\"isPartOf\":{\"@id\":\"https:\/\/sudoesteacontece.com.br\/?p=1506\"},\"author\":{\"name\":\"Washington Tiago\",\"@id\":\"https:\/\/sudoesteacontece.com.br\/#\/schema\/person\/3cf2cf009926a9683ebc29d5379fa79c\"},\"headline\":\"Brumado acelera obras de mobilidade e recupera rua esquecida h\u00e1 tr\u00eas d\u00e9cadas\",\"datePublished\":\"2025-11-01T13:01:13+00:00\",\"dateModified\":\"2025-11-01T13:01:15+00:00\",\"mainEntityOfPage\":{\"@id\":\"https:\/\/sudoesteacontece.com.br\/?p=1506\"},\"wordCount\":322,\"commentCount\":0,\"publisher\":{\"@id\":\"https:\/\/sudoesteacontece.com.br\/#organization\"},\"image\":{\"@id\":\"https:\/\/sudoesteacontece.com.br\/?p=1506#primaryimage\"},\"thumbnailUrl\":\"https:\/\/sudoesteacontece.com.br\/wp-content\/uploads\/2025\/11\/Brumado-acelera-obras-de-mobilidade-e-recupera-rua-esquecida-ha-tres-decadas-sudoeste-acontece-scaled.jpg\",\"articleSection\":[\"Brumado\",\"Pol\u00edtica\"],\"inLanguage\":\"pt-BR\",\"potentialAction\":[{\"@type\":\"CommentAction\",\"name\":\"Comment\",\"target\":[\"https:\/\/sudoesteacontece.com.br\/?p=1506#respond\"]}]},{\"@type\":\"WebPage\",\"@id\":\"https:\/\/sudoesteacontece.com.br\/?p=1506\",\"url\":\"https:\/\/sudoesteacontece.com.br\/?p=1506\",\"name\":\"Brumado acelera obras de mobilidade e recupera rua esquecida h\u00e1 tr\u00eas d\u00e9cadas - Sudoesteacontece\",\"isPartOf\":{\"@id\":\"https:\/\/sudoesteacontece.com.br\/#website\"},\"primaryImageOfPage\":{\"@id\":\"https:\/\/sudoesteacontece.com.br\/?p=1506#primaryimage\"},\"image\":{\"@id\":\"https:\/\/sudoesteacontece.com.br\/?p=1506#primaryimage\"},\"thumbnailUrl\":\"https:\/\/sudoesteacontece.com.br\/wp-content\/uploads\/2025\/11\/Brumado-acelera-obras-de-mobilidade-e-recupera-rua-esquecida-ha-tres-decadas-sudoeste-acontece-scaled.jpg\",\"datePublished\":\"2025-11-01T13:01:13+00:00\",\"dateModified\":\"2025-11-01T13:01:15+00:00\",\"breadcrumb\":{\"@id\":\"https:\/\/sudoesteacontece.com.br\/?p=1506#breadcrumb\"},\"inLanguage\":\"pt-BR\",\"potentialAction\":[{\"@type\":\"ReadAction\",\"target\":[\"https:\/\/sudoesteacontece.com.br\/?p=1506\"]}]},{\"@type\":\"ImageObject\",\"inLanguage\":\"pt-BR\",\"@id\":\"https:\/\/sudoesteacontece.com.br\/?p=1506#primaryimage\",\"url\":\"https:\/\/sudoesteacontece.com.br\/wp-content\/uploads\/2025\/11\/Brumado-acelera-obras-de-mobilidade-e-recupera-rua-esquecida-ha-tres-decadas-sudoeste-acontece-scaled.jpg\",\"contentUrl\":\"https:\/\/sudoesteacontece.com.br\/wp-content\/uploads\/2025\/11\/Brumado-acelera-obras-de-mobilidade-e-recupera-rua-esquecida-ha-tres-decadas-sudoeste-acontece-scaled.jpg\",\"width\":2560,\"height\":1868},{\"@type\":\"BreadcrumbList\",\"@id\":\"https:\/\/sudoesteacontece.com.br\/?p=1506#breadcrumb\",\"itemListElement\":[{\"@type\":\"ListItem\",\"position\":1,\"name\":\"In\u00edcio\",\"item\":\"https:\/\/sudoesteacontece.com.br\/\"},{\"@type\":\"ListItem\",\"position\":2,\"name\":\"Brumado acelera obras de mobilidade e recupera rua esquecida h\u00e1 tr\u00eas d\u00e9cadas\"}]},{\"@type\":\"WebSite\",\"@id\":\"https:\/\/sudoesteacontece.com.br\/#website\",\"url\":\"https:\/\/sudoesteacontece.com.br\/\",\"name\":\"Sudoesteacontece\",\"description\":\"\",\"publisher\":{\"@id\":\"https:\/\/sudoesteacontece.com.br\/#organization\"},\"potentialAction\":[{\"@type\":\"SearchAction\",\"target\":{\"@type\":\"EntryPoint\",\"urlTemplate\":\"https:\/\/sudoesteacontece.com.br\/?s={search_term_string}\"},\"query-input\":{\"@type\":\"PropertyValueSpecification\",\"valueRequired\":true,\"valueName\":\"search_term_string\"}}],\"inLanguage\":\"pt-BR\"},{\"@type\":\"Organization\",\"@id\":\"https:\/\/sudoesteacontece.com.br\/#organization\",\"name\":\"Sudoesteacontece\",\"url\":\"https:\/\/sudoesteacontece.com.br\/\",\"logo\":{\"@type\":\"ImageObject\",\"inLanguage\":\"pt-BR\",\"@id\":\"https:\/\/sudoesteacontece.com.br\/#\/schema\/logo\/image\/\",\"url\":\"https:\/\/sudoesteacontece.com.br\/wp-content\/uploads\/2025\/12\/cropped-logo-2-180x180-1.png\",\"contentUrl\":\"https:\/\/sudoesteacontece.com.br\/wp-content\/uploads\/2025\/12\/cropped-logo-2-180x180-1.png\",\"width\":180,\"height\":180,\"caption\":\"Sudoesteacontece\"},\"image\":{\"@id\":\"https:\/\/sudoesteacontece.com.br\/#\/schema\/logo\/image\/\"},\"sameAs\":[\"https:\/\/www.facebook.com\/sudoesteacontece\/?locale=pt_BR\"]},{\"@type\":\"Person\",\"@id\":\"https:\/\/sudoesteacontece.com.br\/#\/schema\/person\/3cf2cf009926a9683ebc29d5379fa79c\",\"name\":\"Washington Tiago\",\"image\":{\"@type\":\"ImageObject\",\"inLanguage\":\"pt-BR\",\"@id\":\"https:\/\/sudoesteacontece.com.br\/#\/schema\/person\/image\/\",\"url\":\"https:\/\/secure.gravatar.com\/avatar\/33c43b8668157e040f9d1fe93c354bf087cbd8ba36270c1163198bd3ddcf2a56?s=96&d=mm&r=g\",\"contentUrl\":\"https:\/\/secure.gravatar.com\/avatar\/33c43b8668157e040f9d1fe93c354bf087cbd8ba36270c1163198bd3ddcf2a56?s=96&d=mm&r=g\",\"caption\":\"Washington Tiago\"},\"url\":\"https:\/\/sudoesteacontece.com.br\/?author=2\"}]}<\/script>\n<!-- \/ Yoast SEO plugin. -->","yoast_head_json":{"title":"Brumado acelera obras de mobilidade e recupera rua esquecida h\u00e1 tr\u00eas d\u00e9cadas - Sudoesteacontece","robots":{"index":"index","follow":"follow","max-snippet":"max-snippet:-1","max-image-preview":"max-image-preview:large","max-video-preview":"max-video-preview:-1"},"canonical":"https:\/\/sudoesteacontece.com.br\/?p=1506","og_locale":"pt_BR","og_type":"article","og_title":"Brumado acelera obras de mobilidade e recupera rua esquecida h\u00e1 tr\u00eas d\u00e9cadas - Sudoesteacontece","og_description":"Depois de tr\u00eas d\u00e9cadas de espera, os moradores da Rua Nazar\u00e9, no bairro Dr. Juraci, em Brumado, come\u00e7aram a ver as m\u00e1quinas trabalhando. A prefeitura iniciou nesta semana as obras de pavimenta\u00e7\u00e3o asf\u00e1ltica, devolvendo esperan\u00e7a e valoriza\u00e7\u00e3o \u00e0 comunidade. Prefeito Fabr\u00edcio Abrantes acompanhou de perto o in\u00edcio dos servi\u00e7os. Durante a visita, ele refor\u00e7ou o compromisso da gest\u00e3o com a infraestrutura urbana e agradeceu a paci\u00eancia dos moradores. \u201cSe Deus quiser, logo essa rua estar\u00e1 asfaltada, pavimentada e totalmente recuperada. Agrade\u00e7o a parceria do vereador Harley e a confian\u00e7a dos moradores\u201d, afirmou o gestor. Moradores relataram emo\u00e7\u00e3o ao ver o in\u00edcio das obras. Muitos lembraram que a rua enfrentava h\u00e1 anos problemas de poeira, lama e buracos, dificultando o acesso de ve\u00edculos e pedestres. \u201c\u00c9 um sonho antigo. A gente esperava por isso h\u00e1 muito tempo\u201d, disse uma moradora. As obras fazem parte do programa de infraestrutura urbana lan\u00e7ado pela atual gest\u00e3o. O projeto prev\u00ea a moderniza\u00e7\u00e3o de diversas vias da cidade, com foco na mobilidade, drenagem e pavimenta\u00e7\u00e3o. Segundo a prefeitura, a interven\u00e7\u00e3o na Rua Nazar\u00e9 \u00e9 uma das etapas mais aguardadas pelos moradores do bairro. O cronograma inclui, al\u00e9m da aplica\u00e7\u00e3o do asfalto, servi\u00e7os de nivelamento, instala\u00e7\u00e3o de meio-fio e corre\u00e7\u00e3o do sistema de escoamento de \u00e1guas pluviais. A previs\u00e3o \u00e9 de que o trabalho seja conclu\u00eddo nas pr\u00f3ximas semanas, dependendo das condi\u00e7\u00f5es clim\u00e1ticas. Com o avan\u00e7o das obras, a Rua Nazar\u00e9 deve ganhar um novo aspecto urbano, facilitando o tr\u00e1fego e valorizando os im\u00f3veis da regi\u00e3o. A administra\u00e7\u00e3o municipal afirma que seguir\u00e1 com o plano de revitaliza\u00e7\u00e3o em outras \u00e1reas que tamb\u00e9m aguardam h\u00e1 anos por melhorias estruturais.","og_url":"https:\/\/sudoesteacontece.com.br\/?p=1506","og_site_name":"Sudoesteacontece","article_publisher":"https:\/\/www.facebook.com\/sudoesteacontece\/?locale=pt_BR","article_published_time":"2025-11-01T13:01:13+00:00","article_modified_time":"2025-11-01T13:01:15+00:00","og_image":[{"width":2560,"height":1868,"url":"https:\/\/sudoesteacontece.com.br\/wp-content\/uploads\/2025\/11\/Brumado-acelera-obras-de-mobilidade-e-recupera-rua-esquecida-ha-tres-decadas-sudoeste-acontece-scaled.jpg","type":"image\/jpeg"}],"author":"Washington Tiago","twitter_card":"summary_large_image","twitter_misc":{"Escrito por":"Washington Tiago","Est. tempo de leitura":"2 minutos"},"schema":{"@context":"https:\/\/schema.org","@graph":[{"@type":"Article","@id":"https:\/\/sudoesteacontece.com.br\/?p=1506#article","isPartOf":{"@id":"https:\/\/sudoesteacontece.com.br\/?p=1506"},"author":{"name":"Washington Tiago","@id":"https:\/\/sudoesteacontece.com.br\/#\/schema\/person\/3cf2cf009926a9683ebc29d5379fa79c"},"headline":"Brumado acelera obras de mobilidade e recupera rua esquecida h\u00e1 tr\u00eas d\u00e9cadas","datePublished":"2025-11-01T13:01:13+00:00","dateModified":"2025-11-01T13:01:15+00:00","mainEntityOfPage":{"@id":"https:\/\/sudoesteacontece.com.br\/?p=1506"},"wordCount":322,"commentCount":0,"publisher":{"@id":"https:\/\/sudoesteacontece.com.br\/#organization"},"image":{"@id":"https:\/\/sudoesteacontece.com.br\/?p=1506#primaryimage"},"thumbnailUrl":"https:\/\/sudoesteacontece.com.br\/wp-content\/uploads\/2025\/11\/Brumado-acelera-obras-de-mobilidade-e-recupera-rua-esquecida-ha-tres-decadas-sudoeste-acontece-scaled.jpg","articleSection":["Brumado","Pol\u00edtica"],"inLanguage":"pt-BR","potentialAction":[{"@type":"CommentAction","name":"Comment","target":["https:\/\/sudoesteacontece.com.br\/?p=1506#respond"]}]},{"@type":"WebPage","@id":"https:\/\/sudoesteacontece.com.br\/?p=1506","url":"https:\/\/sudoesteacontece.com.br\/?p=1506","name":"Brumado acelera obras de mobilidade e recupera rua esquecida h\u00e1 tr\u00eas d\u00e9cadas - Sudoesteacontece","isPartOf":{"@id":"https:\/\/sudoesteacontece.com.br\/#website"},"primaryImageOfPage":{"@id":"https:\/\/sudoesteacontece.com.br\/?p=1506#primaryimage"},"image":{"@id":"https:\/\/sudoesteacontece.com.br\/?p=1506#primaryimage"},"thumbnailUrl":"https:\/\/sudoesteacontece.com.br\/wp-content\/uploads\/2025\/11\/Brumado-acelera-obras-de-mobilidade-e-recupera-rua-esquecida-ha-tres-decadas-sudoeste-acontece-scaled.jpg","datePublished":"2025-11-01T13:01:13+00:00","dateModified":"2025-11-01T13:01:15+00:00","breadcrumb":{"@id":"https:\/\/sudoesteacontece.com.br\/?p=1506#breadcrumb"},"inLanguage":"pt-BR","potentialAction":[{"@type":"ReadAction","target":["https:\/\/sudoesteacontece.com.br\/?p=1506"]}]},{"@type":"ImageObject","inLanguage":"pt-BR","@id":"https:\/\/sudoesteacontece.com.br\/?p=1506#primaryimage","url":"https:\/\/sudoesteacontece.com.br\/wp-content\/uploads\/2025\/11\/Brumado-acelera-obras-de-mobilidade-e-recupera-rua-esquecida-ha-tres-decadas-sudoeste-acontece-scaled.jpg","contentUrl":"https:\/\/sudoesteacontece.com.br\/wp-content\/uploads\/2025\/11\/Brumado-acelera-obras-de-mobilidade-e-recupera-rua-esquecida-ha-tres-decadas-sudoeste-acontece-scaled.jpg","width":2560,"height":1868},{"@type":"BreadcrumbList","@id":"https:\/\/sudoesteacontece.com.br\/?p=1506#breadcrumb","itemListElement":[{"@type":"ListItem","position":1,"name":"In\u00edcio","item":"https:\/\/sudoesteacontece.com.br\/"},{"@type":"ListItem","position":2,"name":"Brumado acelera obras de mobilidade e recupera rua esquecida h\u00e1 tr\u00eas d\u00e9cadas"}]},{"@type":"WebSite","@id":"https:\/\/sudoesteacontece.com.br\/#website","url":"https:\/\/sudoesteacontece.com.br\/","name":"Sudoesteacontece","description":"","publisher":{"@id":"https:\/\/sudoesteacontece.com.br\/#organization"},"potentialAction":[{"@type":"SearchAction","target":{"@type":"EntryPoint","urlTemplate":"https:\/\/sudoesteacontece.com.br\/?s={search_term_string}"},"query-input":{"@type":"PropertyValueSpecification","valueRequired":true,"valueName":"search_term_string"}}],"inLanguage":"pt-BR"},{"@type":"Organization","@id":"https:\/\/sudoesteacontece.com.br\/#organization","name":"Sudoesteacontece","url":"https:\/\/sudoesteacontece.com.br\/","logo":{"@type":"ImageObject","inLanguage":"pt-BR","@id":"https:\/\/sudoesteacontece.com.br\/#\/schema\/logo\/image\/","url":"https:\/\/sudoesteacontece.com.br\/wp-content\/uploads\/2025\/12\/cropped-logo-2-180x180-1.png","contentUrl":"https:\/\/sudoesteacontece.com.br\/wp-content\/uploads\/2025\/12\/cropped-logo-2-180x180-1.png","width":180,"height":180,"caption":"Sudoesteacontece"},"image":{"@id":"https:\/\/sudoesteacontece.com.br\/#\/schema\/logo\/image\/"},"sameAs":["https:\/\/www.facebook.com\/sudoesteacontece\/?locale=pt_BR"]},{"@type":"Person","@id":"https:\/\/sudoesteacontece.com.br\/#\/schema\/person\/3cf2cf009926a9683ebc29d5379fa79c","name":"Washington Tiago","image":{"@type":"ImageObject","inLanguage":"pt-BR","@id":"https:\/\/sudoesteacontece.com.br\/#\/schema\/person\/image\/","url":"https:\/\/secure.gravatar.com\/avatar\/33c43b8668157e040f9d1fe93c354bf087cbd8ba36270c1163198bd3ddcf2a56?s=96&d=mm&r=g","contentUrl":"https:\/\/secure.gravatar.com\/avatar\/33c43b8668157e040f9d1fe93c354bf087cbd8ba36270c1163198bd3ddcf2a56?s=96&d=mm&r=g","caption":"Washington Tiago"},"url":"https:\/\/sudoesteacontece.com.br\/?author=2"}]}},"_links":{"self":[{"href":"https:\/\/sudoesteacontece.com.br\/index.php?rest_route=\/wp\/v2\/posts\/1506","targetHints":{"allow":["GET"]}}],"collection":[{"href":"https:\/\/sudoesteacontece.com.br\/index.php?rest_route=\/wp\/v2\/posts"}],"about":[{"href":"https:\/\/sudoesteacontece.com.br\/index.php?rest_route=\/wp\/v2\/types\/post"}],"author":[{"embeddable":true,"href":"https:\/\/sudoesteacontece.com.br\/index.php?rest_route=\/wp\/v2\/users\/2"}],"replies":[{"embeddable":true,"href":"https:\/\/sudoesteacontece.com.br\/index.php?rest_route=%2Fwp%2Fv2%2Fcomments&post=1506"}],"version-history":[{"count":0,"href":"https:\/\/sudoesteacontece.com.br\/index.php?rest_route=\/wp\/v2\/posts\/1506\/revisions"}],"wp:featuredmedia":[{"embeddable":true,"href":"https:\/\/sudoesteacontece.com.br\/index.php?rest_route=\/wp\/v2\/media\/1528"}],"wp:attachment":[{"href":"https:\/\/sudoesteacontece.com.br\/index.php?rest_route=%2Fwp%2Fv2%2Fmedia&parent=1506"}],"wp:term":[{"taxonomy":"category","embeddable":true,"href":"https:\/\/sudoesteacontece.com.br\/index.php?rest_route=%2Fwp%2Fv2%2Fcategories&post=1506"},{"taxonomy":"post_tag","embeddable":true,"href":"https:\/\/sudoesteacontece.com.br\/index.php?rest_route=%2Fwp%2Fv2%2Ftags&post=1506"}],"curies":[{"name":"wp","href":"https:\/\/api.w.org\/{rel}","templated":true}]}}