{"id":1538,"date":"2025-11-01T18:43:14","date_gmt":"2025-11-01T21:43:14","guid":{"rendered":"https:\/\/sudoesteacontece.com.br\/?p=1538"},"modified":"2025-11-01T18:43:15","modified_gmt":"2025-11-01T21:43:15","slug":"disputa-historica-cdl-de-brumado-tera-eleicao-com-duas-chapas-pela-primeira-vez-em-50-anos","status":"publish","type":"post","link":"https:\/\/sudoesteacontece.com.br\/?p=1538","title":{"rendered":"Disputa hist\u00f3rica: CDL de Brumado ter\u00e1 elei\u00e7\u00e3o com duas chapas pela primeira vez em 50 anos"},"content":{"rendered":"\n<figure class=\"wp-block-image size-large\"><img fetchpriority=\"high\" decoding=\"async\" width=\"1024\" height=\"658\" src=\"http:\/\/sudoesteacontece.com.br\/wp-content\/uploads\/2025\/11\/Disputa-historica-CDL-de-Brumado-tera-eleicao-com-duas-chapas-pela-primeira-vez-em-50-anos-sudoeste-acontece-1024x658.jpg\" alt=\"\" class=\"wp-image-1547\" srcset=\"https:\/\/sudoesteacontece.com.br\/wp-content\/uploads\/2025\/11\/Disputa-historica-CDL-de-Brumado-tera-eleicao-com-duas-chapas-pela-primeira-vez-em-50-anos-sudoeste-acontece-1024x658.jpg 1024w, https:\/\/sudoesteacontece.com.br\/wp-content\/uploads\/2025\/11\/Disputa-historica-CDL-de-Brumado-tera-eleicao-com-duas-chapas-pela-primeira-vez-em-50-anos-sudoeste-acontece-300x193.jpg 300w, https:\/\/sudoesteacontece.com.br\/wp-content\/uploads\/2025\/11\/Disputa-historica-CDL-de-Brumado-tera-eleicao-com-duas-chapas-pela-primeira-vez-em-50-anos-sudoeste-acontece-768x493.jpg 768w, https:\/\/sudoesteacontece.com.br\/wp-content\/uploads\/2025\/11\/Disputa-historica-CDL-de-Brumado-tera-eleicao-com-duas-chapas-pela-primeira-vez-em-50-anos-sudoeste-acontece-1536x986.jpg 1536w, https:\/\/sudoesteacontece.com.br\/wp-content\/uploads\/2025\/11\/Disputa-historica-CDL-de-Brumado-tera-eleicao-com-duas-chapas-pela-primeira-vez-em-50-anos-sudoeste-acontece.jpg 1800w\" sizes=\"(max-width: 1024px) 100vw, 1024px\" \/><figcaption class=\"wp-element-caption\">Foto Washington Tiago Sudoeste Acontece<\/figcaption><\/figure>\n\n\n\n<p>C\u00e2mara de Dirigentes Lojistas (CDL) de Brumado viver\u00e1 um momento hist\u00f3rico. Ap\u00f3s 50 anos, a entidade ter\u00e1 uma elei\u00e7\u00e3o com disputa direta entre duas chapas. O pleito ser\u00e1 realizado no dia 25 de novembro, das 8h \u00e0s 17h, na sede da institui\u00e7\u00e3o. A vota\u00e7\u00e3o definir\u00e1 a nova diretoria e o Conselho Fiscal para o tri\u00eanio 2026-2028.<\/p>\n\n\n\n<p>O atual presidente da CDL, Orlando Gomes, confirmou a disputa e destacou a relev\u00e2ncia do momento. \u201cEsse \u00e9 um marco in\u00e9dito, algo que nunca aconteceu nesses 50 anos de CDL\u201d, afirmou. A Chapa 01 ser\u00e1 encabe\u00e7ada por Fabiano Novais, enquanto a Chapa 02 ter\u00e1 como candidata Denize Milhazes. Ambas j\u00e1 apresentaram toda a documenta\u00e7\u00e3o exigida e aguardam a valida\u00e7\u00e3o do departamento jur\u00eddico da entidade.<\/p>\n\n\n\n<p>Orlando refor\u00e7ou que o clima \u00e9 de respeito e uni\u00e3o. \u201cEsperamos um processo eleitoral exemplar, com foco no fortalecimento do com\u00e9rcio e na valoriza\u00e7\u00e3o dos lojistas locais. Todos queremos o mesmo objetivo: o crescimento de Brumado\u201d, destacou.<\/p>\n\n\n\n<p>Elei\u00e7\u00e3o \u00e9 vista como um s\u00edmbolo de renova\u00e7\u00e3o dentro da CDL, que h\u00e1 d\u00e9cadas mantinha consenso nas escolhas de sua dire\u00e7\u00e3o. Empres\u00e1rios avaliam que a disputa pode trazer novas ideias e estimular uma gest\u00e3o mais participativa e democr\u00e1tica.<\/p>\n\n\n\n<p>CDL de Brumado \u00e9 uma das mais tradicionais do sudoeste baiano e representa um dos pilares da economia do munic\u00edpio. A nova diretoria tomar\u00e1 posse em janeiro de 2026. Mais do que uma simples elei\u00e7\u00e3o, o pleito marca o in\u00edcio de um novo ciclo de di\u00e1logo entre gera\u00e7\u00f5es. Jovens empreendedores e veteranos do com\u00e9rcio agora compartilham o mesmo desafio: fortalecer o setor e preparar Brumado para o futuro.<\/p>\n","protected":false},"excerpt":{"rendered":"<p>C\u00e2mara de Dirigentes Lojistas (CDL) de Brumado viver\u00e1 um momento hist\u00f3rico. Ap\u00f3s 50 anos, a entidade ter\u00e1 uma elei\u00e7\u00e3o com disputa direta entre duas chapas. O pleito ser\u00e1 realizado no dia 25 de novembro, das 8h \u00e0s 17h, na sede da institui\u00e7\u00e3o. A vota\u00e7\u00e3o definir\u00e1 a nova diretoria e o Conselho Fiscal para o tri\u00eanio 2026-2028. O atual presidente da CDL, Orlando Gomes, confirmou a disputa e destacou a relev\u00e2ncia do momento. \u201cEsse \u00e9 um marco in\u00e9dito, algo que nunca aconteceu nesses 50 anos de CDL\u201d, afirmou. A Chapa 01 ser\u00e1 encabe\u00e7ada por Fabiano Novais, enquanto a Chapa 02 ter\u00e1 como candidata Denize Milhazes. Ambas j\u00e1 apresentaram toda a documenta\u00e7\u00e3o exigida e aguardam a valida\u00e7\u00e3o do departamento jur\u00eddico da entidade. Orlando refor\u00e7ou que o clima \u00e9 de respeito e uni\u00e3o. \u201cEsperamos um processo eleitoral exemplar, com foco no fortalecimento do com\u00e9rcio e na valoriza\u00e7\u00e3o dos lojistas locais. Todos queremos o mesmo objetivo: o crescimento de Brumado\u201d, destacou. Elei\u00e7\u00e3o \u00e9 vista como um s\u00edmbolo de renova\u00e7\u00e3o dentro da CDL, que h\u00e1 d\u00e9cadas mantinha consenso nas escolhas de sua dire\u00e7\u00e3o. Empres\u00e1rios avaliam que a disputa pode trazer novas ideias e estimular uma gest\u00e3o mais participativa e democr\u00e1tica. CDL de Brumado \u00e9 uma das mais tradicionais do sudoeste baiano e representa um dos pilares da economia do munic\u00edpio. A nova diretoria tomar\u00e1 posse em janeiro de 2026. Mais do que uma simples elei\u00e7\u00e3o, o pleito marca o in\u00edcio de um novo ciclo de di\u00e1logo entre gera\u00e7\u00f5es. Jovens empreendedores e veteranos do com\u00e9rcio agora compartilham o mesmo desafio: fortalecer o setor e preparar Brumado para o futuro.<\/p>\n","protected":false},"author":2,"featured_media":1547,"comment_status":"open","ping_status":"open","sticky":false,"template":"","format":"standard","meta":{"footnotes":""},"categories":[4,59,6],"tags":[],"class_list":["post-1538","post","type-post","status-publish","format-standard","has-post-thumbnail","hentry","category-cidades","category-economia","category-politica"],"yoast_head":"<!-- This site is optimized with the Yoast SEO plugin v26.5 - https:\/\/yoast.com\/wordpress\/plugins\/seo\/ -->\n<title>Disputa hist\u00f3rica: CDL de Brumado ter\u00e1 elei\u00e7\u00e3o com duas chapas pela primeira vez em 50 anos - Sudoesteacontece<\/title>\n<meta name=\"robots\" content=\"index, follow, max-snippet:-1, max-image-preview:large, max-video-preview:-1\" \/>\n<link rel=\"canonical\" href=\"https:\/\/sudoesteacontece.com.br\/?p=1538\" \/>\n<meta property=\"og:locale\" content=\"pt_BR\" \/>\n<meta property=\"og:type\" content=\"article\" \/>\n<meta property=\"og:title\" content=\"Disputa hist\u00f3rica: CDL de Brumado ter\u00e1 elei\u00e7\u00e3o com duas chapas pela primeira vez em 50 anos - Sudoesteacontece\" \/>\n<meta property=\"og:description\" content=\"C\u00e2mara de Dirigentes Lojistas (CDL) de Brumado viver\u00e1 um momento hist\u00f3rico. Ap\u00f3s 50 anos, a entidade ter\u00e1 uma elei\u00e7\u00e3o com disputa direta entre duas chapas. O pleito ser\u00e1 realizado no dia 25 de novembro, das 8h \u00e0s 17h, na sede da institui\u00e7\u00e3o. A vota\u00e7\u00e3o definir\u00e1 a nova diretoria e o Conselho Fiscal para o tri\u00eanio 2026-2028. O atual presidente da CDL, Orlando Gomes, confirmou a disputa e destacou a relev\u00e2ncia do momento. \u201cEsse \u00e9 um marco in\u00e9dito, algo que nunca aconteceu nesses 50 anos de CDL\u201d, afirmou. A Chapa 01 ser\u00e1 encabe\u00e7ada por Fabiano Novais, enquanto a Chapa 02 ter\u00e1 como candidata Denize Milhazes. Ambas j\u00e1 apresentaram toda a documenta\u00e7\u00e3o exigida e aguardam a valida\u00e7\u00e3o do departamento jur\u00eddico da entidade. Orlando refor\u00e7ou que o clima \u00e9 de respeito e uni\u00e3o. \u201cEsperamos um processo eleitoral exemplar, com foco no fortalecimento do com\u00e9rcio e na valoriza\u00e7\u00e3o dos lojistas locais. Todos queremos o mesmo objetivo: o crescimento de Brumado\u201d, destacou. Elei\u00e7\u00e3o \u00e9 vista como um s\u00edmbolo de renova\u00e7\u00e3o dentro da CDL, que h\u00e1 d\u00e9cadas mantinha consenso nas escolhas de sua dire\u00e7\u00e3o. Empres\u00e1rios avaliam que a disputa pode trazer novas ideias e estimular uma gest\u00e3o mais participativa e democr\u00e1tica. CDL de Brumado \u00e9 uma das mais tradicionais do sudoeste baiano e representa um dos pilares da economia do munic\u00edpio. A nova diretoria tomar\u00e1 posse em janeiro de 2026. Mais do que uma simples elei\u00e7\u00e3o, o pleito marca o in\u00edcio de um novo ciclo de di\u00e1logo entre gera\u00e7\u00f5es. Jovens empreendedores e veteranos do com\u00e9rcio agora compartilham o mesmo desafio: fortalecer o setor e preparar Brumado para o futuro.\" \/>\n<meta property=\"og:url\" content=\"https:\/\/sudoesteacontece.com.br\/?p=1538\" \/>\n<meta property=\"og:site_name\" content=\"Sudoesteacontece\" \/>\n<meta property=\"article:publisher\" content=\"https:\/\/www.facebook.com\/sudoesteacontece\/?locale=pt_BR\" \/>\n<meta property=\"article:published_time\" content=\"2025-11-01T21:43:14+00:00\" \/>\n<meta property=\"article:modified_time\" content=\"2025-11-01T21:43:15+00:00\" \/>\n<meta property=\"og:image\" content=\"https:\/\/sudoesteacontece.com.br\/wp-content\/uploads\/2025\/11\/Disputa-historica-CDL-de-Brumado-tera-eleicao-com-duas-chapas-pela-primeira-vez-em-50-anos-sudoeste-acontece.jpg\" \/>\n\t<meta property=\"og:image:width\" content=\"1800\" \/>\n\t<meta property=\"og:image:height\" content=\"1156\" \/>\n\t<meta property=\"og:image:type\" content=\"image\/jpeg\" \/>\n<meta name=\"author\" content=\"Washington Tiago\" \/>\n<meta name=\"twitter:card\" content=\"summary_large_image\" \/>\n<meta name=\"twitter:label1\" content=\"Escrito por\" \/>\n\t<meta name=\"twitter:data1\" content=\"Washington Tiago\" \/>\n\t<meta name=\"twitter:label2\" content=\"Est. tempo de leitura\" \/>\n\t<meta name=\"twitter:data2\" content=\"1 minuto\" \/>\n<script type=\"application\/ld+json\" class=\"yoast-schema-graph\">{\"@context\":\"https:\/\/schema.org\",\"@graph\":[{\"@type\":\"Article\",\"@id\":\"https:\/\/sudoesteacontece.com.br\/?p=1538#article\",\"isPartOf\":{\"@id\":\"https:\/\/sudoesteacontece.com.br\/?p=1538\"},\"author\":{\"name\":\"Washington Tiago\",\"@id\":\"https:\/\/sudoesteacontece.com.br\/#\/schema\/person\/3cf2cf009926a9683ebc29d5379fa79c\"},\"headline\":\"Disputa hist\u00f3rica: CDL de Brumado ter\u00e1 elei\u00e7\u00e3o com duas chapas pela primeira vez em 50 anos\",\"datePublished\":\"2025-11-01T21:43:14+00:00\",\"dateModified\":\"2025-11-01T21:43:15+00:00\",\"mainEntityOfPage\":{\"@id\":\"https:\/\/sudoesteacontece.com.br\/?p=1538\"},\"wordCount\":306,\"commentCount\":0,\"publisher\":{\"@id\":\"https:\/\/sudoesteacontece.com.br\/#organization\"},\"image\":{\"@id\":\"https:\/\/sudoesteacontece.com.br\/?p=1538#primaryimage\"},\"thumbnailUrl\":\"https:\/\/sudoesteacontece.com.br\/wp-content\/uploads\/2025\/11\/Disputa-historica-CDL-de-Brumado-tera-eleicao-com-duas-chapas-pela-primeira-vez-em-50-anos-sudoeste-acontece.jpg\",\"articleSection\":[\"Cidades\",\"Economia\",\"Pol\u00edtica\"],\"inLanguage\":\"pt-BR\",\"potentialAction\":[{\"@type\":\"CommentAction\",\"name\":\"Comment\",\"target\":[\"https:\/\/sudoesteacontece.com.br\/?p=1538#respond\"]}]},{\"@type\":\"WebPage\",\"@id\":\"https:\/\/sudoesteacontece.com.br\/?p=1538\",\"url\":\"https:\/\/sudoesteacontece.com.br\/?p=1538\",\"name\":\"Disputa hist\u00f3rica: CDL de Brumado ter\u00e1 elei\u00e7\u00e3o com duas chapas pela primeira vez em 50 anos - Sudoesteacontece\",\"isPartOf\":{\"@id\":\"https:\/\/sudoesteacontece.com.br\/#website\"},\"primaryImageOfPage\":{\"@id\":\"https:\/\/sudoesteacontece.com.br\/?p=1538#primaryimage\"},\"image\":{\"@id\":\"https:\/\/sudoesteacontece.com.br\/?p=1538#primaryimage\"},\"thumbnailUrl\":\"https:\/\/sudoesteacontece.com.br\/wp-content\/uploads\/2025\/11\/Disputa-historica-CDL-de-Brumado-tera-eleicao-com-duas-chapas-pela-primeira-vez-em-50-anos-sudoeste-acontece.jpg\",\"datePublished\":\"2025-11-01T21:43:14+00:00\",\"dateModified\":\"2025-11-01T21:43:15+00:00\",\"breadcrumb\":{\"@id\":\"https:\/\/sudoesteacontece.com.br\/?p=1538#breadcrumb\"},\"inLanguage\":\"pt-BR\",\"potentialAction\":[{\"@type\":\"ReadAction\",\"target\":[\"https:\/\/sudoesteacontece.com.br\/?p=1538\"]}]},{\"@type\":\"ImageObject\",\"inLanguage\":\"pt-BR\",\"@id\":\"https:\/\/sudoesteacontece.com.br\/?p=1538#primaryimage\",\"url\":\"https:\/\/sudoesteacontece.com.br\/wp-content\/uploads\/2025\/11\/Disputa-historica-CDL-de-Brumado-tera-eleicao-com-duas-chapas-pela-primeira-vez-em-50-anos-sudoeste-acontece.jpg\",\"contentUrl\":\"https:\/\/sudoesteacontece.com.br\/wp-content\/uploads\/2025\/11\/Disputa-historica-CDL-de-Brumado-tera-eleicao-com-duas-chapas-pela-primeira-vez-em-50-anos-sudoeste-acontece.jpg\",\"width\":1800,\"height\":1156,\"caption\":\"Foto Washington Tiago Sudoeste Acontece\"},{\"@type\":\"BreadcrumbList\",\"@id\":\"https:\/\/sudoesteacontece.com.br\/?p=1538#breadcrumb\",\"itemListElement\":[{\"@type\":\"ListItem\",\"position\":1,\"name\":\"In\u00edcio\",\"item\":\"https:\/\/sudoesteacontece.com.br\/\"},{\"@type\":\"ListItem\",\"position\":2,\"name\":\"Disputa hist\u00f3rica: CDL de Brumado ter\u00e1 elei\u00e7\u00e3o com duas chapas pela primeira vez em 50 anos\"}]},{\"@type\":\"WebSite\",\"@id\":\"https:\/\/sudoesteacontece.com.br\/#website\",\"url\":\"https:\/\/sudoesteacontece.com.br\/\",\"name\":\"Sudoesteacontece\",\"description\":\"\",\"publisher\":{\"@id\":\"https:\/\/sudoesteacontece.com.br\/#organization\"},\"potentialAction\":[{\"@type\":\"SearchAction\",\"target\":{\"@type\":\"EntryPoint\",\"urlTemplate\":\"https:\/\/sudoesteacontece.com.br\/?s={search_term_string}\"},\"query-input\":{\"@type\":\"PropertyValueSpecification\",\"valueRequired\":true,\"valueName\":\"search_term_string\"}}],\"inLanguage\":\"pt-BR\"},{\"@type\":\"Organization\",\"@id\":\"https:\/\/sudoesteacontece.com.br\/#organization\",\"name\":\"Sudoesteacontece\",\"url\":\"https:\/\/sudoesteacontece.com.br\/\",\"logo\":{\"@type\":\"ImageObject\",\"inLanguage\":\"pt-BR\",\"@id\":\"https:\/\/sudoesteacontece.com.br\/#\/schema\/logo\/image\/\",\"url\":\"https:\/\/sudoesteacontece.com.br\/wp-content\/uploads\/2025\/12\/cropped-logo-2-180x180-1.png\",\"contentUrl\":\"https:\/\/sudoesteacontece.com.br\/wp-content\/uploads\/2025\/12\/cropped-logo-2-180x180-1.png\",\"width\":180,\"height\":180,\"caption\":\"Sudoesteacontece\"},\"image\":{\"@id\":\"https:\/\/sudoesteacontece.com.br\/#\/schema\/logo\/image\/\"},\"sameAs\":[\"https:\/\/www.facebook.com\/sudoesteacontece\/?locale=pt_BR\"]},{\"@type\":\"Person\",\"@id\":\"https:\/\/sudoesteacontece.com.br\/#\/schema\/person\/3cf2cf009926a9683ebc29d5379fa79c\",\"name\":\"Washington Tiago\",\"image\":{\"@type\":\"ImageObject\",\"inLanguage\":\"pt-BR\",\"@id\":\"https:\/\/sudoesteacontece.com.br\/#\/schema\/person\/image\/\",\"url\":\"https:\/\/secure.gravatar.com\/avatar\/33c43b8668157e040f9d1fe93c354bf087cbd8ba36270c1163198bd3ddcf2a56?s=96&d=mm&r=g\",\"contentUrl\":\"https:\/\/secure.gravatar.com\/avatar\/33c43b8668157e040f9d1fe93c354bf087cbd8ba36270c1163198bd3ddcf2a56?s=96&d=mm&r=g\",\"caption\":\"Washington Tiago\"},\"url\":\"https:\/\/sudoesteacontece.com.br\/?author=2\"}]}<\/script>\n<!-- \/ Yoast SEO plugin. -->","yoast_head_json":{"title":"Disputa hist\u00f3rica: CDL de Brumado ter\u00e1 elei\u00e7\u00e3o com duas chapas pela primeira vez em 50 anos - Sudoesteacontece","robots":{"index":"index","follow":"follow","max-snippet":"max-snippet:-1","max-image-preview":"max-image-preview:large","max-video-preview":"max-video-preview:-1"},"canonical":"https:\/\/sudoesteacontece.com.br\/?p=1538","og_locale":"pt_BR","og_type":"article","og_title":"Disputa hist\u00f3rica: CDL de Brumado ter\u00e1 elei\u00e7\u00e3o com duas chapas pela primeira vez em 50 anos - Sudoesteacontece","og_description":"C\u00e2mara de Dirigentes Lojistas (CDL) de Brumado viver\u00e1 um momento hist\u00f3rico. Ap\u00f3s 50 anos, a entidade ter\u00e1 uma elei\u00e7\u00e3o com disputa direta entre duas chapas. O pleito ser\u00e1 realizado no dia 25 de novembro, das 8h \u00e0s 17h, na sede da institui\u00e7\u00e3o. A vota\u00e7\u00e3o definir\u00e1 a nova diretoria e o Conselho Fiscal para o tri\u00eanio 2026-2028. O atual presidente da CDL, Orlando Gomes, confirmou a disputa e destacou a relev\u00e2ncia do momento. \u201cEsse \u00e9 um marco in\u00e9dito, algo que nunca aconteceu nesses 50 anos de CDL\u201d, afirmou. A Chapa 01 ser\u00e1 encabe\u00e7ada por Fabiano Novais, enquanto a Chapa 02 ter\u00e1 como candidata Denize Milhazes. Ambas j\u00e1 apresentaram toda a documenta\u00e7\u00e3o exigida e aguardam a valida\u00e7\u00e3o do departamento jur\u00eddico da entidade. Orlando refor\u00e7ou que o clima \u00e9 de respeito e uni\u00e3o. \u201cEsperamos um processo eleitoral exemplar, com foco no fortalecimento do com\u00e9rcio e na valoriza\u00e7\u00e3o dos lojistas locais. Todos queremos o mesmo objetivo: o crescimento de Brumado\u201d, destacou. Elei\u00e7\u00e3o \u00e9 vista como um s\u00edmbolo de renova\u00e7\u00e3o dentro da CDL, que h\u00e1 d\u00e9cadas mantinha consenso nas escolhas de sua dire\u00e7\u00e3o. Empres\u00e1rios avaliam que a disputa pode trazer novas ideias e estimular uma gest\u00e3o mais participativa e democr\u00e1tica. CDL de Brumado \u00e9 uma das mais tradicionais do sudoeste baiano e representa um dos pilares da economia do munic\u00edpio. A nova diretoria tomar\u00e1 posse em janeiro de 2026. Mais do que uma simples elei\u00e7\u00e3o, o pleito marca o in\u00edcio de um novo ciclo de di\u00e1logo entre gera\u00e7\u00f5es. Jovens empreendedores e veteranos do com\u00e9rcio agora compartilham o mesmo desafio: fortalecer o setor e preparar Brumado para o futuro.","og_url":"https:\/\/sudoesteacontece.com.br\/?p=1538","og_site_name":"Sudoesteacontece","article_publisher":"https:\/\/www.facebook.com\/sudoesteacontece\/?locale=pt_BR","article_published_time":"2025-11-01T21:43:14+00:00","article_modified_time":"2025-11-01T21:43:15+00:00","og_image":[{"width":1800,"height":1156,"url":"https:\/\/sudoesteacontece.com.br\/wp-content\/uploads\/2025\/11\/Disputa-historica-CDL-de-Brumado-tera-eleicao-com-duas-chapas-pela-primeira-vez-em-50-anos-sudoeste-acontece.jpg","type":"image\/jpeg"}],"author":"Washington Tiago","twitter_card":"summary_large_image","twitter_misc":{"Escrito por":"Washington Tiago","Est. tempo de leitura":"1 minuto"},"schema":{"@context":"https:\/\/schema.org","@graph":[{"@type":"Article","@id":"https:\/\/sudoesteacontece.com.br\/?p=1538#article","isPartOf":{"@id":"https:\/\/sudoesteacontece.com.br\/?p=1538"},"author":{"name":"Washington Tiago","@id":"https:\/\/sudoesteacontece.com.br\/#\/schema\/person\/3cf2cf009926a9683ebc29d5379fa79c"},"headline":"Disputa hist\u00f3rica: CDL de Brumado ter\u00e1 elei\u00e7\u00e3o com duas chapas pela primeira vez em 50 anos","datePublished":"2025-11-01T21:43:14+00:00","dateModified":"2025-11-01T21:43:15+00:00","mainEntityOfPage":{"@id":"https:\/\/sudoesteacontece.com.br\/?p=1538"},"wordCount":306,"commentCount":0,"publisher":{"@id":"https:\/\/sudoesteacontece.com.br\/#organization"},"image":{"@id":"https:\/\/sudoesteacontece.com.br\/?p=1538#primaryimage"},"thumbnailUrl":"https:\/\/sudoesteacontece.com.br\/wp-content\/uploads\/2025\/11\/Disputa-historica-CDL-de-Brumado-tera-eleicao-com-duas-chapas-pela-primeira-vez-em-50-anos-sudoeste-acontece.jpg","articleSection":["Cidades","Economia","Pol\u00edtica"],"inLanguage":"pt-BR","potentialAction":[{"@type":"CommentAction","name":"Comment","target":["https:\/\/sudoesteacontece.com.br\/?p=1538#respond"]}]},{"@type":"WebPage","@id":"https:\/\/sudoesteacontece.com.br\/?p=1538","url":"https:\/\/sudoesteacontece.com.br\/?p=1538","name":"Disputa hist\u00f3rica: CDL de Brumado ter\u00e1 elei\u00e7\u00e3o com duas chapas pela primeira vez em 50 anos - Sudoesteacontece","isPartOf":{"@id":"https:\/\/sudoesteacontece.com.br\/#website"},"primaryImageOfPage":{"@id":"https:\/\/sudoesteacontece.com.br\/?p=1538#primaryimage"},"image":{"@id":"https:\/\/sudoesteacontece.com.br\/?p=1538#primaryimage"},"thumbnailUrl":"https:\/\/sudoesteacontece.com.br\/wp-content\/uploads\/2025\/11\/Disputa-historica-CDL-de-Brumado-tera-eleicao-com-duas-chapas-pela-primeira-vez-em-50-anos-sudoeste-acontece.jpg","datePublished":"2025-11-01T21:43:14+00:00","dateModified":"2025-11-01T21:43:15+00:00","breadcrumb":{"@id":"https:\/\/sudoesteacontece.com.br\/?p=1538#breadcrumb"},"inLanguage":"pt-BR","potentialAction":[{"@type":"ReadAction","target":["https:\/\/sudoesteacontece.com.br\/?p=1538"]}]},{"@type":"ImageObject","inLanguage":"pt-BR","@id":"https:\/\/sudoesteacontece.com.br\/?p=1538#primaryimage","url":"https:\/\/sudoesteacontece.com.br\/wp-content\/uploads\/2025\/11\/Disputa-historica-CDL-de-Brumado-tera-eleicao-com-duas-chapas-pela-primeira-vez-em-50-anos-sudoeste-acontece.jpg","contentUrl":"https:\/\/sudoesteacontece.com.br\/wp-content\/uploads\/2025\/11\/Disputa-historica-CDL-de-Brumado-tera-eleicao-com-duas-chapas-pela-primeira-vez-em-50-anos-sudoeste-acontece.jpg","width":1800,"height":1156,"caption":"Foto Washington Tiago Sudoeste Acontece"},{"@type":"BreadcrumbList","@id":"https:\/\/sudoesteacontece.com.br\/?p=1538#breadcrumb","itemListElement":[{"@type":"ListItem","position":1,"name":"In\u00edcio","item":"https:\/\/sudoesteacontece.com.br\/"},{"@type":"ListItem","position":2,"name":"Disputa hist\u00f3rica: CDL de Brumado ter\u00e1 elei\u00e7\u00e3o com duas chapas pela primeira vez em 50 anos"}]},{"@type":"WebSite","@id":"https:\/\/sudoesteacontece.com.br\/#website","url":"https:\/\/sudoesteacontece.com.br\/","name":"Sudoesteacontece","description":"","publisher":{"@id":"https:\/\/sudoesteacontece.com.br\/#organization"},"potentialAction":[{"@type":"SearchAction","target":{"@type":"EntryPoint","urlTemplate":"https:\/\/sudoesteacontece.com.br\/?s={search_term_string}"},"query-input":{"@type":"PropertyValueSpecification","valueRequired":true,"valueName":"search_term_string"}}],"inLanguage":"pt-BR"},{"@type":"Organization","@id":"https:\/\/sudoesteacontece.com.br\/#organization","name":"Sudoesteacontece","url":"https:\/\/sudoesteacontece.com.br\/","logo":{"@type":"ImageObject","inLanguage":"pt-BR","@id":"https:\/\/sudoesteacontece.com.br\/#\/schema\/logo\/image\/","url":"https:\/\/sudoesteacontece.com.br\/wp-content\/uploads\/2025\/12\/cropped-logo-2-180x180-1.png","contentUrl":"https:\/\/sudoesteacontece.com.br\/wp-content\/uploads\/2025\/12\/cropped-logo-2-180x180-1.png","width":180,"height":180,"caption":"Sudoesteacontece"},"image":{"@id":"https:\/\/sudoesteacontece.com.br\/#\/schema\/logo\/image\/"},"sameAs":["https:\/\/www.facebook.com\/sudoesteacontece\/?locale=pt_BR"]},{"@type":"Person","@id":"https:\/\/sudoesteacontece.com.br\/#\/schema\/person\/3cf2cf009926a9683ebc29d5379fa79c","name":"Washington Tiago","image":{"@type":"ImageObject","inLanguage":"pt-BR","@id":"https:\/\/sudoesteacontece.com.br\/#\/schema\/person\/image\/","url":"https:\/\/secure.gravatar.com\/avatar\/33c43b8668157e040f9d1fe93c354bf087cbd8ba36270c1163198bd3ddcf2a56?s=96&d=mm&r=g","contentUrl":"https:\/\/secure.gravatar.com\/avatar\/33c43b8668157e040f9d1fe93c354bf087cbd8ba36270c1163198bd3ddcf2a56?s=96&d=mm&r=g","caption":"Washington Tiago"},"url":"https:\/\/sudoesteacontece.com.br\/?author=2"}]}},"_links":{"self":[{"href":"https:\/\/sudoesteacontece.com.br\/index.php?rest_route=\/wp\/v2\/posts\/1538","targetHints":{"allow":["GET"]}}],"collection":[{"href":"https:\/\/sudoesteacontece.com.br\/index.php?rest_route=\/wp\/v2\/posts"}],"about":[{"href":"https:\/\/sudoesteacontece.com.br\/index.php?rest_route=\/wp\/v2\/types\/post"}],"author":[{"embeddable":true,"href":"https:\/\/sudoesteacontece.com.br\/index.php?rest_route=\/wp\/v2\/users\/2"}],"replies":[{"embeddable":true,"href":"https:\/\/sudoesteacontece.com.br\/index.php?rest_route=%2Fwp%2Fv2%2Fcomments&post=1538"}],"version-history":[{"count":0,"href":"https:\/\/sudoesteacontece.com.br\/index.php?rest_route=\/wp\/v2\/posts\/1538\/revisions"}],"wp:featuredmedia":[{"embeddable":true,"href":"https:\/\/sudoesteacontece.com.br\/index.php?rest_route=\/wp\/v2\/media\/1547"}],"wp:attachment":[{"href":"https:\/\/sudoesteacontece.com.br\/index.php?rest_route=%2Fwp%2Fv2%2Fmedia&parent=1538"}],"wp:term":[{"taxonomy":"category","embeddable":true,"href":"https:\/\/sudoesteacontece.com.br\/index.php?rest_route=%2Fwp%2Fv2%2Fcategories&post=1538"},{"taxonomy":"post_tag","embeddable":true,"href":"https:\/\/sudoesteacontece.com.br\/index.php?rest_route=%2Fwp%2Fv2%2Ftags&post=1538"}],"curies":[{"name":"wp","href":"https:\/\/api.w.org\/{rel}","templated":true}]}}