{"id":15384,"date":"2026-04-23T11:25:26","date_gmt":"2026-04-23T14:25:26","guid":{"rendered":"https:\/\/sudoesteacontece.com.br\/?p=15384"},"modified":"2026-04-23T11:25:31","modified_gmt":"2026-04-23T14:25:31","slug":"tecnica-de-enfermagem-fica-ferida-apos-acidente-entre-caminhao-e-moto-em-dom-basilio","status":"publish","type":"post","link":"https:\/\/sudoesteacontece.com.br\/?p=15384","title":{"rendered":"T\u00e9cnica de enfermagem fica ferida ap\u00f3s acidente entre caminh\u00e3o e moto em Dom Bas\u00edlio"},"content":{"rendered":"<div class=\"wp-block-image\">\n<figure class=\"aligncenter size-full\"><img fetchpriority=\"high\" decoding=\"async\" width=\"900\" height=\"600\" src=\"http:\/\/sudoesteacontece.com.br\/wp-content\/uploads\/2026\/04\/Tecnica-de-enfermagem-fica-ferida-apos-acidente-entre-caminhao-e-moto-em-Dom-Basilio.jpg\" alt=\"\" class=\"wp-image-15430\" srcset=\"https:\/\/sudoesteacontece.com.br\/wp-content\/uploads\/2026\/04\/Tecnica-de-enfermagem-fica-ferida-apos-acidente-entre-caminhao-e-moto-em-Dom-Basilio.jpg 900w, https:\/\/sudoesteacontece.com.br\/wp-content\/uploads\/2026\/04\/Tecnica-de-enfermagem-fica-ferida-apos-acidente-entre-caminhao-e-moto-em-Dom-Basilio-300x200.jpg 300w, https:\/\/sudoesteacontece.com.br\/wp-content\/uploads\/2026\/04\/Tecnica-de-enfermagem-fica-ferida-apos-acidente-entre-caminhao-e-moto-em-Dom-Basilio-768x512.jpg 768w\" sizes=\"(max-width: 900px) 100vw, 900px\" \/><\/figure>\n<\/div>\n\n\n<p>Um acidente deixou uma mulher ferida na manh\u00e3 de ter\u00e7a-feira (21) na BA-148, em Dom Bas\u00edlio. A colis\u00e3o envolveu um caminh\u00e3o e uma motocicleta. A v\u00edtima \u00e9 uma t\u00e9cnica de enfermagem. Ela seguia para o trabalho no momento do acidente.<\/p>\n\n\n\n<p>Segundo informa\u00e7\u00f5es iniciais, a mulher saiu de Livramento de Nossa Senhora com destino a Brumado. O acidente ocorreu nas proximidades da estrada da Cai\u00e7ara da Barra. As causas da colis\u00e3o ainda n\u00e3o foram esclarecidas pelas autoridades.<\/p>\n\n\n\n<p>Ap\u00f3s o impacto, a v\u00edtima recebeu atendimento no local. Equipes do Servi\u00e7o de Atendimento M\u00f3vel de Urg\u00eancia foram acionadas. A motociclista apresentava fraturas e precisou de cuidados imediatos. O estado de sa\u00fade n\u00e3o foi detalhado oficialmente.<\/p>\n\n\n\n<p>Em seguida, a mulher foi encaminhada ao Hospital Municipal Professor Magalh\u00e3es Neto, em Brumado. Ela segue sob cuidados m\u00e9dicos na unidade. O caso ser\u00e1 investigado para apurar as circunst\u00e2ncias do acidente.<\/p>\n","protected":false},"excerpt":{"rendered":"<p>Um acidente deixou uma mulher ferida na manh\u00e3 de ter\u00e7a-feira (21) na BA-148, em Dom Bas\u00edlio. A colis\u00e3o envolveu um caminh\u00e3o e uma motocicleta. A v\u00edtima \u00e9 uma t\u00e9cnica de enfermagem. Ela seguia para o trabalho no momento do acidente. Segundo informa\u00e7\u00f5es iniciais, a mulher saiu de Livramento de Nossa Senhora com destino a Brumado. O acidente ocorreu nas proximidades da estrada da Cai\u00e7ara da Barra. As causas da colis\u00e3o ainda n\u00e3o foram esclarecidas pelas autoridades. Ap\u00f3s o impacto, a v\u00edtima recebeu atendimento no local. Equipes do Servi\u00e7o de Atendimento M\u00f3vel de Urg\u00eancia foram acionadas. A motociclista apresentava fraturas e precisou de cuidados imediatos. O estado de sa\u00fade n\u00e3o foi detalhado oficialmente. Em seguida, a mulher foi encaminhada ao Hospital Municipal Professor Magalh\u00e3es Neto, em Brumado. Ela segue sob cuidados m\u00e9dicos na unidade. O caso ser\u00e1 investigado para apurar as circunst\u00e2ncias do acidente.<\/p>\n","protected":false},"author":2,"featured_media":15430,"comment_status":"open","ping_status":"open","sticky":false,"template":"","format":"standard","meta":{"footnotes":""},"categories":[5,4,63],"tags":[],"class_list":["post-15384","post","type-post","status-publish","format-standard","has-post-thumbnail","hentry","category-acidente","category-cidades","category-dom-basilio"],"yoast_head":"<!-- This site is optimized with the Yoast SEO plugin v26.5 - https:\/\/yoast.com\/wordpress\/plugins\/seo\/ -->\n<title>T\u00e9cnica de enfermagem fica ferida ap\u00f3s acidente entre caminh\u00e3o e moto em Dom Bas\u00edlio - Sudoesteacontece<\/title>\n<meta name=\"robots\" content=\"index, follow, max-snippet:-1, max-image-preview:large, max-video-preview:-1\" \/>\n<link rel=\"canonical\" href=\"https:\/\/sudoesteacontece.com.br\/?p=15384\" \/>\n<meta property=\"og:locale\" content=\"pt_BR\" \/>\n<meta property=\"og:type\" content=\"article\" \/>\n<meta property=\"og:title\" content=\"T\u00e9cnica de enfermagem fica ferida ap\u00f3s acidente entre caminh\u00e3o e moto em Dom Bas\u00edlio - Sudoesteacontece\" \/>\n<meta property=\"og:description\" content=\"Um acidente deixou uma mulher ferida na manh\u00e3 de ter\u00e7a-feira (21) na BA-148, em Dom Bas\u00edlio. A colis\u00e3o envolveu um caminh\u00e3o e uma motocicleta. A v\u00edtima \u00e9 uma t\u00e9cnica de enfermagem. Ela seguia para o trabalho no momento do acidente. Segundo informa\u00e7\u00f5es iniciais, a mulher saiu de Livramento de Nossa Senhora com destino a Brumado. O acidente ocorreu nas proximidades da estrada da Cai\u00e7ara da Barra. As causas da colis\u00e3o ainda n\u00e3o foram esclarecidas pelas autoridades. Ap\u00f3s o impacto, a v\u00edtima recebeu atendimento no local. Equipes do Servi\u00e7o de Atendimento M\u00f3vel de Urg\u00eancia foram acionadas. A motociclista apresentava fraturas e precisou de cuidados imediatos. O estado de sa\u00fade n\u00e3o foi detalhado oficialmente. Em seguida, a mulher foi encaminhada ao Hospital Municipal Professor Magalh\u00e3es Neto, em Brumado. Ela segue sob cuidados m\u00e9dicos na unidade. O caso ser\u00e1 investigado para apurar as circunst\u00e2ncias do acidente.\" \/>\n<meta property=\"og:url\" content=\"https:\/\/sudoesteacontece.com.br\/?p=15384\" \/>\n<meta property=\"og:site_name\" content=\"Sudoesteacontece\" \/>\n<meta property=\"article:publisher\" content=\"https:\/\/www.facebook.com\/sudoesteacontece\/?locale=pt_BR\" \/>\n<meta property=\"article:published_time\" content=\"2026-04-23T14:25:26+00:00\" \/>\n<meta property=\"article:modified_time\" content=\"2026-04-23T14:25:31+00:00\" \/>\n<meta property=\"og:image\" content=\"http:\/\/sudoesteacontece.com.br\/wp-content\/uploads\/2026\/04\/Tecnica-de-enfermagem-fica-ferida-apos-acidente-entre-caminhao-e-moto-em-Dom-Basilio.jpg\" \/>\n\t<meta property=\"og:image:width\" content=\"900\" \/>\n\t<meta property=\"og:image:height\" content=\"600\" \/>\n\t<meta property=\"og:image:type\" content=\"image\/jpeg\" \/>\n<meta name=\"author\" content=\"Washington Tiago\" \/>\n<meta name=\"twitter:card\" content=\"summary_large_image\" \/>\n<meta name=\"twitter:label1\" content=\"Escrito por\" \/>\n\t<meta name=\"twitter:data1\" content=\"Washington Tiago\" \/>\n\t<meta name=\"twitter:label2\" content=\"Est. tempo de leitura\" \/>\n\t<meta name=\"twitter:data2\" content=\"2 minutos\" \/>\n<script type=\"application\/ld+json\" class=\"yoast-schema-graph\">{\"@context\":\"https:\/\/schema.org\",\"@graph\":[{\"@type\":\"Article\",\"@id\":\"https:\/\/sudoesteacontece.com.br\/?p=15384#article\",\"isPartOf\":{\"@id\":\"https:\/\/sudoesteacontece.com.br\/?p=15384\"},\"author\":{\"name\":\"Washington Tiago\",\"@id\":\"https:\/\/sudoesteacontece.com.br\/#\/schema\/person\/3cf2cf009926a9683ebc29d5379fa79c\"},\"headline\":\"T\u00e9cnica de enfermagem fica ferida ap\u00f3s acidente entre caminh\u00e3o e moto em Dom Bas\u00edlio\",\"datePublished\":\"2026-04-23T14:25:26+00:00\",\"dateModified\":\"2026-04-23T14:25:31+00:00\",\"mainEntityOfPage\":{\"@id\":\"https:\/\/sudoesteacontece.com.br\/?p=15384\"},\"wordCount\":179,\"commentCount\":0,\"publisher\":{\"@id\":\"https:\/\/sudoesteacontece.com.br\/#organization\"},\"image\":{\"@id\":\"https:\/\/sudoesteacontece.com.br\/?p=15384#primaryimage\"},\"thumbnailUrl\":\"https:\/\/sudoesteacontece.com.br\/wp-content\/uploads\/2026\/04\/Tecnica-de-enfermagem-fica-ferida-apos-acidente-entre-caminhao-e-moto-em-Dom-Basilio.jpg\",\"articleSection\":[\"Acidente\",\"Cidades\",\"Dom Bas\u00edlio\"],\"inLanguage\":\"pt-BR\",\"potentialAction\":[{\"@type\":\"CommentAction\",\"name\":\"Comment\",\"target\":[\"https:\/\/sudoesteacontece.com.br\/?p=15384#respond\"]}]},{\"@type\":\"WebPage\",\"@id\":\"https:\/\/sudoesteacontece.com.br\/?p=15384\",\"url\":\"https:\/\/sudoesteacontece.com.br\/?p=15384\",\"name\":\"T\u00e9cnica de enfermagem fica ferida ap\u00f3s acidente entre caminh\u00e3o e moto em Dom Bas\u00edlio - Sudoesteacontece\",\"isPartOf\":{\"@id\":\"https:\/\/sudoesteacontece.com.br\/#website\"},\"primaryImageOfPage\":{\"@id\":\"https:\/\/sudoesteacontece.com.br\/?p=15384#primaryimage\"},\"image\":{\"@id\":\"https:\/\/sudoesteacontece.com.br\/?p=15384#primaryimage\"},\"thumbnailUrl\":\"https:\/\/sudoesteacontece.com.br\/wp-content\/uploads\/2026\/04\/Tecnica-de-enfermagem-fica-ferida-apos-acidente-entre-caminhao-e-moto-em-Dom-Basilio.jpg\",\"datePublished\":\"2026-04-23T14:25:26+00:00\",\"dateModified\":\"2026-04-23T14:25:31+00:00\",\"breadcrumb\":{\"@id\":\"https:\/\/sudoesteacontece.com.br\/?p=15384#breadcrumb\"},\"inLanguage\":\"pt-BR\",\"potentialAction\":[{\"@type\":\"ReadAction\",\"target\":[\"https:\/\/sudoesteacontece.com.br\/?p=15384\"]}]},{\"@type\":\"ImageObject\",\"inLanguage\":\"pt-BR\",\"@id\":\"https:\/\/sudoesteacontece.com.br\/?p=15384#primaryimage\",\"url\":\"https:\/\/sudoesteacontece.com.br\/wp-content\/uploads\/2026\/04\/Tecnica-de-enfermagem-fica-ferida-apos-acidente-entre-caminhao-e-moto-em-Dom-Basilio.jpg\",\"contentUrl\":\"https:\/\/sudoesteacontece.com.br\/wp-content\/uploads\/2026\/04\/Tecnica-de-enfermagem-fica-ferida-apos-acidente-entre-caminhao-e-moto-em-Dom-Basilio.jpg\",\"width\":900,\"height\":600},{\"@type\":\"BreadcrumbList\",\"@id\":\"https:\/\/sudoesteacontece.com.br\/?p=15384#breadcrumb\",\"itemListElement\":[{\"@type\":\"ListItem\",\"position\":1,\"name\":\"In\u00edcio\",\"item\":\"https:\/\/sudoesteacontece.com.br\/\"},{\"@type\":\"ListItem\",\"position\":2,\"name\":\"T\u00e9cnica de enfermagem fica ferida ap\u00f3s acidente entre caminh\u00e3o e moto em Dom Bas\u00edlio\"}]},{\"@type\":\"WebSite\",\"@id\":\"https:\/\/sudoesteacontece.com.br\/#website\",\"url\":\"https:\/\/sudoesteacontece.com.br\/\",\"name\":\"Sudoesteacontece\",\"description\":\"\",\"publisher\":{\"@id\":\"https:\/\/sudoesteacontece.com.br\/#organization\"},\"potentialAction\":[{\"@type\":\"SearchAction\",\"target\":{\"@type\":\"EntryPoint\",\"urlTemplate\":\"https:\/\/sudoesteacontece.com.br\/?s={search_term_string}\"},\"query-input\":{\"@type\":\"PropertyValueSpecification\",\"valueRequired\":true,\"valueName\":\"search_term_string\"}}],\"inLanguage\":\"pt-BR\"},{\"@type\":\"Organization\",\"@id\":\"https:\/\/sudoesteacontece.com.br\/#organization\",\"name\":\"Sudoesteacontece\",\"url\":\"https:\/\/sudoesteacontece.com.br\/\",\"logo\":{\"@type\":\"ImageObject\",\"inLanguage\":\"pt-BR\",\"@id\":\"https:\/\/sudoesteacontece.com.br\/#\/schema\/logo\/image\/\",\"url\":\"https:\/\/sudoesteacontece.com.br\/wp-content\/uploads\/2025\/12\/cropped-logo-2-180x180-1.png\",\"contentUrl\":\"https:\/\/sudoesteacontece.com.br\/wp-content\/uploads\/2025\/12\/cropped-logo-2-180x180-1.png\",\"width\":180,\"height\":180,\"caption\":\"Sudoesteacontece\"},\"image\":{\"@id\":\"https:\/\/sudoesteacontece.com.br\/#\/schema\/logo\/image\/\"},\"sameAs\":[\"https:\/\/www.facebook.com\/sudoesteacontece\/?locale=pt_BR\"]},{\"@type\":\"Person\",\"@id\":\"https:\/\/sudoesteacontece.com.br\/#\/schema\/person\/3cf2cf009926a9683ebc29d5379fa79c\",\"name\":\"Washington Tiago\",\"image\":{\"@type\":\"ImageObject\",\"inLanguage\":\"pt-BR\",\"@id\":\"https:\/\/sudoesteacontece.com.br\/#\/schema\/person\/image\/\",\"url\":\"https:\/\/secure.gravatar.com\/avatar\/33c43b8668157e040f9d1fe93c354bf087cbd8ba36270c1163198bd3ddcf2a56?s=96&d=mm&r=g\",\"contentUrl\":\"https:\/\/secure.gravatar.com\/avatar\/33c43b8668157e040f9d1fe93c354bf087cbd8ba36270c1163198bd3ddcf2a56?s=96&d=mm&r=g\",\"caption\":\"Washington Tiago\"},\"url\":\"https:\/\/sudoesteacontece.com.br\/?author=2\"}]}<\/script>\n<!-- \/ Yoast SEO plugin. -->","yoast_head_json":{"title":"T\u00e9cnica de enfermagem fica ferida ap\u00f3s acidente entre caminh\u00e3o e moto em Dom Bas\u00edlio - Sudoesteacontece","robots":{"index":"index","follow":"follow","max-snippet":"max-snippet:-1","max-image-preview":"max-image-preview:large","max-video-preview":"max-video-preview:-1"},"canonical":"https:\/\/sudoesteacontece.com.br\/?p=15384","og_locale":"pt_BR","og_type":"article","og_title":"T\u00e9cnica de enfermagem fica ferida ap\u00f3s acidente entre caminh\u00e3o e moto em Dom Bas\u00edlio - Sudoesteacontece","og_description":"Um acidente deixou uma mulher ferida na manh\u00e3 de ter\u00e7a-feira (21) na BA-148, em Dom Bas\u00edlio. A colis\u00e3o envolveu um caminh\u00e3o e uma motocicleta. A v\u00edtima \u00e9 uma t\u00e9cnica de enfermagem. Ela seguia para o trabalho no momento do acidente. Segundo informa\u00e7\u00f5es iniciais, a mulher saiu de Livramento de Nossa Senhora com destino a Brumado. O acidente ocorreu nas proximidades da estrada da Cai\u00e7ara da Barra. As causas da colis\u00e3o ainda n\u00e3o foram esclarecidas pelas autoridades. Ap\u00f3s o impacto, a v\u00edtima recebeu atendimento no local. Equipes do Servi\u00e7o de Atendimento M\u00f3vel de Urg\u00eancia foram acionadas. A motociclista apresentava fraturas e precisou de cuidados imediatos. O estado de sa\u00fade n\u00e3o foi detalhado oficialmente. Em seguida, a mulher foi encaminhada ao Hospital Municipal Professor Magalh\u00e3es Neto, em Brumado. Ela segue sob cuidados m\u00e9dicos na unidade. O caso ser\u00e1 investigado para apurar as circunst\u00e2ncias do acidente.","og_url":"https:\/\/sudoesteacontece.com.br\/?p=15384","og_site_name":"Sudoesteacontece","article_publisher":"https:\/\/www.facebook.com\/sudoesteacontece\/?locale=pt_BR","article_published_time":"2026-04-23T14:25:26+00:00","article_modified_time":"2026-04-23T14:25:31+00:00","og_image":[{"width":900,"height":600,"url":"http:\/\/sudoesteacontece.com.br\/wp-content\/uploads\/2026\/04\/Tecnica-de-enfermagem-fica-ferida-apos-acidente-entre-caminhao-e-moto-em-Dom-Basilio.jpg","type":"image\/jpeg"}],"author":"Washington Tiago","twitter_card":"summary_large_image","twitter_misc":{"Escrito por":"Washington Tiago","Est. tempo de leitura":"2 minutos"},"schema":{"@context":"https:\/\/schema.org","@graph":[{"@type":"Article","@id":"https:\/\/sudoesteacontece.com.br\/?p=15384#article","isPartOf":{"@id":"https:\/\/sudoesteacontece.com.br\/?p=15384"},"author":{"name":"Washington Tiago","@id":"https:\/\/sudoesteacontece.com.br\/#\/schema\/person\/3cf2cf009926a9683ebc29d5379fa79c"},"headline":"T\u00e9cnica de enfermagem fica ferida ap\u00f3s acidente entre caminh\u00e3o e moto em Dom Bas\u00edlio","datePublished":"2026-04-23T14:25:26+00:00","dateModified":"2026-04-23T14:25:31+00:00","mainEntityOfPage":{"@id":"https:\/\/sudoesteacontece.com.br\/?p=15384"},"wordCount":179,"commentCount":0,"publisher":{"@id":"https:\/\/sudoesteacontece.com.br\/#organization"},"image":{"@id":"https:\/\/sudoesteacontece.com.br\/?p=15384#primaryimage"},"thumbnailUrl":"https:\/\/sudoesteacontece.com.br\/wp-content\/uploads\/2026\/04\/Tecnica-de-enfermagem-fica-ferida-apos-acidente-entre-caminhao-e-moto-em-Dom-Basilio.jpg","articleSection":["Acidente","Cidades","Dom Bas\u00edlio"],"inLanguage":"pt-BR","potentialAction":[{"@type":"CommentAction","name":"Comment","target":["https:\/\/sudoesteacontece.com.br\/?p=15384#respond"]}]},{"@type":"WebPage","@id":"https:\/\/sudoesteacontece.com.br\/?p=15384","url":"https:\/\/sudoesteacontece.com.br\/?p=15384","name":"T\u00e9cnica de enfermagem fica ferida ap\u00f3s acidente entre caminh\u00e3o e moto em Dom Bas\u00edlio - Sudoesteacontece","isPartOf":{"@id":"https:\/\/sudoesteacontece.com.br\/#website"},"primaryImageOfPage":{"@id":"https:\/\/sudoesteacontece.com.br\/?p=15384#primaryimage"},"image":{"@id":"https:\/\/sudoesteacontece.com.br\/?p=15384#primaryimage"},"thumbnailUrl":"https:\/\/sudoesteacontece.com.br\/wp-content\/uploads\/2026\/04\/Tecnica-de-enfermagem-fica-ferida-apos-acidente-entre-caminhao-e-moto-em-Dom-Basilio.jpg","datePublished":"2026-04-23T14:25:26+00:00","dateModified":"2026-04-23T14:25:31+00:00","breadcrumb":{"@id":"https:\/\/sudoesteacontece.com.br\/?p=15384#breadcrumb"},"inLanguage":"pt-BR","potentialAction":[{"@type":"ReadAction","target":["https:\/\/sudoesteacontece.com.br\/?p=15384"]}]},{"@type":"ImageObject","inLanguage":"pt-BR","@id":"https:\/\/sudoesteacontece.com.br\/?p=15384#primaryimage","url":"https:\/\/sudoesteacontece.com.br\/wp-content\/uploads\/2026\/04\/Tecnica-de-enfermagem-fica-ferida-apos-acidente-entre-caminhao-e-moto-em-Dom-Basilio.jpg","contentUrl":"https:\/\/sudoesteacontece.com.br\/wp-content\/uploads\/2026\/04\/Tecnica-de-enfermagem-fica-ferida-apos-acidente-entre-caminhao-e-moto-em-Dom-Basilio.jpg","width":900,"height":600},{"@type":"BreadcrumbList","@id":"https:\/\/sudoesteacontece.com.br\/?p=15384#breadcrumb","itemListElement":[{"@type":"ListItem","position":1,"name":"In\u00edcio","item":"https:\/\/sudoesteacontece.com.br\/"},{"@type":"ListItem","position":2,"name":"T\u00e9cnica de enfermagem fica ferida ap\u00f3s acidente entre caminh\u00e3o e moto em Dom Bas\u00edlio"}]},{"@type":"WebSite","@id":"https:\/\/sudoesteacontece.com.br\/#website","url":"https:\/\/sudoesteacontece.com.br\/","name":"Sudoesteacontece","description":"","publisher":{"@id":"https:\/\/sudoesteacontece.com.br\/#organization"},"potentialAction":[{"@type":"SearchAction","target":{"@type":"EntryPoint","urlTemplate":"https:\/\/sudoesteacontece.com.br\/?s={search_term_string}"},"query-input":{"@type":"PropertyValueSpecification","valueRequired":true,"valueName":"search_term_string"}}],"inLanguage":"pt-BR"},{"@type":"Organization","@id":"https:\/\/sudoesteacontece.com.br\/#organization","name":"Sudoesteacontece","url":"https:\/\/sudoesteacontece.com.br\/","logo":{"@type":"ImageObject","inLanguage":"pt-BR","@id":"https:\/\/sudoesteacontece.com.br\/#\/schema\/logo\/image\/","url":"https:\/\/sudoesteacontece.com.br\/wp-content\/uploads\/2025\/12\/cropped-logo-2-180x180-1.png","contentUrl":"https:\/\/sudoesteacontece.com.br\/wp-content\/uploads\/2025\/12\/cropped-logo-2-180x180-1.png","width":180,"height":180,"caption":"Sudoesteacontece"},"image":{"@id":"https:\/\/sudoesteacontece.com.br\/#\/schema\/logo\/image\/"},"sameAs":["https:\/\/www.facebook.com\/sudoesteacontece\/?locale=pt_BR"]},{"@type":"Person","@id":"https:\/\/sudoesteacontece.com.br\/#\/schema\/person\/3cf2cf009926a9683ebc29d5379fa79c","name":"Washington Tiago","image":{"@type":"ImageObject","inLanguage":"pt-BR","@id":"https:\/\/sudoesteacontece.com.br\/#\/schema\/person\/image\/","url":"https:\/\/secure.gravatar.com\/avatar\/33c43b8668157e040f9d1fe93c354bf087cbd8ba36270c1163198bd3ddcf2a56?s=96&d=mm&r=g","contentUrl":"https:\/\/secure.gravatar.com\/avatar\/33c43b8668157e040f9d1fe93c354bf087cbd8ba36270c1163198bd3ddcf2a56?s=96&d=mm&r=g","caption":"Washington Tiago"},"url":"https:\/\/sudoesteacontece.com.br\/?author=2"}]}},"_links":{"self":[{"href":"https:\/\/sudoesteacontece.com.br\/index.php?rest_route=\/wp\/v2\/posts\/15384","targetHints":{"allow":["GET"]}}],"collection":[{"href":"https:\/\/sudoesteacontece.com.br\/index.php?rest_route=\/wp\/v2\/posts"}],"about":[{"href":"https:\/\/sudoesteacontece.com.br\/index.php?rest_route=\/wp\/v2\/types\/post"}],"author":[{"embeddable":true,"href":"https:\/\/sudoesteacontece.com.br\/index.php?rest_route=\/wp\/v2\/users\/2"}],"replies":[{"embeddable":true,"href":"https:\/\/sudoesteacontece.com.br\/index.php?rest_route=%2Fwp%2Fv2%2Fcomments&post=15384"}],"version-history":[{"count":1,"href":"https:\/\/sudoesteacontece.com.br\/index.php?rest_route=\/wp\/v2\/posts\/15384\/revisions"}],"predecessor-version":[{"id":15431,"href":"https:\/\/sudoesteacontece.com.br\/index.php?rest_route=\/wp\/v2\/posts\/15384\/revisions\/15431"}],"wp:featuredmedia":[{"embeddable":true,"href":"https:\/\/sudoesteacontece.com.br\/index.php?rest_route=\/wp\/v2\/media\/15430"}],"wp:attachment":[{"href":"https:\/\/sudoesteacontece.com.br\/index.php?rest_route=%2Fwp%2Fv2%2Fmedia&parent=15384"}],"wp:term":[{"taxonomy":"category","embeddable":true,"href":"https:\/\/sudoesteacontece.com.br\/index.php?rest_route=%2Fwp%2Fv2%2Fcategories&post=15384"},{"taxonomy":"post_tag","embeddable":true,"href":"https:\/\/sudoesteacontece.com.br\/index.php?rest_route=%2Fwp%2Fv2%2Ftags&post=15384"}],"curies":[{"name":"wp","href":"https:\/\/api.w.org\/{rel}","templated":true}]}}