{"id":15474,"date":"2026-04-23T16:25:19","date_gmt":"2026-04-23T19:25:19","guid":{"rendered":"https:\/\/sudoesteacontece.com.br\/?p=15474"},"modified":"2026-04-23T16:36:40","modified_gmt":"2026-04-23T19:36:40","slug":"governador-anunciar-obras-e-investimentos-em-saude-e-moradia-em-brumado","status":"publish","type":"post","link":"https:\/\/sudoesteacontece.com.br\/?p=15474","title":{"rendered":"Governador vai anunciar obras e investimentos em sa\u00fade e moradia em Brumado"},"content":{"rendered":"<div class=\"wp-block-image\">\n<figure class=\"aligncenter size-full\"><img fetchpriority=\"high\" decoding=\"async\" width=\"900\" height=\"600\" src=\"http:\/\/sudoesteacontece.com.br\/wp-content\/uploads\/2026\/04\/Governador-anunciar-obras-e-investimentos-em-saude-e-moradia-em-Brumado.jpg\" alt=\"\" class=\"wp-image-15485\" srcset=\"https:\/\/sudoesteacontece.com.br\/wp-content\/uploads\/2026\/04\/Governador-anunciar-obras-e-investimentos-em-saude-e-moradia-em-Brumado.jpg 900w, https:\/\/sudoesteacontece.com.br\/wp-content\/uploads\/2026\/04\/Governador-anunciar-obras-e-investimentos-em-saude-e-moradia-em-Brumado-300x200.jpg 300w, https:\/\/sudoesteacontece.com.br\/wp-content\/uploads\/2026\/04\/Governador-anunciar-obras-e-investimentos-em-saude-e-moradia-em-Brumado-768x512.jpg 768w\" sizes=\"(max-width: 900px) 100vw, 900px\" \/><\/figure>\n<\/div>\n\n\n<p>O governo da Bahia realiza uma s\u00e9rie de entregas e an\u00fancios nesta sexta-feira (24) em Brumado. A programa\u00e7\u00e3o come\u00e7a \u00e0s 8h e prev\u00ea a\u00e7\u00f5es em diferentes \u00e1reas. A agenda inclui obras na sa\u00fade, habita\u00e7\u00e3o e infraestrutura. A visita deve mobilizar autoridades e moradores da cidade. A expectativa \u00e9 de novos investimentos p\u00fablicos.<\/p>\n\n\n\n<p>Durante a agenda, ser\u00e1 inaugurada uma Unidade B\u00e1sica de Sa\u00fade no bairro S\u00e3o F\u00e9lix. O equipamento amplia o atendimento \u00e0 popula\u00e7\u00e3o local. A estrutura deve refor\u00e7ar os servi\u00e7os de aten\u00e7\u00e3o prim\u00e1ria. A entrega faz parte de um pacote voltado \u00e0 melhoria da sa\u00fade p\u00fablica. A iniciativa busca reduzir a demanda em unidades maiores.<\/p>\n\n\n\n<p>Al\u00e9m disso, est\u00e3o previstas visitas a obras habitacionais em andamento. O projeto contempla a constru\u00e7\u00e3o de 144 unidades populares. As moradias integram programa federal de habita\u00e7\u00e3o. A comitiva tamb\u00e9m acompanhar\u00e1 o andamento das obras de um centro de aten\u00e7\u00e3o psicossocial. O espa\u00e7o ser\u00e1 voltado ao atendimento em sa\u00fade mental.<\/p>\n\n\n\n<p>Na \u00e1rea de infraestrutura, o governo vai autorizar licita\u00e7\u00e3o para esgotamento sanit\u00e1rio. A a\u00e7\u00e3o integra investimentos do Novo PAC. Tamb\u00e9m ser\u00e1 assinada ordem de servi\u00e7o para constru\u00e7\u00e3o de um novo mercado municipal. As medidas visam melhorar a qualidade de vida da popula\u00e7\u00e3o. A agenda deve gerar grande movimenta\u00e7\u00e3o na cidade.<\/p>\n","protected":false},"excerpt":{"rendered":"<p>O governo da Bahia realiza uma s\u00e9rie de entregas e an\u00fancios nesta sexta-feira (24) em Brumado. A programa\u00e7\u00e3o come\u00e7a \u00e0s 8h e prev\u00ea a\u00e7\u00f5es em diferentes \u00e1reas. A agenda inclui obras na sa\u00fade, habita\u00e7\u00e3o e infraestrutura. A visita deve mobilizar autoridades e moradores da cidade. A expectativa \u00e9 de novos investimentos p\u00fablicos. Durante a agenda, ser\u00e1 inaugurada uma Unidade B\u00e1sica de Sa\u00fade no bairro S\u00e3o F\u00e9lix. O equipamento amplia o atendimento \u00e0 popula\u00e7\u00e3o local. A estrutura deve refor\u00e7ar os servi\u00e7os de aten\u00e7\u00e3o prim\u00e1ria. A entrega faz parte de um pacote voltado \u00e0 melhoria da sa\u00fade p\u00fablica. A iniciativa busca reduzir a demanda em unidades maiores. Al\u00e9m disso, est\u00e3o previstas visitas a obras habitacionais em andamento. O projeto contempla a constru\u00e7\u00e3o de 144 unidades populares. As moradias integram programa federal de habita\u00e7\u00e3o. A comitiva tamb\u00e9m acompanhar\u00e1 o andamento das obras de um centro de aten\u00e7\u00e3o psicossocial. O espa\u00e7o ser\u00e1 voltado ao atendimento em sa\u00fade mental. Na \u00e1rea de infraestrutura, o governo vai autorizar licita\u00e7\u00e3o para esgotamento sanit\u00e1rio. A a\u00e7\u00e3o integra investimentos do Novo PAC. Tamb\u00e9m ser\u00e1 assinada ordem de servi\u00e7o para constru\u00e7\u00e3o de um novo mercado municipal. As medidas visam melhorar a qualidade de vida da popula\u00e7\u00e3o. A agenda deve gerar grande movimenta\u00e7\u00e3o na cidade.<\/p>\n","protected":false},"author":1,"featured_media":0,"comment_status":"open","ping_status":"open","sticky":false,"template":"","format":"standard","meta":{"footnotes":""},"categories":[7,10,4,6],"tags":[],"class_list":["post-15474","post","type-post","status-publish","format-standard","hentry","category-bahia","category-brumado","category-cidades","category-politica"],"yoast_head":"<!-- This site is optimized with the Yoast SEO plugin v26.5 - https:\/\/yoast.com\/wordpress\/plugins\/seo\/ -->\n<title>Governador vai anunciar obras e investimentos em sa\u00fade e moradia em Brumado - Sudoesteacontece<\/title>\n<meta name=\"robots\" content=\"index, follow, max-snippet:-1, max-image-preview:large, max-video-preview:-1\" \/>\n<link rel=\"canonical\" href=\"https:\/\/sudoesteacontece.com.br\/?p=15474\" \/>\n<meta property=\"og:locale\" content=\"pt_BR\" \/>\n<meta property=\"og:type\" content=\"article\" \/>\n<meta property=\"og:title\" content=\"Governador vai anunciar obras e investimentos em sa\u00fade e moradia em Brumado - Sudoesteacontece\" \/>\n<meta property=\"og:description\" content=\"O governo da Bahia realiza uma s\u00e9rie de entregas e an\u00fancios nesta sexta-feira (24) em Brumado. A programa\u00e7\u00e3o come\u00e7a \u00e0s 8h e prev\u00ea a\u00e7\u00f5es em diferentes \u00e1reas. A agenda inclui obras na sa\u00fade, habita\u00e7\u00e3o e infraestrutura. A visita deve mobilizar autoridades e moradores da cidade. A expectativa \u00e9 de novos investimentos p\u00fablicos. Durante a agenda, ser\u00e1 inaugurada uma Unidade B\u00e1sica de Sa\u00fade no bairro S\u00e3o F\u00e9lix. O equipamento amplia o atendimento \u00e0 popula\u00e7\u00e3o local. A estrutura deve refor\u00e7ar os servi\u00e7os de aten\u00e7\u00e3o prim\u00e1ria. A entrega faz parte de um pacote voltado \u00e0 melhoria da sa\u00fade p\u00fablica. A iniciativa busca reduzir a demanda em unidades maiores. Al\u00e9m disso, est\u00e3o previstas visitas a obras habitacionais em andamento. O projeto contempla a constru\u00e7\u00e3o de 144 unidades populares. As moradias integram programa federal de habita\u00e7\u00e3o. A comitiva tamb\u00e9m acompanhar\u00e1 o andamento das obras de um centro de aten\u00e7\u00e3o psicossocial. O espa\u00e7o ser\u00e1 voltado ao atendimento em sa\u00fade mental. Na \u00e1rea de infraestrutura, o governo vai autorizar licita\u00e7\u00e3o para esgotamento sanit\u00e1rio. A a\u00e7\u00e3o integra investimentos do Novo PAC. Tamb\u00e9m ser\u00e1 assinada ordem de servi\u00e7o para constru\u00e7\u00e3o de um novo mercado municipal. As medidas visam melhorar a qualidade de vida da popula\u00e7\u00e3o. A agenda deve gerar grande movimenta\u00e7\u00e3o na cidade.\" \/>\n<meta property=\"og:url\" content=\"https:\/\/sudoesteacontece.com.br\/?p=15474\" \/>\n<meta property=\"og:site_name\" content=\"Sudoesteacontece\" \/>\n<meta property=\"article:publisher\" content=\"https:\/\/www.facebook.com\/sudoesteacontece\/?locale=pt_BR\" \/>\n<meta property=\"article:published_time\" content=\"2026-04-23T19:25:19+00:00\" \/>\n<meta property=\"article:modified_time\" content=\"2026-04-23T19:36:40+00:00\" \/>\n<meta property=\"og:image\" content=\"https:\/\/sudoesteacontece.com.br\/wp-content\/uploads\/2026\/04\/Governador-anunciar-obras-e-investimentos-em-saude-e-moradia-em-Brumado.jpg\" \/>\n\t<meta property=\"og:image:width\" content=\"900\" \/>\n\t<meta property=\"og:image:height\" content=\"600\" \/>\n\t<meta property=\"og:image:type\" content=\"image\/jpeg\" \/>\n<meta name=\"author\" content=\"sudoesteacontece\" \/>\n<meta name=\"twitter:card\" content=\"summary_large_image\" \/>\n<meta name=\"twitter:label1\" content=\"Escrito por\" \/>\n\t<meta name=\"twitter:data1\" content=\"sudoesteacontece\" \/>\n\t<meta name=\"twitter:label2\" content=\"Est. tempo de leitura\" \/>\n\t<meta name=\"twitter:data2\" content=\"2 minutos\" \/>\n<script type=\"application\/ld+json\" class=\"yoast-schema-graph\">{\"@context\":\"https:\/\/schema.org\",\"@graph\":[{\"@type\":\"Article\",\"@id\":\"https:\/\/sudoesteacontece.com.br\/?p=15474#article\",\"isPartOf\":{\"@id\":\"https:\/\/sudoesteacontece.com.br\/?p=15474\"},\"author\":{\"name\":\"sudoesteacontece\",\"@id\":\"https:\/\/sudoesteacontece.com.br\/#\/schema\/person\/f4b00cd0a26ac17646f19707cdceb2ce\"},\"headline\":\"Governador vai anunciar obras e investimentos em sa\u00fade e moradia em Brumado\",\"datePublished\":\"2026-04-23T19:25:19+00:00\",\"dateModified\":\"2026-04-23T19:36:40+00:00\",\"mainEntityOfPage\":{\"@id\":\"https:\/\/sudoesteacontece.com.br\/?p=15474\"},\"wordCount\":247,\"commentCount\":0,\"publisher\":{\"@id\":\"https:\/\/sudoesteacontece.com.br\/#organization\"},\"image\":{\"@id\":\"https:\/\/sudoesteacontece.com.br\/?p=15474#primaryimage\"},\"thumbnailUrl\":\"http:\/\/sudoesteacontece.com.br\/wp-content\/uploads\/2026\/04\/Governador-anunciar-obras-e-investimentos-em-saude-e-moradia-em-Brumado.jpg\",\"articleSection\":[\"Bahia\",\"Brumado\",\"Cidades\",\"Pol\u00edtica\"],\"inLanguage\":\"pt-BR\",\"potentialAction\":[{\"@type\":\"CommentAction\",\"name\":\"Comment\",\"target\":[\"https:\/\/sudoesteacontece.com.br\/?p=15474#respond\"]}]},{\"@type\":\"WebPage\",\"@id\":\"https:\/\/sudoesteacontece.com.br\/?p=15474\",\"url\":\"https:\/\/sudoesteacontece.com.br\/?p=15474\",\"name\":\"Governador vai anunciar obras e investimentos em sa\u00fade e moradia em Brumado - Sudoesteacontece\",\"isPartOf\":{\"@id\":\"https:\/\/sudoesteacontece.com.br\/#website\"},\"primaryImageOfPage\":{\"@id\":\"https:\/\/sudoesteacontece.com.br\/?p=15474#primaryimage\"},\"image\":{\"@id\":\"https:\/\/sudoesteacontece.com.br\/?p=15474#primaryimage\"},\"thumbnailUrl\":\"http:\/\/sudoesteacontece.com.br\/wp-content\/uploads\/2026\/04\/Governador-anunciar-obras-e-investimentos-em-saude-e-moradia-em-Brumado.jpg\",\"datePublished\":\"2026-04-23T19:25:19+00:00\",\"dateModified\":\"2026-04-23T19:36:40+00:00\",\"breadcrumb\":{\"@id\":\"https:\/\/sudoesteacontece.com.br\/?p=15474#breadcrumb\"},\"inLanguage\":\"pt-BR\",\"potentialAction\":[{\"@type\":\"ReadAction\",\"target\":[\"https:\/\/sudoesteacontece.com.br\/?p=15474\"]}]},{\"@type\":\"ImageObject\",\"inLanguage\":\"pt-BR\",\"@id\":\"https:\/\/sudoesteacontece.com.br\/?p=15474#primaryimage\",\"url\":\"https:\/\/sudoesteacontece.com.br\/wp-content\/uploads\/2026\/04\/Governador-anunciar-obras-e-investimentos-em-saude-e-moradia-em-Brumado.jpg\",\"contentUrl\":\"https:\/\/sudoesteacontece.com.br\/wp-content\/uploads\/2026\/04\/Governador-anunciar-obras-e-investimentos-em-saude-e-moradia-em-Brumado.jpg\",\"width\":900,\"height\":600},{\"@type\":\"BreadcrumbList\",\"@id\":\"https:\/\/sudoesteacontece.com.br\/?p=15474#breadcrumb\",\"itemListElement\":[{\"@type\":\"ListItem\",\"position\":1,\"name\":\"In\u00edcio\",\"item\":\"https:\/\/sudoesteacontece.com.br\/\"},{\"@type\":\"ListItem\",\"position\":2,\"name\":\"Governador vai anunciar obras e investimentos em sa\u00fade e moradia em Brumado\"}]},{\"@type\":\"WebSite\",\"@id\":\"https:\/\/sudoesteacontece.com.br\/#website\",\"url\":\"https:\/\/sudoesteacontece.com.br\/\",\"name\":\"Sudoesteacontece\",\"description\":\"\",\"publisher\":{\"@id\":\"https:\/\/sudoesteacontece.com.br\/#organization\"},\"potentialAction\":[{\"@type\":\"SearchAction\",\"target\":{\"@type\":\"EntryPoint\",\"urlTemplate\":\"https:\/\/sudoesteacontece.com.br\/?s={search_term_string}\"},\"query-input\":{\"@type\":\"PropertyValueSpecification\",\"valueRequired\":true,\"valueName\":\"search_term_string\"}}],\"inLanguage\":\"pt-BR\"},{\"@type\":\"Organization\",\"@id\":\"https:\/\/sudoesteacontece.com.br\/#organization\",\"name\":\"Sudoesteacontece\",\"url\":\"https:\/\/sudoesteacontece.com.br\/\",\"logo\":{\"@type\":\"ImageObject\",\"inLanguage\":\"pt-BR\",\"@id\":\"https:\/\/sudoesteacontece.com.br\/#\/schema\/logo\/image\/\",\"url\":\"https:\/\/sudoesteacontece.com.br\/wp-content\/uploads\/2025\/12\/cropped-logo-2-180x180-1.png\",\"contentUrl\":\"https:\/\/sudoesteacontece.com.br\/wp-content\/uploads\/2025\/12\/cropped-logo-2-180x180-1.png\",\"width\":180,\"height\":180,\"caption\":\"Sudoesteacontece\"},\"image\":{\"@id\":\"https:\/\/sudoesteacontece.com.br\/#\/schema\/logo\/image\/\"},\"sameAs\":[\"https:\/\/www.facebook.com\/sudoesteacontece\/?locale=pt_BR\"]},{\"@type\":\"Person\",\"@id\":\"https:\/\/sudoesteacontece.com.br\/#\/schema\/person\/f4b00cd0a26ac17646f19707cdceb2ce\",\"name\":\"sudoesteacontece\",\"image\":{\"@type\":\"ImageObject\",\"inLanguage\":\"pt-BR\",\"@id\":\"https:\/\/sudoesteacontece.com.br\/#\/schema\/person\/image\/\",\"url\":\"https:\/\/secure.gravatar.com\/avatar\/704557d1f79b454f041f9e5935f2b0e8393614e97e537fc508d1d628292cacfd?s=96&d=mm&r=g\",\"contentUrl\":\"https:\/\/secure.gravatar.com\/avatar\/704557d1f79b454f041f9e5935f2b0e8393614e97e537fc508d1d628292cacfd?s=96&d=mm&r=g\",\"caption\":\"sudoesteacontece\"},\"sameAs\":[\"http:\/\/sudoesteacontece.com.br\"],\"url\":\"https:\/\/sudoesteacontece.com.br\/?author=1\"}]}<\/script>\n<!-- \/ Yoast SEO plugin. -->","yoast_head_json":{"title":"Governador vai anunciar obras e investimentos em sa\u00fade e moradia em Brumado - Sudoesteacontece","robots":{"index":"index","follow":"follow","max-snippet":"max-snippet:-1","max-image-preview":"max-image-preview:large","max-video-preview":"max-video-preview:-1"},"canonical":"https:\/\/sudoesteacontece.com.br\/?p=15474","og_locale":"pt_BR","og_type":"article","og_title":"Governador vai anunciar obras e investimentos em sa\u00fade e moradia em Brumado - Sudoesteacontece","og_description":"O governo da Bahia realiza uma s\u00e9rie de entregas e an\u00fancios nesta sexta-feira (24) em Brumado. A programa\u00e7\u00e3o come\u00e7a \u00e0s 8h e prev\u00ea a\u00e7\u00f5es em diferentes \u00e1reas. A agenda inclui obras na sa\u00fade, habita\u00e7\u00e3o e infraestrutura. A visita deve mobilizar autoridades e moradores da cidade. A expectativa \u00e9 de novos investimentos p\u00fablicos. Durante a agenda, ser\u00e1 inaugurada uma Unidade B\u00e1sica de Sa\u00fade no bairro S\u00e3o F\u00e9lix. O equipamento amplia o atendimento \u00e0 popula\u00e7\u00e3o local. A estrutura deve refor\u00e7ar os servi\u00e7os de aten\u00e7\u00e3o prim\u00e1ria. A entrega faz parte de um pacote voltado \u00e0 melhoria da sa\u00fade p\u00fablica. A iniciativa busca reduzir a demanda em unidades maiores. Al\u00e9m disso, est\u00e3o previstas visitas a obras habitacionais em andamento. O projeto contempla a constru\u00e7\u00e3o de 144 unidades populares. As moradias integram programa federal de habita\u00e7\u00e3o. A comitiva tamb\u00e9m acompanhar\u00e1 o andamento das obras de um centro de aten\u00e7\u00e3o psicossocial. O espa\u00e7o ser\u00e1 voltado ao atendimento em sa\u00fade mental. Na \u00e1rea de infraestrutura, o governo vai autorizar licita\u00e7\u00e3o para esgotamento sanit\u00e1rio. A a\u00e7\u00e3o integra investimentos do Novo PAC. Tamb\u00e9m ser\u00e1 assinada ordem de servi\u00e7o para constru\u00e7\u00e3o de um novo mercado municipal. As medidas visam melhorar a qualidade de vida da popula\u00e7\u00e3o. A agenda deve gerar grande movimenta\u00e7\u00e3o na cidade.","og_url":"https:\/\/sudoesteacontece.com.br\/?p=15474","og_site_name":"Sudoesteacontece","article_publisher":"https:\/\/www.facebook.com\/sudoesteacontece\/?locale=pt_BR","article_published_time":"2026-04-23T19:25:19+00:00","article_modified_time":"2026-04-23T19:36:40+00:00","og_image":[{"width":900,"height":600,"url":"https:\/\/sudoesteacontece.com.br\/wp-content\/uploads\/2026\/04\/Governador-anunciar-obras-e-investimentos-em-saude-e-moradia-em-Brumado.jpg","type":"image\/jpeg"}],"author":"sudoesteacontece","twitter_card":"summary_large_image","twitter_misc":{"Escrito por":"sudoesteacontece","Est. tempo de leitura":"2 minutos"},"schema":{"@context":"https:\/\/schema.org","@graph":[{"@type":"Article","@id":"https:\/\/sudoesteacontece.com.br\/?p=15474#article","isPartOf":{"@id":"https:\/\/sudoesteacontece.com.br\/?p=15474"},"author":{"name":"sudoesteacontece","@id":"https:\/\/sudoesteacontece.com.br\/#\/schema\/person\/f4b00cd0a26ac17646f19707cdceb2ce"},"headline":"Governador vai anunciar obras e investimentos em sa\u00fade e moradia em Brumado","datePublished":"2026-04-23T19:25:19+00:00","dateModified":"2026-04-23T19:36:40+00:00","mainEntityOfPage":{"@id":"https:\/\/sudoesteacontece.com.br\/?p=15474"},"wordCount":247,"commentCount":0,"publisher":{"@id":"https:\/\/sudoesteacontece.com.br\/#organization"},"image":{"@id":"https:\/\/sudoesteacontece.com.br\/?p=15474#primaryimage"},"thumbnailUrl":"http:\/\/sudoesteacontece.com.br\/wp-content\/uploads\/2026\/04\/Governador-anunciar-obras-e-investimentos-em-saude-e-moradia-em-Brumado.jpg","articleSection":["Bahia","Brumado","Cidades","Pol\u00edtica"],"inLanguage":"pt-BR","potentialAction":[{"@type":"CommentAction","name":"Comment","target":["https:\/\/sudoesteacontece.com.br\/?p=15474#respond"]}]},{"@type":"WebPage","@id":"https:\/\/sudoesteacontece.com.br\/?p=15474","url":"https:\/\/sudoesteacontece.com.br\/?p=15474","name":"Governador vai anunciar obras e investimentos em sa\u00fade e moradia em Brumado - Sudoesteacontece","isPartOf":{"@id":"https:\/\/sudoesteacontece.com.br\/#website"},"primaryImageOfPage":{"@id":"https:\/\/sudoesteacontece.com.br\/?p=15474#primaryimage"},"image":{"@id":"https:\/\/sudoesteacontece.com.br\/?p=15474#primaryimage"},"thumbnailUrl":"http:\/\/sudoesteacontece.com.br\/wp-content\/uploads\/2026\/04\/Governador-anunciar-obras-e-investimentos-em-saude-e-moradia-em-Brumado.jpg","datePublished":"2026-04-23T19:25:19+00:00","dateModified":"2026-04-23T19:36:40+00:00","breadcrumb":{"@id":"https:\/\/sudoesteacontece.com.br\/?p=15474#breadcrumb"},"inLanguage":"pt-BR","potentialAction":[{"@type":"ReadAction","target":["https:\/\/sudoesteacontece.com.br\/?p=15474"]}]},{"@type":"ImageObject","inLanguage":"pt-BR","@id":"https:\/\/sudoesteacontece.com.br\/?p=15474#primaryimage","url":"https:\/\/sudoesteacontece.com.br\/wp-content\/uploads\/2026\/04\/Governador-anunciar-obras-e-investimentos-em-saude-e-moradia-em-Brumado.jpg","contentUrl":"https:\/\/sudoesteacontece.com.br\/wp-content\/uploads\/2026\/04\/Governador-anunciar-obras-e-investimentos-em-saude-e-moradia-em-Brumado.jpg","width":900,"height":600},{"@type":"BreadcrumbList","@id":"https:\/\/sudoesteacontece.com.br\/?p=15474#breadcrumb","itemListElement":[{"@type":"ListItem","position":1,"name":"In\u00edcio","item":"https:\/\/sudoesteacontece.com.br\/"},{"@type":"ListItem","position":2,"name":"Governador vai anunciar obras e investimentos em sa\u00fade e moradia em Brumado"}]},{"@type":"WebSite","@id":"https:\/\/sudoesteacontece.com.br\/#website","url":"https:\/\/sudoesteacontece.com.br\/","name":"Sudoesteacontece","description":"","publisher":{"@id":"https:\/\/sudoesteacontece.com.br\/#organization"},"potentialAction":[{"@type":"SearchAction","target":{"@type":"EntryPoint","urlTemplate":"https:\/\/sudoesteacontece.com.br\/?s={search_term_string}"},"query-input":{"@type":"PropertyValueSpecification","valueRequired":true,"valueName":"search_term_string"}}],"inLanguage":"pt-BR"},{"@type":"Organization","@id":"https:\/\/sudoesteacontece.com.br\/#organization","name":"Sudoesteacontece","url":"https:\/\/sudoesteacontece.com.br\/","logo":{"@type":"ImageObject","inLanguage":"pt-BR","@id":"https:\/\/sudoesteacontece.com.br\/#\/schema\/logo\/image\/","url":"https:\/\/sudoesteacontece.com.br\/wp-content\/uploads\/2025\/12\/cropped-logo-2-180x180-1.png","contentUrl":"https:\/\/sudoesteacontece.com.br\/wp-content\/uploads\/2025\/12\/cropped-logo-2-180x180-1.png","width":180,"height":180,"caption":"Sudoesteacontece"},"image":{"@id":"https:\/\/sudoesteacontece.com.br\/#\/schema\/logo\/image\/"},"sameAs":["https:\/\/www.facebook.com\/sudoesteacontece\/?locale=pt_BR"]},{"@type":"Person","@id":"https:\/\/sudoesteacontece.com.br\/#\/schema\/person\/f4b00cd0a26ac17646f19707cdceb2ce","name":"sudoesteacontece","image":{"@type":"ImageObject","inLanguage":"pt-BR","@id":"https:\/\/sudoesteacontece.com.br\/#\/schema\/person\/image\/","url":"https:\/\/secure.gravatar.com\/avatar\/704557d1f79b454f041f9e5935f2b0e8393614e97e537fc508d1d628292cacfd?s=96&d=mm&r=g","contentUrl":"https:\/\/secure.gravatar.com\/avatar\/704557d1f79b454f041f9e5935f2b0e8393614e97e537fc508d1d628292cacfd?s=96&d=mm&r=g","caption":"sudoesteacontece"},"sameAs":["http:\/\/sudoesteacontece.com.br"],"url":"https:\/\/sudoesteacontece.com.br\/?author=1"}]}},"_links":{"self":[{"href":"https:\/\/sudoesteacontece.com.br\/index.php?rest_route=\/wp\/v2\/posts\/15474","targetHints":{"allow":["GET"]}}],"collection":[{"href":"https:\/\/sudoesteacontece.com.br\/index.php?rest_route=\/wp\/v2\/posts"}],"about":[{"href":"https:\/\/sudoesteacontece.com.br\/index.php?rest_route=\/wp\/v2\/types\/post"}],"author":[{"embeddable":true,"href":"https:\/\/sudoesteacontece.com.br\/index.php?rest_route=\/wp\/v2\/users\/1"}],"replies":[{"embeddable":true,"href":"https:\/\/sudoesteacontece.com.br\/index.php?rest_route=%2Fwp%2Fv2%2Fcomments&post=15474"}],"version-history":[{"count":2,"href":"https:\/\/sudoesteacontece.com.br\/index.php?rest_route=\/wp\/v2\/posts\/15474\/revisions"}],"predecessor-version":[{"id":15493,"href":"https:\/\/sudoesteacontece.com.br\/index.php?rest_route=\/wp\/v2\/posts\/15474\/revisions\/15493"}],"wp:attachment":[{"href":"https:\/\/sudoesteacontece.com.br\/index.php?rest_route=%2Fwp%2Fv2%2Fmedia&parent=15474"}],"wp:term":[{"taxonomy":"category","embeddable":true,"href":"https:\/\/sudoesteacontece.com.br\/index.php?rest_route=%2Fwp%2Fv2%2Fcategories&post=15474"},{"taxonomy":"post_tag","embeddable":true,"href":"https:\/\/sudoesteacontece.com.br\/index.php?rest_route=%2Fwp%2Fv2%2Ftags&post=15474"}],"curies":[{"name":"wp","href":"https:\/\/api.w.org\/{rel}","templated":true}]}}