{"id":15478,"date":"2026-04-23T16:40:30","date_gmt":"2026-04-23T19:40:30","guid":{"rendered":"https:\/\/sudoesteacontece.com.br\/?p=15478"},"modified":"2026-04-23T16:40:36","modified_gmt":"2026-04-23T19:40:36","slug":"tse-libera-voto-de-presos-provisorios-nas-eleicoes-de-2026","status":"publish","type":"post","link":"https:\/\/sudoesteacontece.com.br\/?p=15478","title":{"rendered":"TSE libera voto de presos provis\u00f3rios nas elei\u00e7\u00f5es de 2026"},"content":{"rendered":"<div class=\"wp-block-image\">\n<figure class=\"aligncenter size-full\"><img fetchpriority=\"high\" decoding=\"async\" width=\"900\" height=\"600\" src=\"http:\/\/sudoesteacontece.com.br\/wp-content\/uploads\/2026\/04\/TSE-libera-voto-de-presos-provisorios-nas-eleicoes-de-2026.jpg\" alt=\"\" class=\"wp-image-15495\" srcset=\"https:\/\/sudoesteacontece.com.br\/wp-content\/uploads\/2026\/04\/TSE-libera-voto-de-presos-provisorios-nas-eleicoes-de-2026.jpg 900w, https:\/\/sudoesteacontece.com.br\/wp-content\/uploads\/2026\/04\/TSE-libera-voto-de-presos-provisorios-nas-eleicoes-de-2026-300x200.jpg 300w, https:\/\/sudoesteacontece.com.br\/wp-content\/uploads\/2026\/04\/TSE-libera-voto-de-presos-provisorios-nas-eleicoes-de-2026-768x512.jpg 768w\" sizes=\"(max-width: 900px) 100vw, 900px\" \/><\/figure>\n<\/div>\n\n\n<p>O Tribunal Superior Eleitoral decidiu que presos provis\u00f3rios poder\u00e3o votar nas elei\u00e7\u00f5es de 2026. A Corte analisou mudan\u00e7as recentes na legisla\u00e7\u00e3o eleitoral. A decis\u00e3o foi tomada por unanimidade. O entendimento mant\u00e9m regras atuais para o pr\u00f3ximo pleito. A medida impacta diretamente o sistema eleitoral brasileiro.<\/p>\n\n\n\n<p>Segundo o tribunal, a nova regra n\u00e3o pode valer j\u00e1 em 2026. Isso ocorre por causa do princ\u00edpio da anualidade eleitoral. A norma est\u00e1 prevista na Constitui\u00e7\u00e3o Federal. Ela impede mudan\u00e7as no processo eleitoral a menos de um ano da elei\u00e7\u00e3o. A lei que trata do tema foi sancionada em mar\u00e7o deste ano. O prazo m\u00ednimo n\u00e3o foi respeitado.<\/p>\n\n\n\n<p>A chamada Lei Antifac\u00e7\u00e3o previa restri\u00e7\u00f5es ao voto de presos provis\u00f3rios. O texto alterava pontos do C\u00f3digo Eleitoral. A proposta inclu\u00eda proibi\u00e7\u00e3o de alistamento e cancelamento de t\u00edtulos. As mudan\u00e7as foram aprovadas pelo Congresso Nacional. A san\u00e7\u00e3o foi feita pelo presidente Luiz In\u00e1cio Lula da Silva. O tema gerou debate jur\u00eddico.<\/p>\n\n\n\n<p>Durante o julgamento, ministros destacaram a seguran\u00e7a jur\u00eddica. Eles afirmaram que regras eleitorais precisam de previsibilidade. O relator e demais integrantes seguiram o mesmo entendimento. Tamb\u00e9m foi citado que h\u00e1 questionamentos no Supremo Tribunal Federal. A decis\u00e3o do TSE vale no \u00e2mbito administrativo. O tema ainda pode ter novos desdobramentos.<\/p>\n","protected":false},"excerpt":{"rendered":"<p>O Tribunal Superior Eleitoral decidiu que presos provis\u00f3rios poder\u00e3o votar nas elei\u00e7\u00f5es de 2026. A Corte analisou mudan\u00e7as recentes na legisla\u00e7\u00e3o eleitoral. A decis\u00e3o foi tomada por unanimidade. O entendimento mant\u00e9m regras atuais para o pr\u00f3ximo pleito. A medida impacta diretamente o sistema eleitoral brasileiro. Segundo o tribunal, a nova regra n\u00e3o pode valer j\u00e1 em 2026. Isso ocorre por causa do princ\u00edpio da anualidade eleitoral. A norma est\u00e1 prevista na Constitui\u00e7\u00e3o Federal. Ela impede mudan\u00e7as no processo eleitoral a menos de um ano da elei\u00e7\u00e3o. A lei que trata do tema foi sancionada em mar\u00e7o deste ano. O prazo m\u00ednimo n\u00e3o foi respeitado. A chamada Lei Antifac\u00e7\u00e3o previa restri\u00e7\u00f5es ao voto de presos provis\u00f3rios. O texto alterava pontos do C\u00f3digo Eleitoral. A proposta inclu\u00eda proibi\u00e7\u00e3o de alistamento e cancelamento de t\u00edtulos. As mudan\u00e7as foram aprovadas pelo Congresso Nacional. A san\u00e7\u00e3o foi feita pelo presidente Luiz In\u00e1cio Lula da Silva. O tema gerou debate jur\u00eddico. Durante o julgamento, ministros destacaram a seguran\u00e7a jur\u00eddica. Eles afirmaram que regras eleitorais precisam de previsibilidade. O relator e demais integrantes seguiram o mesmo entendimento. Tamb\u00e9m foi citado que h\u00e1 questionamentos no Supremo Tribunal Federal. A decis\u00e3o do TSE vale no \u00e2mbito administrativo. O tema ainda pode ter novos desdobramentos.<\/p>\n","protected":false},"author":1,"featured_media":0,"comment_status":"open","ping_status":"open","sticky":false,"template":"","format":"standard","meta":{"footnotes":""},"categories":[53,58,13,6],"tags":[],"class_list":["post-15478","post","type-post","status-publish","format-standard","hentry","category-brasil","category-eleicoes-2026","category-justica","category-politica"],"yoast_head":"<!-- This site is optimized with the Yoast SEO plugin v26.5 - https:\/\/yoast.com\/wordpress\/plugins\/seo\/ -->\n<title>TSE libera voto de presos provis\u00f3rios nas elei\u00e7\u00f5es de 2026 - Sudoesteacontece<\/title>\n<meta name=\"robots\" content=\"index, follow, max-snippet:-1, max-image-preview:large, max-video-preview:-1\" \/>\n<link rel=\"canonical\" href=\"https:\/\/sudoesteacontece.com.br\/?p=15478\" \/>\n<meta property=\"og:locale\" content=\"pt_BR\" \/>\n<meta property=\"og:type\" content=\"article\" \/>\n<meta property=\"og:title\" content=\"TSE libera voto de presos provis\u00f3rios nas elei\u00e7\u00f5es de 2026 - Sudoesteacontece\" \/>\n<meta property=\"og:description\" content=\"O Tribunal Superior Eleitoral decidiu que presos provis\u00f3rios poder\u00e3o votar nas elei\u00e7\u00f5es de 2026. A Corte analisou mudan\u00e7as recentes na legisla\u00e7\u00e3o eleitoral. A decis\u00e3o foi tomada por unanimidade. O entendimento mant\u00e9m regras atuais para o pr\u00f3ximo pleito. A medida impacta diretamente o sistema eleitoral brasileiro. Segundo o tribunal, a nova regra n\u00e3o pode valer j\u00e1 em 2026. Isso ocorre por causa do princ\u00edpio da anualidade eleitoral. A norma est\u00e1 prevista na Constitui\u00e7\u00e3o Federal. Ela impede mudan\u00e7as no processo eleitoral a menos de um ano da elei\u00e7\u00e3o. A lei que trata do tema foi sancionada em mar\u00e7o deste ano. O prazo m\u00ednimo n\u00e3o foi respeitado. A chamada Lei Antifac\u00e7\u00e3o previa restri\u00e7\u00f5es ao voto de presos provis\u00f3rios. O texto alterava pontos do C\u00f3digo Eleitoral. A proposta inclu\u00eda proibi\u00e7\u00e3o de alistamento e cancelamento de t\u00edtulos. As mudan\u00e7as foram aprovadas pelo Congresso Nacional. A san\u00e7\u00e3o foi feita pelo presidente Luiz In\u00e1cio Lula da Silva. O tema gerou debate jur\u00eddico. Durante o julgamento, ministros destacaram a seguran\u00e7a jur\u00eddica. Eles afirmaram que regras eleitorais precisam de previsibilidade. O relator e demais integrantes seguiram o mesmo entendimento. Tamb\u00e9m foi citado que h\u00e1 questionamentos no Supremo Tribunal Federal. A decis\u00e3o do TSE vale no \u00e2mbito administrativo. O tema ainda pode ter novos desdobramentos.\" \/>\n<meta property=\"og:url\" content=\"https:\/\/sudoesteacontece.com.br\/?p=15478\" \/>\n<meta property=\"og:site_name\" content=\"Sudoesteacontece\" \/>\n<meta property=\"article:publisher\" content=\"https:\/\/www.facebook.com\/sudoesteacontece\/?locale=pt_BR\" \/>\n<meta property=\"article:published_time\" content=\"2026-04-23T19:40:30+00:00\" \/>\n<meta property=\"article:modified_time\" content=\"2026-04-23T19:40:36+00:00\" \/>\n<meta property=\"og:image\" content=\"https:\/\/sudoesteacontece.com.br\/wp-content\/uploads\/2026\/04\/TSE-libera-voto-de-presos-provisorios-nas-eleicoes-de-2026.jpg\" \/>\n\t<meta property=\"og:image:width\" content=\"900\" \/>\n\t<meta property=\"og:image:height\" content=\"600\" \/>\n\t<meta property=\"og:image:type\" content=\"image\/jpeg\" \/>\n<meta name=\"author\" content=\"sudoesteacontece\" \/>\n<meta name=\"twitter:card\" content=\"summary_large_image\" \/>\n<meta name=\"twitter:label1\" content=\"Escrito por\" \/>\n\t<meta name=\"twitter:data1\" content=\"sudoesteacontece\" \/>\n\t<meta name=\"twitter:label2\" content=\"Est. tempo de leitura\" \/>\n\t<meta name=\"twitter:data2\" content=\"2 minutos\" \/>\n<script type=\"application\/ld+json\" class=\"yoast-schema-graph\">{\"@context\":\"https:\/\/schema.org\",\"@graph\":[{\"@type\":\"Article\",\"@id\":\"https:\/\/sudoesteacontece.com.br\/?p=15478#article\",\"isPartOf\":{\"@id\":\"https:\/\/sudoesteacontece.com.br\/?p=15478\"},\"author\":{\"name\":\"sudoesteacontece\",\"@id\":\"https:\/\/sudoesteacontece.com.br\/#\/schema\/person\/f4b00cd0a26ac17646f19707cdceb2ce\"},\"headline\":\"TSE libera voto de presos provis\u00f3rios nas elei\u00e7\u00f5es de 2026\",\"datePublished\":\"2026-04-23T19:40:30+00:00\",\"dateModified\":\"2026-04-23T19:40:36+00:00\",\"mainEntityOfPage\":{\"@id\":\"https:\/\/sudoesteacontece.com.br\/?p=15478\"},\"wordCount\":245,\"commentCount\":0,\"publisher\":{\"@id\":\"https:\/\/sudoesteacontece.com.br\/#organization\"},\"image\":{\"@id\":\"https:\/\/sudoesteacontece.com.br\/?p=15478#primaryimage\"},\"thumbnailUrl\":\"http:\/\/sudoesteacontece.com.br\/wp-content\/uploads\/2026\/04\/TSE-libera-voto-de-presos-provisorios-nas-eleicoes-de-2026.jpg\",\"articleSection\":[\"Brasil\",\"Elei\u00e7\u00f5es 2026\",\"Justi\u00e7a\",\"Pol\u00edtica\"],\"inLanguage\":\"pt-BR\",\"potentialAction\":[{\"@type\":\"CommentAction\",\"name\":\"Comment\",\"target\":[\"https:\/\/sudoesteacontece.com.br\/?p=15478#respond\"]}]},{\"@type\":\"WebPage\",\"@id\":\"https:\/\/sudoesteacontece.com.br\/?p=15478\",\"url\":\"https:\/\/sudoesteacontece.com.br\/?p=15478\",\"name\":\"TSE libera voto de presos provis\u00f3rios nas elei\u00e7\u00f5es de 2026 - Sudoesteacontece\",\"isPartOf\":{\"@id\":\"https:\/\/sudoesteacontece.com.br\/#website\"},\"primaryImageOfPage\":{\"@id\":\"https:\/\/sudoesteacontece.com.br\/?p=15478#primaryimage\"},\"image\":{\"@id\":\"https:\/\/sudoesteacontece.com.br\/?p=15478#primaryimage\"},\"thumbnailUrl\":\"http:\/\/sudoesteacontece.com.br\/wp-content\/uploads\/2026\/04\/TSE-libera-voto-de-presos-provisorios-nas-eleicoes-de-2026.jpg\",\"datePublished\":\"2026-04-23T19:40:30+00:00\",\"dateModified\":\"2026-04-23T19:40:36+00:00\",\"breadcrumb\":{\"@id\":\"https:\/\/sudoesteacontece.com.br\/?p=15478#breadcrumb\"},\"inLanguage\":\"pt-BR\",\"potentialAction\":[{\"@type\":\"ReadAction\",\"target\":[\"https:\/\/sudoesteacontece.com.br\/?p=15478\"]}]},{\"@type\":\"ImageObject\",\"inLanguage\":\"pt-BR\",\"@id\":\"https:\/\/sudoesteacontece.com.br\/?p=15478#primaryimage\",\"url\":\"https:\/\/sudoesteacontece.com.br\/wp-content\/uploads\/2026\/04\/TSE-libera-voto-de-presos-provisorios-nas-eleicoes-de-2026.jpg\",\"contentUrl\":\"https:\/\/sudoesteacontece.com.br\/wp-content\/uploads\/2026\/04\/TSE-libera-voto-de-presos-provisorios-nas-eleicoes-de-2026.jpg\",\"width\":900,\"height\":600},{\"@type\":\"BreadcrumbList\",\"@id\":\"https:\/\/sudoesteacontece.com.br\/?p=15478#breadcrumb\",\"itemListElement\":[{\"@type\":\"ListItem\",\"position\":1,\"name\":\"In\u00edcio\",\"item\":\"https:\/\/sudoesteacontece.com.br\/\"},{\"@type\":\"ListItem\",\"position\":2,\"name\":\"TSE libera voto de presos provis\u00f3rios nas elei\u00e7\u00f5es de 2026\"}]},{\"@type\":\"WebSite\",\"@id\":\"https:\/\/sudoesteacontece.com.br\/#website\",\"url\":\"https:\/\/sudoesteacontece.com.br\/\",\"name\":\"Sudoesteacontece\",\"description\":\"\",\"publisher\":{\"@id\":\"https:\/\/sudoesteacontece.com.br\/#organization\"},\"potentialAction\":[{\"@type\":\"SearchAction\",\"target\":{\"@type\":\"EntryPoint\",\"urlTemplate\":\"https:\/\/sudoesteacontece.com.br\/?s={search_term_string}\"},\"query-input\":{\"@type\":\"PropertyValueSpecification\",\"valueRequired\":true,\"valueName\":\"search_term_string\"}}],\"inLanguage\":\"pt-BR\"},{\"@type\":\"Organization\",\"@id\":\"https:\/\/sudoesteacontece.com.br\/#organization\",\"name\":\"Sudoesteacontece\",\"url\":\"https:\/\/sudoesteacontece.com.br\/\",\"logo\":{\"@type\":\"ImageObject\",\"inLanguage\":\"pt-BR\",\"@id\":\"https:\/\/sudoesteacontece.com.br\/#\/schema\/logo\/image\/\",\"url\":\"https:\/\/sudoesteacontece.com.br\/wp-content\/uploads\/2025\/12\/cropped-logo-2-180x180-1.png\",\"contentUrl\":\"https:\/\/sudoesteacontece.com.br\/wp-content\/uploads\/2025\/12\/cropped-logo-2-180x180-1.png\",\"width\":180,\"height\":180,\"caption\":\"Sudoesteacontece\"},\"image\":{\"@id\":\"https:\/\/sudoesteacontece.com.br\/#\/schema\/logo\/image\/\"},\"sameAs\":[\"https:\/\/www.facebook.com\/sudoesteacontece\/?locale=pt_BR\"]},{\"@type\":\"Person\",\"@id\":\"https:\/\/sudoesteacontece.com.br\/#\/schema\/person\/f4b00cd0a26ac17646f19707cdceb2ce\",\"name\":\"sudoesteacontece\",\"image\":{\"@type\":\"ImageObject\",\"inLanguage\":\"pt-BR\",\"@id\":\"https:\/\/sudoesteacontece.com.br\/#\/schema\/person\/image\/\",\"url\":\"https:\/\/secure.gravatar.com\/avatar\/704557d1f79b454f041f9e5935f2b0e8393614e97e537fc508d1d628292cacfd?s=96&d=mm&r=g\",\"contentUrl\":\"https:\/\/secure.gravatar.com\/avatar\/704557d1f79b454f041f9e5935f2b0e8393614e97e537fc508d1d628292cacfd?s=96&d=mm&r=g\",\"caption\":\"sudoesteacontece\"},\"sameAs\":[\"http:\/\/sudoesteacontece.com.br\"],\"url\":\"https:\/\/sudoesteacontece.com.br\/?author=1\"}]}<\/script>\n<!-- \/ Yoast SEO plugin. -->","yoast_head_json":{"title":"TSE libera voto de presos provis\u00f3rios nas elei\u00e7\u00f5es de 2026 - Sudoesteacontece","robots":{"index":"index","follow":"follow","max-snippet":"max-snippet:-1","max-image-preview":"max-image-preview:large","max-video-preview":"max-video-preview:-1"},"canonical":"https:\/\/sudoesteacontece.com.br\/?p=15478","og_locale":"pt_BR","og_type":"article","og_title":"TSE libera voto de presos provis\u00f3rios nas elei\u00e7\u00f5es de 2026 - Sudoesteacontece","og_description":"O Tribunal Superior Eleitoral decidiu que presos provis\u00f3rios poder\u00e3o votar nas elei\u00e7\u00f5es de 2026. A Corte analisou mudan\u00e7as recentes na legisla\u00e7\u00e3o eleitoral. A decis\u00e3o foi tomada por unanimidade. O entendimento mant\u00e9m regras atuais para o pr\u00f3ximo pleito. A medida impacta diretamente o sistema eleitoral brasileiro. Segundo o tribunal, a nova regra n\u00e3o pode valer j\u00e1 em 2026. Isso ocorre por causa do princ\u00edpio da anualidade eleitoral. A norma est\u00e1 prevista na Constitui\u00e7\u00e3o Federal. Ela impede mudan\u00e7as no processo eleitoral a menos de um ano da elei\u00e7\u00e3o. A lei que trata do tema foi sancionada em mar\u00e7o deste ano. O prazo m\u00ednimo n\u00e3o foi respeitado. A chamada Lei Antifac\u00e7\u00e3o previa restri\u00e7\u00f5es ao voto de presos provis\u00f3rios. O texto alterava pontos do C\u00f3digo Eleitoral. A proposta inclu\u00eda proibi\u00e7\u00e3o de alistamento e cancelamento de t\u00edtulos. As mudan\u00e7as foram aprovadas pelo Congresso Nacional. A san\u00e7\u00e3o foi feita pelo presidente Luiz In\u00e1cio Lula da Silva. O tema gerou debate jur\u00eddico. Durante o julgamento, ministros destacaram a seguran\u00e7a jur\u00eddica. Eles afirmaram que regras eleitorais precisam de previsibilidade. O relator e demais integrantes seguiram o mesmo entendimento. Tamb\u00e9m foi citado que h\u00e1 questionamentos no Supremo Tribunal Federal. A decis\u00e3o do TSE vale no \u00e2mbito administrativo. O tema ainda pode ter novos desdobramentos.","og_url":"https:\/\/sudoesteacontece.com.br\/?p=15478","og_site_name":"Sudoesteacontece","article_publisher":"https:\/\/www.facebook.com\/sudoesteacontece\/?locale=pt_BR","article_published_time":"2026-04-23T19:40:30+00:00","article_modified_time":"2026-04-23T19:40:36+00:00","og_image":[{"width":900,"height":600,"url":"https:\/\/sudoesteacontece.com.br\/wp-content\/uploads\/2026\/04\/TSE-libera-voto-de-presos-provisorios-nas-eleicoes-de-2026.jpg","type":"image\/jpeg"}],"author":"sudoesteacontece","twitter_card":"summary_large_image","twitter_misc":{"Escrito por":"sudoesteacontece","Est. tempo de leitura":"2 minutos"},"schema":{"@context":"https:\/\/schema.org","@graph":[{"@type":"Article","@id":"https:\/\/sudoesteacontece.com.br\/?p=15478#article","isPartOf":{"@id":"https:\/\/sudoesteacontece.com.br\/?p=15478"},"author":{"name":"sudoesteacontece","@id":"https:\/\/sudoesteacontece.com.br\/#\/schema\/person\/f4b00cd0a26ac17646f19707cdceb2ce"},"headline":"TSE libera voto de presos provis\u00f3rios nas elei\u00e7\u00f5es de 2026","datePublished":"2026-04-23T19:40:30+00:00","dateModified":"2026-04-23T19:40:36+00:00","mainEntityOfPage":{"@id":"https:\/\/sudoesteacontece.com.br\/?p=15478"},"wordCount":245,"commentCount":0,"publisher":{"@id":"https:\/\/sudoesteacontece.com.br\/#organization"},"image":{"@id":"https:\/\/sudoesteacontece.com.br\/?p=15478#primaryimage"},"thumbnailUrl":"http:\/\/sudoesteacontece.com.br\/wp-content\/uploads\/2026\/04\/TSE-libera-voto-de-presos-provisorios-nas-eleicoes-de-2026.jpg","articleSection":["Brasil","Elei\u00e7\u00f5es 2026","Justi\u00e7a","Pol\u00edtica"],"inLanguage":"pt-BR","potentialAction":[{"@type":"CommentAction","name":"Comment","target":["https:\/\/sudoesteacontece.com.br\/?p=15478#respond"]}]},{"@type":"WebPage","@id":"https:\/\/sudoesteacontece.com.br\/?p=15478","url":"https:\/\/sudoesteacontece.com.br\/?p=15478","name":"TSE libera voto de presos provis\u00f3rios nas elei\u00e7\u00f5es de 2026 - Sudoesteacontece","isPartOf":{"@id":"https:\/\/sudoesteacontece.com.br\/#website"},"primaryImageOfPage":{"@id":"https:\/\/sudoesteacontece.com.br\/?p=15478#primaryimage"},"image":{"@id":"https:\/\/sudoesteacontece.com.br\/?p=15478#primaryimage"},"thumbnailUrl":"http:\/\/sudoesteacontece.com.br\/wp-content\/uploads\/2026\/04\/TSE-libera-voto-de-presos-provisorios-nas-eleicoes-de-2026.jpg","datePublished":"2026-04-23T19:40:30+00:00","dateModified":"2026-04-23T19:40:36+00:00","breadcrumb":{"@id":"https:\/\/sudoesteacontece.com.br\/?p=15478#breadcrumb"},"inLanguage":"pt-BR","potentialAction":[{"@type":"ReadAction","target":["https:\/\/sudoesteacontece.com.br\/?p=15478"]}]},{"@type":"ImageObject","inLanguage":"pt-BR","@id":"https:\/\/sudoesteacontece.com.br\/?p=15478#primaryimage","url":"https:\/\/sudoesteacontece.com.br\/wp-content\/uploads\/2026\/04\/TSE-libera-voto-de-presos-provisorios-nas-eleicoes-de-2026.jpg","contentUrl":"https:\/\/sudoesteacontece.com.br\/wp-content\/uploads\/2026\/04\/TSE-libera-voto-de-presos-provisorios-nas-eleicoes-de-2026.jpg","width":900,"height":600},{"@type":"BreadcrumbList","@id":"https:\/\/sudoesteacontece.com.br\/?p=15478#breadcrumb","itemListElement":[{"@type":"ListItem","position":1,"name":"In\u00edcio","item":"https:\/\/sudoesteacontece.com.br\/"},{"@type":"ListItem","position":2,"name":"TSE libera voto de presos provis\u00f3rios nas elei\u00e7\u00f5es de 2026"}]},{"@type":"WebSite","@id":"https:\/\/sudoesteacontece.com.br\/#website","url":"https:\/\/sudoesteacontece.com.br\/","name":"Sudoesteacontece","description":"","publisher":{"@id":"https:\/\/sudoesteacontece.com.br\/#organization"},"potentialAction":[{"@type":"SearchAction","target":{"@type":"EntryPoint","urlTemplate":"https:\/\/sudoesteacontece.com.br\/?s={search_term_string}"},"query-input":{"@type":"PropertyValueSpecification","valueRequired":true,"valueName":"search_term_string"}}],"inLanguage":"pt-BR"},{"@type":"Organization","@id":"https:\/\/sudoesteacontece.com.br\/#organization","name":"Sudoesteacontece","url":"https:\/\/sudoesteacontece.com.br\/","logo":{"@type":"ImageObject","inLanguage":"pt-BR","@id":"https:\/\/sudoesteacontece.com.br\/#\/schema\/logo\/image\/","url":"https:\/\/sudoesteacontece.com.br\/wp-content\/uploads\/2025\/12\/cropped-logo-2-180x180-1.png","contentUrl":"https:\/\/sudoesteacontece.com.br\/wp-content\/uploads\/2025\/12\/cropped-logo-2-180x180-1.png","width":180,"height":180,"caption":"Sudoesteacontece"},"image":{"@id":"https:\/\/sudoesteacontece.com.br\/#\/schema\/logo\/image\/"},"sameAs":["https:\/\/www.facebook.com\/sudoesteacontece\/?locale=pt_BR"]},{"@type":"Person","@id":"https:\/\/sudoesteacontece.com.br\/#\/schema\/person\/f4b00cd0a26ac17646f19707cdceb2ce","name":"sudoesteacontece","image":{"@type":"ImageObject","inLanguage":"pt-BR","@id":"https:\/\/sudoesteacontece.com.br\/#\/schema\/person\/image\/","url":"https:\/\/secure.gravatar.com\/avatar\/704557d1f79b454f041f9e5935f2b0e8393614e97e537fc508d1d628292cacfd?s=96&d=mm&r=g","contentUrl":"https:\/\/secure.gravatar.com\/avatar\/704557d1f79b454f041f9e5935f2b0e8393614e97e537fc508d1d628292cacfd?s=96&d=mm&r=g","caption":"sudoesteacontece"},"sameAs":["http:\/\/sudoesteacontece.com.br"],"url":"https:\/\/sudoesteacontece.com.br\/?author=1"}]}},"_links":{"self":[{"href":"https:\/\/sudoesteacontece.com.br\/index.php?rest_route=\/wp\/v2\/posts\/15478","targetHints":{"allow":["GET"]}}],"collection":[{"href":"https:\/\/sudoesteacontece.com.br\/index.php?rest_route=\/wp\/v2\/posts"}],"about":[{"href":"https:\/\/sudoesteacontece.com.br\/index.php?rest_route=\/wp\/v2\/types\/post"}],"author":[{"embeddable":true,"href":"https:\/\/sudoesteacontece.com.br\/index.php?rest_route=\/wp\/v2\/users\/1"}],"replies":[{"embeddable":true,"href":"https:\/\/sudoesteacontece.com.br\/index.php?rest_route=%2Fwp%2Fv2%2Fcomments&post=15478"}],"version-history":[{"count":1,"href":"https:\/\/sudoesteacontece.com.br\/index.php?rest_route=\/wp\/v2\/posts\/15478\/revisions"}],"predecessor-version":[{"id":15496,"href":"https:\/\/sudoesteacontece.com.br\/index.php?rest_route=\/wp\/v2\/posts\/15478\/revisions\/15496"}],"wp:attachment":[{"href":"https:\/\/sudoesteacontece.com.br\/index.php?rest_route=%2Fwp%2Fv2%2Fmedia&parent=15478"}],"wp:term":[{"taxonomy":"category","embeddable":true,"href":"https:\/\/sudoesteacontece.com.br\/index.php?rest_route=%2Fwp%2Fv2%2Fcategories&post=15478"},{"taxonomy":"post_tag","embeddable":true,"href":"https:\/\/sudoesteacontece.com.br\/index.php?rest_route=%2Fwp%2Fv2%2Ftags&post=15478"}],"curies":[{"name":"wp","href":"https:\/\/api.w.org\/{rel}","templated":true}]}}