{"id":1553,"date":"2025-11-02T08:06:26","date_gmt":"2025-11-02T11:06:26","guid":{"rendered":"https:\/\/sudoesteacontece.com.br\/?p=1553"},"modified":"2025-11-02T09:03:14","modified_gmt":"2025-11-02T12:03:14","slug":"carretas-colidem-e-pegam-fogo-na-br-116-rodovia-fica-interditada-por-horas-em-vitoria-da-conquista","status":"publish","type":"post","link":"https:\/\/sudoesteacontece.com.br\/?p=1553","title":{"rendered":"Carretas colidem e pegam fogo na BR-116; rodovia fica interditada por horas em Vit\u00f3ria da Conquista"},"content":{"rendered":"\n<figure class=\"wp-block-image alignwide size-full\"><img fetchpriority=\"high\" decoding=\"async\" width=\"600\" height=\"420\" src=\"http:\/\/sudoesteacontece.com.br\/wp-content\/uploads\/2025\/11\/Carretas-colidem-e-pegam-fogo-na-BR-116-rodovia-fica-interditada-por-horas-em-Vitoria-da-Conquista-sudoeste-acontece.png\" alt=\"\" class=\"wp-image-1565\" srcset=\"https:\/\/sudoesteacontece.com.br\/wp-content\/uploads\/2025\/11\/Carretas-colidem-e-pegam-fogo-na-BR-116-rodovia-fica-interditada-por-horas-em-Vitoria-da-Conquista-sudoeste-acontece.png 600w, https:\/\/sudoesteacontece.com.br\/wp-content\/uploads\/2025\/11\/Carretas-colidem-e-pegam-fogo-na-BR-116-rodovia-fica-interditada-por-horas-em-Vitoria-da-Conquista-sudoeste-acontece-300x210.png 300w\" sizes=\"(max-width: 600px) 100vw, 600px\" \/><\/figure>\n\n\n\n<p>Um grave acidente entre duas carretas interditou um trecho da BR-116, em Vit\u00f3ria da Conquista, no sudoeste da Bahia, na tarde deste s\u00e1bado (1\u00ba). As carretas colidiram e pegaram fogo, transformando a rodovia em um cen\u00e1rio de destrui\u00e7\u00e3o e tens\u00e3o. Acidente ocorreu por volta das 14h, no km 736. Apesar do impacto e do inc\u00eandio que se espalhou rapidamente, os dois motoristas conseguiram escapar sem ferimentos.<\/p>\n\n\n\n<p>A informa\u00e7\u00e3o foi confirmada por equipes que atuaram no local. As chamas se alastraram e consumiram completamente os ve\u00edculos. Motoristas que passavam pela rodovia registraram imagens impressionantes, mostrando colunas de fuma\u00e7a preta vis\u00edveis a quil\u00f4metros de dist\u00e2ncia. Pol\u00edcia Rodovi\u00e1ria Federal (PRF) interditou a via e acionou o Corpo de Bombeiros, que trabalhou intensamente para conter o fogo e evitar novas explos\u00f5es.<\/p>\n\n\n\n<p>Pista ficou totalmente bloqueada e s\u00f3 foi liberada parcialmente cerca de duas horas depois. Tr\u00e2nsito ficou lento e se formaram longas filas nos dois sentidos da rodovia. A PRF implantou o sistema de \u201cpare e siga\u201d, permitindo o tr\u00e1fego alternado at\u00e9 que a limpeza fosse conclu\u00edda. As causas do acidente ainda est\u00e3o sendo investigadas. <\/p>\n\n\n\n<p>Testemunhas afirmaram que um dos ve\u00edculos pode ter perdido o controle antes da colis\u00e3o, mas a PRF n\u00e3o confirmou essa vers\u00e3o. Caso refor\u00e7a o alerta sobre a import\u00e2ncia da prud\u00eancia nas estradas, especialmente em trechos movimentados como o da BR-116, um dos principais corredores de transporte do pa\u00eds.<\/p>\n","protected":false},"excerpt":{"rendered":"<p>Um grave acidente entre duas carretas interditou um trecho da BR-116, em Vit\u00f3ria da Conquista, no sudoeste da Bahia, na tarde deste s\u00e1bado (1\u00ba). As carretas colidiram e pegaram fogo, transformando a rodovia em um cen\u00e1rio de destrui\u00e7\u00e3o e tens\u00e3o. Acidente ocorreu por volta das 14h, no km 736. Apesar do impacto e do inc\u00eandio que se espalhou rapidamente, os dois motoristas conseguiram escapar sem ferimentos. A informa\u00e7\u00e3o foi confirmada por equipes que atuaram no local. As chamas se alastraram e consumiram completamente os ve\u00edculos. Motoristas que passavam pela rodovia registraram imagens impressionantes, mostrando colunas de fuma\u00e7a preta vis\u00edveis a quil\u00f4metros de dist\u00e2ncia. Pol\u00edcia Rodovi\u00e1ria Federal (PRF) interditou a via e acionou o Corpo de Bombeiros, que trabalhou intensamente para conter o fogo e evitar novas explos\u00f5es. Pista ficou totalmente bloqueada e s\u00f3 foi liberada parcialmente cerca de duas horas depois. Tr\u00e2nsito ficou lento e se formaram longas filas nos dois sentidos da rodovia. A PRF implantou o sistema de \u201cpare e siga\u201d, permitindo o tr\u00e1fego alternado at\u00e9 que a limpeza fosse conclu\u00edda. As causas do acidente ainda est\u00e3o sendo investigadas. Testemunhas afirmaram que um dos ve\u00edculos pode ter perdido o controle antes da colis\u00e3o, mas a PRF n\u00e3o confirmou essa vers\u00e3o. Caso refor\u00e7a o alerta sobre a import\u00e2ncia da prud\u00eancia nas estradas, especialmente em trechos movimentados como o da BR-116, um dos principais corredores de transporte do pa\u00eds.<\/p>\n","protected":false},"author":2,"featured_media":1565,"comment_status":"open","ping_status":"open","sticky":false,"template":"","format":"standard","meta":{"footnotes":""},"categories":[5,7],"tags":[],"class_list":["post-1553","post","type-post","status-publish","format-standard","has-post-thumbnail","hentry","category-acidente","category-bahia"],"yoast_head":"<!-- This site is optimized with the Yoast SEO plugin v26.5 - https:\/\/yoast.com\/wordpress\/plugins\/seo\/ -->\n<title>Carretas colidem e pegam fogo na BR-116; rodovia fica interditada por horas em Vit\u00f3ria da Conquista - Sudoesteacontece<\/title>\n<meta name=\"robots\" content=\"index, follow, max-snippet:-1, max-image-preview:large, max-video-preview:-1\" \/>\n<link rel=\"canonical\" href=\"https:\/\/sudoesteacontece.com.br\/?p=1553\" \/>\n<meta property=\"og:locale\" content=\"pt_BR\" \/>\n<meta property=\"og:type\" content=\"article\" \/>\n<meta property=\"og:title\" content=\"Carretas colidem e pegam fogo na BR-116; rodovia fica interditada por horas em Vit\u00f3ria da Conquista - Sudoesteacontece\" \/>\n<meta property=\"og:description\" content=\"Um grave acidente entre duas carretas interditou um trecho da BR-116, em Vit\u00f3ria da Conquista, no sudoeste da Bahia, na tarde deste s\u00e1bado (1\u00ba). As carretas colidiram e pegaram fogo, transformando a rodovia em um cen\u00e1rio de destrui\u00e7\u00e3o e tens\u00e3o. Acidente ocorreu por volta das 14h, no km 736. Apesar do impacto e do inc\u00eandio que se espalhou rapidamente, os dois motoristas conseguiram escapar sem ferimentos. A informa\u00e7\u00e3o foi confirmada por equipes que atuaram no local. As chamas se alastraram e consumiram completamente os ve\u00edculos. Motoristas que passavam pela rodovia registraram imagens impressionantes, mostrando colunas de fuma\u00e7a preta vis\u00edveis a quil\u00f4metros de dist\u00e2ncia. Pol\u00edcia Rodovi\u00e1ria Federal (PRF) interditou a via e acionou o Corpo de Bombeiros, que trabalhou intensamente para conter o fogo e evitar novas explos\u00f5es. Pista ficou totalmente bloqueada e s\u00f3 foi liberada parcialmente cerca de duas horas depois. Tr\u00e2nsito ficou lento e se formaram longas filas nos dois sentidos da rodovia. A PRF implantou o sistema de \u201cpare e siga\u201d, permitindo o tr\u00e1fego alternado at\u00e9 que a limpeza fosse conclu\u00edda. As causas do acidente ainda est\u00e3o sendo investigadas. Testemunhas afirmaram que um dos ve\u00edculos pode ter perdido o controle antes da colis\u00e3o, mas a PRF n\u00e3o confirmou essa vers\u00e3o. Caso refor\u00e7a o alerta sobre a import\u00e2ncia da prud\u00eancia nas estradas, especialmente em trechos movimentados como o da BR-116, um dos principais corredores de transporte do pa\u00eds.\" \/>\n<meta property=\"og:url\" content=\"https:\/\/sudoesteacontece.com.br\/?p=1553\" \/>\n<meta property=\"og:site_name\" content=\"Sudoesteacontece\" \/>\n<meta property=\"article:publisher\" content=\"https:\/\/www.facebook.com\/sudoesteacontece\/?locale=pt_BR\" \/>\n<meta property=\"article:published_time\" content=\"2025-11-02T11:06:26+00:00\" \/>\n<meta property=\"article:modified_time\" content=\"2025-11-02T12:03:14+00:00\" \/>\n<meta property=\"og:image\" content=\"https:\/\/sudoesteacontece.com.br\/wp-content\/uploads\/2025\/11\/Carretas-colidem-e-pegam-fogo-na-BR-116-rodovia-fica-interditada-por-horas-em-Vitoria-da-Conquista-sudoeste-acontece.png\" \/>\n\t<meta property=\"og:image:width\" content=\"600\" \/>\n\t<meta property=\"og:image:height\" content=\"420\" \/>\n\t<meta property=\"og:image:type\" content=\"image\/png\" \/>\n<meta name=\"author\" content=\"Washington Tiago\" \/>\n<meta name=\"twitter:card\" content=\"summary_large_image\" \/>\n<meta name=\"twitter:label1\" content=\"Escrito por\" \/>\n\t<meta name=\"twitter:data1\" content=\"Washington Tiago\" \/>\n\t<meta name=\"twitter:label2\" content=\"Est. tempo de leitura\" \/>\n\t<meta name=\"twitter:data2\" content=\"1 minuto\" \/>\n<script type=\"application\/ld+json\" class=\"yoast-schema-graph\">{\"@context\":\"https:\/\/schema.org\",\"@graph\":[{\"@type\":\"Article\",\"@id\":\"https:\/\/sudoesteacontece.com.br\/?p=1553#article\",\"isPartOf\":{\"@id\":\"https:\/\/sudoesteacontece.com.br\/?p=1553\"},\"author\":{\"name\":\"Washington Tiago\",\"@id\":\"https:\/\/sudoesteacontece.com.br\/#\/schema\/person\/3cf2cf009926a9683ebc29d5379fa79c\"},\"headline\":\"Carretas colidem e pegam fogo na BR-116; rodovia fica interditada por horas em Vit\u00f3ria da Conquista\",\"datePublished\":\"2025-11-02T11:06:26+00:00\",\"dateModified\":\"2025-11-02T12:03:14+00:00\",\"mainEntityOfPage\":{\"@id\":\"https:\/\/sudoesteacontece.com.br\/?p=1553\"},\"wordCount\":271,\"commentCount\":0,\"publisher\":{\"@id\":\"https:\/\/sudoesteacontece.com.br\/#organization\"},\"image\":{\"@id\":\"https:\/\/sudoesteacontece.com.br\/?p=1553#primaryimage\"},\"thumbnailUrl\":\"https:\/\/sudoesteacontece.com.br\/wp-content\/uploads\/2025\/11\/Carretas-colidem-e-pegam-fogo-na-BR-116-rodovia-fica-interditada-por-horas-em-Vitoria-da-Conquista-sudoeste-acontece.png\",\"articleSection\":[\"Acidente\",\"Bahia\"],\"inLanguage\":\"pt-BR\",\"potentialAction\":[{\"@type\":\"CommentAction\",\"name\":\"Comment\",\"target\":[\"https:\/\/sudoesteacontece.com.br\/?p=1553#respond\"]}]},{\"@type\":\"WebPage\",\"@id\":\"https:\/\/sudoesteacontece.com.br\/?p=1553\",\"url\":\"https:\/\/sudoesteacontece.com.br\/?p=1553\",\"name\":\"Carretas colidem e pegam fogo na BR-116; rodovia fica interditada por horas em Vit\u00f3ria da Conquista - Sudoesteacontece\",\"isPartOf\":{\"@id\":\"https:\/\/sudoesteacontece.com.br\/#website\"},\"primaryImageOfPage\":{\"@id\":\"https:\/\/sudoesteacontece.com.br\/?p=1553#primaryimage\"},\"image\":{\"@id\":\"https:\/\/sudoesteacontece.com.br\/?p=1553#primaryimage\"},\"thumbnailUrl\":\"https:\/\/sudoesteacontece.com.br\/wp-content\/uploads\/2025\/11\/Carretas-colidem-e-pegam-fogo-na-BR-116-rodovia-fica-interditada-por-horas-em-Vitoria-da-Conquista-sudoeste-acontece.png\",\"datePublished\":\"2025-11-02T11:06:26+00:00\",\"dateModified\":\"2025-11-02T12:03:14+00:00\",\"breadcrumb\":{\"@id\":\"https:\/\/sudoesteacontece.com.br\/?p=1553#breadcrumb\"},\"inLanguage\":\"pt-BR\",\"potentialAction\":[{\"@type\":\"ReadAction\",\"target\":[\"https:\/\/sudoesteacontece.com.br\/?p=1553\"]}]},{\"@type\":\"ImageObject\",\"inLanguage\":\"pt-BR\",\"@id\":\"https:\/\/sudoesteacontece.com.br\/?p=1553#primaryimage\",\"url\":\"https:\/\/sudoesteacontece.com.br\/wp-content\/uploads\/2025\/11\/Carretas-colidem-e-pegam-fogo-na-BR-116-rodovia-fica-interditada-por-horas-em-Vitoria-da-Conquista-sudoeste-acontece.png\",\"contentUrl\":\"https:\/\/sudoesteacontece.com.br\/wp-content\/uploads\/2025\/11\/Carretas-colidem-e-pegam-fogo-na-BR-116-rodovia-fica-interditada-por-horas-em-Vitoria-da-Conquista-sudoeste-acontece.png\",\"width\":600,\"height\":420},{\"@type\":\"BreadcrumbList\",\"@id\":\"https:\/\/sudoesteacontece.com.br\/?p=1553#breadcrumb\",\"itemListElement\":[{\"@type\":\"ListItem\",\"position\":1,\"name\":\"In\u00edcio\",\"item\":\"https:\/\/sudoesteacontece.com.br\/\"},{\"@type\":\"ListItem\",\"position\":2,\"name\":\"Carretas colidem e pegam fogo na BR-116; rodovia fica interditada por horas em Vit\u00f3ria da Conquista\"}]},{\"@type\":\"WebSite\",\"@id\":\"https:\/\/sudoesteacontece.com.br\/#website\",\"url\":\"https:\/\/sudoesteacontece.com.br\/\",\"name\":\"Sudoesteacontece\",\"description\":\"\",\"publisher\":{\"@id\":\"https:\/\/sudoesteacontece.com.br\/#organization\"},\"potentialAction\":[{\"@type\":\"SearchAction\",\"target\":{\"@type\":\"EntryPoint\",\"urlTemplate\":\"https:\/\/sudoesteacontece.com.br\/?s={search_term_string}\"},\"query-input\":{\"@type\":\"PropertyValueSpecification\",\"valueRequired\":true,\"valueName\":\"search_term_string\"}}],\"inLanguage\":\"pt-BR\"},{\"@type\":\"Organization\",\"@id\":\"https:\/\/sudoesteacontece.com.br\/#organization\",\"name\":\"Sudoesteacontece\",\"url\":\"https:\/\/sudoesteacontece.com.br\/\",\"logo\":{\"@type\":\"ImageObject\",\"inLanguage\":\"pt-BR\",\"@id\":\"https:\/\/sudoesteacontece.com.br\/#\/schema\/logo\/image\/\",\"url\":\"https:\/\/sudoesteacontece.com.br\/wp-content\/uploads\/2025\/12\/cropped-logo-2-180x180-1.png\",\"contentUrl\":\"https:\/\/sudoesteacontece.com.br\/wp-content\/uploads\/2025\/12\/cropped-logo-2-180x180-1.png\",\"width\":180,\"height\":180,\"caption\":\"Sudoesteacontece\"},\"image\":{\"@id\":\"https:\/\/sudoesteacontece.com.br\/#\/schema\/logo\/image\/\"},\"sameAs\":[\"https:\/\/www.facebook.com\/sudoesteacontece\/?locale=pt_BR\"]},{\"@type\":\"Person\",\"@id\":\"https:\/\/sudoesteacontece.com.br\/#\/schema\/person\/3cf2cf009926a9683ebc29d5379fa79c\",\"name\":\"Washington Tiago\",\"image\":{\"@type\":\"ImageObject\",\"inLanguage\":\"pt-BR\",\"@id\":\"https:\/\/sudoesteacontece.com.br\/#\/schema\/person\/image\/\",\"url\":\"https:\/\/secure.gravatar.com\/avatar\/33c43b8668157e040f9d1fe93c354bf087cbd8ba36270c1163198bd3ddcf2a56?s=96&d=mm&r=g\",\"contentUrl\":\"https:\/\/secure.gravatar.com\/avatar\/33c43b8668157e040f9d1fe93c354bf087cbd8ba36270c1163198bd3ddcf2a56?s=96&d=mm&r=g\",\"caption\":\"Washington Tiago\"},\"url\":\"https:\/\/sudoesteacontece.com.br\/?author=2\"}]}<\/script>\n<!-- \/ Yoast SEO plugin. -->","yoast_head_json":{"title":"Carretas colidem e pegam fogo na BR-116; rodovia fica interditada por horas em Vit\u00f3ria da Conquista - Sudoesteacontece","robots":{"index":"index","follow":"follow","max-snippet":"max-snippet:-1","max-image-preview":"max-image-preview:large","max-video-preview":"max-video-preview:-1"},"canonical":"https:\/\/sudoesteacontece.com.br\/?p=1553","og_locale":"pt_BR","og_type":"article","og_title":"Carretas colidem e pegam fogo na BR-116; rodovia fica interditada por horas em Vit\u00f3ria da Conquista - Sudoesteacontece","og_description":"Um grave acidente entre duas carretas interditou um trecho da BR-116, em Vit\u00f3ria da Conquista, no sudoeste da Bahia, na tarde deste s\u00e1bado (1\u00ba). As carretas colidiram e pegaram fogo, transformando a rodovia em um cen\u00e1rio de destrui\u00e7\u00e3o e tens\u00e3o. Acidente ocorreu por volta das 14h, no km 736. Apesar do impacto e do inc\u00eandio que se espalhou rapidamente, os dois motoristas conseguiram escapar sem ferimentos. A informa\u00e7\u00e3o foi confirmada por equipes que atuaram no local. As chamas se alastraram e consumiram completamente os ve\u00edculos. Motoristas que passavam pela rodovia registraram imagens impressionantes, mostrando colunas de fuma\u00e7a preta vis\u00edveis a quil\u00f4metros de dist\u00e2ncia. Pol\u00edcia Rodovi\u00e1ria Federal (PRF) interditou a via e acionou o Corpo de Bombeiros, que trabalhou intensamente para conter o fogo e evitar novas explos\u00f5es. Pista ficou totalmente bloqueada e s\u00f3 foi liberada parcialmente cerca de duas horas depois. Tr\u00e2nsito ficou lento e se formaram longas filas nos dois sentidos da rodovia. A PRF implantou o sistema de \u201cpare e siga\u201d, permitindo o tr\u00e1fego alternado at\u00e9 que a limpeza fosse conclu\u00edda. As causas do acidente ainda est\u00e3o sendo investigadas. Testemunhas afirmaram que um dos ve\u00edculos pode ter perdido o controle antes da colis\u00e3o, mas a PRF n\u00e3o confirmou essa vers\u00e3o. Caso refor\u00e7a o alerta sobre a import\u00e2ncia da prud\u00eancia nas estradas, especialmente em trechos movimentados como o da BR-116, um dos principais corredores de transporte do pa\u00eds.","og_url":"https:\/\/sudoesteacontece.com.br\/?p=1553","og_site_name":"Sudoesteacontece","article_publisher":"https:\/\/www.facebook.com\/sudoesteacontece\/?locale=pt_BR","article_published_time":"2025-11-02T11:06:26+00:00","article_modified_time":"2025-11-02T12:03:14+00:00","og_image":[{"width":600,"height":420,"url":"https:\/\/sudoesteacontece.com.br\/wp-content\/uploads\/2025\/11\/Carretas-colidem-e-pegam-fogo-na-BR-116-rodovia-fica-interditada-por-horas-em-Vitoria-da-Conquista-sudoeste-acontece.png","type":"image\/png"}],"author":"Washington Tiago","twitter_card":"summary_large_image","twitter_misc":{"Escrito por":"Washington Tiago","Est. tempo de leitura":"1 minuto"},"schema":{"@context":"https:\/\/schema.org","@graph":[{"@type":"Article","@id":"https:\/\/sudoesteacontece.com.br\/?p=1553#article","isPartOf":{"@id":"https:\/\/sudoesteacontece.com.br\/?p=1553"},"author":{"name":"Washington Tiago","@id":"https:\/\/sudoesteacontece.com.br\/#\/schema\/person\/3cf2cf009926a9683ebc29d5379fa79c"},"headline":"Carretas colidem e pegam fogo na BR-116; rodovia fica interditada por horas em Vit\u00f3ria da Conquista","datePublished":"2025-11-02T11:06:26+00:00","dateModified":"2025-11-02T12:03:14+00:00","mainEntityOfPage":{"@id":"https:\/\/sudoesteacontece.com.br\/?p=1553"},"wordCount":271,"commentCount":0,"publisher":{"@id":"https:\/\/sudoesteacontece.com.br\/#organization"},"image":{"@id":"https:\/\/sudoesteacontece.com.br\/?p=1553#primaryimage"},"thumbnailUrl":"https:\/\/sudoesteacontece.com.br\/wp-content\/uploads\/2025\/11\/Carretas-colidem-e-pegam-fogo-na-BR-116-rodovia-fica-interditada-por-horas-em-Vitoria-da-Conquista-sudoeste-acontece.png","articleSection":["Acidente","Bahia"],"inLanguage":"pt-BR","potentialAction":[{"@type":"CommentAction","name":"Comment","target":["https:\/\/sudoesteacontece.com.br\/?p=1553#respond"]}]},{"@type":"WebPage","@id":"https:\/\/sudoesteacontece.com.br\/?p=1553","url":"https:\/\/sudoesteacontece.com.br\/?p=1553","name":"Carretas colidem e pegam fogo na BR-116; rodovia fica interditada por horas em Vit\u00f3ria da Conquista - Sudoesteacontece","isPartOf":{"@id":"https:\/\/sudoesteacontece.com.br\/#website"},"primaryImageOfPage":{"@id":"https:\/\/sudoesteacontece.com.br\/?p=1553#primaryimage"},"image":{"@id":"https:\/\/sudoesteacontece.com.br\/?p=1553#primaryimage"},"thumbnailUrl":"https:\/\/sudoesteacontece.com.br\/wp-content\/uploads\/2025\/11\/Carretas-colidem-e-pegam-fogo-na-BR-116-rodovia-fica-interditada-por-horas-em-Vitoria-da-Conquista-sudoeste-acontece.png","datePublished":"2025-11-02T11:06:26+00:00","dateModified":"2025-11-02T12:03:14+00:00","breadcrumb":{"@id":"https:\/\/sudoesteacontece.com.br\/?p=1553#breadcrumb"},"inLanguage":"pt-BR","potentialAction":[{"@type":"ReadAction","target":["https:\/\/sudoesteacontece.com.br\/?p=1553"]}]},{"@type":"ImageObject","inLanguage":"pt-BR","@id":"https:\/\/sudoesteacontece.com.br\/?p=1553#primaryimage","url":"https:\/\/sudoesteacontece.com.br\/wp-content\/uploads\/2025\/11\/Carretas-colidem-e-pegam-fogo-na-BR-116-rodovia-fica-interditada-por-horas-em-Vitoria-da-Conquista-sudoeste-acontece.png","contentUrl":"https:\/\/sudoesteacontece.com.br\/wp-content\/uploads\/2025\/11\/Carretas-colidem-e-pegam-fogo-na-BR-116-rodovia-fica-interditada-por-horas-em-Vitoria-da-Conquista-sudoeste-acontece.png","width":600,"height":420},{"@type":"BreadcrumbList","@id":"https:\/\/sudoesteacontece.com.br\/?p=1553#breadcrumb","itemListElement":[{"@type":"ListItem","position":1,"name":"In\u00edcio","item":"https:\/\/sudoesteacontece.com.br\/"},{"@type":"ListItem","position":2,"name":"Carretas colidem e pegam fogo na BR-116; rodovia fica interditada por horas em Vit\u00f3ria da Conquista"}]},{"@type":"WebSite","@id":"https:\/\/sudoesteacontece.com.br\/#website","url":"https:\/\/sudoesteacontece.com.br\/","name":"Sudoesteacontece","description":"","publisher":{"@id":"https:\/\/sudoesteacontece.com.br\/#organization"},"potentialAction":[{"@type":"SearchAction","target":{"@type":"EntryPoint","urlTemplate":"https:\/\/sudoesteacontece.com.br\/?s={search_term_string}"},"query-input":{"@type":"PropertyValueSpecification","valueRequired":true,"valueName":"search_term_string"}}],"inLanguage":"pt-BR"},{"@type":"Organization","@id":"https:\/\/sudoesteacontece.com.br\/#organization","name":"Sudoesteacontece","url":"https:\/\/sudoesteacontece.com.br\/","logo":{"@type":"ImageObject","inLanguage":"pt-BR","@id":"https:\/\/sudoesteacontece.com.br\/#\/schema\/logo\/image\/","url":"https:\/\/sudoesteacontece.com.br\/wp-content\/uploads\/2025\/12\/cropped-logo-2-180x180-1.png","contentUrl":"https:\/\/sudoesteacontece.com.br\/wp-content\/uploads\/2025\/12\/cropped-logo-2-180x180-1.png","width":180,"height":180,"caption":"Sudoesteacontece"},"image":{"@id":"https:\/\/sudoesteacontece.com.br\/#\/schema\/logo\/image\/"},"sameAs":["https:\/\/www.facebook.com\/sudoesteacontece\/?locale=pt_BR"]},{"@type":"Person","@id":"https:\/\/sudoesteacontece.com.br\/#\/schema\/person\/3cf2cf009926a9683ebc29d5379fa79c","name":"Washington Tiago","image":{"@type":"ImageObject","inLanguage":"pt-BR","@id":"https:\/\/sudoesteacontece.com.br\/#\/schema\/person\/image\/","url":"https:\/\/secure.gravatar.com\/avatar\/33c43b8668157e040f9d1fe93c354bf087cbd8ba36270c1163198bd3ddcf2a56?s=96&d=mm&r=g","contentUrl":"https:\/\/secure.gravatar.com\/avatar\/33c43b8668157e040f9d1fe93c354bf087cbd8ba36270c1163198bd3ddcf2a56?s=96&d=mm&r=g","caption":"Washington Tiago"},"url":"https:\/\/sudoesteacontece.com.br\/?author=2"}]}},"_links":{"self":[{"href":"https:\/\/sudoesteacontece.com.br\/index.php?rest_route=\/wp\/v2\/posts\/1553","targetHints":{"allow":["GET"]}}],"collection":[{"href":"https:\/\/sudoesteacontece.com.br\/index.php?rest_route=\/wp\/v2\/posts"}],"about":[{"href":"https:\/\/sudoesteacontece.com.br\/index.php?rest_route=\/wp\/v2\/types\/post"}],"author":[{"embeddable":true,"href":"https:\/\/sudoesteacontece.com.br\/index.php?rest_route=\/wp\/v2\/users\/2"}],"replies":[{"embeddable":true,"href":"https:\/\/sudoesteacontece.com.br\/index.php?rest_route=%2Fwp%2Fv2%2Fcomments&post=1553"}],"version-history":[{"count":0,"href":"https:\/\/sudoesteacontece.com.br\/index.php?rest_route=\/wp\/v2\/posts\/1553\/revisions"}],"wp:featuredmedia":[{"embeddable":true,"href":"https:\/\/sudoesteacontece.com.br\/index.php?rest_route=\/wp\/v2\/media\/1565"}],"wp:attachment":[{"href":"https:\/\/sudoesteacontece.com.br\/index.php?rest_route=%2Fwp%2Fv2%2Fmedia&parent=1553"}],"wp:term":[{"taxonomy":"category","embeddable":true,"href":"https:\/\/sudoesteacontece.com.br\/index.php?rest_route=%2Fwp%2Fv2%2Fcategories&post=1553"},{"taxonomy":"post_tag","embeddable":true,"href":"https:\/\/sudoesteacontece.com.br\/index.php?rest_route=%2Fwp%2Fv2%2Ftags&post=1553"}],"curies":[{"name":"wp","href":"https:\/\/api.w.org\/{rel}","templated":true}]}}