{"id":15648,"date":"2026-04-26T11:19:08","date_gmt":"2026-04-26T14:19:08","guid":{"rendered":"https:\/\/sudoesteacontece.com.br\/?p=15648"},"modified":"2026-04-26T11:19:12","modified_gmt":"2026-04-26T14:19:12","slug":"justica-barra-gasto-de-r-6-milhoes-do-governo-da-bahia-com-camarote-no-carnaval","status":"publish","type":"post","link":"https:\/\/sudoesteacontece.com.br\/?p=15648","title":{"rendered":"Justi\u00e7a barra gasto de R$ 6 milh\u00f5es do Governo da Bahia com camarote no Carnaval"},"content":{"rendered":"<div class=\"wp-block-image\">\n<figure class=\"aligncenter size-full\"><img fetchpriority=\"high\" decoding=\"async\" width=\"900\" height=\"600\" src=\"http:\/\/sudoesteacontece.com.br\/wp-content\/uploads\/2026\/04\/Justica-barra-gasto-de-R-6-milhoes-do-Governo-da-Bahia-com-camarote-no-Carnaval.jpg\" alt=\"\" class=\"wp-image-15672\" srcset=\"https:\/\/sudoesteacontece.com.br\/wp-content\/uploads\/2026\/04\/Justica-barra-gasto-de-R-6-milhoes-do-Governo-da-Bahia-com-camarote-no-Carnaval.jpg 900w, https:\/\/sudoesteacontece.com.br\/wp-content\/uploads\/2026\/04\/Justica-barra-gasto-de-R-6-milhoes-do-Governo-da-Bahia-com-camarote-no-Carnaval-300x200.jpg 300w, https:\/\/sudoesteacontece.com.br\/wp-content\/uploads\/2026\/04\/Justica-barra-gasto-de-R-6-milhoes-do-Governo-da-Bahia-com-camarote-no-Carnaval-768x512.jpg 768w\" sizes=\"(max-width: 900px) 100vw, 900px\" \/><\/figure>\n<\/div>\n\n\n<p>Uma decis\u00e3o da Justi\u00e7a da Bahia suspendeu um gasto de R$ 6 milh\u00f5es do governo estadual com um camarote institucional no Carnaval de 2026, em Salvador. A medida foi tomada em car\u00e1ter liminar e determina a interrup\u00e7\u00e3o imediata do pagamento. A a\u00e7\u00e3o foi movida por um deputado estadual, que questionou a legalidade da despesa.<\/p>\n\n\n\n<p>A decis\u00e3o foi proferida pela 15\u00aa Vara da Fazenda P\u00fablica. A magistrada apontou ind\u00edcios relevantes de irregularidade no ato administrativo. Entre as medidas, determinou a suspens\u00e3o dos efeitos do gasto e proibiu novos repasses \u00e0 empresa envolvida. Em caso de descumprimento, foi fixada multa di\u00e1ria de R$ 100 mil.<\/p>\n\n\n\n<p>Segundo o processo, o governo reconheceu uma d\u00edvida superior a R$ 6 milh\u00f5es com a empresa respons\u00e1vel pelo projeto do camarote. O pagamento foi formalizado por meio de um termo de reconhecimento de d\u00e9bito. Esse instrumento \u00e9 utilizado para indenizar despesas feitas sem contrato pr\u00e9vio.<\/p>\n\n\n\n<p>Na an\u00e1lise do caso, a Justi\u00e7a destacou que o Carnaval \u00e9 um evento previs\u00edvel. Por isso, exige planejamento e contrata\u00e7\u00e3o por meio de licita\u00e7\u00e3o, conforme a legisla\u00e7\u00e3o vigente. O uso de mecanismos indenizat\u00f3rios fora de situa\u00e7\u00f5es excepcionais pode indicar irregularidades administrativas.<\/p>\n\n\n\n<p>A decis\u00e3o tamb\u00e9m aponta risco de preju\u00edzo aos cofres p\u00fablicos. O pagamento sem processo licitat\u00f3rio pode dificultar a recupera\u00e7\u00e3o dos valores. A Justi\u00e7a determinou ainda que o Estado apresente o processo administrativo completo e notificou os envolvidos para manifesta\u00e7\u00e3o.<\/p>\n\n\n\n<p><\/p>\n","protected":false},"excerpt":{"rendered":"<p>Uma decis\u00e3o da Justi\u00e7a da Bahia suspendeu um gasto de R$ 6 milh\u00f5es do governo estadual com um camarote institucional no Carnaval de 2026, em Salvador. A medida foi tomada em car\u00e1ter liminar e determina a interrup\u00e7\u00e3o imediata do pagamento. A a\u00e7\u00e3o foi movida por um deputado estadual, que questionou a legalidade da despesa. A decis\u00e3o foi proferida pela 15\u00aa Vara da Fazenda P\u00fablica. A magistrada apontou ind\u00edcios relevantes de irregularidade no ato administrativo. Entre as medidas, determinou a suspens\u00e3o dos efeitos do gasto e proibiu novos repasses \u00e0 empresa envolvida. Em caso de descumprimento, foi fixada multa di\u00e1ria de R$ 100 mil. Segundo o processo, o governo reconheceu uma d\u00edvida superior a R$ 6 milh\u00f5es com a empresa respons\u00e1vel pelo projeto do camarote. O pagamento foi formalizado por meio de um termo de reconhecimento de d\u00e9bito. Esse instrumento \u00e9 utilizado para indenizar despesas feitas sem contrato pr\u00e9vio. Na an\u00e1lise do caso, a Justi\u00e7a destacou que o Carnaval \u00e9 um evento previs\u00edvel. Por isso, exige planejamento e contrata\u00e7\u00e3o por meio de licita\u00e7\u00e3o, conforme a legisla\u00e7\u00e3o vigente. O uso de mecanismos indenizat\u00f3rios fora de situa\u00e7\u00f5es excepcionais pode indicar irregularidades administrativas. A decis\u00e3o tamb\u00e9m aponta risco de preju\u00edzo aos cofres p\u00fablicos. O pagamento sem processo licitat\u00f3rio pode dificultar a recupera\u00e7\u00e3o dos valores. A Justi\u00e7a determinou ainda que o Estado apresente o processo administrativo completo e notificou os envolvidos para manifesta\u00e7\u00e3o.<\/p>\n","protected":false},"author":2,"featured_media":0,"comment_status":"open","ping_status":"open","sticky":false,"template":"","format":"standard","meta":{"footnotes":""},"categories":[7,53,58,13,6],"tags":[],"class_list":["post-15648","post","type-post","status-publish","format-standard","hentry","category-bahia","category-brasil","category-eleicoes-2026","category-justica","category-politica"],"yoast_head":"<!-- This site is optimized with the Yoast SEO plugin v26.5 - https:\/\/yoast.com\/wordpress\/plugins\/seo\/ -->\n<title>Justi\u00e7a barra gasto de R$ 6 milh\u00f5es do Governo da Bahia com camarote no Carnaval - Sudoesteacontece<\/title>\n<meta name=\"robots\" content=\"index, follow, max-snippet:-1, max-image-preview:large, max-video-preview:-1\" \/>\n<link rel=\"canonical\" href=\"https:\/\/sudoesteacontece.com.br\/?p=15648\" \/>\n<meta property=\"og:locale\" content=\"pt_BR\" \/>\n<meta property=\"og:type\" content=\"article\" \/>\n<meta property=\"og:title\" content=\"Justi\u00e7a barra gasto de R$ 6 milh\u00f5es do Governo da Bahia com camarote no Carnaval - Sudoesteacontece\" \/>\n<meta property=\"og:description\" content=\"Uma decis\u00e3o da Justi\u00e7a da Bahia suspendeu um gasto de R$ 6 milh\u00f5es do governo estadual com um camarote institucional no Carnaval de 2026, em Salvador. A medida foi tomada em car\u00e1ter liminar e determina a interrup\u00e7\u00e3o imediata do pagamento. A a\u00e7\u00e3o foi movida por um deputado estadual, que questionou a legalidade da despesa. A decis\u00e3o foi proferida pela 15\u00aa Vara da Fazenda P\u00fablica. A magistrada apontou ind\u00edcios relevantes de irregularidade no ato administrativo. Entre as medidas, determinou a suspens\u00e3o dos efeitos do gasto e proibiu novos repasses \u00e0 empresa envolvida. Em caso de descumprimento, foi fixada multa di\u00e1ria de R$ 100 mil. Segundo o processo, o governo reconheceu uma d\u00edvida superior a R$ 6 milh\u00f5es com a empresa respons\u00e1vel pelo projeto do camarote. O pagamento foi formalizado por meio de um termo de reconhecimento de d\u00e9bito. Esse instrumento \u00e9 utilizado para indenizar despesas feitas sem contrato pr\u00e9vio. Na an\u00e1lise do caso, a Justi\u00e7a destacou que o Carnaval \u00e9 um evento previs\u00edvel. Por isso, exige planejamento e contrata\u00e7\u00e3o por meio de licita\u00e7\u00e3o, conforme a legisla\u00e7\u00e3o vigente. O uso de mecanismos indenizat\u00f3rios fora de situa\u00e7\u00f5es excepcionais pode indicar irregularidades administrativas. A decis\u00e3o tamb\u00e9m aponta risco de preju\u00edzo aos cofres p\u00fablicos. O pagamento sem processo licitat\u00f3rio pode dificultar a recupera\u00e7\u00e3o dos valores. A Justi\u00e7a determinou ainda que o Estado apresente o processo administrativo completo e notificou os envolvidos para manifesta\u00e7\u00e3o.\" \/>\n<meta property=\"og:url\" content=\"https:\/\/sudoesteacontece.com.br\/?p=15648\" \/>\n<meta property=\"og:site_name\" content=\"Sudoesteacontece\" \/>\n<meta property=\"article:publisher\" content=\"https:\/\/www.facebook.com\/sudoesteacontece\/?locale=pt_BR\" \/>\n<meta property=\"article:published_time\" content=\"2026-04-26T14:19:08+00:00\" \/>\n<meta property=\"article:modified_time\" content=\"2026-04-26T14:19:12+00:00\" \/>\n<meta property=\"og:image\" content=\"https:\/\/sudoesteacontece.com.br\/wp-content\/uploads\/2026\/04\/Justica-barra-gasto-de-R-6-milhoes-do-Governo-da-Bahia-com-camarote-no-Carnaval.jpg\" \/>\n\t<meta property=\"og:image:width\" content=\"900\" \/>\n\t<meta property=\"og:image:height\" content=\"600\" \/>\n\t<meta property=\"og:image:type\" content=\"image\/jpeg\" \/>\n<meta name=\"author\" content=\"Washington Tiago\" \/>\n<meta name=\"twitter:card\" content=\"summary_large_image\" \/>\n<meta name=\"twitter:label1\" content=\"Escrito por\" \/>\n\t<meta name=\"twitter:data1\" content=\"Washington Tiago\" \/>\n\t<meta name=\"twitter:label2\" content=\"Est. tempo de leitura\" \/>\n\t<meta name=\"twitter:data2\" content=\"2 minutos\" \/>\n<script type=\"application\/ld+json\" class=\"yoast-schema-graph\">{\"@context\":\"https:\/\/schema.org\",\"@graph\":[{\"@type\":\"Article\",\"@id\":\"https:\/\/sudoesteacontece.com.br\/?p=15648#article\",\"isPartOf\":{\"@id\":\"https:\/\/sudoesteacontece.com.br\/?p=15648\"},\"author\":{\"name\":\"Washington Tiago\",\"@id\":\"https:\/\/sudoesteacontece.com.br\/#\/schema\/person\/3cf2cf009926a9683ebc29d5379fa79c\"},\"headline\":\"Justi\u00e7a barra gasto de R$ 6 milh\u00f5es do Governo da Bahia com camarote no Carnaval\",\"datePublished\":\"2026-04-26T14:19:08+00:00\",\"dateModified\":\"2026-04-26T14:19:12+00:00\",\"mainEntityOfPage\":{\"@id\":\"https:\/\/sudoesteacontece.com.br\/?p=15648\"},\"wordCount\":268,\"commentCount\":0,\"publisher\":{\"@id\":\"https:\/\/sudoesteacontece.com.br\/#organization\"},\"image\":{\"@id\":\"https:\/\/sudoesteacontece.com.br\/?p=15648#primaryimage\"},\"thumbnailUrl\":\"http:\/\/sudoesteacontece.com.br\/wp-content\/uploads\/2026\/04\/Justica-barra-gasto-de-R-6-milhoes-do-Governo-da-Bahia-com-camarote-no-Carnaval.jpg\",\"articleSection\":[\"Bahia\",\"Brasil\",\"Elei\u00e7\u00f5es 2026\",\"Justi\u00e7a\",\"Pol\u00edtica\"],\"inLanguage\":\"pt-BR\",\"potentialAction\":[{\"@type\":\"CommentAction\",\"name\":\"Comment\",\"target\":[\"https:\/\/sudoesteacontece.com.br\/?p=15648#respond\"]}]},{\"@type\":\"WebPage\",\"@id\":\"https:\/\/sudoesteacontece.com.br\/?p=15648\",\"url\":\"https:\/\/sudoesteacontece.com.br\/?p=15648\",\"name\":\"Justi\u00e7a barra gasto de R$ 6 milh\u00f5es do Governo da Bahia com camarote no Carnaval - Sudoesteacontece\",\"isPartOf\":{\"@id\":\"https:\/\/sudoesteacontece.com.br\/#website\"},\"primaryImageOfPage\":{\"@id\":\"https:\/\/sudoesteacontece.com.br\/?p=15648#primaryimage\"},\"image\":{\"@id\":\"https:\/\/sudoesteacontece.com.br\/?p=15648#primaryimage\"},\"thumbnailUrl\":\"http:\/\/sudoesteacontece.com.br\/wp-content\/uploads\/2026\/04\/Justica-barra-gasto-de-R-6-milhoes-do-Governo-da-Bahia-com-camarote-no-Carnaval.jpg\",\"datePublished\":\"2026-04-26T14:19:08+00:00\",\"dateModified\":\"2026-04-26T14:19:12+00:00\",\"breadcrumb\":{\"@id\":\"https:\/\/sudoesteacontece.com.br\/?p=15648#breadcrumb\"},\"inLanguage\":\"pt-BR\",\"potentialAction\":[{\"@type\":\"ReadAction\",\"target\":[\"https:\/\/sudoesteacontece.com.br\/?p=15648\"]}]},{\"@type\":\"ImageObject\",\"inLanguage\":\"pt-BR\",\"@id\":\"https:\/\/sudoesteacontece.com.br\/?p=15648#primaryimage\",\"url\":\"https:\/\/sudoesteacontece.com.br\/wp-content\/uploads\/2026\/04\/Justica-barra-gasto-de-R-6-milhoes-do-Governo-da-Bahia-com-camarote-no-Carnaval.jpg\",\"contentUrl\":\"https:\/\/sudoesteacontece.com.br\/wp-content\/uploads\/2026\/04\/Justica-barra-gasto-de-R-6-milhoes-do-Governo-da-Bahia-com-camarote-no-Carnaval.jpg\",\"width\":900,\"height\":600},{\"@type\":\"BreadcrumbList\",\"@id\":\"https:\/\/sudoesteacontece.com.br\/?p=15648#breadcrumb\",\"itemListElement\":[{\"@type\":\"ListItem\",\"position\":1,\"name\":\"In\u00edcio\",\"item\":\"https:\/\/sudoesteacontece.com.br\/\"},{\"@type\":\"ListItem\",\"position\":2,\"name\":\"Justi\u00e7a barra gasto de R$ 6 milh\u00f5es do Governo da Bahia com camarote no Carnaval\"}]},{\"@type\":\"WebSite\",\"@id\":\"https:\/\/sudoesteacontece.com.br\/#website\",\"url\":\"https:\/\/sudoesteacontece.com.br\/\",\"name\":\"Sudoesteacontece\",\"description\":\"\",\"publisher\":{\"@id\":\"https:\/\/sudoesteacontece.com.br\/#organization\"},\"potentialAction\":[{\"@type\":\"SearchAction\",\"target\":{\"@type\":\"EntryPoint\",\"urlTemplate\":\"https:\/\/sudoesteacontece.com.br\/?s={search_term_string}\"},\"query-input\":{\"@type\":\"PropertyValueSpecification\",\"valueRequired\":true,\"valueName\":\"search_term_string\"}}],\"inLanguage\":\"pt-BR\"},{\"@type\":\"Organization\",\"@id\":\"https:\/\/sudoesteacontece.com.br\/#organization\",\"name\":\"Sudoesteacontece\",\"url\":\"https:\/\/sudoesteacontece.com.br\/\",\"logo\":{\"@type\":\"ImageObject\",\"inLanguage\":\"pt-BR\",\"@id\":\"https:\/\/sudoesteacontece.com.br\/#\/schema\/logo\/image\/\",\"url\":\"https:\/\/sudoesteacontece.com.br\/wp-content\/uploads\/2025\/12\/cropped-logo-2-180x180-1.png\",\"contentUrl\":\"https:\/\/sudoesteacontece.com.br\/wp-content\/uploads\/2025\/12\/cropped-logo-2-180x180-1.png\",\"width\":180,\"height\":180,\"caption\":\"Sudoesteacontece\"},\"image\":{\"@id\":\"https:\/\/sudoesteacontece.com.br\/#\/schema\/logo\/image\/\"},\"sameAs\":[\"https:\/\/www.facebook.com\/sudoesteacontece\/?locale=pt_BR\"]},{\"@type\":\"Person\",\"@id\":\"https:\/\/sudoesteacontece.com.br\/#\/schema\/person\/3cf2cf009926a9683ebc29d5379fa79c\",\"name\":\"Washington Tiago\",\"image\":{\"@type\":\"ImageObject\",\"inLanguage\":\"pt-BR\",\"@id\":\"https:\/\/sudoesteacontece.com.br\/#\/schema\/person\/image\/\",\"url\":\"https:\/\/secure.gravatar.com\/avatar\/33c43b8668157e040f9d1fe93c354bf087cbd8ba36270c1163198bd3ddcf2a56?s=96&d=mm&r=g\",\"contentUrl\":\"https:\/\/secure.gravatar.com\/avatar\/33c43b8668157e040f9d1fe93c354bf087cbd8ba36270c1163198bd3ddcf2a56?s=96&d=mm&r=g\",\"caption\":\"Washington Tiago\"},\"url\":\"https:\/\/sudoesteacontece.com.br\/?author=2\"}]}<\/script>\n<!-- \/ Yoast SEO plugin. -->","yoast_head_json":{"title":"Justi\u00e7a barra gasto de R$ 6 milh\u00f5es do Governo da Bahia com camarote no Carnaval - Sudoesteacontece","robots":{"index":"index","follow":"follow","max-snippet":"max-snippet:-1","max-image-preview":"max-image-preview:large","max-video-preview":"max-video-preview:-1"},"canonical":"https:\/\/sudoesteacontece.com.br\/?p=15648","og_locale":"pt_BR","og_type":"article","og_title":"Justi\u00e7a barra gasto de R$ 6 milh\u00f5es do Governo da Bahia com camarote no Carnaval - Sudoesteacontece","og_description":"Uma decis\u00e3o da Justi\u00e7a da Bahia suspendeu um gasto de R$ 6 milh\u00f5es do governo estadual com um camarote institucional no Carnaval de 2026, em Salvador. A medida foi tomada em car\u00e1ter liminar e determina a interrup\u00e7\u00e3o imediata do pagamento. A a\u00e7\u00e3o foi movida por um deputado estadual, que questionou a legalidade da despesa. A decis\u00e3o foi proferida pela 15\u00aa Vara da Fazenda P\u00fablica. A magistrada apontou ind\u00edcios relevantes de irregularidade no ato administrativo. Entre as medidas, determinou a suspens\u00e3o dos efeitos do gasto e proibiu novos repasses \u00e0 empresa envolvida. Em caso de descumprimento, foi fixada multa di\u00e1ria de R$ 100 mil. Segundo o processo, o governo reconheceu uma d\u00edvida superior a R$ 6 milh\u00f5es com a empresa respons\u00e1vel pelo projeto do camarote. O pagamento foi formalizado por meio de um termo de reconhecimento de d\u00e9bito. Esse instrumento \u00e9 utilizado para indenizar despesas feitas sem contrato pr\u00e9vio. Na an\u00e1lise do caso, a Justi\u00e7a destacou que o Carnaval \u00e9 um evento previs\u00edvel. Por isso, exige planejamento e contrata\u00e7\u00e3o por meio de licita\u00e7\u00e3o, conforme a legisla\u00e7\u00e3o vigente. O uso de mecanismos indenizat\u00f3rios fora de situa\u00e7\u00f5es excepcionais pode indicar irregularidades administrativas. A decis\u00e3o tamb\u00e9m aponta risco de preju\u00edzo aos cofres p\u00fablicos. O pagamento sem processo licitat\u00f3rio pode dificultar a recupera\u00e7\u00e3o dos valores. A Justi\u00e7a determinou ainda que o Estado apresente o processo administrativo completo e notificou os envolvidos para manifesta\u00e7\u00e3o.","og_url":"https:\/\/sudoesteacontece.com.br\/?p=15648","og_site_name":"Sudoesteacontece","article_publisher":"https:\/\/www.facebook.com\/sudoesteacontece\/?locale=pt_BR","article_published_time":"2026-04-26T14:19:08+00:00","article_modified_time":"2026-04-26T14:19:12+00:00","og_image":[{"width":900,"height":600,"url":"https:\/\/sudoesteacontece.com.br\/wp-content\/uploads\/2026\/04\/Justica-barra-gasto-de-R-6-milhoes-do-Governo-da-Bahia-com-camarote-no-Carnaval.jpg","type":"image\/jpeg"}],"author":"Washington Tiago","twitter_card":"summary_large_image","twitter_misc":{"Escrito por":"Washington Tiago","Est. tempo de leitura":"2 minutos"},"schema":{"@context":"https:\/\/schema.org","@graph":[{"@type":"Article","@id":"https:\/\/sudoesteacontece.com.br\/?p=15648#article","isPartOf":{"@id":"https:\/\/sudoesteacontece.com.br\/?p=15648"},"author":{"name":"Washington Tiago","@id":"https:\/\/sudoesteacontece.com.br\/#\/schema\/person\/3cf2cf009926a9683ebc29d5379fa79c"},"headline":"Justi\u00e7a barra gasto de R$ 6 milh\u00f5es do Governo da Bahia com camarote no Carnaval","datePublished":"2026-04-26T14:19:08+00:00","dateModified":"2026-04-26T14:19:12+00:00","mainEntityOfPage":{"@id":"https:\/\/sudoesteacontece.com.br\/?p=15648"},"wordCount":268,"commentCount":0,"publisher":{"@id":"https:\/\/sudoesteacontece.com.br\/#organization"},"image":{"@id":"https:\/\/sudoesteacontece.com.br\/?p=15648#primaryimage"},"thumbnailUrl":"http:\/\/sudoesteacontece.com.br\/wp-content\/uploads\/2026\/04\/Justica-barra-gasto-de-R-6-milhoes-do-Governo-da-Bahia-com-camarote-no-Carnaval.jpg","articleSection":["Bahia","Brasil","Elei\u00e7\u00f5es 2026","Justi\u00e7a","Pol\u00edtica"],"inLanguage":"pt-BR","potentialAction":[{"@type":"CommentAction","name":"Comment","target":["https:\/\/sudoesteacontece.com.br\/?p=15648#respond"]}]},{"@type":"WebPage","@id":"https:\/\/sudoesteacontece.com.br\/?p=15648","url":"https:\/\/sudoesteacontece.com.br\/?p=15648","name":"Justi\u00e7a barra gasto de R$ 6 milh\u00f5es do Governo da Bahia com camarote no Carnaval - Sudoesteacontece","isPartOf":{"@id":"https:\/\/sudoesteacontece.com.br\/#website"},"primaryImageOfPage":{"@id":"https:\/\/sudoesteacontece.com.br\/?p=15648#primaryimage"},"image":{"@id":"https:\/\/sudoesteacontece.com.br\/?p=15648#primaryimage"},"thumbnailUrl":"http:\/\/sudoesteacontece.com.br\/wp-content\/uploads\/2026\/04\/Justica-barra-gasto-de-R-6-milhoes-do-Governo-da-Bahia-com-camarote-no-Carnaval.jpg","datePublished":"2026-04-26T14:19:08+00:00","dateModified":"2026-04-26T14:19:12+00:00","breadcrumb":{"@id":"https:\/\/sudoesteacontece.com.br\/?p=15648#breadcrumb"},"inLanguage":"pt-BR","potentialAction":[{"@type":"ReadAction","target":["https:\/\/sudoesteacontece.com.br\/?p=15648"]}]},{"@type":"ImageObject","inLanguage":"pt-BR","@id":"https:\/\/sudoesteacontece.com.br\/?p=15648#primaryimage","url":"https:\/\/sudoesteacontece.com.br\/wp-content\/uploads\/2026\/04\/Justica-barra-gasto-de-R-6-milhoes-do-Governo-da-Bahia-com-camarote-no-Carnaval.jpg","contentUrl":"https:\/\/sudoesteacontece.com.br\/wp-content\/uploads\/2026\/04\/Justica-barra-gasto-de-R-6-milhoes-do-Governo-da-Bahia-com-camarote-no-Carnaval.jpg","width":900,"height":600},{"@type":"BreadcrumbList","@id":"https:\/\/sudoesteacontece.com.br\/?p=15648#breadcrumb","itemListElement":[{"@type":"ListItem","position":1,"name":"In\u00edcio","item":"https:\/\/sudoesteacontece.com.br\/"},{"@type":"ListItem","position":2,"name":"Justi\u00e7a barra gasto de R$ 6 milh\u00f5es do Governo da Bahia com camarote no Carnaval"}]},{"@type":"WebSite","@id":"https:\/\/sudoesteacontece.com.br\/#website","url":"https:\/\/sudoesteacontece.com.br\/","name":"Sudoesteacontece","description":"","publisher":{"@id":"https:\/\/sudoesteacontece.com.br\/#organization"},"potentialAction":[{"@type":"SearchAction","target":{"@type":"EntryPoint","urlTemplate":"https:\/\/sudoesteacontece.com.br\/?s={search_term_string}"},"query-input":{"@type":"PropertyValueSpecification","valueRequired":true,"valueName":"search_term_string"}}],"inLanguage":"pt-BR"},{"@type":"Organization","@id":"https:\/\/sudoesteacontece.com.br\/#organization","name":"Sudoesteacontece","url":"https:\/\/sudoesteacontece.com.br\/","logo":{"@type":"ImageObject","inLanguage":"pt-BR","@id":"https:\/\/sudoesteacontece.com.br\/#\/schema\/logo\/image\/","url":"https:\/\/sudoesteacontece.com.br\/wp-content\/uploads\/2025\/12\/cropped-logo-2-180x180-1.png","contentUrl":"https:\/\/sudoesteacontece.com.br\/wp-content\/uploads\/2025\/12\/cropped-logo-2-180x180-1.png","width":180,"height":180,"caption":"Sudoesteacontece"},"image":{"@id":"https:\/\/sudoesteacontece.com.br\/#\/schema\/logo\/image\/"},"sameAs":["https:\/\/www.facebook.com\/sudoesteacontece\/?locale=pt_BR"]},{"@type":"Person","@id":"https:\/\/sudoesteacontece.com.br\/#\/schema\/person\/3cf2cf009926a9683ebc29d5379fa79c","name":"Washington Tiago","image":{"@type":"ImageObject","inLanguage":"pt-BR","@id":"https:\/\/sudoesteacontece.com.br\/#\/schema\/person\/image\/","url":"https:\/\/secure.gravatar.com\/avatar\/33c43b8668157e040f9d1fe93c354bf087cbd8ba36270c1163198bd3ddcf2a56?s=96&d=mm&r=g","contentUrl":"https:\/\/secure.gravatar.com\/avatar\/33c43b8668157e040f9d1fe93c354bf087cbd8ba36270c1163198bd3ddcf2a56?s=96&d=mm&r=g","caption":"Washington Tiago"},"url":"https:\/\/sudoesteacontece.com.br\/?author=2"}]}},"_links":{"self":[{"href":"https:\/\/sudoesteacontece.com.br\/index.php?rest_route=\/wp\/v2\/posts\/15648","targetHints":{"allow":["GET"]}}],"collection":[{"href":"https:\/\/sudoesteacontece.com.br\/index.php?rest_route=\/wp\/v2\/posts"}],"about":[{"href":"https:\/\/sudoesteacontece.com.br\/index.php?rest_route=\/wp\/v2\/types\/post"}],"author":[{"embeddable":true,"href":"https:\/\/sudoesteacontece.com.br\/index.php?rest_route=\/wp\/v2\/users\/2"}],"replies":[{"embeddable":true,"href":"https:\/\/sudoesteacontece.com.br\/index.php?rest_route=%2Fwp%2Fv2%2Fcomments&post=15648"}],"version-history":[{"count":1,"href":"https:\/\/sudoesteacontece.com.br\/index.php?rest_route=\/wp\/v2\/posts\/15648\/revisions"}],"predecessor-version":[{"id":15673,"href":"https:\/\/sudoesteacontece.com.br\/index.php?rest_route=\/wp\/v2\/posts\/15648\/revisions\/15673"}],"wp:attachment":[{"href":"https:\/\/sudoesteacontece.com.br\/index.php?rest_route=%2Fwp%2Fv2%2Fmedia&parent=15648"}],"wp:term":[{"taxonomy":"category","embeddable":true,"href":"https:\/\/sudoesteacontece.com.br\/index.php?rest_route=%2Fwp%2Fv2%2Fcategories&post=15648"},{"taxonomy":"post_tag","embeddable":true,"href":"https:\/\/sudoesteacontece.com.br\/index.php?rest_route=%2Fwp%2Fv2%2Ftags&post=15648"}],"curies":[{"name":"wp","href":"https:\/\/api.w.org\/{rel}","templated":true}]}}