{"id":15654,"date":"2026-04-26T11:40:23","date_gmt":"2026-04-26T14:40:23","guid":{"rendered":"https:\/\/sudoesteacontece.com.br\/?p=15654"},"modified":"2026-04-26T11:40:28","modified_gmt":"2026-04-26T14:40:28","slug":"policia-e-acionada-apos-confusao-entre-estudantes-em-escola-de-guanambi","status":"publish","type":"post","link":"https:\/\/sudoesteacontece.com.br\/?p=15654","title":{"rendered":"Pol\u00edcia \u00e9 acionada ap\u00f3s confus\u00e3o entre estudantes em escola de Guanambi"},"content":{"rendered":"<div class=\"wp-block-image\">\n<figure class=\"aligncenter size-full\"><img fetchpriority=\"high\" decoding=\"async\" width=\"900\" height=\"600\" src=\"http:\/\/sudoesteacontece.com.br\/wp-content\/uploads\/2026\/04\/Policia-e-acionada-apos-confusao-entre-estudantes-em-escola-de-Guanambi.jpg\" alt=\"\" class=\"wp-image-15685\" srcset=\"https:\/\/sudoesteacontece.com.br\/wp-content\/uploads\/2026\/04\/Policia-e-acionada-apos-confusao-entre-estudantes-em-escola-de-Guanambi.jpg 900w, https:\/\/sudoesteacontece.com.br\/wp-content\/uploads\/2026\/04\/Policia-e-acionada-apos-confusao-entre-estudantes-em-escola-de-Guanambi-300x200.jpg 300w, https:\/\/sudoesteacontece.com.br\/wp-content\/uploads\/2026\/04\/Policia-e-acionada-apos-confusao-entre-estudantes-em-escola-de-Guanambi-768x512.jpg 768w\" sizes=\"(max-width: 900px) 100vw, 900px\" \/><\/figure>\n<\/div>\n\n\n<p>Uma ocorr\u00eancia envolvendo estudantes mobilizou a Pol\u00edcia Militar na tarde de sexta-feira (24) em Guanambi. A situa\u00e7\u00e3o foi registrada por volta das 17h58 na Escola Municipal Enedina Costa de Macedo, no bairro Ara\u00fajo. Equipes do 17\u00ba BPM foram acionadas para verificar uma den\u00fancia de poss\u00edvel agress\u00e3o nas proximidades da unidade.<\/p>\n\n\n\n<p>No local, os policiais apuraram que a situa\u00e7\u00e3o envolvia tr\u00eas jovens. Dois deles seriam ex-alunos da escola e teriam tentado agredir um adolescente na sa\u00edda das aulas. A confus\u00e3o chamou a aten\u00e7\u00e3o de pessoas que estavam na regi\u00e3o e levou ao acionamento da pol\u00edcia para conter o risco de viol\u00eancia.<\/p>\n\n\n\n<p>Durante o atendimento, n\u00e3o houve confirma\u00e7\u00e3o de ferimentos graves. A equipe policial realizou os procedimentos iniciais e colheu informa\u00e7\u00f5es sobre o ocorrido. O caso foi tratado como situa\u00e7\u00e3o de desentendimento entre os envolvidos, sem registro imediato de maior gravidade no local.<\/p>\n\n\n\n<p>Diante do epis\u00f3dio, a respons\u00e1vel legal pelo adolescente foi orientada a procurar a delegacia para registrar a ocorr\u00eancia. A dire\u00e7\u00e3o da escola tamb\u00e9m recebeu orienta\u00e7\u00e3o para comunicar o caso \u00e0 Secretaria Municipal de Educa\u00e7\u00e3o.<\/p>\n\n\n\n<p>As circunst\u00e2ncias do caso devem ser apuradas pelas autoridades competentes. A ocorr\u00eancia refor\u00e7a a necessidade de acompanhamento e preven\u00e7\u00e3o de conflitos no ambiente escolar e em seus arredores.<\/p>\n","protected":false},"excerpt":{"rendered":"<p>Uma ocorr\u00eancia envolvendo estudantes mobilizou a Pol\u00edcia Militar na tarde de sexta-feira (24) em Guanambi. A situa\u00e7\u00e3o foi registrada por volta das 17h58 na Escola Municipal Enedina Costa de Macedo, no bairro Ara\u00fajo. Equipes do 17\u00ba BPM foram acionadas para verificar uma den\u00fancia de poss\u00edvel agress\u00e3o nas proximidades da unidade. No local, os policiais apuraram que a situa\u00e7\u00e3o envolvia tr\u00eas jovens. Dois deles seriam ex-alunos da escola e teriam tentado agredir um adolescente na sa\u00edda das aulas. A confus\u00e3o chamou a aten\u00e7\u00e3o de pessoas que estavam na regi\u00e3o e levou ao acionamento da pol\u00edcia para conter o risco de viol\u00eancia. Durante o atendimento, n\u00e3o houve confirma\u00e7\u00e3o de ferimentos graves. A equipe policial realizou os procedimentos iniciais e colheu informa\u00e7\u00f5es sobre o ocorrido. O caso foi tratado como situa\u00e7\u00e3o de desentendimento entre os envolvidos, sem registro imediato de maior gravidade no local. Diante do epis\u00f3dio, a respons\u00e1vel legal pelo adolescente foi orientada a procurar a delegacia para registrar a ocorr\u00eancia. A dire\u00e7\u00e3o da escola tamb\u00e9m recebeu orienta\u00e7\u00e3o para comunicar o caso \u00e0 Secretaria Municipal de Educa\u00e7\u00e3o. As circunst\u00e2ncias do caso devem ser apuradas pelas autoridades competentes. A ocorr\u00eancia refor\u00e7a a necessidade de acompanhamento e preven\u00e7\u00e3o de conflitos no ambiente escolar e em seus arredores.<\/p>\n","protected":false},"author":2,"featured_media":0,"comment_status":"open","ping_status":"open","sticky":false,"template":"","format":"standard","meta":{"footnotes":""},"categories":[4,43,17,3],"tags":[],"class_list":["post-15654","post","type-post","status-publish","format-standard","hentry","category-cidades","category-educacao","category-guanambi","category-policia"],"yoast_head":"<!-- This site is optimized with the Yoast SEO plugin v26.5 - https:\/\/yoast.com\/wordpress\/plugins\/seo\/ -->\n<title>Pol\u00edcia \u00e9 acionada ap\u00f3s confus\u00e3o entre estudantes em escola de Guanambi - Sudoesteacontece<\/title>\n<meta name=\"robots\" content=\"index, follow, max-snippet:-1, max-image-preview:large, max-video-preview:-1\" \/>\n<link rel=\"canonical\" href=\"https:\/\/sudoesteacontece.com.br\/?p=15654\" \/>\n<meta property=\"og:locale\" content=\"pt_BR\" \/>\n<meta property=\"og:type\" content=\"article\" \/>\n<meta property=\"og:title\" content=\"Pol\u00edcia \u00e9 acionada ap\u00f3s confus\u00e3o entre estudantes em escola de Guanambi - Sudoesteacontece\" \/>\n<meta property=\"og:description\" content=\"Uma ocorr\u00eancia envolvendo estudantes mobilizou a Pol\u00edcia Militar na tarde de sexta-feira (24) em Guanambi. A situa\u00e7\u00e3o foi registrada por volta das 17h58 na Escola Municipal Enedina Costa de Macedo, no bairro Ara\u00fajo. Equipes do 17\u00ba BPM foram acionadas para verificar uma den\u00fancia de poss\u00edvel agress\u00e3o nas proximidades da unidade. No local, os policiais apuraram que a situa\u00e7\u00e3o envolvia tr\u00eas jovens. Dois deles seriam ex-alunos da escola e teriam tentado agredir um adolescente na sa\u00edda das aulas. A confus\u00e3o chamou a aten\u00e7\u00e3o de pessoas que estavam na regi\u00e3o e levou ao acionamento da pol\u00edcia para conter o risco de viol\u00eancia. Durante o atendimento, n\u00e3o houve confirma\u00e7\u00e3o de ferimentos graves. A equipe policial realizou os procedimentos iniciais e colheu informa\u00e7\u00f5es sobre o ocorrido. O caso foi tratado como situa\u00e7\u00e3o de desentendimento entre os envolvidos, sem registro imediato de maior gravidade no local. Diante do epis\u00f3dio, a respons\u00e1vel legal pelo adolescente foi orientada a procurar a delegacia para registrar a ocorr\u00eancia. A dire\u00e7\u00e3o da escola tamb\u00e9m recebeu orienta\u00e7\u00e3o para comunicar o caso \u00e0 Secretaria Municipal de Educa\u00e7\u00e3o. As circunst\u00e2ncias do caso devem ser apuradas pelas autoridades competentes. A ocorr\u00eancia refor\u00e7a a necessidade de acompanhamento e preven\u00e7\u00e3o de conflitos no ambiente escolar e em seus arredores.\" \/>\n<meta property=\"og:url\" content=\"https:\/\/sudoesteacontece.com.br\/?p=15654\" \/>\n<meta property=\"og:site_name\" content=\"Sudoesteacontece\" \/>\n<meta property=\"article:publisher\" content=\"https:\/\/www.facebook.com\/sudoesteacontece\/?locale=pt_BR\" \/>\n<meta property=\"article:published_time\" content=\"2026-04-26T14:40:23+00:00\" \/>\n<meta property=\"article:modified_time\" content=\"2026-04-26T14:40:28+00:00\" \/>\n<meta property=\"og:image\" content=\"https:\/\/sudoesteacontece.com.br\/wp-content\/uploads\/2026\/04\/Policia-e-acionada-apos-confusao-entre-estudantes-em-escola-de-Guanambi.jpg\" \/>\n\t<meta property=\"og:image:width\" content=\"900\" \/>\n\t<meta property=\"og:image:height\" content=\"600\" \/>\n\t<meta property=\"og:image:type\" content=\"image\/jpeg\" \/>\n<meta name=\"author\" content=\"Washington Tiago\" \/>\n<meta name=\"twitter:card\" content=\"summary_large_image\" \/>\n<meta name=\"twitter:label1\" content=\"Escrito por\" \/>\n\t<meta name=\"twitter:data1\" content=\"Washington Tiago\" \/>\n\t<meta name=\"twitter:label2\" content=\"Est. tempo de leitura\" \/>\n\t<meta name=\"twitter:data2\" content=\"2 minutos\" \/>\n<script type=\"application\/ld+json\" class=\"yoast-schema-graph\">{\"@context\":\"https:\/\/schema.org\",\"@graph\":[{\"@type\":\"Article\",\"@id\":\"https:\/\/sudoesteacontece.com.br\/?p=15654#article\",\"isPartOf\":{\"@id\":\"https:\/\/sudoesteacontece.com.br\/?p=15654\"},\"author\":{\"name\":\"Washington Tiago\",\"@id\":\"https:\/\/sudoesteacontece.com.br\/#\/schema\/person\/3cf2cf009926a9683ebc29d5379fa79c\"},\"headline\":\"Pol\u00edcia \u00e9 acionada ap\u00f3s confus\u00e3o entre estudantes em escola de Guanambi\",\"datePublished\":\"2026-04-26T14:40:23+00:00\",\"dateModified\":\"2026-04-26T14:40:28+00:00\",\"mainEntityOfPage\":{\"@id\":\"https:\/\/sudoesteacontece.com.br\/?p=15654\"},\"wordCount\":243,\"commentCount\":0,\"publisher\":{\"@id\":\"https:\/\/sudoesteacontece.com.br\/#organization\"},\"image\":{\"@id\":\"https:\/\/sudoesteacontece.com.br\/?p=15654#primaryimage\"},\"thumbnailUrl\":\"http:\/\/sudoesteacontece.com.br\/wp-content\/uploads\/2026\/04\/Policia-e-acionada-apos-confusao-entre-estudantes-em-escola-de-Guanambi.jpg\",\"articleSection\":[\"Cidades\",\"Educa\u00e7\u00e3o\",\"Guanambi\",\"Pol\u00edcia\"],\"inLanguage\":\"pt-BR\",\"potentialAction\":[{\"@type\":\"CommentAction\",\"name\":\"Comment\",\"target\":[\"https:\/\/sudoesteacontece.com.br\/?p=15654#respond\"]}]},{\"@type\":\"WebPage\",\"@id\":\"https:\/\/sudoesteacontece.com.br\/?p=15654\",\"url\":\"https:\/\/sudoesteacontece.com.br\/?p=15654\",\"name\":\"Pol\u00edcia \u00e9 acionada ap\u00f3s confus\u00e3o entre estudantes em escola de Guanambi - Sudoesteacontece\",\"isPartOf\":{\"@id\":\"https:\/\/sudoesteacontece.com.br\/#website\"},\"primaryImageOfPage\":{\"@id\":\"https:\/\/sudoesteacontece.com.br\/?p=15654#primaryimage\"},\"image\":{\"@id\":\"https:\/\/sudoesteacontece.com.br\/?p=15654#primaryimage\"},\"thumbnailUrl\":\"http:\/\/sudoesteacontece.com.br\/wp-content\/uploads\/2026\/04\/Policia-e-acionada-apos-confusao-entre-estudantes-em-escola-de-Guanambi.jpg\",\"datePublished\":\"2026-04-26T14:40:23+00:00\",\"dateModified\":\"2026-04-26T14:40:28+00:00\",\"breadcrumb\":{\"@id\":\"https:\/\/sudoesteacontece.com.br\/?p=15654#breadcrumb\"},\"inLanguage\":\"pt-BR\",\"potentialAction\":[{\"@type\":\"ReadAction\",\"target\":[\"https:\/\/sudoesteacontece.com.br\/?p=15654\"]}]},{\"@type\":\"ImageObject\",\"inLanguage\":\"pt-BR\",\"@id\":\"https:\/\/sudoesteacontece.com.br\/?p=15654#primaryimage\",\"url\":\"https:\/\/sudoesteacontece.com.br\/wp-content\/uploads\/2026\/04\/Policia-e-acionada-apos-confusao-entre-estudantes-em-escola-de-Guanambi.jpg\",\"contentUrl\":\"https:\/\/sudoesteacontece.com.br\/wp-content\/uploads\/2026\/04\/Policia-e-acionada-apos-confusao-entre-estudantes-em-escola-de-Guanambi.jpg\",\"width\":900,\"height\":600},{\"@type\":\"BreadcrumbList\",\"@id\":\"https:\/\/sudoesteacontece.com.br\/?p=15654#breadcrumb\",\"itemListElement\":[{\"@type\":\"ListItem\",\"position\":1,\"name\":\"In\u00edcio\",\"item\":\"https:\/\/sudoesteacontece.com.br\/\"},{\"@type\":\"ListItem\",\"position\":2,\"name\":\"Pol\u00edcia \u00e9 acionada ap\u00f3s confus\u00e3o entre estudantes em escola de Guanambi\"}]},{\"@type\":\"WebSite\",\"@id\":\"https:\/\/sudoesteacontece.com.br\/#website\",\"url\":\"https:\/\/sudoesteacontece.com.br\/\",\"name\":\"Sudoesteacontece\",\"description\":\"\",\"publisher\":{\"@id\":\"https:\/\/sudoesteacontece.com.br\/#organization\"},\"potentialAction\":[{\"@type\":\"SearchAction\",\"target\":{\"@type\":\"EntryPoint\",\"urlTemplate\":\"https:\/\/sudoesteacontece.com.br\/?s={search_term_string}\"},\"query-input\":{\"@type\":\"PropertyValueSpecification\",\"valueRequired\":true,\"valueName\":\"search_term_string\"}}],\"inLanguage\":\"pt-BR\"},{\"@type\":\"Organization\",\"@id\":\"https:\/\/sudoesteacontece.com.br\/#organization\",\"name\":\"Sudoesteacontece\",\"url\":\"https:\/\/sudoesteacontece.com.br\/\",\"logo\":{\"@type\":\"ImageObject\",\"inLanguage\":\"pt-BR\",\"@id\":\"https:\/\/sudoesteacontece.com.br\/#\/schema\/logo\/image\/\",\"url\":\"https:\/\/sudoesteacontece.com.br\/wp-content\/uploads\/2025\/12\/cropped-logo-2-180x180-1.png\",\"contentUrl\":\"https:\/\/sudoesteacontece.com.br\/wp-content\/uploads\/2025\/12\/cropped-logo-2-180x180-1.png\",\"width\":180,\"height\":180,\"caption\":\"Sudoesteacontece\"},\"image\":{\"@id\":\"https:\/\/sudoesteacontece.com.br\/#\/schema\/logo\/image\/\"},\"sameAs\":[\"https:\/\/www.facebook.com\/sudoesteacontece\/?locale=pt_BR\"]},{\"@type\":\"Person\",\"@id\":\"https:\/\/sudoesteacontece.com.br\/#\/schema\/person\/3cf2cf009926a9683ebc29d5379fa79c\",\"name\":\"Washington Tiago\",\"image\":{\"@type\":\"ImageObject\",\"inLanguage\":\"pt-BR\",\"@id\":\"https:\/\/sudoesteacontece.com.br\/#\/schema\/person\/image\/\",\"url\":\"https:\/\/secure.gravatar.com\/avatar\/33c43b8668157e040f9d1fe93c354bf087cbd8ba36270c1163198bd3ddcf2a56?s=96&d=mm&r=g\",\"contentUrl\":\"https:\/\/secure.gravatar.com\/avatar\/33c43b8668157e040f9d1fe93c354bf087cbd8ba36270c1163198bd3ddcf2a56?s=96&d=mm&r=g\",\"caption\":\"Washington Tiago\"},\"url\":\"https:\/\/sudoesteacontece.com.br\/?author=2\"}]}<\/script>\n<!-- \/ Yoast SEO plugin. -->","yoast_head_json":{"title":"Pol\u00edcia \u00e9 acionada ap\u00f3s confus\u00e3o entre estudantes em escola de Guanambi - Sudoesteacontece","robots":{"index":"index","follow":"follow","max-snippet":"max-snippet:-1","max-image-preview":"max-image-preview:large","max-video-preview":"max-video-preview:-1"},"canonical":"https:\/\/sudoesteacontece.com.br\/?p=15654","og_locale":"pt_BR","og_type":"article","og_title":"Pol\u00edcia \u00e9 acionada ap\u00f3s confus\u00e3o entre estudantes em escola de Guanambi - Sudoesteacontece","og_description":"Uma ocorr\u00eancia envolvendo estudantes mobilizou a Pol\u00edcia Militar na tarde de sexta-feira (24) em Guanambi. A situa\u00e7\u00e3o foi registrada por volta das 17h58 na Escola Municipal Enedina Costa de Macedo, no bairro Ara\u00fajo. Equipes do 17\u00ba BPM foram acionadas para verificar uma den\u00fancia de poss\u00edvel agress\u00e3o nas proximidades da unidade. No local, os policiais apuraram que a situa\u00e7\u00e3o envolvia tr\u00eas jovens. Dois deles seriam ex-alunos da escola e teriam tentado agredir um adolescente na sa\u00edda das aulas. A confus\u00e3o chamou a aten\u00e7\u00e3o de pessoas que estavam na regi\u00e3o e levou ao acionamento da pol\u00edcia para conter o risco de viol\u00eancia. Durante o atendimento, n\u00e3o houve confirma\u00e7\u00e3o de ferimentos graves. A equipe policial realizou os procedimentos iniciais e colheu informa\u00e7\u00f5es sobre o ocorrido. O caso foi tratado como situa\u00e7\u00e3o de desentendimento entre os envolvidos, sem registro imediato de maior gravidade no local. Diante do epis\u00f3dio, a respons\u00e1vel legal pelo adolescente foi orientada a procurar a delegacia para registrar a ocorr\u00eancia. A dire\u00e7\u00e3o da escola tamb\u00e9m recebeu orienta\u00e7\u00e3o para comunicar o caso \u00e0 Secretaria Municipal de Educa\u00e7\u00e3o. As circunst\u00e2ncias do caso devem ser apuradas pelas autoridades competentes. A ocorr\u00eancia refor\u00e7a a necessidade de acompanhamento e preven\u00e7\u00e3o de conflitos no ambiente escolar e em seus arredores.","og_url":"https:\/\/sudoesteacontece.com.br\/?p=15654","og_site_name":"Sudoesteacontece","article_publisher":"https:\/\/www.facebook.com\/sudoesteacontece\/?locale=pt_BR","article_published_time":"2026-04-26T14:40:23+00:00","article_modified_time":"2026-04-26T14:40:28+00:00","og_image":[{"width":900,"height":600,"url":"https:\/\/sudoesteacontece.com.br\/wp-content\/uploads\/2026\/04\/Policia-e-acionada-apos-confusao-entre-estudantes-em-escola-de-Guanambi.jpg","type":"image\/jpeg"}],"author":"Washington Tiago","twitter_card":"summary_large_image","twitter_misc":{"Escrito por":"Washington Tiago","Est. tempo de leitura":"2 minutos"},"schema":{"@context":"https:\/\/schema.org","@graph":[{"@type":"Article","@id":"https:\/\/sudoesteacontece.com.br\/?p=15654#article","isPartOf":{"@id":"https:\/\/sudoesteacontece.com.br\/?p=15654"},"author":{"name":"Washington Tiago","@id":"https:\/\/sudoesteacontece.com.br\/#\/schema\/person\/3cf2cf009926a9683ebc29d5379fa79c"},"headline":"Pol\u00edcia \u00e9 acionada ap\u00f3s confus\u00e3o entre estudantes em escola de Guanambi","datePublished":"2026-04-26T14:40:23+00:00","dateModified":"2026-04-26T14:40:28+00:00","mainEntityOfPage":{"@id":"https:\/\/sudoesteacontece.com.br\/?p=15654"},"wordCount":243,"commentCount":0,"publisher":{"@id":"https:\/\/sudoesteacontece.com.br\/#organization"},"image":{"@id":"https:\/\/sudoesteacontece.com.br\/?p=15654#primaryimage"},"thumbnailUrl":"http:\/\/sudoesteacontece.com.br\/wp-content\/uploads\/2026\/04\/Policia-e-acionada-apos-confusao-entre-estudantes-em-escola-de-Guanambi.jpg","articleSection":["Cidades","Educa\u00e7\u00e3o","Guanambi","Pol\u00edcia"],"inLanguage":"pt-BR","potentialAction":[{"@type":"CommentAction","name":"Comment","target":["https:\/\/sudoesteacontece.com.br\/?p=15654#respond"]}]},{"@type":"WebPage","@id":"https:\/\/sudoesteacontece.com.br\/?p=15654","url":"https:\/\/sudoesteacontece.com.br\/?p=15654","name":"Pol\u00edcia \u00e9 acionada ap\u00f3s confus\u00e3o entre estudantes em escola de Guanambi - Sudoesteacontece","isPartOf":{"@id":"https:\/\/sudoesteacontece.com.br\/#website"},"primaryImageOfPage":{"@id":"https:\/\/sudoesteacontece.com.br\/?p=15654#primaryimage"},"image":{"@id":"https:\/\/sudoesteacontece.com.br\/?p=15654#primaryimage"},"thumbnailUrl":"http:\/\/sudoesteacontece.com.br\/wp-content\/uploads\/2026\/04\/Policia-e-acionada-apos-confusao-entre-estudantes-em-escola-de-Guanambi.jpg","datePublished":"2026-04-26T14:40:23+00:00","dateModified":"2026-04-26T14:40:28+00:00","breadcrumb":{"@id":"https:\/\/sudoesteacontece.com.br\/?p=15654#breadcrumb"},"inLanguage":"pt-BR","potentialAction":[{"@type":"ReadAction","target":["https:\/\/sudoesteacontece.com.br\/?p=15654"]}]},{"@type":"ImageObject","inLanguage":"pt-BR","@id":"https:\/\/sudoesteacontece.com.br\/?p=15654#primaryimage","url":"https:\/\/sudoesteacontece.com.br\/wp-content\/uploads\/2026\/04\/Policia-e-acionada-apos-confusao-entre-estudantes-em-escola-de-Guanambi.jpg","contentUrl":"https:\/\/sudoesteacontece.com.br\/wp-content\/uploads\/2026\/04\/Policia-e-acionada-apos-confusao-entre-estudantes-em-escola-de-Guanambi.jpg","width":900,"height":600},{"@type":"BreadcrumbList","@id":"https:\/\/sudoesteacontece.com.br\/?p=15654#breadcrumb","itemListElement":[{"@type":"ListItem","position":1,"name":"In\u00edcio","item":"https:\/\/sudoesteacontece.com.br\/"},{"@type":"ListItem","position":2,"name":"Pol\u00edcia \u00e9 acionada ap\u00f3s confus\u00e3o entre estudantes em escola de Guanambi"}]},{"@type":"WebSite","@id":"https:\/\/sudoesteacontece.com.br\/#website","url":"https:\/\/sudoesteacontece.com.br\/","name":"Sudoesteacontece","description":"","publisher":{"@id":"https:\/\/sudoesteacontece.com.br\/#organization"},"potentialAction":[{"@type":"SearchAction","target":{"@type":"EntryPoint","urlTemplate":"https:\/\/sudoesteacontece.com.br\/?s={search_term_string}"},"query-input":{"@type":"PropertyValueSpecification","valueRequired":true,"valueName":"search_term_string"}}],"inLanguage":"pt-BR"},{"@type":"Organization","@id":"https:\/\/sudoesteacontece.com.br\/#organization","name":"Sudoesteacontece","url":"https:\/\/sudoesteacontece.com.br\/","logo":{"@type":"ImageObject","inLanguage":"pt-BR","@id":"https:\/\/sudoesteacontece.com.br\/#\/schema\/logo\/image\/","url":"https:\/\/sudoesteacontece.com.br\/wp-content\/uploads\/2025\/12\/cropped-logo-2-180x180-1.png","contentUrl":"https:\/\/sudoesteacontece.com.br\/wp-content\/uploads\/2025\/12\/cropped-logo-2-180x180-1.png","width":180,"height":180,"caption":"Sudoesteacontece"},"image":{"@id":"https:\/\/sudoesteacontece.com.br\/#\/schema\/logo\/image\/"},"sameAs":["https:\/\/www.facebook.com\/sudoesteacontece\/?locale=pt_BR"]},{"@type":"Person","@id":"https:\/\/sudoesteacontece.com.br\/#\/schema\/person\/3cf2cf009926a9683ebc29d5379fa79c","name":"Washington Tiago","image":{"@type":"ImageObject","inLanguage":"pt-BR","@id":"https:\/\/sudoesteacontece.com.br\/#\/schema\/person\/image\/","url":"https:\/\/secure.gravatar.com\/avatar\/33c43b8668157e040f9d1fe93c354bf087cbd8ba36270c1163198bd3ddcf2a56?s=96&d=mm&r=g","contentUrl":"https:\/\/secure.gravatar.com\/avatar\/33c43b8668157e040f9d1fe93c354bf087cbd8ba36270c1163198bd3ddcf2a56?s=96&d=mm&r=g","caption":"Washington Tiago"},"url":"https:\/\/sudoesteacontece.com.br\/?author=2"}]}},"_links":{"self":[{"href":"https:\/\/sudoesteacontece.com.br\/index.php?rest_route=\/wp\/v2\/posts\/15654","targetHints":{"allow":["GET"]}}],"collection":[{"href":"https:\/\/sudoesteacontece.com.br\/index.php?rest_route=\/wp\/v2\/posts"}],"about":[{"href":"https:\/\/sudoesteacontece.com.br\/index.php?rest_route=\/wp\/v2\/types\/post"}],"author":[{"embeddable":true,"href":"https:\/\/sudoesteacontece.com.br\/index.php?rest_route=\/wp\/v2\/users\/2"}],"replies":[{"embeddable":true,"href":"https:\/\/sudoesteacontece.com.br\/index.php?rest_route=%2Fwp%2Fv2%2Fcomments&post=15654"}],"version-history":[{"count":1,"href":"https:\/\/sudoesteacontece.com.br\/index.php?rest_route=\/wp\/v2\/posts\/15654\/revisions"}],"predecessor-version":[{"id":15686,"href":"https:\/\/sudoesteacontece.com.br\/index.php?rest_route=\/wp\/v2\/posts\/15654\/revisions\/15686"}],"wp:attachment":[{"href":"https:\/\/sudoesteacontece.com.br\/index.php?rest_route=%2Fwp%2Fv2%2Fmedia&parent=15654"}],"wp:term":[{"taxonomy":"category","embeddable":true,"href":"https:\/\/sudoesteacontece.com.br\/index.php?rest_route=%2Fwp%2Fv2%2Fcategories&post=15654"},{"taxonomy":"post_tag","embeddable":true,"href":"https:\/\/sudoesteacontece.com.br\/index.php?rest_route=%2Fwp%2Fv2%2Ftags&post=15654"}],"curies":[{"name":"wp","href":"https:\/\/api.w.org\/{rel}","templated":true}]}}