{"id":15655,"date":"2026-04-26T11:42:05","date_gmt":"2026-04-26T14:42:05","guid":{"rendered":"https:\/\/sudoesteacontece.com.br\/?p=15655"},"modified":"2026-04-26T11:42:10","modified_gmt":"2026-04-26T14:42:10","slug":"homem-e-preso-com-arma-de-fogo-perto-da-universidade-em-brumado","status":"publish","type":"post","link":"https:\/\/sudoesteacontece.com.br\/?p=15655","title":{"rendered":"Homem \u00e9 preso com arma de fogo perto da universidade em Brumado"},"content":{"rendered":"<div class=\"wp-block-image\">\n<figure class=\"aligncenter size-full\"><img fetchpriority=\"high\" decoding=\"async\" width=\"900\" height=\"600\" src=\"http:\/\/sudoesteacontece.com.br\/wp-content\/uploads\/2026\/04\/Homem-e-preso-com-arma-de-fogo-perto-da-universidade-em-Brumado.jpg\" alt=\"\" class=\"wp-image-15687\" srcset=\"https:\/\/sudoesteacontece.com.br\/wp-content\/uploads\/2026\/04\/Homem-e-preso-com-arma-de-fogo-perto-da-universidade-em-Brumado.jpg 900w, https:\/\/sudoesteacontece.com.br\/wp-content\/uploads\/2026\/04\/Homem-e-preso-com-arma-de-fogo-perto-da-universidade-em-Brumado-300x200.jpg 300w, https:\/\/sudoesteacontece.com.br\/wp-content\/uploads\/2026\/04\/Homem-e-preso-com-arma-de-fogo-perto-da-universidade-em-Brumado-768x512.jpg 768w\" sizes=\"(max-width: 900px) 100vw, 900px\" \/><\/figure>\n<\/div>\n\n\n<p>Um homem de 23 anos foi preso na madrugada de s\u00e1bado (25) nas proximidades da universidade em Brumado. A a\u00e7\u00e3o foi realizada por policiais do 24\u00ba Batalh\u00e3o ap\u00f3s den\u00fancia de que um indiv\u00edduo estaria armado na regi\u00e3o. A ocorr\u00eancia foi registrada por volta das 3h40 e mobilizou equipes da Companhia de Emprego T\u00e1tico Operacional.<\/p>\n\n\n\n<p>Segundo a Pol\u00edcia Militar, a equipe foi acionada pelo Centro Integrado de Comunica\u00e7\u00e3o ap\u00f3s receber informa\u00e7\u00f5es sobre um suspeito com arma de fogo. Ao chegar ao local, os policiais identificaram um homem com as caracter\u00edsticas repassadas. Ele foi abordado e submetido a revista pessoal.<\/p>\n\n\n\n<p>Durante a abordagem, os agentes encontraram um rev\u00f3lver escondido dentro de uma pochete. A arma foi identificada como um rev\u00f3lver calibre .32. O material foi apreendido no momento da a\u00e7\u00e3o policial e apresentado na delegacia.<\/p>\n\n\n\n<p>Diante do flagrante, o suspeito recebeu voz de pris\u00e3o ainda no local. Ele foi conduzido \u00e0 Delegacia de Pol\u00edcia Civil, junto com a arma apreendida. As medidas legais foram adotadas pela autoridade policial de plant\u00e3o.<\/p>\n\n\n\n<p>O caso foi registrado e segue sob responsabilidade das autoridades competentes. A pol\u00edcia n\u00e3o informou se o homem possui antecedentes. A a\u00e7\u00e3o refor\u00e7a o trabalho de combate ao porte ilegal de arma na regi\u00e3o.<\/p>\n","protected":false},"excerpt":{"rendered":"<p>Um homem de 23 anos foi preso na madrugada de s\u00e1bado (25) nas proximidades da universidade em Brumado. A a\u00e7\u00e3o foi realizada por policiais do 24\u00ba Batalh\u00e3o ap\u00f3s den\u00fancia de que um indiv\u00edduo estaria armado na regi\u00e3o. A ocorr\u00eancia foi registrada por volta das 3h40 e mobilizou equipes da Companhia de Emprego T\u00e1tico Operacional. Segundo a Pol\u00edcia Militar, a equipe foi acionada pelo Centro Integrado de Comunica\u00e7\u00e3o ap\u00f3s receber informa\u00e7\u00f5es sobre um suspeito com arma de fogo. Ao chegar ao local, os policiais identificaram um homem com as caracter\u00edsticas repassadas. Ele foi abordado e submetido a revista pessoal. Durante a abordagem, os agentes encontraram um rev\u00f3lver escondido dentro de uma pochete. A arma foi identificada como um rev\u00f3lver calibre .32. O material foi apreendido no momento da a\u00e7\u00e3o policial e apresentado na delegacia. Diante do flagrante, o suspeito recebeu voz de pris\u00e3o ainda no local. Ele foi conduzido \u00e0 Delegacia de Pol\u00edcia Civil, junto com a arma apreendida. As medidas legais foram adotadas pela autoridade policial de plant\u00e3o. O caso foi registrado e segue sob responsabilidade das autoridades competentes. A pol\u00edcia n\u00e3o informou se o homem possui antecedentes. A a\u00e7\u00e3o refor\u00e7a o trabalho de combate ao porte ilegal de arma na regi\u00e3o.<\/p>\n","protected":false},"author":2,"featured_media":0,"comment_status":"open","ping_status":"open","sticky":false,"template":"","format":"standard","meta":{"footnotes":""},"categories":[10,4,3],"tags":[],"class_list":["post-15655","post","type-post","status-publish","format-standard","hentry","category-brumado","category-cidades","category-policia"],"yoast_head":"<!-- This site is optimized with the Yoast SEO plugin v26.5 - https:\/\/yoast.com\/wordpress\/plugins\/seo\/ -->\n<title>Homem \u00e9 preso com arma de fogo perto da universidade em Brumado - Sudoesteacontece<\/title>\n<meta name=\"robots\" content=\"index, follow, max-snippet:-1, max-image-preview:large, max-video-preview:-1\" \/>\n<link rel=\"canonical\" href=\"https:\/\/sudoesteacontece.com.br\/?p=15655\" \/>\n<meta property=\"og:locale\" content=\"pt_BR\" \/>\n<meta property=\"og:type\" content=\"article\" \/>\n<meta property=\"og:title\" content=\"Homem \u00e9 preso com arma de fogo perto da universidade em Brumado - Sudoesteacontece\" \/>\n<meta property=\"og:description\" content=\"Um homem de 23 anos foi preso na madrugada de s\u00e1bado (25) nas proximidades da universidade em Brumado. A a\u00e7\u00e3o foi realizada por policiais do 24\u00ba Batalh\u00e3o ap\u00f3s den\u00fancia de que um indiv\u00edduo estaria armado na regi\u00e3o. A ocorr\u00eancia foi registrada por volta das 3h40 e mobilizou equipes da Companhia de Emprego T\u00e1tico Operacional. Segundo a Pol\u00edcia Militar, a equipe foi acionada pelo Centro Integrado de Comunica\u00e7\u00e3o ap\u00f3s receber informa\u00e7\u00f5es sobre um suspeito com arma de fogo. Ao chegar ao local, os policiais identificaram um homem com as caracter\u00edsticas repassadas. Ele foi abordado e submetido a revista pessoal. Durante a abordagem, os agentes encontraram um rev\u00f3lver escondido dentro de uma pochete. A arma foi identificada como um rev\u00f3lver calibre .32. O material foi apreendido no momento da a\u00e7\u00e3o policial e apresentado na delegacia. Diante do flagrante, o suspeito recebeu voz de pris\u00e3o ainda no local. Ele foi conduzido \u00e0 Delegacia de Pol\u00edcia Civil, junto com a arma apreendida. As medidas legais foram adotadas pela autoridade policial de plant\u00e3o. O caso foi registrado e segue sob responsabilidade das autoridades competentes. A pol\u00edcia n\u00e3o informou se o homem possui antecedentes. A a\u00e7\u00e3o refor\u00e7a o trabalho de combate ao porte ilegal de arma na regi\u00e3o.\" \/>\n<meta property=\"og:url\" content=\"https:\/\/sudoesteacontece.com.br\/?p=15655\" \/>\n<meta property=\"og:site_name\" content=\"Sudoesteacontece\" \/>\n<meta property=\"article:publisher\" content=\"https:\/\/www.facebook.com\/sudoesteacontece\/?locale=pt_BR\" \/>\n<meta property=\"article:published_time\" content=\"2026-04-26T14:42:05+00:00\" \/>\n<meta property=\"article:modified_time\" content=\"2026-04-26T14:42:10+00:00\" \/>\n<meta property=\"og:image\" content=\"https:\/\/sudoesteacontece.com.br\/wp-content\/uploads\/2026\/04\/Homem-e-preso-com-arma-de-fogo-perto-da-universidade-em-Brumado.jpg\" \/>\n\t<meta property=\"og:image:width\" content=\"900\" \/>\n\t<meta property=\"og:image:height\" content=\"600\" \/>\n\t<meta property=\"og:image:type\" content=\"image\/jpeg\" \/>\n<meta name=\"author\" content=\"Washington Tiago\" \/>\n<meta name=\"twitter:card\" content=\"summary_large_image\" \/>\n<meta name=\"twitter:label1\" content=\"Escrito por\" \/>\n\t<meta name=\"twitter:data1\" content=\"Washington Tiago\" \/>\n\t<meta name=\"twitter:label2\" content=\"Est. tempo de leitura\" \/>\n\t<meta name=\"twitter:data2\" content=\"2 minutos\" \/>\n<script type=\"application\/ld+json\" class=\"yoast-schema-graph\">{\"@context\":\"https:\/\/schema.org\",\"@graph\":[{\"@type\":\"Article\",\"@id\":\"https:\/\/sudoesteacontece.com.br\/?p=15655#article\",\"isPartOf\":{\"@id\":\"https:\/\/sudoesteacontece.com.br\/?p=15655\"},\"author\":{\"name\":\"Washington Tiago\",\"@id\":\"https:\/\/sudoesteacontece.com.br\/#\/schema\/person\/3cf2cf009926a9683ebc29d5379fa79c\"},\"headline\":\"Homem \u00e9 preso com arma de fogo perto da universidade em Brumado\",\"datePublished\":\"2026-04-26T14:42:05+00:00\",\"dateModified\":\"2026-04-26T14:42:10+00:00\",\"mainEntityOfPage\":{\"@id\":\"https:\/\/sudoesteacontece.com.br\/?p=15655\"},\"wordCount\":233,\"commentCount\":0,\"publisher\":{\"@id\":\"https:\/\/sudoesteacontece.com.br\/#organization\"},\"image\":{\"@id\":\"https:\/\/sudoesteacontece.com.br\/?p=15655#primaryimage\"},\"thumbnailUrl\":\"http:\/\/sudoesteacontece.com.br\/wp-content\/uploads\/2026\/04\/Homem-e-preso-com-arma-de-fogo-perto-da-universidade-em-Brumado.jpg\",\"articleSection\":[\"Brumado\",\"Cidades\",\"Pol\u00edcia\"],\"inLanguage\":\"pt-BR\",\"potentialAction\":[{\"@type\":\"CommentAction\",\"name\":\"Comment\",\"target\":[\"https:\/\/sudoesteacontece.com.br\/?p=15655#respond\"]}]},{\"@type\":\"WebPage\",\"@id\":\"https:\/\/sudoesteacontece.com.br\/?p=15655\",\"url\":\"https:\/\/sudoesteacontece.com.br\/?p=15655\",\"name\":\"Homem \u00e9 preso com arma de fogo perto da universidade em Brumado - Sudoesteacontece\",\"isPartOf\":{\"@id\":\"https:\/\/sudoesteacontece.com.br\/#website\"},\"primaryImageOfPage\":{\"@id\":\"https:\/\/sudoesteacontece.com.br\/?p=15655#primaryimage\"},\"image\":{\"@id\":\"https:\/\/sudoesteacontece.com.br\/?p=15655#primaryimage\"},\"thumbnailUrl\":\"http:\/\/sudoesteacontece.com.br\/wp-content\/uploads\/2026\/04\/Homem-e-preso-com-arma-de-fogo-perto-da-universidade-em-Brumado.jpg\",\"datePublished\":\"2026-04-26T14:42:05+00:00\",\"dateModified\":\"2026-04-26T14:42:10+00:00\",\"breadcrumb\":{\"@id\":\"https:\/\/sudoesteacontece.com.br\/?p=15655#breadcrumb\"},\"inLanguage\":\"pt-BR\",\"potentialAction\":[{\"@type\":\"ReadAction\",\"target\":[\"https:\/\/sudoesteacontece.com.br\/?p=15655\"]}]},{\"@type\":\"ImageObject\",\"inLanguage\":\"pt-BR\",\"@id\":\"https:\/\/sudoesteacontece.com.br\/?p=15655#primaryimage\",\"url\":\"https:\/\/sudoesteacontece.com.br\/wp-content\/uploads\/2026\/04\/Homem-e-preso-com-arma-de-fogo-perto-da-universidade-em-Brumado.jpg\",\"contentUrl\":\"https:\/\/sudoesteacontece.com.br\/wp-content\/uploads\/2026\/04\/Homem-e-preso-com-arma-de-fogo-perto-da-universidade-em-Brumado.jpg\",\"width\":900,\"height\":600},{\"@type\":\"BreadcrumbList\",\"@id\":\"https:\/\/sudoesteacontece.com.br\/?p=15655#breadcrumb\",\"itemListElement\":[{\"@type\":\"ListItem\",\"position\":1,\"name\":\"In\u00edcio\",\"item\":\"https:\/\/sudoesteacontece.com.br\/\"},{\"@type\":\"ListItem\",\"position\":2,\"name\":\"Homem \u00e9 preso com arma de fogo perto da universidade em Brumado\"}]},{\"@type\":\"WebSite\",\"@id\":\"https:\/\/sudoesteacontece.com.br\/#website\",\"url\":\"https:\/\/sudoesteacontece.com.br\/\",\"name\":\"Sudoesteacontece\",\"description\":\"\",\"publisher\":{\"@id\":\"https:\/\/sudoesteacontece.com.br\/#organization\"},\"potentialAction\":[{\"@type\":\"SearchAction\",\"target\":{\"@type\":\"EntryPoint\",\"urlTemplate\":\"https:\/\/sudoesteacontece.com.br\/?s={search_term_string}\"},\"query-input\":{\"@type\":\"PropertyValueSpecification\",\"valueRequired\":true,\"valueName\":\"search_term_string\"}}],\"inLanguage\":\"pt-BR\"},{\"@type\":\"Organization\",\"@id\":\"https:\/\/sudoesteacontece.com.br\/#organization\",\"name\":\"Sudoesteacontece\",\"url\":\"https:\/\/sudoesteacontece.com.br\/\",\"logo\":{\"@type\":\"ImageObject\",\"inLanguage\":\"pt-BR\",\"@id\":\"https:\/\/sudoesteacontece.com.br\/#\/schema\/logo\/image\/\",\"url\":\"https:\/\/sudoesteacontece.com.br\/wp-content\/uploads\/2025\/12\/cropped-logo-2-180x180-1.png\",\"contentUrl\":\"https:\/\/sudoesteacontece.com.br\/wp-content\/uploads\/2025\/12\/cropped-logo-2-180x180-1.png\",\"width\":180,\"height\":180,\"caption\":\"Sudoesteacontece\"},\"image\":{\"@id\":\"https:\/\/sudoesteacontece.com.br\/#\/schema\/logo\/image\/\"},\"sameAs\":[\"https:\/\/www.facebook.com\/sudoesteacontece\/?locale=pt_BR\"]},{\"@type\":\"Person\",\"@id\":\"https:\/\/sudoesteacontece.com.br\/#\/schema\/person\/3cf2cf009926a9683ebc29d5379fa79c\",\"name\":\"Washington Tiago\",\"image\":{\"@type\":\"ImageObject\",\"inLanguage\":\"pt-BR\",\"@id\":\"https:\/\/sudoesteacontece.com.br\/#\/schema\/person\/image\/\",\"url\":\"https:\/\/secure.gravatar.com\/avatar\/33c43b8668157e040f9d1fe93c354bf087cbd8ba36270c1163198bd3ddcf2a56?s=96&d=mm&r=g\",\"contentUrl\":\"https:\/\/secure.gravatar.com\/avatar\/33c43b8668157e040f9d1fe93c354bf087cbd8ba36270c1163198bd3ddcf2a56?s=96&d=mm&r=g\",\"caption\":\"Washington Tiago\"},\"url\":\"https:\/\/sudoesteacontece.com.br\/?author=2\"}]}<\/script>\n<!-- \/ Yoast SEO plugin. -->","yoast_head_json":{"title":"Homem \u00e9 preso com arma de fogo perto da universidade em Brumado - Sudoesteacontece","robots":{"index":"index","follow":"follow","max-snippet":"max-snippet:-1","max-image-preview":"max-image-preview:large","max-video-preview":"max-video-preview:-1"},"canonical":"https:\/\/sudoesteacontece.com.br\/?p=15655","og_locale":"pt_BR","og_type":"article","og_title":"Homem \u00e9 preso com arma de fogo perto da universidade em Brumado - Sudoesteacontece","og_description":"Um homem de 23 anos foi preso na madrugada de s\u00e1bado (25) nas proximidades da universidade em Brumado. A a\u00e7\u00e3o foi realizada por policiais do 24\u00ba Batalh\u00e3o ap\u00f3s den\u00fancia de que um indiv\u00edduo estaria armado na regi\u00e3o. A ocorr\u00eancia foi registrada por volta das 3h40 e mobilizou equipes da Companhia de Emprego T\u00e1tico Operacional. Segundo a Pol\u00edcia Militar, a equipe foi acionada pelo Centro Integrado de Comunica\u00e7\u00e3o ap\u00f3s receber informa\u00e7\u00f5es sobre um suspeito com arma de fogo. Ao chegar ao local, os policiais identificaram um homem com as caracter\u00edsticas repassadas. Ele foi abordado e submetido a revista pessoal. Durante a abordagem, os agentes encontraram um rev\u00f3lver escondido dentro de uma pochete. A arma foi identificada como um rev\u00f3lver calibre .32. O material foi apreendido no momento da a\u00e7\u00e3o policial e apresentado na delegacia. Diante do flagrante, o suspeito recebeu voz de pris\u00e3o ainda no local. Ele foi conduzido \u00e0 Delegacia de Pol\u00edcia Civil, junto com a arma apreendida. As medidas legais foram adotadas pela autoridade policial de plant\u00e3o. O caso foi registrado e segue sob responsabilidade das autoridades competentes. A pol\u00edcia n\u00e3o informou se o homem possui antecedentes. A a\u00e7\u00e3o refor\u00e7a o trabalho de combate ao porte ilegal de arma na regi\u00e3o.","og_url":"https:\/\/sudoesteacontece.com.br\/?p=15655","og_site_name":"Sudoesteacontece","article_publisher":"https:\/\/www.facebook.com\/sudoesteacontece\/?locale=pt_BR","article_published_time":"2026-04-26T14:42:05+00:00","article_modified_time":"2026-04-26T14:42:10+00:00","og_image":[{"width":900,"height":600,"url":"https:\/\/sudoesteacontece.com.br\/wp-content\/uploads\/2026\/04\/Homem-e-preso-com-arma-de-fogo-perto-da-universidade-em-Brumado.jpg","type":"image\/jpeg"}],"author":"Washington Tiago","twitter_card":"summary_large_image","twitter_misc":{"Escrito por":"Washington Tiago","Est. tempo de leitura":"2 minutos"},"schema":{"@context":"https:\/\/schema.org","@graph":[{"@type":"Article","@id":"https:\/\/sudoesteacontece.com.br\/?p=15655#article","isPartOf":{"@id":"https:\/\/sudoesteacontece.com.br\/?p=15655"},"author":{"name":"Washington Tiago","@id":"https:\/\/sudoesteacontece.com.br\/#\/schema\/person\/3cf2cf009926a9683ebc29d5379fa79c"},"headline":"Homem \u00e9 preso com arma de fogo perto da universidade em Brumado","datePublished":"2026-04-26T14:42:05+00:00","dateModified":"2026-04-26T14:42:10+00:00","mainEntityOfPage":{"@id":"https:\/\/sudoesteacontece.com.br\/?p=15655"},"wordCount":233,"commentCount":0,"publisher":{"@id":"https:\/\/sudoesteacontece.com.br\/#organization"},"image":{"@id":"https:\/\/sudoesteacontece.com.br\/?p=15655#primaryimage"},"thumbnailUrl":"http:\/\/sudoesteacontece.com.br\/wp-content\/uploads\/2026\/04\/Homem-e-preso-com-arma-de-fogo-perto-da-universidade-em-Brumado.jpg","articleSection":["Brumado","Cidades","Pol\u00edcia"],"inLanguage":"pt-BR","potentialAction":[{"@type":"CommentAction","name":"Comment","target":["https:\/\/sudoesteacontece.com.br\/?p=15655#respond"]}]},{"@type":"WebPage","@id":"https:\/\/sudoesteacontece.com.br\/?p=15655","url":"https:\/\/sudoesteacontece.com.br\/?p=15655","name":"Homem \u00e9 preso com arma de fogo perto da universidade em Brumado - Sudoesteacontece","isPartOf":{"@id":"https:\/\/sudoesteacontece.com.br\/#website"},"primaryImageOfPage":{"@id":"https:\/\/sudoesteacontece.com.br\/?p=15655#primaryimage"},"image":{"@id":"https:\/\/sudoesteacontece.com.br\/?p=15655#primaryimage"},"thumbnailUrl":"http:\/\/sudoesteacontece.com.br\/wp-content\/uploads\/2026\/04\/Homem-e-preso-com-arma-de-fogo-perto-da-universidade-em-Brumado.jpg","datePublished":"2026-04-26T14:42:05+00:00","dateModified":"2026-04-26T14:42:10+00:00","breadcrumb":{"@id":"https:\/\/sudoesteacontece.com.br\/?p=15655#breadcrumb"},"inLanguage":"pt-BR","potentialAction":[{"@type":"ReadAction","target":["https:\/\/sudoesteacontece.com.br\/?p=15655"]}]},{"@type":"ImageObject","inLanguage":"pt-BR","@id":"https:\/\/sudoesteacontece.com.br\/?p=15655#primaryimage","url":"https:\/\/sudoesteacontece.com.br\/wp-content\/uploads\/2026\/04\/Homem-e-preso-com-arma-de-fogo-perto-da-universidade-em-Brumado.jpg","contentUrl":"https:\/\/sudoesteacontece.com.br\/wp-content\/uploads\/2026\/04\/Homem-e-preso-com-arma-de-fogo-perto-da-universidade-em-Brumado.jpg","width":900,"height":600},{"@type":"BreadcrumbList","@id":"https:\/\/sudoesteacontece.com.br\/?p=15655#breadcrumb","itemListElement":[{"@type":"ListItem","position":1,"name":"In\u00edcio","item":"https:\/\/sudoesteacontece.com.br\/"},{"@type":"ListItem","position":2,"name":"Homem \u00e9 preso com arma de fogo perto da universidade em Brumado"}]},{"@type":"WebSite","@id":"https:\/\/sudoesteacontece.com.br\/#website","url":"https:\/\/sudoesteacontece.com.br\/","name":"Sudoesteacontece","description":"","publisher":{"@id":"https:\/\/sudoesteacontece.com.br\/#organization"},"potentialAction":[{"@type":"SearchAction","target":{"@type":"EntryPoint","urlTemplate":"https:\/\/sudoesteacontece.com.br\/?s={search_term_string}"},"query-input":{"@type":"PropertyValueSpecification","valueRequired":true,"valueName":"search_term_string"}}],"inLanguage":"pt-BR"},{"@type":"Organization","@id":"https:\/\/sudoesteacontece.com.br\/#organization","name":"Sudoesteacontece","url":"https:\/\/sudoesteacontece.com.br\/","logo":{"@type":"ImageObject","inLanguage":"pt-BR","@id":"https:\/\/sudoesteacontece.com.br\/#\/schema\/logo\/image\/","url":"https:\/\/sudoesteacontece.com.br\/wp-content\/uploads\/2025\/12\/cropped-logo-2-180x180-1.png","contentUrl":"https:\/\/sudoesteacontece.com.br\/wp-content\/uploads\/2025\/12\/cropped-logo-2-180x180-1.png","width":180,"height":180,"caption":"Sudoesteacontece"},"image":{"@id":"https:\/\/sudoesteacontece.com.br\/#\/schema\/logo\/image\/"},"sameAs":["https:\/\/www.facebook.com\/sudoesteacontece\/?locale=pt_BR"]},{"@type":"Person","@id":"https:\/\/sudoesteacontece.com.br\/#\/schema\/person\/3cf2cf009926a9683ebc29d5379fa79c","name":"Washington Tiago","image":{"@type":"ImageObject","inLanguage":"pt-BR","@id":"https:\/\/sudoesteacontece.com.br\/#\/schema\/person\/image\/","url":"https:\/\/secure.gravatar.com\/avatar\/33c43b8668157e040f9d1fe93c354bf087cbd8ba36270c1163198bd3ddcf2a56?s=96&d=mm&r=g","contentUrl":"https:\/\/secure.gravatar.com\/avatar\/33c43b8668157e040f9d1fe93c354bf087cbd8ba36270c1163198bd3ddcf2a56?s=96&d=mm&r=g","caption":"Washington Tiago"},"url":"https:\/\/sudoesteacontece.com.br\/?author=2"}]}},"_links":{"self":[{"href":"https:\/\/sudoesteacontece.com.br\/index.php?rest_route=\/wp\/v2\/posts\/15655","targetHints":{"allow":["GET"]}}],"collection":[{"href":"https:\/\/sudoesteacontece.com.br\/index.php?rest_route=\/wp\/v2\/posts"}],"about":[{"href":"https:\/\/sudoesteacontece.com.br\/index.php?rest_route=\/wp\/v2\/types\/post"}],"author":[{"embeddable":true,"href":"https:\/\/sudoesteacontece.com.br\/index.php?rest_route=\/wp\/v2\/users\/2"}],"replies":[{"embeddable":true,"href":"https:\/\/sudoesteacontece.com.br\/index.php?rest_route=%2Fwp%2Fv2%2Fcomments&post=15655"}],"version-history":[{"count":1,"href":"https:\/\/sudoesteacontece.com.br\/index.php?rest_route=\/wp\/v2\/posts\/15655\/revisions"}],"predecessor-version":[{"id":15688,"href":"https:\/\/sudoesteacontece.com.br\/index.php?rest_route=\/wp\/v2\/posts\/15655\/revisions\/15688"}],"wp:attachment":[{"href":"https:\/\/sudoesteacontece.com.br\/index.php?rest_route=%2Fwp%2Fv2%2Fmedia&parent=15655"}],"wp:term":[{"taxonomy":"category","embeddable":true,"href":"https:\/\/sudoesteacontece.com.br\/index.php?rest_route=%2Fwp%2Fv2%2Fcategories&post=15655"},{"taxonomy":"post_tag","embeddable":true,"href":"https:\/\/sudoesteacontece.com.br\/index.php?rest_route=%2Fwp%2Fv2%2Ftags&post=15655"}],"curies":[{"name":"wp","href":"https:\/\/api.w.org\/{rel}","templated":true}]}}