{"id":15656,"date":"2026-04-26T11:46:57","date_gmt":"2026-04-26T14:46:57","guid":{"rendered":"https:\/\/sudoesteacontece.com.br\/?p=15656"},"modified":"2026-04-26T11:47:01","modified_gmt":"2026-04-26T14:47:01","slug":"resgate-de-turista-ferida-em-trilha-de-ibicoara-dura-cinco-horas","status":"publish","type":"post","link":"https:\/\/sudoesteacontece.com.br\/?p=15656","title":{"rendered":"Resgate de turista ferida em trilha de Ibicoara dura cinco horas"},"content":{"rendered":"<div class=\"wp-block-image\">\n<figure class=\"aligncenter size-full\"><img fetchpriority=\"high\" decoding=\"async\" width=\"900\" height=\"600\" src=\"http:\/\/sudoesteacontece.com.br\/wp-content\/uploads\/2026\/04\/Resgate-de-turista-ferida-em-trilha-de-Ibicoara-dura-cinco-horas.jpg\" alt=\"\" class=\"wp-image-15689\" srcset=\"https:\/\/sudoesteacontece.com.br\/wp-content\/uploads\/2026\/04\/Resgate-de-turista-ferida-em-trilha-de-Ibicoara-dura-cinco-horas.jpg 900w, https:\/\/sudoesteacontece.com.br\/wp-content\/uploads\/2026\/04\/Resgate-de-turista-ferida-em-trilha-de-Ibicoara-dura-cinco-horas-300x200.jpg 300w, https:\/\/sudoesteacontece.com.br\/wp-content\/uploads\/2026\/04\/Resgate-de-turista-ferida-em-trilha-de-Ibicoara-dura-cinco-horas-768x512.jpg 768w\" sizes=\"(max-width: 900px) 100vw, 900px\" \/><\/figure>\n<\/div>\n\n\n<p>Uma turista ficou ferida ap\u00f3s sofrer um acidente durante trilha na Cachoeira da Fumacinha, em Ibicoara. O caso ocorreu na sexta-feira (24), a cerca de quatro quil\u00f4metros do in\u00edcio do percurso. O resgate mobilizou guias locais e durou aproximadamente cinco horas, devido \u00e0 dificuldade de acesso na regi\u00e3o.<\/p>\n\n\n\n<p>Segundo relatos, a v\u00edtima precisou ser carregada em uma maca improvisada ao longo de trechos de pedras e \u00e1reas \u00edngremes. Imagens divulgadas nas redes sociais mostram o esfor\u00e7o coletivo de v\u00e1rias pessoas durante a retirada. O trajeto exigiu cuidado redobrado por conta das condi\u00e7\u00f5es do terreno.<\/p>\n\n\n\n<p>A trilha que leva \u00e0 Cachoeira da Fumacinha \u00e9 considerada uma das mais dif\u00edceis da Chapada Diamantina. O percurso tem cerca de 18 quil\u00f4metros entre ida e volta. O caminho inclui \u00e1reas de dif\u00edcil acesso, com muitas pedras e obst\u00e1culos naturais.<\/p>\n\n\n\n<p>At\u00e9 o momento, n\u00e3o h\u00e1 confirma\u00e7\u00e3o oficial sobre a participa\u00e7\u00e3o do Corpo de Bombeiros na ocorr\u00eancia. O estado de sa\u00fade da turista tamb\u00e9m n\u00e3o foi detalhado. O caso refor\u00e7a a necessidade de preparo e acompanhamento especializado em trilhas de alto n\u00edvel de dificuldade.<\/p>\n","protected":false},"excerpt":{"rendered":"<p>Uma turista ficou ferida ap\u00f3s sofrer um acidente durante trilha na Cachoeira da Fumacinha, em Ibicoara. O caso ocorreu na sexta-feira (24), a cerca de quatro quil\u00f4metros do in\u00edcio do percurso. O resgate mobilizou guias locais e durou aproximadamente cinco horas, devido \u00e0 dificuldade de acesso na regi\u00e3o. Segundo relatos, a v\u00edtima precisou ser carregada em uma maca improvisada ao longo de trechos de pedras e \u00e1reas \u00edngremes. Imagens divulgadas nas redes sociais mostram o esfor\u00e7o coletivo de v\u00e1rias pessoas durante a retirada. O trajeto exigiu cuidado redobrado por conta das condi\u00e7\u00f5es do terreno. A trilha que leva \u00e0 Cachoeira da Fumacinha \u00e9 considerada uma das mais dif\u00edceis da Chapada Diamantina. O percurso tem cerca de 18 quil\u00f4metros entre ida e volta. O caminho inclui \u00e1reas de dif\u00edcil acesso, com muitas pedras e obst\u00e1culos naturais. At\u00e9 o momento, n\u00e3o h\u00e1 confirma\u00e7\u00e3o oficial sobre a participa\u00e7\u00e3o do Corpo de Bombeiros na ocorr\u00eancia. O estado de sa\u00fade da turista tamb\u00e9m n\u00e3o foi detalhado. O caso refor\u00e7a a necessidade de preparo e acompanhamento especializado em trilhas de alto n\u00edvel de dificuldade.<\/p>\n","protected":false},"author":2,"featured_media":0,"comment_status":"open","ping_status":"open","sticky":false,"template":"","format":"standard","meta":{"footnotes":""},"categories":[4,64],"tags":[],"class_list":["post-15656","post","type-post","status-publish","format-standard","hentry","category-cidades","category-ibicoara"],"yoast_head":"<!-- This site is optimized with the Yoast SEO plugin v26.5 - https:\/\/yoast.com\/wordpress\/plugins\/seo\/ -->\n<title>Resgate de turista ferida em trilha de Ibicoara dura cinco horas - Sudoesteacontece<\/title>\n<meta name=\"robots\" content=\"index, follow, max-snippet:-1, max-image-preview:large, max-video-preview:-1\" \/>\n<link rel=\"canonical\" href=\"https:\/\/sudoesteacontece.com.br\/?p=15656\" \/>\n<meta property=\"og:locale\" content=\"pt_BR\" \/>\n<meta property=\"og:type\" content=\"article\" \/>\n<meta property=\"og:title\" content=\"Resgate de turista ferida em trilha de Ibicoara dura cinco horas - Sudoesteacontece\" \/>\n<meta property=\"og:description\" content=\"Uma turista ficou ferida ap\u00f3s sofrer um acidente durante trilha na Cachoeira da Fumacinha, em Ibicoara. O caso ocorreu na sexta-feira (24), a cerca de quatro quil\u00f4metros do in\u00edcio do percurso. O resgate mobilizou guias locais e durou aproximadamente cinco horas, devido \u00e0 dificuldade de acesso na regi\u00e3o. Segundo relatos, a v\u00edtima precisou ser carregada em uma maca improvisada ao longo de trechos de pedras e \u00e1reas \u00edngremes. Imagens divulgadas nas redes sociais mostram o esfor\u00e7o coletivo de v\u00e1rias pessoas durante a retirada. O trajeto exigiu cuidado redobrado por conta das condi\u00e7\u00f5es do terreno. A trilha que leva \u00e0 Cachoeira da Fumacinha \u00e9 considerada uma das mais dif\u00edceis da Chapada Diamantina. O percurso tem cerca de 18 quil\u00f4metros entre ida e volta. O caminho inclui \u00e1reas de dif\u00edcil acesso, com muitas pedras e obst\u00e1culos naturais. At\u00e9 o momento, n\u00e3o h\u00e1 confirma\u00e7\u00e3o oficial sobre a participa\u00e7\u00e3o do Corpo de Bombeiros na ocorr\u00eancia. O estado de sa\u00fade da turista tamb\u00e9m n\u00e3o foi detalhado. O caso refor\u00e7a a necessidade de preparo e acompanhamento especializado em trilhas de alto n\u00edvel de dificuldade.\" \/>\n<meta property=\"og:url\" content=\"https:\/\/sudoesteacontece.com.br\/?p=15656\" \/>\n<meta property=\"og:site_name\" content=\"Sudoesteacontece\" \/>\n<meta property=\"article:publisher\" content=\"https:\/\/www.facebook.com\/sudoesteacontece\/?locale=pt_BR\" \/>\n<meta property=\"article:published_time\" content=\"2026-04-26T14:46:57+00:00\" \/>\n<meta property=\"article:modified_time\" content=\"2026-04-26T14:47:01+00:00\" \/>\n<meta property=\"og:image\" content=\"https:\/\/sudoesteacontece.com.br\/wp-content\/uploads\/2026\/04\/Resgate-de-turista-ferida-em-trilha-de-Ibicoara-dura-cinco-horas.jpg\" \/>\n\t<meta property=\"og:image:width\" content=\"900\" \/>\n\t<meta property=\"og:image:height\" content=\"600\" \/>\n\t<meta property=\"og:image:type\" content=\"image\/jpeg\" \/>\n<meta name=\"author\" content=\"Washington Tiago\" \/>\n<meta name=\"twitter:card\" content=\"summary_large_image\" \/>\n<meta name=\"twitter:label1\" content=\"Escrito por\" \/>\n\t<meta name=\"twitter:data1\" content=\"Washington Tiago\" \/>\n\t<meta name=\"twitter:label2\" content=\"Est. tempo de leitura\" \/>\n\t<meta name=\"twitter:data2\" content=\"2 minutos\" \/>\n<script type=\"application\/ld+json\" class=\"yoast-schema-graph\">{\"@context\":\"https:\/\/schema.org\",\"@graph\":[{\"@type\":\"Article\",\"@id\":\"https:\/\/sudoesteacontece.com.br\/?p=15656#article\",\"isPartOf\":{\"@id\":\"https:\/\/sudoesteacontece.com.br\/?p=15656\"},\"author\":{\"name\":\"Washington Tiago\",\"@id\":\"https:\/\/sudoesteacontece.com.br\/#\/schema\/person\/3cf2cf009926a9683ebc29d5379fa79c\"},\"headline\":\"Resgate de turista ferida em trilha de Ibicoara dura cinco horas\",\"datePublished\":\"2026-04-26T14:46:57+00:00\",\"dateModified\":\"2026-04-26T14:47:01+00:00\",\"mainEntityOfPage\":{\"@id\":\"https:\/\/sudoesteacontece.com.br\/?p=15656\"},\"wordCount\":205,\"commentCount\":0,\"publisher\":{\"@id\":\"https:\/\/sudoesteacontece.com.br\/#organization\"},\"image\":{\"@id\":\"https:\/\/sudoesteacontece.com.br\/?p=15656#primaryimage\"},\"thumbnailUrl\":\"http:\/\/sudoesteacontece.com.br\/wp-content\/uploads\/2026\/04\/Resgate-de-turista-ferida-em-trilha-de-Ibicoara-dura-cinco-horas.jpg\",\"articleSection\":[\"Cidades\",\"Ibicoara\"],\"inLanguage\":\"pt-BR\",\"potentialAction\":[{\"@type\":\"CommentAction\",\"name\":\"Comment\",\"target\":[\"https:\/\/sudoesteacontece.com.br\/?p=15656#respond\"]}]},{\"@type\":\"WebPage\",\"@id\":\"https:\/\/sudoesteacontece.com.br\/?p=15656\",\"url\":\"https:\/\/sudoesteacontece.com.br\/?p=15656\",\"name\":\"Resgate de turista ferida em trilha de Ibicoara dura cinco horas - Sudoesteacontece\",\"isPartOf\":{\"@id\":\"https:\/\/sudoesteacontece.com.br\/#website\"},\"primaryImageOfPage\":{\"@id\":\"https:\/\/sudoesteacontece.com.br\/?p=15656#primaryimage\"},\"image\":{\"@id\":\"https:\/\/sudoesteacontece.com.br\/?p=15656#primaryimage\"},\"thumbnailUrl\":\"http:\/\/sudoesteacontece.com.br\/wp-content\/uploads\/2026\/04\/Resgate-de-turista-ferida-em-trilha-de-Ibicoara-dura-cinco-horas.jpg\",\"datePublished\":\"2026-04-26T14:46:57+00:00\",\"dateModified\":\"2026-04-26T14:47:01+00:00\",\"breadcrumb\":{\"@id\":\"https:\/\/sudoesteacontece.com.br\/?p=15656#breadcrumb\"},\"inLanguage\":\"pt-BR\",\"potentialAction\":[{\"@type\":\"ReadAction\",\"target\":[\"https:\/\/sudoesteacontece.com.br\/?p=15656\"]}]},{\"@type\":\"ImageObject\",\"inLanguage\":\"pt-BR\",\"@id\":\"https:\/\/sudoesteacontece.com.br\/?p=15656#primaryimage\",\"url\":\"https:\/\/sudoesteacontece.com.br\/wp-content\/uploads\/2026\/04\/Resgate-de-turista-ferida-em-trilha-de-Ibicoara-dura-cinco-horas.jpg\",\"contentUrl\":\"https:\/\/sudoesteacontece.com.br\/wp-content\/uploads\/2026\/04\/Resgate-de-turista-ferida-em-trilha-de-Ibicoara-dura-cinco-horas.jpg\",\"width\":900,\"height\":600},{\"@type\":\"BreadcrumbList\",\"@id\":\"https:\/\/sudoesteacontece.com.br\/?p=15656#breadcrumb\",\"itemListElement\":[{\"@type\":\"ListItem\",\"position\":1,\"name\":\"In\u00edcio\",\"item\":\"https:\/\/sudoesteacontece.com.br\/\"},{\"@type\":\"ListItem\",\"position\":2,\"name\":\"Resgate de turista ferida em trilha de Ibicoara dura cinco horas\"}]},{\"@type\":\"WebSite\",\"@id\":\"https:\/\/sudoesteacontece.com.br\/#website\",\"url\":\"https:\/\/sudoesteacontece.com.br\/\",\"name\":\"Sudoesteacontece\",\"description\":\"\",\"publisher\":{\"@id\":\"https:\/\/sudoesteacontece.com.br\/#organization\"},\"potentialAction\":[{\"@type\":\"SearchAction\",\"target\":{\"@type\":\"EntryPoint\",\"urlTemplate\":\"https:\/\/sudoesteacontece.com.br\/?s={search_term_string}\"},\"query-input\":{\"@type\":\"PropertyValueSpecification\",\"valueRequired\":true,\"valueName\":\"search_term_string\"}}],\"inLanguage\":\"pt-BR\"},{\"@type\":\"Organization\",\"@id\":\"https:\/\/sudoesteacontece.com.br\/#organization\",\"name\":\"Sudoesteacontece\",\"url\":\"https:\/\/sudoesteacontece.com.br\/\",\"logo\":{\"@type\":\"ImageObject\",\"inLanguage\":\"pt-BR\",\"@id\":\"https:\/\/sudoesteacontece.com.br\/#\/schema\/logo\/image\/\",\"url\":\"https:\/\/sudoesteacontece.com.br\/wp-content\/uploads\/2025\/12\/cropped-logo-2-180x180-1.png\",\"contentUrl\":\"https:\/\/sudoesteacontece.com.br\/wp-content\/uploads\/2025\/12\/cropped-logo-2-180x180-1.png\",\"width\":180,\"height\":180,\"caption\":\"Sudoesteacontece\"},\"image\":{\"@id\":\"https:\/\/sudoesteacontece.com.br\/#\/schema\/logo\/image\/\"},\"sameAs\":[\"https:\/\/www.facebook.com\/sudoesteacontece\/?locale=pt_BR\"]},{\"@type\":\"Person\",\"@id\":\"https:\/\/sudoesteacontece.com.br\/#\/schema\/person\/3cf2cf009926a9683ebc29d5379fa79c\",\"name\":\"Washington Tiago\",\"image\":{\"@type\":\"ImageObject\",\"inLanguage\":\"pt-BR\",\"@id\":\"https:\/\/sudoesteacontece.com.br\/#\/schema\/person\/image\/\",\"url\":\"https:\/\/secure.gravatar.com\/avatar\/33c43b8668157e040f9d1fe93c354bf087cbd8ba36270c1163198bd3ddcf2a56?s=96&d=mm&r=g\",\"contentUrl\":\"https:\/\/secure.gravatar.com\/avatar\/33c43b8668157e040f9d1fe93c354bf087cbd8ba36270c1163198bd3ddcf2a56?s=96&d=mm&r=g\",\"caption\":\"Washington Tiago\"},\"url\":\"https:\/\/sudoesteacontece.com.br\/?author=2\"}]}<\/script>\n<!-- \/ Yoast SEO plugin. -->","yoast_head_json":{"title":"Resgate de turista ferida em trilha de Ibicoara dura cinco horas - Sudoesteacontece","robots":{"index":"index","follow":"follow","max-snippet":"max-snippet:-1","max-image-preview":"max-image-preview:large","max-video-preview":"max-video-preview:-1"},"canonical":"https:\/\/sudoesteacontece.com.br\/?p=15656","og_locale":"pt_BR","og_type":"article","og_title":"Resgate de turista ferida em trilha de Ibicoara dura cinco horas - Sudoesteacontece","og_description":"Uma turista ficou ferida ap\u00f3s sofrer um acidente durante trilha na Cachoeira da Fumacinha, em Ibicoara. O caso ocorreu na sexta-feira (24), a cerca de quatro quil\u00f4metros do in\u00edcio do percurso. O resgate mobilizou guias locais e durou aproximadamente cinco horas, devido \u00e0 dificuldade de acesso na regi\u00e3o. Segundo relatos, a v\u00edtima precisou ser carregada em uma maca improvisada ao longo de trechos de pedras e \u00e1reas \u00edngremes. Imagens divulgadas nas redes sociais mostram o esfor\u00e7o coletivo de v\u00e1rias pessoas durante a retirada. O trajeto exigiu cuidado redobrado por conta das condi\u00e7\u00f5es do terreno. A trilha que leva \u00e0 Cachoeira da Fumacinha \u00e9 considerada uma das mais dif\u00edceis da Chapada Diamantina. O percurso tem cerca de 18 quil\u00f4metros entre ida e volta. O caminho inclui \u00e1reas de dif\u00edcil acesso, com muitas pedras e obst\u00e1culos naturais. At\u00e9 o momento, n\u00e3o h\u00e1 confirma\u00e7\u00e3o oficial sobre a participa\u00e7\u00e3o do Corpo de Bombeiros na ocorr\u00eancia. O estado de sa\u00fade da turista tamb\u00e9m n\u00e3o foi detalhado. O caso refor\u00e7a a necessidade de preparo e acompanhamento especializado em trilhas de alto n\u00edvel de dificuldade.","og_url":"https:\/\/sudoesteacontece.com.br\/?p=15656","og_site_name":"Sudoesteacontece","article_publisher":"https:\/\/www.facebook.com\/sudoesteacontece\/?locale=pt_BR","article_published_time":"2026-04-26T14:46:57+00:00","article_modified_time":"2026-04-26T14:47:01+00:00","og_image":[{"width":900,"height":600,"url":"https:\/\/sudoesteacontece.com.br\/wp-content\/uploads\/2026\/04\/Resgate-de-turista-ferida-em-trilha-de-Ibicoara-dura-cinco-horas.jpg","type":"image\/jpeg"}],"author":"Washington Tiago","twitter_card":"summary_large_image","twitter_misc":{"Escrito por":"Washington Tiago","Est. tempo de leitura":"2 minutos"},"schema":{"@context":"https:\/\/schema.org","@graph":[{"@type":"Article","@id":"https:\/\/sudoesteacontece.com.br\/?p=15656#article","isPartOf":{"@id":"https:\/\/sudoesteacontece.com.br\/?p=15656"},"author":{"name":"Washington Tiago","@id":"https:\/\/sudoesteacontece.com.br\/#\/schema\/person\/3cf2cf009926a9683ebc29d5379fa79c"},"headline":"Resgate de turista ferida em trilha de Ibicoara dura cinco horas","datePublished":"2026-04-26T14:46:57+00:00","dateModified":"2026-04-26T14:47:01+00:00","mainEntityOfPage":{"@id":"https:\/\/sudoesteacontece.com.br\/?p=15656"},"wordCount":205,"commentCount":0,"publisher":{"@id":"https:\/\/sudoesteacontece.com.br\/#organization"},"image":{"@id":"https:\/\/sudoesteacontece.com.br\/?p=15656#primaryimage"},"thumbnailUrl":"http:\/\/sudoesteacontece.com.br\/wp-content\/uploads\/2026\/04\/Resgate-de-turista-ferida-em-trilha-de-Ibicoara-dura-cinco-horas.jpg","articleSection":["Cidades","Ibicoara"],"inLanguage":"pt-BR","potentialAction":[{"@type":"CommentAction","name":"Comment","target":["https:\/\/sudoesteacontece.com.br\/?p=15656#respond"]}]},{"@type":"WebPage","@id":"https:\/\/sudoesteacontece.com.br\/?p=15656","url":"https:\/\/sudoesteacontece.com.br\/?p=15656","name":"Resgate de turista ferida em trilha de Ibicoara dura cinco horas - Sudoesteacontece","isPartOf":{"@id":"https:\/\/sudoesteacontece.com.br\/#website"},"primaryImageOfPage":{"@id":"https:\/\/sudoesteacontece.com.br\/?p=15656#primaryimage"},"image":{"@id":"https:\/\/sudoesteacontece.com.br\/?p=15656#primaryimage"},"thumbnailUrl":"http:\/\/sudoesteacontece.com.br\/wp-content\/uploads\/2026\/04\/Resgate-de-turista-ferida-em-trilha-de-Ibicoara-dura-cinco-horas.jpg","datePublished":"2026-04-26T14:46:57+00:00","dateModified":"2026-04-26T14:47:01+00:00","breadcrumb":{"@id":"https:\/\/sudoesteacontece.com.br\/?p=15656#breadcrumb"},"inLanguage":"pt-BR","potentialAction":[{"@type":"ReadAction","target":["https:\/\/sudoesteacontece.com.br\/?p=15656"]}]},{"@type":"ImageObject","inLanguage":"pt-BR","@id":"https:\/\/sudoesteacontece.com.br\/?p=15656#primaryimage","url":"https:\/\/sudoesteacontece.com.br\/wp-content\/uploads\/2026\/04\/Resgate-de-turista-ferida-em-trilha-de-Ibicoara-dura-cinco-horas.jpg","contentUrl":"https:\/\/sudoesteacontece.com.br\/wp-content\/uploads\/2026\/04\/Resgate-de-turista-ferida-em-trilha-de-Ibicoara-dura-cinco-horas.jpg","width":900,"height":600},{"@type":"BreadcrumbList","@id":"https:\/\/sudoesteacontece.com.br\/?p=15656#breadcrumb","itemListElement":[{"@type":"ListItem","position":1,"name":"In\u00edcio","item":"https:\/\/sudoesteacontece.com.br\/"},{"@type":"ListItem","position":2,"name":"Resgate de turista ferida em trilha de Ibicoara dura cinco horas"}]},{"@type":"WebSite","@id":"https:\/\/sudoesteacontece.com.br\/#website","url":"https:\/\/sudoesteacontece.com.br\/","name":"Sudoesteacontece","description":"","publisher":{"@id":"https:\/\/sudoesteacontece.com.br\/#organization"},"potentialAction":[{"@type":"SearchAction","target":{"@type":"EntryPoint","urlTemplate":"https:\/\/sudoesteacontece.com.br\/?s={search_term_string}"},"query-input":{"@type":"PropertyValueSpecification","valueRequired":true,"valueName":"search_term_string"}}],"inLanguage":"pt-BR"},{"@type":"Organization","@id":"https:\/\/sudoesteacontece.com.br\/#organization","name":"Sudoesteacontece","url":"https:\/\/sudoesteacontece.com.br\/","logo":{"@type":"ImageObject","inLanguage":"pt-BR","@id":"https:\/\/sudoesteacontece.com.br\/#\/schema\/logo\/image\/","url":"https:\/\/sudoesteacontece.com.br\/wp-content\/uploads\/2025\/12\/cropped-logo-2-180x180-1.png","contentUrl":"https:\/\/sudoesteacontece.com.br\/wp-content\/uploads\/2025\/12\/cropped-logo-2-180x180-1.png","width":180,"height":180,"caption":"Sudoesteacontece"},"image":{"@id":"https:\/\/sudoesteacontece.com.br\/#\/schema\/logo\/image\/"},"sameAs":["https:\/\/www.facebook.com\/sudoesteacontece\/?locale=pt_BR"]},{"@type":"Person","@id":"https:\/\/sudoesteacontece.com.br\/#\/schema\/person\/3cf2cf009926a9683ebc29d5379fa79c","name":"Washington Tiago","image":{"@type":"ImageObject","inLanguage":"pt-BR","@id":"https:\/\/sudoesteacontece.com.br\/#\/schema\/person\/image\/","url":"https:\/\/secure.gravatar.com\/avatar\/33c43b8668157e040f9d1fe93c354bf087cbd8ba36270c1163198bd3ddcf2a56?s=96&d=mm&r=g","contentUrl":"https:\/\/secure.gravatar.com\/avatar\/33c43b8668157e040f9d1fe93c354bf087cbd8ba36270c1163198bd3ddcf2a56?s=96&d=mm&r=g","caption":"Washington Tiago"},"url":"https:\/\/sudoesteacontece.com.br\/?author=2"}]}},"_links":{"self":[{"href":"https:\/\/sudoesteacontece.com.br\/index.php?rest_route=\/wp\/v2\/posts\/15656","targetHints":{"allow":["GET"]}}],"collection":[{"href":"https:\/\/sudoesteacontece.com.br\/index.php?rest_route=\/wp\/v2\/posts"}],"about":[{"href":"https:\/\/sudoesteacontece.com.br\/index.php?rest_route=\/wp\/v2\/types\/post"}],"author":[{"embeddable":true,"href":"https:\/\/sudoesteacontece.com.br\/index.php?rest_route=\/wp\/v2\/users\/2"}],"replies":[{"embeddable":true,"href":"https:\/\/sudoesteacontece.com.br\/index.php?rest_route=%2Fwp%2Fv2%2Fcomments&post=15656"}],"version-history":[{"count":1,"href":"https:\/\/sudoesteacontece.com.br\/index.php?rest_route=\/wp\/v2\/posts\/15656\/revisions"}],"predecessor-version":[{"id":15690,"href":"https:\/\/sudoesteacontece.com.br\/index.php?rest_route=\/wp\/v2\/posts\/15656\/revisions\/15690"}],"wp:attachment":[{"href":"https:\/\/sudoesteacontece.com.br\/index.php?rest_route=%2Fwp%2Fv2%2Fmedia&parent=15656"}],"wp:term":[{"taxonomy":"category","embeddable":true,"href":"https:\/\/sudoesteacontece.com.br\/index.php?rest_route=%2Fwp%2Fv2%2Fcategories&post=15656"},{"taxonomy":"post_tag","embeddable":true,"href":"https:\/\/sudoesteacontece.com.br\/index.php?rest_route=%2Fwp%2Fv2%2Ftags&post=15656"}],"curies":[{"name":"wp","href":"https:\/\/api.w.org\/{rel}","templated":true}]}}