{"id":15659,"date":"2026-04-26T11:55:14","date_gmt":"2026-04-26T14:55:14","guid":{"rendered":"https:\/\/sudoesteacontece.com.br\/?p=15659"},"modified":"2026-04-26T12:12:49","modified_gmt":"2026-04-26T15:12:49","slug":"zema-ganha-forca-nas-redes-apos-embate-com-ministro-do-stf","status":"publish","type":"post","link":"https:\/\/sudoesteacontece.com.br\/?p=15659","title":{"rendered":"Zema ganha for\u00e7a nas redes ap\u00f3s embate com ministro do STF"},"content":{"rendered":"<div class=\"wp-block-image\">\n<figure class=\"aligncenter size-full\"><img fetchpriority=\"high\" decoding=\"async\" width=\"900\" height=\"600\" src=\"http:\/\/sudoesteacontece.com.br\/wp-content\/uploads\/2026\/03\/Zema-critica-elite-politica-e-promete-resistencia-em-ato-na-Paulista.jpg\" alt=\"\" class=\"wp-image-9732\" srcset=\"https:\/\/sudoesteacontece.com.br\/wp-content\/uploads\/2026\/03\/Zema-critica-elite-politica-e-promete-resistencia-em-ato-na-Paulista.jpg 900w, https:\/\/sudoesteacontece.com.br\/wp-content\/uploads\/2026\/03\/Zema-critica-elite-politica-e-promete-resistencia-em-ato-na-Paulista-300x200.jpg 300w, https:\/\/sudoesteacontece.com.br\/wp-content\/uploads\/2026\/03\/Zema-critica-elite-politica-e-promete-resistencia-em-ato-na-Paulista-768x512.jpg 768w\" sizes=\"(max-width: 900px) 100vw, 900px\" \/><\/figure>\n<\/div>\n\n\n<p>Um levantamento apontou que o ex-governador Romeu Zema ampliou sua presen\u00e7a nas redes sociais ap\u00f3s troca de cr\u00edticas com o ministro Gilmar Mendes. O crescimento ocorreu ao longo da \u00faltima semana. Dados indicam aumento expressivo no n\u00famero de seguidores e nas intera\u00e7\u00f5es com publica\u00e7\u00f5es.<\/p>\n\n\n\n<p>Segundo a consultoria respons\u00e1vel pela an\u00e1lise, Zema ganhou mais de 490 mil novos seguidores no per\u00edodo. Outros pr\u00e9-candidatos tamb\u00e9m cresceram, mas em ritmo menor. Entre eles est\u00e3o Fl\u00e1vio Bolsonaro e Luiz In\u00e1cio Lula da Silva, que registraram avan\u00e7o mais discreto.<\/p>\n\n\n\n<p>Al\u00e9m do crescimento na base, o destaque foi o volume de engajamento. As intera\u00e7\u00f5es com conte\u00fados de Zema chegaram a milh\u00f5es em poucos dias. O n\u00famero superou o de outros nomes analisados no mesmo intervalo, indicando forte repercuss\u00e3o do tema nas plataformas digitais.<\/p>\n\n\n\n<p>O embate teve in\u00edcio ap\u00f3s a publica\u00e7\u00e3o de um v\u00eddeo com cr\u00edticas ao Supremo Tribunal Federal. O conte\u00fado gerou rea\u00e7\u00e3o de Gilmar Mendes, que solicitou apura\u00e7\u00e3o do material. A resposta ampliou o alcance do caso e intensificou o debate p\u00fablico nas redes sociais.<\/p>\n\n\n\n<p>A repercuss\u00e3o levou Zema a publicar novos conte\u00fados sobre o tema ao longo da semana. O epis\u00f3dio tamb\u00e9m provocou rea\u00e7\u00f5es pol\u00edticas e pedidos de investiga\u00e7\u00e3o. O caso segue gerando desdobramentos no cen\u00e1rio nacional.<\/p>\n","protected":false},"excerpt":{"rendered":"<p>Um levantamento apontou que o ex-governador Romeu Zema ampliou sua presen\u00e7a nas redes sociais ap\u00f3s troca de cr\u00edticas com o ministro Gilmar Mendes. O crescimento ocorreu ao longo da \u00faltima semana. Dados indicam aumento expressivo no n\u00famero de seguidores e nas intera\u00e7\u00f5es com publica\u00e7\u00f5es. Segundo a consultoria respons\u00e1vel pela an\u00e1lise, Zema ganhou mais de 490 mil novos seguidores no per\u00edodo. Outros pr\u00e9-candidatos tamb\u00e9m cresceram, mas em ritmo menor. Entre eles est\u00e3o Fl\u00e1vio Bolsonaro e Luiz In\u00e1cio Lula da Silva, que registraram avan\u00e7o mais discreto. Al\u00e9m do crescimento na base, o destaque foi o volume de engajamento. As intera\u00e7\u00f5es com conte\u00fados de Zema chegaram a milh\u00f5es em poucos dias. O n\u00famero superou o de outros nomes analisados no mesmo intervalo, indicando forte repercuss\u00e3o do tema nas plataformas digitais. O embate teve in\u00edcio ap\u00f3s a publica\u00e7\u00e3o de um v\u00eddeo com cr\u00edticas ao Supremo Tribunal Federal. O conte\u00fado gerou rea\u00e7\u00e3o de Gilmar Mendes, que solicitou apura\u00e7\u00e3o do material. A resposta ampliou o alcance do caso e intensificou o debate p\u00fablico nas redes sociais. A repercuss\u00e3o levou Zema a publicar novos conte\u00fados sobre o tema ao longo da semana. O epis\u00f3dio tamb\u00e9m provocou rea\u00e7\u00f5es pol\u00edticas e pedidos de investiga\u00e7\u00e3o. O caso segue gerando desdobramentos no cen\u00e1rio nacional.<\/p>\n","protected":false},"author":2,"featured_media":0,"comment_status":"open","ping_status":"open","sticky":false,"template":"","format":"standard","meta":{"footnotes":""},"categories":[53,58,13,6],"tags":[],"class_list":["post-15659","post","type-post","status-publish","format-standard","hentry","category-brasil","category-eleicoes-2026","category-justica","category-politica"],"yoast_head":"<!-- This site is optimized with the Yoast SEO plugin v26.5 - https:\/\/yoast.com\/wordpress\/plugins\/seo\/ -->\n<title>Zema ganha for\u00e7a nas redes ap\u00f3s embate com ministro do STF - Sudoesteacontece<\/title>\n<meta name=\"robots\" content=\"index, follow, max-snippet:-1, max-image-preview:large, max-video-preview:-1\" \/>\n<link rel=\"canonical\" href=\"https:\/\/sudoesteacontece.com.br\/?p=15659\" \/>\n<meta property=\"og:locale\" content=\"pt_BR\" \/>\n<meta property=\"og:type\" content=\"article\" \/>\n<meta property=\"og:title\" content=\"Zema ganha for\u00e7a nas redes ap\u00f3s embate com ministro do STF - Sudoesteacontece\" \/>\n<meta property=\"og:description\" content=\"Um levantamento apontou que o ex-governador Romeu Zema ampliou sua presen\u00e7a nas redes sociais ap\u00f3s troca de cr\u00edticas com o ministro Gilmar Mendes. O crescimento ocorreu ao longo da \u00faltima semana. Dados indicam aumento expressivo no n\u00famero de seguidores e nas intera\u00e7\u00f5es com publica\u00e7\u00f5es. Segundo a consultoria respons\u00e1vel pela an\u00e1lise, Zema ganhou mais de 490 mil novos seguidores no per\u00edodo. Outros pr\u00e9-candidatos tamb\u00e9m cresceram, mas em ritmo menor. Entre eles est\u00e3o Fl\u00e1vio Bolsonaro e Luiz In\u00e1cio Lula da Silva, que registraram avan\u00e7o mais discreto. Al\u00e9m do crescimento na base, o destaque foi o volume de engajamento. As intera\u00e7\u00f5es com conte\u00fados de Zema chegaram a milh\u00f5es em poucos dias. O n\u00famero superou o de outros nomes analisados no mesmo intervalo, indicando forte repercuss\u00e3o do tema nas plataformas digitais. O embate teve in\u00edcio ap\u00f3s a publica\u00e7\u00e3o de um v\u00eddeo com cr\u00edticas ao Supremo Tribunal Federal. O conte\u00fado gerou rea\u00e7\u00e3o de Gilmar Mendes, que solicitou apura\u00e7\u00e3o do material. A resposta ampliou o alcance do caso e intensificou o debate p\u00fablico nas redes sociais. A repercuss\u00e3o levou Zema a publicar novos conte\u00fados sobre o tema ao longo da semana. O epis\u00f3dio tamb\u00e9m provocou rea\u00e7\u00f5es pol\u00edticas e pedidos de investiga\u00e7\u00e3o. O caso segue gerando desdobramentos no cen\u00e1rio nacional.\" \/>\n<meta property=\"og:url\" content=\"https:\/\/sudoesteacontece.com.br\/?p=15659\" \/>\n<meta property=\"og:site_name\" content=\"Sudoesteacontece\" \/>\n<meta property=\"article:publisher\" content=\"https:\/\/www.facebook.com\/sudoesteacontece\/?locale=pt_BR\" \/>\n<meta property=\"article:published_time\" content=\"2026-04-26T14:55:14+00:00\" \/>\n<meta property=\"article:modified_time\" content=\"2026-04-26T15:12:49+00:00\" \/>\n<meta property=\"og:image\" content=\"https:\/\/sudoesteacontece.com.br\/wp-content\/uploads\/2026\/03\/Zema-critica-elite-politica-e-promete-resistencia-em-ato-na-Paulista.jpg\" \/>\n\t<meta property=\"og:image:width\" content=\"900\" \/>\n\t<meta property=\"og:image:height\" content=\"600\" \/>\n\t<meta property=\"og:image:type\" content=\"image\/jpeg\" \/>\n<meta name=\"author\" content=\"Washington Tiago\" \/>\n<meta name=\"twitter:card\" content=\"summary_large_image\" \/>\n<meta name=\"twitter:label1\" content=\"Escrito por\" \/>\n\t<meta name=\"twitter:data1\" content=\"Washington Tiago\" \/>\n\t<meta name=\"twitter:label2\" content=\"Est. tempo de leitura\" \/>\n\t<meta name=\"twitter:data2\" content=\"2 minutos\" \/>\n<script type=\"application\/ld+json\" class=\"yoast-schema-graph\">{\"@context\":\"https:\/\/schema.org\",\"@graph\":[{\"@type\":\"Article\",\"@id\":\"https:\/\/sudoesteacontece.com.br\/?p=15659#article\",\"isPartOf\":{\"@id\":\"https:\/\/sudoesteacontece.com.br\/?p=15659\"},\"author\":{\"name\":\"Washington Tiago\",\"@id\":\"https:\/\/sudoesteacontece.com.br\/#\/schema\/person\/3cf2cf009926a9683ebc29d5379fa79c\"},\"headline\":\"Zema ganha for\u00e7a nas redes ap\u00f3s embate com ministro do STF\",\"datePublished\":\"2026-04-26T14:55:14+00:00\",\"dateModified\":\"2026-04-26T15:12:49+00:00\",\"mainEntityOfPage\":{\"@id\":\"https:\/\/sudoesteacontece.com.br\/?p=15659\"},\"wordCount\":253,\"commentCount\":0,\"publisher\":{\"@id\":\"https:\/\/sudoesteacontece.com.br\/#organization\"},\"image\":{\"@id\":\"https:\/\/sudoesteacontece.com.br\/?p=15659#primaryimage\"},\"thumbnailUrl\":\"http:\/\/sudoesteacontece.com.br\/wp-content\/uploads\/2026\/03\/Zema-critica-elite-politica-e-promete-resistencia-em-ato-na-Paulista.jpg\",\"articleSection\":[\"Brasil\",\"Elei\u00e7\u00f5es 2026\",\"Justi\u00e7a\",\"Pol\u00edtica\"],\"inLanguage\":\"pt-BR\",\"potentialAction\":[{\"@type\":\"CommentAction\",\"name\":\"Comment\",\"target\":[\"https:\/\/sudoesteacontece.com.br\/?p=15659#respond\"]}]},{\"@type\":\"WebPage\",\"@id\":\"https:\/\/sudoesteacontece.com.br\/?p=15659\",\"url\":\"https:\/\/sudoesteacontece.com.br\/?p=15659\",\"name\":\"Zema ganha for\u00e7a nas redes ap\u00f3s embate com ministro do STF - Sudoesteacontece\",\"isPartOf\":{\"@id\":\"https:\/\/sudoesteacontece.com.br\/#website\"},\"primaryImageOfPage\":{\"@id\":\"https:\/\/sudoesteacontece.com.br\/?p=15659#primaryimage\"},\"image\":{\"@id\":\"https:\/\/sudoesteacontece.com.br\/?p=15659#primaryimage\"},\"thumbnailUrl\":\"http:\/\/sudoesteacontece.com.br\/wp-content\/uploads\/2026\/03\/Zema-critica-elite-politica-e-promete-resistencia-em-ato-na-Paulista.jpg\",\"datePublished\":\"2026-04-26T14:55:14+00:00\",\"dateModified\":\"2026-04-26T15:12:49+00:00\",\"breadcrumb\":{\"@id\":\"https:\/\/sudoesteacontece.com.br\/?p=15659#breadcrumb\"},\"inLanguage\":\"pt-BR\",\"potentialAction\":[{\"@type\":\"ReadAction\",\"target\":[\"https:\/\/sudoesteacontece.com.br\/?p=15659\"]}]},{\"@type\":\"ImageObject\",\"inLanguage\":\"pt-BR\",\"@id\":\"https:\/\/sudoesteacontece.com.br\/?p=15659#primaryimage\",\"url\":\"https:\/\/sudoesteacontece.com.br\/wp-content\/uploads\/2026\/03\/Zema-critica-elite-politica-e-promete-resistencia-em-ato-na-Paulista.jpg\",\"contentUrl\":\"https:\/\/sudoesteacontece.com.br\/wp-content\/uploads\/2026\/03\/Zema-critica-elite-politica-e-promete-resistencia-em-ato-na-Paulista.jpg\",\"width\":900,\"height\":600},{\"@type\":\"BreadcrumbList\",\"@id\":\"https:\/\/sudoesteacontece.com.br\/?p=15659#breadcrumb\",\"itemListElement\":[{\"@type\":\"ListItem\",\"position\":1,\"name\":\"In\u00edcio\",\"item\":\"https:\/\/sudoesteacontece.com.br\/\"},{\"@type\":\"ListItem\",\"position\":2,\"name\":\"Zema ganha for\u00e7a nas redes ap\u00f3s embate com ministro do STF\"}]},{\"@type\":\"WebSite\",\"@id\":\"https:\/\/sudoesteacontece.com.br\/#website\",\"url\":\"https:\/\/sudoesteacontece.com.br\/\",\"name\":\"Sudoesteacontece\",\"description\":\"\",\"publisher\":{\"@id\":\"https:\/\/sudoesteacontece.com.br\/#organization\"},\"potentialAction\":[{\"@type\":\"SearchAction\",\"target\":{\"@type\":\"EntryPoint\",\"urlTemplate\":\"https:\/\/sudoesteacontece.com.br\/?s={search_term_string}\"},\"query-input\":{\"@type\":\"PropertyValueSpecification\",\"valueRequired\":true,\"valueName\":\"search_term_string\"}}],\"inLanguage\":\"pt-BR\"},{\"@type\":\"Organization\",\"@id\":\"https:\/\/sudoesteacontece.com.br\/#organization\",\"name\":\"Sudoesteacontece\",\"url\":\"https:\/\/sudoesteacontece.com.br\/\",\"logo\":{\"@type\":\"ImageObject\",\"inLanguage\":\"pt-BR\",\"@id\":\"https:\/\/sudoesteacontece.com.br\/#\/schema\/logo\/image\/\",\"url\":\"https:\/\/sudoesteacontece.com.br\/wp-content\/uploads\/2025\/12\/cropped-logo-2-180x180-1.png\",\"contentUrl\":\"https:\/\/sudoesteacontece.com.br\/wp-content\/uploads\/2025\/12\/cropped-logo-2-180x180-1.png\",\"width\":180,\"height\":180,\"caption\":\"Sudoesteacontece\"},\"image\":{\"@id\":\"https:\/\/sudoesteacontece.com.br\/#\/schema\/logo\/image\/\"},\"sameAs\":[\"https:\/\/www.facebook.com\/sudoesteacontece\/?locale=pt_BR\"]},{\"@type\":\"Person\",\"@id\":\"https:\/\/sudoesteacontece.com.br\/#\/schema\/person\/3cf2cf009926a9683ebc29d5379fa79c\",\"name\":\"Washington Tiago\",\"image\":{\"@type\":\"ImageObject\",\"inLanguage\":\"pt-BR\",\"@id\":\"https:\/\/sudoesteacontece.com.br\/#\/schema\/person\/image\/\",\"url\":\"https:\/\/secure.gravatar.com\/avatar\/33c43b8668157e040f9d1fe93c354bf087cbd8ba36270c1163198bd3ddcf2a56?s=96&d=mm&r=g\",\"contentUrl\":\"https:\/\/secure.gravatar.com\/avatar\/33c43b8668157e040f9d1fe93c354bf087cbd8ba36270c1163198bd3ddcf2a56?s=96&d=mm&r=g\",\"caption\":\"Washington Tiago\"},\"url\":\"https:\/\/sudoesteacontece.com.br\/?author=2\"}]}<\/script>\n<!-- \/ Yoast SEO plugin. -->","yoast_head_json":{"title":"Zema ganha for\u00e7a nas redes ap\u00f3s embate com ministro do STF - Sudoesteacontece","robots":{"index":"index","follow":"follow","max-snippet":"max-snippet:-1","max-image-preview":"max-image-preview:large","max-video-preview":"max-video-preview:-1"},"canonical":"https:\/\/sudoesteacontece.com.br\/?p=15659","og_locale":"pt_BR","og_type":"article","og_title":"Zema ganha for\u00e7a nas redes ap\u00f3s embate com ministro do STF - Sudoesteacontece","og_description":"Um levantamento apontou que o ex-governador Romeu Zema ampliou sua presen\u00e7a nas redes sociais ap\u00f3s troca de cr\u00edticas com o ministro Gilmar Mendes. O crescimento ocorreu ao longo da \u00faltima semana. Dados indicam aumento expressivo no n\u00famero de seguidores e nas intera\u00e7\u00f5es com publica\u00e7\u00f5es. Segundo a consultoria respons\u00e1vel pela an\u00e1lise, Zema ganhou mais de 490 mil novos seguidores no per\u00edodo. Outros pr\u00e9-candidatos tamb\u00e9m cresceram, mas em ritmo menor. Entre eles est\u00e3o Fl\u00e1vio Bolsonaro e Luiz In\u00e1cio Lula da Silva, que registraram avan\u00e7o mais discreto. Al\u00e9m do crescimento na base, o destaque foi o volume de engajamento. As intera\u00e7\u00f5es com conte\u00fados de Zema chegaram a milh\u00f5es em poucos dias. O n\u00famero superou o de outros nomes analisados no mesmo intervalo, indicando forte repercuss\u00e3o do tema nas plataformas digitais. O embate teve in\u00edcio ap\u00f3s a publica\u00e7\u00e3o de um v\u00eddeo com cr\u00edticas ao Supremo Tribunal Federal. O conte\u00fado gerou rea\u00e7\u00e3o de Gilmar Mendes, que solicitou apura\u00e7\u00e3o do material. A resposta ampliou o alcance do caso e intensificou o debate p\u00fablico nas redes sociais. A repercuss\u00e3o levou Zema a publicar novos conte\u00fados sobre o tema ao longo da semana. O epis\u00f3dio tamb\u00e9m provocou rea\u00e7\u00f5es pol\u00edticas e pedidos de investiga\u00e7\u00e3o. O caso segue gerando desdobramentos no cen\u00e1rio nacional.","og_url":"https:\/\/sudoesteacontece.com.br\/?p=15659","og_site_name":"Sudoesteacontece","article_publisher":"https:\/\/www.facebook.com\/sudoesteacontece\/?locale=pt_BR","article_published_time":"2026-04-26T14:55:14+00:00","article_modified_time":"2026-04-26T15:12:49+00:00","og_image":[{"width":900,"height":600,"url":"https:\/\/sudoesteacontece.com.br\/wp-content\/uploads\/2026\/03\/Zema-critica-elite-politica-e-promete-resistencia-em-ato-na-Paulista.jpg","type":"image\/jpeg"}],"author":"Washington Tiago","twitter_card":"summary_large_image","twitter_misc":{"Escrito por":"Washington Tiago","Est. tempo de leitura":"2 minutos"},"schema":{"@context":"https:\/\/schema.org","@graph":[{"@type":"Article","@id":"https:\/\/sudoesteacontece.com.br\/?p=15659#article","isPartOf":{"@id":"https:\/\/sudoesteacontece.com.br\/?p=15659"},"author":{"name":"Washington Tiago","@id":"https:\/\/sudoesteacontece.com.br\/#\/schema\/person\/3cf2cf009926a9683ebc29d5379fa79c"},"headline":"Zema ganha for\u00e7a nas redes ap\u00f3s embate com ministro do STF","datePublished":"2026-04-26T14:55:14+00:00","dateModified":"2026-04-26T15:12:49+00:00","mainEntityOfPage":{"@id":"https:\/\/sudoesteacontece.com.br\/?p=15659"},"wordCount":253,"commentCount":0,"publisher":{"@id":"https:\/\/sudoesteacontece.com.br\/#organization"},"image":{"@id":"https:\/\/sudoesteacontece.com.br\/?p=15659#primaryimage"},"thumbnailUrl":"http:\/\/sudoesteacontece.com.br\/wp-content\/uploads\/2026\/03\/Zema-critica-elite-politica-e-promete-resistencia-em-ato-na-Paulista.jpg","articleSection":["Brasil","Elei\u00e7\u00f5es 2026","Justi\u00e7a","Pol\u00edtica"],"inLanguage":"pt-BR","potentialAction":[{"@type":"CommentAction","name":"Comment","target":["https:\/\/sudoesteacontece.com.br\/?p=15659#respond"]}]},{"@type":"WebPage","@id":"https:\/\/sudoesteacontece.com.br\/?p=15659","url":"https:\/\/sudoesteacontece.com.br\/?p=15659","name":"Zema ganha for\u00e7a nas redes ap\u00f3s embate com ministro do STF - Sudoesteacontece","isPartOf":{"@id":"https:\/\/sudoesteacontece.com.br\/#website"},"primaryImageOfPage":{"@id":"https:\/\/sudoesteacontece.com.br\/?p=15659#primaryimage"},"image":{"@id":"https:\/\/sudoesteacontece.com.br\/?p=15659#primaryimage"},"thumbnailUrl":"http:\/\/sudoesteacontece.com.br\/wp-content\/uploads\/2026\/03\/Zema-critica-elite-politica-e-promete-resistencia-em-ato-na-Paulista.jpg","datePublished":"2026-04-26T14:55:14+00:00","dateModified":"2026-04-26T15:12:49+00:00","breadcrumb":{"@id":"https:\/\/sudoesteacontece.com.br\/?p=15659#breadcrumb"},"inLanguage":"pt-BR","potentialAction":[{"@type":"ReadAction","target":["https:\/\/sudoesteacontece.com.br\/?p=15659"]}]},{"@type":"ImageObject","inLanguage":"pt-BR","@id":"https:\/\/sudoesteacontece.com.br\/?p=15659#primaryimage","url":"https:\/\/sudoesteacontece.com.br\/wp-content\/uploads\/2026\/03\/Zema-critica-elite-politica-e-promete-resistencia-em-ato-na-Paulista.jpg","contentUrl":"https:\/\/sudoesteacontece.com.br\/wp-content\/uploads\/2026\/03\/Zema-critica-elite-politica-e-promete-resistencia-em-ato-na-Paulista.jpg","width":900,"height":600},{"@type":"BreadcrumbList","@id":"https:\/\/sudoesteacontece.com.br\/?p=15659#breadcrumb","itemListElement":[{"@type":"ListItem","position":1,"name":"In\u00edcio","item":"https:\/\/sudoesteacontece.com.br\/"},{"@type":"ListItem","position":2,"name":"Zema ganha for\u00e7a nas redes ap\u00f3s embate com ministro do STF"}]},{"@type":"WebSite","@id":"https:\/\/sudoesteacontece.com.br\/#website","url":"https:\/\/sudoesteacontece.com.br\/","name":"Sudoesteacontece","description":"","publisher":{"@id":"https:\/\/sudoesteacontece.com.br\/#organization"},"potentialAction":[{"@type":"SearchAction","target":{"@type":"EntryPoint","urlTemplate":"https:\/\/sudoesteacontece.com.br\/?s={search_term_string}"},"query-input":{"@type":"PropertyValueSpecification","valueRequired":true,"valueName":"search_term_string"}}],"inLanguage":"pt-BR"},{"@type":"Organization","@id":"https:\/\/sudoesteacontece.com.br\/#organization","name":"Sudoesteacontece","url":"https:\/\/sudoesteacontece.com.br\/","logo":{"@type":"ImageObject","inLanguage":"pt-BR","@id":"https:\/\/sudoesteacontece.com.br\/#\/schema\/logo\/image\/","url":"https:\/\/sudoesteacontece.com.br\/wp-content\/uploads\/2025\/12\/cropped-logo-2-180x180-1.png","contentUrl":"https:\/\/sudoesteacontece.com.br\/wp-content\/uploads\/2025\/12\/cropped-logo-2-180x180-1.png","width":180,"height":180,"caption":"Sudoesteacontece"},"image":{"@id":"https:\/\/sudoesteacontece.com.br\/#\/schema\/logo\/image\/"},"sameAs":["https:\/\/www.facebook.com\/sudoesteacontece\/?locale=pt_BR"]},{"@type":"Person","@id":"https:\/\/sudoesteacontece.com.br\/#\/schema\/person\/3cf2cf009926a9683ebc29d5379fa79c","name":"Washington Tiago","image":{"@type":"ImageObject","inLanguage":"pt-BR","@id":"https:\/\/sudoesteacontece.com.br\/#\/schema\/person\/image\/","url":"https:\/\/secure.gravatar.com\/avatar\/33c43b8668157e040f9d1fe93c354bf087cbd8ba36270c1163198bd3ddcf2a56?s=96&d=mm&r=g","contentUrl":"https:\/\/secure.gravatar.com\/avatar\/33c43b8668157e040f9d1fe93c354bf087cbd8ba36270c1163198bd3ddcf2a56?s=96&d=mm&r=g","caption":"Washington Tiago"},"url":"https:\/\/sudoesteacontece.com.br\/?author=2"}]}},"_links":{"self":[{"href":"https:\/\/sudoesteacontece.com.br\/index.php?rest_route=\/wp\/v2\/posts\/15659","targetHints":{"allow":["GET"]}}],"collection":[{"href":"https:\/\/sudoesteacontece.com.br\/index.php?rest_route=\/wp\/v2\/posts"}],"about":[{"href":"https:\/\/sudoesteacontece.com.br\/index.php?rest_route=\/wp\/v2\/types\/post"}],"author":[{"embeddable":true,"href":"https:\/\/sudoesteacontece.com.br\/index.php?rest_route=\/wp\/v2\/users\/2"}],"replies":[{"embeddable":true,"href":"https:\/\/sudoesteacontece.com.br\/index.php?rest_route=%2Fwp%2Fv2%2Fcomments&post=15659"}],"version-history":[{"count":2,"href":"https:\/\/sudoesteacontece.com.br\/index.php?rest_route=\/wp\/v2\/posts\/15659\/revisions"}],"predecessor-version":[{"id":15706,"href":"https:\/\/sudoesteacontece.com.br\/index.php?rest_route=\/wp\/v2\/posts\/15659\/revisions\/15706"}],"wp:attachment":[{"href":"https:\/\/sudoesteacontece.com.br\/index.php?rest_route=%2Fwp%2Fv2%2Fmedia&parent=15659"}],"wp:term":[{"taxonomy":"category","embeddable":true,"href":"https:\/\/sudoesteacontece.com.br\/index.php?rest_route=%2Fwp%2Fv2%2Fcategories&post=15659"},{"taxonomy":"post_tag","embeddable":true,"href":"https:\/\/sudoesteacontece.com.br\/index.php?rest_route=%2Fwp%2Fv2%2Ftags&post=15659"}],"curies":[{"name":"wp","href":"https:\/\/api.w.org\/{rel}","templated":true}]}}