{"id":15661,"date":"2026-04-26T12:03:21","date_gmt":"2026-04-26T15:03:21","guid":{"rendered":"https:\/\/sudoesteacontece.com.br\/?p=15661"},"modified":"2026-04-26T12:03:25","modified_gmt":"2026-04-26T15:03:25","slug":"acm-neto-critica-obras-paradas-e-reforca-discurso-de-mudanca-durante-agenda-em-ilheus","status":"publish","type":"post","link":"https:\/\/sudoesteacontece.com.br\/?p=15661","title":{"rendered":"ACM Neto critica obras paradas e refor\u00e7a discurso de mudan\u00e7a durante agenda em Ilh\u00e9us"},"content":{"rendered":"<div class=\"wp-block-image\">\n<figure class=\"aligncenter size-full\"><img fetchpriority=\"high\" decoding=\"async\" width=\"900\" height=\"600\" src=\"http:\/\/sudoesteacontece.com.br\/wp-content\/uploads\/2026\/04\/ACM-Neto-critica-obras-paradas-e-reforca-discurso-de-mudanca-durante-agenda-em-Ilheus.jpg\" alt=\"\" class=\"wp-image-15701\" srcset=\"https:\/\/sudoesteacontece.com.br\/wp-content\/uploads\/2026\/04\/ACM-Neto-critica-obras-paradas-e-reforca-discurso-de-mudanca-durante-agenda-em-Ilheus.jpg 900w, https:\/\/sudoesteacontece.com.br\/wp-content\/uploads\/2026\/04\/ACM-Neto-critica-obras-paradas-e-reforca-discurso-de-mudanca-durante-agenda-em-Ilheus-300x200.jpg 300w, https:\/\/sudoesteacontece.com.br\/wp-content\/uploads\/2026\/04\/ACM-Neto-critica-obras-paradas-e-reforca-discurso-de-mudanca-durante-agenda-em-Ilheus-768x512.jpg 768w\" sizes=\"(max-width: 900px) 100vw, 900px\" \/><\/figure>\n<\/div>\n\n\n<p>O ex-prefeito de Salvador ACM Neto afirmou que a Bahia precisa de mudan\u00e7a e criticou promessas n\u00e3o cumpridas no Sul do estado. A declara\u00e7\u00e3o ocorreu na quinta-feira (23), durante evento em Ilh\u00e9us, em homenagem a S\u00e3o Jorge. Ele participou da agenda ao lado do prefeito Valderico J\u00fanior.<\/p>\n\n\n\n<p>Durante o evento, ACM Neto destacou a import\u00e2ncia da f\u00e9 e da cultura local, mas tamb\u00e9m apontou problemas estruturais na regi\u00e3o. Segundo ele, \u00e1reas como seguran\u00e7a, sa\u00fade, educa\u00e7\u00e3o e emprego ainda enfrentam dificuldades. O ex-prefeito afirmou que obras importantes seguem sem conclus\u00e3o ap\u00f3s anos de promessas.<\/p>\n\n\n\n<p>Entre os exemplos citados, ele mencionou entraves no aeroporto da cidade, a paralisa\u00e7\u00e3o da Ferrovia Oeste-Leste e a falta de avan\u00e7o do Porto Sul. De acordo com o pol\u00edtico, esses projetos foram anunciados h\u00e1 d\u00e9cadas, mas n\u00e3o foram entregues \u00e0 popula\u00e7\u00e3o.<\/p>\n\n\n\n<p>ACM Neto tamb\u00e9m disse que pretende apresentar um plano de governo com foco em resolver problemas hist\u00f3ricos. Ele afirmou que a popula\u00e7\u00e3o baiana demonstra insatisfa\u00e7\u00e3o e busca por mudan\u00e7as. O evento contou ainda com a presen\u00e7a de lideran\u00e7as como Z\u00e9 Coc\u00e1, Angelo Coronel e Jo\u00e3o Roma.<\/p>\n","protected":false},"excerpt":{"rendered":"<p>O ex-prefeito de Salvador ACM Neto afirmou que a Bahia precisa de mudan\u00e7a e criticou promessas n\u00e3o cumpridas no Sul do estado. A declara\u00e7\u00e3o ocorreu na quinta-feira (23), durante evento em Ilh\u00e9us, em homenagem a S\u00e3o Jorge. Ele participou da agenda ao lado do prefeito Valderico J\u00fanior. Durante o evento, ACM Neto destacou a import\u00e2ncia da f\u00e9 e da cultura local, mas tamb\u00e9m apontou problemas estruturais na regi\u00e3o. Segundo ele, \u00e1reas como seguran\u00e7a, sa\u00fade, educa\u00e7\u00e3o e emprego ainda enfrentam dificuldades. O ex-prefeito afirmou que obras importantes seguem sem conclus\u00e3o ap\u00f3s anos de promessas. Entre os exemplos citados, ele mencionou entraves no aeroporto da cidade, a paralisa\u00e7\u00e3o da Ferrovia Oeste-Leste e a falta de avan\u00e7o do Porto Sul. De acordo com o pol\u00edtico, esses projetos foram anunciados h\u00e1 d\u00e9cadas, mas n\u00e3o foram entregues \u00e0 popula\u00e7\u00e3o. ACM Neto tamb\u00e9m disse que pretende apresentar um plano de governo com foco em resolver problemas hist\u00f3ricos. Ele afirmou que a popula\u00e7\u00e3o baiana demonstra insatisfa\u00e7\u00e3o e busca por mudan\u00e7as. O evento contou ainda com a presen\u00e7a de lideran\u00e7as como Z\u00e9 Coc\u00e1, Angelo Coronel e Jo\u00e3o Roma.<\/p>\n","protected":false},"author":2,"featured_media":0,"comment_status":"open","ping_status":"open","sticky":false,"template":"","format":"standard","meta":{"footnotes":""},"categories":[7,4,58,6],"tags":[],"class_list":["post-15661","post","type-post","status-publish","format-standard","hentry","category-bahia","category-cidades","category-eleicoes-2026","category-politica"],"yoast_head":"<!-- This site is optimized with the Yoast SEO plugin v26.5 - https:\/\/yoast.com\/wordpress\/plugins\/seo\/ -->\n<title>ACM Neto critica obras paradas e refor\u00e7a discurso de mudan\u00e7a durante agenda em Ilh\u00e9us - Sudoesteacontece<\/title>\n<meta name=\"robots\" content=\"index, follow, max-snippet:-1, max-image-preview:large, max-video-preview:-1\" \/>\n<link rel=\"canonical\" href=\"https:\/\/sudoesteacontece.com.br\/?p=15661\" \/>\n<meta property=\"og:locale\" content=\"pt_BR\" \/>\n<meta property=\"og:type\" content=\"article\" \/>\n<meta property=\"og:title\" content=\"ACM Neto critica obras paradas e refor\u00e7a discurso de mudan\u00e7a durante agenda em Ilh\u00e9us - Sudoesteacontece\" \/>\n<meta property=\"og:description\" content=\"O ex-prefeito de Salvador ACM Neto afirmou que a Bahia precisa de mudan\u00e7a e criticou promessas n\u00e3o cumpridas no Sul do estado. A declara\u00e7\u00e3o ocorreu na quinta-feira (23), durante evento em Ilh\u00e9us, em homenagem a S\u00e3o Jorge. Ele participou da agenda ao lado do prefeito Valderico J\u00fanior. Durante o evento, ACM Neto destacou a import\u00e2ncia da f\u00e9 e da cultura local, mas tamb\u00e9m apontou problemas estruturais na regi\u00e3o. Segundo ele, \u00e1reas como seguran\u00e7a, sa\u00fade, educa\u00e7\u00e3o e emprego ainda enfrentam dificuldades. O ex-prefeito afirmou que obras importantes seguem sem conclus\u00e3o ap\u00f3s anos de promessas. Entre os exemplos citados, ele mencionou entraves no aeroporto da cidade, a paralisa\u00e7\u00e3o da Ferrovia Oeste-Leste e a falta de avan\u00e7o do Porto Sul. De acordo com o pol\u00edtico, esses projetos foram anunciados h\u00e1 d\u00e9cadas, mas n\u00e3o foram entregues \u00e0 popula\u00e7\u00e3o. ACM Neto tamb\u00e9m disse que pretende apresentar um plano de governo com foco em resolver problemas hist\u00f3ricos. Ele afirmou que a popula\u00e7\u00e3o baiana demonstra insatisfa\u00e7\u00e3o e busca por mudan\u00e7as. O evento contou ainda com a presen\u00e7a de lideran\u00e7as como Z\u00e9 Coc\u00e1, Angelo Coronel e Jo\u00e3o Roma.\" \/>\n<meta property=\"og:url\" content=\"https:\/\/sudoesteacontece.com.br\/?p=15661\" \/>\n<meta property=\"og:site_name\" content=\"Sudoesteacontece\" \/>\n<meta property=\"article:publisher\" content=\"https:\/\/www.facebook.com\/sudoesteacontece\/?locale=pt_BR\" \/>\n<meta property=\"article:published_time\" content=\"2026-04-26T15:03:21+00:00\" \/>\n<meta property=\"article:modified_time\" content=\"2026-04-26T15:03:25+00:00\" \/>\n<meta property=\"og:image\" content=\"https:\/\/sudoesteacontece.com.br\/wp-content\/uploads\/2026\/04\/ACM-Neto-critica-obras-paradas-e-reforca-discurso-de-mudanca-durante-agenda-em-Ilheus.jpg\" \/>\n\t<meta property=\"og:image:width\" content=\"900\" \/>\n\t<meta property=\"og:image:height\" content=\"600\" \/>\n\t<meta property=\"og:image:type\" content=\"image\/jpeg\" \/>\n<meta name=\"author\" content=\"Washington Tiago\" \/>\n<meta name=\"twitter:card\" content=\"summary_large_image\" \/>\n<meta name=\"twitter:label1\" content=\"Escrito por\" \/>\n\t<meta name=\"twitter:data1\" content=\"Washington Tiago\" \/>\n\t<meta name=\"twitter:label2\" content=\"Est. tempo de leitura\" \/>\n\t<meta name=\"twitter:data2\" content=\"2 minutos\" \/>\n<script type=\"application\/ld+json\" class=\"yoast-schema-graph\">{\"@context\":\"https:\/\/schema.org\",\"@graph\":[{\"@type\":\"Article\",\"@id\":\"https:\/\/sudoesteacontece.com.br\/?p=15661#article\",\"isPartOf\":{\"@id\":\"https:\/\/sudoesteacontece.com.br\/?p=15661\"},\"author\":{\"name\":\"Washington Tiago\",\"@id\":\"https:\/\/sudoesteacontece.com.br\/#\/schema\/person\/3cf2cf009926a9683ebc29d5379fa79c\"},\"headline\":\"ACM Neto critica obras paradas e refor\u00e7a discurso de mudan\u00e7a durante agenda em Ilh\u00e9us\",\"datePublished\":\"2026-04-26T15:03:21+00:00\",\"dateModified\":\"2026-04-26T15:03:25+00:00\",\"mainEntityOfPage\":{\"@id\":\"https:\/\/sudoesteacontece.com.br\/?p=15661\"},\"wordCount\":223,\"commentCount\":0,\"publisher\":{\"@id\":\"https:\/\/sudoesteacontece.com.br\/#organization\"},\"image\":{\"@id\":\"https:\/\/sudoesteacontece.com.br\/?p=15661#primaryimage\"},\"thumbnailUrl\":\"http:\/\/sudoesteacontece.com.br\/wp-content\/uploads\/2026\/04\/ACM-Neto-critica-obras-paradas-e-reforca-discurso-de-mudanca-durante-agenda-em-Ilheus.jpg\",\"articleSection\":[\"Bahia\",\"Cidades\",\"Elei\u00e7\u00f5es 2026\",\"Pol\u00edtica\"],\"inLanguage\":\"pt-BR\",\"potentialAction\":[{\"@type\":\"CommentAction\",\"name\":\"Comment\",\"target\":[\"https:\/\/sudoesteacontece.com.br\/?p=15661#respond\"]}]},{\"@type\":\"WebPage\",\"@id\":\"https:\/\/sudoesteacontece.com.br\/?p=15661\",\"url\":\"https:\/\/sudoesteacontece.com.br\/?p=15661\",\"name\":\"ACM Neto critica obras paradas e refor\u00e7a discurso de mudan\u00e7a durante agenda em Ilh\u00e9us - Sudoesteacontece\",\"isPartOf\":{\"@id\":\"https:\/\/sudoesteacontece.com.br\/#website\"},\"primaryImageOfPage\":{\"@id\":\"https:\/\/sudoesteacontece.com.br\/?p=15661#primaryimage\"},\"image\":{\"@id\":\"https:\/\/sudoesteacontece.com.br\/?p=15661#primaryimage\"},\"thumbnailUrl\":\"http:\/\/sudoesteacontece.com.br\/wp-content\/uploads\/2026\/04\/ACM-Neto-critica-obras-paradas-e-reforca-discurso-de-mudanca-durante-agenda-em-Ilheus.jpg\",\"datePublished\":\"2026-04-26T15:03:21+00:00\",\"dateModified\":\"2026-04-26T15:03:25+00:00\",\"breadcrumb\":{\"@id\":\"https:\/\/sudoesteacontece.com.br\/?p=15661#breadcrumb\"},\"inLanguage\":\"pt-BR\",\"potentialAction\":[{\"@type\":\"ReadAction\",\"target\":[\"https:\/\/sudoesteacontece.com.br\/?p=15661\"]}]},{\"@type\":\"ImageObject\",\"inLanguage\":\"pt-BR\",\"@id\":\"https:\/\/sudoesteacontece.com.br\/?p=15661#primaryimage\",\"url\":\"https:\/\/sudoesteacontece.com.br\/wp-content\/uploads\/2026\/04\/ACM-Neto-critica-obras-paradas-e-reforca-discurso-de-mudanca-durante-agenda-em-Ilheus.jpg\",\"contentUrl\":\"https:\/\/sudoesteacontece.com.br\/wp-content\/uploads\/2026\/04\/ACM-Neto-critica-obras-paradas-e-reforca-discurso-de-mudanca-durante-agenda-em-Ilheus.jpg\",\"width\":900,\"height\":600},{\"@type\":\"BreadcrumbList\",\"@id\":\"https:\/\/sudoesteacontece.com.br\/?p=15661#breadcrumb\",\"itemListElement\":[{\"@type\":\"ListItem\",\"position\":1,\"name\":\"In\u00edcio\",\"item\":\"https:\/\/sudoesteacontece.com.br\/\"},{\"@type\":\"ListItem\",\"position\":2,\"name\":\"ACM Neto critica obras paradas e refor\u00e7a discurso de mudan\u00e7a durante agenda em Ilh\u00e9us\"}]},{\"@type\":\"WebSite\",\"@id\":\"https:\/\/sudoesteacontece.com.br\/#website\",\"url\":\"https:\/\/sudoesteacontece.com.br\/\",\"name\":\"Sudoesteacontece\",\"description\":\"\",\"publisher\":{\"@id\":\"https:\/\/sudoesteacontece.com.br\/#organization\"},\"potentialAction\":[{\"@type\":\"SearchAction\",\"target\":{\"@type\":\"EntryPoint\",\"urlTemplate\":\"https:\/\/sudoesteacontece.com.br\/?s={search_term_string}\"},\"query-input\":{\"@type\":\"PropertyValueSpecification\",\"valueRequired\":true,\"valueName\":\"search_term_string\"}}],\"inLanguage\":\"pt-BR\"},{\"@type\":\"Organization\",\"@id\":\"https:\/\/sudoesteacontece.com.br\/#organization\",\"name\":\"Sudoesteacontece\",\"url\":\"https:\/\/sudoesteacontece.com.br\/\",\"logo\":{\"@type\":\"ImageObject\",\"inLanguage\":\"pt-BR\",\"@id\":\"https:\/\/sudoesteacontece.com.br\/#\/schema\/logo\/image\/\",\"url\":\"https:\/\/sudoesteacontece.com.br\/wp-content\/uploads\/2025\/12\/cropped-logo-2-180x180-1.png\",\"contentUrl\":\"https:\/\/sudoesteacontece.com.br\/wp-content\/uploads\/2025\/12\/cropped-logo-2-180x180-1.png\",\"width\":180,\"height\":180,\"caption\":\"Sudoesteacontece\"},\"image\":{\"@id\":\"https:\/\/sudoesteacontece.com.br\/#\/schema\/logo\/image\/\"},\"sameAs\":[\"https:\/\/www.facebook.com\/sudoesteacontece\/?locale=pt_BR\"]},{\"@type\":\"Person\",\"@id\":\"https:\/\/sudoesteacontece.com.br\/#\/schema\/person\/3cf2cf009926a9683ebc29d5379fa79c\",\"name\":\"Washington Tiago\",\"image\":{\"@type\":\"ImageObject\",\"inLanguage\":\"pt-BR\",\"@id\":\"https:\/\/sudoesteacontece.com.br\/#\/schema\/person\/image\/\",\"url\":\"https:\/\/secure.gravatar.com\/avatar\/33c43b8668157e040f9d1fe93c354bf087cbd8ba36270c1163198bd3ddcf2a56?s=96&d=mm&r=g\",\"contentUrl\":\"https:\/\/secure.gravatar.com\/avatar\/33c43b8668157e040f9d1fe93c354bf087cbd8ba36270c1163198bd3ddcf2a56?s=96&d=mm&r=g\",\"caption\":\"Washington Tiago\"},\"url\":\"https:\/\/sudoesteacontece.com.br\/?author=2\"}]}<\/script>\n<!-- \/ Yoast SEO plugin. -->","yoast_head_json":{"title":"ACM Neto critica obras paradas e refor\u00e7a discurso de mudan\u00e7a durante agenda em Ilh\u00e9us - Sudoesteacontece","robots":{"index":"index","follow":"follow","max-snippet":"max-snippet:-1","max-image-preview":"max-image-preview:large","max-video-preview":"max-video-preview:-1"},"canonical":"https:\/\/sudoesteacontece.com.br\/?p=15661","og_locale":"pt_BR","og_type":"article","og_title":"ACM Neto critica obras paradas e refor\u00e7a discurso de mudan\u00e7a durante agenda em Ilh\u00e9us - Sudoesteacontece","og_description":"O ex-prefeito de Salvador ACM Neto afirmou que a Bahia precisa de mudan\u00e7a e criticou promessas n\u00e3o cumpridas no Sul do estado. A declara\u00e7\u00e3o ocorreu na quinta-feira (23), durante evento em Ilh\u00e9us, em homenagem a S\u00e3o Jorge. Ele participou da agenda ao lado do prefeito Valderico J\u00fanior. Durante o evento, ACM Neto destacou a import\u00e2ncia da f\u00e9 e da cultura local, mas tamb\u00e9m apontou problemas estruturais na regi\u00e3o. Segundo ele, \u00e1reas como seguran\u00e7a, sa\u00fade, educa\u00e7\u00e3o e emprego ainda enfrentam dificuldades. O ex-prefeito afirmou que obras importantes seguem sem conclus\u00e3o ap\u00f3s anos de promessas. Entre os exemplos citados, ele mencionou entraves no aeroporto da cidade, a paralisa\u00e7\u00e3o da Ferrovia Oeste-Leste e a falta de avan\u00e7o do Porto Sul. De acordo com o pol\u00edtico, esses projetos foram anunciados h\u00e1 d\u00e9cadas, mas n\u00e3o foram entregues \u00e0 popula\u00e7\u00e3o. ACM Neto tamb\u00e9m disse que pretende apresentar um plano de governo com foco em resolver problemas hist\u00f3ricos. Ele afirmou que a popula\u00e7\u00e3o baiana demonstra insatisfa\u00e7\u00e3o e busca por mudan\u00e7as. O evento contou ainda com a presen\u00e7a de lideran\u00e7as como Z\u00e9 Coc\u00e1, Angelo Coronel e Jo\u00e3o Roma.","og_url":"https:\/\/sudoesteacontece.com.br\/?p=15661","og_site_name":"Sudoesteacontece","article_publisher":"https:\/\/www.facebook.com\/sudoesteacontece\/?locale=pt_BR","article_published_time":"2026-04-26T15:03:21+00:00","article_modified_time":"2026-04-26T15:03:25+00:00","og_image":[{"width":900,"height":600,"url":"https:\/\/sudoesteacontece.com.br\/wp-content\/uploads\/2026\/04\/ACM-Neto-critica-obras-paradas-e-reforca-discurso-de-mudanca-durante-agenda-em-Ilheus.jpg","type":"image\/jpeg"}],"author":"Washington Tiago","twitter_card":"summary_large_image","twitter_misc":{"Escrito por":"Washington Tiago","Est. tempo de leitura":"2 minutos"},"schema":{"@context":"https:\/\/schema.org","@graph":[{"@type":"Article","@id":"https:\/\/sudoesteacontece.com.br\/?p=15661#article","isPartOf":{"@id":"https:\/\/sudoesteacontece.com.br\/?p=15661"},"author":{"name":"Washington Tiago","@id":"https:\/\/sudoesteacontece.com.br\/#\/schema\/person\/3cf2cf009926a9683ebc29d5379fa79c"},"headline":"ACM Neto critica obras paradas e refor\u00e7a discurso de mudan\u00e7a durante agenda em Ilh\u00e9us","datePublished":"2026-04-26T15:03:21+00:00","dateModified":"2026-04-26T15:03:25+00:00","mainEntityOfPage":{"@id":"https:\/\/sudoesteacontece.com.br\/?p=15661"},"wordCount":223,"commentCount":0,"publisher":{"@id":"https:\/\/sudoesteacontece.com.br\/#organization"},"image":{"@id":"https:\/\/sudoesteacontece.com.br\/?p=15661#primaryimage"},"thumbnailUrl":"http:\/\/sudoesteacontece.com.br\/wp-content\/uploads\/2026\/04\/ACM-Neto-critica-obras-paradas-e-reforca-discurso-de-mudanca-durante-agenda-em-Ilheus.jpg","articleSection":["Bahia","Cidades","Elei\u00e7\u00f5es 2026","Pol\u00edtica"],"inLanguage":"pt-BR","potentialAction":[{"@type":"CommentAction","name":"Comment","target":["https:\/\/sudoesteacontece.com.br\/?p=15661#respond"]}]},{"@type":"WebPage","@id":"https:\/\/sudoesteacontece.com.br\/?p=15661","url":"https:\/\/sudoesteacontece.com.br\/?p=15661","name":"ACM Neto critica obras paradas e refor\u00e7a discurso de mudan\u00e7a durante agenda em Ilh\u00e9us - Sudoesteacontece","isPartOf":{"@id":"https:\/\/sudoesteacontece.com.br\/#website"},"primaryImageOfPage":{"@id":"https:\/\/sudoesteacontece.com.br\/?p=15661#primaryimage"},"image":{"@id":"https:\/\/sudoesteacontece.com.br\/?p=15661#primaryimage"},"thumbnailUrl":"http:\/\/sudoesteacontece.com.br\/wp-content\/uploads\/2026\/04\/ACM-Neto-critica-obras-paradas-e-reforca-discurso-de-mudanca-durante-agenda-em-Ilheus.jpg","datePublished":"2026-04-26T15:03:21+00:00","dateModified":"2026-04-26T15:03:25+00:00","breadcrumb":{"@id":"https:\/\/sudoesteacontece.com.br\/?p=15661#breadcrumb"},"inLanguage":"pt-BR","potentialAction":[{"@type":"ReadAction","target":["https:\/\/sudoesteacontece.com.br\/?p=15661"]}]},{"@type":"ImageObject","inLanguage":"pt-BR","@id":"https:\/\/sudoesteacontece.com.br\/?p=15661#primaryimage","url":"https:\/\/sudoesteacontece.com.br\/wp-content\/uploads\/2026\/04\/ACM-Neto-critica-obras-paradas-e-reforca-discurso-de-mudanca-durante-agenda-em-Ilheus.jpg","contentUrl":"https:\/\/sudoesteacontece.com.br\/wp-content\/uploads\/2026\/04\/ACM-Neto-critica-obras-paradas-e-reforca-discurso-de-mudanca-durante-agenda-em-Ilheus.jpg","width":900,"height":600},{"@type":"BreadcrumbList","@id":"https:\/\/sudoesteacontece.com.br\/?p=15661#breadcrumb","itemListElement":[{"@type":"ListItem","position":1,"name":"In\u00edcio","item":"https:\/\/sudoesteacontece.com.br\/"},{"@type":"ListItem","position":2,"name":"ACM Neto critica obras paradas e refor\u00e7a discurso de mudan\u00e7a durante agenda em Ilh\u00e9us"}]},{"@type":"WebSite","@id":"https:\/\/sudoesteacontece.com.br\/#website","url":"https:\/\/sudoesteacontece.com.br\/","name":"Sudoesteacontece","description":"","publisher":{"@id":"https:\/\/sudoesteacontece.com.br\/#organization"},"potentialAction":[{"@type":"SearchAction","target":{"@type":"EntryPoint","urlTemplate":"https:\/\/sudoesteacontece.com.br\/?s={search_term_string}"},"query-input":{"@type":"PropertyValueSpecification","valueRequired":true,"valueName":"search_term_string"}}],"inLanguage":"pt-BR"},{"@type":"Organization","@id":"https:\/\/sudoesteacontece.com.br\/#organization","name":"Sudoesteacontece","url":"https:\/\/sudoesteacontece.com.br\/","logo":{"@type":"ImageObject","inLanguage":"pt-BR","@id":"https:\/\/sudoesteacontece.com.br\/#\/schema\/logo\/image\/","url":"https:\/\/sudoesteacontece.com.br\/wp-content\/uploads\/2025\/12\/cropped-logo-2-180x180-1.png","contentUrl":"https:\/\/sudoesteacontece.com.br\/wp-content\/uploads\/2025\/12\/cropped-logo-2-180x180-1.png","width":180,"height":180,"caption":"Sudoesteacontece"},"image":{"@id":"https:\/\/sudoesteacontece.com.br\/#\/schema\/logo\/image\/"},"sameAs":["https:\/\/www.facebook.com\/sudoesteacontece\/?locale=pt_BR"]},{"@type":"Person","@id":"https:\/\/sudoesteacontece.com.br\/#\/schema\/person\/3cf2cf009926a9683ebc29d5379fa79c","name":"Washington Tiago","image":{"@type":"ImageObject","inLanguage":"pt-BR","@id":"https:\/\/sudoesteacontece.com.br\/#\/schema\/person\/image\/","url":"https:\/\/secure.gravatar.com\/avatar\/33c43b8668157e040f9d1fe93c354bf087cbd8ba36270c1163198bd3ddcf2a56?s=96&d=mm&r=g","contentUrl":"https:\/\/secure.gravatar.com\/avatar\/33c43b8668157e040f9d1fe93c354bf087cbd8ba36270c1163198bd3ddcf2a56?s=96&d=mm&r=g","caption":"Washington Tiago"},"url":"https:\/\/sudoesteacontece.com.br\/?author=2"}]}},"_links":{"self":[{"href":"https:\/\/sudoesteacontece.com.br\/index.php?rest_route=\/wp\/v2\/posts\/15661","targetHints":{"allow":["GET"]}}],"collection":[{"href":"https:\/\/sudoesteacontece.com.br\/index.php?rest_route=\/wp\/v2\/posts"}],"about":[{"href":"https:\/\/sudoesteacontece.com.br\/index.php?rest_route=\/wp\/v2\/types\/post"}],"author":[{"embeddable":true,"href":"https:\/\/sudoesteacontece.com.br\/index.php?rest_route=\/wp\/v2\/users\/2"}],"replies":[{"embeddable":true,"href":"https:\/\/sudoesteacontece.com.br\/index.php?rest_route=%2Fwp%2Fv2%2Fcomments&post=15661"}],"version-history":[{"count":1,"href":"https:\/\/sudoesteacontece.com.br\/index.php?rest_route=\/wp\/v2\/posts\/15661\/revisions"}],"predecessor-version":[{"id":15702,"href":"https:\/\/sudoesteacontece.com.br\/index.php?rest_route=\/wp\/v2\/posts\/15661\/revisions\/15702"}],"wp:attachment":[{"href":"https:\/\/sudoesteacontece.com.br\/index.php?rest_route=%2Fwp%2Fv2%2Fmedia&parent=15661"}],"wp:term":[{"taxonomy":"category","embeddable":true,"href":"https:\/\/sudoesteacontece.com.br\/index.php?rest_route=%2Fwp%2Fv2%2Fcategories&post=15661"},{"taxonomy":"post_tag","embeddable":true,"href":"https:\/\/sudoesteacontece.com.br\/index.php?rest_route=%2Fwp%2Fv2%2Ftags&post=15661"}],"curies":[{"name":"wp","href":"https:\/\/api.w.org\/{rel}","templated":true}]}}