{"id":15665,"date":"2026-04-26T12:11:59","date_gmt":"2026-04-26T15:11:59","guid":{"rendered":"https:\/\/sudoesteacontece.com.br\/?p=15665"},"modified":"2026-04-26T12:12:04","modified_gmt":"2026-04-26T15:12:04","slug":"stf-entra-no-centro-da-disputa-eleitoral-de-2026-e-expoe-divisao-entre-ministros","status":"publish","type":"post","link":"https:\/\/sudoesteacontece.com.br\/?p=15665","title":{"rendered":"STF entra no centro da disputa eleitoral de 2026 e exp\u00f5e divis\u00e3o entre ministros"},"content":{"rendered":"<div class=\"wp-block-image\">\n<figure class=\"aligncenter size-full\"><img fetchpriority=\"high\" decoding=\"async\" width=\"900\" height=\"600\" src=\"http:\/\/sudoesteacontece.com.br\/wp-content\/uploads\/2026\/04\/Zema-ganha-forca-nas-redes-apos-embate-com-ministro-do-STF.jpg\" alt=\"\" class=\"wp-image-15695\" srcset=\"https:\/\/sudoesteacontece.com.br\/wp-content\/uploads\/2026\/04\/Zema-ganha-forca-nas-redes-apos-embate-com-ministro-do-STF.jpg 900w, https:\/\/sudoesteacontece.com.br\/wp-content\/uploads\/2026\/04\/Zema-ganha-forca-nas-redes-apos-embate-com-ministro-do-STF-300x200.jpg 300w, https:\/\/sudoesteacontece.com.br\/wp-content\/uploads\/2026\/04\/Zema-ganha-forca-nas-redes-apos-embate-com-ministro-do-STF-768x512.jpg 768w\" sizes=\"(max-width: 900px) 100vw, 900px\" \/><\/figure>\n<\/div>\n\n\n<p>Disputa entre o Supremo Tribunal Federal e pr\u00e9-candidatos de 2026 ganhou for\u00e7a ap\u00f3s cr\u00edticas p\u00fablicas e v\u00eddeos contra a Corte. Ministros avaliam que o tema deixou de ser pontual e passou a integrar a estrat\u00e9gia de campanha da direita. Internamente, cresce a preocupa\u00e7\u00e3o com o impacto pol\u00edtico dessas a\u00e7\u00f5es e com o aumento do desgaste institucional do tribunal diante do cen\u00e1rio eleitoral.<\/p>\n\n\n\n<p>Internamente, o STF reconhece que h\u00e1 uma divis\u00e3o sobre como reagir aos ataques. Parte dos ministros defende uma postura mais firme, com respostas p\u00fablicas e medidas institucionais mais duras contra declara\u00e7\u00f5es consideradas ofensivas. Outro grupo sustenta que a discri\u00e7\u00e3o \u00e9 o melhor caminho, evitando ampliar conflitos e reduzir a exposi\u00e7\u00e3o da Corte durante o per\u00edodo eleitoral.<\/p>\n\n\n\n<p>Enquanto isso, epis\u00f3dios recentes intensificaram o debate, como a atua\u00e7\u00e3o do senador Alessandro Vieira na CPI do Crime Organizado e v\u00eddeos do ex-governador Romeu Zema com cr\u00edticas ao Supremo. As rea\u00e7\u00f5es inclu\u00edram pedidos de investiga\u00e7\u00e3o e manifesta\u00e7\u00f5es p\u00fablicas de ministros, o que ampliou tens\u00f5es internas e refor\u00e7ou diverg\u00eancias sobre o tom adequado de enfrentamento.<\/p>\n\n\n\n<p>Diante desse cen\u00e1rio, tamb\u00e9m h\u00e1 conflito sobre o papel da presid\u00eancia do STF e a condu\u00e7\u00e3o institucional da Corte. O ministro Edson Fachin defende autoconten\u00e7\u00e3o e regras de conduta mais r\u00edgidas, enquanto outros ministros consideram que respostas mais fortes s\u00e3o necess\u00e1rias. A diverg\u00eancia se estende ao TSE, que deve adotar postura mais moderada nas elei\u00e7\u00f5es de 2026.<\/p>\n","protected":false},"excerpt":{"rendered":"<p>Disputa entre o Supremo Tribunal Federal e pr\u00e9-candidatos de 2026 ganhou for\u00e7a ap\u00f3s cr\u00edticas p\u00fablicas e v\u00eddeos contra a Corte. Ministros avaliam que o tema deixou de ser pontual e passou a integrar a estrat\u00e9gia de campanha da direita. Internamente, cresce a preocupa\u00e7\u00e3o com o impacto pol\u00edtico dessas a\u00e7\u00f5es e com o aumento do desgaste institucional do tribunal diante do cen\u00e1rio eleitoral. Internamente, o STF reconhece que h\u00e1 uma divis\u00e3o sobre como reagir aos ataques. Parte dos ministros defende uma postura mais firme, com respostas p\u00fablicas e medidas institucionais mais duras contra declara\u00e7\u00f5es consideradas ofensivas. Outro grupo sustenta que a discri\u00e7\u00e3o \u00e9 o melhor caminho, evitando ampliar conflitos e reduzir a exposi\u00e7\u00e3o da Corte durante o per\u00edodo eleitoral. Enquanto isso, epis\u00f3dios recentes intensificaram o debate, como a atua\u00e7\u00e3o do senador Alessandro Vieira na CPI do Crime Organizado e v\u00eddeos do ex-governador Romeu Zema com cr\u00edticas ao Supremo. As rea\u00e7\u00f5es inclu\u00edram pedidos de investiga\u00e7\u00e3o e manifesta\u00e7\u00f5es p\u00fablicas de ministros, o que ampliou tens\u00f5es internas e refor\u00e7ou diverg\u00eancias sobre o tom adequado de enfrentamento. Diante desse cen\u00e1rio, tamb\u00e9m h\u00e1 conflito sobre o papel da presid\u00eancia do STF e a condu\u00e7\u00e3o institucional da Corte. O ministro Edson Fachin defende autoconten\u00e7\u00e3o e regras de conduta mais r\u00edgidas, enquanto outros ministros consideram que respostas mais fortes s\u00e3o necess\u00e1rias. A diverg\u00eancia se estende ao TSE, que deve adotar postura mais moderada nas elei\u00e7\u00f5es de 2026.<\/p>\n","protected":false},"author":1,"featured_media":0,"comment_status":"open","ping_status":"open","sticky":false,"template":"","format":"standard","meta":{"footnotes":""},"categories":[53,58,13],"tags":[],"class_list":["post-15665","post","type-post","status-publish","format-standard","hentry","category-brasil","category-eleicoes-2026","category-justica"],"yoast_head":"<!-- This site is optimized with the Yoast SEO plugin v26.5 - https:\/\/yoast.com\/wordpress\/plugins\/seo\/ -->\n<title>STF entra no centro da disputa eleitoral de 2026 e exp\u00f5e divis\u00e3o entre ministros - Sudoesteacontece<\/title>\n<meta name=\"robots\" content=\"index, follow, max-snippet:-1, max-image-preview:large, max-video-preview:-1\" \/>\n<link rel=\"canonical\" href=\"https:\/\/sudoesteacontece.com.br\/?p=15665\" \/>\n<meta property=\"og:locale\" content=\"pt_BR\" \/>\n<meta property=\"og:type\" content=\"article\" \/>\n<meta property=\"og:title\" content=\"STF entra no centro da disputa eleitoral de 2026 e exp\u00f5e divis\u00e3o entre ministros - Sudoesteacontece\" \/>\n<meta property=\"og:description\" content=\"Disputa entre o Supremo Tribunal Federal e pr\u00e9-candidatos de 2026 ganhou for\u00e7a ap\u00f3s cr\u00edticas p\u00fablicas e v\u00eddeos contra a Corte. Ministros avaliam que o tema deixou de ser pontual e passou a integrar a estrat\u00e9gia de campanha da direita. Internamente, cresce a preocupa\u00e7\u00e3o com o impacto pol\u00edtico dessas a\u00e7\u00f5es e com o aumento do desgaste institucional do tribunal diante do cen\u00e1rio eleitoral. Internamente, o STF reconhece que h\u00e1 uma divis\u00e3o sobre como reagir aos ataques. Parte dos ministros defende uma postura mais firme, com respostas p\u00fablicas e medidas institucionais mais duras contra declara\u00e7\u00f5es consideradas ofensivas. Outro grupo sustenta que a discri\u00e7\u00e3o \u00e9 o melhor caminho, evitando ampliar conflitos e reduzir a exposi\u00e7\u00e3o da Corte durante o per\u00edodo eleitoral. Enquanto isso, epis\u00f3dios recentes intensificaram o debate, como a atua\u00e7\u00e3o do senador Alessandro Vieira na CPI do Crime Organizado e v\u00eddeos do ex-governador Romeu Zema com cr\u00edticas ao Supremo. As rea\u00e7\u00f5es inclu\u00edram pedidos de investiga\u00e7\u00e3o e manifesta\u00e7\u00f5es p\u00fablicas de ministros, o que ampliou tens\u00f5es internas e refor\u00e7ou diverg\u00eancias sobre o tom adequado de enfrentamento. Diante desse cen\u00e1rio, tamb\u00e9m h\u00e1 conflito sobre o papel da presid\u00eancia do STF e a condu\u00e7\u00e3o institucional da Corte. O ministro Edson Fachin defende autoconten\u00e7\u00e3o e regras de conduta mais r\u00edgidas, enquanto outros ministros consideram que respostas mais fortes s\u00e3o necess\u00e1rias. A diverg\u00eancia se estende ao TSE, que deve adotar postura mais moderada nas elei\u00e7\u00f5es de 2026.\" \/>\n<meta property=\"og:url\" content=\"https:\/\/sudoesteacontece.com.br\/?p=15665\" \/>\n<meta property=\"og:site_name\" content=\"Sudoesteacontece\" \/>\n<meta property=\"article:publisher\" content=\"https:\/\/www.facebook.com\/sudoesteacontece\/?locale=pt_BR\" \/>\n<meta property=\"article:published_time\" content=\"2026-04-26T15:11:59+00:00\" \/>\n<meta property=\"article:modified_time\" content=\"2026-04-26T15:12:04+00:00\" \/>\n<meta property=\"og:image\" content=\"https:\/\/sudoesteacontece.com.br\/wp-content\/uploads\/2026\/04\/Zema-ganha-forca-nas-redes-apos-embate-com-ministro-do-STF.jpg\" \/>\n\t<meta property=\"og:image:width\" content=\"900\" \/>\n\t<meta property=\"og:image:height\" content=\"600\" \/>\n\t<meta property=\"og:image:type\" content=\"image\/jpeg\" \/>\n<meta name=\"author\" content=\"sudoesteacontece\" \/>\n<meta name=\"twitter:card\" content=\"summary_large_image\" \/>\n<meta name=\"twitter:label1\" content=\"Escrito por\" \/>\n\t<meta name=\"twitter:data1\" content=\"sudoesteacontece\" \/>\n\t<meta name=\"twitter:label2\" content=\"Est. tempo de leitura\" \/>\n\t<meta name=\"twitter:data2\" content=\"2 minutos\" \/>\n<script type=\"application\/ld+json\" class=\"yoast-schema-graph\">{\"@context\":\"https:\/\/schema.org\",\"@graph\":[{\"@type\":\"Article\",\"@id\":\"https:\/\/sudoesteacontece.com.br\/?p=15665#article\",\"isPartOf\":{\"@id\":\"https:\/\/sudoesteacontece.com.br\/?p=15665\"},\"author\":{\"name\":\"sudoesteacontece\",\"@id\":\"https:\/\/sudoesteacontece.com.br\/#\/schema\/person\/f4b00cd0a26ac17646f19707cdceb2ce\"},\"headline\":\"STF entra no centro da disputa eleitoral de 2026 e exp\u00f5e divis\u00e3o entre ministros\",\"datePublished\":\"2026-04-26T15:11:59+00:00\",\"dateModified\":\"2026-04-26T15:12:04+00:00\",\"mainEntityOfPage\":{\"@id\":\"https:\/\/sudoesteacontece.com.br\/?p=15665\"},\"wordCount\":280,\"commentCount\":0,\"publisher\":{\"@id\":\"https:\/\/sudoesteacontece.com.br\/#organization\"},\"image\":{\"@id\":\"https:\/\/sudoesteacontece.com.br\/?p=15665#primaryimage\"},\"thumbnailUrl\":\"http:\/\/sudoesteacontece.com.br\/wp-content\/uploads\/2026\/04\/Zema-ganha-forca-nas-redes-apos-embate-com-ministro-do-STF.jpg\",\"articleSection\":[\"Brasil\",\"Elei\u00e7\u00f5es 2026\",\"Justi\u00e7a\"],\"inLanguage\":\"pt-BR\",\"potentialAction\":[{\"@type\":\"CommentAction\",\"name\":\"Comment\",\"target\":[\"https:\/\/sudoesteacontece.com.br\/?p=15665#respond\"]}]},{\"@type\":\"WebPage\",\"@id\":\"https:\/\/sudoesteacontece.com.br\/?p=15665\",\"url\":\"https:\/\/sudoesteacontece.com.br\/?p=15665\",\"name\":\"STF entra no centro da disputa eleitoral de 2026 e exp\u00f5e divis\u00e3o entre ministros - Sudoesteacontece\",\"isPartOf\":{\"@id\":\"https:\/\/sudoesteacontece.com.br\/#website\"},\"primaryImageOfPage\":{\"@id\":\"https:\/\/sudoesteacontece.com.br\/?p=15665#primaryimage\"},\"image\":{\"@id\":\"https:\/\/sudoesteacontece.com.br\/?p=15665#primaryimage\"},\"thumbnailUrl\":\"http:\/\/sudoesteacontece.com.br\/wp-content\/uploads\/2026\/04\/Zema-ganha-forca-nas-redes-apos-embate-com-ministro-do-STF.jpg\",\"datePublished\":\"2026-04-26T15:11:59+00:00\",\"dateModified\":\"2026-04-26T15:12:04+00:00\",\"breadcrumb\":{\"@id\":\"https:\/\/sudoesteacontece.com.br\/?p=15665#breadcrumb\"},\"inLanguage\":\"pt-BR\",\"potentialAction\":[{\"@type\":\"ReadAction\",\"target\":[\"https:\/\/sudoesteacontece.com.br\/?p=15665\"]}]},{\"@type\":\"ImageObject\",\"inLanguage\":\"pt-BR\",\"@id\":\"https:\/\/sudoesteacontece.com.br\/?p=15665#primaryimage\",\"url\":\"https:\/\/sudoesteacontece.com.br\/wp-content\/uploads\/2026\/04\/Zema-ganha-forca-nas-redes-apos-embate-com-ministro-do-STF.jpg\",\"contentUrl\":\"https:\/\/sudoesteacontece.com.br\/wp-content\/uploads\/2026\/04\/Zema-ganha-forca-nas-redes-apos-embate-com-ministro-do-STF.jpg\",\"width\":900,\"height\":600},{\"@type\":\"BreadcrumbList\",\"@id\":\"https:\/\/sudoesteacontece.com.br\/?p=15665#breadcrumb\",\"itemListElement\":[{\"@type\":\"ListItem\",\"position\":1,\"name\":\"In\u00edcio\",\"item\":\"https:\/\/sudoesteacontece.com.br\/\"},{\"@type\":\"ListItem\",\"position\":2,\"name\":\"STF entra no centro da disputa eleitoral de 2026 e exp\u00f5e divis\u00e3o entre ministros\"}]},{\"@type\":\"WebSite\",\"@id\":\"https:\/\/sudoesteacontece.com.br\/#website\",\"url\":\"https:\/\/sudoesteacontece.com.br\/\",\"name\":\"Sudoesteacontece\",\"description\":\"\",\"publisher\":{\"@id\":\"https:\/\/sudoesteacontece.com.br\/#organization\"},\"potentialAction\":[{\"@type\":\"SearchAction\",\"target\":{\"@type\":\"EntryPoint\",\"urlTemplate\":\"https:\/\/sudoesteacontece.com.br\/?s={search_term_string}\"},\"query-input\":{\"@type\":\"PropertyValueSpecification\",\"valueRequired\":true,\"valueName\":\"search_term_string\"}}],\"inLanguage\":\"pt-BR\"},{\"@type\":\"Organization\",\"@id\":\"https:\/\/sudoesteacontece.com.br\/#organization\",\"name\":\"Sudoesteacontece\",\"url\":\"https:\/\/sudoesteacontece.com.br\/\",\"logo\":{\"@type\":\"ImageObject\",\"inLanguage\":\"pt-BR\",\"@id\":\"https:\/\/sudoesteacontece.com.br\/#\/schema\/logo\/image\/\",\"url\":\"https:\/\/sudoesteacontece.com.br\/wp-content\/uploads\/2025\/12\/cropped-logo-2-180x180-1.png\",\"contentUrl\":\"https:\/\/sudoesteacontece.com.br\/wp-content\/uploads\/2025\/12\/cropped-logo-2-180x180-1.png\",\"width\":180,\"height\":180,\"caption\":\"Sudoesteacontece\"},\"image\":{\"@id\":\"https:\/\/sudoesteacontece.com.br\/#\/schema\/logo\/image\/\"},\"sameAs\":[\"https:\/\/www.facebook.com\/sudoesteacontece\/?locale=pt_BR\"]},{\"@type\":\"Person\",\"@id\":\"https:\/\/sudoesteacontece.com.br\/#\/schema\/person\/f4b00cd0a26ac17646f19707cdceb2ce\",\"name\":\"sudoesteacontece\",\"image\":{\"@type\":\"ImageObject\",\"inLanguage\":\"pt-BR\",\"@id\":\"https:\/\/sudoesteacontece.com.br\/#\/schema\/person\/image\/\",\"url\":\"https:\/\/secure.gravatar.com\/avatar\/704557d1f79b454f041f9e5935f2b0e8393614e97e537fc508d1d628292cacfd?s=96&d=mm&r=g\",\"contentUrl\":\"https:\/\/secure.gravatar.com\/avatar\/704557d1f79b454f041f9e5935f2b0e8393614e97e537fc508d1d628292cacfd?s=96&d=mm&r=g\",\"caption\":\"sudoesteacontece\"},\"sameAs\":[\"http:\/\/sudoesteacontece.com.br\"],\"url\":\"https:\/\/sudoesteacontece.com.br\/?author=1\"}]}<\/script>\n<!-- \/ Yoast SEO plugin. -->","yoast_head_json":{"title":"STF entra no centro da disputa eleitoral de 2026 e exp\u00f5e divis\u00e3o entre ministros - Sudoesteacontece","robots":{"index":"index","follow":"follow","max-snippet":"max-snippet:-1","max-image-preview":"max-image-preview:large","max-video-preview":"max-video-preview:-1"},"canonical":"https:\/\/sudoesteacontece.com.br\/?p=15665","og_locale":"pt_BR","og_type":"article","og_title":"STF entra no centro da disputa eleitoral de 2026 e exp\u00f5e divis\u00e3o entre ministros - Sudoesteacontece","og_description":"Disputa entre o Supremo Tribunal Federal e pr\u00e9-candidatos de 2026 ganhou for\u00e7a ap\u00f3s cr\u00edticas p\u00fablicas e v\u00eddeos contra a Corte. Ministros avaliam que o tema deixou de ser pontual e passou a integrar a estrat\u00e9gia de campanha da direita. Internamente, cresce a preocupa\u00e7\u00e3o com o impacto pol\u00edtico dessas a\u00e7\u00f5es e com o aumento do desgaste institucional do tribunal diante do cen\u00e1rio eleitoral. Internamente, o STF reconhece que h\u00e1 uma divis\u00e3o sobre como reagir aos ataques. Parte dos ministros defende uma postura mais firme, com respostas p\u00fablicas e medidas institucionais mais duras contra declara\u00e7\u00f5es consideradas ofensivas. Outro grupo sustenta que a discri\u00e7\u00e3o \u00e9 o melhor caminho, evitando ampliar conflitos e reduzir a exposi\u00e7\u00e3o da Corte durante o per\u00edodo eleitoral. Enquanto isso, epis\u00f3dios recentes intensificaram o debate, como a atua\u00e7\u00e3o do senador Alessandro Vieira na CPI do Crime Organizado e v\u00eddeos do ex-governador Romeu Zema com cr\u00edticas ao Supremo. As rea\u00e7\u00f5es inclu\u00edram pedidos de investiga\u00e7\u00e3o e manifesta\u00e7\u00f5es p\u00fablicas de ministros, o que ampliou tens\u00f5es internas e refor\u00e7ou diverg\u00eancias sobre o tom adequado de enfrentamento. Diante desse cen\u00e1rio, tamb\u00e9m h\u00e1 conflito sobre o papel da presid\u00eancia do STF e a condu\u00e7\u00e3o institucional da Corte. O ministro Edson Fachin defende autoconten\u00e7\u00e3o e regras de conduta mais r\u00edgidas, enquanto outros ministros consideram que respostas mais fortes s\u00e3o necess\u00e1rias. A diverg\u00eancia se estende ao TSE, que deve adotar postura mais moderada nas elei\u00e7\u00f5es de 2026.","og_url":"https:\/\/sudoesteacontece.com.br\/?p=15665","og_site_name":"Sudoesteacontece","article_publisher":"https:\/\/www.facebook.com\/sudoesteacontece\/?locale=pt_BR","article_published_time":"2026-04-26T15:11:59+00:00","article_modified_time":"2026-04-26T15:12:04+00:00","og_image":[{"width":900,"height":600,"url":"https:\/\/sudoesteacontece.com.br\/wp-content\/uploads\/2026\/04\/Zema-ganha-forca-nas-redes-apos-embate-com-ministro-do-STF.jpg","type":"image\/jpeg"}],"author":"sudoesteacontece","twitter_card":"summary_large_image","twitter_misc":{"Escrito por":"sudoesteacontece","Est. tempo de leitura":"2 minutos"},"schema":{"@context":"https:\/\/schema.org","@graph":[{"@type":"Article","@id":"https:\/\/sudoesteacontece.com.br\/?p=15665#article","isPartOf":{"@id":"https:\/\/sudoesteacontece.com.br\/?p=15665"},"author":{"name":"sudoesteacontece","@id":"https:\/\/sudoesteacontece.com.br\/#\/schema\/person\/f4b00cd0a26ac17646f19707cdceb2ce"},"headline":"STF entra no centro da disputa eleitoral de 2026 e exp\u00f5e divis\u00e3o entre ministros","datePublished":"2026-04-26T15:11:59+00:00","dateModified":"2026-04-26T15:12:04+00:00","mainEntityOfPage":{"@id":"https:\/\/sudoesteacontece.com.br\/?p=15665"},"wordCount":280,"commentCount":0,"publisher":{"@id":"https:\/\/sudoesteacontece.com.br\/#organization"},"image":{"@id":"https:\/\/sudoesteacontece.com.br\/?p=15665#primaryimage"},"thumbnailUrl":"http:\/\/sudoesteacontece.com.br\/wp-content\/uploads\/2026\/04\/Zema-ganha-forca-nas-redes-apos-embate-com-ministro-do-STF.jpg","articleSection":["Brasil","Elei\u00e7\u00f5es 2026","Justi\u00e7a"],"inLanguage":"pt-BR","potentialAction":[{"@type":"CommentAction","name":"Comment","target":["https:\/\/sudoesteacontece.com.br\/?p=15665#respond"]}]},{"@type":"WebPage","@id":"https:\/\/sudoesteacontece.com.br\/?p=15665","url":"https:\/\/sudoesteacontece.com.br\/?p=15665","name":"STF entra no centro da disputa eleitoral de 2026 e exp\u00f5e divis\u00e3o entre ministros - Sudoesteacontece","isPartOf":{"@id":"https:\/\/sudoesteacontece.com.br\/#website"},"primaryImageOfPage":{"@id":"https:\/\/sudoesteacontece.com.br\/?p=15665#primaryimage"},"image":{"@id":"https:\/\/sudoesteacontece.com.br\/?p=15665#primaryimage"},"thumbnailUrl":"http:\/\/sudoesteacontece.com.br\/wp-content\/uploads\/2026\/04\/Zema-ganha-forca-nas-redes-apos-embate-com-ministro-do-STF.jpg","datePublished":"2026-04-26T15:11:59+00:00","dateModified":"2026-04-26T15:12:04+00:00","breadcrumb":{"@id":"https:\/\/sudoesteacontece.com.br\/?p=15665#breadcrumb"},"inLanguage":"pt-BR","potentialAction":[{"@type":"ReadAction","target":["https:\/\/sudoesteacontece.com.br\/?p=15665"]}]},{"@type":"ImageObject","inLanguage":"pt-BR","@id":"https:\/\/sudoesteacontece.com.br\/?p=15665#primaryimage","url":"https:\/\/sudoesteacontece.com.br\/wp-content\/uploads\/2026\/04\/Zema-ganha-forca-nas-redes-apos-embate-com-ministro-do-STF.jpg","contentUrl":"https:\/\/sudoesteacontece.com.br\/wp-content\/uploads\/2026\/04\/Zema-ganha-forca-nas-redes-apos-embate-com-ministro-do-STF.jpg","width":900,"height":600},{"@type":"BreadcrumbList","@id":"https:\/\/sudoesteacontece.com.br\/?p=15665#breadcrumb","itemListElement":[{"@type":"ListItem","position":1,"name":"In\u00edcio","item":"https:\/\/sudoesteacontece.com.br\/"},{"@type":"ListItem","position":2,"name":"STF entra no centro da disputa eleitoral de 2026 e exp\u00f5e divis\u00e3o entre ministros"}]},{"@type":"WebSite","@id":"https:\/\/sudoesteacontece.com.br\/#website","url":"https:\/\/sudoesteacontece.com.br\/","name":"Sudoesteacontece","description":"","publisher":{"@id":"https:\/\/sudoesteacontece.com.br\/#organization"},"potentialAction":[{"@type":"SearchAction","target":{"@type":"EntryPoint","urlTemplate":"https:\/\/sudoesteacontece.com.br\/?s={search_term_string}"},"query-input":{"@type":"PropertyValueSpecification","valueRequired":true,"valueName":"search_term_string"}}],"inLanguage":"pt-BR"},{"@type":"Organization","@id":"https:\/\/sudoesteacontece.com.br\/#organization","name":"Sudoesteacontece","url":"https:\/\/sudoesteacontece.com.br\/","logo":{"@type":"ImageObject","inLanguage":"pt-BR","@id":"https:\/\/sudoesteacontece.com.br\/#\/schema\/logo\/image\/","url":"https:\/\/sudoesteacontece.com.br\/wp-content\/uploads\/2025\/12\/cropped-logo-2-180x180-1.png","contentUrl":"https:\/\/sudoesteacontece.com.br\/wp-content\/uploads\/2025\/12\/cropped-logo-2-180x180-1.png","width":180,"height":180,"caption":"Sudoesteacontece"},"image":{"@id":"https:\/\/sudoesteacontece.com.br\/#\/schema\/logo\/image\/"},"sameAs":["https:\/\/www.facebook.com\/sudoesteacontece\/?locale=pt_BR"]},{"@type":"Person","@id":"https:\/\/sudoesteacontece.com.br\/#\/schema\/person\/f4b00cd0a26ac17646f19707cdceb2ce","name":"sudoesteacontece","image":{"@type":"ImageObject","inLanguage":"pt-BR","@id":"https:\/\/sudoesteacontece.com.br\/#\/schema\/person\/image\/","url":"https:\/\/secure.gravatar.com\/avatar\/704557d1f79b454f041f9e5935f2b0e8393614e97e537fc508d1d628292cacfd?s=96&d=mm&r=g","contentUrl":"https:\/\/secure.gravatar.com\/avatar\/704557d1f79b454f041f9e5935f2b0e8393614e97e537fc508d1d628292cacfd?s=96&d=mm&r=g","caption":"sudoesteacontece"},"sameAs":["http:\/\/sudoesteacontece.com.br"],"url":"https:\/\/sudoesteacontece.com.br\/?author=1"}]}},"_links":{"self":[{"href":"https:\/\/sudoesteacontece.com.br\/index.php?rest_route=\/wp\/v2\/posts\/15665","targetHints":{"allow":["GET"]}}],"collection":[{"href":"https:\/\/sudoesteacontece.com.br\/index.php?rest_route=\/wp\/v2\/posts"}],"about":[{"href":"https:\/\/sudoesteacontece.com.br\/index.php?rest_route=\/wp\/v2\/types\/post"}],"author":[{"embeddable":true,"href":"https:\/\/sudoesteacontece.com.br\/index.php?rest_route=\/wp\/v2\/users\/1"}],"replies":[{"embeddable":true,"href":"https:\/\/sudoesteacontece.com.br\/index.php?rest_route=%2Fwp%2Fv2%2Fcomments&post=15665"}],"version-history":[{"count":1,"href":"https:\/\/sudoesteacontece.com.br\/index.php?rest_route=\/wp\/v2\/posts\/15665\/revisions"}],"predecessor-version":[{"id":15705,"href":"https:\/\/sudoesteacontece.com.br\/index.php?rest_route=\/wp\/v2\/posts\/15665\/revisions\/15705"}],"wp:attachment":[{"href":"https:\/\/sudoesteacontece.com.br\/index.php?rest_route=%2Fwp%2Fv2%2Fmedia&parent=15665"}],"wp:term":[{"taxonomy":"category","embeddable":true,"href":"https:\/\/sudoesteacontece.com.br\/index.php?rest_route=%2Fwp%2Fv2%2Fcategories&post=15665"},{"taxonomy":"post_tag","embeddable":true,"href":"https:\/\/sudoesteacontece.com.br\/index.php?rest_route=%2Fwp%2Fv2%2Ftags&post=15665"}],"curies":[{"name":"wp","href":"https:\/\/api.w.org\/{rel}","templated":true}]}}