{"id":15667,"date":"2026-04-26T12:16:25","date_gmt":"2026-04-26T15:16:25","guid":{"rendered":"https:\/\/sudoesteacontece.com.br\/?p=15667"},"modified":"2026-04-26T12:16:30","modified_gmt":"2026-04-26T15:16:30","slug":"ciro-diz-que-avalia-candidatura-a-presidencia-e-critica-cenario-politico-em-evento-do-psdb","status":"publish","type":"post","link":"https:\/\/sudoesteacontece.com.br\/?p=15667","title":{"rendered":"Ciro diz que avalia candidatura \u00e0 Presid\u00eancia e critica cen\u00e1rio pol\u00edtico em evento do PSDB"},"content":{"rendered":"<div class=\"wp-block-image\">\n<figure class=\"aligncenter size-full\"><img fetchpriority=\"high\" decoding=\"async\" width=\"900\" height=\"600\" src=\"http:\/\/sudoesteacontece.com.br\/wp-content\/uploads\/2026\/04\/Ciro-diz-que-avalia-candidatura-a-Presidencia-e-critica-cenario-politico-em-evento-do-PSDB.jpg\" alt=\"\" class=\"wp-image-15709\" srcset=\"https:\/\/sudoesteacontece.com.br\/wp-content\/uploads\/2026\/04\/Ciro-diz-que-avalia-candidatura-a-Presidencia-e-critica-cenario-politico-em-evento-do-PSDB.jpg 900w, https:\/\/sudoesteacontece.com.br\/wp-content\/uploads\/2026\/04\/Ciro-diz-que-avalia-candidatura-a-Presidencia-e-critica-cenario-politico-em-evento-do-PSDB-300x200.jpg 300w, https:\/\/sudoesteacontece.com.br\/wp-content\/uploads\/2026\/04\/Ciro-diz-que-avalia-candidatura-a-Presidencia-e-critica-cenario-politico-em-evento-do-PSDB-768x512.jpg 768w\" sizes=\"(max-width: 900px) 100vw, 900px\" \/><\/figure>\n<\/div>\n\n\n<p>O ex-governador e ex-ministro Ciro Gomes afirmou neste s\u00e1bado (25) que deve decidir apenas em maio se disputar\u00e1 novamente a Presid\u00eancia da Rep\u00fablica em 2026. A declara\u00e7\u00e3o foi feita durante um evento do PSDB em S\u00e3o Paulo, onde ele participou como convidado e voltou a criticar o ambiente pol\u00edtico nacional.<\/p>\n\n\n\n<p>Durante a fala, Ciro disse que, se \u201ctivesse ju\u00edzo\u201d, n\u00e3o voltaria a disputar o cargo mais alto do Executivo federal. Ele relatou frustra\u00e7\u00e3o com elei\u00e7\u00f5es anteriores e afirmou ter sido alvo de campanhas que classificou como \u201cfascistas\u201d. Mesmo assim, n\u00e3o descartou a possibilidade e disse que est\u00e1 avaliando o convite feito pelo presidente do partido, A\u00e9cio Neves.<\/p>\n\n\n\n<p>Em tom cr\u00edtico, o ex-ministro voltou a atacar o cen\u00e1rio pol\u00edtico e o governo federal, mencionando temas como endividamento das fam\u00edlias e aus\u00eancia de planejamento estrat\u00e9gico em \u00e1reas econ\u00f4micas. Ele tamb\u00e9m disse que o Brasil precisa de uma \u201cruptura\u201d para enfrentar problemas estruturais, refor\u00e7ando um discurso mais duro em rela\u00e7\u00e3o \u00e0 atual condu\u00e7\u00e3o pol\u00edtica do pa\u00eds.<\/p>\n\n\n\n<p>Ciro ainda comentou que vinha articulando uma candidatura ao governo do Cear\u00e1 antes de ser sondado para a disputa nacional. Ele destacou que pretende avaliar o cen\u00e1rio at\u00e9 maio antes de tomar uma decis\u00e3o definitiva, enquanto o PSDB se prepara para o ciclo eleitoral de 2026 com outros pr\u00e9-candidatos em articula\u00e7\u00e3o nos estados.<\/p>\n","protected":false},"excerpt":{"rendered":"<p>O ex-governador e ex-ministro Ciro Gomes afirmou neste s\u00e1bado (25) que deve decidir apenas em maio se disputar\u00e1 novamente a Presid\u00eancia da Rep\u00fablica em 2026. A declara\u00e7\u00e3o foi feita durante um evento do PSDB em S\u00e3o Paulo, onde ele participou como convidado e voltou a criticar o ambiente pol\u00edtico nacional. Durante a fala, Ciro disse que, se \u201ctivesse ju\u00edzo\u201d, n\u00e3o voltaria a disputar o cargo mais alto do Executivo federal. Ele relatou frustra\u00e7\u00e3o com elei\u00e7\u00f5es anteriores e afirmou ter sido alvo de campanhas que classificou como \u201cfascistas\u201d. Mesmo assim, n\u00e3o descartou a possibilidade e disse que est\u00e1 avaliando o convite feito pelo presidente do partido, A\u00e9cio Neves. Em tom cr\u00edtico, o ex-ministro voltou a atacar o cen\u00e1rio pol\u00edtico e o governo federal, mencionando temas como endividamento das fam\u00edlias e aus\u00eancia de planejamento estrat\u00e9gico em \u00e1reas econ\u00f4micas. Ele tamb\u00e9m disse que o Brasil precisa de uma \u201cruptura\u201d para enfrentar problemas estruturais, refor\u00e7ando um discurso mais duro em rela\u00e7\u00e3o \u00e0 atual condu\u00e7\u00e3o pol\u00edtica do pa\u00eds. Ciro ainda comentou que vinha articulando uma candidatura ao governo do Cear\u00e1 antes de ser sondado para a disputa nacional. Ele destacou que pretende avaliar o cen\u00e1rio at\u00e9 maio antes de tomar uma decis\u00e3o definitiva, enquanto o PSDB se prepara para o ciclo eleitoral de 2026 com outros pr\u00e9-candidatos em articula\u00e7\u00e3o nos estados.<\/p>\n","protected":false},"author":2,"featured_media":0,"comment_status":"open","ping_status":"open","sticky":false,"template":"","format":"standard","meta":{"footnotes":""},"categories":[53,58,6],"tags":[],"class_list":["post-15667","post","type-post","status-publish","format-standard","hentry","category-brasil","category-eleicoes-2026","category-politica"],"yoast_head":"<!-- This site is optimized with the Yoast SEO plugin v26.5 - https:\/\/yoast.com\/wordpress\/plugins\/seo\/ -->\n<title>Ciro diz que avalia candidatura \u00e0 Presid\u00eancia e critica cen\u00e1rio pol\u00edtico em evento do PSDB - Sudoesteacontece<\/title>\n<meta name=\"robots\" content=\"index, follow, max-snippet:-1, max-image-preview:large, max-video-preview:-1\" \/>\n<link rel=\"canonical\" href=\"https:\/\/sudoesteacontece.com.br\/?p=15667\" \/>\n<meta property=\"og:locale\" content=\"pt_BR\" \/>\n<meta property=\"og:type\" content=\"article\" \/>\n<meta property=\"og:title\" content=\"Ciro diz que avalia candidatura \u00e0 Presid\u00eancia e critica cen\u00e1rio pol\u00edtico em evento do PSDB - Sudoesteacontece\" \/>\n<meta property=\"og:description\" content=\"O ex-governador e ex-ministro Ciro Gomes afirmou neste s\u00e1bado (25) que deve decidir apenas em maio se disputar\u00e1 novamente a Presid\u00eancia da Rep\u00fablica em 2026. A declara\u00e7\u00e3o foi feita durante um evento do PSDB em S\u00e3o Paulo, onde ele participou como convidado e voltou a criticar o ambiente pol\u00edtico nacional. Durante a fala, Ciro disse que, se \u201ctivesse ju\u00edzo\u201d, n\u00e3o voltaria a disputar o cargo mais alto do Executivo federal. Ele relatou frustra\u00e7\u00e3o com elei\u00e7\u00f5es anteriores e afirmou ter sido alvo de campanhas que classificou como \u201cfascistas\u201d. Mesmo assim, n\u00e3o descartou a possibilidade e disse que est\u00e1 avaliando o convite feito pelo presidente do partido, A\u00e9cio Neves. Em tom cr\u00edtico, o ex-ministro voltou a atacar o cen\u00e1rio pol\u00edtico e o governo federal, mencionando temas como endividamento das fam\u00edlias e aus\u00eancia de planejamento estrat\u00e9gico em \u00e1reas econ\u00f4micas. Ele tamb\u00e9m disse que o Brasil precisa de uma \u201cruptura\u201d para enfrentar problemas estruturais, refor\u00e7ando um discurso mais duro em rela\u00e7\u00e3o \u00e0 atual condu\u00e7\u00e3o pol\u00edtica do pa\u00eds. Ciro ainda comentou que vinha articulando uma candidatura ao governo do Cear\u00e1 antes de ser sondado para a disputa nacional. Ele destacou que pretende avaliar o cen\u00e1rio at\u00e9 maio antes de tomar uma decis\u00e3o definitiva, enquanto o PSDB se prepara para o ciclo eleitoral de 2026 com outros pr\u00e9-candidatos em articula\u00e7\u00e3o nos estados.\" \/>\n<meta property=\"og:url\" content=\"https:\/\/sudoesteacontece.com.br\/?p=15667\" \/>\n<meta property=\"og:site_name\" content=\"Sudoesteacontece\" \/>\n<meta property=\"article:publisher\" content=\"https:\/\/www.facebook.com\/sudoesteacontece\/?locale=pt_BR\" \/>\n<meta property=\"article:published_time\" content=\"2026-04-26T15:16:25+00:00\" \/>\n<meta property=\"article:modified_time\" content=\"2026-04-26T15:16:30+00:00\" \/>\n<meta property=\"og:image\" content=\"https:\/\/sudoesteacontece.com.br\/wp-content\/uploads\/2026\/04\/Ciro-diz-que-avalia-candidatura-a-Presidencia-e-critica-cenario-politico-em-evento-do-PSDB.jpg\" \/>\n\t<meta property=\"og:image:width\" content=\"900\" \/>\n\t<meta property=\"og:image:height\" content=\"600\" \/>\n\t<meta property=\"og:image:type\" content=\"image\/jpeg\" \/>\n<meta name=\"author\" content=\"Washington Tiago\" \/>\n<meta name=\"twitter:card\" content=\"summary_large_image\" \/>\n<meta name=\"twitter:label1\" content=\"Escrito por\" \/>\n\t<meta name=\"twitter:data1\" content=\"Washington Tiago\" \/>\n\t<meta name=\"twitter:label2\" content=\"Est. tempo de leitura\" \/>\n\t<meta name=\"twitter:data2\" content=\"2 minutos\" \/>\n<script type=\"application\/ld+json\" class=\"yoast-schema-graph\">{\"@context\":\"https:\/\/schema.org\",\"@graph\":[{\"@type\":\"Article\",\"@id\":\"https:\/\/sudoesteacontece.com.br\/?p=15667#article\",\"isPartOf\":{\"@id\":\"https:\/\/sudoesteacontece.com.br\/?p=15667\"},\"author\":{\"name\":\"Washington Tiago\",\"@id\":\"https:\/\/sudoesteacontece.com.br\/#\/schema\/person\/3cf2cf009926a9683ebc29d5379fa79c\"},\"headline\":\"Ciro diz que avalia candidatura \u00e0 Presid\u00eancia e critica cen\u00e1rio pol\u00edtico em evento do PSDB\",\"datePublished\":\"2026-04-26T15:16:25+00:00\",\"dateModified\":\"2026-04-26T15:16:30+00:00\",\"mainEntityOfPage\":{\"@id\":\"https:\/\/sudoesteacontece.com.br\/?p=15667\"},\"wordCount\":258,\"commentCount\":0,\"publisher\":{\"@id\":\"https:\/\/sudoesteacontece.com.br\/#organization\"},\"image\":{\"@id\":\"https:\/\/sudoesteacontece.com.br\/?p=15667#primaryimage\"},\"thumbnailUrl\":\"http:\/\/sudoesteacontece.com.br\/wp-content\/uploads\/2026\/04\/Ciro-diz-que-avalia-candidatura-a-Presidencia-e-critica-cenario-politico-em-evento-do-PSDB.jpg\",\"articleSection\":[\"Brasil\",\"Elei\u00e7\u00f5es 2026\",\"Pol\u00edtica\"],\"inLanguage\":\"pt-BR\",\"potentialAction\":[{\"@type\":\"CommentAction\",\"name\":\"Comment\",\"target\":[\"https:\/\/sudoesteacontece.com.br\/?p=15667#respond\"]}]},{\"@type\":\"WebPage\",\"@id\":\"https:\/\/sudoesteacontece.com.br\/?p=15667\",\"url\":\"https:\/\/sudoesteacontece.com.br\/?p=15667\",\"name\":\"Ciro diz que avalia candidatura \u00e0 Presid\u00eancia e critica cen\u00e1rio pol\u00edtico em evento do PSDB - Sudoesteacontece\",\"isPartOf\":{\"@id\":\"https:\/\/sudoesteacontece.com.br\/#website\"},\"primaryImageOfPage\":{\"@id\":\"https:\/\/sudoesteacontece.com.br\/?p=15667#primaryimage\"},\"image\":{\"@id\":\"https:\/\/sudoesteacontece.com.br\/?p=15667#primaryimage\"},\"thumbnailUrl\":\"http:\/\/sudoesteacontece.com.br\/wp-content\/uploads\/2026\/04\/Ciro-diz-que-avalia-candidatura-a-Presidencia-e-critica-cenario-politico-em-evento-do-PSDB.jpg\",\"datePublished\":\"2026-04-26T15:16:25+00:00\",\"dateModified\":\"2026-04-26T15:16:30+00:00\",\"breadcrumb\":{\"@id\":\"https:\/\/sudoesteacontece.com.br\/?p=15667#breadcrumb\"},\"inLanguage\":\"pt-BR\",\"potentialAction\":[{\"@type\":\"ReadAction\",\"target\":[\"https:\/\/sudoesteacontece.com.br\/?p=15667\"]}]},{\"@type\":\"ImageObject\",\"inLanguage\":\"pt-BR\",\"@id\":\"https:\/\/sudoesteacontece.com.br\/?p=15667#primaryimage\",\"url\":\"https:\/\/sudoesteacontece.com.br\/wp-content\/uploads\/2026\/04\/Ciro-diz-que-avalia-candidatura-a-Presidencia-e-critica-cenario-politico-em-evento-do-PSDB.jpg\",\"contentUrl\":\"https:\/\/sudoesteacontece.com.br\/wp-content\/uploads\/2026\/04\/Ciro-diz-que-avalia-candidatura-a-Presidencia-e-critica-cenario-politico-em-evento-do-PSDB.jpg\",\"width\":900,\"height\":600},{\"@type\":\"BreadcrumbList\",\"@id\":\"https:\/\/sudoesteacontece.com.br\/?p=15667#breadcrumb\",\"itemListElement\":[{\"@type\":\"ListItem\",\"position\":1,\"name\":\"In\u00edcio\",\"item\":\"https:\/\/sudoesteacontece.com.br\/\"},{\"@type\":\"ListItem\",\"position\":2,\"name\":\"Ciro diz que avalia candidatura \u00e0 Presid\u00eancia e critica cen\u00e1rio pol\u00edtico em evento do PSDB\"}]},{\"@type\":\"WebSite\",\"@id\":\"https:\/\/sudoesteacontece.com.br\/#website\",\"url\":\"https:\/\/sudoesteacontece.com.br\/\",\"name\":\"Sudoesteacontece\",\"description\":\"\",\"publisher\":{\"@id\":\"https:\/\/sudoesteacontece.com.br\/#organization\"},\"potentialAction\":[{\"@type\":\"SearchAction\",\"target\":{\"@type\":\"EntryPoint\",\"urlTemplate\":\"https:\/\/sudoesteacontece.com.br\/?s={search_term_string}\"},\"query-input\":{\"@type\":\"PropertyValueSpecification\",\"valueRequired\":true,\"valueName\":\"search_term_string\"}}],\"inLanguage\":\"pt-BR\"},{\"@type\":\"Organization\",\"@id\":\"https:\/\/sudoesteacontece.com.br\/#organization\",\"name\":\"Sudoesteacontece\",\"url\":\"https:\/\/sudoesteacontece.com.br\/\",\"logo\":{\"@type\":\"ImageObject\",\"inLanguage\":\"pt-BR\",\"@id\":\"https:\/\/sudoesteacontece.com.br\/#\/schema\/logo\/image\/\",\"url\":\"https:\/\/sudoesteacontece.com.br\/wp-content\/uploads\/2025\/12\/cropped-logo-2-180x180-1.png\",\"contentUrl\":\"https:\/\/sudoesteacontece.com.br\/wp-content\/uploads\/2025\/12\/cropped-logo-2-180x180-1.png\",\"width\":180,\"height\":180,\"caption\":\"Sudoesteacontece\"},\"image\":{\"@id\":\"https:\/\/sudoesteacontece.com.br\/#\/schema\/logo\/image\/\"},\"sameAs\":[\"https:\/\/www.facebook.com\/sudoesteacontece\/?locale=pt_BR\"]},{\"@type\":\"Person\",\"@id\":\"https:\/\/sudoesteacontece.com.br\/#\/schema\/person\/3cf2cf009926a9683ebc29d5379fa79c\",\"name\":\"Washington Tiago\",\"image\":{\"@type\":\"ImageObject\",\"inLanguage\":\"pt-BR\",\"@id\":\"https:\/\/sudoesteacontece.com.br\/#\/schema\/person\/image\/\",\"url\":\"https:\/\/secure.gravatar.com\/avatar\/33c43b8668157e040f9d1fe93c354bf087cbd8ba36270c1163198bd3ddcf2a56?s=96&d=mm&r=g\",\"contentUrl\":\"https:\/\/secure.gravatar.com\/avatar\/33c43b8668157e040f9d1fe93c354bf087cbd8ba36270c1163198bd3ddcf2a56?s=96&d=mm&r=g\",\"caption\":\"Washington Tiago\"},\"url\":\"https:\/\/sudoesteacontece.com.br\/?author=2\"}]}<\/script>\n<!-- \/ Yoast SEO plugin. -->","yoast_head_json":{"title":"Ciro diz que avalia candidatura \u00e0 Presid\u00eancia e critica cen\u00e1rio pol\u00edtico em evento do PSDB - Sudoesteacontece","robots":{"index":"index","follow":"follow","max-snippet":"max-snippet:-1","max-image-preview":"max-image-preview:large","max-video-preview":"max-video-preview:-1"},"canonical":"https:\/\/sudoesteacontece.com.br\/?p=15667","og_locale":"pt_BR","og_type":"article","og_title":"Ciro diz que avalia candidatura \u00e0 Presid\u00eancia e critica cen\u00e1rio pol\u00edtico em evento do PSDB - Sudoesteacontece","og_description":"O ex-governador e ex-ministro Ciro Gomes afirmou neste s\u00e1bado (25) que deve decidir apenas em maio se disputar\u00e1 novamente a Presid\u00eancia da Rep\u00fablica em 2026. A declara\u00e7\u00e3o foi feita durante um evento do PSDB em S\u00e3o Paulo, onde ele participou como convidado e voltou a criticar o ambiente pol\u00edtico nacional. Durante a fala, Ciro disse que, se \u201ctivesse ju\u00edzo\u201d, n\u00e3o voltaria a disputar o cargo mais alto do Executivo federal. Ele relatou frustra\u00e7\u00e3o com elei\u00e7\u00f5es anteriores e afirmou ter sido alvo de campanhas que classificou como \u201cfascistas\u201d. Mesmo assim, n\u00e3o descartou a possibilidade e disse que est\u00e1 avaliando o convite feito pelo presidente do partido, A\u00e9cio Neves. Em tom cr\u00edtico, o ex-ministro voltou a atacar o cen\u00e1rio pol\u00edtico e o governo federal, mencionando temas como endividamento das fam\u00edlias e aus\u00eancia de planejamento estrat\u00e9gico em \u00e1reas econ\u00f4micas. Ele tamb\u00e9m disse que o Brasil precisa de uma \u201cruptura\u201d para enfrentar problemas estruturais, refor\u00e7ando um discurso mais duro em rela\u00e7\u00e3o \u00e0 atual condu\u00e7\u00e3o pol\u00edtica do pa\u00eds. Ciro ainda comentou que vinha articulando uma candidatura ao governo do Cear\u00e1 antes de ser sondado para a disputa nacional. Ele destacou que pretende avaliar o cen\u00e1rio at\u00e9 maio antes de tomar uma decis\u00e3o definitiva, enquanto o PSDB se prepara para o ciclo eleitoral de 2026 com outros pr\u00e9-candidatos em articula\u00e7\u00e3o nos estados.","og_url":"https:\/\/sudoesteacontece.com.br\/?p=15667","og_site_name":"Sudoesteacontece","article_publisher":"https:\/\/www.facebook.com\/sudoesteacontece\/?locale=pt_BR","article_published_time":"2026-04-26T15:16:25+00:00","article_modified_time":"2026-04-26T15:16:30+00:00","og_image":[{"width":900,"height":600,"url":"https:\/\/sudoesteacontece.com.br\/wp-content\/uploads\/2026\/04\/Ciro-diz-que-avalia-candidatura-a-Presidencia-e-critica-cenario-politico-em-evento-do-PSDB.jpg","type":"image\/jpeg"}],"author":"Washington Tiago","twitter_card":"summary_large_image","twitter_misc":{"Escrito por":"Washington Tiago","Est. tempo de leitura":"2 minutos"},"schema":{"@context":"https:\/\/schema.org","@graph":[{"@type":"Article","@id":"https:\/\/sudoesteacontece.com.br\/?p=15667#article","isPartOf":{"@id":"https:\/\/sudoesteacontece.com.br\/?p=15667"},"author":{"name":"Washington Tiago","@id":"https:\/\/sudoesteacontece.com.br\/#\/schema\/person\/3cf2cf009926a9683ebc29d5379fa79c"},"headline":"Ciro diz que avalia candidatura \u00e0 Presid\u00eancia e critica cen\u00e1rio pol\u00edtico em evento do PSDB","datePublished":"2026-04-26T15:16:25+00:00","dateModified":"2026-04-26T15:16:30+00:00","mainEntityOfPage":{"@id":"https:\/\/sudoesteacontece.com.br\/?p=15667"},"wordCount":258,"commentCount":0,"publisher":{"@id":"https:\/\/sudoesteacontece.com.br\/#organization"},"image":{"@id":"https:\/\/sudoesteacontece.com.br\/?p=15667#primaryimage"},"thumbnailUrl":"http:\/\/sudoesteacontece.com.br\/wp-content\/uploads\/2026\/04\/Ciro-diz-que-avalia-candidatura-a-Presidencia-e-critica-cenario-politico-em-evento-do-PSDB.jpg","articleSection":["Brasil","Elei\u00e7\u00f5es 2026","Pol\u00edtica"],"inLanguage":"pt-BR","potentialAction":[{"@type":"CommentAction","name":"Comment","target":["https:\/\/sudoesteacontece.com.br\/?p=15667#respond"]}]},{"@type":"WebPage","@id":"https:\/\/sudoesteacontece.com.br\/?p=15667","url":"https:\/\/sudoesteacontece.com.br\/?p=15667","name":"Ciro diz que avalia candidatura \u00e0 Presid\u00eancia e critica cen\u00e1rio pol\u00edtico em evento do PSDB - Sudoesteacontece","isPartOf":{"@id":"https:\/\/sudoesteacontece.com.br\/#website"},"primaryImageOfPage":{"@id":"https:\/\/sudoesteacontece.com.br\/?p=15667#primaryimage"},"image":{"@id":"https:\/\/sudoesteacontece.com.br\/?p=15667#primaryimage"},"thumbnailUrl":"http:\/\/sudoesteacontece.com.br\/wp-content\/uploads\/2026\/04\/Ciro-diz-que-avalia-candidatura-a-Presidencia-e-critica-cenario-politico-em-evento-do-PSDB.jpg","datePublished":"2026-04-26T15:16:25+00:00","dateModified":"2026-04-26T15:16:30+00:00","breadcrumb":{"@id":"https:\/\/sudoesteacontece.com.br\/?p=15667#breadcrumb"},"inLanguage":"pt-BR","potentialAction":[{"@type":"ReadAction","target":["https:\/\/sudoesteacontece.com.br\/?p=15667"]}]},{"@type":"ImageObject","inLanguage":"pt-BR","@id":"https:\/\/sudoesteacontece.com.br\/?p=15667#primaryimage","url":"https:\/\/sudoesteacontece.com.br\/wp-content\/uploads\/2026\/04\/Ciro-diz-que-avalia-candidatura-a-Presidencia-e-critica-cenario-politico-em-evento-do-PSDB.jpg","contentUrl":"https:\/\/sudoesteacontece.com.br\/wp-content\/uploads\/2026\/04\/Ciro-diz-que-avalia-candidatura-a-Presidencia-e-critica-cenario-politico-em-evento-do-PSDB.jpg","width":900,"height":600},{"@type":"BreadcrumbList","@id":"https:\/\/sudoesteacontece.com.br\/?p=15667#breadcrumb","itemListElement":[{"@type":"ListItem","position":1,"name":"In\u00edcio","item":"https:\/\/sudoesteacontece.com.br\/"},{"@type":"ListItem","position":2,"name":"Ciro diz que avalia candidatura \u00e0 Presid\u00eancia e critica cen\u00e1rio pol\u00edtico em evento do PSDB"}]},{"@type":"WebSite","@id":"https:\/\/sudoesteacontece.com.br\/#website","url":"https:\/\/sudoesteacontece.com.br\/","name":"Sudoesteacontece","description":"","publisher":{"@id":"https:\/\/sudoesteacontece.com.br\/#organization"},"potentialAction":[{"@type":"SearchAction","target":{"@type":"EntryPoint","urlTemplate":"https:\/\/sudoesteacontece.com.br\/?s={search_term_string}"},"query-input":{"@type":"PropertyValueSpecification","valueRequired":true,"valueName":"search_term_string"}}],"inLanguage":"pt-BR"},{"@type":"Organization","@id":"https:\/\/sudoesteacontece.com.br\/#organization","name":"Sudoesteacontece","url":"https:\/\/sudoesteacontece.com.br\/","logo":{"@type":"ImageObject","inLanguage":"pt-BR","@id":"https:\/\/sudoesteacontece.com.br\/#\/schema\/logo\/image\/","url":"https:\/\/sudoesteacontece.com.br\/wp-content\/uploads\/2025\/12\/cropped-logo-2-180x180-1.png","contentUrl":"https:\/\/sudoesteacontece.com.br\/wp-content\/uploads\/2025\/12\/cropped-logo-2-180x180-1.png","width":180,"height":180,"caption":"Sudoesteacontece"},"image":{"@id":"https:\/\/sudoesteacontece.com.br\/#\/schema\/logo\/image\/"},"sameAs":["https:\/\/www.facebook.com\/sudoesteacontece\/?locale=pt_BR"]},{"@type":"Person","@id":"https:\/\/sudoesteacontece.com.br\/#\/schema\/person\/3cf2cf009926a9683ebc29d5379fa79c","name":"Washington Tiago","image":{"@type":"ImageObject","inLanguage":"pt-BR","@id":"https:\/\/sudoesteacontece.com.br\/#\/schema\/person\/image\/","url":"https:\/\/secure.gravatar.com\/avatar\/33c43b8668157e040f9d1fe93c354bf087cbd8ba36270c1163198bd3ddcf2a56?s=96&d=mm&r=g","contentUrl":"https:\/\/secure.gravatar.com\/avatar\/33c43b8668157e040f9d1fe93c354bf087cbd8ba36270c1163198bd3ddcf2a56?s=96&d=mm&r=g","caption":"Washington Tiago"},"url":"https:\/\/sudoesteacontece.com.br\/?author=2"}]}},"_links":{"self":[{"href":"https:\/\/sudoesteacontece.com.br\/index.php?rest_route=\/wp\/v2\/posts\/15667","targetHints":{"allow":["GET"]}}],"collection":[{"href":"https:\/\/sudoesteacontece.com.br\/index.php?rest_route=\/wp\/v2\/posts"}],"about":[{"href":"https:\/\/sudoesteacontece.com.br\/index.php?rest_route=\/wp\/v2\/types\/post"}],"author":[{"embeddable":true,"href":"https:\/\/sudoesteacontece.com.br\/index.php?rest_route=\/wp\/v2\/users\/2"}],"replies":[{"embeddable":true,"href":"https:\/\/sudoesteacontece.com.br\/index.php?rest_route=%2Fwp%2Fv2%2Fcomments&post=15667"}],"version-history":[{"count":1,"href":"https:\/\/sudoesteacontece.com.br\/index.php?rest_route=\/wp\/v2\/posts\/15667\/revisions"}],"predecessor-version":[{"id":15710,"href":"https:\/\/sudoesteacontece.com.br\/index.php?rest_route=\/wp\/v2\/posts\/15667\/revisions\/15710"}],"wp:attachment":[{"href":"https:\/\/sudoesteacontece.com.br\/index.php?rest_route=%2Fwp%2Fv2%2Fmedia&parent=15667"}],"wp:term":[{"taxonomy":"category","embeddable":true,"href":"https:\/\/sudoesteacontece.com.br\/index.php?rest_route=%2Fwp%2Fv2%2Fcategories&post=15667"},{"taxonomy":"post_tag","embeddable":true,"href":"https:\/\/sudoesteacontece.com.br\/index.php?rest_route=%2Fwp%2Fv2%2Ftags&post=15667"}],"curies":[{"name":"wp","href":"https:\/\/api.w.org\/{rel}","templated":true}]}}