{"id":15712,"date":"2026-04-27T10:28:05","date_gmt":"2026-04-27T13:28:05","guid":{"rendered":"https:\/\/sudoesteacontece.com.br\/?p=15712"},"modified":"2026-04-27T10:28:09","modified_gmt":"2026-04-27T13:28:09","slug":"motociclista-fica-ferido-apos-grave-colisao-em-avenida-movimentada-de-itapetinga","status":"publish","type":"post","link":"https:\/\/sudoesteacontece.com.br\/?p=15712","title":{"rendered":"Motociclista fica ferido ap\u00f3s grave colis\u00e3o em avenida movimentada de Itapetinga"},"content":{"rendered":"<div class=\"wp-block-image\">\n<figure class=\"aligncenter size-full\"><img fetchpriority=\"high\" decoding=\"async\" width=\"900\" height=\"600\" src=\"http:\/\/sudoesteacontece.com.br\/wp-content\/uploads\/2026\/04\/Motociclista-fica-ferido-apos-grave-colisao-em-avenida-movimentada-de-Itapetinga.jpg\" alt=\"\" class=\"wp-image-15766\" srcset=\"https:\/\/sudoesteacontece.com.br\/wp-content\/uploads\/2026\/04\/Motociclista-fica-ferido-apos-grave-colisao-em-avenida-movimentada-de-Itapetinga.jpg 900w, https:\/\/sudoesteacontece.com.br\/wp-content\/uploads\/2026\/04\/Motociclista-fica-ferido-apos-grave-colisao-em-avenida-movimentada-de-Itapetinga-300x200.jpg 300w, https:\/\/sudoesteacontece.com.br\/wp-content\/uploads\/2026\/04\/Motociclista-fica-ferido-apos-grave-colisao-em-avenida-movimentada-de-Itapetinga-768x512.jpg 768w\" sizes=\"(max-width: 900px) 100vw, 900px\" \/><\/figure>\n<\/div>\n\n\n<p>Um grave acidente entre um carro e uma motocicleta deixou um homem ferido no fim da noite de domingo (26), em Itapetinga. A colis\u00e3o ocorreu na Avenida Cinquenten\u00e1rio, em frente ao Parque Poliesportivo da Lagoa, um dos pontos mais movimentados da cidade. Moradores que passavam pelo local relataram que o impacto chamou aten\u00e7\u00e3o e gerou preocupa\u00e7\u00e3o imediata entre pedestres e motoristas.<\/p>\n\n\n\n<p>Segundo testemunhas, o motociclista ficou ferido ap\u00f3s a batida e precisou de atendimento urgente. Uma equipe do Servi\u00e7o de Atendimento M\u00f3vel de Urg\u00eancia foi acionada e realizou os primeiros socorros ainda no local do acidente. Em seguida, a v\u00edtima foi encaminhada ao Hospital Cristo Redentor, refer\u00eancia na cidade, onde recebeu atendimento m\u00e9dico.<\/p>\n\n\n\n<p>Apesar da for\u00e7a do impacto, a pessoa que estava na garupa da motocicleta n\u00e3o sofreu ferimentos. Os ve\u00edculos envolvidos ficaram bastante danificados, o que refor\u00e7a a intensidade da colis\u00e3o registrada. Ainda conforme relatos de populares, acidentes j\u00e1 foram registrados anteriormente no mesmo trecho, o que levanta preocupa\u00e7\u00e3o sobre a seguran\u00e7a da via.<\/p>\n\n\n\n<p>Equipes atuaram para organizar o fluxo de ve\u00edculos e evitar novos acidentes na regi\u00e3o. O tr\u00e2nsito ficou parcialmente lento logo ap\u00f3s a ocorr\u00eancia, at\u00e9 a retirada dos ve\u00edculos da pista. As causas do acidente ainda n\u00e3o foram oficialmente esclarecidas, e n\u00e3o h\u00e1 atualiza\u00e7\u00e3o sobre o estado de sa\u00fade do motociclista ap\u00f3s dar entrada na unidade hospitalar.<\/p>\n","protected":false},"excerpt":{"rendered":"<p>Um grave acidente entre um carro e uma motocicleta deixou um homem ferido no fim da noite de domingo (26), em Itapetinga. A colis\u00e3o ocorreu na Avenida Cinquenten\u00e1rio, em frente ao Parque Poliesportivo da Lagoa, um dos pontos mais movimentados da cidade. Moradores que passavam pelo local relataram que o impacto chamou aten\u00e7\u00e3o e gerou preocupa\u00e7\u00e3o imediata entre pedestres e motoristas. Segundo testemunhas, o motociclista ficou ferido ap\u00f3s a batida e precisou de atendimento urgente. Uma equipe do Servi\u00e7o de Atendimento M\u00f3vel de Urg\u00eancia foi acionada e realizou os primeiros socorros ainda no local do acidente. Em seguida, a v\u00edtima foi encaminhada ao Hospital Cristo Redentor, refer\u00eancia na cidade, onde recebeu atendimento m\u00e9dico. Apesar da for\u00e7a do impacto, a pessoa que estava na garupa da motocicleta n\u00e3o sofreu ferimentos. Os ve\u00edculos envolvidos ficaram bastante danificados, o que refor\u00e7a a intensidade da colis\u00e3o registrada. Ainda conforme relatos de populares, acidentes j\u00e1 foram registrados anteriormente no mesmo trecho, o que levanta preocupa\u00e7\u00e3o sobre a seguran\u00e7a da via. Equipes atuaram para organizar o fluxo de ve\u00edculos e evitar novos acidentes na regi\u00e3o. O tr\u00e2nsito ficou parcialmente lento logo ap\u00f3s a ocorr\u00eancia, at\u00e9 a retirada dos ve\u00edculos da pista. As causas do acidente ainda n\u00e3o foram oficialmente esclarecidas, e n\u00e3o h\u00e1 atualiza\u00e7\u00e3o sobre o estado de sa\u00fade do motociclista ap\u00f3s dar entrada na unidade hospitalar.<\/p>\n","protected":false},"author":2,"featured_media":15766,"comment_status":"open","ping_status":"open","sticky":false,"template":"","format":"standard","meta":{"footnotes":""},"categories":[5,4,51],"tags":[],"class_list":["post-15712","post","type-post","status-publish","format-standard","has-post-thumbnail","hentry","category-acidente","category-cidades","category-itapetinga"],"yoast_head":"<!-- This site is optimized with the Yoast SEO plugin v26.5 - https:\/\/yoast.com\/wordpress\/plugins\/seo\/ -->\n<title>Motociclista fica ferido ap\u00f3s grave colis\u00e3o em avenida movimentada de Itapetinga - Sudoesteacontece<\/title>\n<meta name=\"robots\" content=\"index, follow, max-snippet:-1, max-image-preview:large, max-video-preview:-1\" \/>\n<link rel=\"canonical\" href=\"https:\/\/sudoesteacontece.com.br\/?p=15712\" \/>\n<meta property=\"og:locale\" content=\"pt_BR\" \/>\n<meta property=\"og:type\" content=\"article\" \/>\n<meta property=\"og:title\" content=\"Motociclista fica ferido ap\u00f3s grave colis\u00e3o em avenida movimentada de Itapetinga - Sudoesteacontece\" \/>\n<meta property=\"og:description\" content=\"Um grave acidente entre um carro e uma motocicleta deixou um homem ferido no fim da noite de domingo (26), em Itapetinga. A colis\u00e3o ocorreu na Avenida Cinquenten\u00e1rio, em frente ao Parque Poliesportivo da Lagoa, um dos pontos mais movimentados da cidade. Moradores que passavam pelo local relataram que o impacto chamou aten\u00e7\u00e3o e gerou preocupa\u00e7\u00e3o imediata entre pedestres e motoristas. Segundo testemunhas, o motociclista ficou ferido ap\u00f3s a batida e precisou de atendimento urgente. Uma equipe do Servi\u00e7o de Atendimento M\u00f3vel de Urg\u00eancia foi acionada e realizou os primeiros socorros ainda no local do acidente. Em seguida, a v\u00edtima foi encaminhada ao Hospital Cristo Redentor, refer\u00eancia na cidade, onde recebeu atendimento m\u00e9dico. Apesar da for\u00e7a do impacto, a pessoa que estava na garupa da motocicleta n\u00e3o sofreu ferimentos. Os ve\u00edculos envolvidos ficaram bastante danificados, o que refor\u00e7a a intensidade da colis\u00e3o registrada. Ainda conforme relatos de populares, acidentes j\u00e1 foram registrados anteriormente no mesmo trecho, o que levanta preocupa\u00e7\u00e3o sobre a seguran\u00e7a da via. Equipes atuaram para organizar o fluxo de ve\u00edculos e evitar novos acidentes na regi\u00e3o. O tr\u00e2nsito ficou parcialmente lento logo ap\u00f3s a ocorr\u00eancia, at\u00e9 a retirada dos ve\u00edculos da pista. As causas do acidente ainda n\u00e3o foram oficialmente esclarecidas, e n\u00e3o h\u00e1 atualiza\u00e7\u00e3o sobre o estado de sa\u00fade do motociclista ap\u00f3s dar entrada na unidade hospitalar.\" \/>\n<meta property=\"og:url\" content=\"https:\/\/sudoesteacontece.com.br\/?p=15712\" \/>\n<meta property=\"og:site_name\" content=\"Sudoesteacontece\" \/>\n<meta property=\"article:publisher\" content=\"https:\/\/www.facebook.com\/sudoesteacontece\/?locale=pt_BR\" \/>\n<meta property=\"article:published_time\" content=\"2026-04-27T13:28:05+00:00\" \/>\n<meta property=\"article:modified_time\" content=\"2026-04-27T13:28:09+00:00\" \/>\n<meta property=\"og:image\" content=\"http:\/\/sudoesteacontece.com.br\/wp-content\/uploads\/2026\/04\/Motociclista-fica-ferido-apos-grave-colisao-em-avenida-movimentada-de-Itapetinga.jpg\" \/>\n\t<meta property=\"og:image:width\" content=\"900\" \/>\n\t<meta property=\"og:image:height\" content=\"600\" \/>\n\t<meta property=\"og:image:type\" content=\"image\/jpeg\" \/>\n<meta name=\"author\" content=\"Washington Tiago\" \/>\n<meta name=\"twitter:card\" content=\"summary_large_image\" \/>\n<meta name=\"twitter:label1\" content=\"Escrito por\" \/>\n\t<meta name=\"twitter:data1\" content=\"Washington Tiago\" \/>\n\t<meta name=\"twitter:label2\" content=\"Est. tempo de leitura\" \/>\n\t<meta name=\"twitter:data2\" content=\"2 minutos\" \/>\n<script type=\"application\/ld+json\" class=\"yoast-schema-graph\">{\"@context\":\"https:\/\/schema.org\",\"@graph\":[{\"@type\":\"Article\",\"@id\":\"https:\/\/sudoesteacontece.com.br\/?p=15712#article\",\"isPartOf\":{\"@id\":\"https:\/\/sudoesteacontece.com.br\/?p=15712\"},\"author\":{\"name\":\"Washington Tiago\",\"@id\":\"https:\/\/sudoesteacontece.com.br\/#\/schema\/person\/3cf2cf009926a9683ebc29d5379fa79c\"},\"headline\":\"Motociclista fica ferido ap\u00f3s grave colis\u00e3o em avenida movimentada de Itapetinga\",\"datePublished\":\"2026-04-27T13:28:05+00:00\",\"dateModified\":\"2026-04-27T13:28:09+00:00\",\"mainEntityOfPage\":{\"@id\":\"https:\/\/sudoesteacontece.com.br\/?p=15712\"},\"wordCount\":262,\"commentCount\":0,\"publisher\":{\"@id\":\"https:\/\/sudoesteacontece.com.br\/#organization\"},\"image\":{\"@id\":\"https:\/\/sudoesteacontece.com.br\/?p=15712#primaryimage\"},\"thumbnailUrl\":\"https:\/\/sudoesteacontece.com.br\/wp-content\/uploads\/2026\/04\/Motociclista-fica-ferido-apos-grave-colisao-em-avenida-movimentada-de-Itapetinga.jpg\",\"articleSection\":[\"Acidente\",\"Cidades\",\"Itapetinga\"],\"inLanguage\":\"pt-BR\",\"potentialAction\":[{\"@type\":\"CommentAction\",\"name\":\"Comment\",\"target\":[\"https:\/\/sudoesteacontece.com.br\/?p=15712#respond\"]}]},{\"@type\":\"WebPage\",\"@id\":\"https:\/\/sudoesteacontece.com.br\/?p=15712\",\"url\":\"https:\/\/sudoesteacontece.com.br\/?p=15712\",\"name\":\"Motociclista fica ferido ap\u00f3s grave colis\u00e3o em avenida movimentada de Itapetinga - Sudoesteacontece\",\"isPartOf\":{\"@id\":\"https:\/\/sudoesteacontece.com.br\/#website\"},\"primaryImageOfPage\":{\"@id\":\"https:\/\/sudoesteacontece.com.br\/?p=15712#primaryimage\"},\"image\":{\"@id\":\"https:\/\/sudoesteacontece.com.br\/?p=15712#primaryimage\"},\"thumbnailUrl\":\"https:\/\/sudoesteacontece.com.br\/wp-content\/uploads\/2026\/04\/Motociclista-fica-ferido-apos-grave-colisao-em-avenida-movimentada-de-Itapetinga.jpg\",\"datePublished\":\"2026-04-27T13:28:05+00:00\",\"dateModified\":\"2026-04-27T13:28:09+00:00\",\"breadcrumb\":{\"@id\":\"https:\/\/sudoesteacontece.com.br\/?p=15712#breadcrumb\"},\"inLanguage\":\"pt-BR\",\"potentialAction\":[{\"@type\":\"ReadAction\",\"target\":[\"https:\/\/sudoesteacontece.com.br\/?p=15712\"]}]},{\"@type\":\"ImageObject\",\"inLanguage\":\"pt-BR\",\"@id\":\"https:\/\/sudoesteacontece.com.br\/?p=15712#primaryimage\",\"url\":\"https:\/\/sudoesteacontece.com.br\/wp-content\/uploads\/2026\/04\/Motociclista-fica-ferido-apos-grave-colisao-em-avenida-movimentada-de-Itapetinga.jpg\",\"contentUrl\":\"https:\/\/sudoesteacontece.com.br\/wp-content\/uploads\/2026\/04\/Motociclista-fica-ferido-apos-grave-colisao-em-avenida-movimentada-de-Itapetinga.jpg\",\"width\":900,\"height\":600},{\"@type\":\"BreadcrumbList\",\"@id\":\"https:\/\/sudoesteacontece.com.br\/?p=15712#breadcrumb\",\"itemListElement\":[{\"@type\":\"ListItem\",\"position\":1,\"name\":\"In\u00edcio\",\"item\":\"https:\/\/sudoesteacontece.com.br\/\"},{\"@type\":\"ListItem\",\"position\":2,\"name\":\"Motociclista fica ferido ap\u00f3s grave colis\u00e3o em avenida movimentada de Itapetinga\"}]},{\"@type\":\"WebSite\",\"@id\":\"https:\/\/sudoesteacontece.com.br\/#website\",\"url\":\"https:\/\/sudoesteacontece.com.br\/\",\"name\":\"Sudoesteacontece\",\"description\":\"\",\"publisher\":{\"@id\":\"https:\/\/sudoesteacontece.com.br\/#organization\"},\"potentialAction\":[{\"@type\":\"SearchAction\",\"target\":{\"@type\":\"EntryPoint\",\"urlTemplate\":\"https:\/\/sudoesteacontece.com.br\/?s={search_term_string}\"},\"query-input\":{\"@type\":\"PropertyValueSpecification\",\"valueRequired\":true,\"valueName\":\"search_term_string\"}}],\"inLanguage\":\"pt-BR\"},{\"@type\":\"Organization\",\"@id\":\"https:\/\/sudoesteacontece.com.br\/#organization\",\"name\":\"Sudoesteacontece\",\"url\":\"https:\/\/sudoesteacontece.com.br\/\",\"logo\":{\"@type\":\"ImageObject\",\"inLanguage\":\"pt-BR\",\"@id\":\"https:\/\/sudoesteacontece.com.br\/#\/schema\/logo\/image\/\",\"url\":\"https:\/\/sudoesteacontece.com.br\/wp-content\/uploads\/2025\/12\/cropped-logo-2-180x180-1.png\",\"contentUrl\":\"https:\/\/sudoesteacontece.com.br\/wp-content\/uploads\/2025\/12\/cropped-logo-2-180x180-1.png\",\"width\":180,\"height\":180,\"caption\":\"Sudoesteacontece\"},\"image\":{\"@id\":\"https:\/\/sudoesteacontece.com.br\/#\/schema\/logo\/image\/\"},\"sameAs\":[\"https:\/\/www.facebook.com\/sudoesteacontece\/?locale=pt_BR\"]},{\"@type\":\"Person\",\"@id\":\"https:\/\/sudoesteacontece.com.br\/#\/schema\/person\/3cf2cf009926a9683ebc29d5379fa79c\",\"name\":\"Washington Tiago\",\"image\":{\"@type\":\"ImageObject\",\"inLanguage\":\"pt-BR\",\"@id\":\"https:\/\/sudoesteacontece.com.br\/#\/schema\/person\/image\/\",\"url\":\"https:\/\/secure.gravatar.com\/avatar\/33c43b8668157e040f9d1fe93c354bf087cbd8ba36270c1163198bd3ddcf2a56?s=96&d=mm&r=g\",\"contentUrl\":\"https:\/\/secure.gravatar.com\/avatar\/33c43b8668157e040f9d1fe93c354bf087cbd8ba36270c1163198bd3ddcf2a56?s=96&d=mm&r=g\",\"caption\":\"Washington Tiago\"},\"url\":\"https:\/\/sudoesteacontece.com.br\/?author=2\"}]}<\/script>\n<!-- \/ Yoast SEO plugin. -->","yoast_head_json":{"title":"Motociclista fica ferido ap\u00f3s grave colis\u00e3o em avenida movimentada de Itapetinga - Sudoesteacontece","robots":{"index":"index","follow":"follow","max-snippet":"max-snippet:-1","max-image-preview":"max-image-preview:large","max-video-preview":"max-video-preview:-1"},"canonical":"https:\/\/sudoesteacontece.com.br\/?p=15712","og_locale":"pt_BR","og_type":"article","og_title":"Motociclista fica ferido ap\u00f3s grave colis\u00e3o em avenida movimentada de Itapetinga - Sudoesteacontece","og_description":"Um grave acidente entre um carro e uma motocicleta deixou um homem ferido no fim da noite de domingo (26), em Itapetinga. A colis\u00e3o ocorreu na Avenida Cinquenten\u00e1rio, em frente ao Parque Poliesportivo da Lagoa, um dos pontos mais movimentados da cidade. Moradores que passavam pelo local relataram que o impacto chamou aten\u00e7\u00e3o e gerou preocupa\u00e7\u00e3o imediata entre pedestres e motoristas. Segundo testemunhas, o motociclista ficou ferido ap\u00f3s a batida e precisou de atendimento urgente. Uma equipe do Servi\u00e7o de Atendimento M\u00f3vel de Urg\u00eancia foi acionada e realizou os primeiros socorros ainda no local do acidente. Em seguida, a v\u00edtima foi encaminhada ao Hospital Cristo Redentor, refer\u00eancia na cidade, onde recebeu atendimento m\u00e9dico. Apesar da for\u00e7a do impacto, a pessoa que estava na garupa da motocicleta n\u00e3o sofreu ferimentos. Os ve\u00edculos envolvidos ficaram bastante danificados, o que refor\u00e7a a intensidade da colis\u00e3o registrada. Ainda conforme relatos de populares, acidentes j\u00e1 foram registrados anteriormente no mesmo trecho, o que levanta preocupa\u00e7\u00e3o sobre a seguran\u00e7a da via. Equipes atuaram para organizar o fluxo de ve\u00edculos e evitar novos acidentes na regi\u00e3o. O tr\u00e2nsito ficou parcialmente lento logo ap\u00f3s a ocorr\u00eancia, at\u00e9 a retirada dos ve\u00edculos da pista. As causas do acidente ainda n\u00e3o foram oficialmente esclarecidas, e n\u00e3o h\u00e1 atualiza\u00e7\u00e3o sobre o estado de sa\u00fade do motociclista ap\u00f3s dar entrada na unidade hospitalar.","og_url":"https:\/\/sudoesteacontece.com.br\/?p=15712","og_site_name":"Sudoesteacontece","article_publisher":"https:\/\/www.facebook.com\/sudoesteacontece\/?locale=pt_BR","article_published_time":"2026-04-27T13:28:05+00:00","article_modified_time":"2026-04-27T13:28:09+00:00","og_image":[{"width":900,"height":600,"url":"http:\/\/sudoesteacontece.com.br\/wp-content\/uploads\/2026\/04\/Motociclista-fica-ferido-apos-grave-colisao-em-avenida-movimentada-de-Itapetinga.jpg","type":"image\/jpeg"}],"author":"Washington Tiago","twitter_card":"summary_large_image","twitter_misc":{"Escrito por":"Washington Tiago","Est. tempo de leitura":"2 minutos"},"schema":{"@context":"https:\/\/schema.org","@graph":[{"@type":"Article","@id":"https:\/\/sudoesteacontece.com.br\/?p=15712#article","isPartOf":{"@id":"https:\/\/sudoesteacontece.com.br\/?p=15712"},"author":{"name":"Washington Tiago","@id":"https:\/\/sudoesteacontece.com.br\/#\/schema\/person\/3cf2cf009926a9683ebc29d5379fa79c"},"headline":"Motociclista fica ferido ap\u00f3s grave colis\u00e3o em avenida movimentada de Itapetinga","datePublished":"2026-04-27T13:28:05+00:00","dateModified":"2026-04-27T13:28:09+00:00","mainEntityOfPage":{"@id":"https:\/\/sudoesteacontece.com.br\/?p=15712"},"wordCount":262,"commentCount":0,"publisher":{"@id":"https:\/\/sudoesteacontece.com.br\/#organization"},"image":{"@id":"https:\/\/sudoesteacontece.com.br\/?p=15712#primaryimage"},"thumbnailUrl":"https:\/\/sudoesteacontece.com.br\/wp-content\/uploads\/2026\/04\/Motociclista-fica-ferido-apos-grave-colisao-em-avenida-movimentada-de-Itapetinga.jpg","articleSection":["Acidente","Cidades","Itapetinga"],"inLanguage":"pt-BR","potentialAction":[{"@type":"CommentAction","name":"Comment","target":["https:\/\/sudoesteacontece.com.br\/?p=15712#respond"]}]},{"@type":"WebPage","@id":"https:\/\/sudoesteacontece.com.br\/?p=15712","url":"https:\/\/sudoesteacontece.com.br\/?p=15712","name":"Motociclista fica ferido ap\u00f3s grave colis\u00e3o em avenida movimentada de Itapetinga - Sudoesteacontece","isPartOf":{"@id":"https:\/\/sudoesteacontece.com.br\/#website"},"primaryImageOfPage":{"@id":"https:\/\/sudoesteacontece.com.br\/?p=15712#primaryimage"},"image":{"@id":"https:\/\/sudoesteacontece.com.br\/?p=15712#primaryimage"},"thumbnailUrl":"https:\/\/sudoesteacontece.com.br\/wp-content\/uploads\/2026\/04\/Motociclista-fica-ferido-apos-grave-colisao-em-avenida-movimentada-de-Itapetinga.jpg","datePublished":"2026-04-27T13:28:05+00:00","dateModified":"2026-04-27T13:28:09+00:00","breadcrumb":{"@id":"https:\/\/sudoesteacontece.com.br\/?p=15712#breadcrumb"},"inLanguage":"pt-BR","potentialAction":[{"@type":"ReadAction","target":["https:\/\/sudoesteacontece.com.br\/?p=15712"]}]},{"@type":"ImageObject","inLanguage":"pt-BR","@id":"https:\/\/sudoesteacontece.com.br\/?p=15712#primaryimage","url":"https:\/\/sudoesteacontece.com.br\/wp-content\/uploads\/2026\/04\/Motociclista-fica-ferido-apos-grave-colisao-em-avenida-movimentada-de-Itapetinga.jpg","contentUrl":"https:\/\/sudoesteacontece.com.br\/wp-content\/uploads\/2026\/04\/Motociclista-fica-ferido-apos-grave-colisao-em-avenida-movimentada-de-Itapetinga.jpg","width":900,"height":600},{"@type":"BreadcrumbList","@id":"https:\/\/sudoesteacontece.com.br\/?p=15712#breadcrumb","itemListElement":[{"@type":"ListItem","position":1,"name":"In\u00edcio","item":"https:\/\/sudoesteacontece.com.br\/"},{"@type":"ListItem","position":2,"name":"Motociclista fica ferido ap\u00f3s grave colis\u00e3o em avenida movimentada de Itapetinga"}]},{"@type":"WebSite","@id":"https:\/\/sudoesteacontece.com.br\/#website","url":"https:\/\/sudoesteacontece.com.br\/","name":"Sudoesteacontece","description":"","publisher":{"@id":"https:\/\/sudoesteacontece.com.br\/#organization"},"potentialAction":[{"@type":"SearchAction","target":{"@type":"EntryPoint","urlTemplate":"https:\/\/sudoesteacontece.com.br\/?s={search_term_string}"},"query-input":{"@type":"PropertyValueSpecification","valueRequired":true,"valueName":"search_term_string"}}],"inLanguage":"pt-BR"},{"@type":"Organization","@id":"https:\/\/sudoesteacontece.com.br\/#organization","name":"Sudoesteacontece","url":"https:\/\/sudoesteacontece.com.br\/","logo":{"@type":"ImageObject","inLanguage":"pt-BR","@id":"https:\/\/sudoesteacontece.com.br\/#\/schema\/logo\/image\/","url":"https:\/\/sudoesteacontece.com.br\/wp-content\/uploads\/2025\/12\/cropped-logo-2-180x180-1.png","contentUrl":"https:\/\/sudoesteacontece.com.br\/wp-content\/uploads\/2025\/12\/cropped-logo-2-180x180-1.png","width":180,"height":180,"caption":"Sudoesteacontece"},"image":{"@id":"https:\/\/sudoesteacontece.com.br\/#\/schema\/logo\/image\/"},"sameAs":["https:\/\/www.facebook.com\/sudoesteacontece\/?locale=pt_BR"]},{"@type":"Person","@id":"https:\/\/sudoesteacontece.com.br\/#\/schema\/person\/3cf2cf009926a9683ebc29d5379fa79c","name":"Washington Tiago","image":{"@type":"ImageObject","inLanguage":"pt-BR","@id":"https:\/\/sudoesteacontece.com.br\/#\/schema\/person\/image\/","url":"https:\/\/secure.gravatar.com\/avatar\/33c43b8668157e040f9d1fe93c354bf087cbd8ba36270c1163198bd3ddcf2a56?s=96&d=mm&r=g","contentUrl":"https:\/\/secure.gravatar.com\/avatar\/33c43b8668157e040f9d1fe93c354bf087cbd8ba36270c1163198bd3ddcf2a56?s=96&d=mm&r=g","caption":"Washington Tiago"},"url":"https:\/\/sudoesteacontece.com.br\/?author=2"}]}},"_links":{"self":[{"href":"https:\/\/sudoesteacontece.com.br\/index.php?rest_route=\/wp\/v2\/posts\/15712","targetHints":{"allow":["GET"]}}],"collection":[{"href":"https:\/\/sudoesteacontece.com.br\/index.php?rest_route=\/wp\/v2\/posts"}],"about":[{"href":"https:\/\/sudoesteacontece.com.br\/index.php?rest_route=\/wp\/v2\/types\/post"}],"author":[{"embeddable":true,"href":"https:\/\/sudoesteacontece.com.br\/index.php?rest_route=\/wp\/v2\/users\/2"}],"replies":[{"embeddable":true,"href":"https:\/\/sudoesteacontece.com.br\/index.php?rest_route=%2Fwp%2Fv2%2Fcomments&post=15712"}],"version-history":[{"count":1,"href":"https:\/\/sudoesteacontece.com.br\/index.php?rest_route=\/wp\/v2\/posts\/15712\/revisions"}],"predecessor-version":[{"id":15767,"href":"https:\/\/sudoesteacontece.com.br\/index.php?rest_route=\/wp\/v2\/posts\/15712\/revisions\/15767"}],"wp:featuredmedia":[{"embeddable":true,"href":"https:\/\/sudoesteacontece.com.br\/index.php?rest_route=\/wp\/v2\/media\/15766"}],"wp:attachment":[{"href":"https:\/\/sudoesteacontece.com.br\/index.php?rest_route=%2Fwp%2Fv2%2Fmedia&parent=15712"}],"wp:term":[{"taxonomy":"category","embeddable":true,"href":"https:\/\/sudoesteacontece.com.br\/index.php?rest_route=%2Fwp%2Fv2%2Fcategories&post=15712"},{"taxonomy":"post_tag","embeddable":true,"href":"https:\/\/sudoesteacontece.com.br\/index.php?rest_route=%2Fwp%2Fv2%2Ftags&post=15712"}],"curies":[{"name":"wp","href":"https:\/\/api.w.org\/{rel}","templated":true}]}}