{"id":15717,"date":"2026-04-27T10:40:07","date_gmt":"2026-04-27T13:40:07","guid":{"rendered":"https:\/\/sudoesteacontece.com.br\/?p=15717"},"modified":"2026-04-27T10:40:11","modified_gmt":"2026-04-27T13:40:11","slug":"vacimovel-comeca-a-circular-em-brumado-e-leva-vacinacao-direto-aos-bairros","status":"publish","type":"post","link":"https:\/\/sudoesteacontece.com.br\/?p=15717","title":{"rendered":"Vacim\u00f3vel come\u00e7a a circular em Brumado e leva vacina\u00e7\u00e3o direto aos bairros"},"content":{"rendered":"<div class=\"wp-block-image\">\n<figure class=\"aligncenter size-full\"><img fetchpriority=\"high\" decoding=\"async\" width=\"900\" height=\"600\" src=\"http:\/\/sudoesteacontece.com.br\/wp-content\/uploads\/2026\/04\/Vacimovel-comeca-a-circular-em-Brumado-e-leva-vacinacao-direto-aos-bairros.jpg\" alt=\"\" class=\"wp-image-15770\" srcset=\"https:\/\/sudoesteacontece.com.br\/wp-content\/uploads\/2026\/04\/Vacimovel-comeca-a-circular-em-Brumado-e-leva-vacinacao-direto-aos-bairros.jpg 900w, https:\/\/sudoesteacontece.com.br\/wp-content\/uploads\/2026\/04\/Vacimovel-comeca-a-circular-em-Brumado-e-leva-vacinacao-direto-aos-bairros-300x200.jpg 300w, https:\/\/sudoesteacontece.com.br\/wp-content\/uploads\/2026\/04\/Vacimovel-comeca-a-circular-em-Brumado-e-leva-vacinacao-direto-aos-bairros-768x512.jpg 768w\" sizes=\"(max-width: 900px) 100vw, 900px\" \/><\/figure>\n<\/div>\n\n\n<p>O Vacim\u00f3vel come\u00e7ou a circular nesta segunda-feira (27), a partir das 7h, em Brumado. A a\u00e7\u00e3o amplia o acesso \u00e0 vacina\u00e7\u00e3o e refor\u00e7a a imuniza\u00e7\u00e3o no munic\u00edpio. A iniciativa \u00e9 fruto de parceria entre a Prefeitura e o Governo do Estado. O servi\u00e7o leva vacinas a diferentes pontos da cidade e facilita o atendimento da popula\u00e7\u00e3o em \u00e1reas mais afastadas.<\/p>\n\n\n\n<p>Nesta segunda-feira, o atendimento ocorre em frente \u00e0 Unidade B\u00e1sica de Sa\u00fade Dr. Jos\u00e9 Clemente Alves Gondim, no bairro S\u00e3o F\u00e9lix. O funcionamento acontece das 7h \u00e0s 12h e das 14h \u00e0s 17h. A estrat\u00e9gia busca aumentar a cobertura vacinal e reduzir a procura concentrada nas unidades fixas. A presen\u00e7a do ve\u00edculo permite que mais pessoas atualizem a caderneta de vacina\u00e7\u00e3o.<\/p>\n\n\n\n<p>Na ter\u00e7a-feira (28), o Vacim\u00f3vel atende pela manh\u00e3 na UBS Rubens Alves Teixeira, no bairro Cristal\u00e2ndia, a partir das 7h. \u00c0 tarde, a equipe segue para a comunidade de Umburanas. O atendimento ser\u00e1 realizado em frente \u00e0 USF Vereador Sinval Neves, a partir das 14h. A log\u00edstica foi planejada para alcan\u00e7ar diferentes regi\u00f5es do munic\u00edpio em dias consecutivos.<\/p>\n\n\n\n<p>Na quarta-feira (29), o servi\u00e7o estar\u00e1 dispon\u00edvel durante todo o dia na localidade de Lagoa Funda. O atendimento acontece na USF Leobino Jos\u00e9 de Souza, nos turnos da manh\u00e3 e da tarde. A Secretaria de Sa\u00fade informou que a vacina contra a Influenza segue dispon\u00edvel apenas para grupos priorit\u00e1rios. A orienta\u00e7\u00e3o segue diretrizes das autoridades de sa\u00fade.<\/p>\n","protected":false},"excerpt":{"rendered":"<p>O Vacim\u00f3vel come\u00e7ou a circular nesta segunda-feira (27), a partir das 7h, em Brumado. A a\u00e7\u00e3o amplia o acesso \u00e0 vacina\u00e7\u00e3o e refor\u00e7a a imuniza\u00e7\u00e3o no munic\u00edpio. A iniciativa \u00e9 fruto de parceria entre a Prefeitura e o Governo do Estado. O servi\u00e7o leva vacinas a diferentes pontos da cidade e facilita o atendimento da popula\u00e7\u00e3o em \u00e1reas mais afastadas. Nesta segunda-feira, o atendimento ocorre em frente \u00e0 Unidade B\u00e1sica de Sa\u00fade Dr. Jos\u00e9 Clemente Alves Gondim, no bairro S\u00e3o F\u00e9lix. O funcionamento acontece das 7h \u00e0s 12h e das 14h \u00e0s 17h. A estrat\u00e9gia busca aumentar a cobertura vacinal e reduzir a procura concentrada nas unidades fixas. A presen\u00e7a do ve\u00edculo permite que mais pessoas atualizem a caderneta de vacina\u00e7\u00e3o. Na ter\u00e7a-feira (28), o Vacim\u00f3vel atende pela manh\u00e3 na UBS Rubens Alves Teixeira, no bairro Cristal\u00e2ndia, a partir das 7h. \u00c0 tarde, a equipe segue para a comunidade de Umburanas. O atendimento ser\u00e1 realizado em frente \u00e0 USF Vereador Sinval Neves, a partir das 14h. A log\u00edstica foi planejada para alcan\u00e7ar diferentes regi\u00f5es do munic\u00edpio em dias consecutivos. Na quarta-feira (29), o servi\u00e7o estar\u00e1 dispon\u00edvel durante todo o dia na localidade de Lagoa Funda. O atendimento acontece na USF Leobino Jos\u00e9 de Souza, nos turnos da manh\u00e3 e da tarde. A Secretaria de Sa\u00fade informou que a vacina contra a Influenza segue dispon\u00edvel apenas para grupos priorit\u00e1rios. A orienta\u00e7\u00e3o segue diretrizes das autoridades de sa\u00fade.<\/p>\n","protected":false},"author":2,"featured_media":0,"comment_status":"open","ping_status":"open","sticky":false,"template":"","format":"standard","meta":{"footnotes":""},"categories":[10,4,6,45],"tags":[],"class_list":["post-15717","post","type-post","status-publish","format-standard","hentry","category-brumado","category-cidades","category-politica","category-saude"],"yoast_head":"<!-- This site is optimized with the Yoast SEO plugin v26.5 - https:\/\/yoast.com\/wordpress\/plugins\/seo\/ -->\n<title>Vacim\u00f3vel come\u00e7a a circular em Brumado e leva vacina\u00e7\u00e3o direto aos bairros - Sudoesteacontece<\/title>\n<meta name=\"robots\" content=\"index, follow, max-snippet:-1, max-image-preview:large, max-video-preview:-1\" \/>\n<link rel=\"canonical\" href=\"https:\/\/sudoesteacontece.com.br\/?p=15717\" \/>\n<meta property=\"og:locale\" content=\"pt_BR\" \/>\n<meta property=\"og:type\" content=\"article\" \/>\n<meta property=\"og:title\" content=\"Vacim\u00f3vel come\u00e7a a circular em Brumado e leva vacina\u00e7\u00e3o direto aos bairros - Sudoesteacontece\" \/>\n<meta property=\"og:description\" content=\"O Vacim\u00f3vel come\u00e7ou a circular nesta segunda-feira (27), a partir das 7h, em Brumado. A a\u00e7\u00e3o amplia o acesso \u00e0 vacina\u00e7\u00e3o e refor\u00e7a a imuniza\u00e7\u00e3o no munic\u00edpio. A iniciativa \u00e9 fruto de parceria entre a Prefeitura e o Governo do Estado. O servi\u00e7o leva vacinas a diferentes pontos da cidade e facilita o atendimento da popula\u00e7\u00e3o em \u00e1reas mais afastadas. Nesta segunda-feira, o atendimento ocorre em frente \u00e0 Unidade B\u00e1sica de Sa\u00fade Dr. Jos\u00e9 Clemente Alves Gondim, no bairro S\u00e3o F\u00e9lix. O funcionamento acontece das 7h \u00e0s 12h e das 14h \u00e0s 17h. A estrat\u00e9gia busca aumentar a cobertura vacinal e reduzir a procura concentrada nas unidades fixas. A presen\u00e7a do ve\u00edculo permite que mais pessoas atualizem a caderneta de vacina\u00e7\u00e3o. Na ter\u00e7a-feira (28), o Vacim\u00f3vel atende pela manh\u00e3 na UBS Rubens Alves Teixeira, no bairro Cristal\u00e2ndia, a partir das 7h. \u00c0 tarde, a equipe segue para a comunidade de Umburanas. O atendimento ser\u00e1 realizado em frente \u00e0 USF Vereador Sinval Neves, a partir das 14h. A log\u00edstica foi planejada para alcan\u00e7ar diferentes regi\u00f5es do munic\u00edpio em dias consecutivos. Na quarta-feira (29), o servi\u00e7o estar\u00e1 dispon\u00edvel durante todo o dia na localidade de Lagoa Funda. O atendimento acontece na USF Leobino Jos\u00e9 de Souza, nos turnos da manh\u00e3 e da tarde. A Secretaria de Sa\u00fade informou que a vacina contra a Influenza segue dispon\u00edvel apenas para grupos priorit\u00e1rios. A orienta\u00e7\u00e3o segue diretrizes das autoridades de sa\u00fade.\" \/>\n<meta property=\"og:url\" content=\"https:\/\/sudoesteacontece.com.br\/?p=15717\" \/>\n<meta property=\"og:site_name\" content=\"Sudoesteacontece\" \/>\n<meta property=\"article:publisher\" content=\"https:\/\/www.facebook.com\/sudoesteacontece\/?locale=pt_BR\" \/>\n<meta property=\"article:published_time\" content=\"2026-04-27T13:40:07+00:00\" \/>\n<meta property=\"article:modified_time\" content=\"2026-04-27T13:40:11+00:00\" \/>\n<meta property=\"og:image\" content=\"https:\/\/sudoesteacontece.com.br\/wp-content\/uploads\/2026\/04\/Vacimovel-comeca-a-circular-em-Brumado-e-leva-vacinacao-direto-aos-bairros.jpg\" \/>\n\t<meta property=\"og:image:width\" content=\"900\" \/>\n\t<meta property=\"og:image:height\" content=\"600\" \/>\n\t<meta property=\"og:image:type\" content=\"image\/jpeg\" \/>\n<meta name=\"author\" content=\"Washington Tiago\" \/>\n<meta name=\"twitter:card\" content=\"summary_large_image\" \/>\n<meta name=\"twitter:label1\" content=\"Escrito por\" \/>\n\t<meta name=\"twitter:data1\" content=\"Washington Tiago\" \/>\n\t<meta name=\"twitter:label2\" content=\"Est. tempo de leitura\" \/>\n\t<meta name=\"twitter:data2\" content=\"2 minutos\" \/>\n<script type=\"application\/ld+json\" class=\"yoast-schema-graph\">{\"@context\":\"https:\/\/schema.org\",\"@graph\":[{\"@type\":\"Article\",\"@id\":\"https:\/\/sudoesteacontece.com.br\/?p=15717#article\",\"isPartOf\":{\"@id\":\"https:\/\/sudoesteacontece.com.br\/?p=15717\"},\"author\":{\"name\":\"Washington Tiago\",\"@id\":\"https:\/\/sudoesteacontece.com.br\/#\/schema\/person\/3cf2cf009926a9683ebc29d5379fa79c\"},\"headline\":\"Vacim\u00f3vel come\u00e7a a circular em Brumado e leva vacina\u00e7\u00e3o direto aos bairros\",\"datePublished\":\"2026-04-27T13:40:07+00:00\",\"dateModified\":\"2026-04-27T13:40:11+00:00\",\"mainEntityOfPage\":{\"@id\":\"https:\/\/sudoesteacontece.com.br\/?p=15717\"},\"wordCount\":274,\"commentCount\":0,\"publisher\":{\"@id\":\"https:\/\/sudoesteacontece.com.br\/#organization\"},\"image\":{\"@id\":\"https:\/\/sudoesteacontece.com.br\/?p=15717#primaryimage\"},\"thumbnailUrl\":\"http:\/\/sudoesteacontece.com.br\/wp-content\/uploads\/2026\/04\/Vacimovel-comeca-a-circular-em-Brumado-e-leva-vacinacao-direto-aos-bairros.jpg\",\"articleSection\":[\"Brumado\",\"Cidades\",\"Pol\u00edtica\",\"Sa\u00fade\"],\"inLanguage\":\"pt-BR\",\"potentialAction\":[{\"@type\":\"CommentAction\",\"name\":\"Comment\",\"target\":[\"https:\/\/sudoesteacontece.com.br\/?p=15717#respond\"]}]},{\"@type\":\"WebPage\",\"@id\":\"https:\/\/sudoesteacontece.com.br\/?p=15717\",\"url\":\"https:\/\/sudoesteacontece.com.br\/?p=15717\",\"name\":\"Vacim\u00f3vel come\u00e7a a circular em Brumado e leva vacina\u00e7\u00e3o direto aos bairros - Sudoesteacontece\",\"isPartOf\":{\"@id\":\"https:\/\/sudoesteacontece.com.br\/#website\"},\"primaryImageOfPage\":{\"@id\":\"https:\/\/sudoesteacontece.com.br\/?p=15717#primaryimage\"},\"image\":{\"@id\":\"https:\/\/sudoesteacontece.com.br\/?p=15717#primaryimage\"},\"thumbnailUrl\":\"http:\/\/sudoesteacontece.com.br\/wp-content\/uploads\/2026\/04\/Vacimovel-comeca-a-circular-em-Brumado-e-leva-vacinacao-direto-aos-bairros.jpg\",\"datePublished\":\"2026-04-27T13:40:07+00:00\",\"dateModified\":\"2026-04-27T13:40:11+00:00\",\"breadcrumb\":{\"@id\":\"https:\/\/sudoesteacontece.com.br\/?p=15717#breadcrumb\"},\"inLanguage\":\"pt-BR\",\"potentialAction\":[{\"@type\":\"ReadAction\",\"target\":[\"https:\/\/sudoesteacontece.com.br\/?p=15717\"]}]},{\"@type\":\"ImageObject\",\"inLanguage\":\"pt-BR\",\"@id\":\"https:\/\/sudoesteacontece.com.br\/?p=15717#primaryimage\",\"url\":\"https:\/\/sudoesteacontece.com.br\/wp-content\/uploads\/2026\/04\/Vacimovel-comeca-a-circular-em-Brumado-e-leva-vacinacao-direto-aos-bairros.jpg\",\"contentUrl\":\"https:\/\/sudoesteacontece.com.br\/wp-content\/uploads\/2026\/04\/Vacimovel-comeca-a-circular-em-Brumado-e-leva-vacinacao-direto-aos-bairros.jpg\",\"width\":900,\"height\":600},{\"@type\":\"BreadcrumbList\",\"@id\":\"https:\/\/sudoesteacontece.com.br\/?p=15717#breadcrumb\",\"itemListElement\":[{\"@type\":\"ListItem\",\"position\":1,\"name\":\"In\u00edcio\",\"item\":\"https:\/\/sudoesteacontece.com.br\/\"},{\"@type\":\"ListItem\",\"position\":2,\"name\":\"Vacim\u00f3vel come\u00e7a a circular em Brumado e leva vacina\u00e7\u00e3o direto aos bairros\"}]},{\"@type\":\"WebSite\",\"@id\":\"https:\/\/sudoesteacontece.com.br\/#website\",\"url\":\"https:\/\/sudoesteacontece.com.br\/\",\"name\":\"Sudoesteacontece\",\"description\":\"\",\"publisher\":{\"@id\":\"https:\/\/sudoesteacontece.com.br\/#organization\"},\"potentialAction\":[{\"@type\":\"SearchAction\",\"target\":{\"@type\":\"EntryPoint\",\"urlTemplate\":\"https:\/\/sudoesteacontece.com.br\/?s={search_term_string}\"},\"query-input\":{\"@type\":\"PropertyValueSpecification\",\"valueRequired\":true,\"valueName\":\"search_term_string\"}}],\"inLanguage\":\"pt-BR\"},{\"@type\":\"Organization\",\"@id\":\"https:\/\/sudoesteacontece.com.br\/#organization\",\"name\":\"Sudoesteacontece\",\"url\":\"https:\/\/sudoesteacontece.com.br\/\",\"logo\":{\"@type\":\"ImageObject\",\"inLanguage\":\"pt-BR\",\"@id\":\"https:\/\/sudoesteacontece.com.br\/#\/schema\/logo\/image\/\",\"url\":\"https:\/\/sudoesteacontece.com.br\/wp-content\/uploads\/2025\/12\/cropped-logo-2-180x180-1.png\",\"contentUrl\":\"https:\/\/sudoesteacontece.com.br\/wp-content\/uploads\/2025\/12\/cropped-logo-2-180x180-1.png\",\"width\":180,\"height\":180,\"caption\":\"Sudoesteacontece\"},\"image\":{\"@id\":\"https:\/\/sudoesteacontece.com.br\/#\/schema\/logo\/image\/\"},\"sameAs\":[\"https:\/\/www.facebook.com\/sudoesteacontece\/?locale=pt_BR\"]},{\"@type\":\"Person\",\"@id\":\"https:\/\/sudoesteacontece.com.br\/#\/schema\/person\/3cf2cf009926a9683ebc29d5379fa79c\",\"name\":\"Washington Tiago\",\"image\":{\"@type\":\"ImageObject\",\"inLanguage\":\"pt-BR\",\"@id\":\"https:\/\/sudoesteacontece.com.br\/#\/schema\/person\/image\/\",\"url\":\"https:\/\/secure.gravatar.com\/avatar\/33c43b8668157e040f9d1fe93c354bf087cbd8ba36270c1163198bd3ddcf2a56?s=96&d=mm&r=g\",\"contentUrl\":\"https:\/\/secure.gravatar.com\/avatar\/33c43b8668157e040f9d1fe93c354bf087cbd8ba36270c1163198bd3ddcf2a56?s=96&d=mm&r=g\",\"caption\":\"Washington Tiago\"},\"url\":\"https:\/\/sudoesteacontece.com.br\/?author=2\"}]}<\/script>\n<!-- \/ Yoast SEO plugin. -->","yoast_head_json":{"title":"Vacim\u00f3vel come\u00e7a a circular em Brumado e leva vacina\u00e7\u00e3o direto aos bairros - Sudoesteacontece","robots":{"index":"index","follow":"follow","max-snippet":"max-snippet:-1","max-image-preview":"max-image-preview:large","max-video-preview":"max-video-preview:-1"},"canonical":"https:\/\/sudoesteacontece.com.br\/?p=15717","og_locale":"pt_BR","og_type":"article","og_title":"Vacim\u00f3vel come\u00e7a a circular em Brumado e leva vacina\u00e7\u00e3o direto aos bairros - Sudoesteacontece","og_description":"O Vacim\u00f3vel come\u00e7ou a circular nesta segunda-feira (27), a partir das 7h, em Brumado. A a\u00e7\u00e3o amplia o acesso \u00e0 vacina\u00e7\u00e3o e refor\u00e7a a imuniza\u00e7\u00e3o no munic\u00edpio. A iniciativa \u00e9 fruto de parceria entre a Prefeitura e o Governo do Estado. O servi\u00e7o leva vacinas a diferentes pontos da cidade e facilita o atendimento da popula\u00e7\u00e3o em \u00e1reas mais afastadas. Nesta segunda-feira, o atendimento ocorre em frente \u00e0 Unidade B\u00e1sica de Sa\u00fade Dr. Jos\u00e9 Clemente Alves Gondim, no bairro S\u00e3o F\u00e9lix. O funcionamento acontece das 7h \u00e0s 12h e das 14h \u00e0s 17h. A estrat\u00e9gia busca aumentar a cobertura vacinal e reduzir a procura concentrada nas unidades fixas. A presen\u00e7a do ve\u00edculo permite que mais pessoas atualizem a caderneta de vacina\u00e7\u00e3o. Na ter\u00e7a-feira (28), o Vacim\u00f3vel atende pela manh\u00e3 na UBS Rubens Alves Teixeira, no bairro Cristal\u00e2ndia, a partir das 7h. \u00c0 tarde, a equipe segue para a comunidade de Umburanas. O atendimento ser\u00e1 realizado em frente \u00e0 USF Vereador Sinval Neves, a partir das 14h. A log\u00edstica foi planejada para alcan\u00e7ar diferentes regi\u00f5es do munic\u00edpio em dias consecutivos. Na quarta-feira (29), o servi\u00e7o estar\u00e1 dispon\u00edvel durante todo o dia na localidade de Lagoa Funda. O atendimento acontece na USF Leobino Jos\u00e9 de Souza, nos turnos da manh\u00e3 e da tarde. A Secretaria de Sa\u00fade informou que a vacina contra a Influenza segue dispon\u00edvel apenas para grupos priorit\u00e1rios. A orienta\u00e7\u00e3o segue diretrizes das autoridades de sa\u00fade.","og_url":"https:\/\/sudoesteacontece.com.br\/?p=15717","og_site_name":"Sudoesteacontece","article_publisher":"https:\/\/www.facebook.com\/sudoesteacontece\/?locale=pt_BR","article_published_time":"2026-04-27T13:40:07+00:00","article_modified_time":"2026-04-27T13:40:11+00:00","og_image":[{"width":900,"height":600,"url":"https:\/\/sudoesteacontece.com.br\/wp-content\/uploads\/2026\/04\/Vacimovel-comeca-a-circular-em-Brumado-e-leva-vacinacao-direto-aos-bairros.jpg","type":"image\/jpeg"}],"author":"Washington Tiago","twitter_card":"summary_large_image","twitter_misc":{"Escrito por":"Washington Tiago","Est. tempo de leitura":"2 minutos"},"schema":{"@context":"https:\/\/schema.org","@graph":[{"@type":"Article","@id":"https:\/\/sudoesteacontece.com.br\/?p=15717#article","isPartOf":{"@id":"https:\/\/sudoesteacontece.com.br\/?p=15717"},"author":{"name":"Washington Tiago","@id":"https:\/\/sudoesteacontece.com.br\/#\/schema\/person\/3cf2cf009926a9683ebc29d5379fa79c"},"headline":"Vacim\u00f3vel come\u00e7a a circular em Brumado e leva vacina\u00e7\u00e3o direto aos bairros","datePublished":"2026-04-27T13:40:07+00:00","dateModified":"2026-04-27T13:40:11+00:00","mainEntityOfPage":{"@id":"https:\/\/sudoesteacontece.com.br\/?p=15717"},"wordCount":274,"commentCount":0,"publisher":{"@id":"https:\/\/sudoesteacontece.com.br\/#organization"},"image":{"@id":"https:\/\/sudoesteacontece.com.br\/?p=15717#primaryimage"},"thumbnailUrl":"http:\/\/sudoesteacontece.com.br\/wp-content\/uploads\/2026\/04\/Vacimovel-comeca-a-circular-em-Brumado-e-leva-vacinacao-direto-aos-bairros.jpg","articleSection":["Brumado","Cidades","Pol\u00edtica","Sa\u00fade"],"inLanguage":"pt-BR","potentialAction":[{"@type":"CommentAction","name":"Comment","target":["https:\/\/sudoesteacontece.com.br\/?p=15717#respond"]}]},{"@type":"WebPage","@id":"https:\/\/sudoesteacontece.com.br\/?p=15717","url":"https:\/\/sudoesteacontece.com.br\/?p=15717","name":"Vacim\u00f3vel come\u00e7a a circular em Brumado e leva vacina\u00e7\u00e3o direto aos bairros - Sudoesteacontece","isPartOf":{"@id":"https:\/\/sudoesteacontece.com.br\/#website"},"primaryImageOfPage":{"@id":"https:\/\/sudoesteacontece.com.br\/?p=15717#primaryimage"},"image":{"@id":"https:\/\/sudoesteacontece.com.br\/?p=15717#primaryimage"},"thumbnailUrl":"http:\/\/sudoesteacontece.com.br\/wp-content\/uploads\/2026\/04\/Vacimovel-comeca-a-circular-em-Brumado-e-leva-vacinacao-direto-aos-bairros.jpg","datePublished":"2026-04-27T13:40:07+00:00","dateModified":"2026-04-27T13:40:11+00:00","breadcrumb":{"@id":"https:\/\/sudoesteacontece.com.br\/?p=15717#breadcrumb"},"inLanguage":"pt-BR","potentialAction":[{"@type":"ReadAction","target":["https:\/\/sudoesteacontece.com.br\/?p=15717"]}]},{"@type":"ImageObject","inLanguage":"pt-BR","@id":"https:\/\/sudoesteacontece.com.br\/?p=15717#primaryimage","url":"https:\/\/sudoesteacontece.com.br\/wp-content\/uploads\/2026\/04\/Vacimovel-comeca-a-circular-em-Brumado-e-leva-vacinacao-direto-aos-bairros.jpg","contentUrl":"https:\/\/sudoesteacontece.com.br\/wp-content\/uploads\/2026\/04\/Vacimovel-comeca-a-circular-em-Brumado-e-leva-vacinacao-direto-aos-bairros.jpg","width":900,"height":600},{"@type":"BreadcrumbList","@id":"https:\/\/sudoesteacontece.com.br\/?p=15717#breadcrumb","itemListElement":[{"@type":"ListItem","position":1,"name":"In\u00edcio","item":"https:\/\/sudoesteacontece.com.br\/"},{"@type":"ListItem","position":2,"name":"Vacim\u00f3vel come\u00e7a a circular em Brumado e leva vacina\u00e7\u00e3o direto aos bairros"}]},{"@type":"WebSite","@id":"https:\/\/sudoesteacontece.com.br\/#website","url":"https:\/\/sudoesteacontece.com.br\/","name":"Sudoesteacontece","description":"","publisher":{"@id":"https:\/\/sudoesteacontece.com.br\/#organization"},"potentialAction":[{"@type":"SearchAction","target":{"@type":"EntryPoint","urlTemplate":"https:\/\/sudoesteacontece.com.br\/?s={search_term_string}"},"query-input":{"@type":"PropertyValueSpecification","valueRequired":true,"valueName":"search_term_string"}}],"inLanguage":"pt-BR"},{"@type":"Organization","@id":"https:\/\/sudoesteacontece.com.br\/#organization","name":"Sudoesteacontece","url":"https:\/\/sudoesteacontece.com.br\/","logo":{"@type":"ImageObject","inLanguage":"pt-BR","@id":"https:\/\/sudoesteacontece.com.br\/#\/schema\/logo\/image\/","url":"https:\/\/sudoesteacontece.com.br\/wp-content\/uploads\/2025\/12\/cropped-logo-2-180x180-1.png","contentUrl":"https:\/\/sudoesteacontece.com.br\/wp-content\/uploads\/2025\/12\/cropped-logo-2-180x180-1.png","width":180,"height":180,"caption":"Sudoesteacontece"},"image":{"@id":"https:\/\/sudoesteacontece.com.br\/#\/schema\/logo\/image\/"},"sameAs":["https:\/\/www.facebook.com\/sudoesteacontece\/?locale=pt_BR"]},{"@type":"Person","@id":"https:\/\/sudoesteacontece.com.br\/#\/schema\/person\/3cf2cf009926a9683ebc29d5379fa79c","name":"Washington Tiago","image":{"@type":"ImageObject","inLanguage":"pt-BR","@id":"https:\/\/sudoesteacontece.com.br\/#\/schema\/person\/image\/","url":"https:\/\/secure.gravatar.com\/avatar\/33c43b8668157e040f9d1fe93c354bf087cbd8ba36270c1163198bd3ddcf2a56?s=96&d=mm&r=g","contentUrl":"https:\/\/secure.gravatar.com\/avatar\/33c43b8668157e040f9d1fe93c354bf087cbd8ba36270c1163198bd3ddcf2a56?s=96&d=mm&r=g","caption":"Washington Tiago"},"url":"https:\/\/sudoesteacontece.com.br\/?author=2"}]}},"_links":{"self":[{"href":"https:\/\/sudoesteacontece.com.br\/index.php?rest_route=\/wp\/v2\/posts\/15717","targetHints":{"allow":["GET"]}}],"collection":[{"href":"https:\/\/sudoesteacontece.com.br\/index.php?rest_route=\/wp\/v2\/posts"}],"about":[{"href":"https:\/\/sudoesteacontece.com.br\/index.php?rest_route=\/wp\/v2\/types\/post"}],"author":[{"embeddable":true,"href":"https:\/\/sudoesteacontece.com.br\/index.php?rest_route=\/wp\/v2\/users\/2"}],"replies":[{"embeddable":true,"href":"https:\/\/sudoesteacontece.com.br\/index.php?rest_route=%2Fwp%2Fv2%2Fcomments&post=15717"}],"version-history":[{"count":1,"href":"https:\/\/sudoesteacontece.com.br\/index.php?rest_route=\/wp\/v2\/posts\/15717\/revisions"}],"predecessor-version":[{"id":15771,"href":"https:\/\/sudoesteacontece.com.br\/index.php?rest_route=\/wp\/v2\/posts\/15717\/revisions\/15771"}],"wp:attachment":[{"href":"https:\/\/sudoesteacontece.com.br\/index.php?rest_route=%2Fwp%2Fv2%2Fmedia&parent=15717"}],"wp:term":[{"taxonomy":"category","embeddable":true,"href":"https:\/\/sudoesteacontece.com.br\/index.php?rest_route=%2Fwp%2Fv2%2Fcategories&post=15717"},{"taxonomy":"post_tag","embeddable":true,"href":"https:\/\/sudoesteacontece.com.br\/index.php?rest_route=%2Fwp%2Fv2%2Ftags&post=15717"}],"curies":[{"name":"wp","href":"https:\/\/api.w.org\/{rel}","templated":true}]}}