{"id":15727,"date":"2026-04-27T11:04:11","date_gmt":"2026-04-27T14:04:11","guid":{"rendered":"https:\/\/sudoesteacontece.com.br\/?p=15727"},"modified":"2026-04-27T11:04:15","modified_gmt":"2026-04-27T14:04:15","slug":"jovem-de-18-anos-sobrevive-apos-carro-sair-da-pista-e-pegar-fogo-na-br-030-em-caetite","status":"publish","type":"post","link":"https:\/\/sudoesteacontece.com.br\/?p=15727","title":{"rendered":"Jovem de 18 anos sobrevive ap\u00f3s carro sair da pista e pegar fogo na BR-030, em Caetit\u00e9"},"content":{"rendered":"<div class=\"wp-block-image\">\n<figure class=\"aligncenter size-full\"><img fetchpriority=\"high\" decoding=\"async\" width=\"900\" height=\"600\" src=\"http:\/\/sudoesteacontece.com.br\/wp-content\/uploads\/2026\/04\/Jovem-de-18-anos-sobrevive-apos-carro-sair-da-pista-e-pegar-fogo-na-BR-030-em-Caetite.jpg\" alt=\"\" class=\"wp-image-15779\" srcset=\"https:\/\/sudoesteacontece.com.br\/wp-content\/uploads\/2026\/04\/Jovem-de-18-anos-sobrevive-apos-carro-sair-da-pista-e-pegar-fogo-na-BR-030-em-Caetite.jpg 900w, https:\/\/sudoesteacontece.com.br\/wp-content\/uploads\/2026\/04\/Jovem-de-18-anos-sobrevive-apos-carro-sair-da-pista-e-pegar-fogo-na-BR-030-em-Caetite-300x200.jpg 300w, https:\/\/sudoesteacontece.com.br\/wp-content\/uploads\/2026\/04\/Jovem-de-18-anos-sobrevive-apos-carro-sair-da-pista-e-pegar-fogo-na-BR-030-em-Caetite-768x512.jpg 768w\" sizes=\"(max-width: 900px) 100vw, 900px\" \/><\/figure>\n<\/div>\n\n\n<p>Um jovem de 18 anos sobreviveu ap\u00f3s um acidente na madrugada de domingo (26), na BR-030, em Caetit\u00e9. O carro que ele conduzia saiu da pista e apresentou princ\u00edpio de inc\u00eandio. A ocorr\u00eancia mobilizou equipes da Pol\u00edcia Militar da Bahia. A v\u00edtima foi socorrida e levada para unidade de sa\u00fade.<\/p>\n\n\n\n<p>Segundo a pol\u00edcia, o ve\u00edculo, um HB20 branco, saiu da pista por causas ainda desconhecidas. Ap\u00f3s o impacto, o autom\u00f3vel come\u00e7ou a pegar fogo. Antes da chegada das equipes, populares agiram r\u00e1pido e conseguiram conter as chamas. Eles desligaram o sistema el\u00e9trico do carro e evitaram que o inc\u00eandio se alastrasse.<\/p>\n\n\n\n<p>Durante o atendimento, equipes do Servi\u00e7o de Atendimento M\u00f3vel de Urg\u00eancia prestaram socorro ao motorista. Ele foi encaminhado para a Unidade de Pronto Atendimento da cidade. O estado de sa\u00fade n\u00e3o foi detalhado at\u00e9 a \u00faltima atualiza\u00e7\u00e3o. A a\u00e7\u00e3o r\u00e1pida foi essencial para preservar a vida do jovem.<\/p>\n\n\n\n<p>Ap\u00f3s o resgate, a Pol\u00edcia Militar permaneceu no local. Os agentes garantiram a seguran\u00e7a da \u00e1rea e fizeram a cust\u00f3dia do ve\u00edculo. Um guincho foi acionado para remover o carro. As circunst\u00e2ncias do acidente ainda ser\u00e3o apuradas.<\/p>\n","protected":false},"excerpt":{"rendered":"<p>Um jovem de 18 anos sobreviveu ap\u00f3s um acidente na madrugada de domingo (26), na BR-030, em Caetit\u00e9. O carro que ele conduzia saiu da pista e apresentou princ\u00edpio de inc\u00eandio. A ocorr\u00eancia mobilizou equipes da Pol\u00edcia Militar da Bahia. A v\u00edtima foi socorrida e levada para unidade de sa\u00fade. Segundo a pol\u00edcia, o ve\u00edculo, um HB20 branco, saiu da pista por causas ainda desconhecidas. Ap\u00f3s o impacto, o autom\u00f3vel come\u00e7ou a pegar fogo. Antes da chegada das equipes, populares agiram r\u00e1pido e conseguiram conter as chamas. Eles desligaram o sistema el\u00e9trico do carro e evitaram que o inc\u00eandio se alastrasse. Durante o atendimento, equipes do Servi\u00e7o de Atendimento M\u00f3vel de Urg\u00eancia prestaram socorro ao motorista. Ele foi encaminhado para a Unidade de Pronto Atendimento da cidade. O estado de sa\u00fade n\u00e3o foi detalhado at\u00e9 a \u00faltima atualiza\u00e7\u00e3o. A a\u00e7\u00e3o r\u00e1pida foi essencial para preservar a vida do jovem. Ap\u00f3s o resgate, a Pol\u00edcia Militar permaneceu no local. Os agentes garantiram a seguran\u00e7a da \u00e1rea e fizeram a cust\u00f3dia do ve\u00edculo. Um guincho foi acionado para remover o carro. As circunst\u00e2ncias do acidente ainda ser\u00e3o apuradas.<\/p>\n","protected":false},"author":2,"featured_media":0,"comment_status":"open","ping_status":"open","sticky":false,"template":"","format":"standard","meta":{"footnotes":""},"categories":[5,49,4],"tags":[],"class_list":["post-15727","post","type-post","status-publish","format-standard","hentry","category-acidente","category-caetite","category-cidades"],"yoast_head":"<!-- This site is optimized with the Yoast SEO plugin v26.5 - https:\/\/yoast.com\/wordpress\/plugins\/seo\/ -->\n<title>Jovem de 18 anos sobrevive ap\u00f3s carro sair da pista e pegar fogo na BR-030, em Caetit\u00e9 - Sudoesteacontece<\/title>\n<meta name=\"robots\" content=\"index, follow, max-snippet:-1, max-image-preview:large, max-video-preview:-1\" \/>\n<link rel=\"canonical\" href=\"https:\/\/sudoesteacontece.com.br\/?p=15727\" \/>\n<meta property=\"og:locale\" content=\"pt_BR\" \/>\n<meta property=\"og:type\" content=\"article\" \/>\n<meta property=\"og:title\" content=\"Jovem de 18 anos sobrevive ap\u00f3s carro sair da pista e pegar fogo na BR-030, em Caetit\u00e9 - Sudoesteacontece\" \/>\n<meta property=\"og:description\" content=\"Um jovem de 18 anos sobreviveu ap\u00f3s um acidente na madrugada de domingo (26), na BR-030, em Caetit\u00e9. O carro que ele conduzia saiu da pista e apresentou princ\u00edpio de inc\u00eandio. A ocorr\u00eancia mobilizou equipes da Pol\u00edcia Militar da Bahia. A v\u00edtima foi socorrida e levada para unidade de sa\u00fade. Segundo a pol\u00edcia, o ve\u00edculo, um HB20 branco, saiu da pista por causas ainda desconhecidas. Ap\u00f3s o impacto, o autom\u00f3vel come\u00e7ou a pegar fogo. Antes da chegada das equipes, populares agiram r\u00e1pido e conseguiram conter as chamas. Eles desligaram o sistema el\u00e9trico do carro e evitaram que o inc\u00eandio se alastrasse. Durante o atendimento, equipes do Servi\u00e7o de Atendimento M\u00f3vel de Urg\u00eancia prestaram socorro ao motorista. Ele foi encaminhado para a Unidade de Pronto Atendimento da cidade. O estado de sa\u00fade n\u00e3o foi detalhado at\u00e9 a \u00faltima atualiza\u00e7\u00e3o. A a\u00e7\u00e3o r\u00e1pida foi essencial para preservar a vida do jovem. Ap\u00f3s o resgate, a Pol\u00edcia Militar permaneceu no local. Os agentes garantiram a seguran\u00e7a da \u00e1rea e fizeram a cust\u00f3dia do ve\u00edculo. Um guincho foi acionado para remover o carro. As circunst\u00e2ncias do acidente ainda ser\u00e3o apuradas.\" \/>\n<meta property=\"og:url\" content=\"https:\/\/sudoesteacontece.com.br\/?p=15727\" \/>\n<meta property=\"og:site_name\" content=\"Sudoesteacontece\" \/>\n<meta property=\"article:publisher\" content=\"https:\/\/www.facebook.com\/sudoesteacontece\/?locale=pt_BR\" \/>\n<meta property=\"article:published_time\" content=\"2026-04-27T14:04:11+00:00\" \/>\n<meta property=\"article:modified_time\" content=\"2026-04-27T14:04:15+00:00\" \/>\n<meta property=\"og:image\" content=\"https:\/\/sudoesteacontece.com.br\/wp-content\/uploads\/2026\/04\/Jovem-de-18-anos-sobrevive-apos-carro-sair-da-pista-e-pegar-fogo-na-BR-030-em-Caetite.jpg\" \/>\n\t<meta property=\"og:image:width\" content=\"900\" \/>\n\t<meta property=\"og:image:height\" content=\"600\" \/>\n\t<meta property=\"og:image:type\" content=\"image\/jpeg\" \/>\n<meta name=\"author\" content=\"Washington Tiago\" \/>\n<meta name=\"twitter:card\" content=\"summary_large_image\" \/>\n<meta name=\"twitter:label1\" content=\"Escrito por\" \/>\n\t<meta name=\"twitter:data1\" content=\"Washington Tiago\" \/>\n\t<meta name=\"twitter:label2\" content=\"Est. tempo de leitura\" \/>\n\t<meta name=\"twitter:data2\" content=\"2 minutos\" \/>\n<script type=\"application\/ld+json\" class=\"yoast-schema-graph\">{\"@context\":\"https:\/\/schema.org\",\"@graph\":[{\"@type\":\"Article\",\"@id\":\"https:\/\/sudoesteacontece.com.br\/?p=15727#article\",\"isPartOf\":{\"@id\":\"https:\/\/sudoesteacontece.com.br\/?p=15727\"},\"author\":{\"name\":\"Washington Tiago\",\"@id\":\"https:\/\/sudoesteacontece.com.br\/#\/schema\/person\/3cf2cf009926a9683ebc29d5379fa79c\"},\"headline\":\"Jovem de 18 anos sobrevive ap\u00f3s carro sair da pista e pegar fogo na BR-030, em Caetit\u00e9\",\"datePublished\":\"2026-04-27T14:04:11+00:00\",\"dateModified\":\"2026-04-27T14:04:15+00:00\",\"mainEntityOfPage\":{\"@id\":\"https:\/\/sudoesteacontece.com.br\/?p=15727\"},\"wordCount\":231,\"commentCount\":0,\"publisher\":{\"@id\":\"https:\/\/sudoesteacontece.com.br\/#organization\"},\"image\":{\"@id\":\"https:\/\/sudoesteacontece.com.br\/?p=15727#primaryimage\"},\"thumbnailUrl\":\"http:\/\/sudoesteacontece.com.br\/wp-content\/uploads\/2026\/04\/Jovem-de-18-anos-sobrevive-apos-carro-sair-da-pista-e-pegar-fogo-na-BR-030-em-Caetite.jpg\",\"articleSection\":[\"Acidente\",\"Caetit\u00e9\",\"Cidades\"],\"inLanguage\":\"pt-BR\",\"potentialAction\":[{\"@type\":\"CommentAction\",\"name\":\"Comment\",\"target\":[\"https:\/\/sudoesteacontece.com.br\/?p=15727#respond\"]}]},{\"@type\":\"WebPage\",\"@id\":\"https:\/\/sudoesteacontece.com.br\/?p=15727\",\"url\":\"https:\/\/sudoesteacontece.com.br\/?p=15727\",\"name\":\"Jovem de 18 anos sobrevive ap\u00f3s carro sair da pista e pegar fogo na BR-030, em Caetit\u00e9 - Sudoesteacontece\",\"isPartOf\":{\"@id\":\"https:\/\/sudoesteacontece.com.br\/#website\"},\"primaryImageOfPage\":{\"@id\":\"https:\/\/sudoesteacontece.com.br\/?p=15727#primaryimage\"},\"image\":{\"@id\":\"https:\/\/sudoesteacontece.com.br\/?p=15727#primaryimage\"},\"thumbnailUrl\":\"http:\/\/sudoesteacontece.com.br\/wp-content\/uploads\/2026\/04\/Jovem-de-18-anos-sobrevive-apos-carro-sair-da-pista-e-pegar-fogo-na-BR-030-em-Caetite.jpg\",\"datePublished\":\"2026-04-27T14:04:11+00:00\",\"dateModified\":\"2026-04-27T14:04:15+00:00\",\"breadcrumb\":{\"@id\":\"https:\/\/sudoesteacontece.com.br\/?p=15727#breadcrumb\"},\"inLanguage\":\"pt-BR\",\"potentialAction\":[{\"@type\":\"ReadAction\",\"target\":[\"https:\/\/sudoesteacontece.com.br\/?p=15727\"]}]},{\"@type\":\"ImageObject\",\"inLanguage\":\"pt-BR\",\"@id\":\"https:\/\/sudoesteacontece.com.br\/?p=15727#primaryimage\",\"url\":\"https:\/\/sudoesteacontece.com.br\/wp-content\/uploads\/2026\/04\/Jovem-de-18-anos-sobrevive-apos-carro-sair-da-pista-e-pegar-fogo-na-BR-030-em-Caetite.jpg\",\"contentUrl\":\"https:\/\/sudoesteacontece.com.br\/wp-content\/uploads\/2026\/04\/Jovem-de-18-anos-sobrevive-apos-carro-sair-da-pista-e-pegar-fogo-na-BR-030-em-Caetite.jpg\",\"width\":900,\"height\":600},{\"@type\":\"BreadcrumbList\",\"@id\":\"https:\/\/sudoesteacontece.com.br\/?p=15727#breadcrumb\",\"itemListElement\":[{\"@type\":\"ListItem\",\"position\":1,\"name\":\"In\u00edcio\",\"item\":\"https:\/\/sudoesteacontece.com.br\/\"},{\"@type\":\"ListItem\",\"position\":2,\"name\":\"Jovem de 18 anos sobrevive ap\u00f3s carro sair da pista e pegar fogo na BR-030, em Caetit\u00e9\"}]},{\"@type\":\"WebSite\",\"@id\":\"https:\/\/sudoesteacontece.com.br\/#website\",\"url\":\"https:\/\/sudoesteacontece.com.br\/\",\"name\":\"Sudoesteacontece\",\"description\":\"\",\"publisher\":{\"@id\":\"https:\/\/sudoesteacontece.com.br\/#organization\"},\"potentialAction\":[{\"@type\":\"SearchAction\",\"target\":{\"@type\":\"EntryPoint\",\"urlTemplate\":\"https:\/\/sudoesteacontece.com.br\/?s={search_term_string}\"},\"query-input\":{\"@type\":\"PropertyValueSpecification\",\"valueRequired\":true,\"valueName\":\"search_term_string\"}}],\"inLanguage\":\"pt-BR\"},{\"@type\":\"Organization\",\"@id\":\"https:\/\/sudoesteacontece.com.br\/#organization\",\"name\":\"Sudoesteacontece\",\"url\":\"https:\/\/sudoesteacontece.com.br\/\",\"logo\":{\"@type\":\"ImageObject\",\"inLanguage\":\"pt-BR\",\"@id\":\"https:\/\/sudoesteacontece.com.br\/#\/schema\/logo\/image\/\",\"url\":\"https:\/\/sudoesteacontece.com.br\/wp-content\/uploads\/2025\/12\/cropped-logo-2-180x180-1.png\",\"contentUrl\":\"https:\/\/sudoesteacontece.com.br\/wp-content\/uploads\/2025\/12\/cropped-logo-2-180x180-1.png\",\"width\":180,\"height\":180,\"caption\":\"Sudoesteacontece\"},\"image\":{\"@id\":\"https:\/\/sudoesteacontece.com.br\/#\/schema\/logo\/image\/\"},\"sameAs\":[\"https:\/\/www.facebook.com\/sudoesteacontece\/?locale=pt_BR\"]},{\"@type\":\"Person\",\"@id\":\"https:\/\/sudoesteacontece.com.br\/#\/schema\/person\/3cf2cf009926a9683ebc29d5379fa79c\",\"name\":\"Washington Tiago\",\"image\":{\"@type\":\"ImageObject\",\"inLanguage\":\"pt-BR\",\"@id\":\"https:\/\/sudoesteacontece.com.br\/#\/schema\/person\/image\/\",\"url\":\"https:\/\/secure.gravatar.com\/avatar\/33c43b8668157e040f9d1fe93c354bf087cbd8ba36270c1163198bd3ddcf2a56?s=96&d=mm&r=g\",\"contentUrl\":\"https:\/\/secure.gravatar.com\/avatar\/33c43b8668157e040f9d1fe93c354bf087cbd8ba36270c1163198bd3ddcf2a56?s=96&d=mm&r=g\",\"caption\":\"Washington Tiago\"},\"url\":\"https:\/\/sudoesteacontece.com.br\/?author=2\"}]}<\/script>\n<!-- \/ Yoast SEO plugin. -->","yoast_head_json":{"title":"Jovem de 18 anos sobrevive ap\u00f3s carro sair da pista e pegar fogo na BR-030, em Caetit\u00e9 - Sudoesteacontece","robots":{"index":"index","follow":"follow","max-snippet":"max-snippet:-1","max-image-preview":"max-image-preview:large","max-video-preview":"max-video-preview:-1"},"canonical":"https:\/\/sudoesteacontece.com.br\/?p=15727","og_locale":"pt_BR","og_type":"article","og_title":"Jovem de 18 anos sobrevive ap\u00f3s carro sair da pista e pegar fogo na BR-030, em Caetit\u00e9 - Sudoesteacontece","og_description":"Um jovem de 18 anos sobreviveu ap\u00f3s um acidente na madrugada de domingo (26), na BR-030, em Caetit\u00e9. O carro que ele conduzia saiu da pista e apresentou princ\u00edpio de inc\u00eandio. A ocorr\u00eancia mobilizou equipes da Pol\u00edcia Militar da Bahia. A v\u00edtima foi socorrida e levada para unidade de sa\u00fade. Segundo a pol\u00edcia, o ve\u00edculo, um HB20 branco, saiu da pista por causas ainda desconhecidas. Ap\u00f3s o impacto, o autom\u00f3vel come\u00e7ou a pegar fogo. Antes da chegada das equipes, populares agiram r\u00e1pido e conseguiram conter as chamas. Eles desligaram o sistema el\u00e9trico do carro e evitaram que o inc\u00eandio se alastrasse. Durante o atendimento, equipes do Servi\u00e7o de Atendimento M\u00f3vel de Urg\u00eancia prestaram socorro ao motorista. Ele foi encaminhado para a Unidade de Pronto Atendimento da cidade. O estado de sa\u00fade n\u00e3o foi detalhado at\u00e9 a \u00faltima atualiza\u00e7\u00e3o. A a\u00e7\u00e3o r\u00e1pida foi essencial para preservar a vida do jovem. Ap\u00f3s o resgate, a Pol\u00edcia Militar permaneceu no local. Os agentes garantiram a seguran\u00e7a da \u00e1rea e fizeram a cust\u00f3dia do ve\u00edculo. Um guincho foi acionado para remover o carro. As circunst\u00e2ncias do acidente ainda ser\u00e3o apuradas.","og_url":"https:\/\/sudoesteacontece.com.br\/?p=15727","og_site_name":"Sudoesteacontece","article_publisher":"https:\/\/www.facebook.com\/sudoesteacontece\/?locale=pt_BR","article_published_time":"2026-04-27T14:04:11+00:00","article_modified_time":"2026-04-27T14:04:15+00:00","og_image":[{"width":900,"height":600,"url":"https:\/\/sudoesteacontece.com.br\/wp-content\/uploads\/2026\/04\/Jovem-de-18-anos-sobrevive-apos-carro-sair-da-pista-e-pegar-fogo-na-BR-030-em-Caetite.jpg","type":"image\/jpeg"}],"author":"Washington Tiago","twitter_card":"summary_large_image","twitter_misc":{"Escrito por":"Washington Tiago","Est. tempo de leitura":"2 minutos"},"schema":{"@context":"https:\/\/schema.org","@graph":[{"@type":"Article","@id":"https:\/\/sudoesteacontece.com.br\/?p=15727#article","isPartOf":{"@id":"https:\/\/sudoesteacontece.com.br\/?p=15727"},"author":{"name":"Washington Tiago","@id":"https:\/\/sudoesteacontece.com.br\/#\/schema\/person\/3cf2cf009926a9683ebc29d5379fa79c"},"headline":"Jovem de 18 anos sobrevive ap\u00f3s carro sair da pista e pegar fogo na BR-030, em Caetit\u00e9","datePublished":"2026-04-27T14:04:11+00:00","dateModified":"2026-04-27T14:04:15+00:00","mainEntityOfPage":{"@id":"https:\/\/sudoesteacontece.com.br\/?p=15727"},"wordCount":231,"commentCount":0,"publisher":{"@id":"https:\/\/sudoesteacontece.com.br\/#organization"},"image":{"@id":"https:\/\/sudoesteacontece.com.br\/?p=15727#primaryimage"},"thumbnailUrl":"http:\/\/sudoesteacontece.com.br\/wp-content\/uploads\/2026\/04\/Jovem-de-18-anos-sobrevive-apos-carro-sair-da-pista-e-pegar-fogo-na-BR-030-em-Caetite.jpg","articleSection":["Acidente","Caetit\u00e9","Cidades"],"inLanguage":"pt-BR","potentialAction":[{"@type":"CommentAction","name":"Comment","target":["https:\/\/sudoesteacontece.com.br\/?p=15727#respond"]}]},{"@type":"WebPage","@id":"https:\/\/sudoesteacontece.com.br\/?p=15727","url":"https:\/\/sudoesteacontece.com.br\/?p=15727","name":"Jovem de 18 anos sobrevive ap\u00f3s carro sair da pista e pegar fogo na BR-030, em Caetit\u00e9 - Sudoesteacontece","isPartOf":{"@id":"https:\/\/sudoesteacontece.com.br\/#website"},"primaryImageOfPage":{"@id":"https:\/\/sudoesteacontece.com.br\/?p=15727#primaryimage"},"image":{"@id":"https:\/\/sudoesteacontece.com.br\/?p=15727#primaryimage"},"thumbnailUrl":"http:\/\/sudoesteacontece.com.br\/wp-content\/uploads\/2026\/04\/Jovem-de-18-anos-sobrevive-apos-carro-sair-da-pista-e-pegar-fogo-na-BR-030-em-Caetite.jpg","datePublished":"2026-04-27T14:04:11+00:00","dateModified":"2026-04-27T14:04:15+00:00","breadcrumb":{"@id":"https:\/\/sudoesteacontece.com.br\/?p=15727#breadcrumb"},"inLanguage":"pt-BR","potentialAction":[{"@type":"ReadAction","target":["https:\/\/sudoesteacontece.com.br\/?p=15727"]}]},{"@type":"ImageObject","inLanguage":"pt-BR","@id":"https:\/\/sudoesteacontece.com.br\/?p=15727#primaryimage","url":"https:\/\/sudoesteacontece.com.br\/wp-content\/uploads\/2026\/04\/Jovem-de-18-anos-sobrevive-apos-carro-sair-da-pista-e-pegar-fogo-na-BR-030-em-Caetite.jpg","contentUrl":"https:\/\/sudoesteacontece.com.br\/wp-content\/uploads\/2026\/04\/Jovem-de-18-anos-sobrevive-apos-carro-sair-da-pista-e-pegar-fogo-na-BR-030-em-Caetite.jpg","width":900,"height":600},{"@type":"BreadcrumbList","@id":"https:\/\/sudoesteacontece.com.br\/?p=15727#breadcrumb","itemListElement":[{"@type":"ListItem","position":1,"name":"In\u00edcio","item":"https:\/\/sudoesteacontece.com.br\/"},{"@type":"ListItem","position":2,"name":"Jovem de 18 anos sobrevive ap\u00f3s carro sair da pista e pegar fogo na BR-030, em Caetit\u00e9"}]},{"@type":"WebSite","@id":"https:\/\/sudoesteacontece.com.br\/#website","url":"https:\/\/sudoesteacontece.com.br\/","name":"Sudoesteacontece","description":"","publisher":{"@id":"https:\/\/sudoesteacontece.com.br\/#organization"},"potentialAction":[{"@type":"SearchAction","target":{"@type":"EntryPoint","urlTemplate":"https:\/\/sudoesteacontece.com.br\/?s={search_term_string}"},"query-input":{"@type":"PropertyValueSpecification","valueRequired":true,"valueName":"search_term_string"}}],"inLanguage":"pt-BR"},{"@type":"Organization","@id":"https:\/\/sudoesteacontece.com.br\/#organization","name":"Sudoesteacontece","url":"https:\/\/sudoesteacontece.com.br\/","logo":{"@type":"ImageObject","inLanguage":"pt-BR","@id":"https:\/\/sudoesteacontece.com.br\/#\/schema\/logo\/image\/","url":"https:\/\/sudoesteacontece.com.br\/wp-content\/uploads\/2025\/12\/cropped-logo-2-180x180-1.png","contentUrl":"https:\/\/sudoesteacontece.com.br\/wp-content\/uploads\/2025\/12\/cropped-logo-2-180x180-1.png","width":180,"height":180,"caption":"Sudoesteacontece"},"image":{"@id":"https:\/\/sudoesteacontece.com.br\/#\/schema\/logo\/image\/"},"sameAs":["https:\/\/www.facebook.com\/sudoesteacontece\/?locale=pt_BR"]},{"@type":"Person","@id":"https:\/\/sudoesteacontece.com.br\/#\/schema\/person\/3cf2cf009926a9683ebc29d5379fa79c","name":"Washington Tiago","image":{"@type":"ImageObject","inLanguage":"pt-BR","@id":"https:\/\/sudoesteacontece.com.br\/#\/schema\/person\/image\/","url":"https:\/\/secure.gravatar.com\/avatar\/33c43b8668157e040f9d1fe93c354bf087cbd8ba36270c1163198bd3ddcf2a56?s=96&d=mm&r=g","contentUrl":"https:\/\/secure.gravatar.com\/avatar\/33c43b8668157e040f9d1fe93c354bf087cbd8ba36270c1163198bd3ddcf2a56?s=96&d=mm&r=g","caption":"Washington Tiago"},"url":"https:\/\/sudoesteacontece.com.br\/?author=2"}]}},"_links":{"self":[{"href":"https:\/\/sudoesteacontece.com.br\/index.php?rest_route=\/wp\/v2\/posts\/15727","targetHints":{"allow":["GET"]}}],"collection":[{"href":"https:\/\/sudoesteacontece.com.br\/index.php?rest_route=\/wp\/v2\/posts"}],"about":[{"href":"https:\/\/sudoesteacontece.com.br\/index.php?rest_route=\/wp\/v2\/types\/post"}],"author":[{"embeddable":true,"href":"https:\/\/sudoesteacontece.com.br\/index.php?rest_route=\/wp\/v2\/users\/2"}],"replies":[{"embeddable":true,"href":"https:\/\/sudoesteacontece.com.br\/index.php?rest_route=%2Fwp%2Fv2%2Fcomments&post=15727"}],"version-history":[{"count":1,"href":"https:\/\/sudoesteacontece.com.br\/index.php?rest_route=\/wp\/v2\/posts\/15727\/revisions"}],"predecessor-version":[{"id":15780,"href":"https:\/\/sudoesteacontece.com.br\/index.php?rest_route=\/wp\/v2\/posts\/15727\/revisions\/15780"}],"wp:attachment":[{"href":"https:\/\/sudoesteacontece.com.br\/index.php?rest_route=%2Fwp%2Fv2%2Fmedia&parent=15727"}],"wp:term":[{"taxonomy":"category","embeddable":true,"href":"https:\/\/sudoesteacontece.com.br\/index.php?rest_route=%2Fwp%2Fv2%2Fcategories&post=15727"},{"taxonomy":"post_tag","embeddable":true,"href":"https:\/\/sudoesteacontece.com.br\/index.php?rest_route=%2Fwp%2Fv2%2Ftags&post=15727"}],"curies":[{"name":"wp","href":"https:\/\/api.w.org\/{rel}","templated":true}]}}