{"id":15729,"date":"2026-04-27T11:09:40","date_gmt":"2026-04-27T14:09:40","guid":{"rendered":"https:\/\/sudoesteacontece.com.br\/?p=15729"},"modified":"2026-04-27T11:09:45","modified_gmt":"2026-04-27T14:09:45","slug":"homem-e-preso-apos-ameacar-ex-e-agredir-cunhada-na-zona-rural-de-palmas-de-monte-alto","status":"publish","type":"post","link":"https:\/\/sudoesteacontece.com.br\/?p=15729","title":{"rendered":"Homem \u00e9 preso ap\u00f3s amea\u00e7ar ex e agredir cunhada na zona rural de Palmas de Monte Alto"},"content":{"rendered":"<div class=\"wp-block-image\">\n<figure class=\"aligncenter size-full\"><img fetchpriority=\"high\" decoding=\"async\" width=\"900\" height=\"600\" src=\"http:\/\/sudoesteacontece.com.br\/wp-content\/uploads\/2026\/04\/Homem-e-preso-apos-ameacar-ex-e-agredir-cunhada-na-zona-rural-de-Palmas-de-Monte-Alto.jpg\" alt=\"\" class=\"wp-image-15781\" srcset=\"https:\/\/sudoesteacontece.com.br\/wp-content\/uploads\/2026\/04\/Homem-e-preso-apos-ameacar-ex-e-agredir-cunhada-na-zona-rural-de-Palmas-de-Monte-Alto.jpg 900w, https:\/\/sudoesteacontece.com.br\/wp-content\/uploads\/2026\/04\/Homem-e-preso-apos-ameacar-ex-e-agredir-cunhada-na-zona-rural-de-Palmas-de-Monte-Alto-300x200.jpg 300w, https:\/\/sudoesteacontece.com.br\/wp-content\/uploads\/2026\/04\/Homem-e-preso-apos-ameacar-ex-e-agredir-cunhada-na-zona-rural-de-Palmas-de-Monte-Alto-768x512.jpg 768w\" sizes=\"(max-width: 900px) 100vw, 900px\" \/><\/figure>\n<\/div>\n\n\n<p>Um homem de 41 anos foi preso no s\u00e1bado (25), por volta das 15h30, no povoado de Jurema, zona rural de Palmas de Monte Alto. Ele \u00e9 suspeito de amea\u00e7ar a ex-companheira, de 44 anos. O caso foi registrado como viol\u00eancia dom\u00e9stica e segue as diretrizes da Lei Maria da Penha. A ocorr\u00eancia mobilizou equipes da Pol\u00edcia Militar da Bahia.<\/p>\n\n\n\n<p>Segundo a pol\u00edcia, o suspeito n\u00e3o aceitava o fim do relacionamento. Ele utilizava uma estaca de madeira para intimidar a v\u00edtima. De acordo com o relato, o homem fez amea\u00e7as de morte contra a mulher e os filhos do casal. A situa\u00e7\u00e3o gerou p\u00e2nico na resid\u00eancia. A guarni\u00e7\u00e3o foi acionada para conter o suspeito e evitar agravamento do caso.<\/p>\n\n\n\n<p>Durante a a\u00e7\u00e3o, a irm\u00e3 da v\u00edtima tentou intervir. Ela acabou sendo agredida pelo suspeito com uma mordida no bra\u00e7o. A interven\u00e7\u00e3o ocorreu no momento em que os policiais atuavam no local. A agress\u00e3o refor\u00e7ou a gravidade da ocorr\u00eancia. As v\u00edtimas receberam atendimento e foram levadas junto com o suspeito para a delegacia.<\/p>\n\n\n\n<p>Ap\u00f3s a conten\u00e7\u00e3o, o homem foi encaminhado \u00e0 Delegacia da cidade. A estaca usada nas amea\u00e7as tamb\u00e9m foi apreendida. O caso ser\u00e1 investigado pela Pol\u00edcia Civil da Bahia. As autoridades devem apurar os detalhes e adotar as medidas legais cab\u00edveis.<\/p>\n","protected":false},"excerpt":{"rendered":"<p>Um homem de 41 anos foi preso no s\u00e1bado (25), por volta das 15h30, no povoado de Jurema, zona rural de Palmas de Monte Alto. Ele \u00e9 suspeito de amea\u00e7ar a ex-companheira, de 44 anos. O caso foi registrado como viol\u00eancia dom\u00e9stica e segue as diretrizes da Lei Maria da Penha. A ocorr\u00eancia mobilizou equipes da Pol\u00edcia Militar da Bahia. Segundo a pol\u00edcia, o suspeito n\u00e3o aceitava o fim do relacionamento. Ele utilizava uma estaca de madeira para intimidar a v\u00edtima. De acordo com o relato, o homem fez amea\u00e7as de morte contra a mulher e os filhos do casal. A situa\u00e7\u00e3o gerou p\u00e2nico na resid\u00eancia. A guarni\u00e7\u00e3o foi acionada para conter o suspeito e evitar agravamento do caso. Durante a a\u00e7\u00e3o, a irm\u00e3 da v\u00edtima tentou intervir. Ela acabou sendo agredida pelo suspeito com uma mordida no bra\u00e7o. A interven\u00e7\u00e3o ocorreu no momento em que os policiais atuavam no local. A agress\u00e3o refor\u00e7ou a gravidade da ocorr\u00eancia. As v\u00edtimas receberam atendimento e foram levadas junto com o suspeito para a delegacia. Ap\u00f3s a conten\u00e7\u00e3o, o homem foi encaminhado \u00e0 Delegacia da cidade. A estaca usada nas amea\u00e7as tamb\u00e9m foi apreendida. O caso ser\u00e1 investigado pela Pol\u00edcia Civil da Bahia. As autoridades devem apurar os detalhes e adotar as medidas legais cab\u00edveis.<\/p>\n","protected":false},"author":2,"featured_media":0,"comment_status":"open","ping_status":"open","sticky":false,"template":"","format":"standard","meta":{"footnotes":""},"categories":[4,48,3],"tags":[],"class_list":["post-15729","post","type-post","status-publish","format-standard","hentry","category-cidades","category-palmas-de-monte-alto","category-policia"],"yoast_head":"<!-- This site is optimized with the Yoast SEO plugin v26.5 - https:\/\/yoast.com\/wordpress\/plugins\/seo\/ -->\n<title>Homem \u00e9 preso ap\u00f3s amea\u00e7ar ex e agredir cunhada na zona rural de Palmas de Monte Alto - Sudoesteacontece<\/title>\n<meta name=\"robots\" content=\"index, follow, max-snippet:-1, max-image-preview:large, max-video-preview:-1\" \/>\n<link rel=\"canonical\" href=\"https:\/\/sudoesteacontece.com.br\/?p=15729\" \/>\n<meta property=\"og:locale\" content=\"pt_BR\" \/>\n<meta property=\"og:type\" content=\"article\" \/>\n<meta property=\"og:title\" content=\"Homem \u00e9 preso ap\u00f3s amea\u00e7ar ex e agredir cunhada na zona rural de Palmas de Monte Alto - Sudoesteacontece\" \/>\n<meta property=\"og:description\" content=\"Um homem de 41 anos foi preso no s\u00e1bado (25), por volta das 15h30, no povoado de Jurema, zona rural de Palmas de Monte Alto. Ele \u00e9 suspeito de amea\u00e7ar a ex-companheira, de 44 anos. O caso foi registrado como viol\u00eancia dom\u00e9stica e segue as diretrizes da Lei Maria da Penha. A ocorr\u00eancia mobilizou equipes da Pol\u00edcia Militar da Bahia. Segundo a pol\u00edcia, o suspeito n\u00e3o aceitava o fim do relacionamento. Ele utilizava uma estaca de madeira para intimidar a v\u00edtima. De acordo com o relato, o homem fez amea\u00e7as de morte contra a mulher e os filhos do casal. A situa\u00e7\u00e3o gerou p\u00e2nico na resid\u00eancia. A guarni\u00e7\u00e3o foi acionada para conter o suspeito e evitar agravamento do caso. Durante a a\u00e7\u00e3o, a irm\u00e3 da v\u00edtima tentou intervir. Ela acabou sendo agredida pelo suspeito com uma mordida no bra\u00e7o. A interven\u00e7\u00e3o ocorreu no momento em que os policiais atuavam no local. A agress\u00e3o refor\u00e7ou a gravidade da ocorr\u00eancia. As v\u00edtimas receberam atendimento e foram levadas junto com o suspeito para a delegacia. Ap\u00f3s a conten\u00e7\u00e3o, o homem foi encaminhado \u00e0 Delegacia da cidade. A estaca usada nas amea\u00e7as tamb\u00e9m foi apreendida. O caso ser\u00e1 investigado pela Pol\u00edcia Civil da Bahia. As autoridades devem apurar os detalhes e adotar as medidas legais cab\u00edveis.\" \/>\n<meta property=\"og:url\" content=\"https:\/\/sudoesteacontece.com.br\/?p=15729\" \/>\n<meta property=\"og:site_name\" content=\"Sudoesteacontece\" \/>\n<meta property=\"article:publisher\" content=\"https:\/\/www.facebook.com\/sudoesteacontece\/?locale=pt_BR\" \/>\n<meta property=\"article:published_time\" content=\"2026-04-27T14:09:40+00:00\" \/>\n<meta property=\"article:modified_time\" content=\"2026-04-27T14:09:45+00:00\" \/>\n<meta property=\"og:image\" content=\"https:\/\/sudoesteacontece.com.br\/wp-content\/uploads\/2026\/04\/Homem-e-preso-apos-ameacar-ex-e-agredir-cunhada-na-zona-rural-de-Palmas-de-Monte-Alto.jpg\" \/>\n\t<meta property=\"og:image:width\" content=\"900\" \/>\n\t<meta property=\"og:image:height\" content=\"600\" \/>\n\t<meta property=\"og:image:type\" content=\"image\/jpeg\" \/>\n<meta name=\"author\" content=\"Washington Tiago\" \/>\n<meta name=\"twitter:card\" content=\"summary_large_image\" \/>\n<meta name=\"twitter:label1\" content=\"Escrito por\" \/>\n\t<meta name=\"twitter:data1\" content=\"Washington Tiago\" \/>\n\t<meta name=\"twitter:label2\" content=\"Est. tempo de leitura\" \/>\n\t<meta name=\"twitter:data2\" content=\"2 minutos\" \/>\n<script type=\"application\/ld+json\" class=\"yoast-schema-graph\">{\"@context\":\"https:\/\/schema.org\",\"@graph\":[{\"@type\":\"Article\",\"@id\":\"https:\/\/sudoesteacontece.com.br\/?p=15729#article\",\"isPartOf\":{\"@id\":\"https:\/\/sudoesteacontece.com.br\/?p=15729\"},\"author\":{\"name\":\"Washington Tiago\",\"@id\":\"https:\/\/sudoesteacontece.com.br\/#\/schema\/person\/3cf2cf009926a9683ebc29d5379fa79c\"},\"headline\":\"Homem \u00e9 preso ap\u00f3s amea\u00e7ar ex e agredir cunhada na zona rural de Palmas de Monte Alto\",\"datePublished\":\"2026-04-27T14:09:40+00:00\",\"dateModified\":\"2026-04-27T14:09:45+00:00\",\"mainEntityOfPage\":{\"@id\":\"https:\/\/sudoesteacontece.com.br\/?p=15729\"},\"wordCount\":253,\"commentCount\":0,\"publisher\":{\"@id\":\"https:\/\/sudoesteacontece.com.br\/#organization\"},\"image\":{\"@id\":\"https:\/\/sudoesteacontece.com.br\/?p=15729#primaryimage\"},\"thumbnailUrl\":\"http:\/\/sudoesteacontece.com.br\/wp-content\/uploads\/2026\/04\/Homem-e-preso-apos-ameacar-ex-e-agredir-cunhada-na-zona-rural-de-Palmas-de-Monte-Alto.jpg\",\"articleSection\":[\"Cidades\",\"Palmas de Monte Alto\",\"Pol\u00edcia\"],\"inLanguage\":\"pt-BR\",\"potentialAction\":[{\"@type\":\"CommentAction\",\"name\":\"Comment\",\"target\":[\"https:\/\/sudoesteacontece.com.br\/?p=15729#respond\"]}]},{\"@type\":\"WebPage\",\"@id\":\"https:\/\/sudoesteacontece.com.br\/?p=15729\",\"url\":\"https:\/\/sudoesteacontece.com.br\/?p=15729\",\"name\":\"Homem \u00e9 preso ap\u00f3s amea\u00e7ar ex e agredir cunhada na zona rural de Palmas de Monte Alto - Sudoesteacontece\",\"isPartOf\":{\"@id\":\"https:\/\/sudoesteacontece.com.br\/#website\"},\"primaryImageOfPage\":{\"@id\":\"https:\/\/sudoesteacontece.com.br\/?p=15729#primaryimage\"},\"image\":{\"@id\":\"https:\/\/sudoesteacontece.com.br\/?p=15729#primaryimage\"},\"thumbnailUrl\":\"http:\/\/sudoesteacontece.com.br\/wp-content\/uploads\/2026\/04\/Homem-e-preso-apos-ameacar-ex-e-agredir-cunhada-na-zona-rural-de-Palmas-de-Monte-Alto.jpg\",\"datePublished\":\"2026-04-27T14:09:40+00:00\",\"dateModified\":\"2026-04-27T14:09:45+00:00\",\"breadcrumb\":{\"@id\":\"https:\/\/sudoesteacontece.com.br\/?p=15729#breadcrumb\"},\"inLanguage\":\"pt-BR\",\"potentialAction\":[{\"@type\":\"ReadAction\",\"target\":[\"https:\/\/sudoesteacontece.com.br\/?p=15729\"]}]},{\"@type\":\"ImageObject\",\"inLanguage\":\"pt-BR\",\"@id\":\"https:\/\/sudoesteacontece.com.br\/?p=15729#primaryimage\",\"url\":\"https:\/\/sudoesteacontece.com.br\/wp-content\/uploads\/2026\/04\/Homem-e-preso-apos-ameacar-ex-e-agredir-cunhada-na-zona-rural-de-Palmas-de-Monte-Alto.jpg\",\"contentUrl\":\"https:\/\/sudoesteacontece.com.br\/wp-content\/uploads\/2026\/04\/Homem-e-preso-apos-ameacar-ex-e-agredir-cunhada-na-zona-rural-de-Palmas-de-Monte-Alto.jpg\",\"width\":900,\"height\":600},{\"@type\":\"BreadcrumbList\",\"@id\":\"https:\/\/sudoesteacontece.com.br\/?p=15729#breadcrumb\",\"itemListElement\":[{\"@type\":\"ListItem\",\"position\":1,\"name\":\"In\u00edcio\",\"item\":\"https:\/\/sudoesteacontece.com.br\/\"},{\"@type\":\"ListItem\",\"position\":2,\"name\":\"Homem \u00e9 preso ap\u00f3s amea\u00e7ar ex e agredir cunhada na zona rural de Palmas de Monte Alto\"}]},{\"@type\":\"WebSite\",\"@id\":\"https:\/\/sudoesteacontece.com.br\/#website\",\"url\":\"https:\/\/sudoesteacontece.com.br\/\",\"name\":\"Sudoesteacontece\",\"description\":\"\",\"publisher\":{\"@id\":\"https:\/\/sudoesteacontece.com.br\/#organization\"},\"potentialAction\":[{\"@type\":\"SearchAction\",\"target\":{\"@type\":\"EntryPoint\",\"urlTemplate\":\"https:\/\/sudoesteacontece.com.br\/?s={search_term_string}\"},\"query-input\":{\"@type\":\"PropertyValueSpecification\",\"valueRequired\":true,\"valueName\":\"search_term_string\"}}],\"inLanguage\":\"pt-BR\"},{\"@type\":\"Organization\",\"@id\":\"https:\/\/sudoesteacontece.com.br\/#organization\",\"name\":\"Sudoesteacontece\",\"url\":\"https:\/\/sudoesteacontece.com.br\/\",\"logo\":{\"@type\":\"ImageObject\",\"inLanguage\":\"pt-BR\",\"@id\":\"https:\/\/sudoesteacontece.com.br\/#\/schema\/logo\/image\/\",\"url\":\"https:\/\/sudoesteacontece.com.br\/wp-content\/uploads\/2025\/12\/cropped-logo-2-180x180-1.png\",\"contentUrl\":\"https:\/\/sudoesteacontece.com.br\/wp-content\/uploads\/2025\/12\/cropped-logo-2-180x180-1.png\",\"width\":180,\"height\":180,\"caption\":\"Sudoesteacontece\"},\"image\":{\"@id\":\"https:\/\/sudoesteacontece.com.br\/#\/schema\/logo\/image\/\"},\"sameAs\":[\"https:\/\/www.facebook.com\/sudoesteacontece\/?locale=pt_BR\"]},{\"@type\":\"Person\",\"@id\":\"https:\/\/sudoesteacontece.com.br\/#\/schema\/person\/3cf2cf009926a9683ebc29d5379fa79c\",\"name\":\"Washington Tiago\",\"image\":{\"@type\":\"ImageObject\",\"inLanguage\":\"pt-BR\",\"@id\":\"https:\/\/sudoesteacontece.com.br\/#\/schema\/person\/image\/\",\"url\":\"https:\/\/secure.gravatar.com\/avatar\/33c43b8668157e040f9d1fe93c354bf087cbd8ba36270c1163198bd3ddcf2a56?s=96&d=mm&r=g\",\"contentUrl\":\"https:\/\/secure.gravatar.com\/avatar\/33c43b8668157e040f9d1fe93c354bf087cbd8ba36270c1163198bd3ddcf2a56?s=96&d=mm&r=g\",\"caption\":\"Washington Tiago\"},\"url\":\"https:\/\/sudoesteacontece.com.br\/?author=2\"}]}<\/script>\n<!-- \/ Yoast SEO plugin. -->","yoast_head_json":{"title":"Homem \u00e9 preso ap\u00f3s amea\u00e7ar ex e agredir cunhada na zona rural de Palmas de Monte Alto - Sudoesteacontece","robots":{"index":"index","follow":"follow","max-snippet":"max-snippet:-1","max-image-preview":"max-image-preview:large","max-video-preview":"max-video-preview:-1"},"canonical":"https:\/\/sudoesteacontece.com.br\/?p=15729","og_locale":"pt_BR","og_type":"article","og_title":"Homem \u00e9 preso ap\u00f3s amea\u00e7ar ex e agredir cunhada na zona rural de Palmas de Monte Alto - Sudoesteacontece","og_description":"Um homem de 41 anos foi preso no s\u00e1bado (25), por volta das 15h30, no povoado de Jurema, zona rural de Palmas de Monte Alto. Ele \u00e9 suspeito de amea\u00e7ar a ex-companheira, de 44 anos. O caso foi registrado como viol\u00eancia dom\u00e9stica e segue as diretrizes da Lei Maria da Penha. A ocorr\u00eancia mobilizou equipes da Pol\u00edcia Militar da Bahia. Segundo a pol\u00edcia, o suspeito n\u00e3o aceitava o fim do relacionamento. Ele utilizava uma estaca de madeira para intimidar a v\u00edtima. De acordo com o relato, o homem fez amea\u00e7as de morte contra a mulher e os filhos do casal. A situa\u00e7\u00e3o gerou p\u00e2nico na resid\u00eancia. A guarni\u00e7\u00e3o foi acionada para conter o suspeito e evitar agravamento do caso. Durante a a\u00e7\u00e3o, a irm\u00e3 da v\u00edtima tentou intervir. Ela acabou sendo agredida pelo suspeito com uma mordida no bra\u00e7o. A interven\u00e7\u00e3o ocorreu no momento em que os policiais atuavam no local. A agress\u00e3o refor\u00e7ou a gravidade da ocorr\u00eancia. As v\u00edtimas receberam atendimento e foram levadas junto com o suspeito para a delegacia. Ap\u00f3s a conten\u00e7\u00e3o, o homem foi encaminhado \u00e0 Delegacia da cidade. A estaca usada nas amea\u00e7as tamb\u00e9m foi apreendida. O caso ser\u00e1 investigado pela Pol\u00edcia Civil da Bahia. As autoridades devem apurar os detalhes e adotar as medidas legais cab\u00edveis.","og_url":"https:\/\/sudoesteacontece.com.br\/?p=15729","og_site_name":"Sudoesteacontece","article_publisher":"https:\/\/www.facebook.com\/sudoesteacontece\/?locale=pt_BR","article_published_time":"2026-04-27T14:09:40+00:00","article_modified_time":"2026-04-27T14:09:45+00:00","og_image":[{"width":900,"height":600,"url":"https:\/\/sudoesteacontece.com.br\/wp-content\/uploads\/2026\/04\/Homem-e-preso-apos-ameacar-ex-e-agredir-cunhada-na-zona-rural-de-Palmas-de-Monte-Alto.jpg","type":"image\/jpeg"}],"author":"Washington Tiago","twitter_card":"summary_large_image","twitter_misc":{"Escrito por":"Washington Tiago","Est. tempo de leitura":"2 minutos"},"schema":{"@context":"https:\/\/schema.org","@graph":[{"@type":"Article","@id":"https:\/\/sudoesteacontece.com.br\/?p=15729#article","isPartOf":{"@id":"https:\/\/sudoesteacontece.com.br\/?p=15729"},"author":{"name":"Washington Tiago","@id":"https:\/\/sudoesteacontece.com.br\/#\/schema\/person\/3cf2cf009926a9683ebc29d5379fa79c"},"headline":"Homem \u00e9 preso ap\u00f3s amea\u00e7ar ex e agredir cunhada na zona rural de Palmas de Monte Alto","datePublished":"2026-04-27T14:09:40+00:00","dateModified":"2026-04-27T14:09:45+00:00","mainEntityOfPage":{"@id":"https:\/\/sudoesteacontece.com.br\/?p=15729"},"wordCount":253,"commentCount":0,"publisher":{"@id":"https:\/\/sudoesteacontece.com.br\/#organization"},"image":{"@id":"https:\/\/sudoesteacontece.com.br\/?p=15729#primaryimage"},"thumbnailUrl":"http:\/\/sudoesteacontece.com.br\/wp-content\/uploads\/2026\/04\/Homem-e-preso-apos-ameacar-ex-e-agredir-cunhada-na-zona-rural-de-Palmas-de-Monte-Alto.jpg","articleSection":["Cidades","Palmas de Monte Alto","Pol\u00edcia"],"inLanguage":"pt-BR","potentialAction":[{"@type":"CommentAction","name":"Comment","target":["https:\/\/sudoesteacontece.com.br\/?p=15729#respond"]}]},{"@type":"WebPage","@id":"https:\/\/sudoesteacontece.com.br\/?p=15729","url":"https:\/\/sudoesteacontece.com.br\/?p=15729","name":"Homem \u00e9 preso ap\u00f3s amea\u00e7ar ex e agredir cunhada na zona rural de Palmas de Monte Alto - Sudoesteacontece","isPartOf":{"@id":"https:\/\/sudoesteacontece.com.br\/#website"},"primaryImageOfPage":{"@id":"https:\/\/sudoesteacontece.com.br\/?p=15729#primaryimage"},"image":{"@id":"https:\/\/sudoesteacontece.com.br\/?p=15729#primaryimage"},"thumbnailUrl":"http:\/\/sudoesteacontece.com.br\/wp-content\/uploads\/2026\/04\/Homem-e-preso-apos-ameacar-ex-e-agredir-cunhada-na-zona-rural-de-Palmas-de-Monte-Alto.jpg","datePublished":"2026-04-27T14:09:40+00:00","dateModified":"2026-04-27T14:09:45+00:00","breadcrumb":{"@id":"https:\/\/sudoesteacontece.com.br\/?p=15729#breadcrumb"},"inLanguage":"pt-BR","potentialAction":[{"@type":"ReadAction","target":["https:\/\/sudoesteacontece.com.br\/?p=15729"]}]},{"@type":"ImageObject","inLanguage":"pt-BR","@id":"https:\/\/sudoesteacontece.com.br\/?p=15729#primaryimage","url":"https:\/\/sudoesteacontece.com.br\/wp-content\/uploads\/2026\/04\/Homem-e-preso-apos-ameacar-ex-e-agredir-cunhada-na-zona-rural-de-Palmas-de-Monte-Alto.jpg","contentUrl":"https:\/\/sudoesteacontece.com.br\/wp-content\/uploads\/2026\/04\/Homem-e-preso-apos-ameacar-ex-e-agredir-cunhada-na-zona-rural-de-Palmas-de-Monte-Alto.jpg","width":900,"height":600},{"@type":"BreadcrumbList","@id":"https:\/\/sudoesteacontece.com.br\/?p=15729#breadcrumb","itemListElement":[{"@type":"ListItem","position":1,"name":"In\u00edcio","item":"https:\/\/sudoesteacontece.com.br\/"},{"@type":"ListItem","position":2,"name":"Homem \u00e9 preso ap\u00f3s amea\u00e7ar ex e agredir cunhada na zona rural de Palmas de Monte Alto"}]},{"@type":"WebSite","@id":"https:\/\/sudoesteacontece.com.br\/#website","url":"https:\/\/sudoesteacontece.com.br\/","name":"Sudoesteacontece","description":"","publisher":{"@id":"https:\/\/sudoesteacontece.com.br\/#organization"},"potentialAction":[{"@type":"SearchAction","target":{"@type":"EntryPoint","urlTemplate":"https:\/\/sudoesteacontece.com.br\/?s={search_term_string}"},"query-input":{"@type":"PropertyValueSpecification","valueRequired":true,"valueName":"search_term_string"}}],"inLanguage":"pt-BR"},{"@type":"Organization","@id":"https:\/\/sudoesteacontece.com.br\/#organization","name":"Sudoesteacontece","url":"https:\/\/sudoesteacontece.com.br\/","logo":{"@type":"ImageObject","inLanguage":"pt-BR","@id":"https:\/\/sudoesteacontece.com.br\/#\/schema\/logo\/image\/","url":"https:\/\/sudoesteacontece.com.br\/wp-content\/uploads\/2025\/12\/cropped-logo-2-180x180-1.png","contentUrl":"https:\/\/sudoesteacontece.com.br\/wp-content\/uploads\/2025\/12\/cropped-logo-2-180x180-1.png","width":180,"height":180,"caption":"Sudoesteacontece"},"image":{"@id":"https:\/\/sudoesteacontece.com.br\/#\/schema\/logo\/image\/"},"sameAs":["https:\/\/www.facebook.com\/sudoesteacontece\/?locale=pt_BR"]},{"@type":"Person","@id":"https:\/\/sudoesteacontece.com.br\/#\/schema\/person\/3cf2cf009926a9683ebc29d5379fa79c","name":"Washington Tiago","image":{"@type":"ImageObject","inLanguage":"pt-BR","@id":"https:\/\/sudoesteacontece.com.br\/#\/schema\/person\/image\/","url":"https:\/\/secure.gravatar.com\/avatar\/33c43b8668157e040f9d1fe93c354bf087cbd8ba36270c1163198bd3ddcf2a56?s=96&d=mm&r=g","contentUrl":"https:\/\/secure.gravatar.com\/avatar\/33c43b8668157e040f9d1fe93c354bf087cbd8ba36270c1163198bd3ddcf2a56?s=96&d=mm&r=g","caption":"Washington Tiago"},"url":"https:\/\/sudoesteacontece.com.br\/?author=2"}]}},"_links":{"self":[{"href":"https:\/\/sudoesteacontece.com.br\/index.php?rest_route=\/wp\/v2\/posts\/15729","targetHints":{"allow":["GET"]}}],"collection":[{"href":"https:\/\/sudoesteacontece.com.br\/index.php?rest_route=\/wp\/v2\/posts"}],"about":[{"href":"https:\/\/sudoesteacontece.com.br\/index.php?rest_route=\/wp\/v2\/types\/post"}],"author":[{"embeddable":true,"href":"https:\/\/sudoesteacontece.com.br\/index.php?rest_route=\/wp\/v2\/users\/2"}],"replies":[{"embeddable":true,"href":"https:\/\/sudoesteacontece.com.br\/index.php?rest_route=%2Fwp%2Fv2%2Fcomments&post=15729"}],"version-history":[{"count":1,"href":"https:\/\/sudoesteacontece.com.br\/index.php?rest_route=\/wp\/v2\/posts\/15729\/revisions"}],"predecessor-version":[{"id":15782,"href":"https:\/\/sudoesteacontece.com.br\/index.php?rest_route=\/wp\/v2\/posts\/15729\/revisions\/15782"}],"wp:attachment":[{"href":"https:\/\/sudoesteacontece.com.br\/index.php?rest_route=%2Fwp%2Fv2%2Fmedia&parent=15729"}],"wp:term":[{"taxonomy":"category","embeddable":true,"href":"https:\/\/sudoesteacontece.com.br\/index.php?rest_route=%2Fwp%2Fv2%2Fcategories&post=15729"},{"taxonomy":"post_tag","embeddable":true,"href":"https:\/\/sudoesteacontece.com.br\/index.php?rest_route=%2Fwp%2Fv2%2Ftags&post=15729"}],"curies":[{"name":"wp","href":"https:\/\/api.w.org\/{rel}","templated":true}]}}