{"id":15740,"date":"2026-04-27T12:02:50","date_gmt":"2026-04-27T15:02:50","guid":{"rendered":"https:\/\/sudoesteacontece.com.br\/?p=15740"},"modified":"2026-04-27T12:02:55","modified_gmt":"2026-04-27T15:02:55","slug":"jeronimo-reune-aliados-e-testa-forca-politica-durante-festa-dos-vaqueiros-em-milagres","status":"publish","type":"post","link":"https:\/\/sudoesteacontece.com.br\/?p=15740","title":{"rendered":"Jer\u00f4nimo re\u00fane aliados e testa for\u00e7a pol\u00edtica durante Festa dos Vaqueiros em Milagres"},"content":{"rendered":"<div class=\"wp-block-image\">\n<figure class=\"aligncenter size-full\"><img fetchpriority=\"high\" decoding=\"async\" width=\"900\" height=\"600\" src=\"http:\/\/sudoesteacontece.com.br\/wp-content\/uploads\/2026\/04\/Jeronimo-reune-aliados-e-testa-forca-politica-durante-Festa-dos-Vaqueiros-em-Milagres.jpg\" alt=\"\" class=\"wp-image-15797\" srcset=\"https:\/\/sudoesteacontece.com.br\/wp-content\/uploads\/2026\/04\/Jeronimo-reune-aliados-e-testa-forca-politica-durante-Festa-dos-Vaqueiros-em-Milagres.jpg 900w, https:\/\/sudoesteacontece.com.br\/wp-content\/uploads\/2026\/04\/Jeronimo-reune-aliados-e-testa-forca-politica-durante-Festa-dos-Vaqueiros-em-Milagres-300x200.jpg 300w, https:\/\/sudoesteacontece.com.br\/wp-content\/uploads\/2026\/04\/Jeronimo-reune-aliados-e-testa-forca-politica-durante-Festa-dos-Vaqueiros-em-Milagres-768x512.jpg 768w\" sizes=\"(max-width: 900px) 100vw, 900px\" \/><\/figure>\n<\/div>\n\n\n<p>O governador Jer\u00f4nimo Rodrigues participou neste domingo (26) da Festa dos Vaqueiros, em Milagres. A agenda reuniu compromissos institucionais e articula\u00e7\u00f5es pol\u00edticas. O evento \u00e9 um dos mais tradicionais do interior baiano. A presen\u00e7a de lideran\u00e7as refor\u00e7ou o peso pol\u00edtico da celebra\u00e7\u00e3o.<\/p>\n\n\n\n<p>Antes da programa\u00e7\u00e3o religiosa, o governador realizou entregas na regi\u00e3o. Ele inaugurou a pavimenta\u00e7\u00e3o da travessia urbana do distrito de Tartaruga. A obra liga a BA-046 \u00e0 BR-116. Tamb\u00e9m foram entregues ambul\u00e2ncias e um equipamento de raio-X m\u00f3vel. As a\u00e7\u00f5es refor\u00e7am a estrutura de sa\u00fade e mobilidade no munic\u00edpio.<\/p>\n\n\n\n<p>Durante o evento, Jer\u00f4nimo percorreu ruas da cidade e seguiu at\u00e9 o Santu\u00e1rio de Brotas. Ele participou da missa e integrou a prociss\u00e3o montado a cavalo. A celebra\u00e7\u00e3o re\u00fane f\u00e9, cultura sertaneja e turismo religioso. O p\u00fablico acompanhou a programa\u00e7\u00e3o ao longo dos tr\u00eas dias de festa.<\/p>\n\n\n\n<p>A agenda atraiu diversas lideran\u00e7as pol\u00edticas. Entre os presentes estavam M\u00e1rio Negromonte Jr. e Ronaldo Carletto. Tamb\u00e9m participaram Rog\u00e9rio Andrade e Felipe Duarte. Prefeitos e representantes de cidades da regi\u00e3o acompanharam a programa\u00e7\u00e3o.<\/p>\n\n\n\n<p>A movimenta\u00e7\u00e3o pol\u00edtica foi vista como demonstra\u00e7\u00e3o de for\u00e7a. A presen\u00e7a de aliados e gestores municipais ampliou a visibilidade do evento. A Festa dos Vaqueiros ocorreu entre os dias 24 e 26 de abril. O encontro refor\u00e7ou a import\u00e2ncia cultural e pol\u00edtica da celebra\u00e7\u00e3o no interior da Bahia.<\/p>\n","protected":false},"excerpt":{"rendered":"<p>O governador Jer\u00f4nimo Rodrigues participou neste domingo (26) da Festa dos Vaqueiros, em Milagres. A agenda reuniu compromissos institucionais e articula\u00e7\u00f5es pol\u00edticas. O evento \u00e9 um dos mais tradicionais do interior baiano. A presen\u00e7a de lideran\u00e7as refor\u00e7ou o peso pol\u00edtico da celebra\u00e7\u00e3o. Antes da programa\u00e7\u00e3o religiosa, o governador realizou entregas na regi\u00e3o. Ele inaugurou a pavimenta\u00e7\u00e3o da travessia urbana do distrito de Tartaruga. A obra liga a BA-046 \u00e0 BR-116. Tamb\u00e9m foram entregues ambul\u00e2ncias e um equipamento de raio-X m\u00f3vel. As a\u00e7\u00f5es refor\u00e7am a estrutura de sa\u00fade e mobilidade no munic\u00edpio. Durante o evento, Jer\u00f4nimo percorreu ruas da cidade e seguiu at\u00e9 o Santu\u00e1rio de Brotas. Ele participou da missa e integrou a prociss\u00e3o montado a cavalo. A celebra\u00e7\u00e3o re\u00fane f\u00e9, cultura sertaneja e turismo religioso. O p\u00fablico acompanhou a programa\u00e7\u00e3o ao longo dos tr\u00eas dias de festa. A agenda atraiu diversas lideran\u00e7as pol\u00edticas. Entre os presentes estavam M\u00e1rio Negromonte Jr. e Ronaldo Carletto. Tamb\u00e9m participaram Rog\u00e9rio Andrade e Felipe Duarte. Prefeitos e representantes de cidades da regi\u00e3o acompanharam a programa\u00e7\u00e3o. A movimenta\u00e7\u00e3o pol\u00edtica foi vista como demonstra\u00e7\u00e3o de for\u00e7a. A presen\u00e7a de aliados e gestores municipais ampliou a visibilidade do evento. A Festa dos Vaqueiros ocorreu entre os dias 24 e 26 de abril. O encontro refor\u00e7ou a import\u00e2ncia cultural e pol\u00edtica da celebra\u00e7\u00e3o no interior da Bahia.<\/p>\n","protected":false},"author":2,"featured_media":0,"comment_status":"open","ping_status":"open","sticky":false,"template":"","format":"standard","meta":{"footnotes":""},"categories":[7,4,58,6],"tags":[],"class_list":["post-15740","post","type-post","status-publish","format-standard","hentry","category-bahia","category-cidades","category-eleicoes-2026","category-politica"],"yoast_head":"<!-- This site is optimized with the Yoast SEO plugin v26.5 - https:\/\/yoast.com\/wordpress\/plugins\/seo\/ -->\n<title>Jer\u00f4nimo re\u00fane aliados e testa for\u00e7a pol\u00edtica durante Festa dos Vaqueiros em Milagres - Sudoesteacontece<\/title>\n<meta name=\"robots\" content=\"index, follow, max-snippet:-1, max-image-preview:large, max-video-preview:-1\" \/>\n<link rel=\"canonical\" href=\"https:\/\/sudoesteacontece.com.br\/?p=15740\" \/>\n<meta property=\"og:locale\" content=\"pt_BR\" \/>\n<meta property=\"og:type\" content=\"article\" \/>\n<meta property=\"og:title\" content=\"Jer\u00f4nimo re\u00fane aliados e testa for\u00e7a pol\u00edtica durante Festa dos Vaqueiros em Milagres - Sudoesteacontece\" \/>\n<meta property=\"og:description\" content=\"O governador Jer\u00f4nimo Rodrigues participou neste domingo (26) da Festa dos Vaqueiros, em Milagres. A agenda reuniu compromissos institucionais e articula\u00e7\u00f5es pol\u00edticas. O evento \u00e9 um dos mais tradicionais do interior baiano. A presen\u00e7a de lideran\u00e7as refor\u00e7ou o peso pol\u00edtico da celebra\u00e7\u00e3o. Antes da programa\u00e7\u00e3o religiosa, o governador realizou entregas na regi\u00e3o. Ele inaugurou a pavimenta\u00e7\u00e3o da travessia urbana do distrito de Tartaruga. A obra liga a BA-046 \u00e0 BR-116. Tamb\u00e9m foram entregues ambul\u00e2ncias e um equipamento de raio-X m\u00f3vel. As a\u00e7\u00f5es refor\u00e7am a estrutura de sa\u00fade e mobilidade no munic\u00edpio. Durante o evento, Jer\u00f4nimo percorreu ruas da cidade e seguiu at\u00e9 o Santu\u00e1rio de Brotas. Ele participou da missa e integrou a prociss\u00e3o montado a cavalo. A celebra\u00e7\u00e3o re\u00fane f\u00e9, cultura sertaneja e turismo religioso. O p\u00fablico acompanhou a programa\u00e7\u00e3o ao longo dos tr\u00eas dias de festa. A agenda atraiu diversas lideran\u00e7as pol\u00edticas. Entre os presentes estavam M\u00e1rio Negromonte Jr. e Ronaldo Carletto. Tamb\u00e9m participaram Rog\u00e9rio Andrade e Felipe Duarte. Prefeitos e representantes de cidades da regi\u00e3o acompanharam a programa\u00e7\u00e3o. A movimenta\u00e7\u00e3o pol\u00edtica foi vista como demonstra\u00e7\u00e3o de for\u00e7a. A presen\u00e7a de aliados e gestores municipais ampliou a visibilidade do evento. A Festa dos Vaqueiros ocorreu entre os dias 24 e 26 de abril. O encontro refor\u00e7ou a import\u00e2ncia cultural e pol\u00edtica da celebra\u00e7\u00e3o no interior da Bahia.\" \/>\n<meta property=\"og:url\" content=\"https:\/\/sudoesteacontece.com.br\/?p=15740\" \/>\n<meta property=\"og:site_name\" content=\"Sudoesteacontece\" \/>\n<meta property=\"article:publisher\" content=\"https:\/\/www.facebook.com\/sudoesteacontece\/?locale=pt_BR\" \/>\n<meta property=\"article:published_time\" content=\"2026-04-27T15:02:50+00:00\" \/>\n<meta property=\"article:modified_time\" content=\"2026-04-27T15:02:55+00:00\" \/>\n<meta property=\"og:image\" content=\"https:\/\/sudoesteacontece.com.br\/wp-content\/uploads\/2026\/04\/Jeronimo-reune-aliados-e-testa-forca-politica-durante-Festa-dos-Vaqueiros-em-Milagres.jpg\" \/>\n\t<meta property=\"og:image:width\" content=\"900\" \/>\n\t<meta property=\"og:image:height\" content=\"600\" \/>\n\t<meta property=\"og:image:type\" content=\"image\/jpeg\" \/>\n<meta name=\"author\" content=\"Washington Tiago\" \/>\n<meta name=\"twitter:card\" content=\"summary_large_image\" \/>\n<meta name=\"twitter:label1\" content=\"Escrito por\" \/>\n\t<meta name=\"twitter:data1\" content=\"Washington Tiago\" \/>\n\t<meta name=\"twitter:label2\" content=\"Est. tempo de leitura\" \/>\n\t<meta name=\"twitter:data2\" content=\"2 minutos\" \/>\n<script type=\"application\/ld+json\" class=\"yoast-schema-graph\">{\"@context\":\"https:\/\/schema.org\",\"@graph\":[{\"@type\":\"Article\",\"@id\":\"https:\/\/sudoesteacontece.com.br\/?p=15740#article\",\"isPartOf\":{\"@id\":\"https:\/\/sudoesteacontece.com.br\/?p=15740\"},\"author\":{\"name\":\"Washington Tiago\",\"@id\":\"https:\/\/sudoesteacontece.com.br\/#\/schema\/person\/3cf2cf009926a9683ebc29d5379fa79c\"},\"headline\":\"Jer\u00f4nimo re\u00fane aliados e testa for\u00e7a pol\u00edtica durante Festa dos Vaqueiros em Milagres\",\"datePublished\":\"2026-04-27T15:02:50+00:00\",\"dateModified\":\"2026-04-27T15:02:55+00:00\",\"mainEntityOfPage\":{\"@id\":\"https:\/\/sudoesteacontece.com.br\/?p=15740\"},\"wordCount\":273,\"commentCount\":0,\"publisher\":{\"@id\":\"https:\/\/sudoesteacontece.com.br\/#organization\"},\"image\":{\"@id\":\"https:\/\/sudoesteacontece.com.br\/?p=15740#primaryimage\"},\"thumbnailUrl\":\"http:\/\/sudoesteacontece.com.br\/wp-content\/uploads\/2026\/04\/Jeronimo-reune-aliados-e-testa-forca-politica-durante-Festa-dos-Vaqueiros-em-Milagres.jpg\",\"articleSection\":[\"Bahia\",\"Cidades\",\"Elei\u00e7\u00f5es 2026\",\"Pol\u00edtica\"],\"inLanguage\":\"pt-BR\",\"potentialAction\":[{\"@type\":\"CommentAction\",\"name\":\"Comment\",\"target\":[\"https:\/\/sudoesteacontece.com.br\/?p=15740#respond\"]}]},{\"@type\":\"WebPage\",\"@id\":\"https:\/\/sudoesteacontece.com.br\/?p=15740\",\"url\":\"https:\/\/sudoesteacontece.com.br\/?p=15740\",\"name\":\"Jer\u00f4nimo re\u00fane aliados e testa for\u00e7a pol\u00edtica durante Festa dos Vaqueiros em Milagres - Sudoesteacontece\",\"isPartOf\":{\"@id\":\"https:\/\/sudoesteacontece.com.br\/#website\"},\"primaryImageOfPage\":{\"@id\":\"https:\/\/sudoesteacontece.com.br\/?p=15740#primaryimage\"},\"image\":{\"@id\":\"https:\/\/sudoesteacontece.com.br\/?p=15740#primaryimage\"},\"thumbnailUrl\":\"http:\/\/sudoesteacontece.com.br\/wp-content\/uploads\/2026\/04\/Jeronimo-reune-aliados-e-testa-forca-politica-durante-Festa-dos-Vaqueiros-em-Milagres.jpg\",\"datePublished\":\"2026-04-27T15:02:50+00:00\",\"dateModified\":\"2026-04-27T15:02:55+00:00\",\"breadcrumb\":{\"@id\":\"https:\/\/sudoesteacontece.com.br\/?p=15740#breadcrumb\"},\"inLanguage\":\"pt-BR\",\"potentialAction\":[{\"@type\":\"ReadAction\",\"target\":[\"https:\/\/sudoesteacontece.com.br\/?p=15740\"]}]},{\"@type\":\"ImageObject\",\"inLanguage\":\"pt-BR\",\"@id\":\"https:\/\/sudoesteacontece.com.br\/?p=15740#primaryimage\",\"url\":\"https:\/\/sudoesteacontece.com.br\/wp-content\/uploads\/2026\/04\/Jeronimo-reune-aliados-e-testa-forca-politica-durante-Festa-dos-Vaqueiros-em-Milagres.jpg\",\"contentUrl\":\"https:\/\/sudoesteacontece.com.br\/wp-content\/uploads\/2026\/04\/Jeronimo-reune-aliados-e-testa-forca-politica-durante-Festa-dos-Vaqueiros-em-Milagres.jpg\",\"width\":900,\"height\":600},{\"@type\":\"BreadcrumbList\",\"@id\":\"https:\/\/sudoesteacontece.com.br\/?p=15740#breadcrumb\",\"itemListElement\":[{\"@type\":\"ListItem\",\"position\":1,\"name\":\"In\u00edcio\",\"item\":\"https:\/\/sudoesteacontece.com.br\/\"},{\"@type\":\"ListItem\",\"position\":2,\"name\":\"Jer\u00f4nimo re\u00fane aliados e testa for\u00e7a pol\u00edtica durante Festa dos Vaqueiros em Milagres\"}]},{\"@type\":\"WebSite\",\"@id\":\"https:\/\/sudoesteacontece.com.br\/#website\",\"url\":\"https:\/\/sudoesteacontece.com.br\/\",\"name\":\"Sudoesteacontece\",\"description\":\"\",\"publisher\":{\"@id\":\"https:\/\/sudoesteacontece.com.br\/#organization\"},\"potentialAction\":[{\"@type\":\"SearchAction\",\"target\":{\"@type\":\"EntryPoint\",\"urlTemplate\":\"https:\/\/sudoesteacontece.com.br\/?s={search_term_string}\"},\"query-input\":{\"@type\":\"PropertyValueSpecification\",\"valueRequired\":true,\"valueName\":\"search_term_string\"}}],\"inLanguage\":\"pt-BR\"},{\"@type\":\"Organization\",\"@id\":\"https:\/\/sudoesteacontece.com.br\/#organization\",\"name\":\"Sudoesteacontece\",\"url\":\"https:\/\/sudoesteacontece.com.br\/\",\"logo\":{\"@type\":\"ImageObject\",\"inLanguage\":\"pt-BR\",\"@id\":\"https:\/\/sudoesteacontece.com.br\/#\/schema\/logo\/image\/\",\"url\":\"https:\/\/sudoesteacontece.com.br\/wp-content\/uploads\/2025\/12\/cropped-logo-2-180x180-1.png\",\"contentUrl\":\"https:\/\/sudoesteacontece.com.br\/wp-content\/uploads\/2025\/12\/cropped-logo-2-180x180-1.png\",\"width\":180,\"height\":180,\"caption\":\"Sudoesteacontece\"},\"image\":{\"@id\":\"https:\/\/sudoesteacontece.com.br\/#\/schema\/logo\/image\/\"},\"sameAs\":[\"https:\/\/www.facebook.com\/sudoesteacontece\/?locale=pt_BR\"]},{\"@type\":\"Person\",\"@id\":\"https:\/\/sudoesteacontece.com.br\/#\/schema\/person\/3cf2cf009926a9683ebc29d5379fa79c\",\"name\":\"Washington Tiago\",\"image\":{\"@type\":\"ImageObject\",\"inLanguage\":\"pt-BR\",\"@id\":\"https:\/\/sudoesteacontece.com.br\/#\/schema\/person\/image\/\",\"url\":\"https:\/\/secure.gravatar.com\/avatar\/33c43b8668157e040f9d1fe93c354bf087cbd8ba36270c1163198bd3ddcf2a56?s=96&d=mm&r=g\",\"contentUrl\":\"https:\/\/secure.gravatar.com\/avatar\/33c43b8668157e040f9d1fe93c354bf087cbd8ba36270c1163198bd3ddcf2a56?s=96&d=mm&r=g\",\"caption\":\"Washington Tiago\"},\"url\":\"https:\/\/sudoesteacontece.com.br\/?author=2\"}]}<\/script>\n<!-- \/ Yoast SEO plugin. -->","yoast_head_json":{"title":"Jer\u00f4nimo re\u00fane aliados e testa for\u00e7a pol\u00edtica durante Festa dos Vaqueiros em Milagres - Sudoesteacontece","robots":{"index":"index","follow":"follow","max-snippet":"max-snippet:-1","max-image-preview":"max-image-preview:large","max-video-preview":"max-video-preview:-1"},"canonical":"https:\/\/sudoesteacontece.com.br\/?p=15740","og_locale":"pt_BR","og_type":"article","og_title":"Jer\u00f4nimo re\u00fane aliados e testa for\u00e7a pol\u00edtica durante Festa dos Vaqueiros em Milagres - Sudoesteacontece","og_description":"O governador Jer\u00f4nimo Rodrigues participou neste domingo (26) da Festa dos Vaqueiros, em Milagres. A agenda reuniu compromissos institucionais e articula\u00e7\u00f5es pol\u00edticas. O evento \u00e9 um dos mais tradicionais do interior baiano. A presen\u00e7a de lideran\u00e7as refor\u00e7ou o peso pol\u00edtico da celebra\u00e7\u00e3o. Antes da programa\u00e7\u00e3o religiosa, o governador realizou entregas na regi\u00e3o. Ele inaugurou a pavimenta\u00e7\u00e3o da travessia urbana do distrito de Tartaruga. A obra liga a BA-046 \u00e0 BR-116. Tamb\u00e9m foram entregues ambul\u00e2ncias e um equipamento de raio-X m\u00f3vel. As a\u00e7\u00f5es refor\u00e7am a estrutura de sa\u00fade e mobilidade no munic\u00edpio. Durante o evento, Jer\u00f4nimo percorreu ruas da cidade e seguiu at\u00e9 o Santu\u00e1rio de Brotas. Ele participou da missa e integrou a prociss\u00e3o montado a cavalo. A celebra\u00e7\u00e3o re\u00fane f\u00e9, cultura sertaneja e turismo religioso. O p\u00fablico acompanhou a programa\u00e7\u00e3o ao longo dos tr\u00eas dias de festa. A agenda atraiu diversas lideran\u00e7as pol\u00edticas. Entre os presentes estavam M\u00e1rio Negromonte Jr. e Ronaldo Carletto. Tamb\u00e9m participaram Rog\u00e9rio Andrade e Felipe Duarte. Prefeitos e representantes de cidades da regi\u00e3o acompanharam a programa\u00e7\u00e3o. A movimenta\u00e7\u00e3o pol\u00edtica foi vista como demonstra\u00e7\u00e3o de for\u00e7a. A presen\u00e7a de aliados e gestores municipais ampliou a visibilidade do evento. A Festa dos Vaqueiros ocorreu entre os dias 24 e 26 de abril. O encontro refor\u00e7ou a import\u00e2ncia cultural e pol\u00edtica da celebra\u00e7\u00e3o no interior da Bahia.","og_url":"https:\/\/sudoesteacontece.com.br\/?p=15740","og_site_name":"Sudoesteacontece","article_publisher":"https:\/\/www.facebook.com\/sudoesteacontece\/?locale=pt_BR","article_published_time":"2026-04-27T15:02:50+00:00","article_modified_time":"2026-04-27T15:02:55+00:00","og_image":[{"width":900,"height":600,"url":"https:\/\/sudoesteacontece.com.br\/wp-content\/uploads\/2026\/04\/Jeronimo-reune-aliados-e-testa-forca-politica-durante-Festa-dos-Vaqueiros-em-Milagres.jpg","type":"image\/jpeg"}],"author":"Washington Tiago","twitter_card":"summary_large_image","twitter_misc":{"Escrito por":"Washington Tiago","Est. tempo de leitura":"2 minutos"},"schema":{"@context":"https:\/\/schema.org","@graph":[{"@type":"Article","@id":"https:\/\/sudoesteacontece.com.br\/?p=15740#article","isPartOf":{"@id":"https:\/\/sudoesteacontece.com.br\/?p=15740"},"author":{"name":"Washington Tiago","@id":"https:\/\/sudoesteacontece.com.br\/#\/schema\/person\/3cf2cf009926a9683ebc29d5379fa79c"},"headline":"Jer\u00f4nimo re\u00fane aliados e testa for\u00e7a pol\u00edtica durante Festa dos Vaqueiros em Milagres","datePublished":"2026-04-27T15:02:50+00:00","dateModified":"2026-04-27T15:02:55+00:00","mainEntityOfPage":{"@id":"https:\/\/sudoesteacontece.com.br\/?p=15740"},"wordCount":273,"commentCount":0,"publisher":{"@id":"https:\/\/sudoesteacontece.com.br\/#organization"},"image":{"@id":"https:\/\/sudoesteacontece.com.br\/?p=15740#primaryimage"},"thumbnailUrl":"http:\/\/sudoesteacontece.com.br\/wp-content\/uploads\/2026\/04\/Jeronimo-reune-aliados-e-testa-forca-politica-durante-Festa-dos-Vaqueiros-em-Milagres.jpg","articleSection":["Bahia","Cidades","Elei\u00e7\u00f5es 2026","Pol\u00edtica"],"inLanguage":"pt-BR","potentialAction":[{"@type":"CommentAction","name":"Comment","target":["https:\/\/sudoesteacontece.com.br\/?p=15740#respond"]}]},{"@type":"WebPage","@id":"https:\/\/sudoesteacontece.com.br\/?p=15740","url":"https:\/\/sudoesteacontece.com.br\/?p=15740","name":"Jer\u00f4nimo re\u00fane aliados e testa for\u00e7a pol\u00edtica durante Festa dos Vaqueiros em Milagres - Sudoesteacontece","isPartOf":{"@id":"https:\/\/sudoesteacontece.com.br\/#website"},"primaryImageOfPage":{"@id":"https:\/\/sudoesteacontece.com.br\/?p=15740#primaryimage"},"image":{"@id":"https:\/\/sudoesteacontece.com.br\/?p=15740#primaryimage"},"thumbnailUrl":"http:\/\/sudoesteacontece.com.br\/wp-content\/uploads\/2026\/04\/Jeronimo-reune-aliados-e-testa-forca-politica-durante-Festa-dos-Vaqueiros-em-Milagres.jpg","datePublished":"2026-04-27T15:02:50+00:00","dateModified":"2026-04-27T15:02:55+00:00","breadcrumb":{"@id":"https:\/\/sudoesteacontece.com.br\/?p=15740#breadcrumb"},"inLanguage":"pt-BR","potentialAction":[{"@type":"ReadAction","target":["https:\/\/sudoesteacontece.com.br\/?p=15740"]}]},{"@type":"ImageObject","inLanguage":"pt-BR","@id":"https:\/\/sudoesteacontece.com.br\/?p=15740#primaryimage","url":"https:\/\/sudoesteacontece.com.br\/wp-content\/uploads\/2026\/04\/Jeronimo-reune-aliados-e-testa-forca-politica-durante-Festa-dos-Vaqueiros-em-Milagres.jpg","contentUrl":"https:\/\/sudoesteacontece.com.br\/wp-content\/uploads\/2026\/04\/Jeronimo-reune-aliados-e-testa-forca-politica-durante-Festa-dos-Vaqueiros-em-Milagres.jpg","width":900,"height":600},{"@type":"BreadcrumbList","@id":"https:\/\/sudoesteacontece.com.br\/?p=15740#breadcrumb","itemListElement":[{"@type":"ListItem","position":1,"name":"In\u00edcio","item":"https:\/\/sudoesteacontece.com.br\/"},{"@type":"ListItem","position":2,"name":"Jer\u00f4nimo re\u00fane aliados e testa for\u00e7a pol\u00edtica durante Festa dos Vaqueiros em Milagres"}]},{"@type":"WebSite","@id":"https:\/\/sudoesteacontece.com.br\/#website","url":"https:\/\/sudoesteacontece.com.br\/","name":"Sudoesteacontece","description":"","publisher":{"@id":"https:\/\/sudoesteacontece.com.br\/#organization"},"potentialAction":[{"@type":"SearchAction","target":{"@type":"EntryPoint","urlTemplate":"https:\/\/sudoesteacontece.com.br\/?s={search_term_string}"},"query-input":{"@type":"PropertyValueSpecification","valueRequired":true,"valueName":"search_term_string"}}],"inLanguage":"pt-BR"},{"@type":"Organization","@id":"https:\/\/sudoesteacontece.com.br\/#organization","name":"Sudoesteacontece","url":"https:\/\/sudoesteacontece.com.br\/","logo":{"@type":"ImageObject","inLanguage":"pt-BR","@id":"https:\/\/sudoesteacontece.com.br\/#\/schema\/logo\/image\/","url":"https:\/\/sudoesteacontece.com.br\/wp-content\/uploads\/2025\/12\/cropped-logo-2-180x180-1.png","contentUrl":"https:\/\/sudoesteacontece.com.br\/wp-content\/uploads\/2025\/12\/cropped-logo-2-180x180-1.png","width":180,"height":180,"caption":"Sudoesteacontece"},"image":{"@id":"https:\/\/sudoesteacontece.com.br\/#\/schema\/logo\/image\/"},"sameAs":["https:\/\/www.facebook.com\/sudoesteacontece\/?locale=pt_BR"]},{"@type":"Person","@id":"https:\/\/sudoesteacontece.com.br\/#\/schema\/person\/3cf2cf009926a9683ebc29d5379fa79c","name":"Washington Tiago","image":{"@type":"ImageObject","inLanguage":"pt-BR","@id":"https:\/\/sudoesteacontece.com.br\/#\/schema\/person\/image\/","url":"https:\/\/secure.gravatar.com\/avatar\/33c43b8668157e040f9d1fe93c354bf087cbd8ba36270c1163198bd3ddcf2a56?s=96&d=mm&r=g","contentUrl":"https:\/\/secure.gravatar.com\/avatar\/33c43b8668157e040f9d1fe93c354bf087cbd8ba36270c1163198bd3ddcf2a56?s=96&d=mm&r=g","caption":"Washington Tiago"},"url":"https:\/\/sudoesteacontece.com.br\/?author=2"}]}},"_links":{"self":[{"href":"https:\/\/sudoesteacontece.com.br\/index.php?rest_route=\/wp\/v2\/posts\/15740","targetHints":{"allow":["GET"]}}],"collection":[{"href":"https:\/\/sudoesteacontece.com.br\/index.php?rest_route=\/wp\/v2\/posts"}],"about":[{"href":"https:\/\/sudoesteacontece.com.br\/index.php?rest_route=\/wp\/v2\/types\/post"}],"author":[{"embeddable":true,"href":"https:\/\/sudoesteacontece.com.br\/index.php?rest_route=\/wp\/v2\/users\/2"}],"replies":[{"embeddable":true,"href":"https:\/\/sudoesteacontece.com.br\/index.php?rest_route=%2Fwp%2Fv2%2Fcomments&post=15740"}],"version-history":[{"count":1,"href":"https:\/\/sudoesteacontece.com.br\/index.php?rest_route=\/wp\/v2\/posts\/15740\/revisions"}],"predecessor-version":[{"id":15798,"href":"https:\/\/sudoesteacontece.com.br\/index.php?rest_route=\/wp\/v2\/posts\/15740\/revisions\/15798"}],"wp:attachment":[{"href":"https:\/\/sudoesteacontece.com.br\/index.php?rest_route=%2Fwp%2Fv2%2Fmedia&parent=15740"}],"wp:term":[{"taxonomy":"category","embeddable":true,"href":"https:\/\/sudoesteacontece.com.br\/index.php?rest_route=%2Fwp%2Fv2%2Fcategories&post=15740"},{"taxonomy":"post_tag","embeddable":true,"href":"https:\/\/sudoesteacontece.com.br\/index.php?rest_route=%2Fwp%2Fv2%2Ftags&post=15740"}],"curies":[{"name":"wp","href":"https:\/\/api.w.org\/{rel}","templated":true}]}}