{"id":15744,"date":"2026-04-27T12:11:49","date_gmt":"2026-04-27T15:11:49","guid":{"rendered":"https:\/\/sudoesteacontece.com.br\/?p=15744"},"modified":"2026-04-27T12:11:53","modified_gmt":"2026-04-27T15:11:53","slug":"pm-e-vara-do-juri-realizam-encontro-para-alinhar-acoes-em-vitoria-da-conquista","status":"publish","type":"post","link":"https:\/\/sudoesteacontece.com.br\/?p=15744","title":{"rendered":"PM e Vara do J\u00fari realizam encontro para alinhar a\u00e7\u00f5es em Vit\u00f3ria da Conquista"},"content":{"rendered":"<div class=\"wp-block-image\">\n<figure class=\"aligncenter size-full\"><img fetchpriority=\"high\" decoding=\"async\" width=\"900\" height=\"600\" src=\"http:\/\/sudoesteacontece.com.br\/wp-content\/uploads\/2026\/04\/PM-e-Vara-do-Juri-realizam-encontro-para-alinhar-acoes-em-Vitoria-da-Conquista.jpg\" alt=\"\" class=\"wp-image-15802\" srcset=\"https:\/\/sudoesteacontece.com.br\/wp-content\/uploads\/2026\/04\/PM-e-Vara-do-Juri-realizam-encontro-para-alinhar-acoes-em-Vitoria-da-Conquista.jpg 900w, https:\/\/sudoesteacontece.com.br\/wp-content\/uploads\/2026\/04\/PM-e-Vara-do-Juri-realizam-encontro-para-alinhar-acoes-em-Vitoria-da-Conquista-300x200.jpg 300w, https:\/\/sudoesteacontece.com.br\/wp-content\/uploads\/2026\/04\/PM-e-Vara-do-Juri-realizam-encontro-para-alinhar-acoes-em-Vitoria-da-Conquista-768x512.jpg 768w\" sizes=\"(max-width: 900px) 100vw, 900px\" \/><\/figure>\n<\/div>\n\n\n<p>A Pol\u00edcia Militar da Bahia realizou, na manh\u00e3 de sexta-feira (24), um encontro institucional em Vit\u00f3ria da Conquista. A reuni\u00e3o envolveu policiais da Rondesp Sudoeste e representantes da Vara do J\u00fari. A iniciativa buscou fortalecer a atua\u00e7\u00e3o conjunta entre as institui\u00e7\u00f5es. O objetivo foi melhorar os servi\u00e7os prestados \u00e0 popula\u00e7\u00e3o.<\/p>\n\n\n\n<p>Durante o encontro, a ju\u00edza Janine Matos Ferraz participou da agenda com sua equipe. Ela conheceu as instala\u00e7\u00f5es e o funcionamento da Rondesp Sudoeste. A visita permitiu maior compreens\u00e3o sobre as opera\u00e7\u00f5es da unidade policial. A troca de informa\u00e7\u00f5es foi destacada como ponto central da reuni\u00e3o.<\/p>\n\n\n\n<p>Al\u00e9m disso, os policiais tamb\u00e9m tiveram acesso a detalhes sobre o trabalho da Vara do J\u00fari. O \u00f3rg\u00e3o \u00e9 respons\u00e1vel por julgar crimes contra a vida. A aproxima\u00e7\u00e3o entre as institui\u00e7\u00f5es facilita o alinhamento de procedimentos. A integra\u00e7\u00e3o contribui para maior efici\u00eancia nas a\u00e7\u00f5es de seguran\u00e7a e justi\u00e7a.<\/p>\n\n\n\n<p>A a\u00e7\u00e3o refor\u00e7a a import\u00e2ncia do di\u00e1logo entre for\u00e7as de seguran\u00e7a e o Judici\u00e1rio. A expectativa \u00e9 de que novas iniciativas ocorram. O foco \u00e9 ampliar a coopera\u00e7\u00e3o institucional. O trabalho conjunto busca dar mais agilidade e qualidade ao atendimento \u00e0 sociedade.<\/p>\n","protected":false},"excerpt":{"rendered":"<p>A Pol\u00edcia Militar da Bahia realizou, na manh\u00e3 de sexta-feira (24), um encontro institucional em Vit\u00f3ria da Conquista. A reuni\u00e3o envolveu policiais da Rondesp Sudoeste e representantes da Vara do J\u00fari. A iniciativa buscou fortalecer a atua\u00e7\u00e3o conjunta entre as institui\u00e7\u00f5es. O objetivo foi melhorar os servi\u00e7os prestados \u00e0 popula\u00e7\u00e3o. Durante o encontro, a ju\u00edza Janine Matos Ferraz participou da agenda com sua equipe. Ela conheceu as instala\u00e7\u00f5es e o funcionamento da Rondesp Sudoeste. A visita permitiu maior compreens\u00e3o sobre as opera\u00e7\u00f5es da unidade policial. A troca de informa\u00e7\u00f5es foi destacada como ponto central da reuni\u00e3o. Al\u00e9m disso, os policiais tamb\u00e9m tiveram acesso a detalhes sobre o trabalho da Vara do J\u00fari. O \u00f3rg\u00e3o \u00e9 respons\u00e1vel por julgar crimes contra a vida. A aproxima\u00e7\u00e3o entre as institui\u00e7\u00f5es facilita o alinhamento de procedimentos. A integra\u00e7\u00e3o contribui para maior efici\u00eancia nas a\u00e7\u00f5es de seguran\u00e7a e justi\u00e7a. A a\u00e7\u00e3o refor\u00e7a a import\u00e2ncia do di\u00e1logo entre for\u00e7as de seguran\u00e7a e o Judici\u00e1rio. A expectativa \u00e9 de que novas iniciativas ocorram. O foco \u00e9 ampliar a coopera\u00e7\u00e3o institucional. O trabalho conjunto busca dar mais agilidade e qualidade ao atendimento \u00e0 sociedade.<\/p>\n","protected":false},"author":2,"featured_media":0,"comment_status":"open","ping_status":"open","sticky":false,"template":"","format":"standard","meta":{"footnotes":""},"categories":[4,13,3,8],"tags":[],"class_list":["post-15744","post","type-post","status-publish","format-standard","hentry","category-cidades","category-justica","category-policia","category-vitoria-da-conquista"],"yoast_head":"<!-- This site is optimized with the Yoast SEO plugin v26.5 - https:\/\/yoast.com\/wordpress\/plugins\/seo\/ -->\n<title>PM e Vara do J\u00fari realizam encontro para alinhar a\u00e7\u00f5es em Vit\u00f3ria da Conquista - Sudoesteacontece<\/title>\n<meta name=\"robots\" content=\"index, follow, max-snippet:-1, max-image-preview:large, max-video-preview:-1\" \/>\n<link rel=\"canonical\" href=\"https:\/\/sudoesteacontece.com.br\/?p=15744\" \/>\n<meta property=\"og:locale\" content=\"pt_BR\" \/>\n<meta property=\"og:type\" content=\"article\" \/>\n<meta property=\"og:title\" content=\"PM e Vara do J\u00fari realizam encontro para alinhar a\u00e7\u00f5es em Vit\u00f3ria da Conquista - Sudoesteacontece\" \/>\n<meta property=\"og:description\" content=\"A Pol\u00edcia Militar da Bahia realizou, na manh\u00e3 de sexta-feira (24), um encontro institucional em Vit\u00f3ria da Conquista. A reuni\u00e3o envolveu policiais da Rondesp Sudoeste e representantes da Vara do J\u00fari. A iniciativa buscou fortalecer a atua\u00e7\u00e3o conjunta entre as institui\u00e7\u00f5es. O objetivo foi melhorar os servi\u00e7os prestados \u00e0 popula\u00e7\u00e3o. Durante o encontro, a ju\u00edza Janine Matos Ferraz participou da agenda com sua equipe. Ela conheceu as instala\u00e7\u00f5es e o funcionamento da Rondesp Sudoeste. A visita permitiu maior compreens\u00e3o sobre as opera\u00e7\u00f5es da unidade policial. A troca de informa\u00e7\u00f5es foi destacada como ponto central da reuni\u00e3o. Al\u00e9m disso, os policiais tamb\u00e9m tiveram acesso a detalhes sobre o trabalho da Vara do J\u00fari. O \u00f3rg\u00e3o \u00e9 respons\u00e1vel por julgar crimes contra a vida. A aproxima\u00e7\u00e3o entre as institui\u00e7\u00f5es facilita o alinhamento de procedimentos. A integra\u00e7\u00e3o contribui para maior efici\u00eancia nas a\u00e7\u00f5es de seguran\u00e7a e justi\u00e7a. A a\u00e7\u00e3o refor\u00e7a a import\u00e2ncia do di\u00e1logo entre for\u00e7as de seguran\u00e7a e o Judici\u00e1rio. A expectativa \u00e9 de que novas iniciativas ocorram. O foco \u00e9 ampliar a coopera\u00e7\u00e3o institucional. O trabalho conjunto busca dar mais agilidade e qualidade ao atendimento \u00e0 sociedade.\" \/>\n<meta property=\"og:url\" content=\"https:\/\/sudoesteacontece.com.br\/?p=15744\" \/>\n<meta property=\"og:site_name\" content=\"Sudoesteacontece\" \/>\n<meta property=\"article:publisher\" content=\"https:\/\/www.facebook.com\/sudoesteacontece\/?locale=pt_BR\" \/>\n<meta property=\"article:published_time\" content=\"2026-04-27T15:11:49+00:00\" \/>\n<meta property=\"article:modified_time\" content=\"2026-04-27T15:11:53+00:00\" \/>\n<meta property=\"og:image\" content=\"https:\/\/sudoesteacontece.com.br\/wp-content\/uploads\/2026\/04\/PM-e-Vara-do-Juri-realizam-encontro-para-alinhar-acoes-em-Vitoria-da-Conquista.jpg\" \/>\n\t<meta property=\"og:image:width\" content=\"900\" \/>\n\t<meta property=\"og:image:height\" content=\"600\" \/>\n\t<meta property=\"og:image:type\" content=\"image\/jpeg\" \/>\n<meta name=\"author\" content=\"Washington Tiago\" \/>\n<meta name=\"twitter:card\" content=\"summary_large_image\" \/>\n<meta name=\"twitter:label1\" content=\"Escrito por\" \/>\n\t<meta name=\"twitter:data1\" content=\"Washington Tiago\" \/>\n\t<meta name=\"twitter:label2\" content=\"Est. tempo de leitura\" \/>\n\t<meta name=\"twitter:data2\" content=\"2 minutos\" \/>\n<script type=\"application\/ld+json\" class=\"yoast-schema-graph\">{\"@context\":\"https:\/\/schema.org\",\"@graph\":[{\"@type\":\"Article\",\"@id\":\"https:\/\/sudoesteacontece.com.br\/?p=15744#article\",\"isPartOf\":{\"@id\":\"https:\/\/sudoesteacontece.com.br\/?p=15744\"},\"author\":{\"name\":\"Washington Tiago\",\"@id\":\"https:\/\/sudoesteacontece.com.br\/#\/schema\/person\/3cf2cf009926a9683ebc29d5379fa79c\"},\"headline\":\"PM e Vara do J\u00fari realizam encontro para alinhar a\u00e7\u00f5es em Vit\u00f3ria da Conquista\",\"datePublished\":\"2026-04-27T15:11:49+00:00\",\"dateModified\":\"2026-04-27T15:11:53+00:00\",\"mainEntityOfPage\":{\"@id\":\"https:\/\/sudoesteacontece.com.br\/?p=15744\"},\"wordCount\":231,\"commentCount\":0,\"publisher\":{\"@id\":\"https:\/\/sudoesteacontece.com.br\/#organization\"},\"image\":{\"@id\":\"https:\/\/sudoesteacontece.com.br\/?p=15744#primaryimage\"},\"thumbnailUrl\":\"http:\/\/sudoesteacontece.com.br\/wp-content\/uploads\/2026\/04\/PM-e-Vara-do-Juri-realizam-encontro-para-alinhar-acoes-em-Vitoria-da-Conquista.jpg\",\"articleSection\":[\"Cidades\",\"Justi\u00e7a\",\"Pol\u00edcia\",\"Vit\u00f3ria da Conquista\"],\"inLanguage\":\"pt-BR\",\"potentialAction\":[{\"@type\":\"CommentAction\",\"name\":\"Comment\",\"target\":[\"https:\/\/sudoesteacontece.com.br\/?p=15744#respond\"]}]},{\"@type\":\"WebPage\",\"@id\":\"https:\/\/sudoesteacontece.com.br\/?p=15744\",\"url\":\"https:\/\/sudoesteacontece.com.br\/?p=15744\",\"name\":\"PM e Vara do J\u00fari realizam encontro para alinhar a\u00e7\u00f5es em Vit\u00f3ria da Conquista - Sudoesteacontece\",\"isPartOf\":{\"@id\":\"https:\/\/sudoesteacontece.com.br\/#website\"},\"primaryImageOfPage\":{\"@id\":\"https:\/\/sudoesteacontece.com.br\/?p=15744#primaryimage\"},\"image\":{\"@id\":\"https:\/\/sudoesteacontece.com.br\/?p=15744#primaryimage\"},\"thumbnailUrl\":\"http:\/\/sudoesteacontece.com.br\/wp-content\/uploads\/2026\/04\/PM-e-Vara-do-Juri-realizam-encontro-para-alinhar-acoes-em-Vitoria-da-Conquista.jpg\",\"datePublished\":\"2026-04-27T15:11:49+00:00\",\"dateModified\":\"2026-04-27T15:11:53+00:00\",\"breadcrumb\":{\"@id\":\"https:\/\/sudoesteacontece.com.br\/?p=15744#breadcrumb\"},\"inLanguage\":\"pt-BR\",\"potentialAction\":[{\"@type\":\"ReadAction\",\"target\":[\"https:\/\/sudoesteacontece.com.br\/?p=15744\"]}]},{\"@type\":\"ImageObject\",\"inLanguage\":\"pt-BR\",\"@id\":\"https:\/\/sudoesteacontece.com.br\/?p=15744#primaryimage\",\"url\":\"https:\/\/sudoesteacontece.com.br\/wp-content\/uploads\/2026\/04\/PM-e-Vara-do-Juri-realizam-encontro-para-alinhar-acoes-em-Vitoria-da-Conquista.jpg\",\"contentUrl\":\"https:\/\/sudoesteacontece.com.br\/wp-content\/uploads\/2026\/04\/PM-e-Vara-do-Juri-realizam-encontro-para-alinhar-acoes-em-Vitoria-da-Conquista.jpg\",\"width\":900,\"height\":600},{\"@type\":\"BreadcrumbList\",\"@id\":\"https:\/\/sudoesteacontece.com.br\/?p=15744#breadcrumb\",\"itemListElement\":[{\"@type\":\"ListItem\",\"position\":1,\"name\":\"In\u00edcio\",\"item\":\"https:\/\/sudoesteacontece.com.br\/\"},{\"@type\":\"ListItem\",\"position\":2,\"name\":\"PM e Vara do J\u00fari realizam encontro para alinhar a\u00e7\u00f5es em Vit\u00f3ria da Conquista\"}]},{\"@type\":\"WebSite\",\"@id\":\"https:\/\/sudoesteacontece.com.br\/#website\",\"url\":\"https:\/\/sudoesteacontece.com.br\/\",\"name\":\"Sudoesteacontece\",\"description\":\"\",\"publisher\":{\"@id\":\"https:\/\/sudoesteacontece.com.br\/#organization\"},\"potentialAction\":[{\"@type\":\"SearchAction\",\"target\":{\"@type\":\"EntryPoint\",\"urlTemplate\":\"https:\/\/sudoesteacontece.com.br\/?s={search_term_string}\"},\"query-input\":{\"@type\":\"PropertyValueSpecification\",\"valueRequired\":true,\"valueName\":\"search_term_string\"}}],\"inLanguage\":\"pt-BR\"},{\"@type\":\"Organization\",\"@id\":\"https:\/\/sudoesteacontece.com.br\/#organization\",\"name\":\"Sudoesteacontece\",\"url\":\"https:\/\/sudoesteacontece.com.br\/\",\"logo\":{\"@type\":\"ImageObject\",\"inLanguage\":\"pt-BR\",\"@id\":\"https:\/\/sudoesteacontece.com.br\/#\/schema\/logo\/image\/\",\"url\":\"https:\/\/sudoesteacontece.com.br\/wp-content\/uploads\/2025\/12\/cropped-logo-2-180x180-1.png\",\"contentUrl\":\"https:\/\/sudoesteacontece.com.br\/wp-content\/uploads\/2025\/12\/cropped-logo-2-180x180-1.png\",\"width\":180,\"height\":180,\"caption\":\"Sudoesteacontece\"},\"image\":{\"@id\":\"https:\/\/sudoesteacontece.com.br\/#\/schema\/logo\/image\/\"},\"sameAs\":[\"https:\/\/www.facebook.com\/sudoesteacontece\/?locale=pt_BR\"]},{\"@type\":\"Person\",\"@id\":\"https:\/\/sudoesteacontece.com.br\/#\/schema\/person\/3cf2cf009926a9683ebc29d5379fa79c\",\"name\":\"Washington Tiago\",\"image\":{\"@type\":\"ImageObject\",\"inLanguage\":\"pt-BR\",\"@id\":\"https:\/\/sudoesteacontece.com.br\/#\/schema\/person\/image\/\",\"url\":\"https:\/\/secure.gravatar.com\/avatar\/33c43b8668157e040f9d1fe93c354bf087cbd8ba36270c1163198bd3ddcf2a56?s=96&d=mm&r=g\",\"contentUrl\":\"https:\/\/secure.gravatar.com\/avatar\/33c43b8668157e040f9d1fe93c354bf087cbd8ba36270c1163198bd3ddcf2a56?s=96&d=mm&r=g\",\"caption\":\"Washington Tiago\"},\"url\":\"https:\/\/sudoesteacontece.com.br\/?author=2\"}]}<\/script>\n<!-- \/ Yoast SEO plugin. -->","yoast_head_json":{"title":"PM e Vara do J\u00fari realizam encontro para alinhar a\u00e7\u00f5es em Vit\u00f3ria da Conquista - Sudoesteacontece","robots":{"index":"index","follow":"follow","max-snippet":"max-snippet:-1","max-image-preview":"max-image-preview:large","max-video-preview":"max-video-preview:-1"},"canonical":"https:\/\/sudoesteacontece.com.br\/?p=15744","og_locale":"pt_BR","og_type":"article","og_title":"PM e Vara do J\u00fari realizam encontro para alinhar a\u00e7\u00f5es em Vit\u00f3ria da Conquista - Sudoesteacontece","og_description":"A Pol\u00edcia Militar da Bahia realizou, na manh\u00e3 de sexta-feira (24), um encontro institucional em Vit\u00f3ria da Conquista. A reuni\u00e3o envolveu policiais da Rondesp Sudoeste e representantes da Vara do J\u00fari. A iniciativa buscou fortalecer a atua\u00e7\u00e3o conjunta entre as institui\u00e7\u00f5es. O objetivo foi melhorar os servi\u00e7os prestados \u00e0 popula\u00e7\u00e3o. Durante o encontro, a ju\u00edza Janine Matos Ferraz participou da agenda com sua equipe. Ela conheceu as instala\u00e7\u00f5es e o funcionamento da Rondesp Sudoeste. A visita permitiu maior compreens\u00e3o sobre as opera\u00e7\u00f5es da unidade policial. A troca de informa\u00e7\u00f5es foi destacada como ponto central da reuni\u00e3o. Al\u00e9m disso, os policiais tamb\u00e9m tiveram acesso a detalhes sobre o trabalho da Vara do J\u00fari. O \u00f3rg\u00e3o \u00e9 respons\u00e1vel por julgar crimes contra a vida. A aproxima\u00e7\u00e3o entre as institui\u00e7\u00f5es facilita o alinhamento de procedimentos. A integra\u00e7\u00e3o contribui para maior efici\u00eancia nas a\u00e7\u00f5es de seguran\u00e7a e justi\u00e7a. A a\u00e7\u00e3o refor\u00e7a a import\u00e2ncia do di\u00e1logo entre for\u00e7as de seguran\u00e7a e o Judici\u00e1rio. A expectativa \u00e9 de que novas iniciativas ocorram. O foco \u00e9 ampliar a coopera\u00e7\u00e3o institucional. O trabalho conjunto busca dar mais agilidade e qualidade ao atendimento \u00e0 sociedade.","og_url":"https:\/\/sudoesteacontece.com.br\/?p=15744","og_site_name":"Sudoesteacontece","article_publisher":"https:\/\/www.facebook.com\/sudoesteacontece\/?locale=pt_BR","article_published_time":"2026-04-27T15:11:49+00:00","article_modified_time":"2026-04-27T15:11:53+00:00","og_image":[{"width":900,"height":600,"url":"https:\/\/sudoesteacontece.com.br\/wp-content\/uploads\/2026\/04\/PM-e-Vara-do-Juri-realizam-encontro-para-alinhar-acoes-em-Vitoria-da-Conquista.jpg","type":"image\/jpeg"}],"author":"Washington Tiago","twitter_card":"summary_large_image","twitter_misc":{"Escrito por":"Washington Tiago","Est. tempo de leitura":"2 minutos"},"schema":{"@context":"https:\/\/schema.org","@graph":[{"@type":"Article","@id":"https:\/\/sudoesteacontece.com.br\/?p=15744#article","isPartOf":{"@id":"https:\/\/sudoesteacontece.com.br\/?p=15744"},"author":{"name":"Washington Tiago","@id":"https:\/\/sudoesteacontece.com.br\/#\/schema\/person\/3cf2cf009926a9683ebc29d5379fa79c"},"headline":"PM e Vara do J\u00fari realizam encontro para alinhar a\u00e7\u00f5es em Vit\u00f3ria da Conquista","datePublished":"2026-04-27T15:11:49+00:00","dateModified":"2026-04-27T15:11:53+00:00","mainEntityOfPage":{"@id":"https:\/\/sudoesteacontece.com.br\/?p=15744"},"wordCount":231,"commentCount":0,"publisher":{"@id":"https:\/\/sudoesteacontece.com.br\/#organization"},"image":{"@id":"https:\/\/sudoesteacontece.com.br\/?p=15744#primaryimage"},"thumbnailUrl":"http:\/\/sudoesteacontece.com.br\/wp-content\/uploads\/2026\/04\/PM-e-Vara-do-Juri-realizam-encontro-para-alinhar-acoes-em-Vitoria-da-Conquista.jpg","articleSection":["Cidades","Justi\u00e7a","Pol\u00edcia","Vit\u00f3ria da Conquista"],"inLanguage":"pt-BR","potentialAction":[{"@type":"CommentAction","name":"Comment","target":["https:\/\/sudoesteacontece.com.br\/?p=15744#respond"]}]},{"@type":"WebPage","@id":"https:\/\/sudoesteacontece.com.br\/?p=15744","url":"https:\/\/sudoesteacontece.com.br\/?p=15744","name":"PM e Vara do J\u00fari realizam encontro para alinhar a\u00e7\u00f5es em Vit\u00f3ria da Conquista - Sudoesteacontece","isPartOf":{"@id":"https:\/\/sudoesteacontece.com.br\/#website"},"primaryImageOfPage":{"@id":"https:\/\/sudoesteacontece.com.br\/?p=15744#primaryimage"},"image":{"@id":"https:\/\/sudoesteacontece.com.br\/?p=15744#primaryimage"},"thumbnailUrl":"http:\/\/sudoesteacontece.com.br\/wp-content\/uploads\/2026\/04\/PM-e-Vara-do-Juri-realizam-encontro-para-alinhar-acoes-em-Vitoria-da-Conquista.jpg","datePublished":"2026-04-27T15:11:49+00:00","dateModified":"2026-04-27T15:11:53+00:00","breadcrumb":{"@id":"https:\/\/sudoesteacontece.com.br\/?p=15744#breadcrumb"},"inLanguage":"pt-BR","potentialAction":[{"@type":"ReadAction","target":["https:\/\/sudoesteacontece.com.br\/?p=15744"]}]},{"@type":"ImageObject","inLanguage":"pt-BR","@id":"https:\/\/sudoesteacontece.com.br\/?p=15744#primaryimage","url":"https:\/\/sudoesteacontece.com.br\/wp-content\/uploads\/2026\/04\/PM-e-Vara-do-Juri-realizam-encontro-para-alinhar-acoes-em-Vitoria-da-Conquista.jpg","contentUrl":"https:\/\/sudoesteacontece.com.br\/wp-content\/uploads\/2026\/04\/PM-e-Vara-do-Juri-realizam-encontro-para-alinhar-acoes-em-Vitoria-da-Conquista.jpg","width":900,"height":600},{"@type":"BreadcrumbList","@id":"https:\/\/sudoesteacontece.com.br\/?p=15744#breadcrumb","itemListElement":[{"@type":"ListItem","position":1,"name":"In\u00edcio","item":"https:\/\/sudoesteacontece.com.br\/"},{"@type":"ListItem","position":2,"name":"PM e Vara do J\u00fari realizam encontro para alinhar a\u00e7\u00f5es em Vit\u00f3ria da Conquista"}]},{"@type":"WebSite","@id":"https:\/\/sudoesteacontece.com.br\/#website","url":"https:\/\/sudoesteacontece.com.br\/","name":"Sudoesteacontece","description":"","publisher":{"@id":"https:\/\/sudoesteacontece.com.br\/#organization"},"potentialAction":[{"@type":"SearchAction","target":{"@type":"EntryPoint","urlTemplate":"https:\/\/sudoesteacontece.com.br\/?s={search_term_string}"},"query-input":{"@type":"PropertyValueSpecification","valueRequired":true,"valueName":"search_term_string"}}],"inLanguage":"pt-BR"},{"@type":"Organization","@id":"https:\/\/sudoesteacontece.com.br\/#organization","name":"Sudoesteacontece","url":"https:\/\/sudoesteacontece.com.br\/","logo":{"@type":"ImageObject","inLanguage":"pt-BR","@id":"https:\/\/sudoesteacontece.com.br\/#\/schema\/logo\/image\/","url":"https:\/\/sudoesteacontece.com.br\/wp-content\/uploads\/2025\/12\/cropped-logo-2-180x180-1.png","contentUrl":"https:\/\/sudoesteacontece.com.br\/wp-content\/uploads\/2025\/12\/cropped-logo-2-180x180-1.png","width":180,"height":180,"caption":"Sudoesteacontece"},"image":{"@id":"https:\/\/sudoesteacontece.com.br\/#\/schema\/logo\/image\/"},"sameAs":["https:\/\/www.facebook.com\/sudoesteacontece\/?locale=pt_BR"]},{"@type":"Person","@id":"https:\/\/sudoesteacontece.com.br\/#\/schema\/person\/3cf2cf009926a9683ebc29d5379fa79c","name":"Washington Tiago","image":{"@type":"ImageObject","inLanguage":"pt-BR","@id":"https:\/\/sudoesteacontece.com.br\/#\/schema\/person\/image\/","url":"https:\/\/secure.gravatar.com\/avatar\/33c43b8668157e040f9d1fe93c354bf087cbd8ba36270c1163198bd3ddcf2a56?s=96&d=mm&r=g","contentUrl":"https:\/\/secure.gravatar.com\/avatar\/33c43b8668157e040f9d1fe93c354bf087cbd8ba36270c1163198bd3ddcf2a56?s=96&d=mm&r=g","caption":"Washington Tiago"},"url":"https:\/\/sudoesteacontece.com.br\/?author=2"}]}},"_links":{"self":[{"href":"https:\/\/sudoesteacontece.com.br\/index.php?rest_route=\/wp\/v2\/posts\/15744","targetHints":{"allow":["GET"]}}],"collection":[{"href":"https:\/\/sudoesteacontece.com.br\/index.php?rest_route=\/wp\/v2\/posts"}],"about":[{"href":"https:\/\/sudoesteacontece.com.br\/index.php?rest_route=\/wp\/v2\/types\/post"}],"author":[{"embeddable":true,"href":"https:\/\/sudoesteacontece.com.br\/index.php?rest_route=\/wp\/v2\/users\/2"}],"replies":[{"embeddable":true,"href":"https:\/\/sudoesteacontece.com.br\/index.php?rest_route=%2Fwp%2Fv2%2Fcomments&post=15744"}],"version-history":[{"count":1,"href":"https:\/\/sudoesteacontece.com.br\/index.php?rest_route=\/wp\/v2\/posts\/15744\/revisions"}],"predecessor-version":[{"id":15803,"href":"https:\/\/sudoesteacontece.com.br\/index.php?rest_route=\/wp\/v2\/posts\/15744\/revisions\/15803"}],"wp:attachment":[{"href":"https:\/\/sudoesteacontece.com.br\/index.php?rest_route=%2Fwp%2Fv2%2Fmedia&parent=15744"}],"wp:term":[{"taxonomy":"category","embeddable":true,"href":"https:\/\/sudoesteacontece.com.br\/index.php?rest_route=%2Fwp%2Fv2%2Fcategories&post=15744"},{"taxonomy":"post_tag","embeddable":true,"href":"https:\/\/sudoesteacontece.com.br\/index.php?rest_route=%2Fwp%2Fv2%2Ftags&post=15744"}],"curies":[{"name":"wp","href":"https:\/\/api.w.org\/{rel}","templated":true}]}}