{"id":15750,"date":"2026-04-27T12:15:41","date_gmt":"2026-04-27T15:15:41","guid":{"rendered":"https:\/\/sudoesteacontece.com.br\/?p=15750"},"modified":"2026-04-27T12:15:46","modified_gmt":"2026-04-27T15:15:46","slug":"aliados-de-flavio-bolsonaro-questionam-influencia-de-amigo-na-pre-campanha","status":"publish","type":"post","link":"https:\/\/sudoesteacontece.com.br\/?p=15750","title":{"rendered":"Aliados de Fl\u00e1vio Bolsonaro questionam influ\u00eancia de amigo na pr\u00e9-campanha"},"content":{"rendered":"<div class=\"wp-block-image\">\n<figure class=\"aligncenter size-full\"><img fetchpriority=\"high\" decoding=\"async\" width=\"900\" height=\"600\" src=\"http:\/\/sudoesteacontece.com.br\/wp-content\/uploads\/2026\/04\/Pesquisa-aponta-Flavio-Bolsonaro-a-frente-de-Lula-em-eventual-segundo-turno.jpg\" alt=\"\" class=\"wp-image-14442\" srcset=\"https:\/\/sudoesteacontece.com.br\/wp-content\/uploads\/2026\/04\/Pesquisa-aponta-Flavio-Bolsonaro-a-frente-de-Lula-em-eventual-segundo-turno.jpg 900w, https:\/\/sudoesteacontece.com.br\/wp-content\/uploads\/2026\/04\/Pesquisa-aponta-Flavio-Bolsonaro-a-frente-de-Lula-em-eventual-segundo-turno-300x200.jpg 300w, https:\/\/sudoesteacontece.com.br\/wp-content\/uploads\/2026\/04\/Pesquisa-aponta-Flavio-Bolsonaro-a-frente-de-Lula-em-eventual-segundo-turno-768x512.jpg 768w\" sizes=\"(max-width: 900px) 100vw, 900px\" \/><\/figure>\n<\/div>\n\n\n<p>Aliados do senador Fl\u00e1vio Bolsonaro t\u00eam manifestado preocupa\u00e7\u00e3o com a atua\u00e7\u00e3o de um colaborador pr\u00f3ximo na pr\u00e9-campanha. As cr\u00edticas ocorrem nos bastidores e envolvem o papel de Marcello Lopes. Interlocutores do partido avaliam que a participa\u00e7\u00e3o dele pode gerar desgaste pol\u00edtico. O tema ganhou espa\u00e7o entre integrantes da sigla.<\/p>\n\n\n\n<p>Segundo aliados, Marcello Lopes tem influ\u00eancia direta nas decis\u00f5es da equipe. Ele \u00e9 apontado como uma das pessoas mais ouvidas pelo senador. Nos \u00faltimos meses, teria ampliado sua atua\u00e7\u00e3o estrat\u00e9gica. Integrantes do Partido Liberal afirmam que ele exerce fun\u00e7\u00e3o semelhante \u00e0 de coordenador informal. A presen\u00e7a crescente tem gerado inc\u00f4modo interno.<\/p>\n\n\n\n<p>O principal ponto levantado \u00e9 o hist\u00f3rico profissional de Lopes. Ele trabalhou no governo de Agnelo Queiroz, do PT, no Distrito Federal. Tamb\u00e9m foi investigado pela Pol\u00edcia Federal em um caso envolvendo intercepta\u00e7\u00e3o ilegal de e-mails. Al\u00e9m disso, sua ag\u00eancia mant\u00e9m contrato com o Banco de Bras\u00edlia, citado em investiga\u00e7\u00f5es relacionadas a fraudes.<\/p>\n\n\n\n<p>Diante das cr\u00edticas, Lopes afirmou que atua apenas como colaborador. Ele disse que contribui com an\u00e1lises e sugest\u00f5es estrat\u00e9gicas. O empres\u00e1rio admitiu a possibilidade de ampliar a participa\u00e7\u00e3o. Caso isso ocorra, afirmou que pretende se afastar da dire\u00e7\u00e3o da empresa. Ele tamb\u00e9m demonstrou surpresa com as cr\u00edticas feitas por integrantes do partido.<\/p>\n","protected":false},"excerpt":{"rendered":"<p>Aliados do senador Fl\u00e1vio Bolsonaro t\u00eam manifestado preocupa\u00e7\u00e3o com a atua\u00e7\u00e3o de um colaborador pr\u00f3ximo na pr\u00e9-campanha. As cr\u00edticas ocorrem nos bastidores e envolvem o papel de Marcello Lopes. Interlocutores do partido avaliam que a participa\u00e7\u00e3o dele pode gerar desgaste pol\u00edtico. O tema ganhou espa\u00e7o entre integrantes da sigla. Segundo aliados, Marcello Lopes tem influ\u00eancia direta nas decis\u00f5es da equipe. Ele \u00e9 apontado como uma das pessoas mais ouvidas pelo senador. Nos \u00faltimos meses, teria ampliado sua atua\u00e7\u00e3o estrat\u00e9gica. Integrantes do Partido Liberal afirmam que ele exerce fun\u00e7\u00e3o semelhante \u00e0 de coordenador informal. A presen\u00e7a crescente tem gerado inc\u00f4modo interno. O principal ponto levantado \u00e9 o hist\u00f3rico profissional de Lopes. Ele trabalhou no governo de Agnelo Queiroz, do PT, no Distrito Federal. Tamb\u00e9m foi investigado pela Pol\u00edcia Federal em um caso envolvendo intercepta\u00e7\u00e3o ilegal de e-mails. Al\u00e9m disso, sua ag\u00eancia mant\u00e9m contrato com o Banco de Bras\u00edlia, citado em investiga\u00e7\u00f5es relacionadas a fraudes. Diante das cr\u00edticas, Lopes afirmou que atua apenas como colaborador. Ele disse que contribui com an\u00e1lises e sugest\u00f5es estrat\u00e9gicas. O empres\u00e1rio admitiu a possibilidade de ampliar a participa\u00e7\u00e3o. Caso isso ocorra, afirmou que pretende se afastar da dire\u00e7\u00e3o da empresa. Ele tamb\u00e9m demonstrou surpresa com as cr\u00edticas feitas por integrantes do partido.<\/p>\n","protected":false},"author":2,"featured_media":0,"comment_status":"open","ping_status":"open","sticky":false,"template":"","format":"standard","meta":{"footnotes":""},"categories":[53,58,6],"tags":[],"class_list":["post-15750","post","type-post","status-publish","format-standard","hentry","category-brasil","category-eleicoes-2026","category-politica"],"yoast_head":"<!-- This site is optimized with the Yoast SEO plugin v26.5 - https:\/\/yoast.com\/wordpress\/plugins\/seo\/ -->\n<title>Aliados de Fl\u00e1vio Bolsonaro questionam influ\u00eancia de amigo na pr\u00e9-campanha - Sudoesteacontece<\/title>\n<meta name=\"robots\" content=\"index, follow, max-snippet:-1, max-image-preview:large, max-video-preview:-1\" \/>\n<link rel=\"canonical\" href=\"https:\/\/sudoesteacontece.com.br\/?p=15750\" \/>\n<meta property=\"og:locale\" content=\"pt_BR\" \/>\n<meta property=\"og:type\" content=\"article\" \/>\n<meta property=\"og:title\" content=\"Aliados de Fl\u00e1vio Bolsonaro questionam influ\u00eancia de amigo na pr\u00e9-campanha - Sudoesteacontece\" \/>\n<meta property=\"og:description\" content=\"Aliados do senador Fl\u00e1vio Bolsonaro t\u00eam manifestado preocupa\u00e7\u00e3o com a atua\u00e7\u00e3o de um colaborador pr\u00f3ximo na pr\u00e9-campanha. As cr\u00edticas ocorrem nos bastidores e envolvem o papel de Marcello Lopes. Interlocutores do partido avaliam que a participa\u00e7\u00e3o dele pode gerar desgaste pol\u00edtico. O tema ganhou espa\u00e7o entre integrantes da sigla. Segundo aliados, Marcello Lopes tem influ\u00eancia direta nas decis\u00f5es da equipe. Ele \u00e9 apontado como uma das pessoas mais ouvidas pelo senador. Nos \u00faltimos meses, teria ampliado sua atua\u00e7\u00e3o estrat\u00e9gica. Integrantes do Partido Liberal afirmam que ele exerce fun\u00e7\u00e3o semelhante \u00e0 de coordenador informal. A presen\u00e7a crescente tem gerado inc\u00f4modo interno. O principal ponto levantado \u00e9 o hist\u00f3rico profissional de Lopes. Ele trabalhou no governo de Agnelo Queiroz, do PT, no Distrito Federal. Tamb\u00e9m foi investigado pela Pol\u00edcia Federal em um caso envolvendo intercepta\u00e7\u00e3o ilegal de e-mails. Al\u00e9m disso, sua ag\u00eancia mant\u00e9m contrato com o Banco de Bras\u00edlia, citado em investiga\u00e7\u00f5es relacionadas a fraudes. Diante das cr\u00edticas, Lopes afirmou que atua apenas como colaborador. Ele disse que contribui com an\u00e1lises e sugest\u00f5es estrat\u00e9gicas. O empres\u00e1rio admitiu a possibilidade de ampliar a participa\u00e7\u00e3o. Caso isso ocorra, afirmou que pretende se afastar da dire\u00e7\u00e3o da empresa. Ele tamb\u00e9m demonstrou surpresa com as cr\u00edticas feitas por integrantes do partido.\" \/>\n<meta property=\"og:url\" content=\"https:\/\/sudoesteacontece.com.br\/?p=15750\" \/>\n<meta property=\"og:site_name\" content=\"Sudoesteacontece\" \/>\n<meta property=\"article:publisher\" content=\"https:\/\/www.facebook.com\/sudoesteacontece\/?locale=pt_BR\" \/>\n<meta property=\"article:published_time\" content=\"2026-04-27T15:15:41+00:00\" \/>\n<meta property=\"article:modified_time\" content=\"2026-04-27T15:15:46+00:00\" \/>\n<meta property=\"og:image\" content=\"https:\/\/sudoesteacontece.com.br\/wp-content\/uploads\/2026\/04\/Pesquisa-aponta-Flavio-Bolsonaro-a-frente-de-Lula-em-eventual-segundo-turno.jpg\" \/>\n\t<meta property=\"og:image:width\" content=\"900\" \/>\n\t<meta property=\"og:image:height\" content=\"600\" \/>\n\t<meta property=\"og:image:type\" content=\"image\/jpeg\" \/>\n<meta name=\"author\" content=\"Washington Tiago\" \/>\n<meta name=\"twitter:card\" content=\"summary_large_image\" \/>\n<meta name=\"twitter:label1\" content=\"Escrito por\" \/>\n\t<meta name=\"twitter:data1\" content=\"Washington Tiago\" \/>\n\t<meta name=\"twitter:label2\" content=\"Est. tempo de leitura\" \/>\n\t<meta name=\"twitter:data2\" content=\"2 minutos\" \/>\n<script type=\"application\/ld+json\" class=\"yoast-schema-graph\">{\"@context\":\"https:\/\/schema.org\",\"@graph\":[{\"@type\":\"Article\",\"@id\":\"https:\/\/sudoesteacontece.com.br\/?p=15750#article\",\"isPartOf\":{\"@id\":\"https:\/\/sudoesteacontece.com.br\/?p=15750\"},\"author\":{\"name\":\"Washington Tiago\",\"@id\":\"https:\/\/sudoesteacontece.com.br\/#\/schema\/person\/3cf2cf009926a9683ebc29d5379fa79c\"},\"headline\":\"Aliados de Fl\u00e1vio Bolsonaro questionam influ\u00eancia de amigo na pr\u00e9-campanha\",\"datePublished\":\"2026-04-27T15:15:41+00:00\",\"dateModified\":\"2026-04-27T15:15:46+00:00\",\"mainEntityOfPage\":{\"@id\":\"https:\/\/sudoesteacontece.com.br\/?p=15750\"},\"wordCount\":250,\"commentCount\":0,\"publisher\":{\"@id\":\"https:\/\/sudoesteacontece.com.br\/#organization\"},\"image\":{\"@id\":\"https:\/\/sudoesteacontece.com.br\/?p=15750#primaryimage\"},\"thumbnailUrl\":\"http:\/\/sudoesteacontece.com.br\/wp-content\/uploads\/2026\/04\/Pesquisa-aponta-Flavio-Bolsonaro-a-frente-de-Lula-em-eventual-segundo-turno.jpg\",\"articleSection\":[\"Brasil\",\"Elei\u00e7\u00f5es 2026\",\"Pol\u00edtica\"],\"inLanguage\":\"pt-BR\",\"potentialAction\":[{\"@type\":\"CommentAction\",\"name\":\"Comment\",\"target\":[\"https:\/\/sudoesteacontece.com.br\/?p=15750#respond\"]}]},{\"@type\":\"WebPage\",\"@id\":\"https:\/\/sudoesteacontece.com.br\/?p=15750\",\"url\":\"https:\/\/sudoesteacontece.com.br\/?p=15750\",\"name\":\"Aliados de Fl\u00e1vio Bolsonaro questionam influ\u00eancia de amigo na pr\u00e9-campanha - Sudoesteacontece\",\"isPartOf\":{\"@id\":\"https:\/\/sudoesteacontece.com.br\/#website\"},\"primaryImageOfPage\":{\"@id\":\"https:\/\/sudoesteacontece.com.br\/?p=15750#primaryimage\"},\"image\":{\"@id\":\"https:\/\/sudoesteacontece.com.br\/?p=15750#primaryimage\"},\"thumbnailUrl\":\"http:\/\/sudoesteacontece.com.br\/wp-content\/uploads\/2026\/04\/Pesquisa-aponta-Flavio-Bolsonaro-a-frente-de-Lula-em-eventual-segundo-turno.jpg\",\"datePublished\":\"2026-04-27T15:15:41+00:00\",\"dateModified\":\"2026-04-27T15:15:46+00:00\",\"breadcrumb\":{\"@id\":\"https:\/\/sudoesteacontece.com.br\/?p=15750#breadcrumb\"},\"inLanguage\":\"pt-BR\",\"potentialAction\":[{\"@type\":\"ReadAction\",\"target\":[\"https:\/\/sudoesteacontece.com.br\/?p=15750\"]}]},{\"@type\":\"ImageObject\",\"inLanguage\":\"pt-BR\",\"@id\":\"https:\/\/sudoesteacontece.com.br\/?p=15750#primaryimage\",\"url\":\"https:\/\/sudoesteacontece.com.br\/wp-content\/uploads\/2026\/04\/Pesquisa-aponta-Flavio-Bolsonaro-a-frente-de-Lula-em-eventual-segundo-turno.jpg\",\"contentUrl\":\"https:\/\/sudoesteacontece.com.br\/wp-content\/uploads\/2026\/04\/Pesquisa-aponta-Flavio-Bolsonaro-a-frente-de-Lula-em-eventual-segundo-turno.jpg\",\"width\":900,\"height\":600},{\"@type\":\"BreadcrumbList\",\"@id\":\"https:\/\/sudoesteacontece.com.br\/?p=15750#breadcrumb\",\"itemListElement\":[{\"@type\":\"ListItem\",\"position\":1,\"name\":\"In\u00edcio\",\"item\":\"https:\/\/sudoesteacontece.com.br\/\"},{\"@type\":\"ListItem\",\"position\":2,\"name\":\"Aliados de Fl\u00e1vio Bolsonaro questionam influ\u00eancia de amigo na pr\u00e9-campanha\"}]},{\"@type\":\"WebSite\",\"@id\":\"https:\/\/sudoesteacontece.com.br\/#website\",\"url\":\"https:\/\/sudoesteacontece.com.br\/\",\"name\":\"Sudoesteacontece\",\"description\":\"\",\"publisher\":{\"@id\":\"https:\/\/sudoesteacontece.com.br\/#organization\"},\"potentialAction\":[{\"@type\":\"SearchAction\",\"target\":{\"@type\":\"EntryPoint\",\"urlTemplate\":\"https:\/\/sudoesteacontece.com.br\/?s={search_term_string}\"},\"query-input\":{\"@type\":\"PropertyValueSpecification\",\"valueRequired\":true,\"valueName\":\"search_term_string\"}}],\"inLanguage\":\"pt-BR\"},{\"@type\":\"Organization\",\"@id\":\"https:\/\/sudoesteacontece.com.br\/#organization\",\"name\":\"Sudoesteacontece\",\"url\":\"https:\/\/sudoesteacontece.com.br\/\",\"logo\":{\"@type\":\"ImageObject\",\"inLanguage\":\"pt-BR\",\"@id\":\"https:\/\/sudoesteacontece.com.br\/#\/schema\/logo\/image\/\",\"url\":\"https:\/\/sudoesteacontece.com.br\/wp-content\/uploads\/2025\/12\/cropped-logo-2-180x180-1.png\",\"contentUrl\":\"https:\/\/sudoesteacontece.com.br\/wp-content\/uploads\/2025\/12\/cropped-logo-2-180x180-1.png\",\"width\":180,\"height\":180,\"caption\":\"Sudoesteacontece\"},\"image\":{\"@id\":\"https:\/\/sudoesteacontece.com.br\/#\/schema\/logo\/image\/\"},\"sameAs\":[\"https:\/\/www.facebook.com\/sudoesteacontece\/?locale=pt_BR\"]},{\"@type\":\"Person\",\"@id\":\"https:\/\/sudoesteacontece.com.br\/#\/schema\/person\/3cf2cf009926a9683ebc29d5379fa79c\",\"name\":\"Washington Tiago\",\"image\":{\"@type\":\"ImageObject\",\"inLanguage\":\"pt-BR\",\"@id\":\"https:\/\/sudoesteacontece.com.br\/#\/schema\/person\/image\/\",\"url\":\"https:\/\/secure.gravatar.com\/avatar\/33c43b8668157e040f9d1fe93c354bf087cbd8ba36270c1163198bd3ddcf2a56?s=96&d=mm&r=g\",\"contentUrl\":\"https:\/\/secure.gravatar.com\/avatar\/33c43b8668157e040f9d1fe93c354bf087cbd8ba36270c1163198bd3ddcf2a56?s=96&d=mm&r=g\",\"caption\":\"Washington Tiago\"},\"url\":\"https:\/\/sudoesteacontece.com.br\/?author=2\"}]}<\/script>\n<!-- \/ Yoast SEO plugin. -->","yoast_head_json":{"title":"Aliados de Fl\u00e1vio Bolsonaro questionam influ\u00eancia de amigo na pr\u00e9-campanha - Sudoesteacontece","robots":{"index":"index","follow":"follow","max-snippet":"max-snippet:-1","max-image-preview":"max-image-preview:large","max-video-preview":"max-video-preview:-1"},"canonical":"https:\/\/sudoesteacontece.com.br\/?p=15750","og_locale":"pt_BR","og_type":"article","og_title":"Aliados de Fl\u00e1vio Bolsonaro questionam influ\u00eancia de amigo na pr\u00e9-campanha - Sudoesteacontece","og_description":"Aliados do senador Fl\u00e1vio Bolsonaro t\u00eam manifestado preocupa\u00e7\u00e3o com a atua\u00e7\u00e3o de um colaborador pr\u00f3ximo na pr\u00e9-campanha. As cr\u00edticas ocorrem nos bastidores e envolvem o papel de Marcello Lopes. Interlocutores do partido avaliam que a participa\u00e7\u00e3o dele pode gerar desgaste pol\u00edtico. O tema ganhou espa\u00e7o entre integrantes da sigla. Segundo aliados, Marcello Lopes tem influ\u00eancia direta nas decis\u00f5es da equipe. Ele \u00e9 apontado como uma das pessoas mais ouvidas pelo senador. Nos \u00faltimos meses, teria ampliado sua atua\u00e7\u00e3o estrat\u00e9gica. Integrantes do Partido Liberal afirmam que ele exerce fun\u00e7\u00e3o semelhante \u00e0 de coordenador informal. A presen\u00e7a crescente tem gerado inc\u00f4modo interno. O principal ponto levantado \u00e9 o hist\u00f3rico profissional de Lopes. Ele trabalhou no governo de Agnelo Queiroz, do PT, no Distrito Federal. Tamb\u00e9m foi investigado pela Pol\u00edcia Federal em um caso envolvendo intercepta\u00e7\u00e3o ilegal de e-mails. Al\u00e9m disso, sua ag\u00eancia mant\u00e9m contrato com o Banco de Bras\u00edlia, citado em investiga\u00e7\u00f5es relacionadas a fraudes. Diante das cr\u00edticas, Lopes afirmou que atua apenas como colaborador. Ele disse que contribui com an\u00e1lises e sugest\u00f5es estrat\u00e9gicas. O empres\u00e1rio admitiu a possibilidade de ampliar a participa\u00e7\u00e3o. Caso isso ocorra, afirmou que pretende se afastar da dire\u00e7\u00e3o da empresa. Ele tamb\u00e9m demonstrou surpresa com as cr\u00edticas feitas por integrantes do partido.","og_url":"https:\/\/sudoesteacontece.com.br\/?p=15750","og_site_name":"Sudoesteacontece","article_publisher":"https:\/\/www.facebook.com\/sudoesteacontece\/?locale=pt_BR","article_published_time":"2026-04-27T15:15:41+00:00","article_modified_time":"2026-04-27T15:15:46+00:00","og_image":[{"width":900,"height":600,"url":"https:\/\/sudoesteacontece.com.br\/wp-content\/uploads\/2026\/04\/Pesquisa-aponta-Flavio-Bolsonaro-a-frente-de-Lula-em-eventual-segundo-turno.jpg","type":"image\/jpeg"}],"author":"Washington Tiago","twitter_card":"summary_large_image","twitter_misc":{"Escrito por":"Washington Tiago","Est. tempo de leitura":"2 minutos"},"schema":{"@context":"https:\/\/schema.org","@graph":[{"@type":"Article","@id":"https:\/\/sudoesteacontece.com.br\/?p=15750#article","isPartOf":{"@id":"https:\/\/sudoesteacontece.com.br\/?p=15750"},"author":{"name":"Washington Tiago","@id":"https:\/\/sudoesteacontece.com.br\/#\/schema\/person\/3cf2cf009926a9683ebc29d5379fa79c"},"headline":"Aliados de Fl\u00e1vio Bolsonaro questionam influ\u00eancia de amigo na pr\u00e9-campanha","datePublished":"2026-04-27T15:15:41+00:00","dateModified":"2026-04-27T15:15:46+00:00","mainEntityOfPage":{"@id":"https:\/\/sudoesteacontece.com.br\/?p=15750"},"wordCount":250,"commentCount":0,"publisher":{"@id":"https:\/\/sudoesteacontece.com.br\/#organization"},"image":{"@id":"https:\/\/sudoesteacontece.com.br\/?p=15750#primaryimage"},"thumbnailUrl":"http:\/\/sudoesteacontece.com.br\/wp-content\/uploads\/2026\/04\/Pesquisa-aponta-Flavio-Bolsonaro-a-frente-de-Lula-em-eventual-segundo-turno.jpg","articleSection":["Brasil","Elei\u00e7\u00f5es 2026","Pol\u00edtica"],"inLanguage":"pt-BR","potentialAction":[{"@type":"CommentAction","name":"Comment","target":["https:\/\/sudoesteacontece.com.br\/?p=15750#respond"]}]},{"@type":"WebPage","@id":"https:\/\/sudoesteacontece.com.br\/?p=15750","url":"https:\/\/sudoesteacontece.com.br\/?p=15750","name":"Aliados de Fl\u00e1vio Bolsonaro questionam influ\u00eancia de amigo na pr\u00e9-campanha - Sudoesteacontece","isPartOf":{"@id":"https:\/\/sudoesteacontece.com.br\/#website"},"primaryImageOfPage":{"@id":"https:\/\/sudoesteacontece.com.br\/?p=15750#primaryimage"},"image":{"@id":"https:\/\/sudoesteacontece.com.br\/?p=15750#primaryimage"},"thumbnailUrl":"http:\/\/sudoesteacontece.com.br\/wp-content\/uploads\/2026\/04\/Pesquisa-aponta-Flavio-Bolsonaro-a-frente-de-Lula-em-eventual-segundo-turno.jpg","datePublished":"2026-04-27T15:15:41+00:00","dateModified":"2026-04-27T15:15:46+00:00","breadcrumb":{"@id":"https:\/\/sudoesteacontece.com.br\/?p=15750#breadcrumb"},"inLanguage":"pt-BR","potentialAction":[{"@type":"ReadAction","target":["https:\/\/sudoesteacontece.com.br\/?p=15750"]}]},{"@type":"ImageObject","inLanguage":"pt-BR","@id":"https:\/\/sudoesteacontece.com.br\/?p=15750#primaryimage","url":"https:\/\/sudoesteacontece.com.br\/wp-content\/uploads\/2026\/04\/Pesquisa-aponta-Flavio-Bolsonaro-a-frente-de-Lula-em-eventual-segundo-turno.jpg","contentUrl":"https:\/\/sudoesteacontece.com.br\/wp-content\/uploads\/2026\/04\/Pesquisa-aponta-Flavio-Bolsonaro-a-frente-de-Lula-em-eventual-segundo-turno.jpg","width":900,"height":600},{"@type":"BreadcrumbList","@id":"https:\/\/sudoesteacontece.com.br\/?p=15750#breadcrumb","itemListElement":[{"@type":"ListItem","position":1,"name":"In\u00edcio","item":"https:\/\/sudoesteacontece.com.br\/"},{"@type":"ListItem","position":2,"name":"Aliados de Fl\u00e1vio Bolsonaro questionam influ\u00eancia de amigo na pr\u00e9-campanha"}]},{"@type":"WebSite","@id":"https:\/\/sudoesteacontece.com.br\/#website","url":"https:\/\/sudoesteacontece.com.br\/","name":"Sudoesteacontece","description":"","publisher":{"@id":"https:\/\/sudoesteacontece.com.br\/#organization"},"potentialAction":[{"@type":"SearchAction","target":{"@type":"EntryPoint","urlTemplate":"https:\/\/sudoesteacontece.com.br\/?s={search_term_string}"},"query-input":{"@type":"PropertyValueSpecification","valueRequired":true,"valueName":"search_term_string"}}],"inLanguage":"pt-BR"},{"@type":"Organization","@id":"https:\/\/sudoesteacontece.com.br\/#organization","name":"Sudoesteacontece","url":"https:\/\/sudoesteacontece.com.br\/","logo":{"@type":"ImageObject","inLanguage":"pt-BR","@id":"https:\/\/sudoesteacontece.com.br\/#\/schema\/logo\/image\/","url":"https:\/\/sudoesteacontece.com.br\/wp-content\/uploads\/2025\/12\/cropped-logo-2-180x180-1.png","contentUrl":"https:\/\/sudoesteacontece.com.br\/wp-content\/uploads\/2025\/12\/cropped-logo-2-180x180-1.png","width":180,"height":180,"caption":"Sudoesteacontece"},"image":{"@id":"https:\/\/sudoesteacontece.com.br\/#\/schema\/logo\/image\/"},"sameAs":["https:\/\/www.facebook.com\/sudoesteacontece\/?locale=pt_BR"]},{"@type":"Person","@id":"https:\/\/sudoesteacontece.com.br\/#\/schema\/person\/3cf2cf009926a9683ebc29d5379fa79c","name":"Washington Tiago","image":{"@type":"ImageObject","inLanguage":"pt-BR","@id":"https:\/\/sudoesteacontece.com.br\/#\/schema\/person\/image\/","url":"https:\/\/secure.gravatar.com\/avatar\/33c43b8668157e040f9d1fe93c354bf087cbd8ba36270c1163198bd3ddcf2a56?s=96&d=mm&r=g","contentUrl":"https:\/\/secure.gravatar.com\/avatar\/33c43b8668157e040f9d1fe93c354bf087cbd8ba36270c1163198bd3ddcf2a56?s=96&d=mm&r=g","caption":"Washington Tiago"},"url":"https:\/\/sudoesteacontece.com.br\/?author=2"}]}},"_links":{"self":[{"href":"https:\/\/sudoesteacontece.com.br\/index.php?rest_route=\/wp\/v2\/posts\/15750","targetHints":{"allow":["GET"]}}],"collection":[{"href":"https:\/\/sudoesteacontece.com.br\/index.php?rest_route=\/wp\/v2\/posts"}],"about":[{"href":"https:\/\/sudoesteacontece.com.br\/index.php?rest_route=\/wp\/v2\/types\/post"}],"author":[{"embeddable":true,"href":"https:\/\/sudoesteacontece.com.br\/index.php?rest_route=\/wp\/v2\/users\/2"}],"replies":[{"embeddable":true,"href":"https:\/\/sudoesteacontece.com.br\/index.php?rest_route=%2Fwp%2Fv2%2Fcomments&post=15750"}],"version-history":[{"count":1,"href":"https:\/\/sudoesteacontece.com.br\/index.php?rest_route=\/wp\/v2\/posts\/15750\/revisions"}],"predecessor-version":[{"id":15807,"href":"https:\/\/sudoesteacontece.com.br\/index.php?rest_route=\/wp\/v2\/posts\/15750\/revisions\/15807"}],"wp:attachment":[{"href":"https:\/\/sudoesteacontece.com.br\/index.php?rest_route=%2Fwp%2Fv2%2Fmedia&parent=15750"}],"wp:term":[{"taxonomy":"category","embeddable":true,"href":"https:\/\/sudoesteacontece.com.br\/index.php?rest_route=%2Fwp%2Fv2%2Fcategories&post=15750"},{"taxonomy":"post_tag","embeddable":true,"href":"https:\/\/sudoesteacontece.com.br\/index.php?rest_route=%2Fwp%2Fv2%2Ftags&post=15750"}],"curies":[{"name":"wp","href":"https:\/\/api.w.org\/{rel}","templated":true}]}}